{"id":70709,"date":"2024-12-12T06:44:01","date_gmt":"2024-12-12T09:44:01","guid":{"rendered":"https:\/\/swimchannel.net\/br\/?p=70709"},"modified":"2024-12-12T06:47:03","modified_gmt":"2024-12-12T09:47:03","slug":"guilherme-caribe-se-classifica-para-sua-primeira-final-de-campeonato-mundial","status":"publish","type":"post","link":"https:\/\/swimchannel.net\/br\/guilherme-caribe-se-classifica-para-sua-primeira-final-de-campeonato-mundial\/","title":{"rendered":"Guilherme Carib\u00e9 se classifica para sua primeira final de Campeonato Mundial"},"content":{"rendered":"<p>Guilherme Carib\u00e9 est\u00e1 em Budapeste disputando seu segundo Campeonato Mundial da carreira. A estreia foi no Mundial de Fukuoka, no Jap\u00e3o, em 2023, onde foi 12o colocado nos 100m livre e foi desclassificado nas eliminat\u00f3rias dos 50m livre.<\/p>\n<p>&nbsp;<\/p>\n<p>Este \u00e9 seu primeiro Mundial em piscina curta, e antes da final desta quinta-feira, ele j\u00e1 est\u00e1 fazendo sua melhor campanha. Ficou em 10o lugar nos 50m borboleta a apenas oito cent\u00e9simos da sua primeira final.<\/p>\n<p>&nbsp;<\/p>\n<p>Agora, nos 100m livre, se classificou para a sua primeira final de Mundial com 45.86. Carib\u00e9 venceu a primeira s\u00e9rie, mas foi batido por cinco nadadores na segunda s\u00e9rie. Na final de amanh\u00e3, seis dos oito finalistas se classificaram com 45 segundos, apenas os dois \u00faltimos na faixa dos 46.<\/p>\n<p>&nbsp;<\/p>\n<p>O tempo de 45.86 \u00e9 o segundo melhor da carreira de Carib\u00e9, s\u00f3 fica atr\u00e1s do seu melhor na vitoria do Trof\u00e9u Jos\u00e9 Finkel de agosto passado, 45.78.<\/p>\n<p>&nbsp;<\/p>\n<p>Na hist\u00f3ria dos 100m livre masculino em piscina curta entre os nadadores brasileiros, apenas Cesar Cielo, quatro vezes, e Guilherme Carib\u00e9, duas, conseguiram fazer a prova abaixo dos 46 segundos. O recorde sul-americano ainda \u00e9 de Cielo com 45.74 na sua vit\u00f3ria do Mundial de Curta de 2010, em Dubai.<\/p>\n<p>&nbsp;<\/p>\n<p>Na final desta quinta-feira pela ordem se classificaram:<\/p>\n<p>Jordan Crooks das Ilhas Caym\u00e3s 45.22<\/p>\n<p>Jack Alexy dos Estados Unidos 45.29<\/p>\n<p>Egor Kornev dos Atletas Neutros da R\u00fassia 45.52<\/p>\n<p>Maxime Grousset da Fran\u00e7a 45.59<\/p>\n<p>Alessandro Miressi da It\u00e1lia 45.69<\/p>\n<p>Guilherme Carib\u00e9 do Brasil 45.86<\/p>\n<p>Chris Giuliano dos Estados Unidos 46.08<\/p>\n<p>Tomas Navikonis da Litu\u00e2nbia 46.09<\/p>\n<p>&nbsp;<\/p>\n<p>Parciais de Carib\u00e9 na prova semifinal:<\/p>\n<p>10.20, 11.57, 12.07,12.02<\/p>\n<p>10.20, 21.77, 33.84, 45.86<\/p>\n<p>&nbsp;<\/p>\n<p>Gostaria de receber as not\u00edcias de nata\u00e7\u00e3o e \u00e1guas abertas no seu email?<\/p>\n<p><a href=\"https:\/\/lpa.nitro.news\/n-GNe\/ultimas-noticias-swim-channel\">Cadastre-se aqui<\/a><\/p>\n","protected":false},"excerpt":{"rendered":"<p>Guilherme Carib\u00e9 est\u00e1 em Budapeste disputando seu segundo Campeonato Mundial da carreira. A estreia foi no Mundial de Fukuoka, no Jap\u00e3o, em 2023, onde foi 12o colocado nos 100m livre e foi desclassificado nas eliminat\u00f3rias dos 50m livre. &nbsp; Este \u00e9 seu primeiro Mundial em piscina curta, e antes da final desta quinta-feira, ele j\u00e1 [&hellip;]<\/p>\n","protected":false},"author":12,"featured_media":70710,"comment_status":"open","ping_status":"open","sticky":false,"template":"","format":"standard","meta":{"footnotes":""},"categories":[137,2576],"tags":[1581,5130,5],"class_list":["post-70709","post","type-post","status-publish","format-standard","has-post-thumbnail","hentry","category-natacao","category-ultimas-noticias","tag-campeonato-mundial-de-piscina-curta","tag-guilherme-caribe","tag-natacao"],"yoast_head":"<!-- This site is optimized with the Yoast SEO plugin v27.0 - https:\/\/yoast.com\/product\/yoast-seo-wordpress\/ -->\n<title>Guilherme Carib\u00e9 se classifica para sua primeira final de Campeonato Mundial - Swimchannel<\/title>\n<meta name=\"robots\" content=\"index, follow, max-snippet:-1, max-image-preview:large, max-video-preview:-1\" \/>\n<link rel=\"canonical\" href=\"https:\/\/swimchannel.net\/br\/guilherme-caribe-se-classifica-para-sua-primeira-final-de-campeonato-mundial\/\" \/>\n<meta property=\"og:locale\" content=\"pt_BR\" \/>\n<meta property=\"og:type\" content=\"article\" \/>\n<meta property=\"og:title\" content=\"Guilherme Carib\u00e9 se classifica para sua primeira final de Campeonato Mundial - Swimchannel\" \/>\n<meta property=\"og:description\" content=\"Guilherme Carib\u00e9 est\u00e1 em Budapeste disputando seu segundo Campeonato Mundial da carreira. A estreia foi no Mundial de Fukuoka, no Jap\u00e3o, em 2023, onde foi 12o colocado nos 100m livre e foi desclassificado nas eliminat\u00f3rias dos 50m livre. &nbsp; Este \u00e9 seu primeiro Mundial em piscina curta, e antes da final desta quinta-feira, ele j\u00e1 [&hellip;]\" \/>\n<meta property=\"og:url\" content=\"https:\/\/swimchannel.net\/br\/guilherme-caribe-se-classifica-para-sua-primeira-final-de-campeonato-mundial\/\" \/>\n<meta property=\"og:site_name\" content=\"Swimchannel\" \/>\n<meta property=\"article:publisher\" content=\"https:\/\/www.facebook.com\/swimchannel\" \/>\n<meta property=\"article:published_time\" content=\"2024-12-12T09:44:01+00:00\" \/>\n<meta property=\"article:modified_time\" content=\"2024-12-12T09:47:03+00:00\" \/>\n<meta property=\"og:image\" content=\"https:\/\/swimchannel.net\/br\/wp-content\/uploads\/2024\/12\/53929770768_7d9aa151f0_c.jpg\" \/>\n\t<meta property=\"og:image:width\" content=\"799\" \/>\n\t<meta property=\"og:image:height\" content=\"533\" \/>\n\t<meta property=\"og:image:type\" content=\"image\/jpeg\" \/>\n<meta name=\"author\" content=\"Alex Pussieldi\" \/>\n<meta name=\"twitter:card\" content=\"summary_large_image\" \/>\n<meta name=\"twitter:label1\" content=\"Escrito por\" \/>\n\t<meta name=\"twitter:data1\" content=\"Alex Pussieldi\" \/>\n\t<meta name=\"twitter:label2\" content=\"Est. tempo de leitura\" \/>\n\t<meta name=\"twitter:data2\" content=\"1 minuto\" \/>\n<script type=\"application\/ld+json\" class=\"yoast-schema-graph\">{\"@context\":\"https:\/\/schema.org\",\"@graph\":[{\"@type\":\"Article\",\"@id\":\"https:\/\/swimchannel.net\/br\/guilherme-caribe-se-classifica-para-sua-primeira-final-de-campeonato-mundial\/#article\",\"isPartOf\":{\"@id\":\"https:\/\/swimchannel.net\/br\/guilherme-caribe-se-classifica-para-sua-primeira-final-de-campeonato-mundial\/\"},\"author\":{\"name\":\"Alex Pussieldi\",\"@id\":\"https:\/\/swimchannel.net\/br\/#\/schema\/person\/cf549cb99cf75592fcf7c76213385e63\"},\"headline\":\"Guilherme Carib\u00e9 se classifica para sua primeira final de Campeonato Mundial\",\"datePublished\":\"2024-12-12T09:44:01+00:00\",\"dateModified\":\"2024-12-12T09:47:03+00:00\",\"mainEntityOfPage\":{\"@id\":\"https:\/\/swimchannel.net\/br\/guilherme-caribe-se-classifica-para-sua-primeira-final-de-campeonato-mundial\/\"},\"wordCount\":291,\"commentCount\":0,\"publisher\":{\"@id\":\"https:\/\/swimchannel.net\/br\/#organization\"},\"image\":{\"@id\":\"https:\/\/swimchannel.net\/br\/guilherme-caribe-se-classifica-para-sua-primeira-final-de-campeonato-mundial\/#primaryimage\"},\"thumbnailUrl\":\"https:\/\/swimchannel.net\/br\/wp-content\/uploads\/2024\/12\/53929770768_7d9aa151f0_c.jpg\",\"keywords\":[\"Campeonato Mundial de piscina curta\",\"Guilherme Carib\u00e9\",\"natacao\"],\"articleSection\":[\"Nata\u00e7\u00e3o\",\"\u00daltimas Not\u00edcias\"],\"inLanguage\":\"pt-BR\",\"potentialAction\":[{\"@type\":\"CommentAction\",\"name\":\"Comment\",\"target\":[\"https:\/\/swimchannel.net\/br\/guilherme-caribe-se-classifica-para-sua-primeira-final-de-campeonato-mundial\/#respond\"]}]},{\"@type\":\"WebPage\",\"@id\":\"https:\/\/swimchannel.net\/br\/guilherme-caribe-se-classifica-para-sua-primeira-final-de-campeonato-mundial\/\",\"url\":\"https:\/\/swimchannel.net\/br\/guilherme-caribe-se-classifica-para-sua-primeira-final-de-campeonato-mundial\/\",\"name\":\"Guilherme Carib\u00e9 se classifica para sua primeira final de Campeonato Mundial - Swimchannel\",\"isPartOf\":{\"@id\":\"https:\/\/swimchannel.net\/br\/#website\"},\"primaryImageOfPage\":{\"@id\":\"https:\/\/swimchannel.net\/br\/guilherme-caribe-se-classifica-para-sua-primeira-final-de-campeonato-mundial\/#primaryimage\"},\"image\":{\"@id\":\"https:\/\/swimchannel.net\/br\/guilherme-caribe-se-classifica-para-sua-primeira-final-de-campeonato-mundial\/#primaryimage\"},\"thumbnailUrl\":\"https:\/\/swimchannel.net\/br\/wp-content\/uploads\/2024\/12\/53929770768_7d9aa151f0_c.jpg\",\"datePublished\":\"2024-12-12T09:44:01+00:00\",\"dateModified\":\"2024-12-12T09:47:03+00:00\",\"breadcrumb\":{\"@id\":\"https:\/\/swimchannel.net\/br\/guilherme-caribe-se-classifica-para-sua-primeira-final-de-campeonato-mundial\/#breadcrumb\"},\"inLanguage\":\"pt-BR\",\"potentialAction\":[{\"@type\":\"ReadAction\",\"target\":[\"https:\/\/swimchannel.net\/br\/guilherme-caribe-se-classifica-para-sua-primeira-final-de-campeonato-mundial\/\"]}]},{\"@type\":\"ImageObject\",\"inLanguage\":\"pt-BR\",\"@id\":\"https:\/\/swimchannel.net\/br\/guilherme-caribe-se-classifica-para-sua-primeira-final-de-campeonato-mundial\/#primaryimage\",\"url\":\"https:\/\/swimchannel.net\/br\/wp-content\/uploads\/2024\/12\/53929770768_7d9aa151f0_c.jpg\",\"contentUrl\":\"https:\/\/swimchannel.net\/br\/wp-content\/uploads\/2024\/12\/53929770768_7d9aa151f0_c.jpg\",\"width\":799,\"height\":533},{\"@type\":\"BreadcrumbList\",\"@id\":\"https:\/\/swimchannel.net\/br\/guilherme-caribe-se-classifica-para-sua-primeira-final-de-campeonato-mundial\/#breadcrumb\",\"itemListElement\":[{\"@type\":\"ListItem\",\"position\":1,\"name\":\"Home\",\"item\":\"https:\/\/swimchannel.net\/br\/\"},{\"@type\":\"ListItem\",\"position\":2,\"name\":\"Guilherme Carib\u00e9 se classifica para sua primeira final de Campeonato Mundial\"}]},{\"@type\":\"WebSite\",\"@id\":\"https:\/\/swimchannel.net\/br\/#website\",\"url\":\"https:\/\/swimchannel.net\/br\/\",\"name\":\"Swimchannel\",\"description\":\"Maior portal de nata\u00e7\u00e3o da america latina\",\"publisher\":{\"@id\":\"https:\/\/swimchannel.net\/br\/#organization\"},\"potentialAction\":[{\"@type\":\"SearchAction\",\"target\":{\"@type\":\"EntryPoint\",\"urlTemplate\":\"https:\/\/swimchannel.net\/br\/?s={search_term_string}\"},\"query-input\":{\"@type\":\"PropertyValueSpecification\",\"valueRequired\":true,\"valueName\":\"search_term_string\"}}],\"inLanguage\":\"pt-BR\"},{\"@type\":\"Organization\",\"@id\":\"https:\/\/swimchannel.net\/br\/#organization\",\"name\":\"Swimchannel - Conectando voc\u00ea a Nata\u00e7\u00e3o\",\"url\":\"https:\/\/swimchannel.net\/br\/\",\"logo\":{\"@type\":\"ImageObject\",\"inLanguage\":\"pt-BR\",\"@id\":\"https:\/\/swimchannel.net\/br\/#\/schema\/logo\/image\/\",\"url\":\"https:\/\/swimchannel.net\/br\/wp-content\/uploads\/2026\/02\/SWIM-CHANNEL.png\",\"contentUrl\":\"https:\/\/swimchannel.net\/br\/wp-content\/uploads\/2026\/02\/SWIM-CHANNEL.png\",\"width\":1120,\"height\":630,\"caption\":\"Swimchannel - Conectando voc\u00ea a Nata\u00e7\u00e3o\"},\"image\":{\"@id\":\"https:\/\/swimchannel.net\/br\/#\/schema\/logo\/image\/\"},\"sameAs\":[\"https:\/\/www.facebook.com\/swimchannel\",\"https:\/\/www.instagram.com\/swimchannel\"]},{\"@type\":\"Person\",\"@id\":\"https:\/\/swimchannel.net\/br\/#\/schema\/person\/cf549cb99cf75592fcf7c76213385e63\",\"name\":\"Alex Pussieldi\",\"image\":{\"@type\":\"ImageObject\",\"inLanguage\":\"pt-BR\",\"@id\":\"https:\/\/swimchannel.net\/br\/#\/schema\/person\/image\/\",\"url\":\"https:\/\/swimchannel.net\/br\/wp-content\/uploads\/2021\/02\/9b1c252d-a4bd-4eda-b399-24565cac4114-100x100.jpg\",\"contentUrl\":\"https:\/\/swimchannel.net\/br\/wp-content\/uploads\/2021\/02\/9b1c252d-a4bd-4eda-b399-24565cac4114-100x100.jpg\",\"caption\":\"Alex Pussieldi\"},\"description\":\"Alexandre Pussieldi, apelidado de \u201ccoach\u201d, Foi t\u00e9cnico da sele\u00e7\u00e3o verde e amarela nas Olimp\u00edadas de Pequim-2008 e Londres-2012. O treinador ainda comandou outros quatro pa\u00edses: Kuwait, Paraguai, Aruba e Antilhas Holandesas, al\u00e9m da sele\u00e7\u00e3o americana de \u00e1guas abertas. Pussieldi tem passagens como comentarista de nata\u00e7\u00e3o do Grupo Globo e Swim Channel.\",\"url\":\"https:\/\/swimchannel.net\/br\/author\/alexpussieldi\/\"}]}<\/script>\n<!-- \/ Yoast SEO plugin. -->","yoast_head_json":{"title":"Guilherme Carib\u00e9 se classifica para sua primeira final de Campeonato Mundial - Swimchannel","robots":{"index":"index","follow":"follow","max-snippet":"max-snippet:-1","max-image-preview":"max-image-preview:large","max-video-preview":"max-video-preview:-1"},"canonical":"https:\/\/swimchannel.net\/br\/guilherme-caribe-se-classifica-para-sua-primeira-final-de-campeonato-mundial\/","og_locale":"pt_BR","og_type":"article","og_title":"Guilherme Carib\u00e9 se classifica para sua primeira final de Campeonato Mundial - Swimchannel","og_description":"Guilherme Carib\u00e9 est\u00e1 em Budapeste disputando seu segundo Campeonato Mundial da carreira. A estreia foi no Mundial de Fukuoka, no Jap\u00e3o, em 2023, onde foi 12o colocado nos 100m livre e foi desclassificado nas eliminat\u00f3rias dos 50m livre. &nbsp; Este \u00e9 seu primeiro Mundial em piscina curta, e antes da final desta quinta-feira, ele j\u00e1 [&hellip;]","og_url":"https:\/\/swimchannel.net\/br\/guilherme-caribe-se-classifica-para-sua-primeira-final-de-campeonato-mundial\/","og_site_name":"Swimchannel","article_publisher":"https:\/\/www.facebook.com\/swimchannel","article_published_time":"2024-12-12T09:44:01+00:00","article_modified_time":"2024-12-12T09:47:03+00:00","og_image":[{"width":799,"height":533,"url":"https:\/\/swimchannel.net\/br\/wp-content\/uploads\/2024\/12\/53929770768_7d9aa151f0_c.jpg","type":"image\/jpeg"}],"author":"Alex Pussieldi","twitter_card":"summary_large_image","twitter_misc":{"Escrito por":"Alex Pussieldi","Est. tempo de leitura":"1 minuto"},"schema":{"@context":"https:\/\/schema.org","@graph":[{"@type":"Article","@id":"https:\/\/swimchannel.net\/br\/guilherme-caribe-se-classifica-para-sua-primeira-final-de-campeonato-mundial\/#article","isPartOf":{"@id":"https:\/\/swimchannel.net\/br\/guilherme-caribe-se-classifica-para-sua-primeira-final-de-campeonato-mundial\/"},"author":{"name":"Alex Pussieldi","@id":"https:\/\/swimchannel.net\/br\/#\/schema\/person\/cf549cb99cf75592fcf7c76213385e63"},"headline":"Guilherme Carib\u00e9 se classifica para sua primeira final de Campeonato Mundial","datePublished":"2024-12-12T09:44:01+00:00","dateModified":"2024-12-12T09:47:03+00:00","mainEntityOfPage":{"@id":"https:\/\/swimchannel.net\/br\/guilherme-caribe-se-classifica-para-sua-primeira-final-de-campeonato-mundial\/"},"wordCount":291,"commentCount":0,"publisher":{"@id":"https:\/\/swimchannel.net\/br\/#organization"},"image":{"@id":"https:\/\/swimchannel.net\/br\/guilherme-caribe-se-classifica-para-sua-primeira-final-de-campeonato-mundial\/#primaryimage"},"thumbnailUrl":"https:\/\/swimchannel.net\/br\/wp-content\/uploads\/2024\/12\/53929770768_7d9aa151f0_c.jpg","keywords":["Campeonato Mundial de piscina curta","Guilherme Carib\u00e9","natacao"],"articleSection":["Nata\u00e7\u00e3o","\u00daltimas Not\u00edcias"],"inLanguage":"pt-BR","potentialAction":[{"@type":"CommentAction","name":"Comment","target":["https:\/\/swimchannel.net\/br\/guilherme-caribe-se-classifica-para-sua-primeira-final-de-campeonato-mundial\/#respond"]}]},{"@type":"WebPage","@id":"https:\/\/swimchannel.net\/br\/guilherme-caribe-se-classifica-para-sua-primeira-final-de-campeonato-mundial\/","url":"https:\/\/swimchannel.net\/br\/guilherme-caribe-se-classifica-para-sua-primeira-final-de-campeonato-mundial\/","name":"Guilherme Carib\u00e9 se classifica para sua primeira final de Campeonato Mundial - Swimchannel","isPartOf":{"@id":"https:\/\/swimchannel.net\/br\/#website"},"primaryImageOfPage":{"@id":"https:\/\/swimchannel.net\/br\/guilherme-caribe-se-classifica-para-sua-primeira-final-de-campeonato-mundial\/#primaryimage"},"image":{"@id":"https:\/\/swimchannel.net\/br\/guilherme-caribe-se-classifica-para-sua-primeira-final-de-campeonato-mundial\/#primaryimage"},"thumbnailUrl":"https:\/\/swimchannel.net\/br\/wp-content\/uploads\/2024\/12\/53929770768_7d9aa151f0_c.jpg","datePublished":"2024-12-12T09:44:01+00:00","dateModified":"2024-12-12T09:47:03+00:00","breadcrumb":{"@id":"https:\/\/swimchannel.net\/br\/guilherme-caribe-se-classifica-para-sua-primeira-final-de-campeonato-mundial\/#breadcrumb"},"inLanguage":"pt-BR","potentialAction":[{"@type":"ReadAction","target":["https:\/\/swimchannel.net\/br\/guilherme-caribe-se-classifica-para-sua-primeira-final-de-campeonato-mundial\/"]}]},{"@type":"ImageObject","inLanguage":"pt-BR","@id":"https:\/\/swimchannel.net\/br\/guilherme-caribe-se-classifica-para-sua-primeira-final-de-campeonato-mundial\/#primaryimage","url":"https:\/\/swimchannel.net\/br\/wp-content\/uploads\/2024\/12\/53929770768_7d9aa151f0_c.jpg","contentUrl":"https:\/\/swimchannel.net\/br\/wp-content\/uploads\/2024\/12\/53929770768_7d9aa151f0_c.jpg","width":799,"height":533},{"@type":"BreadcrumbList","@id":"https:\/\/swimchannel.net\/br\/guilherme-caribe-se-classifica-para-sua-primeira-final-de-campeonato-mundial\/#breadcrumb","itemListElement":[{"@type":"ListItem","position":1,"name":"Home","item":"https:\/\/swimchannel.net\/br\/"},{"@type":"ListItem","position":2,"name":"Guilherme Carib\u00e9 se classifica para sua primeira final de Campeonato Mundial"}]},{"@type":"WebSite","@id":"https:\/\/swimchannel.net\/br\/#website","url":"https:\/\/swimchannel.net\/br\/","name":"Swimchannel","description":"Maior portal de nata\u00e7\u00e3o da america latina","publisher":{"@id":"https:\/\/swimchannel.net\/br\/#organization"},"potentialAction":[{"@type":"SearchAction","target":{"@type":"EntryPoint","urlTemplate":"https:\/\/swimchannel.net\/br\/?s={search_term_string}"},"query-input":{"@type":"PropertyValueSpecification","valueRequired":true,"valueName":"search_term_string"}}],"inLanguage":"pt-BR"},{"@type":"Organization","@id":"https:\/\/swimchannel.net\/br\/#organization","name":"Swimchannel - Conectando voc\u00ea a Nata\u00e7\u00e3o","url":"https:\/\/swimchannel.net\/br\/","logo":{"@type":"ImageObject","inLanguage":"pt-BR","@id":"https:\/\/swimchannel.net\/br\/#\/schema\/logo\/image\/","url":"https:\/\/swimchannel.net\/br\/wp-content\/uploads\/2026\/02\/SWIM-CHANNEL.png","contentUrl":"https:\/\/swimchannel.net\/br\/wp-content\/uploads\/2026\/02\/SWIM-CHANNEL.png","width":1120,"height":630,"caption":"Swimchannel - Conectando voc\u00ea a Nata\u00e7\u00e3o"},"image":{"@id":"https:\/\/swimchannel.net\/br\/#\/schema\/logo\/image\/"},"sameAs":["https:\/\/www.facebook.com\/swimchannel","https:\/\/www.instagram.com\/swimchannel"]},{"@type":"Person","@id":"https:\/\/swimchannel.net\/br\/#\/schema\/person\/cf549cb99cf75592fcf7c76213385e63","name":"Alex Pussieldi","image":{"@type":"ImageObject","inLanguage":"pt-BR","@id":"https:\/\/swimchannel.net\/br\/#\/schema\/person\/image\/","url":"https:\/\/swimchannel.net\/br\/wp-content\/uploads\/2021\/02\/9b1c252d-a4bd-4eda-b399-24565cac4114-100x100.jpg","contentUrl":"https:\/\/swimchannel.net\/br\/wp-content\/uploads\/2021\/02\/9b1c252d-a4bd-4eda-b399-24565cac4114-100x100.jpg","caption":"Alex Pussieldi"},"description":"Alexandre Pussieldi, apelidado de \u201ccoach\u201d, Foi t\u00e9cnico da sele\u00e7\u00e3o verde e amarela nas Olimp\u00edadas de Pequim-2008 e Londres-2012. O treinador ainda comandou outros quatro pa\u00edses: Kuwait, Paraguai, Aruba e Antilhas Holandesas, al\u00e9m da sele\u00e7\u00e3o americana de \u00e1guas abertas. Pussieldi tem passagens como comentarista de nata\u00e7\u00e3o do Grupo Globo e Swim Channel.","url":"https:\/\/swimchannel.net\/br\/author\/alexpussieldi\/"}]}},"_links":{"self":[{"href":"https:\/\/swimchannel.net\/br\/wp-json\/wp\/v2\/posts\/70709","targetHints":{"allow":["GET"]}}],"collection":[{"href":"https:\/\/swimchannel.net\/br\/wp-json\/wp\/v2\/posts"}],"about":[{"href":"https:\/\/swimchannel.net\/br\/wp-json\/wp\/v2\/types\/post"}],"author":[{"embeddable":true,"href":"https:\/\/swimchannel.net\/br\/wp-json\/wp\/v2\/users\/12"}],"replies":[{"embeddable":true,"href":"https:\/\/swimchannel.net\/br\/wp-json\/wp\/v2\/comments?post=70709"}],"version-history":[{"count":3,"href":"https:\/\/swimchannel.net\/br\/wp-json\/wp\/v2\/posts\/70709\/revisions"}],"predecessor-version":[{"id":70714,"href":"https:\/\/swimchannel.net\/br\/wp-json\/wp\/v2\/posts\/70709\/revisions\/70714"}],"wp:featuredmedia":[{"embeddable":true,"href":"https:\/\/swimchannel.net\/br\/wp-json\/wp\/v2\/media\/70710"}],"wp:attachment":[{"href":"https:\/\/swimchannel.net\/br\/wp-json\/wp\/v2\/media?parent=70709"}],"wp:term":[{"taxonomy":"category","embeddable":true,"href":"https:\/\/swimchannel.net\/br\/wp-json\/wp\/v2\/categories?post=70709"},{"taxonomy":"post_tag","embeddable":true,"href":"https:\/\/swimchannel.net\/br\/wp-json\/wp\/v2\/tags?post=70709"}],"curies":[{"name":"wp","href":"https:\/\/api.w.org\/{rel}","templated":true}]}}