{"id":70726,"date":"2024-12-12T16:47:56","date_gmt":"2024-12-12T19:47:56","guid":{"rendered":"https:\/\/swimchannel.net\/br\/?p=70726"},"modified":"2024-12-12T17:32:56","modified_gmt":"2024-12-12T20:32:56","slug":"guilherme-caribe-e-prata-no-mundial-de-budapeste","status":"publish","type":"post","link":"https:\/\/swimchannel.net\/br\/guilherme-caribe-e-prata-no-mundial-de-budapeste\/","title":{"rendered":"Guilherme Carib\u00e9 \u00e9 prata no Mundial de Budapeste"},"content":{"rendered":"<p>Saiu a primeira medalha do Brasil no Campeonato Mundial de piscina curta em Budapeste e ela veio com Guilherme Carib\u00e9. O velocista levou a prata na final dos 100m livre, batendo o antigo recorde sul-americano de Cesar Cielo e registrando 45.47 em uma grande performance. A etapa teve ainda outras \u00f3timas atua\u00e7\u00f5es dos brasileiros e novos recordes mundiais. Confira um resum\u00e3o do dia.<\/p>\n<p>&nbsp;<\/p>\n<p><strong>100m livre feminino<\/strong><br \/>\nVitoria de ponta a ponta de Gretchen Walsh que vem fazendo um excelente Mundial de Curta agora superando o recorde de campeonato e das Am\u00e9ricas com 50.31.<\/p>\n<p><strong>P\u00f3dio da prova<\/strong><br \/>\n1. Gretchen Walsh dos Estados Unidos 50.31 Recorde de campeonato e das Am\u00e9ricas<br \/>\n2. Beryl Gastaldello da Fran\u00e7a 50.63<br \/>\n3. Kate Douglass dos Estados Unidos 50.73<\/p>\n<p><strong>100m livre feminino<\/strong><br \/>\nPrimeira medalha do Brasil em Budapeste, uma prata com Guilherme Carib\u00e9. O nadador fez uma \u00f3tima segunda parcial atacando seus advers\u00e1rios e ficando muito pr\u00f3ximo da medalha de ouro. Com 45.47 o brasileiro ainda estabeleceu um novo recorde sul-americano.<\/p>\n<p><strong>P\u00f3dio da prova<\/strong><br \/>\n1. Jack Alexy dos Estados Unidos 45.38<br \/>\n2. Guilherme Carib\u00e9 do Brasil 45.47 &#8211; Recorde sul-americano<br \/>\n3. Jordan Crooks das Ilhas Cayman 45.48<\/p>\n<figure id=\"attachment_70730\" aria-describedby=\"caption-attachment-70730\" style=\"width: 450px\" class=\"wp-caption alignnone\"><img loading=\"lazy\" decoding=\"async\" class=\"size-large wp-image-70730\" src=\"https:\/\/swimchannel.net\/br\/wp-content\/uploads\/2024\/12\/WhatsApp-Image-2024-12-12-at-14.54.03-450x800.jpeg\" alt=\"\" width=\"450\" height=\"800\" srcset=\"https:\/\/swimchannel.net\/br\/wp-content\/uploads\/2024\/12\/WhatsApp-Image-2024-12-12-at-14.54.03-450x800.jpeg 450w, https:\/\/swimchannel.net\/br\/wp-content\/uploads\/2024\/12\/WhatsApp-Image-2024-12-12-at-14.54.03-380x675.jpeg 380w, https:\/\/swimchannel.net\/br\/wp-content\/uploads\/2024\/12\/WhatsApp-Image-2024-12-12-at-14.54.03-101x180.jpeg 101w, https:\/\/swimchannel.net\/br\/wp-content\/uploads\/2024\/12\/WhatsApp-Image-2024-12-12-at-14.54.03.jpeg 720w\" sizes=\"auto, (max-width: 450px) 100vw, 450px\" \/><figcaption id=\"caption-attachment-70730\" class=\"wp-caption-text\">Guilherme Carib\u00e9 &#8211; Foto: CBDA\/Reprodu\u00e7\u00e3o<\/figcaption><\/figure>\n<p><strong>Semifinal 50m costas feminino<\/strong><br \/>\nOs dois melhores tempos ficaram com nadadoras dos Estados Unidos. Katherine Berkoff estabeceu o melhor tempo com 25s51, seguida pela compatriota Regan Smith que nadou para 25s66. O \u00faltimo tempo para entrar na final foi 26.25 da australiana Iona Anderson.<\/p>\n<p><strong>Semifinal 50m costas masculino<\/strong><br \/>\nGuilherme Basseto n\u00e3o conseguiu avan\u00e7ar para a grande final da prova e terminou a semifinal com o tempo de 23.30, a 41 cent\u00e9simos da \u00faltima vaga na final que ficou com o irland\u00eas Shane Ryan que nadou para 22.89. Melhor tempo da semifinal foi Miron Lifintsev dos Atletas Neutros B com 22.70.<\/p>\n<p><strong>200m borboleta feminino<\/strong><br \/>\nOutra grande performance de Summer McIntosh em Budapeste, agora com vit\u00f3ria e novo recorde mundial com 1:59.22, a \u00fanica abaixo dos dois minutos e 29 cent\u00e9simos mais veloz do que a antiga marca de Mireia Belmonte.<\/p>\n<p><strong>P\u00f3dio da prova<\/strong><br \/>\n1. Summer McIntosh do Canad\u00e1 1:59.32 Recorde Mundial e Mundial J\u00fanior<br \/>\n2. Regan Smith dos Estados Unidos 2:01.00<br \/>\n3. Elizabeth Dekkers da Austr\u00e1lia 2:02.91<\/p>\n<figure id=\"attachment_68499\" aria-describedby=\"caption-attachment-68499\" style=\"width: 1199px\" class=\"wp-caption alignnone\"><img loading=\"lazy\" decoding=\"async\" class=\"size-large wp-image-68499\" src=\"https:\/\/swimchannel.net\/br\/wp-content\/uploads\/2024\/08\/53923531836_31847c02ed_k-1199x800.jpg\" alt=\"\" width=\"1199\" height=\"800\" srcset=\"https:\/\/swimchannel.net\/br\/wp-content\/uploads\/2024\/08\/53923531836_31847c02ed_k-1199x800.jpg 1199w, https:\/\/swimchannel.net\/br\/wp-content\/uploads\/2024\/08\/53923531836_31847c02ed_k-1012x675.jpg 1012w, https:\/\/swimchannel.net\/br\/wp-content\/uploads\/2024\/08\/53923531836_31847c02ed_k-270x180.jpg 270w, https:\/\/swimchannel.net\/br\/wp-content\/uploads\/2024\/08\/53923531836_31847c02ed_k-768x512.jpg 768w, https:\/\/swimchannel.net\/br\/wp-content\/uploads\/2024\/08\/53923531836_31847c02ed_k-1536x1025.jpg 1536w, https:\/\/swimchannel.net\/br\/wp-content\/uploads\/2024\/08\/53923531836_31847c02ed_k-750x500.jpg 750w, https:\/\/swimchannel.net\/br\/wp-content\/uploads\/2024\/08\/53923531836_31847c02ed_k-1140x760.jpg 1140w, https:\/\/swimchannel.net\/br\/wp-content\/uploads\/2024\/08\/53923531836_31847c02ed_k.jpg 2048w\" sizes=\"auto, (max-width: 1199px) 100vw, 1199px\" \/><figcaption id=\"caption-attachment-68499\" class=\"wp-caption-text\">Nick Albiero &#8211; Foto: Satiro Sodr\u00e9<\/figcaption><\/figure>\n<p><strong>200m borboleta masculino<\/strong><br \/>\nNa segunda final na piscina da Duna Arena com brasileiro em a\u00e7\u00e3o, Nicolas Albiero disputou sua primeira final de Mundial e terminou a prova na s\u00e9tima coloca\u00e7\u00e3o com o tempo de 1:50.97. A medalha de ouro ficou com o canadense\u00a0Ilya Kharun que bateu o recorde de campeonato com 1:48.24.<\/p>\n<p><strong>P\u00f3dio da prova<\/strong><br \/>\n1. Ilya Kharun do Canad\u00e1 1:48.24 Recorde de Campeonato e das Am\u00e9ricas<br \/>\n2. Alberto Razzetti da It\u00e1lia 1:48.64<br \/>\n3. Krzysztof Chmielewski da Pol\u00f4nia 1:49.26<br \/>\n7. Nicolas Albiero do Brasil 1:50.97<\/p>\n<p><strong>100m peito feminino<\/strong><br \/>\nA chinesa Qianting Tang liderou a final de ponta a ponta e venceu sem grandes dificuldades com o tempo de 1:02.38, quase meio segundo a frente da americana Lilly King.<\/p>\n<p><strong>P\u00f3dio da prova<\/strong><br \/>\n1. Qianting Tang da China 1:02.38<br \/>\n2. Lilly King dos Estados Unidos 1:02.80<br \/>\n3. Eneli Jefimova da Est\u00f4nia 1:03.25<\/p>\n<p><strong>100m peito masculino<\/strong><br \/>\nSe deu China no feminino, tamb\u00e9m deu no masculino. Vit\u00f3ria de Haiyang Qin em uma chegada emocionante contra o russo Kirill Prigoda. Qin bateu o recorde de campeonato e da \u00c1sia com 55.47, apenas dois cent\u00e9simos a frente de seu advers\u00e1rio.<\/p>\n<p><strong>P\u00f3dio da prova<\/strong><br \/>\n1. Haiyang Qin da China 55.47 Recorde de Campeonato e da \u00c1sia<br \/>\n2. Kirill Prigoda dos Atletas Neutros B 55.49<br \/>\n3. Ilya Kshymanovich dos Atletas Neutros A 55.60<\/p>\n<figure id=\"attachment_68547\" aria-describedby=\"caption-attachment-68547\" style=\"width: 1199px\" class=\"wp-caption alignnone\"><img loading=\"lazy\" decoding=\"async\" class=\"size-large wp-image-68547\" src=\"https:\/\/swimchannel.net\/br\/wp-content\/uploads\/2024\/08\/53923784423_9c3f3d43de_k-1199x800.jpg\" alt=\"\" width=\"1199\" height=\"800\" srcset=\"https:\/\/swimchannel.net\/br\/wp-content\/uploads\/2024\/08\/53923784423_9c3f3d43de_k-1199x800.jpg 1199w, https:\/\/swimchannel.net\/br\/wp-content\/uploads\/2024\/08\/53923784423_9c3f3d43de_k-1012x675.jpg 1012w, https:\/\/swimchannel.net\/br\/wp-content\/uploads\/2024\/08\/53923784423_9c3f3d43de_k-270x180.jpg 270w, https:\/\/swimchannel.net\/br\/wp-content\/uploads\/2024\/08\/53923784423_9c3f3d43de_k-768x512.jpg 768w, https:\/\/swimchannel.net\/br\/wp-content\/uploads\/2024\/08\/53923784423_9c3f3d43de_k-1536x1025.jpg 1536w, https:\/\/swimchannel.net\/br\/wp-content\/uploads\/2024\/08\/53923784423_9c3f3d43de_k-750x500.jpg 750w, https:\/\/swimchannel.net\/br\/wp-content\/uploads\/2024\/08\/53923784423_9c3f3d43de_k-1140x760.jpg 1140w, https:\/\/swimchannel.net\/br\/wp-content\/uploads\/2024\/08\/53923784423_9c3f3d43de_k.jpg 2048w\" sizes=\"auto, (max-width: 1199px) 100vw, 1199px\" \/><figcaption id=\"caption-attachment-68547\" class=\"wp-caption-text\">Caio Pumputis &#8211; Foto: Satiro Sodr\u00e9<\/figcaption><\/figure>\n<p><strong>Semifinal 100m medley feminino<\/strong><br \/>\nBoa performance da brasileira Fernanda Celid\u00f4nio que bateu o recorde sul-americano da prova ao nadar para 59.58. A atleta, por\u00e9m, n\u00e3o avan\u00e7ou para a final e terminou na 15\u00aa posi\u00e7\u00e3o. A mais r\u00e1pida da semifinal foi a americana Gretchen Walsh que bateu mais um recorde mundial: 55.71 e \u00e9 a grande favorita ao ouro amanh\u00e3.<\/p>\n<p><strong>Semifinal 100m medley masculino<\/strong><br \/>\nDois brasileiros ca\u00edram na \u00e1gua para nadar a semifinal. Caio Pumputis repetiu a boa performance da manh\u00e3 a avan\u00e7ou para a final ao marcar o quinto tempo com 51.76, novo recorde sul-americano. J\u00e1 Leonardo Santos terminou na 12\u00aa coloca\u00e7\u00e3o com 52.66. O melhor tempo do dia foi do su\u00ed\u00e7o Noe Ponti com 50.43, novo recorde de campeonato.<\/p>\n<p><strong>400m livre masculino<\/strong><br \/>\nTriunfo do australiano Elijah Winnington, que assumiu a lideran\u00e7a na parte final da prova e faturou a medalha de ouro com o tempo de 3:35.89, a frente da dupla americana Carson Foster e Kieran Smith que empatou na segunda coloca\u00e7\u00e3o.<\/p>\n<p><strong>P\u00f3dio da prova<\/strong><br \/>\n1. Elijah Winnington da Austr\u00e1lia 3:35.89<br \/>\n2. Carson Foster e Kieran Smith ambos dos Estados Unidos 3:36.31<\/p>\n<p><strong>4x200m livre feminino<\/strong><br \/>\n\u00daltima participa\u00e7\u00e3o do Brasil nesta quinta-feira em Budapeste com a equipe formada por Maria Fernanda Costa, Gabrielle Roncatto, Fernanda Celid\u00f4nio e Let\u00edcia Rom\u00e3o superando o recorde sul-americano e terminando na 8\u00aa coloca\u00e7\u00e3o com 7:46.76. Vit\u00f3ria e recorde mundial para o time americano com 7:30.13<\/p>\n<p><strong>P\u00f3dio da prova<\/strong><br \/>\n1. Estados Unidos 7:30.13 Recorde Mundial<br \/>\n2. Hungria 7:33.39<br \/>\n3. Austr\u00e1lia 7:33.60<br \/>\n7. Brasil (Maria Fernanda Costa, Gabrielle Roncatto, Fernanda Celid\u00f4nio e Let\u00edcia Rom\u00e3o) 7:46.76<\/p>\n<p>Gostaria de receber as not\u00edcias de nata\u00e7\u00e3o e \u00e1guas abertas no seu email?<\/p>\n<p><a href=\"https:\/\/lpa.nitro.news\/n-GNe\/ultimas-noticias-swim-channel\">Cadastre-se aqui\u00a0<\/a><\/p>\n","protected":false},"excerpt":{"rendered":"<p>Velocista sagrou-se vice-campe\u00e3o mundial nos 100m livre e superou o antigo recorde sul-americano de Cesar Cielo<\/p>\n","protected":false},"author":3,"featured_media":61377,"comment_status":"open","ping_status":"open","sticky":false,"template":"","format":"gallery","meta":{"footnotes":""},"categories":[58],"tags":[6240,44,2280,5130,5],"class_list":["post-70726","post","type-post","status-publish","format-gallery","has-post-thumbnail","hentry","category-campeonato-mundial","tag-budespate-2024","tag-campeonato-mundial","tag-campeonato-mundial-de-curta","tag-guilherme-caribe","tag-natacao","post_format-post-format-gallery"],"yoast_head":"<!-- This site is optimized with the Yoast SEO plugin v27.0 - https:\/\/yoast.com\/product\/yoast-seo-wordpress\/ -->\n<title>Guilherme Carib\u00e9 \u00e9 prata no Mundial de Budapeste - Swimchannel<\/title>\n<meta name=\"robots\" content=\"index, follow, max-snippet:-1, max-image-preview:large, max-video-preview:-1\" \/>\n<link rel=\"canonical\" href=\"https:\/\/swimchannel.net\/br\/guilherme-caribe-e-prata-no-mundial-de-budapeste\/\" \/>\n<meta property=\"og:locale\" content=\"pt_BR\" \/>\n<meta property=\"og:type\" content=\"article\" \/>\n<meta property=\"og:title\" content=\"Guilherme Carib\u00e9 \u00e9 prata no Mundial de Budapeste - Swimchannel\" \/>\n<meta property=\"og:description\" content=\"Velocista sagrou-se vice-campe\u00e3o mundial nos 100m livre e superou o antigo recorde sul-americano de Cesar Cielo\" \/>\n<meta property=\"og:url\" content=\"https:\/\/swimchannel.net\/br\/guilherme-caribe-e-prata-no-mundial-de-budapeste\/\" \/>\n<meta property=\"og:site_name\" content=\"Swimchannel\" \/>\n<meta property=\"article:publisher\" content=\"https:\/\/www.facebook.com\/swimchannel\" \/>\n<meta property=\"article:published_time\" content=\"2024-12-12T19:47:56+00:00\" \/>\n<meta property=\"article:modified_time\" content=\"2024-12-12T20:32:56+00:00\" \/>\n<meta property=\"og:image\" content=\"https:\/\/swimchannel.net\/br\/wp-content\/uploads\/2023\/10\/53280888965_8eac60e016_k.jpg\" \/>\n\t<meta property=\"og:image:width\" content=\"945\" \/>\n\t<meta property=\"og:image:height\" content=\"630\" \/>\n\t<meta property=\"og:image:type\" content=\"image\/jpeg\" \/>\n<meta name=\"author\" content=\"Guilherme Freitas\" \/>\n<meta name=\"twitter:card\" content=\"summary_large_image\" \/>\n<meta name=\"twitter:label1\" content=\"Escrito por\" \/>\n\t<meta name=\"twitter:data1\" content=\"Guilherme Freitas\" \/>\n\t<meta name=\"twitter:label2\" content=\"Est. tempo de leitura\" \/>\n\t<meta name=\"twitter:data2\" content=\"4 minutos\" \/>\n<script type=\"application\/ld+json\" class=\"yoast-schema-graph\">{\"@context\":\"https:\/\/schema.org\",\"@graph\":[{\"@type\":\"Article\",\"@id\":\"https:\/\/swimchannel.net\/br\/guilherme-caribe-e-prata-no-mundial-de-budapeste\/#article\",\"isPartOf\":{\"@id\":\"https:\/\/swimchannel.net\/br\/guilherme-caribe-e-prata-no-mundial-de-budapeste\/\"},\"author\":{\"name\":\"Guilherme Freitas\",\"@id\":\"https:\/\/swimchannel.net\/br\/#\/schema\/person\/aa2a63bab3275f53749a83276b213c48\"},\"headline\":\"Guilherme Carib\u00e9 \u00e9 prata no Mundial de Budapeste\",\"datePublished\":\"2024-12-12T19:47:56+00:00\",\"dateModified\":\"2024-12-12T20:32:56+00:00\",\"mainEntityOfPage\":{\"@id\":\"https:\/\/swimchannel.net\/br\/guilherme-caribe-e-prata-no-mundial-de-budapeste\/\"},\"wordCount\":877,\"commentCount\":0,\"publisher\":{\"@id\":\"https:\/\/swimchannel.net\/br\/#organization\"},\"image\":{\"@id\":\"https:\/\/swimchannel.net\/br\/guilherme-caribe-e-prata-no-mundial-de-budapeste\/#primaryimage\"},\"thumbnailUrl\":\"https:\/\/swimchannel.net\/br\/wp-content\/uploads\/2023\/10\/53280888965_8eac60e016_k.jpg\",\"keywords\":[\"Budespate-2024\",\"Campeonato Mundial\",\"Campeonato Mundial de curta\",\"Guilherme Carib\u00e9\",\"natacao\"],\"articleSection\":[\"Campeonato Mundial\"],\"inLanguage\":\"pt-BR\",\"potentialAction\":[{\"@type\":\"CommentAction\",\"name\":\"Comment\",\"target\":[\"https:\/\/swimchannel.net\/br\/guilherme-caribe-e-prata-no-mundial-de-budapeste\/#respond\"]}]},{\"@type\":\"WebPage\",\"@id\":\"https:\/\/swimchannel.net\/br\/guilherme-caribe-e-prata-no-mundial-de-budapeste\/\",\"url\":\"https:\/\/swimchannel.net\/br\/guilherme-caribe-e-prata-no-mundial-de-budapeste\/\",\"name\":\"Guilherme Carib\u00e9 \u00e9 prata no Mundial de Budapeste - Swimchannel\",\"isPartOf\":{\"@id\":\"https:\/\/swimchannel.net\/br\/#website\"},\"primaryImageOfPage\":{\"@id\":\"https:\/\/swimchannel.net\/br\/guilherme-caribe-e-prata-no-mundial-de-budapeste\/#primaryimage\"},\"image\":{\"@id\":\"https:\/\/swimchannel.net\/br\/guilherme-caribe-e-prata-no-mundial-de-budapeste\/#primaryimage\"},\"thumbnailUrl\":\"https:\/\/swimchannel.net\/br\/wp-content\/uploads\/2023\/10\/53280888965_8eac60e016_k.jpg\",\"datePublished\":\"2024-12-12T19:47:56+00:00\",\"dateModified\":\"2024-12-12T20:32:56+00:00\",\"breadcrumb\":{\"@id\":\"https:\/\/swimchannel.net\/br\/guilherme-caribe-e-prata-no-mundial-de-budapeste\/#breadcrumb\"},\"inLanguage\":\"pt-BR\",\"potentialAction\":[{\"@type\":\"ReadAction\",\"target\":[\"https:\/\/swimchannel.net\/br\/guilherme-caribe-e-prata-no-mundial-de-budapeste\/\"]}]},{\"@type\":\"ImageObject\",\"inLanguage\":\"pt-BR\",\"@id\":\"https:\/\/swimchannel.net\/br\/guilherme-caribe-e-prata-no-mundial-de-budapeste\/#primaryimage\",\"url\":\"https:\/\/swimchannel.net\/br\/wp-content\/uploads\/2023\/10\/53280888965_8eac60e016_k.jpg\",\"contentUrl\":\"https:\/\/swimchannel.net\/br\/wp-content\/uploads\/2023\/10\/53280888965_8eac60e016_k.jpg\",\"width\":945,\"height\":630,\"caption\":\"Guilherme Carib\u00e9 - Foto: Satiro Sodr\u00e9\"},{\"@type\":\"BreadcrumbList\",\"@id\":\"https:\/\/swimchannel.net\/br\/guilherme-caribe-e-prata-no-mundial-de-budapeste\/#breadcrumb\",\"itemListElement\":[{\"@type\":\"ListItem\",\"position\":1,\"name\":\"Home\",\"item\":\"https:\/\/swimchannel.net\/br\/\"},{\"@type\":\"ListItem\",\"position\":2,\"name\":\"Guilherme Carib\u00e9 \u00e9 prata no Mundial de Budapeste\"}]},{\"@type\":\"WebSite\",\"@id\":\"https:\/\/swimchannel.net\/br\/#website\",\"url\":\"https:\/\/swimchannel.net\/br\/\",\"name\":\"Swimchannel\",\"description\":\"Maior portal de nata\u00e7\u00e3o da america latina\",\"publisher\":{\"@id\":\"https:\/\/swimchannel.net\/br\/#organization\"},\"potentialAction\":[{\"@type\":\"SearchAction\",\"target\":{\"@type\":\"EntryPoint\",\"urlTemplate\":\"https:\/\/swimchannel.net\/br\/?s={search_term_string}\"},\"query-input\":{\"@type\":\"PropertyValueSpecification\",\"valueRequired\":true,\"valueName\":\"search_term_string\"}}],\"inLanguage\":\"pt-BR\"},{\"@type\":\"Organization\",\"@id\":\"https:\/\/swimchannel.net\/br\/#organization\",\"name\":\"Swimchannel - Conectando voc\u00ea a Nata\u00e7\u00e3o\",\"url\":\"https:\/\/swimchannel.net\/br\/\",\"logo\":{\"@type\":\"ImageObject\",\"inLanguage\":\"pt-BR\",\"@id\":\"https:\/\/swimchannel.net\/br\/#\/schema\/logo\/image\/\",\"url\":\"https:\/\/swimchannel.net\/br\/wp-content\/uploads\/2026\/02\/SWIM-CHANNEL.png\",\"contentUrl\":\"https:\/\/swimchannel.net\/br\/wp-content\/uploads\/2026\/02\/SWIM-CHANNEL.png\",\"width\":1120,\"height\":630,\"caption\":\"Swimchannel - Conectando voc\u00ea a Nata\u00e7\u00e3o\"},\"image\":{\"@id\":\"https:\/\/swimchannel.net\/br\/#\/schema\/logo\/image\/\"},\"sameAs\":[\"https:\/\/www.facebook.com\/swimchannel\",\"https:\/\/www.instagram.com\/swimchannel\"]},{\"@type\":\"Person\",\"@id\":\"https:\/\/swimchannel.net\/br\/#\/schema\/person\/aa2a63bab3275f53749a83276b213c48\",\"name\":\"Guilherme Freitas\",\"image\":{\"@type\":\"ImageObject\",\"inLanguage\":\"pt-BR\",\"@id\":\"https:\/\/swimchannel.net\/br\/#\/schema\/person\/image\/\",\"url\":\"https:\/\/swimchannel.net\/br\/wp-content\/uploads\/2025\/10\/gui22-193x180.png\",\"contentUrl\":\"https:\/\/swimchannel.net\/br\/wp-content\/uploads\/2025\/10\/gui22-193x180.png\",\"caption\":\"Guilherme Freitas\"},\"description\":\"Jornalista s\u00eanior da SWIM CHANNEL, ex-correspondente da FINA no Brasil e pesquisador acad\u00eamico.\",\"sameAs\":[\"instagram.com\/guifreitas86\"],\"url\":\"https:\/\/swimchannel.net\/br\/author\/guilherme-freitas\/\"}]}<\/script>\n<!-- \/ Yoast SEO plugin. -->","yoast_head_json":{"title":"Guilherme Carib\u00e9 \u00e9 prata no Mundial de Budapeste - Swimchannel","robots":{"index":"index","follow":"follow","max-snippet":"max-snippet:-1","max-image-preview":"max-image-preview:large","max-video-preview":"max-video-preview:-1"},"canonical":"https:\/\/swimchannel.net\/br\/guilherme-caribe-e-prata-no-mundial-de-budapeste\/","og_locale":"pt_BR","og_type":"article","og_title":"Guilherme Carib\u00e9 \u00e9 prata no Mundial de Budapeste - Swimchannel","og_description":"Velocista sagrou-se vice-campe\u00e3o mundial nos 100m livre e superou o antigo recorde sul-americano de Cesar Cielo","og_url":"https:\/\/swimchannel.net\/br\/guilherme-caribe-e-prata-no-mundial-de-budapeste\/","og_site_name":"Swimchannel","article_publisher":"https:\/\/www.facebook.com\/swimchannel","article_published_time":"2024-12-12T19:47:56+00:00","article_modified_time":"2024-12-12T20:32:56+00:00","og_image":[{"width":945,"height":630,"url":"https:\/\/swimchannel.net\/br\/wp-content\/uploads\/2023\/10\/53280888965_8eac60e016_k.jpg","type":"image\/jpeg"}],"author":"Guilherme Freitas","twitter_card":"summary_large_image","twitter_misc":{"Escrito por":"Guilherme Freitas","Est. tempo de leitura":"4 minutos"},"schema":{"@context":"https:\/\/schema.org","@graph":[{"@type":"Article","@id":"https:\/\/swimchannel.net\/br\/guilherme-caribe-e-prata-no-mundial-de-budapeste\/#article","isPartOf":{"@id":"https:\/\/swimchannel.net\/br\/guilherme-caribe-e-prata-no-mundial-de-budapeste\/"},"author":{"name":"Guilherme Freitas","@id":"https:\/\/swimchannel.net\/br\/#\/schema\/person\/aa2a63bab3275f53749a83276b213c48"},"headline":"Guilherme Carib\u00e9 \u00e9 prata no Mundial de Budapeste","datePublished":"2024-12-12T19:47:56+00:00","dateModified":"2024-12-12T20:32:56+00:00","mainEntityOfPage":{"@id":"https:\/\/swimchannel.net\/br\/guilherme-caribe-e-prata-no-mundial-de-budapeste\/"},"wordCount":877,"commentCount":0,"publisher":{"@id":"https:\/\/swimchannel.net\/br\/#organization"},"image":{"@id":"https:\/\/swimchannel.net\/br\/guilherme-caribe-e-prata-no-mundial-de-budapeste\/#primaryimage"},"thumbnailUrl":"https:\/\/swimchannel.net\/br\/wp-content\/uploads\/2023\/10\/53280888965_8eac60e016_k.jpg","keywords":["Budespate-2024","Campeonato Mundial","Campeonato Mundial de curta","Guilherme Carib\u00e9","natacao"],"articleSection":["Campeonato Mundial"],"inLanguage":"pt-BR","potentialAction":[{"@type":"CommentAction","name":"Comment","target":["https:\/\/swimchannel.net\/br\/guilherme-caribe-e-prata-no-mundial-de-budapeste\/#respond"]}]},{"@type":"WebPage","@id":"https:\/\/swimchannel.net\/br\/guilherme-caribe-e-prata-no-mundial-de-budapeste\/","url":"https:\/\/swimchannel.net\/br\/guilherme-caribe-e-prata-no-mundial-de-budapeste\/","name":"Guilherme Carib\u00e9 \u00e9 prata no Mundial de Budapeste - Swimchannel","isPartOf":{"@id":"https:\/\/swimchannel.net\/br\/#website"},"primaryImageOfPage":{"@id":"https:\/\/swimchannel.net\/br\/guilherme-caribe-e-prata-no-mundial-de-budapeste\/#primaryimage"},"image":{"@id":"https:\/\/swimchannel.net\/br\/guilherme-caribe-e-prata-no-mundial-de-budapeste\/#primaryimage"},"thumbnailUrl":"https:\/\/swimchannel.net\/br\/wp-content\/uploads\/2023\/10\/53280888965_8eac60e016_k.jpg","datePublished":"2024-12-12T19:47:56+00:00","dateModified":"2024-12-12T20:32:56+00:00","breadcrumb":{"@id":"https:\/\/swimchannel.net\/br\/guilherme-caribe-e-prata-no-mundial-de-budapeste\/#breadcrumb"},"inLanguage":"pt-BR","potentialAction":[{"@type":"ReadAction","target":["https:\/\/swimchannel.net\/br\/guilherme-caribe-e-prata-no-mundial-de-budapeste\/"]}]},{"@type":"ImageObject","inLanguage":"pt-BR","@id":"https:\/\/swimchannel.net\/br\/guilherme-caribe-e-prata-no-mundial-de-budapeste\/#primaryimage","url":"https:\/\/swimchannel.net\/br\/wp-content\/uploads\/2023\/10\/53280888965_8eac60e016_k.jpg","contentUrl":"https:\/\/swimchannel.net\/br\/wp-content\/uploads\/2023\/10\/53280888965_8eac60e016_k.jpg","width":945,"height":630,"caption":"Guilherme Carib\u00e9 - Foto: Satiro Sodr\u00e9"},{"@type":"BreadcrumbList","@id":"https:\/\/swimchannel.net\/br\/guilherme-caribe-e-prata-no-mundial-de-budapeste\/#breadcrumb","itemListElement":[{"@type":"ListItem","position":1,"name":"Home","item":"https:\/\/swimchannel.net\/br\/"},{"@type":"ListItem","position":2,"name":"Guilherme Carib\u00e9 \u00e9 prata no Mundial de Budapeste"}]},{"@type":"WebSite","@id":"https:\/\/swimchannel.net\/br\/#website","url":"https:\/\/swimchannel.net\/br\/","name":"Swimchannel","description":"Maior portal de nata\u00e7\u00e3o da america latina","publisher":{"@id":"https:\/\/swimchannel.net\/br\/#organization"},"potentialAction":[{"@type":"SearchAction","target":{"@type":"EntryPoint","urlTemplate":"https:\/\/swimchannel.net\/br\/?s={search_term_string}"},"query-input":{"@type":"PropertyValueSpecification","valueRequired":true,"valueName":"search_term_string"}}],"inLanguage":"pt-BR"},{"@type":"Organization","@id":"https:\/\/swimchannel.net\/br\/#organization","name":"Swimchannel - Conectando voc\u00ea a Nata\u00e7\u00e3o","url":"https:\/\/swimchannel.net\/br\/","logo":{"@type":"ImageObject","inLanguage":"pt-BR","@id":"https:\/\/swimchannel.net\/br\/#\/schema\/logo\/image\/","url":"https:\/\/swimchannel.net\/br\/wp-content\/uploads\/2026\/02\/SWIM-CHANNEL.png","contentUrl":"https:\/\/swimchannel.net\/br\/wp-content\/uploads\/2026\/02\/SWIM-CHANNEL.png","width":1120,"height":630,"caption":"Swimchannel - Conectando voc\u00ea a Nata\u00e7\u00e3o"},"image":{"@id":"https:\/\/swimchannel.net\/br\/#\/schema\/logo\/image\/"},"sameAs":["https:\/\/www.facebook.com\/swimchannel","https:\/\/www.instagram.com\/swimchannel"]},{"@type":"Person","@id":"https:\/\/swimchannel.net\/br\/#\/schema\/person\/aa2a63bab3275f53749a83276b213c48","name":"Guilherme Freitas","image":{"@type":"ImageObject","inLanguage":"pt-BR","@id":"https:\/\/swimchannel.net\/br\/#\/schema\/person\/image\/","url":"https:\/\/swimchannel.net\/br\/wp-content\/uploads\/2025\/10\/gui22-193x180.png","contentUrl":"https:\/\/swimchannel.net\/br\/wp-content\/uploads\/2025\/10\/gui22-193x180.png","caption":"Guilherme Freitas"},"description":"Jornalista s\u00eanior da SWIM CHANNEL, ex-correspondente da FINA no Brasil e pesquisador acad\u00eamico.","sameAs":["instagram.com\/guifreitas86"],"url":"https:\/\/swimchannel.net\/br\/author\/guilherme-freitas\/"}]}},"_links":{"self":[{"href":"https:\/\/swimchannel.net\/br\/wp-json\/wp\/v2\/posts\/70726","targetHints":{"allow":["GET"]}}],"collection":[{"href":"https:\/\/swimchannel.net\/br\/wp-json\/wp\/v2\/posts"}],"about":[{"href":"https:\/\/swimchannel.net\/br\/wp-json\/wp\/v2\/types\/post"}],"author":[{"embeddable":true,"href":"https:\/\/swimchannel.net\/br\/wp-json\/wp\/v2\/users\/3"}],"replies":[{"embeddable":true,"href":"https:\/\/swimchannel.net\/br\/wp-json\/wp\/v2\/comments?post=70726"}],"version-history":[{"count":4,"href":"https:\/\/swimchannel.net\/br\/wp-json\/wp\/v2\/posts\/70726\/revisions"}],"predecessor-version":[{"id":70739,"href":"https:\/\/swimchannel.net\/br\/wp-json\/wp\/v2\/posts\/70726\/revisions\/70739"}],"wp:featuredmedia":[{"embeddable":true,"href":"https:\/\/swimchannel.net\/br\/wp-json\/wp\/v2\/media\/61377"}],"wp:attachment":[{"href":"https:\/\/swimchannel.net\/br\/wp-json\/wp\/v2\/media?parent=70726"}],"wp:term":[{"taxonomy":"category","embeddable":true,"href":"https:\/\/swimchannel.net\/br\/wp-json\/wp\/v2\/categories?post=70726"},{"taxonomy":"post_tag","embeddable":true,"href":"https:\/\/swimchannel.net\/br\/wp-json\/wp\/v2\/tags?post=70726"}],"curies":[{"name":"wp","href":"https:\/\/api.w.org\/{rel}","templated":true}]}}