{"id":70744,"date":"2024-12-13T08:32:20","date_gmt":"2024-12-13T11:32:20","guid":{"rendered":"https:\/\/swimchannel.net\/br\/?p=70744"},"modified":"2025-01-03T18:43:05","modified_gmt":"2025-01-03T21:43:05","slug":"todos-todos-todos-os-numeros-possiveis-e-imaginaveis-de-guilherme-caribe-vice-campeao-mundial","status":"publish","type":"post","link":"https:\/\/swimchannel.net\/br\/todos-todos-todos-os-numeros-possiveis-e-imaginaveis-de-guilherme-caribe-vice-campeao-mundial\/","title":{"rendered":"Todos, todos, todos os n\u00fameros poss\u00edveis e imagin\u00e1veis de Guilherme Carib\u00e9 vice-campe\u00e3o mundial"},"content":{"rendered":"<p>A primeira medalha do Brasil no Mundial de Budapeste veio com Guilherme Carib\u00e9, anote a\u00ed uma s\u00e9rie de n\u00fameros, registros e estat\u00edsticas desta conquista que apuramos aqui:<\/p>\n<p>&nbsp;<\/p>\n<p>* 21 anos de idade, Guilherme Carib\u00e9 Oliveira Santos, nasceu em Salvador, Bahia, 1o de Mar\u00e7o de 2003.<\/p>\n<p>* 1,89 de altura e 81 quilos, quando Carib\u00e9 se mudou para os Estados Unidos tinha 1,84 de altura e pesava 69 quilos (!!!).<\/p>\n<p>* Este \u00e9 o 2o Mundial da carreira de Carib\u00e9, seu primeiro foi Fukuoka 2023 onde chegou a semifinal dos 100m livre. \u00c9 o 1o Campeonato Mundial de Piscina Curta.<\/p>\n<p>* Esta foi sua primeira final, primeira medalha.<\/p>\n<p>* Foi a 57a medalha do Brasil em Mundiais de Curta, 24 ouros, 10 pratas e 23 bronzes.<\/p>\n<p>* Foi a 8a vez que o Brasil ganhou medalha nos 100m livre em Mundiais de Piscina Curta, quatro ouros e quatro pratas, \u00e9 a prova de todo programa que mais medalhas deu ao pa\u00eds.<\/p>\n<p>* Brasil n\u00e3o sai de Mundial de Piscina Curta sem ganhar medalha desde 2008. S\u00e3o oito edi\u00e7\u00f5es consecutivas. Em 18 Mundiais de Curta, somente tr\u00eas vezes o Brasil n\u00e3o ganhou medalha.<\/p>\n<p>* O tempo de 45.47 teria sido medalha de ouro em todos os Mundiais de Piscina Curta com exce\u00e7\u00e3o dos dois \u00faltimos (2022 e 2024).<\/p>\n<p>* Primeiro recorde sul-americano da carreira de Guilherme Carib\u00e9, 45.47 nos 100m livre em piscina curta.<\/p>\n<p>* Carib\u00e9 j\u00e1 quebrou dois recordes de Cesar Cielo 40.92 em jardas para 40.55 e piscina curta Cielo 45.74 para 45.47.<\/p>\n<p>* Parciais de Carib\u00e9 na prova de hoje<\/p>\n<p>0.75 de rea\u00e7\u00e3o, 10.27, 21.74 (11.47), 33.60 (11.86), 45.47 (11.87)<\/p>\n<p>* Carib\u00e9 era o 7o na rea\u00e7\u00e3o, 4o nos primeiros 25m, 3o nos 50m, 3o nos 75m, 2o nos 100m.<\/p>\n<p>* Parciais de Carib\u00e9 X outros da prova<\/p>\n<p>0.75 2o mais lento<\/p>\n<p>10.27 4o mais r\u00e1pido<\/p>\n<p>11.47 3o mais r\u00e1pido<\/p>\n<p>11.86 2o mais r\u00e1pido<\/p>\n<p>11.87 3o mais r\u00e1pido<\/p>\n<p>* Os quatro primeiros colocados dos 100m livre voltar\u00e3o a se encontrar no NCAA de 2025<\/p>\n<p>Jack Alexy pela Universidade da Calif\u00f3rnia<\/p>\n<p>Guilherme Carib\u00e9 e Jordan Crooks da Universidade do Tennessee<\/p>\n<p>Chris Giuliano pela Universidade do Texas<\/p>\n<p>* Os 45.47 de Carib\u00e9 a 22a melhor marca da hist\u00f3ria dos 100m livre, e Carib\u00e9 o 12o melhor da hist\u00f3ria da prova.<\/p>\n<p>* Nadar para 44 nos 100m livre em piscina curta somente tr\u00eas nadadores, pela ordem Kyle Chalmers, Amaury Leveaux, Vladimir Morozov e Jordan Crooks.<\/p>\n<p>&nbsp;<\/p>\n<p>Gostaria de receber as not\u00edcias de nata\u00e7\u00e3o e \u00e1guas abertas no seu email?<\/p>\n<p><a href=\"https:\/\/lpa.nitro.news\/n-GNe\/ultimas-noticias-swim-channel\">Cadastre-se aqui<\/a><\/p>\n","protected":false},"excerpt":{"rendered":"<p>A primeira medalha do Brasil no Mundial de Budapeste veio com Guilherme Carib\u00e9, anote a\u00ed uma s\u00e9rie de n\u00fameros, registros e estat\u00edsticas desta conquista que apuramos aqui: &nbsp; * 21 anos de idade, Guilherme Carib\u00e9 Oliveira Santos, nasceu em Salvador, Bahia, 1o de Mar\u00e7o de 2003. * 1,89 de altura e 81 quilos, quando Carib\u00e9 [&hellip;]<\/p>\n","protected":false},"author":12,"featured_media":68558,"comment_status":"open","ping_status":"open","sticky":false,"template":"","format":"standard","meta":{"footnotes":""},"categories":[137,2576],"tags":[1581,5130,5],"class_list":["post-70744","post","type-post","status-publish","format-standard","has-post-thumbnail","hentry","category-natacao","category-ultimas-noticias","tag-campeonato-mundial-de-piscina-curta","tag-guilherme-caribe","tag-natacao"],"yoast_head":"<!-- This site is optimized with the Yoast SEO plugin v27.0 - https:\/\/yoast.com\/product\/yoast-seo-wordpress\/ -->\n<title>Todos, todos, todos os n\u00fameros poss\u00edveis e imagin\u00e1veis de Guilherme Carib\u00e9 vice-campe\u00e3o mundial - Swimchannel<\/title>\n<meta name=\"robots\" content=\"index, follow, max-snippet:-1, max-image-preview:large, max-video-preview:-1\" \/>\n<link rel=\"canonical\" href=\"https:\/\/swimchannel.net\/br\/todos-todos-todos-os-numeros-possiveis-e-imaginaveis-de-guilherme-caribe-vice-campeao-mundial\/\" \/>\n<meta property=\"og:locale\" content=\"pt_BR\" \/>\n<meta property=\"og:type\" content=\"article\" \/>\n<meta property=\"og:title\" content=\"Todos, todos, todos os n\u00fameros poss\u00edveis e imagin\u00e1veis de Guilherme Carib\u00e9 vice-campe\u00e3o mundial - Swimchannel\" \/>\n<meta property=\"og:description\" content=\"A primeira medalha do Brasil no Mundial de Budapeste veio com Guilherme Carib\u00e9, anote a\u00ed uma s\u00e9rie de n\u00fameros, registros e estat\u00edsticas desta conquista que apuramos aqui: &nbsp; * 21 anos de idade, Guilherme Carib\u00e9 Oliveira Santos, nasceu em Salvador, Bahia, 1o de Mar\u00e7o de 2003. * 1,89 de altura e 81 quilos, quando Carib\u00e9 [&hellip;]\" \/>\n<meta property=\"og:url\" content=\"https:\/\/swimchannel.net\/br\/todos-todos-todos-os-numeros-possiveis-e-imaginaveis-de-guilherme-caribe-vice-campeao-mundial\/\" \/>\n<meta property=\"og:site_name\" content=\"Swimchannel\" \/>\n<meta property=\"article:publisher\" content=\"https:\/\/www.facebook.com\/swimchannel\" \/>\n<meta property=\"article:published_time\" content=\"2024-12-13T11:32:20+00:00\" \/>\n<meta property=\"article:modified_time\" content=\"2025-01-03T21:43:05+00:00\" \/>\n<meta property=\"og:image\" content=\"https:\/\/swimchannel.net\/br\/wp-content\/uploads\/2024\/08\/53924573612_30ba31af35_k-1.jpg\" \/>\n\t<meta property=\"og:image:width\" content=\"2048\" \/>\n\t<meta property=\"og:image:height\" content=\"1366\" \/>\n\t<meta property=\"og:image:type\" content=\"image\/jpeg\" \/>\n<meta name=\"author\" content=\"Alex Pussieldi\" \/>\n<meta name=\"twitter:card\" content=\"summary_large_image\" \/>\n<meta name=\"twitter:label1\" content=\"Escrito por\" \/>\n\t<meta name=\"twitter:data1\" content=\"Alex Pussieldi\" \/>\n\t<meta name=\"twitter:label2\" content=\"Est. tempo de leitura\" \/>\n\t<meta name=\"twitter:data2\" content=\"2 minutos\" \/>\n<script type=\"application\/ld+json\" class=\"yoast-schema-graph\">{\"@context\":\"https:\/\/schema.org\",\"@graph\":[{\"@type\":\"Article\",\"@id\":\"https:\/\/swimchannel.net\/br\/todos-todos-todos-os-numeros-possiveis-e-imaginaveis-de-guilherme-caribe-vice-campeao-mundial\/#article\",\"isPartOf\":{\"@id\":\"https:\/\/swimchannel.net\/br\/todos-todos-todos-os-numeros-possiveis-e-imaginaveis-de-guilherme-caribe-vice-campeao-mundial\/\"},\"author\":{\"name\":\"Alex Pussieldi\",\"@id\":\"https:\/\/swimchannel.net\/br\/#\/schema\/person\/cf549cb99cf75592fcf7c76213385e63\"},\"headline\":\"Todos, todos, todos os n\u00fameros poss\u00edveis e imagin\u00e1veis de Guilherme Carib\u00e9 vice-campe\u00e3o mundial\",\"datePublished\":\"2024-12-13T11:32:20+00:00\",\"dateModified\":\"2025-01-03T21:43:05+00:00\",\"mainEntityOfPage\":{\"@id\":\"https:\/\/swimchannel.net\/br\/todos-todos-todos-os-numeros-possiveis-e-imaginaveis-de-guilherme-caribe-vice-campeao-mundial\/\"},\"wordCount\":405,\"commentCount\":0,\"publisher\":{\"@id\":\"https:\/\/swimchannel.net\/br\/#organization\"},\"image\":{\"@id\":\"https:\/\/swimchannel.net\/br\/todos-todos-todos-os-numeros-possiveis-e-imaginaveis-de-guilherme-caribe-vice-campeao-mundial\/#primaryimage\"},\"thumbnailUrl\":\"https:\/\/swimchannel.net\/br\/wp-content\/uploads\/2024\/08\/53924573612_30ba31af35_k-1.jpg\",\"keywords\":[\"Campeonato Mundial de piscina curta\",\"Guilherme Carib\u00e9\",\"natacao\"],\"articleSection\":[\"Nata\u00e7\u00e3o\",\"\u00daltimas Not\u00edcias\"],\"inLanguage\":\"pt-BR\",\"potentialAction\":[{\"@type\":\"CommentAction\",\"name\":\"Comment\",\"target\":[\"https:\/\/swimchannel.net\/br\/todos-todos-todos-os-numeros-possiveis-e-imaginaveis-de-guilherme-caribe-vice-campeao-mundial\/#respond\"]}]},{\"@type\":\"WebPage\",\"@id\":\"https:\/\/swimchannel.net\/br\/todos-todos-todos-os-numeros-possiveis-e-imaginaveis-de-guilherme-caribe-vice-campeao-mundial\/\",\"url\":\"https:\/\/swimchannel.net\/br\/todos-todos-todos-os-numeros-possiveis-e-imaginaveis-de-guilherme-caribe-vice-campeao-mundial\/\",\"name\":\"Todos, todos, todos os n\u00fameros poss\u00edveis e imagin\u00e1veis de Guilherme Carib\u00e9 vice-campe\u00e3o mundial - Swimchannel\",\"isPartOf\":{\"@id\":\"https:\/\/swimchannel.net\/br\/#website\"},\"primaryImageOfPage\":{\"@id\":\"https:\/\/swimchannel.net\/br\/todos-todos-todos-os-numeros-possiveis-e-imaginaveis-de-guilherme-caribe-vice-campeao-mundial\/#primaryimage\"},\"image\":{\"@id\":\"https:\/\/swimchannel.net\/br\/todos-todos-todos-os-numeros-possiveis-e-imaginaveis-de-guilherme-caribe-vice-campeao-mundial\/#primaryimage\"},\"thumbnailUrl\":\"https:\/\/swimchannel.net\/br\/wp-content\/uploads\/2024\/08\/53924573612_30ba31af35_k-1.jpg\",\"datePublished\":\"2024-12-13T11:32:20+00:00\",\"dateModified\":\"2025-01-03T21:43:05+00:00\",\"breadcrumb\":{\"@id\":\"https:\/\/swimchannel.net\/br\/todos-todos-todos-os-numeros-possiveis-e-imaginaveis-de-guilherme-caribe-vice-campeao-mundial\/#breadcrumb\"},\"inLanguage\":\"pt-BR\",\"potentialAction\":[{\"@type\":\"ReadAction\",\"target\":[\"https:\/\/swimchannel.net\/br\/todos-todos-todos-os-numeros-possiveis-e-imaginaveis-de-guilherme-caribe-vice-campeao-mundial\/\"]}]},{\"@type\":\"ImageObject\",\"inLanguage\":\"pt-BR\",\"@id\":\"https:\/\/swimchannel.net\/br\/todos-todos-todos-os-numeros-possiveis-e-imaginaveis-de-guilherme-caribe-vice-campeao-mundial\/#primaryimage\",\"url\":\"https:\/\/swimchannel.net\/br\/wp-content\/uploads\/2024\/08\/53924573612_30ba31af35_k-1.jpg\",\"contentUrl\":\"https:\/\/swimchannel.net\/br\/wp-content\/uploads\/2024\/08\/53924573612_30ba31af35_k-1.jpg\",\"width\":2048,\"height\":1366,\"caption\":\"Guilherme Carib\u00e9 - Foto: Satiro Sodr\u00e9\"},{\"@type\":\"BreadcrumbList\",\"@id\":\"https:\/\/swimchannel.net\/br\/todos-todos-todos-os-numeros-possiveis-e-imaginaveis-de-guilherme-caribe-vice-campeao-mundial\/#breadcrumb\",\"itemListElement\":[{\"@type\":\"ListItem\",\"position\":1,\"name\":\"Home\",\"item\":\"https:\/\/swimchannel.net\/br\/\"},{\"@type\":\"ListItem\",\"position\":2,\"name\":\"Todos, todos, todos os n\u00fameros poss\u00edveis e imagin\u00e1veis de Guilherme Carib\u00e9 vice-campe\u00e3o mundial\"}]},{\"@type\":\"WebSite\",\"@id\":\"https:\/\/swimchannel.net\/br\/#website\",\"url\":\"https:\/\/swimchannel.net\/br\/\",\"name\":\"Swimchannel\",\"description\":\"Maior portal de nata\u00e7\u00e3o da america latina\",\"publisher\":{\"@id\":\"https:\/\/swimchannel.net\/br\/#organization\"},\"potentialAction\":[{\"@type\":\"SearchAction\",\"target\":{\"@type\":\"EntryPoint\",\"urlTemplate\":\"https:\/\/swimchannel.net\/br\/?s={search_term_string}\"},\"query-input\":{\"@type\":\"PropertyValueSpecification\",\"valueRequired\":true,\"valueName\":\"search_term_string\"}}],\"inLanguage\":\"pt-BR\"},{\"@type\":\"Organization\",\"@id\":\"https:\/\/swimchannel.net\/br\/#organization\",\"name\":\"Swimchannel - Conectando voc\u00ea a Nata\u00e7\u00e3o\",\"url\":\"https:\/\/swimchannel.net\/br\/\",\"logo\":{\"@type\":\"ImageObject\",\"inLanguage\":\"pt-BR\",\"@id\":\"https:\/\/swimchannel.net\/br\/#\/schema\/logo\/image\/\",\"url\":\"https:\/\/swimchannel.net\/br\/wp-content\/uploads\/2026\/02\/SWIM-CHANNEL.png\",\"contentUrl\":\"https:\/\/swimchannel.net\/br\/wp-content\/uploads\/2026\/02\/SWIM-CHANNEL.png\",\"width\":1120,\"height\":630,\"caption\":\"Swimchannel - Conectando voc\u00ea a Nata\u00e7\u00e3o\"},\"image\":{\"@id\":\"https:\/\/swimchannel.net\/br\/#\/schema\/logo\/image\/\"},\"sameAs\":[\"https:\/\/www.facebook.com\/swimchannel\",\"https:\/\/www.instagram.com\/swimchannel\"]},{\"@type\":\"Person\",\"@id\":\"https:\/\/swimchannel.net\/br\/#\/schema\/person\/cf549cb99cf75592fcf7c76213385e63\",\"name\":\"Alex Pussieldi\",\"image\":{\"@type\":\"ImageObject\",\"inLanguage\":\"pt-BR\",\"@id\":\"https:\/\/swimchannel.net\/br\/#\/schema\/person\/image\/\",\"url\":\"https:\/\/swimchannel.net\/br\/wp-content\/uploads\/2021\/02\/9b1c252d-a4bd-4eda-b399-24565cac4114-100x100.jpg\",\"contentUrl\":\"https:\/\/swimchannel.net\/br\/wp-content\/uploads\/2021\/02\/9b1c252d-a4bd-4eda-b399-24565cac4114-100x100.jpg\",\"caption\":\"Alex Pussieldi\"},\"description\":\"Alexandre Pussieldi, apelidado de \u201ccoach\u201d, Foi t\u00e9cnico da sele\u00e7\u00e3o verde e amarela nas Olimp\u00edadas de Pequim-2008 e Londres-2012. O treinador ainda comandou outros quatro pa\u00edses: Kuwait, Paraguai, Aruba e Antilhas Holandesas, al\u00e9m da sele\u00e7\u00e3o americana de \u00e1guas abertas. Pussieldi tem passagens como comentarista de nata\u00e7\u00e3o do Grupo Globo e Swim Channel.\",\"url\":\"https:\/\/swimchannel.net\/br\/author\/alexpussieldi\/\"}]}<\/script>\n<!-- \/ Yoast SEO plugin. -->","yoast_head_json":{"title":"Todos, todos, todos os n\u00fameros poss\u00edveis e imagin\u00e1veis de Guilherme Carib\u00e9 vice-campe\u00e3o mundial - Swimchannel","robots":{"index":"index","follow":"follow","max-snippet":"max-snippet:-1","max-image-preview":"max-image-preview:large","max-video-preview":"max-video-preview:-1"},"canonical":"https:\/\/swimchannel.net\/br\/todos-todos-todos-os-numeros-possiveis-e-imaginaveis-de-guilherme-caribe-vice-campeao-mundial\/","og_locale":"pt_BR","og_type":"article","og_title":"Todos, todos, todos os n\u00fameros poss\u00edveis e imagin\u00e1veis de Guilherme Carib\u00e9 vice-campe\u00e3o mundial - Swimchannel","og_description":"A primeira medalha do Brasil no Mundial de Budapeste veio com Guilherme Carib\u00e9, anote a\u00ed uma s\u00e9rie de n\u00fameros, registros e estat\u00edsticas desta conquista que apuramos aqui: &nbsp; * 21 anos de idade, Guilherme Carib\u00e9 Oliveira Santos, nasceu em Salvador, Bahia, 1o de Mar\u00e7o de 2003. * 1,89 de altura e 81 quilos, quando Carib\u00e9 [&hellip;]","og_url":"https:\/\/swimchannel.net\/br\/todos-todos-todos-os-numeros-possiveis-e-imaginaveis-de-guilherme-caribe-vice-campeao-mundial\/","og_site_name":"Swimchannel","article_publisher":"https:\/\/www.facebook.com\/swimchannel","article_published_time":"2024-12-13T11:32:20+00:00","article_modified_time":"2025-01-03T21:43:05+00:00","og_image":[{"width":2048,"height":1366,"url":"https:\/\/swimchannel.net\/br\/wp-content\/uploads\/2024\/08\/53924573612_30ba31af35_k-1.jpg","type":"image\/jpeg"}],"author":"Alex Pussieldi","twitter_card":"summary_large_image","twitter_misc":{"Escrito por":"Alex Pussieldi","Est. tempo de leitura":"2 minutos"},"schema":{"@context":"https:\/\/schema.org","@graph":[{"@type":"Article","@id":"https:\/\/swimchannel.net\/br\/todos-todos-todos-os-numeros-possiveis-e-imaginaveis-de-guilherme-caribe-vice-campeao-mundial\/#article","isPartOf":{"@id":"https:\/\/swimchannel.net\/br\/todos-todos-todos-os-numeros-possiveis-e-imaginaveis-de-guilherme-caribe-vice-campeao-mundial\/"},"author":{"name":"Alex Pussieldi","@id":"https:\/\/swimchannel.net\/br\/#\/schema\/person\/cf549cb99cf75592fcf7c76213385e63"},"headline":"Todos, todos, todos os n\u00fameros poss\u00edveis e imagin\u00e1veis de Guilherme Carib\u00e9 vice-campe\u00e3o mundial","datePublished":"2024-12-13T11:32:20+00:00","dateModified":"2025-01-03T21:43:05+00:00","mainEntityOfPage":{"@id":"https:\/\/swimchannel.net\/br\/todos-todos-todos-os-numeros-possiveis-e-imaginaveis-de-guilherme-caribe-vice-campeao-mundial\/"},"wordCount":405,"commentCount":0,"publisher":{"@id":"https:\/\/swimchannel.net\/br\/#organization"},"image":{"@id":"https:\/\/swimchannel.net\/br\/todos-todos-todos-os-numeros-possiveis-e-imaginaveis-de-guilherme-caribe-vice-campeao-mundial\/#primaryimage"},"thumbnailUrl":"https:\/\/swimchannel.net\/br\/wp-content\/uploads\/2024\/08\/53924573612_30ba31af35_k-1.jpg","keywords":["Campeonato Mundial de piscina curta","Guilherme Carib\u00e9","natacao"],"articleSection":["Nata\u00e7\u00e3o","\u00daltimas Not\u00edcias"],"inLanguage":"pt-BR","potentialAction":[{"@type":"CommentAction","name":"Comment","target":["https:\/\/swimchannel.net\/br\/todos-todos-todos-os-numeros-possiveis-e-imaginaveis-de-guilherme-caribe-vice-campeao-mundial\/#respond"]}]},{"@type":"WebPage","@id":"https:\/\/swimchannel.net\/br\/todos-todos-todos-os-numeros-possiveis-e-imaginaveis-de-guilherme-caribe-vice-campeao-mundial\/","url":"https:\/\/swimchannel.net\/br\/todos-todos-todos-os-numeros-possiveis-e-imaginaveis-de-guilherme-caribe-vice-campeao-mundial\/","name":"Todos, todos, todos os n\u00fameros poss\u00edveis e imagin\u00e1veis de Guilherme Carib\u00e9 vice-campe\u00e3o mundial - Swimchannel","isPartOf":{"@id":"https:\/\/swimchannel.net\/br\/#website"},"primaryImageOfPage":{"@id":"https:\/\/swimchannel.net\/br\/todos-todos-todos-os-numeros-possiveis-e-imaginaveis-de-guilherme-caribe-vice-campeao-mundial\/#primaryimage"},"image":{"@id":"https:\/\/swimchannel.net\/br\/todos-todos-todos-os-numeros-possiveis-e-imaginaveis-de-guilherme-caribe-vice-campeao-mundial\/#primaryimage"},"thumbnailUrl":"https:\/\/swimchannel.net\/br\/wp-content\/uploads\/2024\/08\/53924573612_30ba31af35_k-1.jpg","datePublished":"2024-12-13T11:32:20+00:00","dateModified":"2025-01-03T21:43:05+00:00","breadcrumb":{"@id":"https:\/\/swimchannel.net\/br\/todos-todos-todos-os-numeros-possiveis-e-imaginaveis-de-guilherme-caribe-vice-campeao-mundial\/#breadcrumb"},"inLanguage":"pt-BR","potentialAction":[{"@type":"ReadAction","target":["https:\/\/swimchannel.net\/br\/todos-todos-todos-os-numeros-possiveis-e-imaginaveis-de-guilherme-caribe-vice-campeao-mundial\/"]}]},{"@type":"ImageObject","inLanguage":"pt-BR","@id":"https:\/\/swimchannel.net\/br\/todos-todos-todos-os-numeros-possiveis-e-imaginaveis-de-guilherme-caribe-vice-campeao-mundial\/#primaryimage","url":"https:\/\/swimchannel.net\/br\/wp-content\/uploads\/2024\/08\/53924573612_30ba31af35_k-1.jpg","contentUrl":"https:\/\/swimchannel.net\/br\/wp-content\/uploads\/2024\/08\/53924573612_30ba31af35_k-1.jpg","width":2048,"height":1366,"caption":"Guilherme Carib\u00e9 - Foto: Satiro Sodr\u00e9"},{"@type":"BreadcrumbList","@id":"https:\/\/swimchannel.net\/br\/todos-todos-todos-os-numeros-possiveis-e-imaginaveis-de-guilherme-caribe-vice-campeao-mundial\/#breadcrumb","itemListElement":[{"@type":"ListItem","position":1,"name":"Home","item":"https:\/\/swimchannel.net\/br\/"},{"@type":"ListItem","position":2,"name":"Todos, todos, todos os n\u00fameros poss\u00edveis e imagin\u00e1veis de Guilherme Carib\u00e9 vice-campe\u00e3o mundial"}]},{"@type":"WebSite","@id":"https:\/\/swimchannel.net\/br\/#website","url":"https:\/\/swimchannel.net\/br\/","name":"Swimchannel","description":"Maior portal de nata\u00e7\u00e3o da america latina","publisher":{"@id":"https:\/\/swimchannel.net\/br\/#organization"},"potentialAction":[{"@type":"SearchAction","target":{"@type":"EntryPoint","urlTemplate":"https:\/\/swimchannel.net\/br\/?s={search_term_string}"},"query-input":{"@type":"PropertyValueSpecification","valueRequired":true,"valueName":"search_term_string"}}],"inLanguage":"pt-BR"},{"@type":"Organization","@id":"https:\/\/swimchannel.net\/br\/#organization","name":"Swimchannel - Conectando voc\u00ea a Nata\u00e7\u00e3o","url":"https:\/\/swimchannel.net\/br\/","logo":{"@type":"ImageObject","inLanguage":"pt-BR","@id":"https:\/\/swimchannel.net\/br\/#\/schema\/logo\/image\/","url":"https:\/\/swimchannel.net\/br\/wp-content\/uploads\/2026\/02\/SWIM-CHANNEL.png","contentUrl":"https:\/\/swimchannel.net\/br\/wp-content\/uploads\/2026\/02\/SWIM-CHANNEL.png","width":1120,"height":630,"caption":"Swimchannel - Conectando voc\u00ea a Nata\u00e7\u00e3o"},"image":{"@id":"https:\/\/swimchannel.net\/br\/#\/schema\/logo\/image\/"},"sameAs":["https:\/\/www.facebook.com\/swimchannel","https:\/\/www.instagram.com\/swimchannel"]},{"@type":"Person","@id":"https:\/\/swimchannel.net\/br\/#\/schema\/person\/cf549cb99cf75592fcf7c76213385e63","name":"Alex Pussieldi","image":{"@type":"ImageObject","inLanguage":"pt-BR","@id":"https:\/\/swimchannel.net\/br\/#\/schema\/person\/image\/","url":"https:\/\/swimchannel.net\/br\/wp-content\/uploads\/2021\/02\/9b1c252d-a4bd-4eda-b399-24565cac4114-100x100.jpg","contentUrl":"https:\/\/swimchannel.net\/br\/wp-content\/uploads\/2021\/02\/9b1c252d-a4bd-4eda-b399-24565cac4114-100x100.jpg","caption":"Alex Pussieldi"},"description":"Alexandre Pussieldi, apelidado de \u201ccoach\u201d, Foi t\u00e9cnico da sele\u00e7\u00e3o verde e amarela nas Olimp\u00edadas de Pequim-2008 e Londres-2012. O treinador ainda comandou outros quatro pa\u00edses: Kuwait, Paraguai, Aruba e Antilhas Holandesas, al\u00e9m da sele\u00e7\u00e3o americana de \u00e1guas abertas. Pussieldi tem passagens como comentarista de nata\u00e7\u00e3o do Grupo Globo e Swim Channel.","url":"https:\/\/swimchannel.net\/br\/author\/alexpussieldi\/"}]}},"_links":{"self":[{"href":"https:\/\/swimchannel.net\/br\/wp-json\/wp\/v2\/posts\/70744","targetHints":{"allow":["GET"]}}],"collection":[{"href":"https:\/\/swimchannel.net\/br\/wp-json\/wp\/v2\/posts"}],"about":[{"href":"https:\/\/swimchannel.net\/br\/wp-json\/wp\/v2\/types\/post"}],"author":[{"embeddable":true,"href":"https:\/\/swimchannel.net\/br\/wp-json\/wp\/v2\/users\/12"}],"replies":[{"embeddable":true,"href":"https:\/\/swimchannel.net\/br\/wp-json\/wp\/v2\/comments?post=70744"}],"version-history":[{"count":1,"href":"https:\/\/swimchannel.net\/br\/wp-json\/wp\/v2\/posts\/70744\/revisions"}],"predecessor-version":[{"id":70746,"href":"https:\/\/swimchannel.net\/br\/wp-json\/wp\/v2\/posts\/70744\/revisions\/70746"}],"wp:featuredmedia":[{"embeddable":true,"href":"https:\/\/swimchannel.net\/br\/wp-json\/wp\/v2\/media\/68558"}],"wp:attachment":[{"href":"https:\/\/swimchannel.net\/br\/wp-json\/wp\/v2\/media?parent=70744"}],"wp:term":[{"taxonomy":"category","embeddable":true,"href":"https:\/\/swimchannel.net\/br\/wp-json\/wp\/v2\/categories?post=70744"},{"taxonomy":"post_tag","embeddable":true,"href":"https:\/\/swimchannel.net\/br\/wp-json\/wp\/v2\/tags?post=70744"}],"curies":[{"name":"wp","href":"https:\/\/api.w.org\/{rel}","templated":true}]}}