{"id":70764,"date":"2024-12-15T22:45:36","date_gmt":"2024-12-16T01:45:36","guid":{"rendered":"https:\/\/swimchannel.net\/br\/?p=70764"},"modified":"2024-12-15T22:50:53","modified_gmt":"2024-12-16T01:50:53","slug":"guilherme-caribe-e-prata-de-novo-em-budapeste","status":"publish","type":"post","link":"https:\/\/swimchannel.net\/br\/guilherme-caribe-e-prata-de-novo-em-budapeste\/","title":{"rendered":"Guilherme Carib\u00e9 \u00e9 prata de novo em Budapeste"},"content":{"rendered":"<p>Mais uma medalha para Guilherme Carib\u00e9 no Campeonato Mundial de piscina curta de Budapeste. Ap\u00f3s a prata nos 100m livre na \u00faltima quinta-feira, o brasileiro voltou a se sagrar vice-campe\u00e3o mundial. Desta vez o p\u00f3dio veio nos 50m livre. Com uma \u00f3tima parte final de prova, Carib\u00e9 garantiu a terceira medalha do pa\u00eds no evento.<\/p>\n<p>O velocista teve o melhor tempo de rea\u00e7\u00e3o com 0s68, mesma marca do sul-coreano Yuchan Ji e virou na terceira coloca\u00e7\u00e3o empatado com o russo Egor Kornev. Mais uma vez entrou em a\u00e7\u00e3o o forte fim de prova de Carib\u00e9 que se recuperou e bateu na segunda coloca\u00e7\u00e3o com 20.57, 38 cent\u00e9simos atr\u00e1s do campe\u00e3o Jordan Crooks que nadou para 20.19. O americano Jack Alexy completou o p\u00f3dio em terceiro com 20.61.<\/p>\n<figure id=\"attachment_70765\" aria-describedby=\"caption-attachment-70765\" style=\"width: 600px\" class=\"wp-caption alignnone\"><img loading=\"lazy\" decoding=\"async\" class=\"size-large wp-image-70765\" src=\"https:\/\/swimchannel.net\/br\/wp-content\/uploads\/2024\/12\/WhatsApp-Image-2024-12-15-at-14.48.57-600x800.jpeg\" alt=\"\" width=\"600\" height=\"800\" srcset=\"https:\/\/swimchannel.net\/br\/wp-content\/uploads\/2024\/12\/WhatsApp-Image-2024-12-15-at-14.48.57-600x800.jpeg 600w, https:\/\/swimchannel.net\/br\/wp-content\/uploads\/2024\/12\/WhatsApp-Image-2024-12-15-at-14.48.57-506x675.jpeg 506w, https:\/\/swimchannel.net\/br\/wp-content\/uploads\/2024\/12\/WhatsApp-Image-2024-12-15-at-14.48.57-135x180.jpeg 135w, https:\/\/swimchannel.net\/br\/wp-content\/uploads\/2024\/12\/WhatsApp-Image-2024-12-15-at-14.48.57-768x1024.jpeg 768w, https:\/\/swimchannel.net\/br\/wp-content\/uploads\/2024\/12\/WhatsApp-Image-2024-12-15-at-14.48.57-750x1000.jpeg 750w, https:\/\/swimchannel.net\/br\/wp-content\/uploads\/2024\/12\/WhatsApp-Image-2024-12-15-at-14.48.57.jpeg 960w\" sizes=\"auto, (max-width: 600px) 100vw, 600px\" \/><figcaption id=\"caption-attachment-70765\" class=\"wp-caption-text\">Guilherme Carib\u00e9 &#8211; Foto: CBDA\/Reprodu\u00e7\u00e3o<\/figcaption><\/figure>\n<p>Dessa forma o pa\u00eds fecha a campanha em Budapeste com tr\u00eas medalhas. Al\u00e9m dessa medalha de Carib\u00e9 nos 50m livre, ele tamb\u00e9m havia sido prata nos 100m livre e Caio Pumputis havia sido bronze nos 100m peito. Ao todo foram dez recordes sul-americanos superados pelos brasileiros neste Mundial.<\/p>\n<p>Outros destaques do \u00faltimo dia de competi\u00e7\u00f5es em Budapeste foram Gretchen Walsh, Regan Smith e Luke Hobson. Gretchen venceu os 50m livre com novo recorde mundial: 22.83, para coroar sua brilhante performance em Budapeste. J\u00e1 Regan venceu os 200m costas tamb\u00e9m com novo recorde mundial (1:58.04) e o brit\u00e2nico Hobson foi nos 200m livre, tamb\u00e9m com nova marca mundiais: 1:38.61.\u00a0Outros campe\u00f5es individuais do dia foram Ruta Meilutyte e Haiyang Qin nos 50m peito, Hubert Kos nos 200m costas e Siobhan Haughney nos 200m livre.<\/p>\n<figure id=\"attachment_67946\" aria-describedby=\"caption-attachment-67946\" style=\"width: 1200px\" class=\"wp-caption alignnone\"><img loading=\"lazy\" decoding=\"async\" class=\"size-large wp-image-67946\" src=\"https:\/\/swimchannel.net\/br\/wp-content\/uploads\/2024\/07\/Fukuoka23_Heats_July24SMITH-Regan016-1200x800.jpg\" alt=\"\" width=\"1200\" height=\"800\" srcset=\"https:\/\/swimchannel.net\/br\/wp-content\/uploads\/2024\/07\/Fukuoka23_Heats_July24SMITH-Regan016-1200x800.jpg 1200w, https:\/\/swimchannel.net\/br\/wp-content\/uploads\/2024\/07\/Fukuoka23_Heats_July24SMITH-Regan016-1013x675.jpg 1013w, https:\/\/swimchannel.net\/br\/wp-content\/uploads\/2024\/07\/Fukuoka23_Heats_July24SMITH-Regan016-270x180.jpg 270w, https:\/\/swimchannel.net\/br\/wp-content\/uploads\/2024\/07\/Fukuoka23_Heats_July24SMITH-Regan016-768x512.jpg 768w, https:\/\/swimchannel.net\/br\/wp-content\/uploads\/2024\/07\/Fukuoka23_Heats_July24SMITH-Regan016-750x500.jpg 750w, https:\/\/swimchannel.net\/br\/wp-content\/uploads\/2024\/07\/Fukuoka23_Heats_July24SMITH-Regan016-1140x760.jpg 1140w, https:\/\/swimchannel.net\/br\/wp-content\/uploads\/2024\/07\/Fukuoka23_Heats_July24SMITH-Regan016.jpg 1500w\" sizes=\"auto, (max-width: 1200px) 100vw, 1200px\" \/><figcaption id=\"caption-attachment-67946\" class=\"wp-caption-text\">Regan Smith &#8211; Foto: Reprodu\u00e7\u00e3o<\/figcaption><\/figure>\n<p>Nas provas do revezamento 4x100m medley, tivemos dois novos recordes mundiais. No feminino o supertime dos Estados Unidos formado por Regan Smith, Lilly King, Gretchen Walsh e Kate Douglass marcou 3:40.41. Na vers\u00e3o masculina a vit\u00f3ria foi dos Atletas Neutros B, formado pelos russos Miron Lifintsev, Kirill Prigoda, Andrei Minakov e Egor Kornev que nadou para 3:18.68.<\/p>\n<p>No quadro final de medalhas, os Estados Unidos terminaram muito a frente da concorr\u00eancia com 39 p\u00f3dios, sendo 18 de ouro, 13 de prata e oito de bronze. A seguir veio o time dos Atletas Neutros B, representando a R\u00fassia que somou dez medalhas, sendo seis de ouro e quatro de prata. Ao todo, 26 pa\u00edses subiram ao p\u00f3dio em Budapeste. Fechando o top 3 veio o Canad\u00e1 com quatro ouros, cinco pratas e seis bronzes, totalizando 15 p\u00f3dios.<\/p>\n<figure id=\"attachment_69771\" aria-describedby=\"caption-attachment-69771\" style=\"width: 945px\" class=\"wp-caption alignnone\"><img loading=\"lazy\" decoding=\"async\" class=\"size-full wp-image-69771\" src=\"https:\/\/swimchannel.net\/br\/wp-content\/uploads\/2024\/10\/Gretchen-Walsh-By-Jack-Spitser-DSC07666-scaled-1-1030x687-1.jpg\" alt=\"\" width=\"945\" height=\"630\" srcset=\"https:\/\/swimchannel.net\/br\/wp-content\/uploads\/2024\/10\/Gretchen-Walsh-By-Jack-Spitser-DSC07666-scaled-1-1030x687-1.jpg 945w, https:\/\/swimchannel.net\/br\/wp-content\/uploads\/2024\/10\/Gretchen-Walsh-By-Jack-Spitser-DSC07666-scaled-1-1030x687-1-270x180.jpg 270w, https:\/\/swimchannel.net\/br\/wp-content\/uploads\/2024\/10\/Gretchen-Walsh-By-Jack-Spitser-DSC07666-scaled-1-1030x687-1-768x512.jpg 768w, https:\/\/swimchannel.net\/br\/wp-content\/uploads\/2024\/10\/Gretchen-Walsh-By-Jack-Spitser-DSC07666-scaled-1-1030x687-1-750x500.jpg 750w\" sizes=\"auto, (max-width: 945px) 100vw, 945px\" \/><figcaption id=\"caption-attachment-69771\" class=\"wp-caption-text\">Gretchen Walsh (photo: <a href=\"https:\/\/jackspitser.com\/\">Jack Spitser)<\/a><\/figcaption><\/figure>\n<p>O Campeonato Mundial de curta de Budapeste registrou 30 recordes mundiais, superando a edi\u00e7\u00e3o de Doha-2014 que teve 23. O grande destaque foi a americana Gretchen Walsh que superou nada mais, nada menos do que 11 marcas globais. De acordo com Daniel Takata, ela se tornou a primeira nadadora da hist\u00f3ria a superar mais de sete recordes mundiais em uma mesma competi\u00e7\u00e3o, algo que apenas as lendas Mark Spitz e Michael Phelps haviam feito.<\/p>\n<p>A pr\u00f3xima edi\u00e7\u00e3o do Campeonato Mundial de curta ser\u00e1 disputada no ano de 2026 em sede ainda a ser definida pela World Aquatics. Confira todos os resultados de Budapeste aqui: <strong><a href=\"https:\/\/www.omegatiming.com\/2024\/world-aquatics-swimming-championships-25m-live-results\" target=\"_blank\" rel=\"noopener\">https:\/\/www.omegatiming.com\/2024\/world-aquatics-swimming-championships-25m-live-results<\/a><\/strong>.<\/p>\n<p>&nbsp;<\/p>\n<p>Gostaria de receber as not\u00edcias de nata\u00e7\u00e3o e \u00e1guas abertas no seu email?<\/p>\n<p><a href=\"https:\/\/lpa.nitro.news\/n-GNe\/ultimas-noticias-swim-channel\">Cadastre-se aqui<\/a><\/p>\n","protected":false},"excerpt":{"rendered":"<p>Mais uma medalha para Guilherme Carib\u00e9 no Campeonato Mundial de piscina curta de Budapeste. Ap\u00f3s a prata nos 100m livre na \u00faltima quinta-feira, o brasileiro voltou a se sagrar vice-campe\u00e3o mundial. Desta vez o p\u00f3dio veio nos 50m livre. Com uma \u00f3tima parte final de prova, Carib\u00e9 garantiu a terceira medalha do pa\u00eds no evento. [&hellip;]<\/p>\n","protected":false},"author":3,"featured_media":61378,"comment_status":"open","ping_status":"open","sticky":false,"template":"","format":"gallery","meta":{"footnotes":""},"categories":[58],"tags":[6133,44,2280,5130,5],"class_list":["post-70764","post","type-post","status-publish","format-gallery","has-post-thumbnail","hentry","category-campeonato-mundial","tag-budapeste-2024","tag-campeonato-mundial","tag-campeonato-mundial-de-curta","tag-guilherme-caribe","tag-natacao","post_format-post-format-gallery"],"yoast_head":"<!-- This site is optimized with the Yoast SEO plugin v27.0 - https:\/\/yoast.com\/product\/yoast-seo-wordpress\/ -->\n<title>Guilherme Carib\u00e9 \u00e9 prata de novo em Budapeste - Swimchannel<\/title>\n<meta name=\"robots\" content=\"index, follow, max-snippet:-1, max-image-preview:large, max-video-preview:-1\" \/>\n<link rel=\"canonical\" href=\"https:\/\/swimchannel.net\/br\/guilherme-caribe-e-prata-de-novo-em-budapeste\/\" \/>\n<meta property=\"og:locale\" content=\"pt_BR\" \/>\n<meta property=\"og:type\" content=\"article\" \/>\n<meta property=\"og:title\" content=\"Guilherme Carib\u00e9 \u00e9 prata de novo em Budapeste - Swimchannel\" \/>\n<meta property=\"og:description\" content=\"Mais uma medalha para Guilherme Carib\u00e9 no Campeonato Mundial de piscina curta de Budapeste. Ap\u00f3s a prata nos 100m livre na \u00faltima quinta-feira, o brasileiro voltou a se sagrar vice-campe\u00e3o mundial. Desta vez o p\u00f3dio veio nos 50m livre. Com uma \u00f3tima parte final de prova, Carib\u00e9 garantiu a terceira medalha do pa\u00eds no evento. [&hellip;]\" \/>\n<meta property=\"og:url\" content=\"https:\/\/swimchannel.net\/br\/guilherme-caribe-e-prata-de-novo-em-budapeste\/\" \/>\n<meta property=\"og:site_name\" content=\"Swimchannel\" \/>\n<meta property=\"article:publisher\" content=\"https:\/\/www.facebook.com\/swimchannel\" \/>\n<meta property=\"article:published_time\" content=\"2024-12-16T01:45:36+00:00\" \/>\n<meta property=\"article:modified_time\" content=\"2024-12-16T01:50:53+00:00\" \/>\n<meta property=\"og:image\" content=\"https:\/\/swimchannel.net\/br\/wp-content\/uploads\/2023\/10\/53280780689_8fa1328e07_k.jpg\" \/>\n\t<meta property=\"og:image:width\" content=\"945\" \/>\n\t<meta property=\"og:image:height\" content=\"630\" \/>\n\t<meta property=\"og:image:type\" content=\"image\/jpeg\" \/>\n<meta name=\"author\" content=\"Guilherme Freitas\" \/>\n<meta name=\"twitter:card\" content=\"summary_large_image\" \/>\n<meta name=\"twitter:label1\" content=\"Escrito por\" \/>\n\t<meta name=\"twitter:data1\" content=\"Guilherme Freitas\" \/>\n\t<meta name=\"twitter:label2\" content=\"Est. tempo de leitura\" \/>\n\t<meta name=\"twitter:data2\" content=\"3 minutos\" \/>\n<script type=\"application\/ld+json\" class=\"yoast-schema-graph\">{\"@context\":\"https:\/\/schema.org\",\"@graph\":[{\"@type\":\"Article\",\"@id\":\"https:\/\/swimchannel.net\/br\/guilherme-caribe-e-prata-de-novo-em-budapeste\/#article\",\"isPartOf\":{\"@id\":\"https:\/\/swimchannel.net\/br\/guilherme-caribe-e-prata-de-novo-em-budapeste\/\"},\"author\":{\"name\":\"Guilherme Freitas\",\"@id\":\"https:\/\/swimchannel.net\/br\/#\/schema\/person\/aa2a63bab3275f53749a83276b213c48\"},\"headline\":\"Guilherme Carib\u00e9 \u00e9 prata de novo em Budapeste\",\"datePublished\":\"2024-12-16T01:45:36+00:00\",\"dateModified\":\"2024-12-16T01:50:53+00:00\",\"mainEntityOfPage\":{\"@id\":\"https:\/\/swimchannel.net\/br\/guilherme-caribe-e-prata-de-novo-em-budapeste\/\"},\"wordCount\":586,\"commentCount\":0,\"publisher\":{\"@id\":\"https:\/\/swimchannel.net\/br\/#organization\"},\"image\":{\"@id\":\"https:\/\/swimchannel.net\/br\/guilherme-caribe-e-prata-de-novo-em-budapeste\/#primaryimage\"},\"thumbnailUrl\":\"https:\/\/swimchannel.net\/br\/wp-content\/uploads\/2023\/10\/53280780689_8fa1328e07_k.jpg\",\"keywords\":[\"Budapeste-2024\",\"Campeonato Mundial\",\"Campeonato Mundial de curta\",\"Guilherme Carib\u00e9\",\"natacao\"],\"articleSection\":[\"Campeonato Mundial\"],\"inLanguage\":\"pt-BR\",\"potentialAction\":[{\"@type\":\"CommentAction\",\"name\":\"Comment\",\"target\":[\"https:\/\/swimchannel.net\/br\/guilherme-caribe-e-prata-de-novo-em-budapeste\/#respond\"]}]},{\"@type\":\"WebPage\",\"@id\":\"https:\/\/swimchannel.net\/br\/guilherme-caribe-e-prata-de-novo-em-budapeste\/\",\"url\":\"https:\/\/swimchannel.net\/br\/guilherme-caribe-e-prata-de-novo-em-budapeste\/\",\"name\":\"Guilherme Carib\u00e9 \u00e9 prata de novo em Budapeste - Swimchannel\",\"isPartOf\":{\"@id\":\"https:\/\/swimchannel.net\/br\/#website\"},\"primaryImageOfPage\":{\"@id\":\"https:\/\/swimchannel.net\/br\/guilherme-caribe-e-prata-de-novo-em-budapeste\/#primaryimage\"},\"image\":{\"@id\":\"https:\/\/swimchannel.net\/br\/guilherme-caribe-e-prata-de-novo-em-budapeste\/#primaryimage\"},\"thumbnailUrl\":\"https:\/\/swimchannel.net\/br\/wp-content\/uploads\/2023\/10\/53280780689_8fa1328e07_k.jpg\",\"datePublished\":\"2024-12-16T01:45:36+00:00\",\"dateModified\":\"2024-12-16T01:50:53+00:00\",\"breadcrumb\":{\"@id\":\"https:\/\/swimchannel.net\/br\/guilherme-caribe-e-prata-de-novo-em-budapeste\/#breadcrumb\"},\"inLanguage\":\"pt-BR\",\"potentialAction\":[{\"@type\":\"ReadAction\",\"target\":[\"https:\/\/swimchannel.net\/br\/guilherme-caribe-e-prata-de-novo-em-budapeste\/\"]}]},{\"@type\":\"ImageObject\",\"inLanguage\":\"pt-BR\",\"@id\":\"https:\/\/swimchannel.net\/br\/guilherme-caribe-e-prata-de-novo-em-budapeste\/#primaryimage\",\"url\":\"https:\/\/swimchannel.net\/br\/wp-content\/uploads\/2023\/10\/53280780689_8fa1328e07_k.jpg\",\"contentUrl\":\"https:\/\/swimchannel.net\/br\/wp-content\/uploads\/2023\/10\/53280780689_8fa1328e07_k.jpg\",\"width\":945,\"height\":630,\"caption\":\"Guilherme Carib\u00e9 - Foto: Satiro Sodr\u00e9\"},{\"@type\":\"BreadcrumbList\",\"@id\":\"https:\/\/swimchannel.net\/br\/guilherme-caribe-e-prata-de-novo-em-budapeste\/#breadcrumb\",\"itemListElement\":[{\"@type\":\"ListItem\",\"position\":1,\"name\":\"Home\",\"item\":\"https:\/\/swimchannel.net\/br\/\"},{\"@type\":\"ListItem\",\"position\":2,\"name\":\"Guilherme Carib\u00e9 \u00e9 prata de novo em Budapeste\"}]},{\"@type\":\"WebSite\",\"@id\":\"https:\/\/swimchannel.net\/br\/#website\",\"url\":\"https:\/\/swimchannel.net\/br\/\",\"name\":\"Swimchannel\",\"description\":\"Maior portal de nata\u00e7\u00e3o da america latina\",\"publisher\":{\"@id\":\"https:\/\/swimchannel.net\/br\/#organization\"},\"potentialAction\":[{\"@type\":\"SearchAction\",\"target\":{\"@type\":\"EntryPoint\",\"urlTemplate\":\"https:\/\/swimchannel.net\/br\/?s={search_term_string}\"},\"query-input\":{\"@type\":\"PropertyValueSpecification\",\"valueRequired\":true,\"valueName\":\"search_term_string\"}}],\"inLanguage\":\"pt-BR\"},{\"@type\":\"Organization\",\"@id\":\"https:\/\/swimchannel.net\/br\/#organization\",\"name\":\"Swimchannel - Conectando voc\u00ea a Nata\u00e7\u00e3o\",\"url\":\"https:\/\/swimchannel.net\/br\/\",\"logo\":{\"@type\":\"ImageObject\",\"inLanguage\":\"pt-BR\",\"@id\":\"https:\/\/swimchannel.net\/br\/#\/schema\/logo\/image\/\",\"url\":\"https:\/\/swimchannel.net\/br\/wp-content\/uploads\/2026\/02\/SWIM-CHANNEL.png\",\"contentUrl\":\"https:\/\/swimchannel.net\/br\/wp-content\/uploads\/2026\/02\/SWIM-CHANNEL.png\",\"width\":1120,\"height\":630,\"caption\":\"Swimchannel - Conectando voc\u00ea a Nata\u00e7\u00e3o\"},\"image\":{\"@id\":\"https:\/\/swimchannel.net\/br\/#\/schema\/logo\/image\/\"},\"sameAs\":[\"https:\/\/www.facebook.com\/swimchannel\",\"https:\/\/www.instagram.com\/swimchannel\"]},{\"@type\":\"Person\",\"@id\":\"https:\/\/swimchannel.net\/br\/#\/schema\/person\/aa2a63bab3275f53749a83276b213c48\",\"name\":\"Guilherme Freitas\",\"image\":{\"@type\":\"ImageObject\",\"inLanguage\":\"pt-BR\",\"@id\":\"https:\/\/swimchannel.net\/br\/#\/schema\/person\/image\/\",\"url\":\"https:\/\/swimchannel.net\/br\/wp-content\/uploads\/2025\/10\/gui22-193x180.png\",\"contentUrl\":\"https:\/\/swimchannel.net\/br\/wp-content\/uploads\/2025\/10\/gui22-193x180.png\",\"caption\":\"Guilherme Freitas\"},\"description\":\"Jornalista s\u00eanior da SWIM CHANNEL, ex-correspondente da FINA no Brasil e pesquisador acad\u00eamico.\",\"sameAs\":[\"instagram.com\/guifreitas86\"],\"url\":\"https:\/\/swimchannel.net\/br\/author\/guilherme-freitas\/\"}]}<\/script>\n<!-- \/ Yoast SEO plugin. -->","yoast_head_json":{"title":"Guilherme Carib\u00e9 \u00e9 prata de novo em Budapeste - Swimchannel","robots":{"index":"index","follow":"follow","max-snippet":"max-snippet:-1","max-image-preview":"max-image-preview:large","max-video-preview":"max-video-preview:-1"},"canonical":"https:\/\/swimchannel.net\/br\/guilherme-caribe-e-prata-de-novo-em-budapeste\/","og_locale":"pt_BR","og_type":"article","og_title":"Guilherme Carib\u00e9 \u00e9 prata de novo em Budapeste - Swimchannel","og_description":"Mais uma medalha para Guilherme Carib\u00e9 no Campeonato Mundial de piscina curta de Budapeste. Ap\u00f3s a prata nos 100m livre na \u00faltima quinta-feira, o brasileiro voltou a se sagrar vice-campe\u00e3o mundial. Desta vez o p\u00f3dio veio nos 50m livre. Com uma \u00f3tima parte final de prova, Carib\u00e9 garantiu a terceira medalha do pa\u00eds no evento. [&hellip;]","og_url":"https:\/\/swimchannel.net\/br\/guilherme-caribe-e-prata-de-novo-em-budapeste\/","og_site_name":"Swimchannel","article_publisher":"https:\/\/www.facebook.com\/swimchannel","article_published_time":"2024-12-16T01:45:36+00:00","article_modified_time":"2024-12-16T01:50:53+00:00","og_image":[{"width":945,"height":630,"url":"https:\/\/swimchannel.net\/br\/wp-content\/uploads\/2023\/10\/53280780689_8fa1328e07_k.jpg","type":"image\/jpeg"}],"author":"Guilherme Freitas","twitter_card":"summary_large_image","twitter_misc":{"Escrito por":"Guilherme Freitas","Est. tempo de leitura":"3 minutos"},"schema":{"@context":"https:\/\/schema.org","@graph":[{"@type":"Article","@id":"https:\/\/swimchannel.net\/br\/guilherme-caribe-e-prata-de-novo-em-budapeste\/#article","isPartOf":{"@id":"https:\/\/swimchannel.net\/br\/guilherme-caribe-e-prata-de-novo-em-budapeste\/"},"author":{"name":"Guilherme Freitas","@id":"https:\/\/swimchannel.net\/br\/#\/schema\/person\/aa2a63bab3275f53749a83276b213c48"},"headline":"Guilherme Carib\u00e9 \u00e9 prata de novo em Budapeste","datePublished":"2024-12-16T01:45:36+00:00","dateModified":"2024-12-16T01:50:53+00:00","mainEntityOfPage":{"@id":"https:\/\/swimchannel.net\/br\/guilherme-caribe-e-prata-de-novo-em-budapeste\/"},"wordCount":586,"commentCount":0,"publisher":{"@id":"https:\/\/swimchannel.net\/br\/#organization"},"image":{"@id":"https:\/\/swimchannel.net\/br\/guilherme-caribe-e-prata-de-novo-em-budapeste\/#primaryimage"},"thumbnailUrl":"https:\/\/swimchannel.net\/br\/wp-content\/uploads\/2023\/10\/53280780689_8fa1328e07_k.jpg","keywords":["Budapeste-2024","Campeonato Mundial","Campeonato Mundial de curta","Guilherme Carib\u00e9","natacao"],"articleSection":["Campeonato Mundial"],"inLanguage":"pt-BR","potentialAction":[{"@type":"CommentAction","name":"Comment","target":["https:\/\/swimchannel.net\/br\/guilherme-caribe-e-prata-de-novo-em-budapeste\/#respond"]}]},{"@type":"WebPage","@id":"https:\/\/swimchannel.net\/br\/guilherme-caribe-e-prata-de-novo-em-budapeste\/","url":"https:\/\/swimchannel.net\/br\/guilherme-caribe-e-prata-de-novo-em-budapeste\/","name":"Guilherme Carib\u00e9 \u00e9 prata de novo em Budapeste - Swimchannel","isPartOf":{"@id":"https:\/\/swimchannel.net\/br\/#website"},"primaryImageOfPage":{"@id":"https:\/\/swimchannel.net\/br\/guilherme-caribe-e-prata-de-novo-em-budapeste\/#primaryimage"},"image":{"@id":"https:\/\/swimchannel.net\/br\/guilherme-caribe-e-prata-de-novo-em-budapeste\/#primaryimage"},"thumbnailUrl":"https:\/\/swimchannel.net\/br\/wp-content\/uploads\/2023\/10\/53280780689_8fa1328e07_k.jpg","datePublished":"2024-12-16T01:45:36+00:00","dateModified":"2024-12-16T01:50:53+00:00","breadcrumb":{"@id":"https:\/\/swimchannel.net\/br\/guilherme-caribe-e-prata-de-novo-em-budapeste\/#breadcrumb"},"inLanguage":"pt-BR","potentialAction":[{"@type":"ReadAction","target":["https:\/\/swimchannel.net\/br\/guilherme-caribe-e-prata-de-novo-em-budapeste\/"]}]},{"@type":"ImageObject","inLanguage":"pt-BR","@id":"https:\/\/swimchannel.net\/br\/guilherme-caribe-e-prata-de-novo-em-budapeste\/#primaryimage","url":"https:\/\/swimchannel.net\/br\/wp-content\/uploads\/2023\/10\/53280780689_8fa1328e07_k.jpg","contentUrl":"https:\/\/swimchannel.net\/br\/wp-content\/uploads\/2023\/10\/53280780689_8fa1328e07_k.jpg","width":945,"height":630,"caption":"Guilherme Carib\u00e9 - Foto: Satiro Sodr\u00e9"},{"@type":"BreadcrumbList","@id":"https:\/\/swimchannel.net\/br\/guilherme-caribe-e-prata-de-novo-em-budapeste\/#breadcrumb","itemListElement":[{"@type":"ListItem","position":1,"name":"Home","item":"https:\/\/swimchannel.net\/br\/"},{"@type":"ListItem","position":2,"name":"Guilherme Carib\u00e9 \u00e9 prata de novo em Budapeste"}]},{"@type":"WebSite","@id":"https:\/\/swimchannel.net\/br\/#website","url":"https:\/\/swimchannel.net\/br\/","name":"Swimchannel","description":"Maior portal de nata\u00e7\u00e3o da america latina","publisher":{"@id":"https:\/\/swimchannel.net\/br\/#organization"},"potentialAction":[{"@type":"SearchAction","target":{"@type":"EntryPoint","urlTemplate":"https:\/\/swimchannel.net\/br\/?s={search_term_string}"},"query-input":{"@type":"PropertyValueSpecification","valueRequired":true,"valueName":"search_term_string"}}],"inLanguage":"pt-BR"},{"@type":"Organization","@id":"https:\/\/swimchannel.net\/br\/#organization","name":"Swimchannel - Conectando voc\u00ea a Nata\u00e7\u00e3o","url":"https:\/\/swimchannel.net\/br\/","logo":{"@type":"ImageObject","inLanguage":"pt-BR","@id":"https:\/\/swimchannel.net\/br\/#\/schema\/logo\/image\/","url":"https:\/\/swimchannel.net\/br\/wp-content\/uploads\/2026\/02\/SWIM-CHANNEL.png","contentUrl":"https:\/\/swimchannel.net\/br\/wp-content\/uploads\/2026\/02\/SWIM-CHANNEL.png","width":1120,"height":630,"caption":"Swimchannel - Conectando voc\u00ea a Nata\u00e7\u00e3o"},"image":{"@id":"https:\/\/swimchannel.net\/br\/#\/schema\/logo\/image\/"},"sameAs":["https:\/\/www.facebook.com\/swimchannel","https:\/\/www.instagram.com\/swimchannel"]},{"@type":"Person","@id":"https:\/\/swimchannel.net\/br\/#\/schema\/person\/aa2a63bab3275f53749a83276b213c48","name":"Guilherme Freitas","image":{"@type":"ImageObject","inLanguage":"pt-BR","@id":"https:\/\/swimchannel.net\/br\/#\/schema\/person\/image\/","url":"https:\/\/swimchannel.net\/br\/wp-content\/uploads\/2025\/10\/gui22-193x180.png","contentUrl":"https:\/\/swimchannel.net\/br\/wp-content\/uploads\/2025\/10\/gui22-193x180.png","caption":"Guilherme Freitas"},"description":"Jornalista s\u00eanior da SWIM CHANNEL, ex-correspondente da FINA no Brasil e pesquisador acad\u00eamico.","sameAs":["instagram.com\/guifreitas86"],"url":"https:\/\/swimchannel.net\/br\/author\/guilherme-freitas\/"}]}},"_links":{"self":[{"href":"https:\/\/swimchannel.net\/br\/wp-json\/wp\/v2\/posts\/70764","targetHints":{"allow":["GET"]}}],"collection":[{"href":"https:\/\/swimchannel.net\/br\/wp-json\/wp\/v2\/posts"}],"about":[{"href":"https:\/\/swimchannel.net\/br\/wp-json\/wp\/v2\/types\/post"}],"author":[{"embeddable":true,"href":"https:\/\/swimchannel.net\/br\/wp-json\/wp\/v2\/users\/3"}],"replies":[{"embeddable":true,"href":"https:\/\/swimchannel.net\/br\/wp-json\/wp\/v2\/comments?post=70764"}],"version-history":[{"count":2,"href":"https:\/\/swimchannel.net\/br\/wp-json\/wp\/v2\/posts\/70764\/revisions"}],"predecessor-version":[{"id":70768,"href":"https:\/\/swimchannel.net\/br\/wp-json\/wp\/v2\/posts\/70764\/revisions\/70768"}],"wp:featuredmedia":[{"embeddable":true,"href":"https:\/\/swimchannel.net\/br\/wp-json\/wp\/v2\/media\/61378"}],"wp:attachment":[{"href":"https:\/\/swimchannel.net\/br\/wp-json\/wp\/v2\/media?parent=70764"}],"wp:term":[{"taxonomy":"category","embeddable":true,"href":"https:\/\/swimchannel.net\/br\/wp-json\/wp\/v2\/categories?post=70764"},{"taxonomy":"post_tag","embeddable":true,"href":"https:\/\/swimchannel.net\/br\/wp-json\/wp\/v2\/tags?post=70764"}],"curies":[{"name":"wp","href":"https:\/\/api.w.org\/{rel}","templated":true}]}}