{"id":713,"date":"2015-12-29T23:45:34","date_gmt":"2015-12-29T23:45:34","guid":{"rendered":"https:\/\/swimchannel.flywheelsites.com\/?p=713"},"modified":"2026-02-02T14:01:22","modified_gmt":"2026-02-02T17:01:22","slug":"2016-ano-novo-ano-olimpico","status":"publish","type":"post","link":"https:\/\/swimchannel.net\/br\/2016-ano-novo-ano-olimpico\/","title":{"rendered":"2016: ano novo, ano ol\u00edmpico!"},"content":{"rendered":"<p>O ano de 2015 marcado por competi\u00e7\u00f5es e performances \u00e9picas esta chegando ao fim. Depois de amanh\u00e3 j\u00e1 estaremos em 2016, ano novo. Ano ol\u00edmpico. Nesse novo ano que se inicia a cidade do Rio de Janeiro ser\u00e1 palco do principal evento esportivo da temporada: os Jogos Ol\u00edmpicos! Modalidade presente desde a primeira edi\u00e7\u00e3o ol\u00edmpica, a nata\u00e7\u00e3o promete fortes emo\u00e7\u00f5es. Entre os dias 6 e 13 de agosto teremos as provas de nata\u00e7\u00e3o no Est\u00e1dio Ol\u00edmpico de Desportos Aqu\u00e1ticos na Barra da Tijuca com expectativa para uma das melhores edi\u00e7\u00f5es de todos os tempos. J\u00e1 no dia 16 acontece na Praia de Copacabana a terceira edi\u00e7\u00e3o da maratona aqu\u00e1tica ol\u00edmpica.<\/p>\n<p>Mas 2016 n\u00e3o \u00e9 ano s\u00f3 de Jogos Ol\u00edmpicos. Para se chegar aos Jogos ser\u00e1 necess\u00e1rio se classificar atrav\u00e9s de seletivas nacionais espalhadas pelo mundo. As principais ser\u00e3o realizadas entre fevereiro e julho, deixando o primeiro semestre recheado de muitas provas para serem acompanhadas. O Brasil far\u00e1 sua \u00faltima seletiva no Trof\u00e9u Maria Lenk, durante os dias 15 e 20 de abril, na mesma piscina dos Jogos e com a presen\u00e7a de atletas estrangeiros porque o campeonato tamb\u00e9m ser\u00e1 um evento teste para a Olimp\u00edada.<\/p>\n<p>&nbsp;<\/p>\n<figure id=\"attachment_715\" aria-describedby=\"caption-attachment-715\" style=\"width: 800px\" class=\"wp-caption aligncenter\"><a href=\"https:\/\/swimchannel.net\/br\/wp-content\/uploads\/2015\/12\/image.jpg\"><img loading=\"lazy\" decoding=\"async\" class=\"wp-image-715\" src=\"https:\/\/swimchannel.net\/br\/wp-content\/uploads\/2015\/12\/image.jpg\" alt=\"Vista de como ser\u00e1 o Parque Ol\u00edmpico - Foto: Reprodu\u00e7\u00e3o\/Internet\" width=\"800\" height=\"400\" srcset=\"https:\/\/swimchannel.net\/br\/wp-content\/uploads\/2015\/12\/image.jpg 2000w, https:\/\/swimchannel.net\/br\/wp-content\/uploads\/2015\/12\/image-600x300.jpg 600w, https:\/\/swimchannel.net\/br\/wp-content\/uploads\/2015\/12\/image-300x150.jpg 300w, https:\/\/swimchannel.net\/br\/wp-content\/uploads\/2015\/12\/image-768x384.jpg 768w, https:\/\/swimchannel.net\/br\/wp-content\/uploads\/2015\/12\/image-1024x512.jpg 1024w\" sizes=\"auto, (max-width: 800px) 100vw, 800px\" \/><\/a><figcaption id=\"caption-attachment-715\" class=\"wp-caption-text\">Vista de como ser\u00e1 o Parque Ol\u00edmpico &#8211; Foto: Reprodu\u00e7\u00e3o\/Internet<\/figcaption><\/figure>\n<p>&nbsp;<\/p>\n<p>Em dezembro teremos a primeira grande competi\u00e7\u00e3o internacional do pr\u00f3ximo ciclo ol\u00edmpico. A cidade canadense de Windsor ser\u00e1 sede da 13\u00aa edi\u00e7\u00e3o do Campeonato Mundial de piscina curta. A competi\u00e7\u00e3o dever\u00e1 ser um pouco esvaziada devido as Olimp\u00edadas meses antes, mas uma certeza mais do que certa \u00e9 que a dama de ferro Katinka Hosszu esteja em a\u00e7\u00e3o encarando mais um desafio. O ver\u00e3o europeu tamb\u00e9m programa dois eventos continentais as v\u00e9speras do Rio-2016. Em maio acontece em Londres o Campeonato Europeu de Esportes Aqu\u00e1ticos e em julho teremos o Campeonato Europeu J\u00fanior de nata\u00e7\u00e3o, em H\u00f3dmez\u0151v\u00e1s\u00e1rhely na Hungria.<\/p>\n<p>Os principais circuitos internacionais de \u00e1guas abertas ter\u00e3o menos etapas em 2016. Na Copa do Mundo de 10 km est\u00e3o programadas sete etapas que acontecer\u00e3o entre fevereiro e outubro. J\u00e1 o Grand Prix, o circuito com longas etapas, est\u00e1 bastante desfalcado com apenas quatro etapas entre fevereiro e setembro. Na Europa a cidade holandesa de Hoorn ser\u00e1 sede do Campeonato Europeu de \u00c1guas Abertas e a francesa Dunkerque sedia o Campeonato Europeu J\u00fanior. Por\u00e9m, a grande competi\u00e7\u00e3o antes do Rio-2016 ser\u00e1 a seletiva ol\u00edmpica em Set\u00fabal, Portugal, no m\u00eas de junho, onde conheceremos os \u00faltimos classificados para a competi\u00e7\u00e3o.<\/p>\n<p>&nbsp;<\/p>\n<figure id=\"attachment_716\" aria-describedby=\"caption-attachment-716\" style=\"width: 800px\" class=\"wp-caption aligncenter\"><a href=\"https:\/\/swimchannel.net\/br\/wp-content\/uploads\/2015\/12\/copacabana-beach-rio-de-janeiro.jpg\"><img loading=\"lazy\" decoding=\"async\" class=\"wp-image-716\" src=\"https:\/\/swimchannel.net\/br\/wp-content\/uploads\/2015\/12\/copacabana-beach-rio-de-janeiro.jpg\" alt=\"Vista da Praia de Copacabana, a praia ol\u00edmpica - Foto: Internet\/Reprodu\u00e7\u00e3o\" width=\"800\" height=\"500\" srcset=\"https:\/\/swimchannel.net\/br\/wp-content\/uploads\/2015\/12\/copacabana-beach-rio-de-janeiro.jpg 2560w, https:\/\/swimchannel.net\/br\/wp-content\/uploads\/2015\/12\/copacabana-beach-rio-de-janeiro-600x375.jpg 600w, https:\/\/swimchannel.net\/br\/wp-content\/uploads\/2015\/12\/copacabana-beach-rio-de-janeiro-300x188.jpg 300w, https:\/\/swimchannel.net\/br\/wp-content\/uploads\/2015\/12\/copacabana-beach-rio-de-janeiro-768x480.jpg 768w, https:\/\/swimchannel.net\/br\/wp-content\/uploads\/2015\/12\/copacabana-beach-rio-de-janeiro-1024x640.jpg 1024w\" sizes=\"auto, (max-width: 800px) 100vw, 800px\" \/><\/a><figcaption id=\"caption-attachment-716\" class=\"wp-caption-text\">Vista da Praia de Copacabana, a praia ol\u00edmpica &#8211; Foto: Internet\/Reprodu\u00e7\u00e3o<\/figcaption><\/figure>\n<p>&nbsp;<\/p>\n<p>E teremos logo ap\u00f3s os Jogos Ol\u00edmpicos, em setembro, a 15\u00aa edi\u00e7\u00e3o dos Jogos Paral\u00edmpicos, onde a nata\u00e7\u00e3o brasileira, uma das grandes pot\u00eancias mundiais, lutar\u00e1 para fazer sua melhor campanha na hist\u00f3ria do evento. Como j\u00e1 deu para perceber 2016 promete! Fique ligado na <strong>SWIM CHANNEL<\/strong> que traremos ao longo do ano muita informa\u00e7\u00e3o sobre nata\u00e7\u00e3o e \u00e1guas abertas!<\/p>\n<p><strong>Por Guilherme Freitas<\/strong><\/p>\n","protected":false},"excerpt":{"rendered":"<p>O ano de 2015 marcado por competi\u00e7\u00f5es e performances \u00e9picas esta chegando ao fim. Depois de amanh\u00e3 j\u00e1 estaremos em 2016, ano novo. Ano ol\u00edmpico. Nesse novo ano que se inicia a cidade do Rio de Janeiro ser\u00e1 palco do principal evento esportivo da temporada: os Jogos Ol\u00edmpicos! Modalidade presente desde a primeira edi\u00e7\u00e3o ol\u00edmpica, [&hellip;]<\/p>\n","protected":false},"author":3,"featured_media":2769,"comment_status":"open","ping_status":"open","sticky":false,"template":"","format":"standard","meta":{"footnotes":""},"categories":[61],"tags":[245,14,183,5,49],"class_list":["post-713","post","type-post","status-publish","format-standard","has-post-thumbnail","hentry","category-eventos","tag-245","tag-aguas-abertas","tag-jogos-olimpicos","tag-natacao","tag-rio-2016"],"yoast_head":"<!-- This site is optimized with the Yoast SEO plugin v27.0 - https:\/\/yoast.com\/product\/yoast-seo-wordpress\/ -->\n<title>2016: ano novo, ano ol\u00edmpico! - Swimchannel<\/title>\n<meta name=\"robots\" content=\"index, follow, max-snippet:-1, max-image-preview:large, max-video-preview:-1\" \/>\n<link rel=\"canonical\" href=\"https:\/\/swimchannel.net\/br\/2016-ano-novo-ano-olimpico\/\" \/>\n<meta property=\"og:locale\" content=\"pt_BR\" \/>\n<meta property=\"og:type\" content=\"article\" \/>\n<meta property=\"og:title\" content=\"2016: ano novo, ano ol\u00edmpico! - Swimchannel\" \/>\n<meta property=\"og:description\" content=\"O ano de 2015 marcado por competi\u00e7\u00f5es e performances \u00e9picas esta chegando ao fim. Depois de amanh\u00e3 j\u00e1 estaremos em 2016, ano novo. Ano ol\u00edmpico. Nesse novo ano que se inicia a cidade do Rio de Janeiro ser\u00e1 palco do principal evento esportivo da temporada: os Jogos Ol\u00edmpicos! Modalidade presente desde a primeira edi\u00e7\u00e3o ol\u00edmpica, [&hellip;]\" \/>\n<meta property=\"og:url\" content=\"https:\/\/swimchannel.net\/br\/2016-ano-novo-ano-olimpico\/\" \/>\n<meta property=\"og:site_name\" content=\"Swimchannel\" \/>\n<meta property=\"article:publisher\" content=\"https:\/\/www.facebook.com\/swimchannel\" \/>\n<meta property=\"article:published_time\" content=\"2015-12-29T23:45:34+00:00\" \/>\n<meta property=\"article:modified_time\" content=\"2026-02-02T17:01:22+00:00\" \/>\n<meta property=\"og:image\" content=\"https:\/\/swimchannel.net\/br\/wp-content\/uploads\/2016\/12\/piscina1.jpg\" \/>\n\t<meta property=\"og:image:width\" content=\"2362\" \/>\n\t<meta property=\"og:image:height\" content=\"1575\" \/>\n\t<meta property=\"og:image:type\" content=\"image\/jpeg\" \/>\n<meta name=\"author\" content=\"Guilherme Freitas\" \/>\n<meta name=\"twitter:card\" content=\"summary_large_image\" \/>\n<meta name=\"twitter:label1\" content=\"Escrito por\" \/>\n\t<meta name=\"twitter:data1\" content=\"Guilherme Freitas\" \/>\n\t<meta name=\"twitter:label2\" content=\"Est. tempo de leitura\" \/>\n\t<meta name=\"twitter:data2\" content=\"3 minutos\" \/>\n<script type=\"application\/ld+json\" class=\"yoast-schema-graph\">{\"@context\":\"https:\/\/schema.org\",\"@graph\":[{\"@type\":\"Article\",\"@id\":\"https:\/\/swimchannel.net\/br\/2016-ano-novo-ano-olimpico\/#article\",\"isPartOf\":{\"@id\":\"https:\/\/swimchannel.net\/br\/2016-ano-novo-ano-olimpico\/\"},\"author\":{\"name\":\"Guilherme Freitas\",\"@id\":\"https:\/\/swimchannel.net\/br\/#\/schema\/person\/aa2a63bab3275f53749a83276b213c48\"},\"headline\":\"2016: ano novo, ano ol\u00edmpico!\",\"datePublished\":\"2015-12-29T23:45:34+00:00\",\"dateModified\":\"2026-02-02T17:01:22+00:00\",\"mainEntityOfPage\":{\"@id\":\"https:\/\/swimchannel.net\/br\/2016-ano-novo-ano-olimpico\/\"},\"wordCount\":550,\"commentCount\":0,\"publisher\":{\"@id\":\"https:\/\/swimchannel.net\/br\/#organization\"},\"image\":{\"@id\":\"https:\/\/swimchannel.net\/br\/2016-ano-novo-ano-olimpico\/#primaryimage\"},\"thumbnailUrl\":\"https:\/\/swimchannel.net\/br\/wp-content\/uploads\/2016\/12\/piscina1.jpg\",\"keywords\":[\"2016\",\"\u00c1guas abertas\",\"Jogos Ol\u00edmpicos\",\"natacao\",\"Rio-2016\"],\"articleSection\":[\"Eventos\"],\"inLanguage\":\"pt-BR\",\"potentialAction\":[{\"@type\":\"CommentAction\",\"name\":\"Comment\",\"target\":[\"https:\/\/swimchannel.net\/br\/2016-ano-novo-ano-olimpico\/#respond\"]}]},{\"@type\":\"WebPage\",\"@id\":\"https:\/\/swimchannel.net\/br\/2016-ano-novo-ano-olimpico\/\",\"url\":\"https:\/\/swimchannel.net\/br\/2016-ano-novo-ano-olimpico\/\",\"name\":\"2016: ano novo, ano ol\u00edmpico! - Swimchannel\",\"isPartOf\":{\"@id\":\"https:\/\/swimchannel.net\/br\/#website\"},\"primaryImageOfPage\":{\"@id\":\"https:\/\/swimchannel.net\/br\/2016-ano-novo-ano-olimpico\/#primaryimage\"},\"image\":{\"@id\":\"https:\/\/swimchannel.net\/br\/2016-ano-novo-ano-olimpico\/#primaryimage\"},\"thumbnailUrl\":\"https:\/\/swimchannel.net\/br\/wp-content\/uploads\/2016\/12\/piscina1.jpg\",\"datePublished\":\"2015-12-29T23:45:34+00:00\",\"dateModified\":\"2026-02-02T17:01:22+00:00\",\"breadcrumb\":{\"@id\":\"https:\/\/swimchannel.net\/br\/2016-ano-novo-ano-olimpico\/#breadcrumb\"},\"inLanguage\":\"pt-BR\",\"potentialAction\":[{\"@type\":\"ReadAction\",\"target\":[\"https:\/\/swimchannel.net\/br\/2016-ano-novo-ano-olimpico\/\"]}]},{\"@type\":\"ImageObject\",\"inLanguage\":\"pt-BR\",\"@id\":\"https:\/\/swimchannel.net\/br\/2016-ano-novo-ano-olimpico\/#primaryimage\",\"url\":\"https:\/\/swimchannel.net\/br\/wp-content\/uploads\/2016\/12\/piscina1.jpg\",\"contentUrl\":\"https:\/\/swimchannel.net\/br\/wp-content\/uploads\/2016\/12\/piscina1.jpg\",\"width\":2362,\"height\":1575,\"caption\":\"Trofeu Maria Lenk de Natacao, realizado no Centro Aquatico Olimpico. 13 de abril de 2016, Rio de Janeiro, RJ, Brasil. Foto: Satiro Sodr\u00e9\/ SSPress\"},{\"@type\":\"BreadcrumbList\",\"@id\":\"https:\/\/swimchannel.net\/br\/2016-ano-novo-ano-olimpico\/#breadcrumb\",\"itemListElement\":[{\"@type\":\"ListItem\",\"position\":1,\"name\":\"Home\",\"item\":\"https:\/\/swimchannel.net\/br\/\"},{\"@type\":\"ListItem\",\"position\":2,\"name\":\"2016: ano novo, ano ol\u00edmpico!\"}]},{\"@type\":\"WebSite\",\"@id\":\"https:\/\/swimchannel.net\/br\/#website\",\"url\":\"https:\/\/swimchannel.net\/br\/\",\"name\":\"Swimchannel\",\"description\":\"Maior portal de nata\u00e7\u00e3o da america latina\",\"publisher\":{\"@id\":\"https:\/\/swimchannel.net\/br\/#organization\"},\"potentialAction\":[{\"@type\":\"SearchAction\",\"target\":{\"@type\":\"EntryPoint\",\"urlTemplate\":\"https:\/\/swimchannel.net\/br\/?s={search_term_string}\"},\"query-input\":{\"@type\":\"PropertyValueSpecification\",\"valueRequired\":true,\"valueName\":\"search_term_string\"}}],\"inLanguage\":\"pt-BR\"},{\"@type\":\"Organization\",\"@id\":\"https:\/\/swimchannel.net\/br\/#organization\",\"name\":\"Swimchannel - Conectando voc\u00ea a Nata\u00e7\u00e3o\",\"url\":\"https:\/\/swimchannel.net\/br\/\",\"logo\":{\"@type\":\"ImageObject\",\"inLanguage\":\"pt-BR\",\"@id\":\"https:\/\/swimchannel.net\/br\/#\/schema\/logo\/image\/\",\"url\":\"https:\/\/swimchannel.net\/br\/wp-content\/uploads\/2026\/02\/SWIM-CHANNEL.png\",\"contentUrl\":\"https:\/\/swimchannel.net\/br\/wp-content\/uploads\/2026\/02\/SWIM-CHANNEL.png\",\"width\":1120,\"height\":630,\"caption\":\"Swimchannel - Conectando voc\u00ea a Nata\u00e7\u00e3o\"},\"image\":{\"@id\":\"https:\/\/swimchannel.net\/br\/#\/schema\/logo\/image\/\"},\"sameAs\":[\"https:\/\/www.facebook.com\/swimchannel\",\"https:\/\/www.instagram.com\/swimchannel\"]},{\"@type\":\"Person\",\"@id\":\"https:\/\/swimchannel.net\/br\/#\/schema\/person\/aa2a63bab3275f53749a83276b213c48\",\"name\":\"Guilherme Freitas\",\"image\":{\"@type\":\"ImageObject\",\"inLanguage\":\"pt-BR\",\"@id\":\"https:\/\/swimchannel.net\/br\/#\/schema\/person\/image\/\",\"url\":\"https:\/\/swimchannel.net\/br\/wp-content\/uploads\/2025\/10\/gui22-193x180.png\",\"contentUrl\":\"https:\/\/swimchannel.net\/br\/wp-content\/uploads\/2025\/10\/gui22-193x180.png\",\"caption\":\"Guilherme Freitas\"},\"description\":\"Jornalista s\u00eanior da SWIM CHANNEL, ex-correspondente da FINA no Brasil e pesquisador acad\u00eamico.\",\"sameAs\":[\"instagram.com\/guifreitas86\"],\"url\":\"https:\/\/swimchannel.net\/br\/author\/guilherme-freitas\/\"}]}<\/script>\n<!-- \/ Yoast SEO plugin. -->","yoast_head_json":{"title":"2016: ano novo, ano ol\u00edmpico! - Swimchannel","robots":{"index":"index","follow":"follow","max-snippet":"max-snippet:-1","max-image-preview":"max-image-preview:large","max-video-preview":"max-video-preview:-1"},"canonical":"https:\/\/swimchannel.net\/br\/2016-ano-novo-ano-olimpico\/","og_locale":"pt_BR","og_type":"article","og_title":"2016: ano novo, ano ol\u00edmpico! - Swimchannel","og_description":"O ano de 2015 marcado por competi\u00e7\u00f5es e performances \u00e9picas esta chegando ao fim. Depois de amanh\u00e3 j\u00e1 estaremos em 2016, ano novo. Ano ol\u00edmpico. Nesse novo ano que se inicia a cidade do Rio de Janeiro ser\u00e1 palco do principal evento esportivo da temporada: os Jogos Ol\u00edmpicos! Modalidade presente desde a primeira edi\u00e7\u00e3o ol\u00edmpica, [&hellip;]","og_url":"https:\/\/swimchannel.net\/br\/2016-ano-novo-ano-olimpico\/","og_site_name":"Swimchannel","article_publisher":"https:\/\/www.facebook.com\/swimchannel","article_published_time":"2015-12-29T23:45:34+00:00","article_modified_time":"2026-02-02T17:01:22+00:00","og_image":[{"width":2362,"height":1575,"url":"https:\/\/swimchannel.net\/br\/wp-content\/uploads\/2016\/12\/piscina1.jpg","type":"image\/jpeg"}],"author":"Guilherme Freitas","twitter_card":"summary_large_image","twitter_misc":{"Escrito por":"Guilherme Freitas","Est. tempo de leitura":"3 minutos"},"schema":{"@context":"https:\/\/schema.org","@graph":[{"@type":"Article","@id":"https:\/\/swimchannel.net\/br\/2016-ano-novo-ano-olimpico\/#article","isPartOf":{"@id":"https:\/\/swimchannel.net\/br\/2016-ano-novo-ano-olimpico\/"},"author":{"name":"Guilherme Freitas","@id":"https:\/\/swimchannel.net\/br\/#\/schema\/person\/aa2a63bab3275f53749a83276b213c48"},"headline":"2016: ano novo, ano ol\u00edmpico!","datePublished":"2015-12-29T23:45:34+00:00","dateModified":"2026-02-02T17:01:22+00:00","mainEntityOfPage":{"@id":"https:\/\/swimchannel.net\/br\/2016-ano-novo-ano-olimpico\/"},"wordCount":550,"commentCount":0,"publisher":{"@id":"https:\/\/swimchannel.net\/br\/#organization"},"image":{"@id":"https:\/\/swimchannel.net\/br\/2016-ano-novo-ano-olimpico\/#primaryimage"},"thumbnailUrl":"https:\/\/swimchannel.net\/br\/wp-content\/uploads\/2016\/12\/piscina1.jpg","keywords":["2016","\u00c1guas abertas","Jogos Ol\u00edmpicos","natacao","Rio-2016"],"articleSection":["Eventos"],"inLanguage":"pt-BR","potentialAction":[{"@type":"CommentAction","name":"Comment","target":["https:\/\/swimchannel.net\/br\/2016-ano-novo-ano-olimpico\/#respond"]}]},{"@type":"WebPage","@id":"https:\/\/swimchannel.net\/br\/2016-ano-novo-ano-olimpico\/","url":"https:\/\/swimchannel.net\/br\/2016-ano-novo-ano-olimpico\/","name":"2016: ano novo, ano ol\u00edmpico! - Swimchannel","isPartOf":{"@id":"https:\/\/swimchannel.net\/br\/#website"},"primaryImageOfPage":{"@id":"https:\/\/swimchannel.net\/br\/2016-ano-novo-ano-olimpico\/#primaryimage"},"image":{"@id":"https:\/\/swimchannel.net\/br\/2016-ano-novo-ano-olimpico\/#primaryimage"},"thumbnailUrl":"https:\/\/swimchannel.net\/br\/wp-content\/uploads\/2016\/12\/piscina1.jpg","datePublished":"2015-12-29T23:45:34+00:00","dateModified":"2026-02-02T17:01:22+00:00","breadcrumb":{"@id":"https:\/\/swimchannel.net\/br\/2016-ano-novo-ano-olimpico\/#breadcrumb"},"inLanguage":"pt-BR","potentialAction":[{"@type":"ReadAction","target":["https:\/\/swimchannel.net\/br\/2016-ano-novo-ano-olimpico\/"]}]},{"@type":"ImageObject","inLanguage":"pt-BR","@id":"https:\/\/swimchannel.net\/br\/2016-ano-novo-ano-olimpico\/#primaryimage","url":"https:\/\/swimchannel.net\/br\/wp-content\/uploads\/2016\/12\/piscina1.jpg","contentUrl":"https:\/\/swimchannel.net\/br\/wp-content\/uploads\/2016\/12\/piscina1.jpg","width":2362,"height":1575,"caption":"Trofeu Maria Lenk de Natacao, realizado no Centro Aquatico Olimpico. 13 de abril de 2016, Rio de Janeiro, RJ, Brasil. Foto: Satiro Sodr\u00e9\/ SSPress"},{"@type":"BreadcrumbList","@id":"https:\/\/swimchannel.net\/br\/2016-ano-novo-ano-olimpico\/#breadcrumb","itemListElement":[{"@type":"ListItem","position":1,"name":"Home","item":"https:\/\/swimchannel.net\/br\/"},{"@type":"ListItem","position":2,"name":"2016: ano novo, ano ol\u00edmpico!"}]},{"@type":"WebSite","@id":"https:\/\/swimchannel.net\/br\/#website","url":"https:\/\/swimchannel.net\/br\/","name":"Swimchannel","description":"Maior portal de nata\u00e7\u00e3o da america latina","publisher":{"@id":"https:\/\/swimchannel.net\/br\/#organization"},"potentialAction":[{"@type":"SearchAction","target":{"@type":"EntryPoint","urlTemplate":"https:\/\/swimchannel.net\/br\/?s={search_term_string}"},"query-input":{"@type":"PropertyValueSpecification","valueRequired":true,"valueName":"search_term_string"}}],"inLanguage":"pt-BR"},{"@type":"Organization","@id":"https:\/\/swimchannel.net\/br\/#organization","name":"Swimchannel - Conectando voc\u00ea a Nata\u00e7\u00e3o","url":"https:\/\/swimchannel.net\/br\/","logo":{"@type":"ImageObject","inLanguage":"pt-BR","@id":"https:\/\/swimchannel.net\/br\/#\/schema\/logo\/image\/","url":"https:\/\/swimchannel.net\/br\/wp-content\/uploads\/2026\/02\/SWIM-CHANNEL.png","contentUrl":"https:\/\/swimchannel.net\/br\/wp-content\/uploads\/2026\/02\/SWIM-CHANNEL.png","width":1120,"height":630,"caption":"Swimchannel - Conectando voc\u00ea a Nata\u00e7\u00e3o"},"image":{"@id":"https:\/\/swimchannel.net\/br\/#\/schema\/logo\/image\/"},"sameAs":["https:\/\/www.facebook.com\/swimchannel","https:\/\/www.instagram.com\/swimchannel"]},{"@type":"Person","@id":"https:\/\/swimchannel.net\/br\/#\/schema\/person\/aa2a63bab3275f53749a83276b213c48","name":"Guilherme Freitas","image":{"@type":"ImageObject","inLanguage":"pt-BR","@id":"https:\/\/swimchannel.net\/br\/#\/schema\/person\/image\/","url":"https:\/\/swimchannel.net\/br\/wp-content\/uploads\/2025\/10\/gui22-193x180.png","contentUrl":"https:\/\/swimchannel.net\/br\/wp-content\/uploads\/2025\/10\/gui22-193x180.png","caption":"Guilherme Freitas"},"description":"Jornalista s\u00eanior da SWIM CHANNEL, ex-correspondente da FINA no Brasil e pesquisador acad\u00eamico.","sameAs":["instagram.com\/guifreitas86"],"url":"https:\/\/swimchannel.net\/br\/author\/guilherme-freitas\/"}]}},"_links":{"self":[{"href":"https:\/\/swimchannel.net\/br\/wp-json\/wp\/v2\/posts\/713","targetHints":{"allow":["GET"]}}],"collection":[{"href":"https:\/\/swimchannel.net\/br\/wp-json\/wp\/v2\/posts"}],"about":[{"href":"https:\/\/swimchannel.net\/br\/wp-json\/wp\/v2\/types\/post"}],"author":[{"embeddable":true,"href":"https:\/\/swimchannel.net\/br\/wp-json\/wp\/v2\/users\/3"}],"replies":[{"embeddable":true,"href":"https:\/\/swimchannel.net\/br\/wp-json\/wp\/v2\/comments?post=713"}],"version-history":[{"count":1,"href":"https:\/\/swimchannel.net\/br\/wp-json\/wp\/v2\/posts\/713\/revisions"}],"predecessor-version":[{"id":78893,"href":"https:\/\/swimchannel.net\/br\/wp-json\/wp\/v2\/posts\/713\/revisions\/78893"}],"wp:featuredmedia":[{"embeddable":true,"href":"https:\/\/swimchannel.net\/br\/wp-json\/wp\/v2\/media\/2769"}],"wp:attachment":[{"href":"https:\/\/swimchannel.net\/br\/wp-json\/wp\/v2\/media?parent=713"}],"wp:term":[{"taxonomy":"category","embeddable":true,"href":"https:\/\/swimchannel.net\/br\/wp-json\/wp\/v2\/categories?post=713"},{"taxonomy":"post_tag","embeddable":true,"href":"https:\/\/swimchannel.net\/br\/wp-json\/wp\/v2\/tags?post=713"}],"curies":[{"name":"wp","href":"https:\/\/api.w.org\/{rel}","templated":true}]}}