{"id":71897,"date":"2025-02-25T13:26:54","date_gmt":"2025-02-25T16:26:54","guid":{"rendered":"https:\/\/swimchannel.net\/br\/?p=71897"},"modified":"2025-02-25T13:36:31","modified_gmt":"2025-02-25T16:36:31","slug":"resultados-da-2a-etapa-da-copa-brasil-em-petrolina","status":"publish","type":"post","link":"https:\/\/swimchannel.net\/br\/resultados-da-2a-etapa-da-copa-brasil-em-petrolina\/","title":{"rendered":"Resultados da 2\u00aa etapa da Copa Brasil em Petrolina"},"content":{"rendered":"<p>A segunda etapa do 4\u00ba Trof\u00e9u Marcelinha Cunha e\u00a0 da 12\u00aa Copa Brasil aconteceu no \u00faltimo final de semana (22 e 23) na cidade de Petrolina, em Pernambuco. A competi\u00e7\u00e3o, organizada pela Confedera\u00e7\u00e3o Brasileira de Desportos Aqu\u00e1ticos (CBDA), contou com a participa\u00e7\u00e3o de atletas de diversas regi\u00f5es do pa\u00eds, que competiram nas provas de 4 km, 1,5 km e 2,5 km pela Copa Brasil e 250m e 500m pelo Trof\u00e9u Marcelinha Cunha.<\/p>\n<p data-start=\"343\" data-end=\"762\">Na prova de 4km os destaques ficaram por conta de Guilherme Zampieri no masculino e Marcela Brand\u00e3o no feminino. Na prova feminina, Marcela da Associa\u00e7\u00e3o Desportiva e Cultural de Pernambuco &#8211; ADE-PE vencecu a prova com o tempo de 44min43s. Em segundo ficou Sabrina Lima do Sport Club do Recife (45min29s) e em terceiro Sofia Dualibe da Associa\u00e7\u00e3o Desportiva Atletas do Futuro, com o tempo de 45min35s. Lais Cerqueira da Acquacenter foi a quarta e Milena Ferreira do Sesc PE a quinta.<\/p>\n<figure id=\"attachment_71899\" aria-describedby=\"caption-attachment-71899\" style=\"width: 620px\" class=\"wp-caption alignnone\"><a href=\"https:\/\/swimchannel.net\/br\/wp-content\/uploads\/2025\/02\/481345559_1742752306290688_1704930857325607136_n.jpg\"><img loading=\"lazy\" decoding=\"async\" class=\" wp-image-71899\" src=\"https:\/\/swimchannel.net\/br\/wp-content\/uploads\/2025\/02\/481345559_1742752306290688_1704930857325607136_n-800x800.jpg\" alt=\"\" width=\"620\" height=\"620\" srcset=\"https:\/\/swimchannel.net\/br\/wp-content\/uploads\/2025\/02\/481345559_1742752306290688_1704930857325607136_n-800x800.jpg 800w, https:\/\/swimchannel.net\/br\/wp-content\/uploads\/2025\/02\/481345559_1742752306290688_1704930857325607136_n-675x675.jpg 675w, https:\/\/swimchannel.net\/br\/wp-content\/uploads\/2025\/02\/481345559_1742752306290688_1704930857325607136_n-180x180.jpg 180w, https:\/\/swimchannel.net\/br\/wp-content\/uploads\/2025\/02\/481345559_1742752306290688_1704930857325607136_n-768x768.jpg 768w, https:\/\/swimchannel.net\/br\/wp-content\/uploads\/2025\/02\/481345559_1742752306290688_1704930857325607136_n-75x75.jpg 75w, https:\/\/swimchannel.net\/br\/wp-content\/uploads\/2025\/02\/481345559_1742752306290688_1704930857325607136_n-750x750.jpg 750w, https:\/\/swimchannel.net\/br\/wp-content\/uploads\/2025\/02\/481345559_1742752306290688_1704930857325607136_n.jpg 1080w\" sizes=\"auto, (max-width: 620px) 100vw, 620px\" \/><\/a><figcaption id=\"caption-attachment-71899\" class=\"wp-caption-text\">Foto: @manu_brandaorc<\/figcaption><\/figure>\n<p data-start=\"1175\" data-end=\"1458\">No masculino, Guilherme Zampieri da Nata\u00e7\u00e3o Ilhabela completou o percurso em 39min00s, garantindo a primeira coloca\u00e7\u00e3o. Jo\u00e3o Souza da Aqu\u00e1tica M3 ficou na segunda coloca\u00e7\u00e3o co, 39min39s e Jo\u00e3o Machado da Acquacenter Nata\u00e7\u00e3o fechou o p\u00f3dio em terceiro com 43min49s. Yan Sobral da Costa Verde Tennis Clube ficou na quarta poisi\u00e7\u00e3o e Pedro Lima da ADE PE em quinto.<\/p>\n<p data-start=\"1175\" data-end=\"1458\">Os vencedores dos 2,5km foi Fernanda Bruno da Costa Verde Tennis Clube no feminino e Guilherme Zampieri da Nata\u00e7\u00e3o Ilhabela no masculino. J\u00e1 a prova de 1,5 km foi vencida por Sabrina Lima do Sport Club do Recife no feminino e Jo\u00e3o Pedro Souza da Aqu\u00e1tica M3 no masculino.<\/p>\n<figure id=\"attachment_71909\" aria-describedby=\"caption-attachment-71909\" style=\"width: 800px\" class=\"wp-caption alignnone\"><img loading=\"lazy\" decoding=\"async\" class=\"size-large wp-image-71909\" src=\"https:\/\/swimchannel.net\/br\/wp-content\/uploads\/2025\/02\/481481907_1067890302046054_4522356898822423542_n-800x800.jpg\" alt=\"\" width=\"800\" height=\"800\" srcset=\"https:\/\/swimchannel.net\/br\/wp-content\/uploads\/2025\/02\/481481907_1067890302046054_4522356898822423542_n-800x800.jpg 800w, https:\/\/swimchannel.net\/br\/wp-content\/uploads\/2025\/02\/481481907_1067890302046054_4522356898822423542_n-675x675.jpg 675w, https:\/\/swimchannel.net\/br\/wp-content\/uploads\/2025\/02\/481481907_1067890302046054_4522356898822423542_n-180x180.jpg 180w, https:\/\/swimchannel.net\/br\/wp-content\/uploads\/2025\/02\/481481907_1067890302046054_4522356898822423542_n-768x768.jpg 768w, https:\/\/swimchannel.net\/br\/wp-content\/uploads\/2025\/02\/481481907_1067890302046054_4522356898822423542_n-75x75.jpg 75w, https:\/\/swimchannel.net\/br\/wp-content\/uploads\/2025\/02\/481481907_1067890302046054_4522356898822423542_n-750x750.jpg 750w, https:\/\/swimchannel.net\/br\/wp-content\/uploads\/2025\/02\/481481907_1067890302046054_4522356898822423542_n.jpg 1080w\" sizes=\"auto, (max-width: 800px) 100vw, 800px\" \/><figcaption id=\"caption-attachment-71909\" class=\"wp-caption-text\">Foto: @manu_brandaorc<\/figcaption><\/figure>\n<p data-start=\"1175\" data-end=\"1458\">A pr\u00f3xima etapa da Copa Brasil de \u00c1guas Abertas est\u00e1 programada para os dias 21 e 22 de mar\u00e7o em Itaja\u00ed, Santa Catarina.Para conferir os resultados das demais provas, acesse o site oficial da CBDA:\u00a0<a href=\"https:\/\/www.cbda.org.br\/aguas-abertas\">https:\/\/www.cbda.org.br\/aguas-abertas<\/a>.<\/p>\n<p>&nbsp;<\/p>\n<p>Gostaria de receber as not\u00edcias de nata\u00e7\u00e3o e \u00e1guas abertas no seu e-mail?<\/p>\n<p><a href=\"https:\/\/lpa.nitro.news\/n-GNe\/ultimas-noticias-swim-channel\">Cadastre-se aqui<\/a><\/p>\n<p>&nbsp;<\/p>\n","protected":false},"excerpt":{"rendered":"<p>A segunda etapa do 4\u00ba Trof\u00e9u Marcelinha Cunha e\u00a0 da 12\u00aa Copa Brasil aconteceu no \u00faltimo final de semana (22 e 23) na cidade de Petrolina, em Pernambuco. A competi\u00e7\u00e3o, organizada pela Confedera\u00e7\u00e3o Brasileira de Desportos Aqu\u00e1ticos (CBDA), contou com a participa\u00e7\u00e3o de atletas de diversas regi\u00f5es do pa\u00eds, que competiram nas provas de 4 [&hellip;]<\/p>\n","protected":false},"author":9,"featured_media":29616,"comment_status":"open","ping_status":"open","sticky":false,"template":"","format":"gallery","meta":{"footnotes":""},"categories":[115],"tags":[14,194,542,5,5174],"class_list":["post-71897","post","type-post","status-publish","format-gallery","has-post-thumbnail","hentry","category-aguas-abertas","tag-aguas-abertas","tag-cbda","tag-copa-brasil","tag-natacao","tag-trofeu-marcelinha-cunha","post_format-post-format-gallery"],"yoast_head":"<!-- This site is optimized with the Yoast SEO plugin v27.0 - https:\/\/yoast.com\/product\/yoast-seo-wordpress\/ -->\n<title>Resultados da 2\u00aa etapa da Copa Brasil em Petrolina - Swimchannel<\/title>\n<meta name=\"robots\" content=\"index, follow, max-snippet:-1, max-image-preview:large, max-video-preview:-1\" \/>\n<link rel=\"canonical\" href=\"https:\/\/swimchannel.net\/br\/resultados-da-2a-etapa-da-copa-brasil-em-petrolina\/\" \/>\n<meta property=\"og:locale\" content=\"pt_BR\" \/>\n<meta property=\"og:type\" content=\"article\" \/>\n<meta property=\"og:title\" content=\"Resultados da 2\u00aa etapa da Copa Brasil em Petrolina - Swimchannel\" \/>\n<meta property=\"og:description\" content=\"A segunda etapa do 4\u00ba Trof\u00e9u Marcelinha Cunha e\u00a0 da 12\u00aa Copa Brasil aconteceu no \u00faltimo final de semana (22 e 23) na cidade de Petrolina, em Pernambuco. A competi\u00e7\u00e3o, organizada pela Confedera\u00e7\u00e3o Brasileira de Desportos Aqu\u00e1ticos (CBDA), contou com a participa\u00e7\u00e3o de atletas de diversas regi\u00f5es do pa\u00eds, que competiram nas provas de 4 [&hellip;]\" \/>\n<meta property=\"og:url\" content=\"https:\/\/swimchannel.net\/br\/resultados-da-2a-etapa-da-copa-brasil-em-petrolina\/\" \/>\n<meta property=\"og:site_name\" content=\"Swimchannel\" \/>\n<meta property=\"article:publisher\" content=\"https:\/\/www.facebook.com\/swimchannel\" \/>\n<meta property=\"article:published_time\" content=\"2025-02-25T16:26:54+00:00\" \/>\n<meta property=\"article:modified_time\" content=\"2025-02-25T16:36:31+00:00\" \/>\n<meta property=\"og:image\" content=\"https:\/\/swimchannel.net\/br\/wp-content\/uploads\/2021\/03\/75I2751.jpg\" \/>\n\t<meta property=\"og:image:width\" content=\"2362\" \/>\n\t<meta property=\"og:image:height\" content=\"1575\" \/>\n\t<meta property=\"og:image:type\" content=\"image\/jpeg\" \/>\n<meta name=\"author\" content=\"Katarine Monteiro\" \/>\n<meta name=\"twitter:card\" content=\"summary_large_image\" \/>\n<meta name=\"twitter:creator\" content=\"@https:\/\/twitter.com\/Katarinem\" \/>\n<meta name=\"twitter:label1\" content=\"Escrito por\" \/>\n\t<meta name=\"twitter:data1\" content=\"Katarine Monteiro\" \/>\n\t<meta name=\"twitter:label2\" content=\"Est. tempo de leitura\" \/>\n\t<meta name=\"twitter:data2\" content=\"2 minutos\" \/>\n<script type=\"application\/ld+json\" class=\"yoast-schema-graph\">{\"@context\":\"https:\/\/schema.org\",\"@graph\":[{\"@type\":\"Article\",\"@id\":\"https:\/\/swimchannel.net\/br\/resultados-da-2a-etapa-da-copa-brasil-em-petrolina\/#article\",\"isPartOf\":{\"@id\":\"https:\/\/swimchannel.net\/br\/resultados-da-2a-etapa-da-copa-brasil-em-petrolina\/\"},\"author\":{\"name\":\"Katarine Monteiro\",\"@id\":\"https:\/\/swimchannel.net\/br\/#\/schema\/person\/73ae9cec62249968bca1f0a8098ef002\"},\"headline\":\"Resultados da 2\u00aa etapa da Copa Brasil em Petrolina\",\"datePublished\":\"2025-02-25T16:26:54+00:00\",\"dateModified\":\"2025-02-25T16:36:31+00:00\",\"mainEntityOfPage\":{\"@id\":\"https:\/\/swimchannel.net\/br\/resultados-da-2a-etapa-da-copa-brasil-em-petrolina\/\"},\"wordCount\":372,\"commentCount\":1,\"publisher\":{\"@id\":\"https:\/\/swimchannel.net\/br\/#organization\"},\"image\":{\"@id\":\"https:\/\/swimchannel.net\/br\/resultados-da-2a-etapa-da-copa-brasil-em-petrolina\/#primaryimage\"},\"thumbnailUrl\":\"https:\/\/swimchannel.net\/br\/wp-content\/uploads\/2021\/03\/75I2751.jpg\",\"keywords\":[\"\u00c1guas abertas\",\"CBDA\",\"Copa Brasil\",\"natacao\",\"Trof\u00e9u Marcelinha Cunha\"],\"articleSection\":[\"\u00c1guas Abertas\"],\"inLanguage\":\"pt-BR\",\"potentialAction\":[{\"@type\":\"CommentAction\",\"name\":\"Comment\",\"target\":[\"https:\/\/swimchannel.net\/br\/resultados-da-2a-etapa-da-copa-brasil-em-petrolina\/#respond\"]}]},{\"@type\":\"WebPage\",\"@id\":\"https:\/\/swimchannel.net\/br\/resultados-da-2a-etapa-da-copa-brasil-em-petrolina\/\",\"url\":\"https:\/\/swimchannel.net\/br\/resultados-da-2a-etapa-da-copa-brasil-em-petrolina\/\",\"name\":\"Resultados da 2\u00aa etapa da Copa Brasil em Petrolina - Swimchannel\",\"isPartOf\":{\"@id\":\"https:\/\/swimchannel.net\/br\/#website\"},\"primaryImageOfPage\":{\"@id\":\"https:\/\/swimchannel.net\/br\/resultados-da-2a-etapa-da-copa-brasil-em-petrolina\/#primaryimage\"},\"image\":{\"@id\":\"https:\/\/swimchannel.net\/br\/resultados-da-2a-etapa-da-copa-brasil-em-petrolina\/#primaryimage\"},\"thumbnailUrl\":\"https:\/\/swimchannel.net\/br\/wp-content\/uploads\/2021\/03\/75I2751.jpg\",\"datePublished\":\"2025-02-25T16:26:54+00:00\",\"dateModified\":\"2025-02-25T16:36:31+00:00\",\"breadcrumb\":{\"@id\":\"https:\/\/swimchannel.net\/br\/resultados-da-2a-etapa-da-copa-brasil-em-petrolina\/#breadcrumb\"},\"inLanguage\":\"pt-BR\",\"potentialAction\":[{\"@type\":\"ReadAction\",\"target\":[\"https:\/\/swimchannel.net\/br\/resultados-da-2a-etapa-da-copa-brasil-em-petrolina\/\"]}]},{\"@type\":\"ImageObject\",\"inLanguage\":\"pt-BR\",\"@id\":\"https:\/\/swimchannel.net\/br\/resultados-da-2a-etapa-da-copa-brasil-em-petrolina\/#primaryimage\",\"url\":\"https:\/\/swimchannel.net\/br\/wp-content\/uploads\/2021\/03\/75I2751.jpg\",\"contentUrl\":\"https:\/\/swimchannel.net\/br\/wp-content\/uploads\/2021\/03\/75I2751.jpg\",\"width\":2362,\"height\":1575,\"caption\":\"\u00c1guas abertas - Foto: Satiro Sodr\u00e9\/SSPress\"},{\"@type\":\"BreadcrumbList\",\"@id\":\"https:\/\/swimchannel.net\/br\/resultados-da-2a-etapa-da-copa-brasil-em-petrolina\/#breadcrumb\",\"itemListElement\":[{\"@type\":\"ListItem\",\"position\":1,\"name\":\"Home\",\"item\":\"https:\/\/swimchannel.net\/br\/\"},{\"@type\":\"ListItem\",\"position\":2,\"name\":\"Resultados da 2\u00aa etapa da Copa Brasil em Petrolina\"}]},{\"@type\":\"WebSite\",\"@id\":\"https:\/\/swimchannel.net\/br\/#website\",\"url\":\"https:\/\/swimchannel.net\/br\/\",\"name\":\"Swimchannel\",\"description\":\"Maior portal de nata\u00e7\u00e3o da america latina\",\"publisher\":{\"@id\":\"https:\/\/swimchannel.net\/br\/#organization\"},\"potentialAction\":[{\"@type\":\"SearchAction\",\"target\":{\"@type\":\"EntryPoint\",\"urlTemplate\":\"https:\/\/swimchannel.net\/br\/?s={search_term_string}\"},\"query-input\":{\"@type\":\"PropertyValueSpecification\",\"valueRequired\":true,\"valueName\":\"search_term_string\"}}],\"inLanguage\":\"pt-BR\"},{\"@type\":\"Organization\",\"@id\":\"https:\/\/swimchannel.net\/br\/#organization\",\"name\":\"Swimchannel - Conectando voc\u00ea a Nata\u00e7\u00e3o\",\"url\":\"https:\/\/swimchannel.net\/br\/\",\"logo\":{\"@type\":\"ImageObject\",\"inLanguage\":\"pt-BR\",\"@id\":\"https:\/\/swimchannel.net\/br\/#\/schema\/logo\/image\/\",\"url\":\"https:\/\/swimchannel.net\/br\/wp-content\/uploads\/2026\/02\/SWIM-CHANNEL.png\",\"contentUrl\":\"https:\/\/swimchannel.net\/br\/wp-content\/uploads\/2026\/02\/SWIM-CHANNEL.png\",\"width\":1120,\"height\":630,\"caption\":\"Swimchannel - Conectando voc\u00ea a Nata\u00e7\u00e3o\"},\"image\":{\"@id\":\"https:\/\/swimchannel.net\/br\/#\/schema\/logo\/image\/\"},\"sameAs\":[\"https:\/\/www.facebook.com\/swimchannel\",\"https:\/\/www.instagram.com\/swimchannel\"]},{\"@type\":\"Person\",\"@id\":\"https:\/\/swimchannel.net\/br\/#\/schema\/person\/73ae9cec62249968bca1f0a8098ef002\",\"name\":\"Katarine Monteiro\",\"image\":{\"@type\":\"ImageObject\",\"inLanguage\":\"pt-BR\",\"@id\":\"https:\/\/swimchannel.net\/br\/#\/schema\/person\/image\/\",\"url\":\"https:\/\/swimchannel.net\/br\/wp-content\/uploads\/2022\/01\/Katarine-Monteiro-100x100.jpg\",\"contentUrl\":\"https:\/\/swimchannel.net\/br\/wp-content\/uploads\/2022\/01\/Katarine-Monteiro-100x100.jpg\",\"caption\":\"Katarine Monteiro\"},\"description\":\"Jornalista SWIM CHANNEL especializada em esportes ol\u00edmpicos e em sa\u00fade. Com cobertura de grandes eventos internacionais, como Jogos Ol\u00edmpicos Rio 2016, Jogos Pan-Americanos em Lima 2019, Qatar Total Open 2020, Qatar ExxonMobil Open 2019 - t\u00eanis em Doha (QT), Semana Internacional de Vela de Ilhabela, Transat Jacques Vabre 2019 (Fran\u00e7a-Brasil), L'\u00c9tape Brasil by Tour de France, j\u00e1 fez in\u00fameras coberturas de nata\u00e7\u00e3o, maratona aqu\u00e1tica e polo aqu\u00e1tico. Formada tamb\u00e9m em Letras, a jornalista atua como assessora de imprensa, rela\u00e7\u00f5es p\u00fablicas e social media, com especializa\u00e7\u00e3o em marketing esportivo. Nadadora amadora de \u00e1guas abertas, j\u00e1 trabalhou com grandes nomes da nata\u00e7\u00e3o e do polo aqu\u00e1tico brasileiro.\",\"sameAs\":[\"https:\/\/www.instagram.com\/_katarinemonteiro\/\",\"https:\/\/www.linkedin.com\/in\/katarine-monteiro-19385297\/\",\"https:\/\/x.com\/https:\/\/twitter.com\/Katarinem\"],\"url\":\"https:\/\/swimchannel.net\/br\/author\/katarine-monteiro\/\"}]}<\/script>\n<!-- \/ Yoast SEO plugin. -->","yoast_head_json":{"title":"Resultados da 2\u00aa etapa da Copa Brasil em Petrolina - Swimchannel","robots":{"index":"index","follow":"follow","max-snippet":"max-snippet:-1","max-image-preview":"max-image-preview:large","max-video-preview":"max-video-preview:-1"},"canonical":"https:\/\/swimchannel.net\/br\/resultados-da-2a-etapa-da-copa-brasil-em-petrolina\/","og_locale":"pt_BR","og_type":"article","og_title":"Resultados da 2\u00aa etapa da Copa Brasil em Petrolina - Swimchannel","og_description":"A segunda etapa do 4\u00ba Trof\u00e9u Marcelinha Cunha e\u00a0 da 12\u00aa Copa Brasil aconteceu no \u00faltimo final de semana (22 e 23) na cidade de Petrolina, em Pernambuco. A competi\u00e7\u00e3o, organizada pela Confedera\u00e7\u00e3o Brasileira de Desportos Aqu\u00e1ticos (CBDA), contou com a participa\u00e7\u00e3o de atletas de diversas regi\u00f5es do pa\u00eds, que competiram nas provas de 4 [&hellip;]","og_url":"https:\/\/swimchannel.net\/br\/resultados-da-2a-etapa-da-copa-brasil-em-petrolina\/","og_site_name":"Swimchannel","article_publisher":"https:\/\/www.facebook.com\/swimchannel","article_published_time":"2025-02-25T16:26:54+00:00","article_modified_time":"2025-02-25T16:36:31+00:00","og_image":[{"width":2362,"height":1575,"url":"https:\/\/swimchannel.net\/br\/wp-content\/uploads\/2021\/03\/75I2751.jpg","type":"image\/jpeg"}],"author":"Katarine Monteiro","twitter_card":"summary_large_image","twitter_creator":"@https:\/\/twitter.com\/Katarinem","twitter_misc":{"Escrito por":"Katarine Monteiro","Est. tempo de leitura":"2 minutos"},"schema":{"@context":"https:\/\/schema.org","@graph":[{"@type":"Article","@id":"https:\/\/swimchannel.net\/br\/resultados-da-2a-etapa-da-copa-brasil-em-petrolina\/#article","isPartOf":{"@id":"https:\/\/swimchannel.net\/br\/resultados-da-2a-etapa-da-copa-brasil-em-petrolina\/"},"author":{"name":"Katarine Monteiro","@id":"https:\/\/swimchannel.net\/br\/#\/schema\/person\/73ae9cec62249968bca1f0a8098ef002"},"headline":"Resultados da 2\u00aa etapa da Copa Brasil em Petrolina","datePublished":"2025-02-25T16:26:54+00:00","dateModified":"2025-02-25T16:36:31+00:00","mainEntityOfPage":{"@id":"https:\/\/swimchannel.net\/br\/resultados-da-2a-etapa-da-copa-brasil-em-petrolina\/"},"wordCount":372,"commentCount":1,"publisher":{"@id":"https:\/\/swimchannel.net\/br\/#organization"},"image":{"@id":"https:\/\/swimchannel.net\/br\/resultados-da-2a-etapa-da-copa-brasil-em-petrolina\/#primaryimage"},"thumbnailUrl":"https:\/\/swimchannel.net\/br\/wp-content\/uploads\/2021\/03\/75I2751.jpg","keywords":["\u00c1guas abertas","CBDA","Copa Brasil","natacao","Trof\u00e9u Marcelinha Cunha"],"articleSection":["\u00c1guas Abertas"],"inLanguage":"pt-BR","potentialAction":[{"@type":"CommentAction","name":"Comment","target":["https:\/\/swimchannel.net\/br\/resultados-da-2a-etapa-da-copa-brasil-em-petrolina\/#respond"]}]},{"@type":"WebPage","@id":"https:\/\/swimchannel.net\/br\/resultados-da-2a-etapa-da-copa-brasil-em-petrolina\/","url":"https:\/\/swimchannel.net\/br\/resultados-da-2a-etapa-da-copa-brasil-em-petrolina\/","name":"Resultados da 2\u00aa etapa da Copa Brasil em Petrolina - Swimchannel","isPartOf":{"@id":"https:\/\/swimchannel.net\/br\/#website"},"primaryImageOfPage":{"@id":"https:\/\/swimchannel.net\/br\/resultados-da-2a-etapa-da-copa-brasil-em-petrolina\/#primaryimage"},"image":{"@id":"https:\/\/swimchannel.net\/br\/resultados-da-2a-etapa-da-copa-brasil-em-petrolina\/#primaryimage"},"thumbnailUrl":"https:\/\/swimchannel.net\/br\/wp-content\/uploads\/2021\/03\/75I2751.jpg","datePublished":"2025-02-25T16:26:54+00:00","dateModified":"2025-02-25T16:36:31+00:00","breadcrumb":{"@id":"https:\/\/swimchannel.net\/br\/resultados-da-2a-etapa-da-copa-brasil-em-petrolina\/#breadcrumb"},"inLanguage":"pt-BR","potentialAction":[{"@type":"ReadAction","target":["https:\/\/swimchannel.net\/br\/resultados-da-2a-etapa-da-copa-brasil-em-petrolina\/"]}]},{"@type":"ImageObject","inLanguage":"pt-BR","@id":"https:\/\/swimchannel.net\/br\/resultados-da-2a-etapa-da-copa-brasil-em-petrolina\/#primaryimage","url":"https:\/\/swimchannel.net\/br\/wp-content\/uploads\/2021\/03\/75I2751.jpg","contentUrl":"https:\/\/swimchannel.net\/br\/wp-content\/uploads\/2021\/03\/75I2751.jpg","width":2362,"height":1575,"caption":"\u00c1guas abertas - Foto: Satiro Sodr\u00e9\/SSPress"},{"@type":"BreadcrumbList","@id":"https:\/\/swimchannel.net\/br\/resultados-da-2a-etapa-da-copa-brasil-em-petrolina\/#breadcrumb","itemListElement":[{"@type":"ListItem","position":1,"name":"Home","item":"https:\/\/swimchannel.net\/br\/"},{"@type":"ListItem","position":2,"name":"Resultados da 2\u00aa etapa da Copa Brasil em Petrolina"}]},{"@type":"WebSite","@id":"https:\/\/swimchannel.net\/br\/#website","url":"https:\/\/swimchannel.net\/br\/","name":"Swimchannel","description":"Maior portal de nata\u00e7\u00e3o da america latina","publisher":{"@id":"https:\/\/swimchannel.net\/br\/#organization"},"potentialAction":[{"@type":"SearchAction","target":{"@type":"EntryPoint","urlTemplate":"https:\/\/swimchannel.net\/br\/?s={search_term_string}"},"query-input":{"@type":"PropertyValueSpecification","valueRequired":true,"valueName":"search_term_string"}}],"inLanguage":"pt-BR"},{"@type":"Organization","@id":"https:\/\/swimchannel.net\/br\/#organization","name":"Swimchannel - Conectando voc\u00ea a Nata\u00e7\u00e3o","url":"https:\/\/swimchannel.net\/br\/","logo":{"@type":"ImageObject","inLanguage":"pt-BR","@id":"https:\/\/swimchannel.net\/br\/#\/schema\/logo\/image\/","url":"https:\/\/swimchannel.net\/br\/wp-content\/uploads\/2026\/02\/SWIM-CHANNEL.png","contentUrl":"https:\/\/swimchannel.net\/br\/wp-content\/uploads\/2026\/02\/SWIM-CHANNEL.png","width":1120,"height":630,"caption":"Swimchannel - Conectando voc\u00ea a Nata\u00e7\u00e3o"},"image":{"@id":"https:\/\/swimchannel.net\/br\/#\/schema\/logo\/image\/"},"sameAs":["https:\/\/www.facebook.com\/swimchannel","https:\/\/www.instagram.com\/swimchannel"]},{"@type":"Person","@id":"https:\/\/swimchannel.net\/br\/#\/schema\/person\/73ae9cec62249968bca1f0a8098ef002","name":"Katarine Monteiro","image":{"@type":"ImageObject","inLanguage":"pt-BR","@id":"https:\/\/swimchannel.net\/br\/#\/schema\/person\/image\/","url":"https:\/\/swimchannel.net\/br\/wp-content\/uploads\/2022\/01\/Katarine-Monteiro-100x100.jpg","contentUrl":"https:\/\/swimchannel.net\/br\/wp-content\/uploads\/2022\/01\/Katarine-Monteiro-100x100.jpg","caption":"Katarine Monteiro"},"description":"Jornalista SWIM CHANNEL especializada em esportes ol\u00edmpicos e em sa\u00fade. Com cobertura de grandes eventos internacionais, como Jogos Ol\u00edmpicos Rio 2016, Jogos Pan-Americanos em Lima 2019, Qatar Total Open 2020, Qatar ExxonMobil Open 2019 - t\u00eanis em Doha (QT), Semana Internacional de Vela de Ilhabela, Transat Jacques Vabre 2019 (Fran\u00e7a-Brasil), L'\u00c9tape Brasil by Tour de France, j\u00e1 fez in\u00fameras coberturas de nata\u00e7\u00e3o, maratona aqu\u00e1tica e polo aqu\u00e1tico. Formada tamb\u00e9m em Letras, a jornalista atua como assessora de imprensa, rela\u00e7\u00f5es p\u00fablicas e social media, com especializa\u00e7\u00e3o em marketing esportivo. Nadadora amadora de \u00e1guas abertas, j\u00e1 trabalhou com grandes nomes da nata\u00e7\u00e3o e do polo aqu\u00e1tico brasileiro.","sameAs":["https:\/\/www.instagram.com\/_katarinemonteiro\/","https:\/\/www.linkedin.com\/in\/katarine-monteiro-19385297\/","https:\/\/x.com\/https:\/\/twitter.com\/Katarinem"],"url":"https:\/\/swimchannel.net\/br\/author\/katarine-monteiro\/"}]}},"_links":{"self":[{"href":"https:\/\/swimchannel.net\/br\/wp-json\/wp\/v2\/posts\/71897","targetHints":{"allow":["GET"]}}],"collection":[{"href":"https:\/\/swimchannel.net\/br\/wp-json\/wp\/v2\/posts"}],"about":[{"href":"https:\/\/swimchannel.net\/br\/wp-json\/wp\/v2\/types\/post"}],"author":[{"embeddable":true,"href":"https:\/\/swimchannel.net\/br\/wp-json\/wp\/v2\/users\/9"}],"replies":[{"embeddable":true,"href":"https:\/\/swimchannel.net\/br\/wp-json\/wp\/v2\/comments?post=71897"}],"version-history":[{"count":7,"href":"https:\/\/swimchannel.net\/br\/wp-json\/wp\/v2\/posts\/71897\/revisions"}],"predecessor-version":[{"id":71913,"href":"https:\/\/swimchannel.net\/br\/wp-json\/wp\/v2\/posts\/71897\/revisions\/71913"}],"wp:featuredmedia":[{"embeddable":true,"href":"https:\/\/swimchannel.net\/br\/wp-json\/wp\/v2\/media\/29616"}],"wp:attachment":[{"href":"https:\/\/swimchannel.net\/br\/wp-json\/wp\/v2\/media?parent=71897"}],"wp:term":[{"taxonomy":"category","embeddable":true,"href":"https:\/\/swimchannel.net\/br\/wp-json\/wp\/v2\/categories?post=71897"},{"taxonomy":"post_tag","embeddable":true,"href":"https:\/\/swimchannel.net\/br\/wp-json\/wp\/v2\/tags?post=71897"}],"curies":[{"name":"wp","href":"https:\/\/api.w.org\/{rel}","templated":true}]}}