{"id":72944,"date":"2025-04-18T13:21:58","date_gmt":"2025-04-18T16:21:58","guid":{"rendered":"https:\/\/swimchannel.net\/br\/?p=72944"},"modified":"2025-04-19T20:00:51","modified_gmt":"2025-04-19T23:00:51","slug":"confira-a-programacao-da-swim-channel-tv-durante-o-trofeu-maria-lenk","status":"publish","type":"post","link":"https:\/\/swimchannel.net\/br\/confira-a-programacao-da-swim-channel-tv-durante-o-trofeu-maria-lenk\/","title":{"rendered":"Confira a programa\u00e7\u00e3o da SWIM CHANNEL TV durante o Trof\u00e9u Maria Lenk"},"content":{"rendered":"<p>A <strong>SWIM CHANNEL TV<\/strong> estar\u00e1 na pr\u00f3xima semana 100% focada em apenas um evento: o Trof\u00e9u Maria Lenk, que vai ser realizado no Rio de Janeiro, na piscina do Flamengo, entre os dias 21 e 26 de abril. A competi\u00e7\u00e3o, que definir\u00e1 o time brasileiro para o Campeonato Mundial de Singapura e Campeonato Mundial J\u00fanior de Otopeni, ter\u00e1 transmiss\u00e3o em nosso canal do Youtube, al\u00e9m de programas especiais ao longo da programa\u00e7\u00e3o.<\/p>\n<p>Todos os dias nossa grade de eventos come\u00e7a com o &#8220;Aquecimento Swim Channel &#8211; Eliminat\u00f3rias&#8221;, indo ao ar das 8h45 \u00e0s 9h30. Em seguida, a partir das 9h30, tem in\u00edcio as eliminat\u00f3rias. A tarde voltamos com o &#8220;Aquecimento Swim Channel &#8211; Finais&#8221;, entre 17h25 e 18h. Na sequ\u00eancia acontecem as finais do Trof\u00e9u Maria Lenk, a partir das 18h, e assim que eles terminarem tem in\u00edcio o &#8220;Virada Final Swim Channel&#8221;, analisando tudo que rolou no dia.<\/p>\n<figure id=\"attachment_72570\" aria-describedby=\"caption-attachment-72570\" style=\"width: 504px\" class=\"wp-caption alignnone\"><img loading=\"lazy\" decoding=\"async\" class=\"size-full wp-image-72570\" src=\"https:\/\/swimchannel.net\/br\/wp-content\/uploads\/2025\/03\/banner-maria-lenk.jpg\" alt=\"\" width=\"504\" height=\"630\" srcset=\"https:\/\/swimchannel.net\/br\/wp-content\/uploads\/2025\/03\/banner-maria-lenk.jpg 504w, https:\/\/swimchannel.net\/br\/wp-content\/uploads\/2025\/03\/banner-maria-lenk-144x180.jpg 144w\" sizes=\"auto, (max-width: 504px) 100vw, 504px\" \/><figcaption id=\"caption-attachment-72570\" class=\"wp-caption-text\">Banner do Trof\u00e9u Maria Lenk 2025 &#8211; Foto: Reprodu\u00e7\u00e3o<\/figcaption><\/figure>\n<p>A equipe da <strong>SWIM CHANNEL<\/strong> estar\u00e1 presente diretamente da piscina do Flamengo e ser\u00e1 formada pelo Coach Alex Pussieldi, Patrick Winkler, Catarina Ganzeli Winkler, Dudu Mesquita (Nadador Sincero) e a atleta ol\u00edmpica Giovanna Diamante, que estreia como rep\u00f3rter.<\/p>\n<p>As transmiss\u00f5es do Trof\u00e9u Maria Lenk s\u00e3o abertas para o p\u00fablico e voc\u00ea pode ser inscrever em nosso canal no Youtube atrav\u00e9s do link: <a href=\"https:\/\/www.youtube.com\/@SwimChanneltv\" target=\"_blank\" rel=\"noopener\"><strong>https:\/\/www.youtube.com\/@SwimChanneltv<\/strong><\/a>. Lembre-se tamb\u00e9m para ativar o sininho em nossa p\u00e1gina e receber a notifica\u00e7\u00e3o do hor\u00e1rio que come\u00e7a cada etapa. Al\u00e9m disso, como inscrito do canal voc\u00ea tamb\u00e9m pode acompanhar nossos outros programas e v\u00eddeos especiais que v\u00e3o ao ar toda a semana.<\/p>\n<p>Tamb\u00e9m estaremos focados full time em nossas redes sociais. No Instragram, al\u00e9m da nossa p\u00e1gina, existe um canal para divulga\u00e7\u00e3o de not\u00edcias e informa\u00e7\u00f5es aberto a toda a comunidade aqu\u00e1tica. Aos interessados podem ingressar atrav\u00e9s deste link:\u00a0<a href=\"https:\/\/www.instagram.com\/channel\/AbaiBVa1hmLtB71q\/?igsh=MWU5M3ZlcjM5eDR4dA==\" target=\"_blank\" rel=\"noopener noreferrer\"><strong>https:\/\/www.instagram.com\/channel\/AbaiBVa1hmLtB71q\/?igsh=MWU5M3ZlcjM5eDR4dA==<\/strong><\/a>.<\/p>\n<figure id=\"attachment_24412\" aria-describedby=\"caption-attachment-24412\" style=\"width: 1130px\" class=\"wp-caption alignnone\"><img loading=\"lazy\" decoding=\"async\" class=\"size-full wp-image-24412\" src=\"https:\/\/swimchannel.net\/br\/wp-content\/uploads\/2020\/06\/imagefla.jpg\" alt=\"\" width=\"1130\" height=\"753\" srcset=\"https:\/\/swimchannel.net\/br\/wp-content\/uploads\/2020\/06\/imagefla.jpg 1130w, https:\/\/swimchannel.net\/br\/wp-content\/uploads\/2020\/06\/imagefla-600x400.jpg 600w, https:\/\/swimchannel.net\/br\/wp-content\/uploads\/2020\/06\/imagefla-1013x675.jpg 1013w, https:\/\/swimchannel.net\/br\/wp-content\/uploads\/2020\/06\/imagefla-270x180.jpg 270w, https:\/\/swimchannel.net\/br\/wp-content\/uploads\/2020\/06\/imagefla-768x512.jpg 768w\" sizes=\"auto, (max-width: 1130px) 100vw, 1130px\" \/><figcaption id=\"caption-attachment-24412\" class=\"wp-caption-text\">Piscina do Flamengo &#8211; Foto: Vagner Vargas<\/figcaption><\/figure>\n<p>J\u00e1 no whatsapp voc\u00ea pode fazer parte e entrar em nosso grupo de not\u00edcias para receber o link de cada etapa assim que iniciar, al\u00e9m de todas as not\u00edcias e resultados da competi\u00e7\u00e3o.<\/p>\n<p>Acesse o link de convite para o grupo aqui:<\/p>\n<p><strong>Noticias Swim Channel 1 (lotado) <a href=\"https:\/\/chat.whatsapp.com\/KpkmJUTsp6yKWanY0HQZNQ\">clique aqui para entrar<\/a>\u00a0<\/strong><\/p>\n<p><strong>Noticias Swim Channel 2 (aberto)<\/strong> <a href=\"https:\/\/chat.whatsapp.com\/JfyQZVfKr8IGICOsm1H9M5\">clique aqui para entrar\u00a0<\/a><\/p>\n<p>&nbsp;<\/p>\n<p>Fique ligado na cobertura da <strong>SWIM CHANNEL<\/strong> no Trof\u00e9u Maria Lenk, informa\u00e7\u00e3o e not\u00edcias em tempo real \u00e9 o que n\u00e3o ir\u00e1 faltar!<\/p>\n<p>&nbsp;<\/p>\n<p>Gostaria de receber as not\u00edcias de nata\u00e7\u00e3o e \u00e1guas abertas no seu email?<\/p>\n<p><a href=\"https:\/\/lpa.nitro.news\/n-GNe\/ultimas-noticias-swim-channel\">Cadastre-se aqui<\/a><\/p>\n","protected":false},"excerpt":{"rendered":"<p>A SWIM CHANNEL TV estar\u00e1 na pr\u00f3xima semana 100% focada em apenas um evento: o Trof\u00e9u Maria Lenk, que vai ser realizado no Rio de Janeiro, na piscina do Flamengo, entre os dias 21 e 26 de abril. A competi\u00e7\u00e3o, que definir\u00e1 o time brasileiro para o Campeonato Mundial de Singapura e Campeonato Mundial J\u00fanior [&hellip;]<\/p>\n","protected":false},"author":3,"featured_media":41125,"comment_status":"open","ping_status":"open","sticky":false,"template":"","format":"gallery","meta":{"footnotes":""},"categories":[240],"tags":[5,457,789,332],"class_list":["post-72944","post","type-post","status-publish","format-gallery","has-post-thumbnail","hentry","category-trofeu-brasil","tag-natacao","tag-swim-channel-tv","tag-trofeu-brasil","tag-trofeu-maria-lenk","post_format-post-format-gallery"],"yoast_head":"<!-- This site is optimized with the Yoast SEO plugin v27.0 - https:\/\/yoast.com\/product\/yoast-seo-wordpress\/ -->\n<title>Confira a programa\u00e7\u00e3o da SWIM CHANNEL TV durante o Trof\u00e9u Maria Lenk - Swimchannel<\/title>\n<meta name=\"robots\" content=\"index, follow, max-snippet:-1, max-image-preview:large, max-video-preview:-1\" \/>\n<link rel=\"canonical\" href=\"https:\/\/swimchannel.net\/br\/confira-a-programacao-da-swim-channel-tv-durante-o-trofeu-maria-lenk\/\" \/>\n<meta property=\"og:locale\" content=\"pt_BR\" \/>\n<meta property=\"og:type\" content=\"article\" \/>\n<meta property=\"og:title\" content=\"Confira a programa\u00e7\u00e3o da SWIM CHANNEL TV durante o Trof\u00e9u Maria Lenk - Swimchannel\" \/>\n<meta property=\"og:description\" content=\"A SWIM CHANNEL TV estar\u00e1 na pr\u00f3xima semana 100% focada em apenas um evento: o Trof\u00e9u Maria Lenk, que vai ser realizado no Rio de Janeiro, na piscina do Flamengo, entre os dias 21 e 26 de abril. A competi\u00e7\u00e3o, que definir\u00e1 o time brasileiro para o Campeonato Mundial de Singapura e Campeonato Mundial J\u00fanior [&hellip;]\" \/>\n<meta property=\"og:url\" content=\"https:\/\/swimchannel.net\/br\/confira-a-programacao-da-swim-channel-tv-durante-o-trofeu-maria-lenk\/\" \/>\n<meta property=\"og:site_name\" content=\"Swimchannel\" \/>\n<meta property=\"article:publisher\" content=\"https:\/\/www.facebook.com\/swimchannel\" \/>\n<meta property=\"article:published_time\" content=\"2025-04-18T16:21:58+00:00\" \/>\n<meta property=\"article:modified_time\" content=\"2025-04-19T23:00:51+00:00\" \/>\n<meta property=\"og:image\" content=\"https:\/\/swimchannel.net\/br\/wp-content\/uploads\/2021\/04\/71Q0986.jpg\" \/>\n\t<meta property=\"og:image:width\" content=\"2362\" \/>\n\t<meta property=\"og:image:height\" content=\"1575\" \/>\n\t<meta property=\"og:image:type\" content=\"image\/jpeg\" \/>\n<meta name=\"author\" content=\"Guilherme Freitas\" \/>\n<meta name=\"twitter:card\" content=\"summary_large_image\" \/>\n<meta name=\"twitter:label1\" content=\"Escrito por\" \/>\n\t<meta name=\"twitter:data1\" content=\"Guilherme Freitas\" \/>\n\t<meta name=\"twitter:label2\" content=\"Est. tempo de leitura\" \/>\n\t<meta name=\"twitter:data2\" content=\"2 minutos\" \/>\n<script type=\"application\/ld+json\" class=\"yoast-schema-graph\">{\"@context\":\"https:\/\/schema.org\",\"@graph\":[{\"@type\":\"Article\",\"@id\":\"https:\/\/swimchannel.net\/br\/confira-a-programacao-da-swim-channel-tv-durante-o-trofeu-maria-lenk\/#article\",\"isPartOf\":{\"@id\":\"https:\/\/swimchannel.net\/br\/confira-a-programacao-da-swim-channel-tv-durante-o-trofeu-maria-lenk\/\"},\"author\":{\"name\":\"Guilherme Freitas\",\"@id\":\"https:\/\/swimchannel.net\/br\/#\/schema\/person\/aa2a63bab3275f53749a83276b213c48\"},\"headline\":\"Confira a programa\u00e7\u00e3o da SWIM CHANNEL TV durante o Trof\u00e9u Maria Lenk\",\"datePublished\":\"2025-04-18T16:21:58+00:00\",\"dateModified\":\"2025-04-19T23:00:51+00:00\",\"mainEntityOfPage\":{\"@id\":\"https:\/\/swimchannel.net\/br\/confira-a-programacao-da-swim-channel-tv-durante-o-trofeu-maria-lenk\/\"},\"wordCount\":496,\"commentCount\":0,\"publisher\":{\"@id\":\"https:\/\/swimchannel.net\/br\/#organization\"},\"image\":{\"@id\":\"https:\/\/swimchannel.net\/br\/confira-a-programacao-da-swim-channel-tv-durante-o-trofeu-maria-lenk\/#primaryimage\"},\"thumbnailUrl\":\"https:\/\/swimchannel.net\/br\/wp-content\/uploads\/2021\/04\/71Q0986.jpg\",\"keywords\":[\"natacao\",\"Swim Channel TV\",\"Trof\u00e9u Brasil\",\"Trof\u00e9u Maria Lenk\"],\"articleSection\":[\"Trof\u00e9u Brasil\"],\"inLanguage\":\"pt-BR\",\"potentialAction\":[{\"@type\":\"CommentAction\",\"name\":\"Comment\",\"target\":[\"https:\/\/swimchannel.net\/br\/confira-a-programacao-da-swim-channel-tv-durante-o-trofeu-maria-lenk\/#respond\"]}]},{\"@type\":\"WebPage\",\"@id\":\"https:\/\/swimchannel.net\/br\/confira-a-programacao-da-swim-channel-tv-durante-o-trofeu-maria-lenk\/\",\"url\":\"https:\/\/swimchannel.net\/br\/confira-a-programacao-da-swim-channel-tv-durante-o-trofeu-maria-lenk\/\",\"name\":\"Confira a programa\u00e7\u00e3o da SWIM CHANNEL TV durante o Trof\u00e9u Maria Lenk - Swimchannel\",\"isPartOf\":{\"@id\":\"https:\/\/swimchannel.net\/br\/#website\"},\"primaryImageOfPage\":{\"@id\":\"https:\/\/swimchannel.net\/br\/confira-a-programacao-da-swim-channel-tv-durante-o-trofeu-maria-lenk\/#primaryimage\"},\"image\":{\"@id\":\"https:\/\/swimchannel.net\/br\/confira-a-programacao-da-swim-channel-tv-durante-o-trofeu-maria-lenk\/#primaryimage\"},\"thumbnailUrl\":\"https:\/\/swimchannel.net\/br\/wp-content\/uploads\/2021\/04\/71Q0986.jpg\",\"datePublished\":\"2025-04-18T16:21:58+00:00\",\"dateModified\":\"2025-04-19T23:00:51+00:00\",\"breadcrumb\":{\"@id\":\"https:\/\/swimchannel.net\/br\/confira-a-programacao-da-swim-channel-tv-durante-o-trofeu-maria-lenk\/#breadcrumb\"},\"inLanguage\":\"pt-BR\",\"potentialAction\":[{\"@type\":\"ReadAction\",\"target\":[\"https:\/\/swimchannel.net\/br\/confira-a-programacao-da-swim-channel-tv-durante-o-trofeu-maria-lenk\/\"]}]},{\"@type\":\"ImageObject\",\"inLanguage\":\"pt-BR\",\"@id\":\"https:\/\/swimchannel.net\/br\/confira-a-programacao-da-swim-channel-tv-durante-o-trofeu-maria-lenk\/#primaryimage\",\"url\":\"https:\/\/swimchannel.net\/br\/wp-content\/uploads\/2021\/04\/71Q0986.jpg\",\"contentUrl\":\"https:\/\/swimchannel.net\/br\/wp-content\/uploads\/2021\/04\/71Q0986.jpg\",\"width\":2362,\"height\":1575,\"caption\":\"Seletiva Olimpica Brasileira de Natacao. Parque Aquatico Maria Lenk. 21 de abril de 2021, Rio de Janeiro, RJ, Brasil. Foto: Satiro Sodr\u00e9\/SSPress\/CBDA\"},{\"@type\":\"BreadcrumbList\",\"@id\":\"https:\/\/swimchannel.net\/br\/confira-a-programacao-da-swim-channel-tv-durante-o-trofeu-maria-lenk\/#breadcrumb\",\"itemListElement\":[{\"@type\":\"ListItem\",\"position\":1,\"name\":\"Home\",\"item\":\"https:\/\/swimchannel.net\/br\/\"},{\"@type\":\"ListItem\",\"position\":2,\"name\":\"Confira a programa\u00e7\u00e3o da SWIM CHANNEL TV durante o Trof\u00e9u Maria Lenk\"}]},{\"@type\":\"WebSite\",\"@id\":\"https:\/\/swimchannel.net\/br\/#website\",\"url\":\"https:\/\/swimchannel.net\/br\/\",\"name\":\"Swimchannel\",\"description\":\"Maior portal de nata\u00e7\u00e3o da america latina\",\"publisher\":{\"@id\":\"https:\/\/swimchannel.net\/br\/#organization\"},\"potentialAction\":[{\"@type\":\"SearchAction\",\"target\":{\"@type\":\"EntryPoint\",\"urlTemplate\":\"https:\/\/swimchannel.net\/br\/?s={search_term_string}\"},\"query-input\":{\"@type\":\"PropertyValueSpecification\",\"valueRequired\":true,\"valueName\":\"search_term_string\"}}],\"inLanguage\":\"pt-BR\"},{\"@type\":\"Organization\",\"@id\":\"https:\/\/swimchannel.net\/br\/#organization\",\"name\":\"Swimchannel - Conectando voc\u00ea a Nata\u00e7\u00e3o\",\"url\":\"https:\/\/swimchannel.net\/br\/\",\"logo\":{\"@type\":\"ImageObject\",\"inLanguage\":\"pt-BR\",\"@id\":\"https:\/\/swimchannel.net\/br\/#\/schema\/logo\/image\/\",\"url\":\"https:\/\/swimchannel.net\/br\/wp-content\/uploads\/2026\/02\/SWIM-CHANNEL.png\",\"contentUrl\":\"https:\/\/swimchannel.net\/br\/wp-content\/uploads\/2026\/02\/SWIM-CHANNEL.png\",\"width\":1120,\"height\":630,\"caption\":\"Swimchannel - Conectando voc\u00ea a Nata\u00e7\u00e3o\"},\"image\":{\"@id\":\"https:\/\/swimchannel.net\/br\/#\/schema\/logo\/image\/\"},\"sameAs\":[\"https:\/\/www.facebook.com\/swimchannel\",\"https:\/\/www.instagram.com\/swimchannel\"]},{\"@type\":\"Person\",\"@id\":\"https:\/\/swimchannel.net\/br\/#\/schema\/person\/aa2a63bab3275f53749a83276b213c48\",\"name\":\"Guilherme Freitas\",\"image\":{\"@type\":\"ImageObject\",\"inLanguage\":\"pt-BR\",\"@id\":\"https:\/\/swimchannel.net\/br\/#\/schema\/person\/image\/\",\"url\":\"https:\/\/swimchannel.net\/br\/wp-content\/uploads\/2025\/10\/gui22-193x180.png\",\"contentUrl\":\"https:\/\/swimchannel.net\/br\/wp-content\/uploads\/2025\/10\/gui22-193x180.png\",\"caption\":\"Guilherme Freitas\"},\"description\":\"Jornalista s\u00eanior da SWIM CHANNEL, ex-correspondente da FINA no Brasil e pesquisador acad\u00eamico.\",\"sameAs\":[\"instagram.com\/guifreitas86\"],\"url\":\"https:\/\/swimchannel.net\/br\/author\/guilherme-freitas\/\"}]}<\/script>\n<!-- \/ Yoast SEO plugin. -->","yoast_head_json":{"title":"Confira a programa\u00e7\u00e3o da SWIM CHANNEL TV durante o Trof\u00e9u Maria Lenk - Swimchannel","robots":{"index":"index","follow":"follow","max-snippet":"max-snippet:-1","max-image-preview":"max-image-preview:large","max-video-preview":"max-video-preview:-1"},"canonical":"https:\/\/swimchannel.net\/br\/confira-a-programacao-da-swim-channel-tv-durante-o-trofeu-maria-lenk\/","og_locale":"pt_BR","og_type":"article","og_title":"Confira a programa\u00e7\u00e3o da SWIM CHANNEL TV durante o Trof\u00e9u Maria Lenk - Swimchannel","og_description":"A SWIM CHANNEL TV estar\u00e1 na pr\u00f3xima semana 100% focada em apenas um evento: o Trof\u00e9u Maria Lenk, que vai ser realizado no Rio de Janeiro, na piscina do Flamengo, entre os dias 21 e 26 de abril. A competi\u00e7\u00e3o, que definir\u00e1 o time brasileiro para o Campeonato Mundial de Singapura e Campeonato Mundial J\u00fanior [&hellip;]","og_url":"https:\/\/swimchannel.net\/br\/confira-a-programacao-da-swim-channel-tv-durante-o-trofeu-maria-lenk\/","og_site_name":"Swimchannel","article_publisher":"https:\/\/www.facebook.com\/swimchannel","article_published_time":"2025-04-18T16:21:58+00:00","article_modified_time":"2025-04-19T23:00:51+00:00","og_image":[{"width":2362,"height":1575,"url":"https:\/\/swimchannel.net\/br\/wp-content\/uploads\/2021\/04\/71Q0986.jpg","type":"image\/jpeg"}],"author":"Guilherme Freitas","twitter_card":"summary_large_image","twitter_misc":{"Escrito por":"Guilherme Freitas","Est. tempo de leitura":"2 minutos"},"schema":{"@context":"https:\/\/schema.org","@graph":[{"@type":"Article","@id":"https:\/\/swimchannel.net\/br\/confira-a-programacao-da-swim-channel-tv-durante-o-trofeu-maria-lenk\/#article","isPartOf":{"@id":"https:\/\/swimchannel.net\/br\/confira-a-programacao-da-swim-channel-tv-durante-o-trofeu-maria-lenk\/"},"author":{"name":"Guilherme Freitas","@id":"https:\/\/swimchannel.net\/br\/#\/schema\/person\/aa2a63bab3275f53749a83276b213c48"},"headline":"Confira a programa\u00e7\u00e3o da SWIM CHANNEL TV durante o Trof\u00e9u Maria Lenk","datePublished":"2025-04-18T16:21:58+00:00","dateModified":"2025-04-19T23:00:51+00:00","mainEntityOfPage":{"@id":"https:\/\/swimchannel.net\/br\/confira-a-programacao-da-swim-channel-tv-durante-o-trofeu-maria-lenk\/"},"wordCount":496,"commentCount":0,"publisher":{"@id":"https:\/\/swimchannel.net\/br\/#organization"},"image":{"@id":"https:\/\/swimchannel.net\/br\/confira-a-programacao-da-swim-channel-tv-durante-o-trofeu-maria-lenk\/#primaryimage"},"thumbnailUrl":"https:\/\/swimchannel.net\/br\/wp-content\/uploads\/2021\/04\/71Q0986.jpg","keywords":["natacao","Swim Channel TV","Trof\u00e9u Brasil","Trof\u00e9u Maria Lenk"],"articleSection":["Trof\u00e9u Brasil"],"inLanguage":"pt-BR","potentialAction":[{"@type":"CommentAction","name":"Comment","target":["https:\/\/swimchannel.net\/br\/confira-a-programacao-da-swim-channel-tv-durante-o-trofeu-maria-lenk\/#respond"]}]},{"@type":"WebPage","@id":"https:\/\/swimchannel.net\/br\/confira-a-programacao-da-swim-channel-tv-durante-o-trofeu-maria-lenk\/","url":"https:\/\/swimchannel.net\/br\/confira-a-programacao-da-swim-channel-tv-durante-o-trofeu-maria-lenk\/","name":"Confira a programa\u00e7\u00e3o da SWIM CHANNEL TV durante o Trof\u00e9u Maria Lenk - Swimchannel","isPartOf":{"@id":"https:\/\/swimchannel.net\/br\/#website"},"primaryImageOfPage":{"@id":"https:\/\/swimchannel.net\/br\/confira-a-programacao-da-swim-channel-tv-durante-o-trofeu-maria-lenk\/#primaryimage"},"image":{"@id":"https:\/\/swimchannel.net\/br\/confira-a-programacao-da-swim-channel-tv-durante-o-trofeu-maria-lenk\/#primaryimage"},"thumbnailUrl":"https:\/\/swimchannel.net\/br\/wp-content\/uploads\/2021\/04\/71Q0986.jpg","datePublished":"2025-04-18T16:21:58+00:00","dateModified":"2025-04-19T23:00:51+00:00","breadcrumb":{"@id":"https:\/\/swimchannel.net\/br\/confira-a-programacao-da-swim-channel-tv-durante-o-trofeu-maria-lenk\/#breadcrumb"},"inLanguage":"pt-BR","potentialAction":[{"@type":"ReadAction","target":["https:\/\/swimchannel.net\/br\/confira-a-programacao-da-swim-channel-tv-durante-o-trofeu-maria-lenk\/"]}]},{"@type":"ImageObject","inLanguage":"pt-BR","@id":"https:\/\/swimchannel.net\/br\/confira-a-programacao-da-swim-channel-tv-durante-o-trofeu-maria-lenk\/#primaryimage","url":"https:\/\/swimchannel.net\/br\/wp-content\/uploads\/2021\/04\/71Q0986.jpg","contentUrl":"https:\/\/swimchannel.net\/br\/wp-content\/uploads\/2021\/04\/71Q0986.jpg","width":2362,"height":1575,"caption":"Seletiva Olimpica Brasileira de Natacao. Parque Aquatico Maria Lenk. 21 de abril de 2021, Rio de Janeiro, RJ, Brasil. Foto: Satiro Sodr\u00e9\/SSPress\/CBDA"},{"@type":"BreadcrumbList","@id":"https:\/\/swimchannel.net\/br\/confira-a-programacao-da-swim-channel-tv-durante-o-trofeu-maria-lenk\/#breadcrumb","itemListElement":[{"@type":"ListItem","position":1,"name":"Home","item":"https:\/\/swimchannel.net\/br\/"},{"@type":"ListItem","position":2,"name":"Confira a programa\u00e7\u00e3o da SWIM CHANNEL TV durante o Trof\u00e9u Maria Lenk"}]},{"@type":"WebSite","@id":"https:\/\/swimchannel.net\/br\/#website","url":"https:\/\/swimchannel.net\/br\/","name":"Swimchannel","description":"Maior portal de nata\u00e7\u00e3o da america latina","publisher":{"@id":"https:\/\/swimchannel.net\/br\/#organization"},"potentialAction":[{"@type":"SearchAction","target":{"@type":"EntryPoint","urlTemplate":"https:\/\/swimchannel.net\/br\/?s={search_term_string}"},"query-input":{"@type":"PropertyValueSpecification","valueRequired":true,"valueName":"search_term_string"}}],"inLanguage":"pt-BR"},{"@type":"Organization","@id":"https:\/\/swimchannel.net\/br\/#organization","name":"Swimchannel - Conectando voc\u00ea a Nata\u00e7\u00e3o","url":"https:\/\/swimchannel.net\/br\/","logo":{"@type":"ImageObject","inLanguage":"pt-BR","@id":"https:\/\/swimchannel.net\/br\/#\/schema\/logo\/image\/","url":"https:\/\/swimchannel.net\/br\/wp-content\/uploads\/2026\/02\/SWIM-CHANNEL.png","contentUrl":"https:\/\/swimchannel.net\/br\/wp-content\/uploads\/2026\/02\/SWIM-CHANNEL.png","width":1120,"height":630,"caption":"Swimchannel - Conectando voc\u00ea a Nata\u00e7\u00e3o"},"image":{"@id":"https:\/\/swimchannel.net\/br\/#\/schema\/logo\/image\/"},"sameAs":["https:\/\/www.facebook.com\/swimchannel","https:\/\/www.instagram.com\/swimchannel"]},{"@type":"Person","@id":"https:\/\/swimchannel.net\/br\/#\/schema\/person\/aa2a63bab3275f53749a83276b213c48","name":"Guilherme Freitas","image":{"@type":"ImageObject","inLanguage":"pt-BR","@id":"https:\/\/swimchannel.net\/br\/#\/schema\/person\/image\/","url":"https:\/\/swimchannel.net\/br\/wp-content\/uploads\/2025\/10\/gui22-193x180.png","contentUrl":"https:\/\/swimchannel.net\/br\/wp-content\/uploads\/2025\/10\/gui22-193x180.png","caption":"Guilherme Freitas"},"description":"Jornalista s\u00eanior da SWIM CHANNEL, ex-correspondente da FINA no Brasil e pesquisador acad\u00eamico.","sameAs":["instagram.com\/guifreitas86"],"url":"https:\/\/swimchannel.net\/br\/author\/guilherme-freitas\/"}]}},"_links":{"self":[{"href":"https:\/\/swimchannel.net\/br\/wp-json\/wp\/v2\/posts\/72944","targetHints":{"allow":["GET"]}}],"collection":[{"href":"https:\/\/swimchannel.net\/br\/wp-json\/wp\/v2\/posts"}],"about":[{"href":"https:\/\/swimchannel.net\/br\/wp-json\/wp\/v2\/types\/post"}],"author":[{"embeddable":true,"href":"https:\/\/swimchannel.net\/br\/wp-json\/wp\/v2\/users\/3"}],"replies":[{"embeddable":true,"href":"https:\/\/swimchannel.net\/br\/wp-json\/wp\/v2\/comments?post=72944"}],"version-history":[{"count":6,"href":"https:\/\/swimchannel.net\/br\/wp-json\/wp\/v2\/posts\/72944\/revisions"}],"predecessor-version":[{"id":72995,"href":"https:\/\/swimchannel.net\/br\/wp-json\/wp\/v2\/posts\/72944\/revisions\/72995"}],"wp:featuredmedia":[{"embeddable":true,"href":"https:\/\/swimchannel.net\/br\/wp-json\/wp\/v2\/media\/41125"}],"wp:attachment":[{"href":"https:\/\/swimchannel.net\/br\/wp-json\/wp\/v2\/media?parent=72944"}],"wp:term":[{"taxonomy":"category","embeddable":true,"href":"https:\/\/swimchannel.net\/br\/wp-json\/wp\/v2\/categories?post=72944"},{"taxonomy":"post_tag","embeddable":true,"href":"https:\/\/swimchannel.net\/br\/wp-json\/wp\/v2\/tags?post=72944"}],"curies":[{"name":"wp","href":"https:\/\/api.w.org\/{rel}","templated":true}]}}