{"id":73189,"date":"2025-04-26T11:47:06","date_gmt":"2025-04-26T14:47:06","guid":{"rendered":"https:\/\/swimchannel.net\/br\/?p=73189"},"modified":"2025-04-26T11:47:06","modified_gmt":"2025-04-26T14:47:06","slug":"resumo-das-eliminatorias-do-ultimo-dia-do-trofeu-maria-lenk","status":"publish","type":"post","link":"https:\/\/swimchannel.net\/br\/resumo-das-eliminatorias-do-ultimo-dia-do-trofeu-maria-lenk\/","title":{"rendered":"Resumo das eliminat\u00f3rias do \u00faltimo dia do Trof\u00e9u Maria Lenk"},"content":{"rendered":"<p>A manh\u00e3 de s\u00e1bado marcou o \u00faltimo dia de atividades do Trof\u00e9u Maria Lenk na piscina do Flamengo. A noite conheceremos os \u00faltimos vencedores do evento, os convocados para o Campeonato Mundial de Cingapura e para o Campeonato Mundial J\u00fanior e tamb\u00e9m qual ser\u00e1 o clube campe\u00e3o da edi\u00e7\u00e3o 2025 do Trof\u00e9u. Veja abaixo um destaque da etapa:<\/p>\n<p>&nbsp;<\/p>\n<p><strong>Eliminat\u00f3rias dos 200m costas feminino<\/strong><br \/>\nAlexia Assun\u00e7\u00e3o passou para a final A com o melhor tempo da manh\u00e3. A nadadora do SESI-SP nadou para 2min16s70 e nada mais trade na raia 4. A segunda mais veloz do dia foi Fernanda de Goeij, do Minas TC que marcou 2min18s21. O oitavo e \u00faltimo tempo para entrar na final A foi de Bruna Leme, do Minas TC, com 2min21s95.<\/p>\n<p>&nbsp;<\/p>\n<p><strong>Eliminat\u00f3rias dos 200m costas masculino<\/strong><br \/>\nNo masculino o mais veloz pela manh\u00e3 foi Samuel Lopes. O nadador do Pinheiros por muito pouco n\u00e3o rompeu a casa dos 2 minutos e passou para a final com 2min00s70. O segundo mais r\u00e1pido foi Luigi Franco, do Minas TC, com 2min02s04. O oitavo e \u00faltimo tempo para entrar na final A foi de Pedro Souza, do Flamengo, com 2min04s17.<\/p>\n<p>&nbsp;<\/p>\n<p><strong>Eliminat\u00f3rias dos 50m borboleta feminino<\/strong><br \/>\nBeatriz Bezerra liderou as eliminat\u00f3rias da prova nesta manh\u00e3. A atleta do Pinheiros fez o melhor tempo com 26s26 e \u00e9 a favorita a vit\u00f3ria logo mais. A segunda mais r\u00e1pida acabou sendo Daynara de Paula, da Unisanta, com 26s76. O \u00faltimo tempo para entrar na final A foi de Clarissa Rodrigues, do Pinheiros, com 27s33.<\/p>\n<p>&nbsp;<\/p>\n<p><strong>Eliminat\u00f3rias dos 50m borboleta masculino<\/strong><br \/>\nGuilherme Carib\u00e9 segue voando no Trof\u00e9u Maria Lenk. O ve,ocista da Unisanta passou para a final A com o melhor tempo da manh\u00e3 ao nadar para 23s50 e promete fazer um bom duelo com Kayky Mota. O nadador do Pinheiros marcou 23s70 e teve o segundo tempo. A oitava e \u00faltima vaga para entrar na final A foi de Marcelo Chierighini, do Pinheiros, com 24s06.<\/p>\n<p>&nbsp;<\/p>\n<p><strong>Primeiras s\u00e9ries dos 800m livre feminino<\/strong><br \/>\nDuas nadadoras estrangeiras lideraram as primeiras s\u00e9ries dessa prova, que ter\u00e1 a s\u00e9rie principal no programa da noite. A turca Merve Tuncel fez o melhor tempo do dia com 9min02s78. J\u00e1 a argentina Candela Giordanino, do Gr\u00eamio N\u00e1utico Uni\u00e3o, teve o segundo tempo com 9min03s33. O melhor tempo do balizamento da \u00faltima s\u00e9rie \u00e9 de Maria Fernanda Costa, da Unisanta, com 8min28s92.<\/p>\n<p>&nbsp;<\/p>\n<p><strong>Primeiras s\u00e9ries dos 1500m livre masculino<\/strong><br \/>\nNeste momento, Matheus Melecchi esta na Espanha disputando a etapa de Ibiza da Copa do Mundo de \u00e1guas abertas. Por\u00e9m, na segunda-feira antes de ir para a Europa, o nadador do Gr\u00eamio N\u00e1utico Uni\u00e3o fez uma tomada de tempo para registrar tempo nos 1500m livre e fez um bom tempo de 15min15s68. Com a excu\u00e7\u00e3o das primeiras s\u00e9ries da prova, nenhum nadador conseguiu super\u00e1-lo. Quem mais se aproximou foi o colombiano Juan Restrepo, do Minas TC, com 15min30s08. Portanto, Melecchi segue sendo o primeiro colocado dos 1500m livre at\u00e9 o in\u00edcio da \u00faltima s\u00e9rie. O melhor tempo do balizamento da \u00faltima s\u00e9rie \u00e9 do australiano Sam Short, da Unisanta, com 14min58s15.<\/p>\n<p>&nbsp;<\/p>\n<p>As finais ter\u00e3o transmiss\u00e3o ao vivo da <strong>SWIM CHANNEL TV<\/strong> e come\u00e7am a partir das 18h. Clique aqui para acessar e se inscrever em nosso canal: <a href=\"https:\/\/www.youtube.com\/channel\/UCAOC6qHJz_M6B9fW3ltsLgA\" target=\"_blank\" rel=\"noopener\"><strong>https:\/\/www.youtube.com\/channel\/UCAOC6qHJz_M6B9fW3ltsLgA<\/strong><\/a>. E clique aqui para conferir os resultados do \u00faltimo dia de eliminat\u00f3rias: <a href=\"https:\/\/www.cbda.org.br\/evento\/natacao\/39545\/campeonato-brasileiro-absoluto-de-natacao?tab=provas\" target=\"_blank\" rel=\"noopener\"><strong>https:\/\/www.cbda.org.br\/evento\/natacao\/39545\/campeonato-brasileiro-absoluto-de-natacao?tab=provas<\/strong><\/a>.<\/p>\n<p>&nbsp;<\/p>\n<p>Gostaria de receber as not\u00edcias de nata\u00e7\u00e3o e \u00e1guas abertas no seu email?<\/p>\n<p><a href=\"https:\/\/lpa.nitro.news\/n-GNe\/ultimas-noticias-swim-channel\">Cadastre-se aqui<\/a><\/p>\n","protected":false},"excerpt":{"rendered":"<p>A manh\u00e3 de s\u00e1bado marcou o \u00faltimo dia de atividades do Trof\u00e9u Maria Lenk na piscina do Flamengo. A noite conheceremos os \u00faltimos vencedores do evento, os convocados para o Campeonato Mundial de Cingapura e para o Campeonato Mundial J\u00fanior e tamb\u00e9m qual ser\u00e1 o clube campe\u00e3o da edi\u00e7\u00e3o 2025 do Trof\u00e9u. Veja abaixo um [&hellip;]<\/p>\n","protected":false},"author":3,"featured_media":73194,"comment_status":"open","ping_status":"open","sticky":false,"template":"","format":"gallery","meta":{"footnotes":""},"categories":[240],"tags":[5,789,332],"class_list":["post-73189","post","type-post","status-publish","format-gallery","has-post-thumbnail","hentry","category-trofeu-brasil","tag-natacao","tag-trofeu-brasil","tag-trofeu-maria-lenk","post_format-post-format-gallery"],"yoast_head":"<!-- This site is optimized with the Yoast SEO plugin v27.0 - https:\/\/yoast.com\/product\/yoast-seo-wordpress\/ -->\n<title>Resumo das eliminat\u00f3rias do \u00faltimo dia do Trof\u00e9u Maria Lenk - Swimchannel<\/title>\n<meta name=\"robots\" content=\"index, follow, max-snippet:-1, max-image-preview:large, max-video-preview:-1\" \/>\n<link rel=\"canonical\" href=\"https:\/\/swimchannel.net\/br\/resumo-das-eliminatorias-do-ultimo-dia-do-trofeu-maria-lenk\/\" \/>\n<meta property=\"og:locale\" content=\"pt_BR\" \/>\n<meta property=\"og:type\" content=\"article\" \/>\n<meta property=\"og:title\" content=\"Resumo das eliminat\u00f3rias do \u00faltimo dia do Trof\u00e9u Maria Lenk - Swimchannel\" \/>\n<meta property=\"og:description\" content=\"A manh\u00e3 de s\u00e1bado marcou o \u00faltimo dia de atividades do Trof\u00e9u Maria Lenk na piscina do Flamengo. A noite conheceremos os \u00faltimos vencedores do evento, os convocados para o Campeonato Mundial de Cingapura e para o Campeonato Mundial J\u00fanior e tamb\u00e9m qual ser\u00e1 o clube campe\u00e3o da edi\u00e7\u00e3o 2025 do Trof\u00e9u. Veja abaixo um [&hellip;]\" \/>\n<meta property=\"og:url\" content=\"https:\/\/swimchannel.net\/br\/resumo-das-eliminatorias-do-ultimo-dia-do-trofeu-maria-lenk\/\" \/>\n<meta property=\"og:site_name\" content=\"Swimchannel\" \/>\n<meta property=\"article:publisher\" content=\"https:\/\/www.facebook.com\/swimchannel\" \/>\n<meta property=\"article:published_time\" content=\"2025-04-26T14:47:06+00:00\" \/>\n<meta property=\"og:image\" content=\"https:\/\/swimchannel.net\/br\/wp-content\/uploads\/2025\/04\/54466581846_1f9be96b7a_o.jpg\" \/>\n\t<meta property=\"og:image:width\" content=\"2362\" \/>\n\t<meta property=\"og:image:height\" content=\"1575\" \/>\n\t<meta property=\"og:image:type\" content=\"image\/jpeg\" \/>\n<meta name=\"author\" content=\"Guilherme Freitas\" \/>\n<meta name=\"twitter:card\" content=\"summary_large_image\" \/>\n<meta name=\"twitter:label1\" content=\"Escrito por\" \/>\n\t<meta name=\"twitter:data1\" content=\"Guilherme Freitas\" \/>\n\t<meta name=\"twitter:label2\" content=\"Est. tempo de leitura\" \/>\n\t<meta name=\"twitter:data2\" content=\"3 minutos\" \/>\n<script type=\"application\/ld+json\" class=\"yoast-schema-graph\">{\"@context\":\"https:\/\/schema.org\",\"@graph\":[{\"@type\":\"Article\",\"@id\":\"https:\/\/swimchannel.net\/br\/resumo-das-eliminatorias-do-ultimo-dia-do-trofeu-maria-lenk\/#article\",\"isPartOf\":{\"@id\":\"https:\/\/swimchannel.net\/br\/resumo-das-eliminatorias-do-ultimo-dia-do-trofeu-maria-lenk\/\"},\"author\":{\"name\":\"Guilherme Freitas\",\"@id\":\"https:\/\/swimchannel.net\/br\/#\/schema\/person\/aa2a63bab3275f53749a83276b213c48\"},\"headline\":\"Resumo das eliminat\u00f3rias do \u00faltimo dia do Trof\u00e9u Maria Lenk\",\"datePublished\":\"2025-04-26T14:47:06+00:00\",\"mainEntityOfPage\":{\"@id\":\"https:\/\/swimchannel.net\/br\/resumo-das-eliminatorias-do-ultimo-dia-do-trofeu-maria-lenk\/\"},\"wordCount\":650,\"commentCount\":0,\"publisher\":{\"@id\":\"https:\/\/swimchannel.net\/br\/#organization\"},\"image\":{\"@id\":\"https:\/\/swimchannel.net\/br\/resumo-das-eliminatorias-do-ultimo-dia-do-trofeu-maria-lenk\/#primaryimage\"},\"thumbnailUrl\":\"https:\/\/swimchannel.net\/br\/wp-content\/uploads\/2025\/04\/54466581846_1f9be96b7a_o.jpg\",\"keywords\":[\"natacao\",\"Trof\u00e9u Brasil\",\"Trof\u00e9u Maria Lenk\"],\"articleSection\":[\"Trof\u00e9u Brasil\"],\"inLanguage\":\"pt-BR\",\"potentialAction\":[{\"@type\":\"CommentAction\",\"name\":\"Comment\",\"target\":[\"https:\/\/swimchannel.net\/br\/resumo-das-eliminatorias-do-ultimo-dia-do-trofeu-maria-lenk\/#respond\"]}]},{\"@type\":\"WebPage\",\"@id\":\"https:\/\/swimchannel.net\/br\/resumo-das-eliminatorias-do-ultimo-dia-do-trofeu-maria-lenk\/\",\"url\":\"https:\/\/swimchannel.net\/br\/resumo-das-eliminatorias-do-ultimo-dia-do-trofeu-maria-lenk\/\",\"name\":\"Resumo das eliminat\u00f3rias do \u00faltimo dia do Trof\u00e9u Maria Lenk - Swimchannel\",\"isPartOf\":{\"@id\":\"https:\/\/swimchannel.net\/br\/#website\"},\"primaryImageOfPage\":{\"@id\":\"https:\/\/swimchannel.net\/br\/resumo-das-eliminatorias-do-ultimo-dia-do-trofeu-maria-lenk\/#primaryimage\"},\"image\":{\"@id\":\"https:\/\/swimchannel.net\/br\/resumo-das-eliminatorias-do-ultimo-dia-do-trofeu-maria-lenk\/#primaryimage\"},\"thumbnailUrl\":\"https:\/\/swimchannel.net\/br\/wp-content\/uploads\/2025\/04\/54466581846_1f9be96b7a_o.jpg\",\"datePublished\":\"2025-04-26T14:47:06+00:00\",\"breadcrumb\":{\"@id\":\"https:\/\/swimchannel.net\/br\/resumo-das-eliminatorias-do-ultimo-dia-do-trofeu-maria-lenk\/#breadcrumb\"},\"inLanguage\":\"pt-BR\",\"potentialAction\":[{\"@type\":\"ReadAction\",\"target\":[\"https:\/\/swimchannel.net\/br\/resumo-das-eliminatorias-do-ultimo-dia-do-trofeu-maria-lenk\/\"]}]},{\"@type\":\"ImageObject\",\"inLanguage\":\"pt-BR\",\"@id\":\"https:\/\/swimchannel.net\/br\/resumo-das-eliminatorias-do-ultimo-dia-do-trofeu-maria-lenk\/#primaryimage\",\"url\":\"https:\/\/swimchannel.net\/br\/wp-content\/uploads\/2025\/04\/54466581846_1f9be96b7a_o.jpg\",\"contentUrl\":\"https:\/\/swimchannel.net\/br\/wp-content\/uploads\/2025\/04\/54466581846_1f9be96b7a_o.jpg\",\"width\":2362,\"height\":1575,\"caption\":\"Guilherme Carib\u00e9 - Foto: Satiro Sodr\u00e9\/SSPress\"},{\"@type\":\"BreadcrumbList\",\"@id\":\"https:\/\/swimchannel.net\/br\/resumo-das-eliminatorias-do-ultimo-dia-do-trofeu-maria-lenk\/#breadcrumb\",\"itemListElement\":[{\"@type\":\"ListItem\",\"position\":1,\"name\":\"Home\",\"item\":\"https:\/\/swimchannel.net\/br\/\"},{\"@type\":\"ListItem\",\"position\":2,\"name\":\"Resumo das eliminat\u00f3rias do \u00faltimo dia do Trof\u00e9u Maria Lenk\"}]},{\"@type\":\"WebSite\",\"@id\":\"https:\/\/swimchannel.net\/br\/#website\",\"url\":\"https:\/\/swimchannel.net\/br\/\",\"name\":\"Swimchannel\",\"description\":\"Maior portal de nata\u00e7\u00e3o da america latina\",\"publisher\":{\"@id\":\"https:\/\/swimchannel.net\/br\/#organization\"},\"potentialAction\":[{\"@type\":\"SearchAction\",\"target\":{\"@type\":\"EntryPoint\",\"urlTemplate\":\"https:\/\/swimchannel.net\/br\/?s={search_term_string}\"},\"query-input\":{\"@type\":\"PropertyValueSpecification\",\"valueRequired\":true,\"valueName\":\"search_term_string\"}}],\"inLanguage\":\"pt-BR\"},{\"@type\":\"Organization\",\"@id\":\"https:\/\/swimchannel.net\/br\/#organization\",\"name\":\"Swimchannel - Conectando voc\u00ea a Nata\u00e7\u00e3o\",\"url\":\"https:\/\/swimchannel.net\/br\/\",\"logo\":{\"@type\":\"ImageObject\",\"inLanguage\":\"pt-BR\",\"@id\":\"https:\/\/swimchannel.net\/br\/#\/schema\/logo\/image\/\",\"url\":\"https:\/\/swimchannel.net\/br\/wp-content\/uploads\/2026\/02\/SWIM-CHANNEL.png\",\"contentUrl\":\"https:\/\/swimchannel.net\/br\/wp-content\/uploads\/2026\/02\/SWIM-CHANNEL.png\",\"width\":1120,\"height\":630,\"caption\":\"Swimchannel - Conectando voc\u00ea a Nata\u00e7\u00e3o\"},\"image\":{\"@id\":\"https:\/\/swimchannel.net\/br\/#\/schema\/logo\/image\/\"},\"sameAs\":[\"https:\/\/www.facebook.com\/swimchannel\",\"https:\/\/www.instagram.com\/swimchannel\"]},{\"@type\":\"Person\",\"@id\":\"https:\/\/swimchannel.net\/br\/#\/schema\/person\/aa2a63bab3275f53749a83276b213c48\",\"name\":\"Guilherme Freitas\",\"image\":{\"@type\":\"ImageObject\",\"inLanguage\":\"pt-BR\",\"@id\":\"https:\/\/swimchannel.net\/br\/#\/schema\/person\/image\/\",\"url\":\"https:\/\/swimchannel.net\/br\/wp-content\/uploads\/2025\/10\/gui22-193x180.png\",\"contentUrl\":\"https:\/\/swimchannel.net\/br\/wp-content\/uploads\/2025\/10\/gui22-193x180.png\",\"caption\":\"Guilherme Freitas\"},\"description\":\"Jornalista s\u00eanior da SWIM CHANNEL, ex-correspondente da FINA no Brasil e pesquisador acad\u00eamico.\",\"sameAs\":[\"instagram.com\/guifreitas86\"],\"url\":\"https:\/\/swimchannel.net\/br\/author\/guilherme-freitas\/\"}]}<\/script>\n<!-- \/ Yoast SEO plugin. -->","yoast_head_json":{"title":"Resumo das eliminat\u00f3rias do \u00faltimo dia do Trof\u00e9u Maria Lenk - Swimchannel","robots":{"index":"index","follow":"follow","max-snippet":"max-snippet:-1","max-image-preview":"max-image-preview:large","max-video-preview":"max-video-preview:-1"},"canonical":"https:\/\/swimchannel.net\/br\/resumo-das-eliminatorias-do-ultimo-dia-do-trofeu-maria-lenk\/","og_locale":"pt_BR","og_type":"article","og_title":"Resumo das eliminat\u00f3rias do \u00faltimo dia do Trof\u00e9u Maria Lenk - Swimchannel","og_description":"A manh\u00e3 de s\u00e1bado marcou o \u00faltimo dia de atividades do Trof\u00e9u Maria Lenk na piscina do Flamengo. A noite conheceremos os \u00faltimos vencedores do evento, os convocados para o Campeonato Mundial de Cingapura e para o Campeonato Mundial J\u00fanior e tamb\u00e9m qual ser\u00e1 o clube campe\u00e3o da edi\u00e7\u00e3o 2025 do Trof\u00e9u. Veja abaixo um [&hellip;]","og_url":"https:\/\/swimchannel.net\/br\/resumo-das-eliminatorias-do-ultimo-dia-do-trofeu-maria-lenk\/","og_site_name":"Swimchannel","article_publisher":"https:\/\/www.facebook.com\/swimchannel","article_published_time":"2025-04-26T14:47:06+00:00","og_image":[{"width":2362,"height":1575,"url":"https:\/\/swimchannel.net\/br\/wp-content\/uploads\/2025\/04\/54466581846_1f9be96b7a_o.jpg","type":"image\/jpeg"}],"author":"Guilherme Freitas","twitter_card":"summary_large_image","twitter_misc":{"Escrito por":"Guilherme Freitas","Est. tempo de leitura":"3 minutos"},"schema":{"@context":"https:\/\/schema.org","@graph":[{"@type":"Article","@id":"https:\/\/swimchannel.net\/br\/resumo-das-eliminatorias-do-ultimo-dia-do-trofeu-maria-lenk\/#article","isPartOf":{"@id":"https:\/\/swimchannel.net\/br\/resumo-das-eliminatorias-do-ultimo-dia-do-trofeu-maria-lenk\/"},"author":{"name":"Guilherme Freitas","@id":"https:\/\/swimchannel.net\/br\/#\/schema\/person\/aa2a63bab3275f53749a83276b213c48"},"headline":"Resumo das eliminat\u00f3rias do \u00faltimo dia do Trof\u00e9u Maria Lenk","datePublished":"2025-04-26T14:47:06+00:00","mainEntityOfPage":{"@id":"https:\/\/swimchannel.net\/br\/resumo-das-eliminatorias-do-ultimo-dia-do-trofeu-maria-lenk\/"},"wordCount":650,"commentCount":0,"publisher":{"@id":"https:\/\/swimchannel.net\/br\/#organization"},"image":{"@id":"https:\/\/swimchannel.net\/br\/resumo-das-eliminatorias-do-ultimo-dia-do-trofeu-maria-lenk\/#primaryimage"},"thumbnailUrl":"https:\/\/swimchannel.net\/br\/wp-content\/uploads\/2025\/04\/54466581846_1f9be96b7a_o.jpg","keywords":["natacao","Trof\u00e9u Brasil","Trof\u00e9u Maria Lenk"],"articleSection":["Trof\u00e9u Brasil"],"inLanguage":"pt-BR","potentialAction":[{"@type":"CommentAction","name":"Comment","target":["https:\/\/swimchannel.net\/br\/resumo-das-eliminatorias-do-ultimo-dia-do-trofeu-maria-lenk\/#respond"]}]},{"@type":"WebPage","@id":"https:\/\/swimchannel.net\/br\/resumo-das-eliminatorias-do-ultimo-dia-do-trofeu-maria-lenk\/","url":"https:\/\/swimchannel.net\/br\/resumo-das-eliminatorias-do-ultimo-dia-do-trofeu-maria-lenk\/","name":"Resumo das eliminat\u00f3rias do \u00faltimo dia do Trof\u00e9u Maria Lenk - Swimchannel","isPartOf":{"@id":"https:\/\/swimchannel.net\/br\/#website"},"primaryImageOfPage":{"@id":"https:\/\/swimchannel.net\/br\/resumo-das-eliminatorias-do-ultimo-dia-do-trofeu-maria-lenk\/#primaryimage"},"image":{"@id":"https:\/\/swimchannel.net\/br\/resumo-das-eliminatorias-do-ultimo-dia-do-trofeu-maria-lenk\/#primaryimage"},"thumbnailUrl":"https:\/\/swimchannel.net\/br\/wp-content\/uploads\/2025\/04\/54466581846_1f9be96b7a_o.jpg","datePublished":"2025-04-26T14:47:06+00:00","breadcrumb":{"@id":"https:\/\/swimchannel.net\/br\/resumo-das-eliminatorias-do-ultimo-dia-do-trofeu-maria-lenk\/#breadcrumb"},"inLanguage":"pt-BR","potentialAction":[{"@type":"ReadAction","target":["https:\/\/swimchannel.net\/br\/resumo-das-eliminatorias-do-ultimo-dia-do-trofeu-maria-lenk\/"]}]},{"@type":"ImageObject","inLanguage":"pt-BR","@id":"https:\/\/swimchannel.net\/br\/resumo-das-eliminatorias-do-ultimo-dia-do-trofeu-maria-lenk\/#primaryimage","url":"https:\/\/swimchannel.net\/br\/wp-content\/uploads\/2025\/04\/54466581846_1f9be96b7a_o.jpg","contentUrl":"https:\/\/swimchannel.net\/br\/wp-content\/uploads\/2025\/04\/54466581846_1f9be96b7a_o.jpg","width":2362,"height":1575,"caption":"Guilherme Carib\u00e9 - Foto: Satiro Sodr\u00e9\/SSPress"},{"@type":"BreadcrumbList","@id":"https:\/\/swimchannel.net\/br\/resumo-das-eliminatorias-do-ultimo-dia-do-trofeu-maria-lenk\/#breadcrumb","itemListElement":[{"@type":"ListItem","position":1,"name":"Home","item":"https:\/\/swimchannel.net\/br\/"},{"@type":"ListItem","position":2,"name":"Resumo das eliminat\u00f3rias do \u00faltimo dia do Trof\u00e9u Maria Lenk"}]},{"@type":"WebSite","@id":"https:\/\/swimchannel.net\/br\/#website","url":"https:\/\/swimchannel.net\/br\/","name":"Swimchannel","description":"Maior portal de nata\u00e7\u00e3o da america latina","publisher":{"@id":"https:\/\/swimchannel.net\/br\/#organization"},"potentialAction":[{"@type":"SearchAction","target":{"@type":"EntryPoint","urlTemplate":"https:\/\/swimchannel.net\/br\/?s={search_term_string}"},"query-input":{"@type":"PropertyValueSpecification","valueRequired":true,"valueName":"search_term_string"}}],"inLanguage":"pt-BR"},{"@type":"Organization","@id":"https:\/\/swimchannel.net\/br\/#organization","name":"Swimchannel - Conectando voc\u00ea a Nata\u00e7\u00e3o","url":"https:\/\/swimchannel.net\/br\/","logo":{"@type":"ImageObject","inLanguage":"pt-BR","@id":"https:\/\/swimchannel.net\/br\/#\/schema\/logo\/image\/","url":"https:\/\/swimchannel.net\/br\/wp-content\/uploads\/2026\/02\/SWIM-CHANNEL.png","contentUrl":"https:\/\/swimchannel.net\/br\/wp-content\/uploads\/2026\/02\/SWIM-CHANNEL.png","width":1120,"height":630,"caption":"Swimchannel - Conectando voc\u00ea a Nata\u00e7\u00e3o"},"image":{"@id":"https:\/\/swimchannel.net\/br\/#\/schema\/logo\/image\/"},"sameAs":["https:\/\/www.facebook.com\/swimchannel","https:\/\/www.instagram.com\/swimchannel"]},{"@type":"Person","@id":"https:\/\/swimchannel.net\/br\/#\/schema\/person\/aa2a63bab3275f53749a83276b213c48","name":"Guilherme Freitas","image":{"@type":"ImageObject","inLanguage":"pt-BR","@id":"https:\/\/swimchannel.net\/br\/#\/schema\/person\/image\/","url":"https:\/\/swimchannel.net\/br\/wp-content\/uploads\/2025\/10\/gui22-193x180.png","contentUrl":"https:\/\/swimchannel.net\/br\/wp-content\/uploads\/2025\/10\/gui22-193x180.png","caption":"Guilherme Freitas"},"description":"Jornalista s\u00eanior da SWIM CHANNEL, ex-correspondente da FINA no Brasil e pesquisador acad\u00eamico.","sameAs":["instagram.com\/guifreitas86"],"url":"https:\/\/swimchannel.net\/br\/author\/guilherme-freitas\/"}]}},"_links":{"self":[{"href":"https:\/\/swimchannel.net\/br\/wp-json\/wp\/v2\/posts\/73189","targetHints":{"allow":["GET"]}}],"collection":[{"href":"https:\/\/swimchannel.net\/br\/wp-json\/wp\/v2\/posts"}],"about":[{"href":"https:\/\/swimchannel.net\/br\/wp-json\/wp\/v2\/types\/post"}],"author":[{"embeddable":true,"href":"https:\/\/swimchannel.net\/br\/wp-json\/wp\/v2\/users\/3"}],"replies":[{"embeddable":true,"href":"https:\/\/swimchannel.net\/br\/wp-json\/wp\/v2\/comments?post=73189"}],"version-history":[{"count":4,"href":"https:\/\/swimchannel.net\/br\/wp-json\/wp\/v2\/posts\/73189\/revisions"}],"predecessor-version":[{"id":73195,"href":"https:\/\/swimchannel.net\/br\/wp-json\/wp\/v2\/posts\/73189\/revisions\/73195"}],"wp:featuredmedia":[{"embeddable":true,"href":"https:\/\/swimchannel.net\/br\/wp-json\/wp\/v2\/media\/73194"}],"wp:attachment":[{"href":"https:\/\/swimchannel.net\/br\/wp-json\/wp\/v2\/media?parent=73189"}],"wp:term":[{"taxonomy":"category","embeddable":true,"href":"https:\/\/swimchannel.net\/br\/wp-json\/wp\/v2\/categories?post=73189"},{"taxonomy":"post_tag","embeddable":true,"href":"https:\/\/swimchannel.net\/br\/wp-json\/wp\/v2\/tags?post=73189"}],"curies":[{"name":"wp","href":"https:\/\/api.w.org\/{rel}","templated":true}]}}