{"id":73209,"date":"2025-04-26T20:32:08","date_gmt":"2025-04-26T23:32:08","guid":{"rendered":"https:\/\/swimchannel.net\/br\/?p=73209"},"modified":"2025-04-26T21:18:32","modified_gmt":"2025-04-27T00:18:32","slug":"minas-tc-e-campeao-do-trofeu-maria-lenk-2025","status":"publish","type":"post","link":"https:\/\/swimchannel.net\/br\/minas-tc-e-campeao-do-trofeu-maria-lenk-2025\/","title":{"rendered":"Minas TC \u00e9 campe\u00e3o do Trof\u00e9u Maria Lenk 2025"},"content":{"rendered":"<p>A equipe do Minas T\u00eanis Clube \u00e9 a grande campe\u00e3 do Trof\u00e9u Maria Lenk 2025. O time minatenista somou 2352,5 pontos contra 1872,5 pontos da Unisanta, que terminou a competi\u00e7\u00e3o na segunda coloca\u00e7\u00e3o geral. O Pinheiros fechou o\u00a0 top 3 com 1836,5 pontos. Ao todo o Minas TC teve 32 medalhas, sendo cinco de ouro, 11 de prata e 16 de bronze. Esse foi o 11\u00ba t\u00edtulo do Minas TC na competi\u00e7\u00e3o e o primeiro desde 2020.<\/p>\n<p>&nbsp;<\/p>\n<p><strong>Top 5 geral<\/strong><br \/>\n1. Minas TC &#8211;\u00a0 2352,5 pontos<br \/>\n2. Unisanta &#8211; 1872,5 pontos<br \/>\n3. Pinheiros &#8211; 1836,5 pontos<br \/>\n4. Flamengo &#8211; 912,5 pontos<br \/>\n5. SESI-SP &#8211; 662 pontos<\/p>\n<p><strong>Top 5 feminino<\/strong><br \/>\n1. Minas TC &#8211;\u00a0 1319 pontos<br \/>\n2. Unisanta &#8211; 953 pontos<br \/>\n3. Pinheiros &#8211; 693,5 pontos<br \/>\n4. Flamengo &#8211; 402,5 pontos<br \/>\n5. SESI-SP &#8211; 366 pontos<\/p>\n<p><strong>Top 5 masculino<\/strong><br \/>\n1. Pinheiros &#8211; 1093 pontos<br \/>\n2. Minas TC &#8211; 963,5 pontos<br \/>\n3. Unisanta &#8211; 859,5 pontos<br \/>\n4. Flamengo &#8211; 474 pontos<br \/>\n5. SESI-SP &#8211; 256 pontos<\/p>\n<p>&nbsp;<\/p>\n<figure id=\"attachment_73233\" aria-describedby=\"caption-attachment-73233\" style=\"width: 1200px\" class=\"wp-caption alignnone\"><img loading=\"lazy\" decoding=\"async\" class=\"size-large wp-image-73233\" src=\"https:\/\/swimchannel.net\/br\/wp-content\/uploads\/2025\/04\/54478622693_3d666f3970_o-1200x800.jpg\" alt=\"\" width=\"1200\" height=\"800\" srcset=\"https:\/\/swimchannel.net\/br\/wp-content\/uploads\/2025\/04\/54478622693_3d666f3970_o-1200x800.jpg 1200w, https:\/\/swimchannel.net\/br\/wp-content\/uploads\/2025\/04\/54478622693_3d666f3970_o-1012x675.jpg 1012w, https:\/\/swimchannel.net\/br\/wp-content\/uploads\/2025\/04\/54478622693_3d666f3970_o-270x180.jpg 270w, https:\/\/swimchannel.net\/br\/wp-content\/uploads\/2025\/04\/54478622693_3d666f3970_o-768x512.jpg 768w, https:\/\/swimchannel.net\/br\/wp-content\/uploads\/2025\/04\/54478622693_3d666f3970_o-1536x1024.jpg 1536w, https:\/\/swimchannel.net\/br\/wp-content\/uploads\/2025\/04\/54478622693_3d666f3970_o-2048x1366.jpg 2048w, https:\/\/swimchannel.net\/br\/wp-content\/uploads\/2025\/04\/54478622693_3d666f3970_o-750x500.jpg 750w, https:\/\/swimchannel.net\/br\/wp-content\/uploads\/2025\/04\/54478622693_3d666f3970_o-1140x760.jpg 1140w\" sizes=\"auto, (max-width: 1200px) 100vw, 1200px\" \/><figcaption id=\"caption-attachment-73233\" class=\"wp-caption-text\">Minas TC campe\u00e3o do Trof\u00e9u Maria Lenk 2025 &#8211; Foto: Satiro Sodr\u00e9\/SSPress<\/figcaption><\/figure>\n<p>&nbsp;<\/p>\n<p>Cliquei aqui para conferir os resultados, \u00edndices e pontua\u00e7\u00e3o completa do Trof\u00e9u Maria Lenk: <a href=\"https:\/\/www.cbda.org.br\/evento\/natacao\/39545\/campeonato-brasileiro-absoluto-de-natacao?tab=provas\" target=\"_blank\" rel=\"noopener\"><strong>https:\/\/www.cbda.org.br\/evento\/natacao\/39545\/campeonato-brasileiro-absoluto-de-natacao?tab=provas<\/strong><\/a>.<\/p>\n<p>&nbsp;<\/p>\n<p>Gostaria de receber as not\u00edcias de nata\u00e7\u00e3o e \u00e1guas abertas no seu email?<\/p>\n<p><a href=\"https:\/\/lpa.nitro.news\/n-GNe\/ultimas-noticias-swim-channel\">Cadastre-se aqui<\/a><\/p>\n","protected":false},"excerpt":{"rendered":"<p>A equipe do Minas T\u00eanis Clube \u00e9 a grande campe\u00e3 do Trof\u00e9u Maria Lenk 2025. O time minatenista somou 2352,5 pontos contra 1872,5 pontos da Unisanta, que terminou a competi\u00e7\u00e3o na segunda coloca\u00e7\u00e3o geral. O Pinheiros fechou o\u00a0 top 3 com 1836,5 pontos. Ao todo o Minas TC teve 32 medalhas, sendo cinco de ouro, [&hellip;]<\/p>\n","protected":false},"author":3,"featured_media":73233,"comment_status":"open","ping_status":"open","sticky":false,"template":"","format":"gallery","meta":{"footnotes":""},"categories":[240],"tags":[498,5,789,332],"class_list":["post-73209","post","type-post","status-publish","format-gallery","has-post-thumbnail","hentry","category-trofeu-brasil","tag-minas-tc","tag-natacao","tag-trofeu-brasil","tag-trofeu-maria-lenk","post_format-post-format-gallery"],"yoast_head":"<!-- This site is optimized with the Yoast SEO plugin v27.0 - https:\/\/yoast.com\/product\/yoast-seo-wordpress\/ -->\n<title>Minas TC \u00e9 campe\u00e3o do Trof\u00e9u Maria Lenk 2025 - Swimchannel<\/title>\n<meta name=\"robots\" content=\"index, follow, max-snippet:-1, max-image-preview:large, max-video-preview:-1\" \/>\n<link rel=\"canonical\" href=\"https:\/\/swimchannel.net\/br\/minas-tc-e-campeao-do-trofeu-maria-lenk-2025\/\" \/>\n<meta property=\"og:locale\" content=\"pt_BR\" \/>\n<meta property=\"og:type\" content=\"article\" \/>\n<meta property=\"og:title\" content=\"Minas TC \u00e9 campe\u00e3o do Trof\u00e9u Maria Lenk 2025 - Swimchannel\" \/>\n<meta property=\"og:description\" content=\"A equipe do Minas T\u00eanis Clube \u00e9 a grande campe\u00e3 do Trof\u00e9u Maria Lenk 2025. O time minatenista somou 2352,5 pontos contra 1872,5 pontos da Unisanta, que terminou a competi\u00e7\u00e3o na segunda coloca\u00e7\u00e3o geral. O Pinheiros fechou o\u00a0 top 3 com 1836,5 pontos. Ao todo o Minas TC teve 32 medalhas, sendo cinco de ouro, [&hellip;]\" \/>\n<meta property=\"og:url\" content=\"https:\/\/swimchannel.net\/br\/minas-tc-e-campeao-do-trofeu-maria-lenk-2025\/\" \/>\n<meta property=\"og:site_name\" content=\"Swimchannel\" \/>\n<meta property=\"article:publisher\" content=\"https:\/\/www.facebook.com\/swimchannel\" \/>\n<meta property=\"article:published_time\" content=\"2025-04-26T23:32:08+00:00\" \/>\n<meta property=\"article:modified_time\" content=\"2025-04-27T00:18:32+00:00\" \/>\n<meta property=\"og:image\" content=\"https:\/\/swimchannel.net\/br\/wp-content\/uploads\/2025\/04\/54478622693_3d666f3970_o.jpg\" \/>\n\t<meta property=\"og:image:width\" content=\"2362\" \/>\n\t<meta property=\"og:image:height\" content=\"1575\" \/>\n\t<meta property=\"og:image:type\" content=\"image\/jpeg\" \/>\n<meta name=\"author\" content=\"Guilherme Freitas\" \/>\n<meta name=\"twitter:card\" content=\"summary_large_image\" \/>\n<meta name=\"twitter:label1\" content=\"Escrito por\" \/>\n\t<meta name=\"twitter:data1\" content=\"Guilherme Freitas\" \/>\n\t<meta name=\"twitter:label2\" content=\"Est. tempo de leitura\" \/>\n\t<meta name=\"twitter:data2\" content=\"1 minuto\" \/>\n<script type=\"application\/ld+json\" class=\"yoast-schema-graph\">{\"@context\":\"https:\/\/schema.org\",\"@graph\":[{\"@type\":\"Article\",\"@id\":\"https:\/\/swimchannel.net\/br\/minas-tc-e-campeao-do-trofeu-maria-lenk-2025\/#article\",\"isPartOf\":{\"@id\":\"https:\/\/swimchannel.net\/br\/minas-tc-e-campeao-do-trofeu-maria-lenk-2025\/\"},\"author\":{\"name\":\"Guilherme Freitas\",\"@id\":\"https:\/\/swimchannel.net\/br\/#\/schema\/person\/aa2a63bab3275f53749a83276b213c48\"},\"headline\":\"Minas TC \u00e9 campe\u00e3o do Trof\u00e9u Maria Lenk 2025\",\"datePublished\":\"2025-04-26T23:32:08+00:00\",\"dateModified\":\"2025-04-27T00:18:32+00:00\",\"mainEntityOfPage\":{\"@id\":\"https:\/\/swimchannel.net\/br\/minas-tc-e-campeao-do-trofeu-maria-lenk-2025\/\"},\"wordCount\":203,\"commentCount\":0,\"publisher\":{\"@id\":\"https:\/\/swimchannel.net\/br\/#organization\"},\"image\":{\"@id\":\"https:\/\/swimchannel.net\/br\/minas-tc-e-campeao-do-trofeu-maria-lenk-2025\/#primaryimage\"},\"thumbnailUrl\":\"https:\/\/swimchannel.net\/br\/wp-content\/uploads\/2025\/04\/54478622693_3d666f3970_o.jpg\",\"keywords\":[\"Minas TC\",\"natacao\",\"Trof\u00e9u Brasil\",\"Trof\u00e9u Maria Lenk\"],\"articleSection\":[\"Trof\u00e9u Brasil\"],\"inLanguage\":\"pt-BR\",\"potentialAction\":[{\"@type\":\"CommentAction\",\"name\":\"Comment\",\"target\":[\"https:\/\/swimchannel.net\/br\/minas-tc-e-campeao-do-trofeu-maria-lenk-2025\/#respond\"]}]},{\"@type\":\"WebPage\",\"@id\":\"https:\/\/swimchannel.net\/br\/minas-tc-e-campeao-do-trofeu-maria-lenk-2025\/\",\"url\":\"https:\/\/swimchannel.net\/br\/minas-tc-e-campeao-do-trofeu-maria-lenk-2025\/\",\"name\":\"Minas TC \u00e9 campe\u00e3o do Trof\u00e9u Maria Lenk 2025 - Swimchannel\",\"isPartOf\":{\"@id\":\"https:\/\/swimchannel.net\/br\/#website\"},\"primaryImageOfPage\":{\"@id\":\"https:\/\/swimchannel.net\/br\/minas-tc-e-campeao-do-trofeu-maria-lenk-2025\/#primaryimage\"},\"image\":{\"@id\":\"https:\/\/swimchannel.net\/br\/minas-tc-e-campeao-do-trofeu-maria-lenk-2025\/#primaryimage\"},\"thumbnailUrl\":\"https:\/\/swimchannel.net\/br\/wp-content\/uploads\/2025\/04\/54478622693_3d666f3970_o.jpg\",\"datePublished\":\"2025-04-26T23:32:08+00:00\",\"dateModified\":\"2025-04-27T00:18:32+00:00\",\"breadcrumb\":{\"@id\":\"https:\/\/swimchannel.net\/br\/minas-tc-e-campeao-do-trofeu-maria-lenk-2025\/#breadcrumb\"},\"inLanguage\":\"pt-BR\",\"potentialAction\":[{\"@type\":\"ReadAction\",\"target\":[\"https:\/\/swimchannel.net\/br\/minas-tc-e-campeao-do-trofeu-maria-lenk-2025\/\"]}]},{\"@type\":\"ImageObject\",\"inLanguage\":\"pt-BR\",\"@id\":\"https:\/\/swimchannel.net\/br\/minas-tc-e-campeao-do-trofeu-maria-lenk-2025\/#primaryimage\",\"url\":\"https:\/\/swimchannel.net\/br\/wp-content\/uploads\/2025\/04\/54478622693_3d666f3970_o.jpg\",\"contentUrl\":\"https:\/\/swimchannel.net\/br\/wp-content\/uploads\/2025\/04\/54478622693_3d666f3970_o.jpg\",\"width\":2362,\"height\":1575,\"caption\":\"Minas TC campe\u00e3o do Trof\u00e9u Maria Lenk 2025 - Foto: Satiro Sodr\u00e9\/SSPress\"},{\"@type\":\"BreadcrumbList\",\"@id\":\"https:\/\/swimchannel.net\/br\/minas-tc-e-campeao-do-trofeu-maria-lenk-2025\/#breadcrumb\",\"itemListElement\":[{\"@type\":\"ListItem\",\"position\":1,\"name\":\"Home\",\"item\":\"https:\/\/swimchannel.net\/br\/\"},{\"@type\":\"ListItem\",\"position\":2,\"name\":\"Minas TC \u00e9 campe\u00e3o do Trof\u00e9u Maria Lenk 2025\"}]},{\"@type\":\"WebSite\",\"@id\":\"https:\/\/swimchannel.net\/br\/#website\",\"url\":\"https:\/\/swimchannel.net\/br\/\",\"name\":\"Swimchannel\",\"description\":\"Maior portal de nata\u00e7\u00e3o da america latina\",\"publisher\":{\"@id\":\"https:\/\/swimchannel.net\/br\/#organization\"},\"potentialAction\":[{\"@type\":\"SearchAction\",\"target\":{\"@type\":\"EntryPoint\",\"urlTemplate\":\"https:\/\/swimchannel.net\/br\/?s={search_term_string}\"},\"query-input\":{\"@type\":\"PropertyValueSpecification\",\"valueRequired\":true,\"valueName\":\"search_term_string\"}}],\"inLanguage\":\"pt-BR\"},{\"@type\":\"Organization\",\"@id\":\"https:\/\/swimchannel.net\/br\/#organization\",\"name\":\"Swimchannel - Conectando voc\u00ea a Nata\u00e7\u00e3o\",\"url\":\"https:\/\/swimchannel.net\/br\/\",\"logo\":{\"@type\":\"ImageObject\",\"inLanguage\":\"pt-BR\",\"@id\":\"https:\/\/swimchannel.net\/br\/#\/schema\/logo\/image\/\",\"url\":\"https:\/\/swimchannel.net\/br\/wp-content\/uploads\/2026\/02\/SWIM-CHANNEL.png\",\"contentUrl\":\"https:\/\/swimchannel.net\/br\/wp-content\/uploads\/2026\/02\/SWIM-CHANNEL.png\",\"width\":1120,\"height\":630,\"caption\":\"Swimchannel - Conectando voc\u00ea a Nata\u00e7\u00e3o\"},\"image\":{\"@id\":\"https:\/\/swimchannel.net\/br\/#\/schema\/logo\/image\/\"},\"sameAs\":[\"https:\/\/www.facebook.com\/swimchannel\",\"https:\/\/www.instagram.com\/swimchannel\"]},{\"@type\":\"Person\",\"@id\":\"https:\/\/swimchannel.net\/br\/#\/schema\/person\/aa2a63bab3275f53749a83276b213c48\",\"name\":\"Guilherme Freitas\",\"image\":{\"@type\":\"ImageObject\",\"inLanguage\":\"pt-BR\",\"@id\":\"https:\/\/swimchannel.net\/br\/#\/schema\/person\/image\/\",\"url\":\"https:\/\/swimchannel.net\/br\/wp-content\/uploads\/2025\/10\/gui22-193x180.png\",\"contentUrl\":\"https:\/\/swimchannel.net\/br\/wp-content\/uploads\/2025\/10\/gui22-193x180.png\",\"caption\":\"Guilherme Freitas\"},\"description\":\"Jornalista s\u00eanior da SWIM CHANNEL, ex-correspondente da FINA no Brasil e pesquisador acad\u00eamico.\",\"sameAs\":[\"instagram.com\/guifreitas86\"],\"url\":\"https:\/\/swimchannel.net\/br\/author\/guilherme-freitas\/\"}]}<\/script>\n<!-- \/ Yoast SEO plugin. -->","yoast_head_json":{"title":"Minas TC \u00e9 campe\u00e3o do Trof\u00e9u Maria Lenk 2025 - Swimchannel","robots":{"index":"index","follow":"follow","max-snippet":"max-snippet:-1","max-image-preview":"max-image-preview:large","max-video-preview":"max-video-preview:-1"},"canonical":"https:\/\/swimchannel.net\/br\/minas-tc-e-campeao-do-trofeu-maria-lenk-2025\/","og_locale":"pt_BR","og_type":"article","og_title":"Minas TC \u00e9 campe\u00e3o do Trof\u00e9u Maria Lenk 2025 - Swimchannel","og_description":"A equipe do Minas T\u00eanis Clube \u00e9 a grande campe\u00e3 do Trof\u00e9u Maria Lenk 2025. O time minatenista somou 2352,5 pontos contra 1872,5 pontos da Unisanta, que terminou a competi\u00e7\u00e3o na segunda coloca\u00e7\u00e3o geral. O Pinheiros fechou o\u00a0 top 3 com 1836,5 pontos. Ao todo o Minas TC teve 32 medalhas, sendo cinco de ouro, [&hellip;]","og_url":"https:\/\/swimchannel.net\/br\/minas-tc-e-campeao-do-trofeu-maria-lenk-2025\/","og_site_name":"Swimchannel","article_publisher":"https:\/\/www.facebook.com\/swimchannel","article_published_time":"2025-04-26T23:32:08+00:00","article_modified_time":"2025-04-27T00:18:32+00:00","og_image":[{"width":2362,"height":1575,"url":"https:\/\/swimchannel.net\/br\/wp-content\/uploads\/2025\/04\/54478622693_3d666f3970_o.jpg","type":"image\/jpeg"}],"author":"Guilherme Freitas","twitter_card":"summary_large_image","twitter_misc":{"Escrito por":"Guilherme Freitas","Est. tempo de leitura":"1 minuto"},"schema":{"@context":"https:\/\/schema.org","@graph":[{"@type":"Article","@id":"https:\/\/swimchannel.net\/br\/minas-tc-e-campeao-do-trofeu-maria-lenk-2025\/#article","isPartOf":{"@id":"https:\/\/swimchannel.net\/br\/minas-tc-e-campeao-do-trofeu-maria-lenk-2025\/"},"author":{"name":"Guilherme Freitas","@id":"https:\/\/swimchannel.net\/br\/#\/schema\/person\/aa2a63bab3275f53749a83276b213c48"},"headline":"Minas TC \u00e9 campe\u00e3o do Trof\u00e9u Maria Lenk 2025","datePublished":"2025-04-26T23:32:08+00:00","dateModified":"2025-04-27T00:18:32+00:00","mainEntityOfPage":{"@id":"https:\/\/swimchannel.net\/br\/minas-tc-e-campeao-do-trofeu-maria-lenk-2025\/"},"wordCount":203,"commentCount":0,"publisher":{"@id":"https:\/\/swimchannel.net\/br\/#organization"},"image":{"@id":"https:\/\/swimchannel.net\/br\/minas-tc-e-campeao-do-trofeu-maria-lenk-2025\/#primaryimage"},"thumbnailUrl":"https:\/\/swimchannel.net\/br\/wp-content\/uploads\/2025\/04\/54478622693_3d666f3970_o.jpg","keywords":["Minas TC","natacao","Trof\u00e9u Brasil","Trof\u00e9u Maria Lenk"],"articleSection":["Trof\u00e9u Brasil"],"inLanguage":"pt-BR","potentialAction":[{"@type":"CommentAction","name":"Comment","target":["https:\/\/swimchannel.net\/br\/minas-tc-e-campeao-do-trofeu-maria-lenk-2025\/#respond"]}]},{"@type":"WebPage","@id":"https:\/\/swimchannel.net\/br\/minas-tc-e-campeao-do-trofeu-maria-lenk-2025\/","url":"https:\/\/swimchannel.net\/br\/minas-tc-e-campeao-do-trofeu-maria-lenk-2025\/","name":"Minas TC \u00e9 campe\u00e3o do Trof\u00e9u Maria Lenk 2025 - Swimchannel","isPartOf":{"@id":"https:\/\/swimchannel.net\/br\/#website"},"primaryImageOfPage":{"@id":"https:\/\/swimchannel.net\/br\/minas-tc-e-campeao-do-trofeu-maria-lenk-2025\/#primaryimage"},"image":{"@id":"https:\/\/swimchannel.net\/br\/minas-tc-e-campeao-do-trofeu-maria-lenk-2025\/#primaryimage"},"thumbnailUrl":"https:\/\/swimchannel.net\/br\/wp-content\/uploads\/2025\/04\/54478622693_3d666f3970_o.jpg","datePublished":"2025-04-26T23:32:08+00:00","dateModified":"2025-04-27T00:18:32+00:00","breadcrumb":{"@id":"https:\/\/swimchannel.net\/br\/minas-tc-e-campeao-do-trofeu-maria-lenk-2025\/#breadcrumb"},"inLanguage":"pt-BR","potentialAction":[{"@type":"ReadAction","target":["https:\/\/swimchannel.net\/br\/minas-tc-e-campeao-do-trofeu-maria-lenk-2025\/"]}]},{"@type":"ImageObject","inLanguage":"pt-BR","@id":"https:\/\/swimchannel.net\/br\/minas-tc-e-campeao-do-trofeu-maria-lenk-2025\/#primaryimage","url":"https:\/\/swimchannel.net\/br\/wp-content\/uploads\/2025\/04\/54478622693_3d666f3970_o.jpg","contentUrl":"https:\/\/swimchannel.net\/br\/wp-content\/uploads\/2025\/04\/54478622693_3d666f3970_o.jpg","width":2362,"height":1575,"caption":"Minas TC campe\u00e3o do Trof\u00e9u Maria Lenk 2025 - Foto: Satiro Sodr\u00e9\/SSPress"},{"@type":"BreadcrumbList","@id":"https:\/\/swimchannel.net\/br\/minas-tc-e-campeao-do-trofeu-maria-lenk-2025\/#breadcrumb","itemListElement":[{"@type":"ListItem","position":1,"name":"Home","item":"https:\/\/swimchannel.net\/br\/"},{"@type":"ListItem","position":2,"name":"Minas TC \u00e9 campe\u00e3o do Trof\u00e9u Maria Lenk 2025"}]},{"@type":"WebSite","@id":"https:\/\/swimchannel.net\/br\/#website","url":"https:\/\/swimchannel.net\/br\/","name":"Swimchannel","description":"Maior portal de nata\u00e7\u00e3o da america latina","publisher":{"@id":"https:\/\/swimchannel.net\/br\/#organization"},"potentialAction":[{"@type":"SearchAction","target":{"@type":"EntryPoint","urlTemplate":"https:\/\/swimchannel.net\/br\/?s={search_term_string}"},"query-input":{"@type":"PropertyValueSpecification","valueRequired":true,"valueName":"search_term_string"}}],"inLanguage":"pt-BR"},{"@type":"Organization","@id":"https:\/\/swimchannel.net\/br\/#organization","name":"Swimchannel - Conectando voc\u00ea a Nata\u00e7\u00e3o","url":"https:\/\/swimchannel.net\/br\/","logo":{"@type":"ImageObject","inLanguage":"pt-BR","@id":"https:\/\/swimchannel.net\/br\/#\/schema\/logo\/image\/","url":"https:\/\/swimchannel.net\/br\/wp-content\/uploads\/2026\/02\/SWIM-CHANNEL.png","contentUrl":"https:\/\/swimchannel.net\/br\/wp-content\/uploads\/2026\/02\/SWIM-CHANNEL.png","width":1120,"height":630,"caption":"Swimchannel - Conectando voc\u00ea a Nata\u00e7\u00e3o"},"image":{"@id":"https:\/\/swimchannel.net\/br\/#\/schema\/logo\/image\/"},"sameAs":["https:\/\/www.facebook.com\/swimchannel","https:\/\/www.instagram.com\/swimchannel"]},{"@type":"Person","@id":"https:\/\/swimchannel.net\/br\/#\/schema\/person\/aa2a63bab3275f53749a83276b213c48","name":"Guilherme Freitas","image":{"@type":"ImageObject","inLanguage":"pt-BR","@id":"https:\/\/swimchannel.net\/br\/#\/schema\/person\/image\/","url":"https:\/\/swimchannel.net\/br\/wp-content\/uploads\/2025\/10\/gui22-193x180.png","contentUrl":"https:\/\/swimchannel.net\/br\/wp-content\/uploads\/2025\/10\/gui22-193x180.png","caption":"Guilherme Freitas"},"description":"Jornalista s\u00eanior da SWIM CHANNEL, ex-correspondente da FINA no Brasil e pesquisador acad\u00eamico.","sameAs":["instagram.com\/guifreitas86"],"url":"https:\/\/swimchannel.net\/br\/author\/guilherme-freitas\/"}]}},"_links":{"self":[{"href":"https:\/\/swimchannel.net\/br\/wp-json\/wp\/v2\/posts\/73209","targetHints":{"allow":["GET"]}}],"collection":[{"href":"https:\/\/swimchannel.net\/br\/wp-json\/wp\/v2\/posts"}],"about":[{"href":"https:\/\/swimchannel.net\/br\/wp-json\/wp\/v2\/types\/post"}],"author":[{"embeddable":true,"href":"https:\/\/swimchannel.net\/br\/wp-json\/wp\/v2\/users\/3"}],"replies":[{"embeddable":true,"href":"https:\/\/swimchannel.net\/br\/wp-json\/wp\/v2\/comments?post=73209"}],"version-history":[{"count":3,"href":"https:\/\/swimchannel.net\/br\/wp-json\/wp\/v2\/posts\/73209\/revisions"}],"predecessor-version":[{"id":73236,"href":"https:\/\/swimchannel.net\/br\/wp-json\/wp\/v2\/posts\/73209\/revisions\/73236"}],"wp:featuredmedia":[{"embeddable":true,"href":"https:\/\/swimchannel.net\/br\/wp-json\/wp\/v2\/media\/73233"}],"wp:attachment":[{"href":"https:\/\/swimchannel.net\/br\/wp-json\/wp\/v2\/media?parent=73209"}],"wp:term":[{"taxonomy":"category","embeddable":true,"href":"https:\/\/swimchannel.net\/br\/wp-json\/wp\/v2\/categories?post=73209"},{"taxonomy":"post_tag","embeddable":true,"href":"https:\/\/swimchannel.net\/br\/wp-json\/wp\/v2\/tags?post=73209"}],"curies":[{"name":"wp","href":"https:\/\/api.w.org\/{rel}","templated":true}]}}