{"id":73312,"date":"2025-05-02T08:27:03","date_gmt":"2025-05-02T11:27:03","guid":{"rendered":"https:\/\/swimchannel.net\/br\/?p=73312"},"modified":"2025-05-05T10:32:18","modified_gmt":"2025-05-05T13:32:18","slug":"sao-paulo-tera-novo-evento-e-ct-para-natacao-em-aguas-abertas","status":"publish","type":"post","link":"https:\/\/swimchannel.net\/br\/sao-paulo-tera-novo-evento-e-ct-para-natacao-em-aguas-abertas\/","title":{"rendered":"S\u00e3o Paulo ter\u00e1 Centro de Treinamento para nata\u00e7\u00e3o em \u00e1guas abertas"},"content":{"rendered":"<p>No pr\u00f3ximo dia 18 de maio acontecer\u00e1 na Represa Billings, a 1\u00aa edi\u00e7\u00e3o da S\u00e3o Paulo a Nado. Trata-se de um novo evento de \u00e1guas abertas organizado pela Federa\u00e7\u00e3o Aqu\u00e1tica Paulista e pela Associa\u00e7\u00e3o Aqu\u00e1tica. Al\u00e9m desse torneio, tamb\u00e9m ser\u00e1 inaugurado no local um novo Centro de Treinamento exclusivo para nata\u00e7\u00e3o em \u00e1guas abertas, o primeiro do estado de S\u00e3o Paulo.<\/p>\n<figure id=\"attachment_73323\" aria-describedby=\"caption-attachment-73323\" style=\"width: 225px\" class=\"wp-caption aligncenter\"><img loading=\"lazy\" decoding=\"async\" class=\"size-full wp-image-73323\" src=\"https:\/\/swimchannel.net\/br\/wp-content\/uploads\/2025\/05\/images.jpg\" alt=\"\" width=\"225\" height=\"225\" srcset=\"https:\/\/swimchannel.net\/br\/wp-content\/uploads\/2025\/05\/images.jpg 225w, https:\/\/swimchannel.net\/br\/wp-content\/uploads\/2025\/05\/images-180x180.jpg 180w, https:\/\/swimchannel.net\/br\/wp-content\/uploads\/2025\/05\/images-75x75.jpg 75w\" sizes=\"auto, (max-width: 225px) 100vw, 225px\" \/><figcaption id=\"caption-attachment-73323\" class=\"wp-caption-text\">Projeto \u00e9 Oficializado pela FAP<\/figcaption><\/figure>\n<p>Ao todo ser\u00e3o tr\u00eas provas de \u00e1guas abertas na S\u00e3o Paulo a Nado com dist\u00e2ncias de 2 km, 1 km e 500 metros limitadas a mil nadadores no m\u00e1ximo. Poder\u00e3o nadar o evento atletas das categorias petiz a master e o uso de boia de seguran\u00e7a est\u00e1 liberado, sendo que a organiza\u00e7\u00e3o da prova disponibilizar\u00e1 uma quantidade aos interessados. Os inscritos tamb\u00e9m v\u00e3o receber um kit com camisa alusiva ao evento, touca e medalha de participa\u00e7\u00e3o. A inscri\u00e7\u00e3o \u00e9 gratuita e aqueles que quiserem adquirir o kit, dever\u00e3o pagar uma taxa de R$ 95,00.<\/p>\n<figure id=\"attachment_17159\" aria-describedby=\"caption-attachment-17159\" style=\"width: 1200px\" class=\"wp-caption alignnone\"><img loading=\"lazy\" decoding=\"async\" class=\"size-full wp-image-17159\" src=\"https:\/\/swimchannel.net\/br\/wp-content\/uploads\/2019\/05\/billings-foto.jpg\" alt=\"\" width=\"1200\" height=\"675\" srcset=\"https:\/\/swimchannel.net\/br\/wp-content\/uploads\/2019\/05\/billings-foto.jpg 1200w, https:\/\/swimchannel.net\/br\/wp-content\/uploads\/2019\/05\/billings-foto-600x338.jpg 600w\" sizes=\"auto, (max-width: 1200px) 100vw, 1200px\" \/><figcaption id=\"caption-attachment-17159\" class=\"wp-caption-text\">Vista da Represa da Billings &#8211; Foto: Reprodu\u00e7\u00e3o<\/figcaption><\/figure>\n<p>Al\u00e9m do evento de \u00e1guas abertas, ser\u00e1 inaugurado o primeiro Centro de Treinamento em \u00c1guas Abertas no estado de S\u00e3o Paulo. Esse novo CT ser\u00e1 no mesmo local da S\u00e3o Paulo a Nado, nas depend\u00eancias da Represa Billings e ter\u00e1 chancela da FAP. O espa\u00e7o ser\u00e1 completo, com sala de muscula\u00e7\u00e3o, uma piscina de 25 metros e acesso a represa para execu\u00e7\u00e3o de atividades em \u00e1guas abertas.<\/p>\n<figure id=\"attachment_73324\" aria-describedby=\"caption-attachment-73324\" style=\"width: 600px\" class=\"wp-caption aligncenter\"><img loading=\"lazy\" decoding=\"async\" class=\"size-full wp-image-73324\" src=\"https:\/\/swimchannel.net\/br\/wp-content\/uploads\/2025\/05\/igoraloha.jpeg\" alt=\"\" width=\"600\" height=\"348\" srcset=\"https:\/\/swimchannel.net\/br\/wp-content\/uploads\/2025\/05\/igoraloha.jpeg 600w, https:\/\/swimchannel.net\/br\/wp-content\/uploads\/2025\/05\/igoraloha-310x180.jpeg 310w\" sizes=\"auto, (max-width: 600px) 100vw, 600px\" \/><figcaption id=\"caption-attachment-73324\" class=\"wp-caption-text\">Igor de Souza incentivador do CT para Nata\u00e7\u00e3o em \u00c1guas Abertas<\/figcaption><\/figure>\n<p>Os detalhes para inscri\u00e7\u00e3o na S\u00e3o Paulo a Nado podem ser encontrados nos site da FAP aqui: <strong><a href=\"https:\/\/www.aquaticapaulista.org.br\/arquivos\/2025\/20250407080924.pdf\" target=\"_blank\" rel=\"noopener\">https:\/\/www.aquaticapaulista.org.br\/arquivos\/2025\/20250407080924.pdf<\/a><\/strong>. O evento \u00e9 organizado pela Federa\u00e7\u00e3o Aqu\u00e1tica Paulista em parceria com a Prefeitura Municipal de S\u00e3o Bernardo do Campo e a Associa\u00e7\u00e3o Aqu\u00e1tica e conta com apoio da marca esportiva Speedo Multisport.<\/p>\n<p>&nbsp;<\/p>\n<p>Gostaria de receber as not\u00edcias de nata\u00e7\u00e3o e \u00e1guas abertas no seu e-mail?<\/p>\n<p><a href=\"https:\/\/lpa.nitro.news\/n-GNe\/ultimas-noticias-swim-channel\">Cadastre-se aqui<\/a><\/p>\n","protected":false},"excerpt":{"rendered":"<p>No pr\u00f3ximo dia 18 de maio acontecer\u00e1 na Represa Billings, a 1\u00aa edi\u00e7\u00e3o da S\u00e3o Paulo a Nado. Trata-se de um novo evento de \u00e1guas abertas organizado pela Federa\u00e7\u00e3o Aqu\u00e1tica Paulista e pela Associa\u00e7\u00e3o Aqu\u00e1tica. Al\u00e9m desse torneio, tamb\u00e9m ser\u00e1 inaugurado no local um novo Centro de Treinamento exclusivo para nata\u00e7\u00e3o em \u00e1guas abertas, o [&hellip;]<\/p>\n","protected":false},"author":3,"featured_media":73322,"comment_status":"open","ping_status":"open","sticky":false,"template":"","format":"gallery","meta":{"footnotes":""},"categories":[115],"tags":[14,159,5,6442,312],"class_list":["post-73312","post","type-post","status-publish","format-gallery","has-post-thumbnail","hentry","category-aguas-abertas","tag-aguas-abertas","tag-federacao-aquatica-paulista","tag-natacao","tag-sp-a-nado","tag-speedo","post_format-post-format-gallery"],"yoast_head":"<!-- This site is optimized with the Yoast SEO plugin v27.0 - https:\/\/yoast.com\/product\/yoast-seo-wordpress\/ -->\n<title>S\u00e3o Paulo ter\u00e1 Centro de Treinamento para nata\u00e7\u00e3o em \u00e1guas abertas - Swimchannel<\/title>\n<meta name=\"robots\" content=\"index, follow, max-snippet:-1, max-image-preview:large, max-video-preview:-1\" \/>\n<link rel=\"canonical\" href=\"https:\/\/swimchannel.net\/br\/sao-paulo-tera-novo-evento-e-ct-para-natacao-em-aguas-abertas\/\" \/>\n<meta property=\"og:locale\" content=\"pt_BR\" \/>\n<meta property=\"og:type\" content=\"article\" \/>\n<meta property=\"og:title\" content=\"S\u00e3o Paulo ter\u00e1 Centro de Treinamento para nata\u00e7\u00e3o em \u00e1guas abertas - Swimchannel\" \/>\n<meta property=\"og:description\" content=\"No pr\u00f3ximo dia 18 de maio acontecer\u00e1 na Represa Billings, a 1\u00aa edi\u00e7\u00e3o da S\u00e3o Paulo a Nado. Trata-se de um novo evento de \u00e1guas abertas organizado pela Federa\u00e7\u00e3o Aqu\u00e1tica Paulista e pela Associa\u00e7\u00e3o Aqu\u00e1tica. Al\u00e9m desse torneio, tamb\u00e9m ser\u00e1 inaugurado no local um novo Centro de Treinamento exclusivo para nata\u00e7\u00e3o em \u00e1guas abertas, o [&hellip;]\" \/>\n<meta property=\"og:url\" content=\"https:\/\/swimchannel.net\/br\/sao-paulo-tera-novo-evento-e-ct-para-natacao-em-aguas-abertas\/\" \/>\n<meta property=\"og:site_name\" content=\"Swimchannel\" \/>\n<meta property=\"article:publisher\" content=\"https:\/\/www.facebook.com\/swimchannel\" \/>\n<meta property=\"article:published_time\" content=\"2025-05-02T11:27:03+00:00\" \/>\n<meta property=\"article:modified_time\" content=\"2025-05-05T13:32:18+00:00\" \/>\n<meta property=\"og:image\" content=\"https:\/\/swimchannel.net\/br\/wp-content\/uploads\/2025\/05\/inscricao.jpg\" \/>\n\t<meta property=\"og:image:width\" content=\"1280\" \/>\n\t<meta property=\"og:image:height\" content=\"857\" \/>\n\t<meta property=\"og:image:type\" content=\"image\/jpeg\" \/>\n<meta name=\"author\" content=\"Guilherme Freitas\" \/>\n<meta name=\"twitter:card\" content=\"summary_large_image\" \/>\n<meta name=\"twitter:label1\" content=\"Escrito por\" \/>\n\t<meta name=\"twitter:data1\" content=\"Guilherme Freitas\" \/>\n\t<meta name=\"twitter:label2\" content=\"Est. tempo de leitura\" \/>\n\t<meta name=\"twitter:data2\" content=\"2 minutos\" \/>\n<script type=\"application\/ld+json\" class=\"yoast-schema-graph\">{\"@context\":\"https:\/\/schema.org\",\"@graph\":[{\"@type\":\"Article\",\"@id\":\"https:\/\/swimchannel.net\/br\/sao-paulo-tera-novo-evento-e-ct-para-natacao-em-aguas-abertas\/#article\",\"isPartOf\":{\"@id\":\"https:\/\/swimchannel.net\/br\/sao-paulo-tera-novo-evento-e-ct-para-natacao-em-aguas-abertas\/\"},\"author\":{\"name\":\"Guilherme Freitas\",\"@id\":\"https:\/\/swimchannel.net\/br\/#\/schema\/person\/aa2a63bab3275f53749a83276b213c48\"},\"headline\":\"S\u00e3o Paulo ter\u00e1 Centro de Treinamento para nata\u00e7\u00e3o em \u00e1guas abertas\",\"datePublished\":\"2025-05-02T11:27:03+00:00\",\"dateModified\":\"2025-05-05T13:32:18+00:00\",\"mainEntityOfPage\":{\"@id\":\"https:\/\/swimchannel.net\/br\/sao-paulo-tera-novo-evento-e-ct-para-natacao-em-aguas-abertas\/\"},\"wordCount\":384,\"commentCount\":6,\"publisher\":{\"@id\":\"https:\/\/swimchannel.net\/br\/#organization\"},\"image\":{\"@id\":\"https:\/\/swimchannel.net\/br\/sao-paulo-tera-novo-evento-e-ct-para-natacao-em-aguas-abertas\/#primaryimage\"},\"thumbnailUrl\":\"https:\/\/swimchannel.net\/br\/wp-content\/uploads\/2025\/05\/inscricao.jpg\",\"keywords\":[\"\u00c1guas abertas\",\"Federa\u00e7\u00e3o Aqu\u00e1tica Paulista\",\"natacao\",\"SP a Nado\",\"Speedo\"],\"articleSection\":[\"\u00c1guas Abertas\"],\"inLanguage\":\"pt-BR\",\"potentialAction\":[{\"@type\":\"CommentAction\",\"name\":\"Comment\",\"target\":[\"https:\/\/swimchannel.net\/br\/sao-paulo-tera-novo-evento-e-ct-para-natacao-em-aguas-abertas\/#respond\"]}]},{\"@type\":\"WebPage\",\"@id\":\"https:\/\/swimchannel.net\/br\/sao-paulo-tera-novo-evento-e-ct-para-natacao-em-aguas-abertas\/\",\"url\":\"https:\/\/swimchannel.net\/br\/sao-paulo-tera-novo-evento-e-ct-para-natacao-em-aguas-abertas\/\",\"name\":\"S\u00e3o Paulo ter\u00e1 Centro de Treinamento para nata\u00e7\u00e3o em \u00e1guas abertas - Swimchannel\",\"isPartOf\":{\"@id\":\"https:\/\/swimchannel.net\/br\/#website\"},\"primaryImageOfPage\":{\"@id\":\"https:\/\/swimchannel.net\/br\/sao-paulo-tera-novo-evento-e-ct-para-natacao-em-aguas-abertas\/#primaryimage\"},\"image\":{\"@id\":\"https:\/\/swimchannel.net\/br\/sao-paulo-tera-novo-evento-e-ct-para-natacao-em-aguas-abertas\/#primaryimage\"},\"thumbnailUrl\":\"https:\/\/swimchannel.net\/br\/wp-content\/uploads\/2025\/05\/inscricao.jpg\",\"datePublished\":\"2025-05-02T11:27:03+00:00\",\"dateModified\":\"2025-05-05T13:32:18+00:00\",\"breadcrumb\":{\"@id\":\"https:\/\/swimchannel.net\/br\/sao-paulo-tera-novo-evento-e-ct-para-natacao-em-aguas-abertas\/#breadcrumb\"},\"inLanguage\":\"pt-BR\",\"potentialAction\":[{\"@type\":\"ReadAction\",\"target\":[\"https:\/\/swimchannel.net\/br\/sao-paulo-tera-novo-evento-e-ct-para-natacao-em-aguas-abertas\/\"]}]},{\"@type\":\"ImageObject\",\"inLanguage\":\"pt-BR\",\"@id\":\"https:\/\/swimchannel.net\/br\/sao-paulo-tera-novo-evento-e-ct-para-natacao-em-aguas-abertas\/#primaryimage\",\"url\":\"https:\/\/swimchannel.net\/br\/wp-content\/uploads\/2025\/05\/inscricao.jpg\",\"contentUrl\":\"https:\/\/swimchannel.net\/br\/wp-content\/uploads\/2025\/05\/inscricao.jpg\",\"width\":1280,\"height\":857,\"caption\":\"(C)EMANUEL\/michlowicz@hotmail.com\"},{\"@type\":\"BreadcrumbList\",\"@id\":\"https:\/\/swimchannel.net\/br\/sao-paulo-tera-novo-evento-e-ct-para-natacao-em-aguas-abertas\/#breadcrumb\",\"itemListElement\":[{\"@type\":\"ListItem\",\"position\":1,\"name\":\"Home\",\"item\":\"https:\/\/swimchannel.net\/br\/\"},{\"@type\":\"ListItem\",\"position\":2,\"name\":\"S\u00e3o Paulo ter\u00e1 Centro de Treinamento para nata\u00e7\u00e3o em \u00e1guas abertas\"}]},{\"@type\":\"WebSite\",\"@id\":\"https:\/\/swimchannel.net\/br\/#website\",\"url\":\"https:\/\/swimchannel.net\/br\/\",\"name\":\"Swimchannel\",\"description\":\"Maior portal de nata\u00e7\u00e3o da america latina\",\"publisher\":{\"@id\":\"https:\/\/swimchannel.net\/br\/#organization\"},\"potentialAction\":[{\"@type\":\"SearchAction\",\"target\":{\"@type\":\"EntryPoint\",\"urlTemplate\":\"https:\/\/swimchannel.net\/br\/?s={search_term_string}\"},\"query-input\":{\"@type\":\"PropertyValueSpecification\",\"valueRequired\":true,\"valueName\":\"search_term_string\"}}],\"inLanguage\":\"pt-BR\"},{\"@type\":\"Organization\",\"@id\":\"https:\/\/swimchannel.net\/br\/#organization\",\"name\":\"Swimchannel - Conectando voc\u00ea a Nata\u00e7\u00e3o\",\"url\":\"https:\/\/swimchannel.net\/br\/\",\"logo\":{\"@type\":\"ImageObject\",\"inLanguage\":\"pt-BR\",\"@id\":\"https:\/\/swimchannel.net\/br\/#\/schema\/logo\/image\/\",\"url\":\"https:\/\/swimchannel.net\/br\/wp-content\/uploads\/2026\/02\/SWIM-CHANNEL.png\",\"contentUrl\":\"https:\/\/swimchannel.net\/br\/wp-content\/uploads\/2026\/02\/SWIM-CHANNEL.png\",\"width\":1120,\"height\":630,\"caption\":\"Swimchannel - Conectando voc\u00ea a Nata\u00e7\u00e3o\"},\"image\":{\"@id\":\"https:\/\/swimchannel.net\/br\/#\/schema\/logo\/image\/\"},\"sameAs\":[\"https:\/\/www.facebook.com\/swimchannel\",\"https:\/\/www.instagram.com\/swimchannel\"]},{\"@type\":\"Person\",\"@id\":\"https:\/\/swimchannel.net\/br\/#\/schema\/person\/aa2a63bab3275f53749a83276b213c48\",\"name\":\"Guilherme Freitas\",\"image\":{\"@type\":\"ImageObject\",\"inLanguage\":\"pt-BR\",\"@id\":\"https:\/\/swimchannel.net\/br\/#\/schema\/person\/image\/\",\"url\":\"https:\/\/swimchannel.net\/br\/wp-content\/uploads\/2025\/10\/gui22-193x180.png\",\"contentUrl\":\"https:\/\/swimchannel.net\/br\/wp-content\/uploads\/2025\/10\/gui22-193x180.png\",\"caption\":\"Guilherme Freitas\"},\"description\":\"Jornalista s\u00eanior da SWIM CHANNEL, ex-correspondente da FINA no Brasil e pesquisador acad\u00eamico.\",\"sameAs\":[\"instagram.com\/guifreitas86\"],\"url\":\"https:\/\/swimchannel.net\/br\/author\/guilherme-freitas\/\"}]}<\/script>\n<!-- \/ Yoast SEO plugin. -->","yoast_head_json":{"title":"S\u00e3o Paulo ter\u00e1 Centro de Treinamento para nata\u00e7\u00e3o em \u00e1guas abertas - Swimchannel","robots":{"index":"index","follow":"follow","max-snippet":"max-snippet:-1","max-image-preview":"max-image-preview:large","max-video-preview":"max-video-preview:-1"},"canonical":"https:\/\/swimchannel.net\/br\/sao-paulo-tera-novo-evento-e-ct-para-natacao-em-aguas-abertas\/","og_locale":"pt_BR","og_type":"article","og_title":"S\u00e3o Paulo ter\u00e1 Centro de Treinamento para nata\u00e7\u00e3o em \u00e1guas abertas - Swimchannel","og_description":"No pr\u00f3ximo dia 18 de maio acontecer\u00e1 na Represa Billings, a 1\u00aa edi\u00e7\u00e3o da S\u00e3o Paulo a Nado. Trata-se de um novo evento de \u00e1guas abertas organizado pela Federa\u00e7\u00e3o Aqu\u00e1tica Paulista e pela Associa\u00e7\u00e3o Aqu\u00e1tica. Al\u00e9m desse torneio, tamb\u00e9m ser\u00e1 inaugurado no local um novo Centro de Treinamento exclusivo para nata\u00e7\u00e3o em \u00e1guas abertas, o [&hellip;]","og_url":"https:\/\/swimchannel.net\/br\/sao-paulo-tera-novo-evento-e-ct-para-natacao-em-aguas-abertas\/","og_site_name":"Swimchannel","article_publisher":"https:\/\/www.facebook.com\/swimchannel","article_published_time":"2025-05-02T11:27:03+00:00","article_modified_time":"2025-05-05T13:32:18+00:00","og_image":[{"width":1280,"height":857,"url":"https:\/\/swimchannel.net\/br\/wp-content\/uploads\/2025\/05\/inscricao.jpg","type":"image\/jpeg"}],"author":"Guilherme Freitas","twitter_card":"summary_large_image","twitter_misc":{"Escrito por":"Guilherme Freitas","Est. tempo de leitura":"2 minutos"},"schema":{"@context":"https:\/\/schema.org","@graph":[{"@type":"Article","@id":"https:\/\/swimchannel.net\/br\/sao-paulo-tera-novo-evento-e-ct-para-natacao-em-aguas-abertas\/#article","isPartOf":{"@id":"https:\/\/swimchannel.net\/br\/sao-paulo-tera-novo-evento-e-ct-para-natacao-em-aguas-abertas\/"},"author":{"name":"Guilherme Freitas","@id":"https:\/\/swimchannel.net\/br\/#\/schema\/person\/aa2a63bab3275f53749a83276b213c48"},"headline":"S\u00e3o Paulo ter\u00e1 Centro de Treinamento para nata\u00e7\u00e3o em \u00e1guas abertas","datePublished":"2025-05-02T11:27:03+00:00","dateModified":"2025-05-05T13:32:18+00:00","mainEntityOfPage":{"@id":"https:\/\/swimchannel.net\/br\/sao-paulo-tera-novo-evento-e-ct-para-natacao-em-aguas-abertas\/"},"wordCount":384,"commentCount":6,"publisher":{"@id":"https:\/\/swimchannel.net\/br\/#organization"},"image":{"@id":"https:\/\/swimchannel.net\/br\/sao-paulo-tera-novo-evento-e-ct-para-natacao-em-aguas-abertas\/#primaryimage"},"thumbnailUrl":"https:\/\/swimchannel.net\/br\/wp-content\/uploads\/2025\/05\/inscricao.jpg","keywords":["\u00c1guas abertas","Federa\u00e7\u00e3o Aqu\u00e1tica Paulista","natacao","SP a Nado","Speedo"],"articleSection":["\u00c1guas Abertas"],"inLanguage":"pt-BR","potentialAction":[{"@type":"CommentAction","name":"Comment","target":["https:\/\/swimchannel.net\/br\/sao-paulo-tera-novo-evento-e-ct-para-natacao-em-aguas-abertas\/#respond"]}]},{"@type":"WebPage","@id":"https:\/\/swimchannel.net\/br\/sao-paulo-tera-novo-evento-e-ct-para-natacao-em-aguas-abertas\/","url":"https:\/\/swimchannel.net\/br\/sao-paulo-tera-novo-evento-e-ct-para-natacao-em-aguas-abertas\/","name":"S\u00e3o Paulo ter\u00e1 Centro de Treinamento para nata\u00e7\u00e3o em \u00e1guas abertas - Swimchannel","isPartOf":{"@id":"https:\/\/swimchannel.net\/br\/#website"},"primaryImageOfPage":{"@id":"https:\/\/swimchannel.net\/br\/sao-paulo-tera-novo-evento-e-ct-para-natacao-em-aguas-abertas\/#primaryimage"},"image":{"@id":"https:\/\/swimchannel.net\/br\/sao-paulo-tera-novo-evento-e-ct-para-natacao-em-aguas-abertas\/#primaryimage"},"thumbnailUrl":"https:\/\/swimchannel.net\/br\/wp-content\/uploads\/2025\/05\/inscricao.jpg","datePublished":"2025-05-02T11:27:03+00:00","dateModified":"2025-05-05T13:32:18+00:00","breadcrumb":{"@id":"https:\/\/swimchannel.net\/br\/sao-paulo-tera-novo-evento-e-ct-para-natacao-em-aguas-abertas\/#breadcrumb"},"inLanguage":"pt-BR","potentialAction":[{"@type":"ReadAction","target":["https:\/\/swimchannel.net\/br\/sao-paulo-tera-novo-evento-e-ct-para-natacao-em-aguas-abertas\/"]}]},{"@type":"ImageObject","inLanguage":"pt-BR","@id":"https:\/\/swimchannel.net\/br\/sao-paulo-tera-novo-evento-e-ct-para-natacao-em-aguas-abertas\/#primaryimage","url":"https:\/\/swimchannel.net\/br\/wp-content\/uploads\/2025\/05\/inscricao.jpg","contentUrl":"https:\/\/swimchannel.net\/br\/wp-content\/uploads\/2025\/05\/inscricao.jpg","width":1280,"height":857,"caption":"(C)EMANUEL\/michlowicz@hotmail.com"},{"@type":"BreadcrumbList","@id":"https:\/\/swimchannel.net\/br\/sao-paulo-tera-novo-evento-e-ct-para-natacao-em-aguas-abertas\/#breadcrumb","itemListElement":[{"@type":"ListItem","position":1,"name":"Home","item":"https:\/\/swimchannel.net\/br\/"},{"@type":"ListItem","position":2,"name":"S\u00e3o Paulo ter\u00e1 Centro de Treinamento para nata\u00e7\u00e3o em \u00e1guas abertas"}]},{"@type":"WebSite","@id":"https:\/\/swimchannel.net\/br\/#website","url":"https:\/\/swimchannel.net\/br\/","name":"Swimchannel","description":"Maior portal de nata\u00e7\u00e3o da america latina","publisher":{"@id":"https:\/\/swimchannel.net\/br\/#organization"},"potentialAction":[{"@type":"SearchAction","target":{"@type":"EntryPoint","urlTemplate":"https:\/\/swimchannel.net\/br\/?s={search_term_string}"},"query-input":{"@type":"PropertyValueSpecification","valueRequired":true,"valueName":"search_term_string"}}],"inLanguage":"pt-BR"},{"@type":"Organization","@id":"https:\/\/swimchannel.net\/br\/#organization","name":"Swimchannel - Conectando voc\u00ea a Nata\u00e7\u00e3o","url":"https:\/\/swimchannel.net\/br\/","logo":{"@type":"ImageObject","inLanguage":"pt-BR","@id":"https:\/\/swimchannel.net\/br\/#\/schema\/logo\/image\/","url":"https:\/\/swimchannel.net\/br\/wp-content\/uploads\/2026\/02\/SWIM-CHANNEL.png","contentUrl":"https:\/\/swimchannel.net\/br\/wp-content\/uploads\/2026\/02\/SWIM-CHANNEL.png","width":1120,"height":630,"caption":"Swimchannel - Conectando voc\u00ea a Nata\u00e7\u00e3o"},"image":{"@id":"https:\/\/swimchannel.net\/br\/#\/schema\/logo\/image\/"},"sameAs":["https:\/\/www.facebook.com\/swimchannel","https:\/\/www.instagram.com\/swimchannel"]},{"@type":"Person","@id":"https:\/\/swimchannel.net\/br\/#\/schema\/person\/aa2a63bab3275f53749a83276b213c48","name":"Guilherme Freitas","image":{"@type":"ImageObject","inLanguage":"pt-BR","@id":"https:\/\/swimchannel.net\/br\/#\/schema\/person\/image\/","url":"https:\/\/swimchannel.net\/br\/wp-content\/uploads\/2025\/10\/gui22-193x180.png","contentUrl":"https:\/\/swimchannel.net\/br\/wp-content\/uploads\/2025\/10\/gui22-193x180.png","caption":"Guilherme Freitas"},"description":"Jornalista s\u00eanior da SWIM CHANNEL, ex-correspondente da FINA no Brasil e pesquisador acad\u00eamico.","sameAs":["instagram.com\/guifreitas86"],"url":"https:\/\/swimchannel.net\/br\/author\/guilherme-freitas\/"}]}},"_links":{"self":[{"href":"https:\/\/swimchannel.net\/br\/wp-json\/wp\/v2\/posts\/73312","targetHints":{"allow":["GET"]}}],"collection":[{"href":"https:\/\/swimchannel.net\/br\/wp-json\/wp\/v2\/posts"}],"about":[{"href":"https:\/\/swimchannel.net\/br\/wp-json\/wp\/v2\/types\/post"}],"author":[{"embeddable":true,"href":"https:\/\/swimchannel.net\/br\/wp-json\/wp\/v2\/users\/3"}],"replies":[{"embeddable":true,"href":"https:\/\/swimchannel.net\/br\/wp-json\/wp\/v2\/comments?post=73312"}],"version-history":[{"count":8,"href":"https:\/\/swimchannel.net\/br\/wp-json\/wp\/v2\/posts\/73312\/revisions"}],"predecessor-version":[{"id":73384,"href":"https:\/\/swimchannel.net\/br\/wp-json\/wp\/v2\/posts\/73312\/revisions\/73384"}],"wp:featuredmedia":[{"embeddable":true,"href":"https:\/\/swimchannel.net\/br\/wp-json\/wp\/v2\/media\/73322"}],"wp:attachment":[{"href":"https:\/\/swimchannel.net\/br\/wp-json\/wp\/v2\/media?parent=73312"}],"wp:term":[{"taxonomy":"category","embeddable":true,"href":"https:\/\/swimchannel.net\/br\/wp-json\/wp\/v2\/categories?post=73312"},{"taxonomy":"post_tag","embeddable":true,"href":"https:\/\/swimchannel.net\/br\/wp-json\/wp\/v2\/tags?post=73312"}],"curies":[{"name":"wp","href":"https:\/\/api.w.org\/{rel}","templated":true}]}}