{"id":73330,"date":"2025-05-06T10:38:15","date_gmt":"2025-05-06T13:38:15","guid":{"rendered":"https:\/\/swimchannel.net\/br\/?p=73330"},"modified":"2025-05-06T20:29:20","modified_gmt":"2025-05-06T23:29:20","slug":"thiago-colombo-e-wesley-dias-completam-a-travessia-do-leme-ao-pontal","status":"publish","type":"post","link":"https:\/\/swimchannel.net\/br\/thiago-colombo-e-wesley-dias-completam-a-travessia-do-leme-ao-pontal\/","title":{"rendered":"Thiago Colombo e Wesley Dias completam a Travessia do Leme ao Pontal"},"content":{"rendered":"<p class=\"\" data-start=\"300\" data-end=\"615\">Treinados pela ultramaratonista Marta Izo, os atletas Thiago Colombo e Wesley Dias completaram na \u00faltima semana de abril a Travessia do Leme ao Pontal, considerada pela World Open Water Swimming Association (WOWSA) como a mais linda e desafiadora do Brasil.<\/p>\n<p class=\"\" data-start=\"617\" data-end=\"1034\">Wesley Dias completou os exigentes 36 quil\u00f4metros no dia 24 de abril em 9 horas, 9 minutos e 36 segundos. A conquista foi marcada por determina\u00e7\u00e3o, supera\u00e7\u00e3o e parceria com sua treinadora. Ao longo do percurso, Wesley enfrentou ventos, correntes e ondula\u00e7\u00f5es, mas seguiu firme at\u00e9 alcan\u00e7ar a Praia do Pontal.<\/p>\n<p>&#8220;Fazer a travessia de 36km do Leme ao Pontal foi uma grande conquista! Atravessei as primeiras praias do percurso enfrentando um mar mexido que me fez entrar numa verdadeira prova de resist\u00eancia: ondas que me faziam engolir \u00e1gua, bra\u00e7adas menos eficientes, hidrata\u00e7\u00f5es dif\u00edceis e por fim o mal estar que foi se acumulando. Precisei fazer algo que n\u00e3o tinha treinado para fazer: vomitar nadando. Entretanto, o al\u00edvio foi imediato e me deu for\u00e7as e motiva\u00e7\u00e3o para continuar a prova, que at\u00e9 ent\u00e3o tinha sido muito mais mental do que f\u00edsica. O foco nessa etapa foi tanto que Copacabana, Ipanema e Leblon haviam passado num piscar de olhos.&#8221; comentou Wesley Dias para a<strong> SWIM CHANNEL.\u00a0<\/strong><\/p>\n<p>Nos 18km restantes, o cen\u00e1rio come\u00e7ou a mudar e o amanhecer deu um respiro diferente para o atleta. &#8220;\u00c9 revigorante perceber o sol nascendo e tamb\u00e9m sentir um al\u00edvio de que aquela monotonia noturna estava no fim. Agrade\u00e7o muito a toda minha equipe de apoio, amigos, fam\u00edlia e \u00e0 nata\u00e7\u00e3o em \u00e1guas abertas que nos proporciona este tipo de supera\u00e7\u00e3o.&#8221;, concluiu o atleta.<\/p>\n<figure id=\"attachment_73331\" aria-describedby=\"caption-attachment-73331\" style=\"width: 640px\" class=\"wp-caption alignnone\"><img loading=\"lazy\" decoding=\"async\" class=\"size-large wp-image-73331\" src=\"https:\/\/swimchannel.net\/br\/wp-content\/uploads\/2025\/05\/491498862_18388039501118886_3574418026423834584_n-640x800.jpg\" alt=\"\" width=\"640\" height=\"800\" srcset=\"https:\/\/swimchannel.net\/br\/wp-content\/uploads\/2025\/05\/491498862_18388039501118886_3574418026423834584_n-640x800.jpg 640w, https:\/\/swimchannel.net\/br\/wp-content\/uploads\/2025\/05\/491498862_18388039501118886_3574418026423834584_n-540x675.jpg 540w, https:\/\/swimchannel.net\/br\/wp-content\/uploads\/2025\/05\/491498862_18388039501118886_3574418026423834584_n-144x180.jpg 144w, https:\/\/swimchannel.net\/br\/wp-content\/uploads\/2025\/05\/491498862_18388039501118886_3574418026423834584_n-768x960.jpg 768w, https:\/\/swimchannel.net\/br\/wp-content\/uploads\/2025\/05\/491498862_18388039501118886_3574418026423834584_n-1229x1536.jpg 1229w, https:\/\/swimchannel.net\/br\/wp-content\/uploads\/2025\/05\/491498862_18388039501118886_3574418026423834584_n-750x938.jpg 750w, https:\/\/swimchannel.net\/br\/wp-content\/uploads\/2025\/05\/491498862_18388039501118886_3574418026423834584_n-1140x1425.jpg 1140w, https:\/\/swimchannel.net\/br\/wp-content\/uploads\/2025\/05\/491498862_18388039501118886_3574418026423834584_n.jpg 1440w\" sizes=\"auto, (max-width: 640px) 100vw, 640px\" \/><figcaption id=\"caption-attachment-73331\" class=\"wp-caption-text\">Wesley Dias. Foto: Divulga\u00e7\u00e3o.<\/figcaption><\/figure>\n<p class=\"\" data-start=\"1036\" data-end=\"1438\">J\u00e1 Thiago Colombo entrou para a hist\u00f3ria da edi\u00e7\u00e3o 2025 da travessia ao registrar o nado mais r\u00e1pido do ano at\u00e9 o momento. Em 8 horas, 57 minutos e 13 segundos, Colombo concluiu o trajeto mantendo um ritmo acima de 4 km\/h. Sob a orienta\u00e7\u00e3o da mesma treinadora, Martinha Izo, da equipe Anjos d\u2019\u00c1gua, o atleta demonstrou preparo f\u00edsico e mental de alto n\u00edvel para encarar o extenso desafio em mar aberto.<\/p>\n<p class=\"\" data-start=\"1440\" data-end=\"1695\">A Leme to Pontal Swimming Association (LPSA), organizadora do desafio, celebrou os resultados e parabenizou todos os envolvidos \u2014 atletas, treinadores, equipe de apoio e entusiastas \u2014 que contribu\u00edram direta ou indiretamente para o sucesso das travessias.<\/p>\n<figure id=\"attachment_73338\" aria-describedby=\"caption-attachment-73338\" style=\"width: 451px\" class=\"wp-caption alignnone\"><img loading=\"lazy\" decoding=\"async\" class=\"size-large wp-image-73338\" src=\"https:\/\/swimchannel.net\/br\/wp-content\/uploads\/2025\/05\/491512035_4058869534443076_6102374401476479445_n-451x800.jpg\" alt=\"\" width=\"451\" height=\"800\" srcset=\"https:\/\/swimchannel.net\/br\/wp-content\/uploads\/2025\/05\/491512035_4058869534443076_6102374401476479445_n-451x800.jpg 451w, https:\/\/swimchannel.net\/br\/wp-content\/uploads\/2025\/05\/491512035_4058869534443076_6102374401476479445_n-380x675.jpg 380w, https:\/\/swimchannel.net\/br\/wp-content\/uploads\/2025\/05\/491512035_4058869534443076_6102374401476479445_n-101x180.jpg 101w, https:\/\/swimchannel.net\/br\/wp-content\/uploads\/2025\/05\/491512035_4058869534443076_6102374401476479445_n.jpg 640w\" sizes=\"auto, (max-width: 451px) 100vw, 451px\" \/><figcaption id=\"caption-attachment-73338\" class=\"wp-caption-text\">Thiago Colombo. Foto: Divulga\u00e7\u00e3o.<\/figcaption><\/figure>\n<p data-start=\"1697\" data-end=\"1913\">A Travessia do Leme ao Pontal \u00e9 uma oportunidade para que nadadores apaixonados por ultramaratonas aqu\u00e1ticas possam contemplar as belezas naturais da cidade do Rio de Janeiro. A Travessia \u00e9 organizada pela Leme to Pontal Swimming Association e possui cerca de 35 km na sua dist\u00e2ncia mais curta.<\/p>\n<p>Para mais detalhes\u00a0<a href=\"https:\/\/www.swimlpsa.com.br\/\" target=\"_blank\" rel=\"noopener\">sobre a prova clique aqui<\/a>.<\/p>\n<p>&nbsp;<\/p>\n<p>Gostaria de receber as not\u00edcias de nata\u00e7\u00e3o e \u00e1guas abertas no seu email?<\/p>\n<p><a href=\"https:\/\/lpa.nitro.news\/n-GNe\/ultimas-noticias-swim-channel\">Cadastre-se aqui<\/a><\/p>\n","protected":false},"excerpt":{"rendered":"<p>Treinados pela ultramaratonista Marta Izo, os atletas Thiago Colombo e Wesley Dias completaram na \u00faltima semana de abril a Travessia do Leme ao Pontal, considerada pela World Open Water Swimming Association (WOWSA) como a mais linda e desafiadora do Brasil. Wesley Dias completou os exigentes 36 quil\u00f4metros no dia 24 de abril em 9 horas, [&hellip;]<\/p>\n","protected":false},"author":9,"featured_media":73335,"comment_status":"open","ping_status":"open","sticky":false,"template":"","format":"standard","meta":{"footnotes":""},"categories":[115],"tags":[14,554,1536,5],"class_list":["post-73330","post","type-post","status-publish","format-standard","has-post-thumbnail","hentry","category-aguas-abertas","tag-aguas-abertas","tag-leme-ao-pontal","tag-leme-ao-pontal-swimming-association","tag-natacao"],"yoast_head":"<!-- This site is optimized with the Yoast SEO plugin v27.0 - https:\/\/yoast.com\/product\/yoast-seo-wordpress\/ -->\n<title>Thiago Colombo e Wesley Dias completam a Travessia do Leme ao Pontal - Swimchannel<\/title>\n<meta name=\"robots\" content=\"index, follow, max-snippet:-1, max-image-preview:large, max-video-preview:-1\" \/>\n<link rel=\"canonical\" href=\"https:\/\/swimchannel.net\/br\/thiago-colombo-e-wesley-dias-completam-a-travessia-do-leme-ao-pontal\/\" \/>\n<meta property=\"og:locale\" content=\"pt_BR\" \/>\n<meta property=\"og:type\" content=\"article\" \/>\n<meta property=\"og:title\" content=\"Thiago Colombo e Wesley Dias completam a Travessia do Leme ao Pontal - Swimchannel\" \/>\n<meta property=\"og:description\" content=\"Treinados pela ultramaratonista Marta Izo, os atletas Thiago Colombo e Wesley Dias completaram na \u00faltima semana de abril a Travessia do Leme ao Pontal, considerada pela World Open Water Swimming Association (WOWSA) como a mais linda e desafiadora do Brasil. Wesley Dias completou os exigentes 36 quil\u00f4metros no dia 24 de abril em 9 horas, [&hellip;]\" \/>\n<meta property=\"og:url\" content=\"https:\/\/swimchannel.net\/br\/thiago-colombo-e-wesley-dias-completam-a-travessia-do-leme-ao-pontal\/\" \/>\n<meta property=\"og:site_name\" content=\"Swimchannel\" \/>\n<meta property=\"article:publisher\" content=\"https:\/\/www.facebook.com\/swimchannel\" \/>\n<meta property=\"article:published_time\" content=\"2025-05-06T13:38:15+00:00\" \/>\n<meta property=\"article:modified_time\" content=\"2025-05-06T23:29:20+00:00\" \/>\n<meta property=\"og:image\" content=\"https:\/\/swimchannel.net\/br\/wp-content\/uploads\/2025\/05\/491507694_18388040272118886_9050084389834648475_n.jpg\" \/>\n\t<meta property=\"og:image:width\" content=\"1440\" \/>\n\t<meta property=\"og:image:height\" content=\"1800\" \/>\n\t<meta property=\"og:image:type\" content=\"image\/jpeg\" \/>\n<meta name=\"author\" content=\"Katarine Monteiro\" \/>\n<meta name=\"twitter:card\" content=\"summary_large_image\" \/>\n<meta name=\"twitter:creator\" content=\"@https:\/\/twitter.com\/Katarinem\" \/>\n<meta name=\"twitter:label1\" content=\"Escrito por\" \/>\n\t<meta name=\"twitter:data1\" content=\"Katarine Monteiro\" \/>\n\t<meta name=\"twitter:label2\" content=\"Est. tempo de leitura\" \/>\n\t<meta name=\"twitter:data2\" content=\"2 minutos\" \/>\n<script type=\"application\/ld+json\" class=\"yoast-schema-graph\">{\"@context\":\"https:\/\/schema.org\",\"@graph\":[{\"@type\":\"Article\",\"@id\":\"https:\/\/swimchannel.net\/br\/thiago-colombo-e-wesley-dias-completam-a-travessia-do-leme-ao-pontal\/#article\",\"isPartOf\":{\"@id\":\"https:\/\/swimchannel.net\/br\/thiago-colombo-e-wesley-dias-completam-a-travessia-do-leme-ao-pontal\/\"},\"author\":{\"name\":\"Katarine Monteiro\",\"@id\":\"https:\/\/swimchannel.net\/br\/#\/schema\/person\/73ae9cec62249968bca1f0a8098ef002\"},\"headline\":\"Thiago Colombo e Wesley Dias completam a Travessia do Leme ao Pontal\",\"datePublished\":\"2025-05-06T13:38:15+00:00\",\"dateModified\":\"2025-05-06T23:29:20+00:00\",\"mainEntityOfPage\":{\"@id\":\"https:\/\/swimchannel.net\/br\/thiago-colombo-e-wesley-dias-completam-a-travessia-do-leme-ao-pontal\/\"},\"wordCount\":504,\"commentCount\":0,\"publisher\":{\"@id\":\"https:\/\/swimchannel.net\/br\/#organization\"},\"image\":{\"@id\":\"https:\/\/swimchannel.net\/br\/thiago-colombo-e-wesley-dias-completam-a-travessia-do-leme-ao-pontal\/#primaryimage\"},\"thumbnailUrl\":\"https:\/\/swimchannel.net\/br\/wp-content\/uploads\/2025\/05\/491507694_18388040272118886_9050084389834648475_n.jpg\",\"keywords\":[\"\u00c1guas abertas\",\"Leme ao Pontal\",\"Leme ao Pontal Swimming Association\",\"natacao\"],\"articleSection\":[\"\u00c1guas Abertas\"],\"inLanguage\":\"pt-BR\",\"potentialAction\":[{\"@type\":\"CommentAction\",\"name\":\"Comment\",\"target\":[\"https:\/\/swimchannel.net\/br\/thiago-colombo-e-wesley-dias-completam-a-travessia-do-leme-ao-pontal\/#respond\"]}]},{\"@type\":\"WebPage\",\"@id\":\"https:\/\/swimchannel.net\/br\/thiago-colombo-e-wesley-dias-completam-a-travessia-do-leme-ao-pontal\/\",\"url\":\"https:\/\/swimchannel.net\/br\/thiago-colombo-e-wesley-dias-completam-a-travessia-do-leme-ao-pontal\/\",\"name\":\"Thiago Colombo e Wesley Dias completam a Travessia do Leme ao Pontal - Swimchannel\",\"isPartOf\":{\"@id\":\"https:\/\/swimchannel.net\/br\/#website\"},\"primaryImageOfPage\":{\"@id\":\"https:\/\/swimchannel.net\/br\/thiago-colombo-e-wesley-dias-completam-a-travessia-do-leme-ao-pontal\/#primaryimage\"},\"image\":{\"@id\":\"https:\/\/swimchannel.net\/br\/thiago-colombo-e-wesley-dias-completam-a-travessia-do-leme-ao-pontal\/#primaryimage\"},\"thumbnailUrl\":\"https:\/\/swimchannel.net\/br\/wp-content\/uploads\/2025\/05\/491507694_18388040272118886_9050084389834648475_n.jpg\",\"datePublished\":\"2025-05-06T13:38:15+00:00\",\"dateModified\":\"2025-05-06T23:29:20+00:00\",\"breadcrumb\":{\"@id\":\"https:\/\/swimchannel.net\/br\/thiago-colombo-e-wesley-dias-completam-a-travessia-do-leme-ao-pontal\/#breadcrumb\"},\"inLanguage\":\"pt-BR\",\"potentialAction\":[{\"@type\":\"ReadAction\",\"target\":[\"https:\/\/swimchannel.net\/br\/thiago-colombo-e-wesley-dias-completam-a-travessia-do-leme-ao-pontal\/\"]}]},{\"@type\":\"ImageObject\",\"inLanguage\":\"pt-BR\",\"@id\":\"https:\/\/swimchannel.net\/br\/thiago-colombo-e-wesley-dias-completam-a-travessia-do-leme-ao-pontal\/#primaryimage\",\"url\":\"https:\/\/swimchannel.net\/br\/wp-content\/uploads\/2025\/05\/491507694_18388040272118886_9050084389834648475_n.jpg\",\"contentUrl\":\"https:\/\/swimchannel.net\/br\/wp-content\/uploads\/2025\/05\/491507694_18388040272118886_9050084389834648475_n.jpg\",\"width\":1440,\"height\":1800},{\"@type\":\"BreadcrumbList\",\"@id\":\"https:\/\/swimchannel.net\/br\/thiago-colombo-e-wesley-dias-completam-a-travessia-do-leme-ao-pontal\/#breadcrumb\",\"itemListElement\":[{\"@type\":\"ListItem\",\"position\":1,\"name\":\"Home\",\"item\":\"https:\/\/swimchannel.net\/br\/\"},{\"@type\":\"ListItem\",\"position\":2,\"name\":\"Thiago Colombo e Wesley Dias completam a Travessia do Leme ao Pontal\"}]},{\"@type\":\"WebSite\",\"@id\":\"https:\/\/swimchannel.net\/br\/#website\",\"url\":\"https:\/\/swimchannel.net\/br\/\",\"name\":\"Swimchannel\",\"description\":\"Maior portal de nata\u00e7\u00e3o da america latina\",\"publisher\":{\"@id\":\"https:\/\/swimchannel.net\/br\/#organization\"},\"potentialAction\":[{\"@type\":\"SearchAction\",\"target\":{\"@type\":\"EntryPoint\",\"urlTemplate\":\"https:\/\/swimchannel.net\/br\/?s={search_term_string}\"},\"query-input\":{\"@type\":\"PropertyValueSpecification\",\"valueRequired\":true,\"valueName\":\"search_term_string\"}}],\"inLanguage\":\"pt-BR\"},{\"@type\":\"Organization\",\"@id\":\"https:\/\/swimchannel.net\/br\/#organization\",\"name\":\"Swimchannel - Conectando voc\u00ea a Nata\u00e7\u00e3o\",\"url\":\"https:\/\/swimchannel.net\/br\/\",\"logo\":{\"@type\":\"ImageObject\",\"inLanguage\":\"pt-BR\",\"@id\":\"https:\/\/swimchannel.net\/br\/#\/schema\/logo\/image\/\",\"url\":\"https:\/\/swimchannel.net\/br\/wp-content\/uploads\/2026\/02\/SWIM-CHANNEL.png\",\"contentUrl\":\"https:\/\/swimchannel.net\/br\/wp-content\/uploads\/2026\/02\/SWIM-CHANNEL.png\",\"width\":1120,\"height\":630,\"caption\":\"Swimchannel - Conectando voc\u00ea a Nata\u00e7\u00e3o\"},\"image\":{\"@id\":\"https:\/\/swimchannel.net\/br\/#\/schema\/logo\/image\/\"},\"sameAs\":[\"https:\/\/www.facebook.com\/swimchannel\",\"https:\/\/www.instagram.com\/swimchannel\"]},{\"@type\":\"Person\",\"@id\":\"https:\/\/swimchannel.net\/br\/#\/schema\/person\/73ae9cec62249968bca1f0a8098ef002\",\"name\":\"Katarine Monteiro\",\"image\":{\"@type\":\"ImageObject\",\"inLanguage\":\"pt-BR\",\"@id\":\"https:\/\/swimchannel.net\/br\/#\/schema\/person\/image\/\",\"url\":\"https:\/\/swimchannel.net\/br\/wp-content\/uploads\/2022\/01\/Katarine-Monteiro-100x100.jpg\",\"contentUrl\":\"https:\/\/swimchannel.net\/br\/wp-content\/uploads\/2022\/01\/Katarine-Monteiro-100x100.jpg\",\"caption\":\"Katarine Monteiro\"},\"description\":\"Jornalista SWIM CHANNEL especializada em esportes ol\u00edmpicos e em sa\u00fade. Com cobertura de grandes eventos internacionais, como Jogos Ol\u00edmpicos Rio 2016, Jogos Pan-Americanos em Lima 2019, Qatar Total Open 2020, Qatar ExxonMobil Open 2019 - t\u00eanis em Doha (QT), Semana Internacional de Vela de Ilhabela, Transat Jacques Vabre 2019 (Fran\u00e7a-Brasil), L'\u00c9tape Brasil by Tour de France, j\u00e1 fez in\u00fameras coberturas de nata\u00e7\u00e3o, maratona aqu\u00e1tica e polo aqu\u00e1tico. Formada tamb\u00e9m em Letras, a jornalista atua como assessora de imprensa, rela\u00e7\u00f5es p\u00fablicas e social media, com especializa\u00e7\u00e3o em marketing esportivo. Nadadora amadora de \u00e1guas abertas, j\u00e1 trabalhou com grandes nomes da nata\u00e7\u00e3o e do polo aqu\u00e1tico brasileiro.\",\"sameAs\":[\"https:\/\/www.instagram.com\/_katarinemonteiro\/\",\"https:\/\/www.linkedin.com\/in\/katarine-monteiro-19385297\/\",\"https:\/\/x.com\/https:\/\/twitter.com\/Katarinem\"],\"url\":\"https:\/\/swimchannel.net\/br\/author\/katarine-monteiro\/\"}]}<\/script>\n<!-- \/ Yoast SEO plugin. -->","yoast_head_json":{"title":"Thiago Colombo e Wesley Dias completam a Travessia do Leme ao Pontal - Swimchannel","robots":{"index":"index","follow":"follow","max-snippet":"max-snippet:-1","max-image-preview":"max-image-preview:large","max-video-preview":"max-video-preview:-1"},"canonical":"https:\/\/swimchannel.net\/br\/thiago-colombo-e-wesley-dias-completam-a-travessia-do-leme-ao-pontal\/","og_locale":"pt_BR","og_type":"article","og_title":"Thiago Colombo e Wesley Dias completam a Travessia do Leme ao Pontal - Swimchannel","og_description":"Treinados pela ultramaratonista Marta Izo, os atletas Thiago Colombo e Wesley Dias completaram na \u00faltima semana de abril a Travessia do Leme ao Pontal, considerada pela World Open Water Swimming Association (WOWSA) como a mais linda e desafiadora do Brasil. Wesley Dias completou os exigentes 36 quil\u00f4metros no dia 24 de abril em 9 horas, [&hellip;]","og_url":"https:\/\/swimchannel.net\/br\/thiago-colombo-e-wesley-dias-completam-a-travessia-do-leme-ao-pontal\/","og_site_name":"Swimchannel","article_publisher":"https:\/\/www.facebook.com\/swimchannel","article_published_time":"2025-05-06T13:38:15+00:00","article_modified_time":"2025-05-06T23:29:20+00:00","og_image":[{"width":1440,"height":1800,"url":"https:\/\/swimchannel.net\/br\/wp-content\/uploads\/2025\/05\/491507694_18388040272118886_9050084389834648475_n.jpg","type":"image\/jpeg"}],"author":"Katarine Monteiro","twitter_card":"summary_large_image","twitter_creator":"@https:\/\/twitter.com\/Katarinem","twitter_misc":{"Escrito por":"Katarine Monteiro","Est. tempo de leitura":"2 minutos"},"schema":{"@context":"https:\/\/schema.org","@graph":[{"@type":"Article","@id":"https:\/\/swimchannel.net\/br\/thiago-colombo-e-wesley-dias-completam-a-travessia-do-leme-ao-pontal\/#article","isPartOf":{"@id":"https:\/\/swimchannel.net\/br\/thiago-colombo-e-wesley-dias-completam-a-travessia-do-leme-ao-pontal\/"},"author":{"name":"Katarine Monteiro","@id":"https:\/\/swimchannel.net\/br\/#\/schema\/person\/73ae9cec62249968bca1f0a8098ef002"},"headline":"Thiago Colombo e Wesley Dias completam a Travessia do Leme ao Pontal","datePublished":"2025-05-06T13:38:15+00:00","dateModified":"2025-05-06T23:29:20+00:00","mainEntityOfPage":{"@id":"https:\/\/swimchannel.net\/br\/thiago-colombo-e-wesley-dias-completam-a-travessia-do-leme-ao-pontal\/"},"wordCount":504,"commentCount":0,"publisher":{"@id":"https:\/\/swimchannel.net\/br\/#organization"},"image":{"@id":"https:\/\/swimchannel.net\/br\/thiago-colombo-e-wesley-dias-completam-a-travessia-do-leme-ao-pontal\/#primaryimage"},"thumbnailUrl":"https:\/\/swimchannel.net\/br\/wp-content\/uploads\/2025\/05\/491507694_18388040272118886_9050084389834648475_n.jpg","keywords":["\u00c1guas abertas","Leme ao Pontal","Leme ao Pontal Swimming Association","natacao"],"articleSection":["\u00c1guas Abertas"],"inLanguage":"pt-BR","potentialAction":[{"@type":"CommentAction","name":"Comment","target":["https:\/\/swimchannel.net\/br\/thiago-colombo-e-wesley-dias-completam-a-travessia-do-leme-ao-pontal\/#respond"]}]},{"@type":"WebPage","@id":"https:\/\/swimchannel.net\/br\/thiago-colombo-e-wesley-dias-completam-a-travessia-do-leme-ao-pontal\/","url":"https:\/\/swimchannel.net\/br\/thiago-colombo-e-wesley-dias-completam-a-travessia-do-leme-ao-pontal\/","name":"Thiago Colombo e Wesley Dias completam a Travessia do Leme ao Pontal - Swimchannel","isPartOf":{"@id":"https:\/\/swimchannel.net\/br\/#website"},"primaryImageOfPage":{"@id":"https:\/\/swimchannel.net\/br\/thiago-colombo-e-wesley-dias-completam-a-travessia-do-leme-ao-pontal\/#primaryimage"},"image":{"@id":"https:\/\/swimchannel.net\/br\/thiago-colombo-e-wesley-dias-completam-a-travessia-do-leme-ao-pontal\/#primaryimage"},"thumbnailUrl":"https:\/\/swimchannel.net\/br\/wp-content\/uploads\/2025\/05\/491507694_18388040272118886_9050084389834648475_n.jpg","datePublished":"2025-05-06T13:38:15+00:00","dateModified":"2025-05-06T23:29:20+00:00","breadcrumb":{"@id":"https:\/\/swimchannel.net\/br\/thiago-colombo-e-wesley-dias-completam-a-travessia-do-leme-ao-pontal\/#breadcrumb"},"inLanguage":"pt-BR","potentialAction":[{"@type":"ReadAction","target":["https:\/\/swimchannel.net\/br\/thiago-colombo-e-wesley-dias-completam-a-travessia-do-leme-ao-pontal\/"]}]},{"@type":"ImageObject","inLanguage":"pt-BR","@id":"https:\/\/swimchannel.net\/br\/thiago-colombo-e-wesley-dias-completam-a-travessia-do-leme-ao-pontal\/#primaryimage","url":"https:\/\/swimchannel.net\/br\/wp-content\/uploads\/2025\/05\/491507694_18388040272118886_9050084389834648475_n.jpg","contentUrl":"https:\/\/swimchannel.net\/br\/wp-content\/uploads\/2025\/05\/491507694_18388040272118886_9050084389834648475_n.jpg","width":1440,"height":1800},{"@type":"BreadcrumbList","@id":"https:\/\/swimchannel.net\/br\/thiago-colombo-e-wesley-dias-completam-a-travessia-do-leme-ao-pontal\/#breadcrumb","itemListElement":[{"@type":"ListItem","position":1,"name":"Home","item":"https:\/\/swimchannel.net\/br\/"},{"@type":"ListItem","position":2,"name":"Thiago Colombo e Wesley Dias completam a Travessia do Leme ao Pontal"}]},{"@type":"WebSite","@id":"https:\/\/swimchannel.net\/br\/#website","url":"https:\/\/swimchannel.net\/br\/","name":"Swimchannel","description":"Maior portal de nata\u00e7\u00e3o da america latina","publisher":{"@id":"https:\/\/swimchannel.net\/br\/#organization"},"potentialAction":[{"@type":"SearchAction","target":{"@type":"EntryPoint","urlTemplate":"https:\/\/swimchannel.net\/br\/?s={search_term_string}"},"query-input":{"@type":"PropertyValueSpecification","valueRequired":true,"valueName":"search_term_string"}}],"inLanguage":"pt-BR"},{"@type":"Organization","@id":"https:\/\/swimchannel.net\/br\/#organization","name":"Swimchannel - Conectando voc\u00ea a Nata\u00e7\u00e3o","url":"https:\/\/swimchannel.net\/br\/","logo":{"@type":"ImageObject","inLanguage":"pt-BR","@id":"https:\/\/swimchannel.net\/br\/#\/schema\/logo\/image\/","url":"https:\/\/swimchannel.net\/br\/wp-content\/uploads\/2026\/02\/SWIM-CHANNEL.png","contentUrl":"https:\/\/swimchannel.net\/br\/wp-content\/uploads\/2026\/02\/SWIM-CHANNEL.png","width":1120,"height":630,"caption":"Swimchannel - Conectando voc\u00ea a Nata\u00e7\u00e3o"},"image":{"@id":"https:\/\/swimchannel.net\/br\/#\/schema\/logo\/image\/"},"sameAs":["https:\/\/www.facebook.com\/swimchannel","https:\/\/www.instagram.com\/swimchannel"]},{"@type":"Person","@id":"https:\/\/swimchannel.net\/br\/#\/schema\/person\/73ae9cec62249968bca1f0a8098ef002","name":"Katarine Monteiro","image":{"@type":"ImageObject","inLanguage":"pt-BR","@id":"https:\/\/swimchannel.net\/br\/#\/schema\/person\/image\/","url":"https:\/\/swimchannel.net\/br\/wp-content\/uploads\/2022\/01\/Katarine-Monteiro-100x100.jpg","contentUrl":"https:\/\/swimchannel.net\/br\/wp-content\/uploads\/2022\/01\/Katarine-Monteiro-100x100.jpg","caption":"Katarine Monteiro"},"description":"Jornalista SWIM CHANNEL especializada em esportes ol\u00edmpicos e em sa\u00fade. Com cobertura de grandes eventos internacionais, como Jogos Ol\u00edmpicos Rio 2016, Jogos Pan-Americanos em Lima 2019, Qatar Total Open 2020, Qatar ExxonMobil Open 2019 - t\u00eanis em Doha (QT), Semana Internacional de Vela de Ilhabela, Transat Jacques Vabre 2019 (Fran\u00e7a-Brasil), L'\u00c9tape Brasil by Tour de France, j\u00e1 fez in\u00fameras coberturas de nata\u00e7\u00e3o, maratona aqu\u00e1tica e polo aqu\u00e1tico. Formada tamb\u00e9m em Letras, a jornalista atua como assessora de imprensa, rela\u00e7\u00f5es p\u00fablicas e social media, com especializa\u00e7\u00e3o em marketing esportivo. Nadadora amadora de \u00e1guas abertas, j\u00e1 trabalhou com grandes nomes da nata\u00e7\u00e3o e do polo aqu\u00e1tico brasileiro.","sameAs":["https:\/\/www.instagram.com\/_katarinemonteiro\/","https:\/\/www.linkedin.com\/in\/katarine-monteiro-19385297\/","https:\/\/x.com\/https:\/\/twitter.com\/Katarinem"],"url":"https:\/\/swimchannel.net\/br\/author\/katarine-monteiro\/"}]}},"_links":{"self":[{"href":"https:\/\/swimchannel.net\/br\/wp-json\/wp\/v2\/posts\/73330","targetHints":{"allow":["GET"]}}],"collection":[{"href":"https:\/\/swimchannel.net\/br\/wp-json\/wp\/v2\/posts"}],"about":[{"href":"https:\/\/swimchannel.net\/br\/wp-json\/wp\/v2\/types\/post"}],"author":[{"embeddable":true,"href":"https:\/\/swimchannel.net\/br\/wp-json\/wp\/v2\/users\/9"}],"replies":[{"embeddable":true,"href":"https:\/\/swimchannel.net\/br\/wp-json\/wp\/v2\/comments?post=73330"}],"version-history":[{"count":9,"href":"https:\/\/swimchannel.net\/br\/wp-json\/wp\/v2\/posts\/73330\/revisions"}],"predecessor-version":[{"id":73421,"href":"https:\/\/swimchannel.net\/br\/wp-json\/wp\/v2\/posts\/73330\/revisions\/73421"}],"wp:featuredmedia":[{"embeddable":true,"href":"https:\/\/swimchannel.net\/br\/wp-json\/wp\/v2\/media\/73335"}],"wp:attachment":[{"href":"https:\/\/swimchannel.net\/br\/wp-json\/wp\/v2\/media?parent=73330"}],"wp:term":[{"taxonomy":"category","embeddable":true,"href":"https:\/\/swimchannel.net\/br\/wp-json\/wp\/v2\/categories?post=73330"},{"taxonomy":"post_tag","embeddable":true,"href":"https:\/\/swimchannel.net\/br\/wp-json\/wp\/v2\/tags?post=73330"}],"curies":[{"name":"wp","href":"https:\/\/api.w.org\/{rel}","templated":true}]}}