{"id":73375,"date":"2025-05-05T08:40:55","date_gmt":"2025-05-05T11:40:55","guid":{"rendered":"https:\/\/swimchannel.net\/br\/?p=73375"},"modified":"2025-05-05T08:40:55","modified_gmt":"2025-05-05T11:40:55","slug":"e-se-os-campeoes-do-trofeu-maria-lenk-nadassem-no-tyr-pro-swim-series-de-fort-lauderdale","status":"publish","type":"post","link":"https:\/\/swimchannel.net\/br\/e-se-os-campeoes-do-trofeu-maria-lenk-nadassem-no-tyr-pro-swim-series-de-fort-lauderdale\/","title":{"rendered":"E se os campe\u00f5es do Trof\u00e9u Maria Lenk nadassem no TYR Pro Swim S\u00e9ries de Fort Lauderdale&#8230;"},"content":{"rendered":"<p>Uma semana depois do Trof\u00e9u Maria Lenk no Rio de Janeiro a nata\u00e7\u00e3o mundial vibrou e celebrou a disputa do TYR Pro Swim Series em Fort Lauderdale, na Fl\u00f3rida, Estados Unidos. Para efeito de compara\u00e7\u00e3o e refer\u00eancia, a Best Swimming fez a compara\u00e7\u00e3o trazendo todos os tempos dos nadadores campe\u00f5es das 34 provas individuais (17 de cada sexo) do Maria Lenk indicando que posi\u00e7\u00e3o estas marcas ficariam no TYR Pro Swim Series.<\/p>\n<p>&nbsp;<\/p>\n<p>Dos 34 vencedores do Trof\u00e9u Maria Lenk, quatro deles, Guilherme Carib\u00e9 tr\u00eas vezes, e Guilherme Costa, uma vez, seriam campe\u00f5es em Fort Lauderdale. No total, seriam 12 medalhas, quatro ouros, quatro pratas e quatro bronzes. Dos 34 campe\u00f5es do Maria Lenk no Rio de Janeiro, 28 deles estariam na final A, cinco na final B e apenas um, a campe\u00e3 dos 100m costas, Julia Karla G\u00f3es do SESI s\u00f3 chegaria a final C.<\/p>\n<p>&nbsp;<\/p>\n<p>Veja abaixo os nadadores brasileiros e as coloca\u00e7\u00f5es que eles ficariam se tivessem disputado o TYR Pro Swim Series. Para efeito de compara\u00e7\u00e3o n\u00e3o consideramos os tempos do campe\u00e3o estrangeiro do Trof\u00e9u Maria Lenk (Sam Short).<\/p>\n<p><img loading=\"lazy\" decoding=\"async\" class=\"alignnone size-large wp-image-73376\" src=\"https:\/\/swimchannel.net\/br\/wp-content\/uploads\/2025\/05\/Screenshot_2025-05-05-08-38-37-953_com.android.chrome-edit-432x800.jpg\" alt=\"\" width=\"432\" height=\"800\" srcset=\"https:\/\/swimchannel.net\/br\/wp-content\/uploads\/2025\/05\/Screenshot_2025-05-05-08-38-37-953_com.android.chrome-edit-432x800.jpg 432w, https:\/\/swimchannel.net\/br\/wp-content\/uploads\/2025\/05\/Screenshot_2025-05-05-08-38-37-953_com.android.chrome-edit-364x675.jpg 364w, https:\/\/swimchannel.net\/br\/wp-content\/uploads\/2025\/05\/Screenshot_2025-05-05-08-38-37-953_com.android.chrome-edit-97x180.jpg 97w, https:\/\/swimchannel.net\/br\/wp-content\/uploads\/2025\/05\/Screenshot_2025-05-05-08-38-37-953_com.android.chrome-edit-768x1424.jpg 768w, https:\/\/swimchannel.net\/br\/wp-content\/uploads\/2025\/05\/Screenshot_2025-05-05-08-38-37-953_com.android.chrome-edit-829x1536.jpg 829w, https:\/\/swimchannel.net\/br\/wp-content\/uploads\/2025\/05\/Screenshot_2025-05-05-08-38-37-953_com.android.chrome-edit-750x1390.jpg 750w, https:\/\/swimchannel.net\/br\/wp-content\/uploads\/2025\/05\/Screenshot_2025-05-05-08-38-37-953_com.android.chrome-edit.jpg 1080w\" sizes=\"auto, (max-width: 432px) 100vw, 432px\" \/><\/p>\n<p><img loading=\"lazy\" decoding=\"async\" class=\"alignnone size-large wp-image-73377\" src=\"https:\/\/swimchannel.net\/br\/wp-content\/uploads\/2025\/05\/Screenshot_2025-05-05-08-38-54-389_com.android.chrome-edit-478x800.jpg\" alt=\"\" width=\"478\" height=\"800\" srcset=\"https:\/\/swimchannel.net\/br\/wp-content\/uploads\/2025\/05\/Screenshot_2025-05-05-08-38-54-389_com.android.chrome-edit-478x800.jpg 478w, https:\/\/swimchannel.net\/br\/wp-content\/uploads\/2025\/05\/Screenshot_2025-05-05-08-38-54-389_com.android.chrome-edit-403x675.jpg 403w, https:\/\/swimchannel.net\/br\/wp-content\/uploads\/2025\/05\/Screenshot_2025-05-05-08-38-54-389_com.android.chrome-edit-107x180.jpg 107w, https:\/\/swimchannel.net\/br\/wp-content\/uploads\/2025\/05\/Screenshot_2025-05-05-08-38-54-389_com.android.chrome-edit-768x1286.jpg 768w, https:\/\/swimchannel.net\/br\/wp-content\/uploads\/2025\/05\/Screenshot_2025-05-05-08-38-54-389_com.android.chrome-edit-917x1536.jpg 917w, https:\/\/swimchannel.net\/br\/wp-content\/uploads\/2025\/05\/Screenshot_2025-05-05-08-38-54-389_com.android.chrome-edit-750x1256.jpg 750w, https:\/\/swimchannel.net\/br\/wp-content\/uploads\/2025\/05\/Screenshot_2025-05-05-08-38-54-389_com.android.chrome-edit.jpg 1080w\" sizes=\"auto, (max-width: 478px) 100vw, 478px\" \/><\/p>\n<p>Gostaria de receber as not\u00edcias de nata\u00e7\u00e3o e \u00e1guas abertas no seu email?<\/p>\n<p><a href=\"https:\/\/lpa.nitro.news\/n-GNe\/ultimas-noticias-swim-channel\">Cadastre-se aqui<\/a><\/p>\n<p>&nbsp;<\/p>\n","protected":false},"excerpt":{"rendered":"<p>Uma semana depois do Trof\u00e9u Maria Lenk no Rio de Janeiro a nata\u00e7\u00e3o mundial vibrou e celebrou a disputa do TYR Pro Swim Series em Fort Lauderdale, na Fl\u00f3rida, Estados Unidos. Para efeito de compara\u00e7\u00e3o e refer\u00eancia, a Best Swimming fez a compara\u00e7\u00e3o trazendo todos os tempos dos nadadores campe\u00f5es das 34 provas individuais (17 [&hellip;]<\/p>\n","protected":false},"author":12,"featured_media":73378,"comment_status":"open","ping_status":"open","sticky":false,"template":"","format":"standard","meta":{"footnotes":""},"categories":[137,2576],"tags":[5],"class_list":["post-73375","post","type-post","status-publish","format-standard","has-post-thumbnail","hentry","category-natacao","category-ultimas-noticias","tag-natacao"],"yoast_head":"<!-- This site is optimized with the Yoast SEO plugin v27.0 - https:\/\/yoast.com\/product\/yoast-seo-wordpress\/ -->\n<title>E se os campe\u00f5es do Trof\u00e9u Maria Lenk nadassem no TYR Pro Swim S\u00e9ries de Fort Lauderdale... - Swimchannel<\/title>\n<meta name=\"robots\" content=\"index, follow, max-snippet:-1, max-image-preview:large, max-video-preview:-1\" \/>\n<link rel=\"canonical\" href=\"https:\/\/swimchannel.net\/br\/e-se-os-campeoes-do-trofeu-maria-lenk-nadassem-no-tyr-pro-swim-series-de-fort-lauderdale\/\" \/>\n<meta property=\"og:locale\" content=\"pt_BR\" \/>\n<meta property=\"og:type\" content=\"article\" \/>\n<meta property=\"og:title\" content=\"E se os campe\u00f5es do Trof\u00e9u Maria Lenk nadassem no TYR Pro Swim S\u00e9ries de Fort Lauderdale... - Swimchannel\" \/>\n<meta property=\"og:description\" content=\"Uma semana depois do Trof\u00e9u Maria Lenk no Rio de Janeiro a nata\u00e7\u00e3o mundial vibrou e celebrou a disputa do TYR Pro Swim Series em Fort Lauderdale, na Fl\u00f3rida, Estados Unidos. Para efeito de compara\u00e7\u00e3o e refer\u00eancia, a Best Swimming fez a compara\u00e7\u00e3o trazendo todos os tempos dos nadadores campe\u00f5es das 34 provas individuais (17 [&hellip;]\" \/>\n<meta property=\"og:url\" content=\"https:\/\/swimchannel.net\/br\/e-se-os-campeoes-do-trofeu-maria-lenk-nadassem-no-tyr-pro-swim-series-de-fort-lauderdale\/\" \/>\n<meta property=\"og:site_name\" content=\"Swimchannel\" \/>\n<meta property=\"article:publisher\" content=\"https:\/\/www.facebook.com\/swimchannel\" \/>\n<meta property=\"article:published_time\" content=\"2025-05-05T11:40:55+00:00\" \/>\n<meta property=\"og:image\" content=\"https:\/\/swimchannel.net\/br\/wp-content\/uploads\/2025\/05\/54478952668_3405444c1e_c.jpg\" \/>\n\t<meta property=\"og:image:width\" content=\"799\" \/>\n\t<meta property=\"og:image:height\" content=\"533\" \/>\n\t<meta property=\"og:image:type\" content=\"image\/jpeg\" \/>\n<meta name=\"author\" content=\"Alex Pussieldi\" \/>\n<meta name=\"twitter:card\" content=\"summary_large_image\" \/>\n<meta name=\"twitter:label1\" content=\"Escrito por\" \/>\n\t<meta name=\"twitter:data1\" content=\"Alex Pussieldi\" \/>\n\t<meta name=\"twitter:label2\" content=\"Est. tempo de leitura\" \/>\n\t<meta name=\"twitter:data2\" content=\"1 minuto\" \/>\n<script type=\"application\/ld+json\" class=\"yoast-schema-graph\">{\"@context\":\"https:\/\/schema.org\",\"@graph\":[{\"@type\":\"Article\",\"@id\":\"https:\/\/swimchannel.net\/br\/e-se-os-campeoes-do-trofeu-maria-lenk-nadassem-no-tyr-pro-swim-series-de-fort-lauderdale\/#article\",\"isPartOf\":{\"@id\":\"https:\/\/swimchannel.net\/br\/e-se-os-campeoes-do-trofeu-maria-lenk-nadassem-no-tyr-pro-swim-series-de-fort-lauderdale\/\"},\"author\":{\"name\":\"Alex Pussieldi\",\"@id\":\"https:\/\/swimchannel.net\/br\/#\/schema\/person\/cf549cb99cf75592fcf7c76213385e63\"},\"headline\":\"E se os campe\u00f5es do Trof\u00e9u Maria Lenk nadassem no TYR Pro Swim S\u00e9ries de Fort Lauderdale&#8230;\",\"datePublished\":\"2025-05-05T11:40:55+00:00\",\"mainEntityOfPage\":{\"@id\":\"https:\/\/swimchannel.net\/br\/e-se-os-campeoes-do-trofeu-maria-lenk-nadassem-no-tyr-pro-swim-series-de-fort-lauderdale\/\"},\"wordCount\":233,\"commentCount\":0,\"publisher\":{\"@id\":\"https:\/\/swimchannel.net\/br\/#organization\"},\"image\":{\"@id\":\"https:\/\/swimchannel.net\/br\/e-se-os-campeoes-do-trofeu-maria-lenk-nadassem-no-tyr-pro-swim-series-de-fort-lauderdale\/#primaryimage\"},\"thumbnailUrl\":\"https:\/\/swimchannel.net\/br\/wp-content\/uploads\/2025\/05\/54478952668_3405444c1e_c.jpg\",\"keywords\":[\"natacao\"],\"articleSection\":[\"Nata\u00e7\u00e3o\",\"\u00daltimas Not\u00edcias\"],\"inLanguage\":\"pt-BR\",\"potentialAction\":[{\"@type\":\"CommentAction\",\"name\":\"Comment\",\"target\":[\"https:\/\/swimchannel.net\/br\/e-se-os-campeoes-do-trofeu-maria-lenk-nadassem-no-tyr-pro-swim-series-de-fort-lauderdale\/#respond\"]}]},{\"@type\":\"WebPage\",\"@id\":\"https:\/\/swimchannel.net\/br\/e-se-os-campeoes-do-trofeu-maria-lenk-nadassem-no-tyr-pro-swim-series-de-fort-lauderdale\/\",\"url\":\"https:\/\/swimchannel.net\/br\/e-se-os-campeoes-do-trofeu-maria-lenk-nadassem-no-tyr-pro-swim-series-de-fort-lauderdale\/\",\"name\":\"E se os campe\u00f5es do Trof\u00e9u Maria Lenk nadassem no TYR Pro Swim S\u00e9ries de Fort Lauderdale... - Swimchannel\",\"isPartOf\":{\"@id\":\"https:\/\/swimchannel.net\/br\/#website\"},\"primaryImageOfPage\":{\"@id\":\"https:\/\/swimchannel.net\/br\/e-se-os-campeoes-do-trofeu-maria-lenk-nadassem-no-tyr-pro-swim-series-de-fort-lauderdale\/#primaryimage\"},\"image\":{\"@id\":\"https:\/\/swimchannel.net\/br\/e-se-os-campeoes-do-trofeu-maria-lenk-nadassem-no-tyr-pro-swim-series-de-fort-lauderdale\/#primaryimage\"},\"thumbnailUrl\":\"https:\/\/swimchannel.net\/br\/wp-content\/uploads\/2025\/05\/54478952668_3405444c1e_c.jpg\",\"datePublished\":\"2025-05-05T11:40:55+00:00\",\"breadcrumb\":{\"@id\":\"https:\/\/swimchannel.net\/br\/e-se-os-campeoes-do-trofeu-maria-lenk-nadassem-no-tyr-pro-swim-series-de-fort-lauderdale\/#breadcrumb\"},\"inLanguage\":\"pt-BR\",\"potentialAction\":[{\"@type\":\"ReadAction\",\"target\":[\"https:\/\/swimchannel.net\/br\/e-se-os-campeoes-do-trofeu-maria-lenk-nadassem-no-tyr-pro-swim-series-de-fort-lauderdale\/\"]}]},{\"@type\":\"ImageObject\",\"inLanguage\":\"pt-BR\",\"@id\":\"https:\/\/swimchannel.net\/br\/e-se-os-campeoes-do-trofeu-maria-lenk-nadassem-no-tyr-pro-swim-series-de-fort-lauderdale\/#primaryimage\",\"url\":\"https:\/\/swimchannel.net\/br\/wp-content\/uploads\/2025\/05\/54478952668_3405444c1e_c.jpg\",\"contentUrl\":\"https:\/\/swimchannel.net\/br\/wp-content\/uploads\/2025\/05\/54478952668_3405444c1e_c.jpg\",\"width\":799,\"height\":533},{\"@type\":\"BreadcrumbList\",\"@id\":\"https:\/\/swimchannel.net\/br\/e-se-os-campeoes-do-trofeu-maria-lenk-nadassem-no-tyr-pro-swim-series-de-fort-lauderdale\/#breadcrumb\",\"itemListElement\":[{\"@type\":\"ListItem\",\"position\":1,\"name\":\"Home\",\"item\":\"https:\/\/swimchannel.net\/br\/\"},{\"@type\":\"ListItem\",\"position\":2,\"name\":\"E se os campe\u00f5es do Trof\u00e9u Maria Lenk nadassem no TYR Pro Swim S\u00e9ries de Fort Lauderdale&#8230;\"}]},{\"@type\":\"WebSite\",\"@id\":\"https:\/\/swimchannel.net\/br\/#website\",\"url\":\"https:\/\/swimchannel.net\/br\/\",\"name\":\"Swimchannel\",\"description\":\"Maior portal de nata\u00e7\u00e3o da america latina\",\"publisher\":{\"@id\":\"https:\/\/swimchannel.net\/br\/#organization\"},\"potentialAction\":[{\"@type\":\"SearchAction\",\"target\":{\"@type\":\"EntryPoint\",\"urlTemplate\":\"https:\/\/swimchannel.net\/br\/?s={search_term_string}\"},\"query-input\":{\"@type\":\"PropertyValueSpecification\",\"valueRequired\":true,\"valueName\":\"search_term_string\"}}],\"inLanguage\":\"pt-BR\"},{\"@type\":\"Organization\",\"@id\":\"https:\/\/swimchannel.net\/br\/#organization\",\"name\":\"Swimchannel - Conectando voc\u00ea a Nata\u00e7\u00e3o\",\"url\":\"https:\/\/swimchannel.net\/br\/\",\"logo\":{\"@type\":\"ImageObject\",\"inLanguage\":\"pt-BR\",\"@id\":\"https:\/\/swimchannel.net\/br\/#\/schema\/logo\/image\/\",\"url\":\"https:\/\/swimchannel.net\/br\/wp-content\/uploads\/2026\/02\/SWIM-CHANNEL.png\",\"contentUrl\":\"https:\/\/swimchannel.net\/br\/wp-content\/uploads\/2026\/02\/SWIM-CHANNEL.png\",\"width\":1120,\"height\":630,\"caption\":\"Swimchannel - Conectando voc\u00ea a Nata\u00e7\u00e3o\"},\"image\":{\"@id\":\"https:\/\/swimchannel.net\/br\/#\/schema\/logo\/image\/\"},\"sameAs\":[\"https:\/\/www.facebook.com\/swimchannel\",\"https:\/\/www.instagram.com\/swimchannel\"]},{\"@type\":\"Person\",\"@id\":\"https:\/\/swimchannel.net\/br\/#\/schema\/person\/cf549cb99cf75592fcf7c76213385e63\",\"name\":\"Alex Pussieldi\",\"image\":{\"@type\":\"ImageObject\",\"inLanguage\":\"pt-BR\",\"@id\":\"https:\/\/swimchannel.net\/br\/#\/schema\/person\/image\/\",\"url\":\"https:\/\/swimchannel.net\/br\/wp-content\/uploads\/2021\/02\/9b1c252d-a4bd-4eda-b399-24565cac4114-100x100.jpg\",\"contentUrl\":\"https:\/\/swimchannel.net\/br\/wp-content\/uploads\/2021\/02\/9b1c252d-a4bd-4eda-b399-24565cac4114-100x100.jpg\",\"caption\":\"Alex Pussieldi\"},\"description\":\"Alexandre Pussieldi, apelidado de \u201ccoach\u201d, Foi t\u00e9cnico da sele\u00e7\u00e3o verde e amarela nas Olimp\u00edadas de Pequim-2008 e Londres-2012. O treinador ainda comandou outros quatro pa\u00edses: Kuwait, Paraguai, Aruba e Antilhas Holandesas, al\u00e9m da sele\u00e7\u00e3o americana de \u00e1guas abertas. Pussieldi tem passagens como comentarista de nata\u00e7\u00e3o do Grupo Globo e Swim Channel.\",\"url\":\"https:\/\/swimchannel.net\/br\/author\/alexpussieldi\/\"}]}<\/script>\n<!-- \/ Yoast SEO plugin. -->","yoast_head_json":{"title":"E se os campe\u00f5es do Trof\u00e9u Maria Lenk nadassem no TYR Pro Swim S\u00e9ries de Fort Lauderdale... - Swimchannel","robots":{"index":"index","follow":"follow","max-snippet":"max-snippet:-1","max-image-preview":"max-image-preview:large","max-video-preview":"max-video-preview:-1"},"canonical":"https:\/\/swimchannel.net\/br\/e-se-os-campeoes-do-trofeu-maria-lenk-nadassem-no-tyr-pro-swim-series-de-fort-lauderdale\/","og_locale":"pt_BR","og_type":"article","og_title":"E se os campe\u00f5es do Trof\u00e9u Maria Lenk nadassem no TYR Pro Swim S\u00e9ries de Fort Lauderdale... - Swimchannel","og_description":"Uma semana depois do Trof\u00e9u Maria Lenk no Rio de Janeiro a nata\u00e7\u00e3o mundial vibrou e celebrou a disputa do TYR Pro Swim Series em Fort Lauderdale, na Fl\u00f3rida, Estados Unidos. Para efeito de compara\u00e7\u00e3o e refer\u00eancia, a Best Swimming fez a compara\u00e7\u00e3o trazendo todos os tempos dos nadadores campe\u00f5es das 34 provas individuais (17 [&hellip;]","og_url":"https:\/\/swimchannel.net\/br\/e-se-os-campeoes-do-trofeu-maria-lenk-nadassem-no-tyr-pro-swim-series-de-fort-lauderdale\/","og_site_name":"Swimchannel","article_publisher":"https:\/\/www.facebook.com\/swimchannel","article_published_time":"2025-05-05T11:40:55+00:00","og_image":[{"width":799,"height":533,"url":"https:\/\/swimchannel.net\/br\/wp-content\/uploads\/2025\/05\/54478952668_3405444c1e_c.jpg","type":"image\/jpeg"}],"author":"Alex Pussieldi","twitter_card":"summary_large_image","twitter_misc":{"Escrito por":"Alex Pussieldi","Est. tempo de leitura":"1 minuto"},"schema":{"@context":"https:\/\/schema.org","@graph":[{"@type":"Article","@id":"https:\/\/swimchannel.net\/br\/e-se-os-campeoes-do-trofeu-maria-lenk-nadassem-no-tyr-pro-swim-series-de-fort-lauderdale\/#article","isPartOf":{"@id":"https:\/\/swimchannel.net\/br\/e-se-os-campeoes-do-trofeu-maria-lenk-nadassem-no-tyr-pro-swim-series-de-fort-lauderdale\/"},"author":{"name":"Alex Pussieldi","@id":"https:\/\/swimchannel.net\/br\/#\/schema\/person\/cf549cb99cf75592fcf7c76213385e63"},"headline":"E se os campe\u00f5es do Trof\u00e9u Maria Lenk nadassem no TYR Pro Swim S\u00e9ries de Fort Lauderdale&#8230;","datePublished":"2025-05-05T11:40:55+00:00","mainEntityOfPage":{"@id":"https:\/\/swimchannel.net\/br\/e-se-os-campeoes-do-trofeu-maria-lenk-nadassem-no-tyr-pro-swim-series-de-fort-lauderdale\/"},"wordCount":233,"commentCount":0,"publisher":{"@id":"https:\/\/swimchannel.net\/br\/#organization"},"image":{"@id":"https:\/\/swimchannel.net\/br\/e-se-os-campeoes-do-trofeu-maria-lenk-nadassem-no-tyr-pro-swim-series-de-fort-lauderdale\/#primaryimage"},"thumbnailUrl":"https:\/\/swimchannel.net\/br\/wp-content\/uploads\/2025\/05\/54478952668_3405444c1e_c.jpg","keywords":["natacao"],"articleSection":["Nata\u00e7\u00e3o","\u00daltimas Not\u00edcias"],"inLanguage":"pt-BR","potentialAction":[{"@type":"CommentAction","name":"Comment","target":["https:\/\/swimchannel.net\/br\/e-se-os-campeoes-do-trofeu-maria-lenk-nadassem-no-tyr-pro-swim-series-de-fort-lauderdale\/#respond"]}]},{"@type":"WebPage","@id":"https:\/\/swimchannel.net\/br\/e-se-os-campeoes-do-trofeu-maria-lenk-nadassem-no-tyr-pro-swim-series-de-fort-lauderdale\/","url":"https:\/\/swimchannel.net\/br\/e-se-os-campeoes-do-trofeu-maria-lenk-nadassem-no-tyr-pro-swim-series-de-fort-lauderdale\/","name":"E se os campe\u00f5es do Trof\u00e9u Maria Lenk nadassem no TYR Pro Swim S\u00e9ries de Fort Lauderdale... - Swimchannel","isPartOf":{"@id":"https:\/\/swimchannel.net\/br\/#website"},"primaryImageOfPage":{"@id":"https:\/\/swimchannel.net\/br\/e-se-os-campeoes-do-trofeu-maria-lenk-nadassem-no-tyr-pro-swim-series-de-fort-lauderdale\/#primaryimage"},"image":{"@id":"https:\/\/swimchannel.net\/br\/e-se-os-campeoes-do-trofeu-maria-lenk-nadassem-no-tyr-pro-swim-series-de-fort-lauderdale\/#primaryimage"},"thumbnailUrl":"https:\/\/swimchannel.net\/br\/wp-content\/uploads\/2025\/05\/54478952668_3405444c1e_c.jpg","datePublished":"2025-05-05T11:40:55+00:00","breadcrumb":{"@id":"https:\/\/swimchannel.net\/br\/e-se-os-campeoes-do-trofeu-maria-lenk-nadassem-no-tyr-pro-swim-series-de-fort-lauderdale\/#breadcrumb"},"inLanguage":"pt-BR","potentialAction":[{"@type":"ReadAction","target":["https:\/\/swimchannel.net\/br\/e-se-os-campeoes-do-trofeu-maria-lenk-nadassem-no-tyr-pro-swim-series-de-fort-lauderdale\/"]}]},{"@type":"ImageObject","inLanguage":"pt-BR","@id":"https:\/\/swimchannel.net\/br\/e-se-os-campeoes-do-trofeu-maria-lenk-nadassem-no-tyr-pro-swim-series-de-fort-lauderdale\/#primaryimage","url":"https:\/\/swimchannel.net\/br\/wp-content\/uploads\/2025\/05\/54478952668_3405444c1e_c.jpg","contentUrl":"https:\/\/swimchannel.net\/br\/wp-content\/uploads\/2025\/05\/54478952668_3405444c1e_c.jpg","width":799,"height":533},{"@type":"BreadcrumbList","@id":"https:\/\/swimchannel.net\/br\/e-se-os-campeoes-do-trofeu-maria-lenk-nadassem-no-tyr-pro-swim-series-de-fort-lauderdale\/#breadcrumb","itemListElement":[{"@type":"ListItem","position":1,"name":"Home","item":"https:\/\/swimchannel.net\/br\/"},{"@type":"ListItem","position":2,"name":"E se os campe\u00f5es do Trof\u00e9u Maria Lenk nadassem no TYR Pro Swim S\u00e9ries de Fort Lauderdale&#8230;"}]},{"@type":"WebSite","@id":"https:\/\/swimchannel.net\/br\/#website","url":"https:\/\/swimchannel.net\/br\/","name":"Swimchannel","description":"Maior portal de nata\u00e7\u00e3o da america latina","publisher":{"@id":"https:\/\/swimchannel.net\/br\/#organization"},"potentialAction":[{"@type":"SearchAction","target":{"@type":"EntryPoint","urlTemplate":"https:\/\/swimchannel.net\/br\/?s={search_term_string}"},"query-input":{"@type":"PropertyValueSpecification","valueRequired":true,"valueName":"search_term_string"}}],"inLanguage":"pt-BR"},{"@type":"Organization","@id":"https:\/\/swimchannel.net\/br\/#organization","name":"Swimchannel - Conectando voc\u00ea a Nata\u00e7\u00e3o","url":"https:\/\/swimchannel.net\/br\/","logo":{"@type":"ImageObject","inLanguage":"pt-BR","@id":"https:\/\/swimchannel.net\/br\/#\/schema\/logo\/image\/","url":"https:\/\/swimchannel.net\/br\/wp-content\/uploads\/2026\/02\/SWIM-CHANNEL.png","contentUrl":"https:\/\/swimchannel.net\/br\/wp-content\/uploads\/2026\/02\/SWIM-CHANNEL.png","width":1120,"height":630,"caption":"Swimchannel - Conectando voc\u00ea a Nata\u00e7\u00e3o"},"image":{"@id":"https:\/\/swimchannel.net\/br\/#\/schema\/logo\/image\/"},"sameAs":["https:\/\/www.facebook.com\/swimchannel","https:\/\/www.instagram.com\/swimchannel"]},{"@type":"Person","@id":"https:\/\/swimchannel.net\/br\/#\/schema\/person\/cf549cb99cf75592fcf7c76213385e63","name":"Alex Pussieldi","image":{"@type":"ImageObject","inLanguage":"pt-BR","@id":"https:\/\/swimchannel.net\/br\/#\/schema\/person\/image\/","url":"https:\/\/swimchannel.net\/br\/wp-content\/uploads\/2021\/02\/9b1c252d-a4bd-4eda-b399-24565cac4114-100x100.jpg","contentUrl":"https:\/\/swimchannel.net\/br\/wp-content\/uploads\/2021\/02\/9b1c252d-a4bd-4eda-b399-24565cac4114-100x100.jpg","caption":"Alex Pussieldi"},"description":"Alexandre Pussieldi, apelidado de \u201ccoach\u201d, Foi t\u00e9cnico da sele\u00e7\u00e3o verde e amarela nas Olimp\u00edadas de Pequim-2008 e Londres-2012. O treinador ainda comandou outros quatro pa\u00edses: Kuwait, Paraguai, Aruba e Antilhas Holandesas, al\u00e9m da sele\u00e7\u00e3o americana de \u00e1guas abertas. Pussieldi tem passagens como comentarista de nata\u00e7\u00e3o do Grupo Globo e Swim Channel.","url":"https:\/\/swimchannel.net\/br\/author\/alexpussieldi\/"}]}},"_links":{"self":[{"href":"https:\/\/swimchannel.net\/br\/wp-json\/wp\/v2\/posts\/73375","targetHints":{"allow":["GET"]}}],"collection":[{"href":"https:\/\/swimchannel.net\/br\/wp-json\/wp\/v2\/posts"}],"about":[{"href":"https:\/\/swimchannel.net\/br\/wp-json\/wp\/v2\/types\/post"}],"author":[{"embeddable":true,"href":"https:\/\/swimchannel.net\/br\/wp-json\/wp\/v2\/users\/12"}],"replies":[{"embeddable":true,"href":"https:\/\/swimchannel.net\/br\/wp-json\/wp\/v2\/comments?post=73375"}],"version-history":[{"count":1,"href":"https:\/\/swimchannel.net\/br\/wp-json\/wp\/v2\/posts\/73375\/revisions"}],"predecessor-version":[{"id":73379,"href":"https:\/\/swimchannel.net\/br\/wp-json\/wp\/v2\/posts\/73375\/revisions\/73379"}],"wp:featuredmedia":[{"embeddable":true,"href":"https:\/\/swimchannel.net\/br\/wp-json\/wp\/v2\/media\/73378"}],"wp:attachment":[{"href":"https:\/\/swimchannel.net\/br\/wp-json\/wp\/v2\/media?parent=73375"}],"wp:term":[{"taxonomy":"category","embeddable":true,"href":"https:\/\/swimchannel.net\/br\/wp-json\/wp\/v2\/categories?post=73375"},{"taxonomy":"post_tag","embeddable":true,"href":"https:\/\/swimchannel.net\/br\/wp-json\/wp\/v2\/tags?post=73375"}],"curies":[{"name":"wp","href":"https:\/\/api.w.org\/{rel}","templated":true}]}}