{"id":73540,"date":"2025-05-12T16:41:34","date_gmt":"2025-05-12T19:41:34","guid":{"rendered":"https:\/\/swimchannel.net\/br\/?p=73540"},"modified":"2025-05-12T16:41:34","modified_gmt":"2025-05-12T19:41:34","slug":"brasil-inicia-participacao-no-campeonato-pan-americano-de-esportes-aquaticos-de-medellin","status":"publish","type":"post","link":"https:\/\/swimchannel.net\/br\/brasil-inicia-participacao-no-campeonato-pan-americano-de-esportes-aquaticos-de-medellin\/","title":{"rendered":"Brasil inicia participa\u00e7\u00e3o no Campeonato Pan-Americano de Esportes Aqu\u00e1ticos de Medellin"},"content":{"rendered":"<p>(Rio de Janeiro, 12 de maio de 2025) O Brasil inicia, nesta ter\u00e7a-feira (13), sua participa\u00e7\u00e3o no Campeonato Pan-Americano de Esportes Aqu\u00e1ticos. A competi\u00e7\u00e3o ser\u00e1 disputada em Medellin, na Col\u00f4mbia, e ser\u00e1 seletiva para outros eventos internacionais nesta temporada.<\/p>\n<p>&nbsp;<\/p>\n<p>A delega\u00e7\u00e3o brasileira ser\u00e1 composta por mais de 80 pessoas entre atletas e membros das comiss\u00f5es t\u00e9cnicas. O Brasil ser\u00e1 representado no Nado Art\u00edstico, Saltos Ornamentais, \u00c1guas Abertas e Polo Aqu\u00e1tico. A sele\u00e7\u00e3o brasileira de Nata\u00e7\u00e3o n\u00e3o participar\u00e1 do evento para oportunizar outras competi\u00e7\u00f5es na temporada.<\/p>\n<p>&nbsp;<\/p>\n<p><strong>Calend\u00e1rio de competi\u00e7\u00f5es:<\/strong><\/p>\n<p>Saltos Ornamentais: 13 a 17 de maio<\/p>\n<p>Nado Art\u00edstico: 17 a 20 de maio<\/p>\n<p>\u00c1guas Abertas: 21 a 23 de maio<\/p>\n<p>Polo Aqu\u00e1tico: 19 a 25 de maio<\/p>\n<p>&nbsp;<\/p>\n<p><strong>O que vale?<\/strong><\/p>\n<p>O Campeonato Pan-Americano de Esportes Aqu\u00e1ticos ser\u00e1 seletiva para outras competi\u00e7\u00f5es na temporada. Para o Nado Art\u00edstico, Saltos Ornamentais e \u00c1guas Abertas, o Pan-Americano de Medellin ser\u00e1 classificat\u00f3rio para os Jogos Pan-Americanos Junior de Assun\u00e7\u00e3o. J\u00e1 para o Polo Aqu\u00e1tico ser\u00e1 seletiva para os Mundiais da categoria que ser\u00e3o em 2026.<\/p>\n<p>&nbsp;<\/p>\n<p>As informa\u00e7\u00f5es e resultados estar\u00e3o dispon\u00edveis neste site: <a href=\"https:\/\/fecna.com.co\/campeonato\/panam-aquatics\/\">https:\/\/fecna.com.co\/campeonato\/panam-aquatics\/<\/a><\/p>\n<p>Fonte CBDA<\/p>\n<p>Mat\u00e9ria original: <a href=\"https:\/\/www.cbda.org.br\/noticia\/21082\/brasil-inicia-participacao-no-campeonato-pan-americano-de-esportes-aquaticos-de-medellin\">https:\/\/www.cbda.org.br\/noticia\/21082\/brasil-inicia-participacao-no-campeonato-pan-americano-de-esportes-aquaticos-de-medellin<\/a><\/p>\n<p>&nbsp;<\/p>\n<p>Gostaria de receber as not\u00edcias de nata\u00e7\u00e3o e \u00e1guas abertas no seu email?<\/p>\n<p><a href=\"https:\/\/lpa.nitro.news\/n-GNe\/ultimas-noticias-swim-channel\">Cadastre-se aqui<\/a><\/p>\n","protected":false},"excerpt":{"rendered":"<p>(Rio de Janeiro, 12 de maio de 2025) O Brasil inicia, nesta ter\u00e7a-feira (13), sua participa\u00e7\u00e3o no Campeonato Pan-Americano de Esportes Aqu\u00e1ticos. A competi\u00e7\u00e3o ser\u00e1 disputada em Medellin, na Col\u00f4mbia, e ser\u00e1 seletiva para outros eventos internacionais nesta temporada. &nbsp; A delega\u00e7\u00e3o brasileira ser\u00e1 composta por mais de 80 pessoas entre atletas e membros das [&hellip;]<\/p>\n","protected":false},"author":2,"featured_media":73541,"comment_status":"open","ping_status":"open","sticky":false,"template":"","format":"standard","meta":{"footnotes":""},"categories":[137,2576],"tags":[6449,5],"class_list":["post-73540","post","type-post","status-publish","format-standard","has-post-thumbnail","hentry","category-natacao","category-ultimas-noticias","tag-campeonato-pan-americano-de-esportes-aquaticos-de-medellin-2025","tag-natacao"],"yoast_head":"<!-- This site is optimized with the Yoast SEO plugin v27.0 - https:\/\/yoast.com\/product\/yoast-seo-wordpress\/ -->\n<title>Brasil inicia participa\u00e7\u00e3o no Campeonato Pan-Americano de Esportes Aqu\u00e1ticos de Medellin - Swimchannel<\/title>\n<meta name=\"robots\" content=\"index, follow, max-snippet:-1, max-image-preview:large, max-video-preview:-1\" \/>\n<link rel=\"canonical\" href=\"https:\/\/swimchannel.net\/br\/brasil-inicia-participacao-no-campeonato-pan-americano-de-esportes-aquaticos-de-medellin\/\" \/>\n<meta property=\"og:locale\" content=\"pt_BR\" \/>\n<meta property=\"og:type\" content=\"article\" \/>\n<meta property=\"og:title\" content=\"Brasil inicia participa\u00e7\u00e3o no Campeonato Pan-Americano de Esportes Aqu\u00e1ticos de Medellin - Swimchannel\" \/>\n<meta property=\"og:description\" content=\"(Rio de Janeiro, 12 de maio de 2025) O Brasil inicia, nesta ter\u00e7a-feira (13), sua participa\u00e7\u00e3o no Campeonato Pan-Americano de Esportes Aqu\u00e1ticos. A competi\u00e7\u00e3o ser\u00e1 disputada em Medellin, na Col\u00f4mbia, e ser\u00e1 seletiva para outros eventos internacionais nesta temporada. &nbsp; A delega\u00e7\u00e3o brasileira ser\u00e1 composta por mais de 80 pessoas entre atletas e membros das [&hellip;]\" \/>\n<meta property=\"og:url\" content=\"https:\/\/swimchannel.net\/br\/brasil-inicia-participacao-no-campeonato-pan-americano-de-esportes-aquaticos-de-medellin\/\" \/>\n<meta property=\"og:site_name\" content=\"Swimchannel\" \/>\n<meta property=\"article:publisher\" content=\"https:\/\/www.facebook.com\/swimchannel\" \/>\n<meta property=\"article:published_time\" content=\"2025-05-12T19:41:34+00:00\" \/>\n<meta property=\"og:image\" content=\"https:\/\/swimchannel.net\/br\/wp-content\/uploads\/2025\/05\/ntc_1747052133.jpeg\" \/>\n\t<meta property=\"og:image:width\" content=\"821\" \/>\n\t<meta property=\"og:image:height\" content=\"999\" \/>\n\t<meta property=\"og:image:type\" content=\"image\/jpeg\" \/>\n<meta name=\"author\" content=\"SwimChannel\" \/>\n<meta name=\"twitter:card\" content=\"summary_large_image\" \/>\n<meta name=\"twitter:label1\" content=\"Escrito por\" \/>\n\t<meta name=\"twitter:data1\" content=\"SwimChannel\" \/>\n\t<meta name=\"twitter:label2\" content=\"Est. tempo de leitura\" \/>\n\t<meta name=\"twitter:data2\" content=\"1 minuto\" \/>\n<script type=\"application\/ld+json\" class=\"yoast-schema-graph\">{\"@context\":\"https:\/\/schema.org\",\"@graph\":[{\"@type\":\"Article\",\"@id\":\"https:\/\/swimchannel.net\/br\/brasil-inicia-participacao-no-campeonato-pan-americano-de-esportes-aquaticos-de-medellin\/#article\",\"isPartOf\":{\"@id\":\"https:\/\/swimchannel.net\/br\/brasil-inicia-participacao-no-campeonato-pan-americano-de-esportes-aquaticos-de-medellin\/\"},\"author\":{\"name\":\"SwimChannel\",\"@id\":\"https:\/\/swimchannel.net\/br\/#\/schema\/person\/8b903436c3c0b427a4ec3402a0579c30\"},\"headline\":\"Brasil inicia participa\u00e7\u00e3o no Campeonato Pan-Americano de Esportes Aqu\u00e1ticos de Medellin\",\"datePublished\":\"2025-05-12T19:41:34+00:00\",\"mainEntityOfPage\":{\"@id\":\"https:\/\/swimchannel.net\/br\/brasil-inicia-participacao-no-campeonato-pan-americano-de-esportes-aquaticos-de-medellin\/\"},\"wordCount\":246,\"commentCount\":0,\"publisher\":{\"@id\":\"https:\/\/swimchannel.net\/br\/#organization\"},\"image\":{\"@id\":\"https:\/\/swimchannel.net\/br\/brasil-inicia-participacao-no-campeonato-pan-americano-de-esportes-aquaticos-de-medellin\/#primaryimage\"},\"thumbnailUrl\":\"https:\/\/swimchannel.net\/br\/wp-content\/uploads\/2025\/05\/ntc_1747052133.jpeg\",\"keywords\":[\"campeonato pan-americano de esportes aqu\u00e1ticos de Medell\u00edn 2025\",\"natacao\"],\"articleSection\":[\"Nata\u00e7\u00e3o\",\"\u00daltimas Not\u00edcias\"],\"inLanguage\":\"pt-BR\",\"potentialAction\":[{\"@type\":\"CommentAction\",\"name\":\"Comment\",\"target\":[\"https:\/\/swimchannel.net\/br\/brasil-inicia-participacao-no-campeonato-pan-americano-de-esportes-aquaticos-de-medellin\/#respond\"]}]},{\"@type\":\"WebPage\",\"@id\":\"https:\/\/swimchannel.net\/br\/brasil-inicia-participacao-no-campeonato-pan-americano-de-esportes-aquaticos-de-medellin\/\",\"url\":\"https:\/\/swimchannel.net\/br\/brasil-inicia-participacao-no-campeonato-pan-americano-de-esportes-aquaticos-de-medellin\/\",\"name\":\"Brasil inicia participa\u00e7\u00e3o no Campeonato Pan-Americano de Esportes Aqu\u00e1ticos de Medellin - Swimchannel\",\"isPartOf\":{\"@id\":\"https:\/\/swimchannel.net\/br\/#website\"},\"primaryImageOfPage\":{\"@id\":\"https:\/\/swimchannel.net\/br\/brasil-inicia-participacao-no-campeonato-pan-americano-de-esportes-aquaticos-de-medellin\/#primaryimage\"},\"image\":{\"@id\":\"https:\/\/swimchannel.net\/br\/brasil-inicia-participacao-no-campeonato-pan-americano-de-esportes-aquaticos-de-medellin\/#primaryimage\"},\"thumbnailUrl\":\"https:\/\/swimchannel.net\/br\/wp-content\/uploads\/2025\/05\/ntc_1747052133.jpeg\",\"datePublished\":\"2025-05-12T19:41:34+00:00\",\"breadcrumb\":{\"@id\":\"https:\/\/swimchannel.net\/br\/brasil-inicia-participacao-no-campeonato-pan-americano-de-esportes-aquaticos-de-medellin\/#breadcrumb\"},\"inLanguage\":\"pt-BR\",\"potentialAction\":[{\"@type\":\"ReadAction\",\"target\":[\"https:\/\/swimchannel.net\/br\/brasil-inicia-participacao-no-campeonato-pan-americano-de-esportes-aquaticos-de-medellin\/\"]}]},{\"@type\":\"ImageObject\",\"inLanguage\":\"pt-BR\",\"@id\":\"https:\/\/swimchannel.net\/br\/brasil-inicia-participacao-no-campeonato-pan-americano-de-esportes-aquaticos-de-medellin\/#primaryimage\",\"url\":\"https:\/\/swimchannel.net\/br\/wp-content\/uploads\/2025\/05\/ntc_1747052133.jpeg\",\"contentUrl\":\"https:\/\/swimchannel.net\/br\/wp-content\/uploads\/2025\/05\/ntc_1747052133.jpeg\",\"width\":821,\"height\":999},{\"@type\":\"BreadcrumbList\",\"@id\":\"https:\/\/swimchannel.net\/br\/brasil-inicia-participacao-no-campeonato-pan-americano-de-esportes-aquaticos-de-medellin\/#breadcrumb\",\"itemListElement\":[{\"@type\":\"ListItem\",\"position\":1,\"name\":\"Home\",\"item\":\"https:\/\/swimchannel.net\/br\/\"},{\"@type\":\"ListItem\",\"position\":2,\"name\":\"Brasil inicia participa\u00e7\u00e3o no Campeonato Pan-Americano de Esportes Aqu\u00e1ticos de Medellin\"}]},{\"@type\":\"WebSite\",\"@id\":\"https:\/\/swimchannel.net\/br\/#website\",\"url\":\"https:\/\/swimchannel.net\/br\/\",\"name\":\"Swimchannel\",\"description\":\"Maior portal de nata\u00e7\u00e3o da america latina\",\"publisher\":{\"@id\":\"https:\/\/swimchannel.net\/br\/#organization\"},\"potentialAction\":[{\"@type\":\"SearchAction\",\"target\":{\"@type\":\"EntryPoint\",\"urlTemplate\":\"https:\/\/swimchannel.net\/br\/?s={search_term_string}\"},\"query-input\":{\"@type\":\"PropertyValueSpecification\",\"valueRequired\":true,\"valueName\":\"search_term_string\"}}],\"inLanguage\":\"pt-BR\"},{\"@type\":\"Organization\",\"@id\":\"https:\/\/swimchannel.net\/br\/#organization\",\"name\":\"Swimchannel - Conectando voc\u00ea a Nata\u00e7\u00e3o\",\"url\":\"https:\/\/swimchannel.net\/br\/\",\"logo\":{\"@type\":\"ImageObject\",\"inLanguage\":\"pt-BR\",\"@id\":\"https:\/\/swimchannel.net\/br\/#\/schema\/logo\/image\/\",\"url\":\"https:\/\/swimchannel.net\/br\/wp-content\/uploads\/2026\/02\/SWIM-CHANNEL.png\",\"contentUrl\":\"https:\/\/swimchannel.net\/br\/wp-content\/uploads\/2026\/02\/SWIM-CHANNEL.png\",\"width\":1120,\"height\":630,\"caption\":\"Swimchannel - Conectando voc\u00ea a Nata\u00e7\u00e3o\"},\"image\":{\"@id\":\"https:\/\/swimchannel.net\/br\/#\/schema\/logo\/image\/\"},\"sameAs\":[\"https:\/\/www.facebook.com\/swimchannel\",\"https:\/\/www.instagram.com\/swimchannel\"]},{\"@type\":\"Person\",\"@id\":\"https:\/\/swimchannel.net\/br\/#\/schema\/person\/8b903436c3c0b427a4ec3402a0579c30\",\"name\":\"SwimChannel\",\"image\":{\"@type\":\"ImageObject\",\"inLanguage\":\"pt-BR\",\"@id\":\"https:\/\/swimchannel.net\/br\/#\/schema\/person\/image\/\",\"url\":\"https:\/\/swimchannel.net\/br\/wp-content\/uploads\/2021\/03\/SWIM-CHANNEL_JPG22-100x100.jpg\",\"contentUrl\":\"https:\/\/swimchannel.net\/br\/wp-content\/uploads\/2021\/03\/SWIM-CHANNEL_JPG22-100x100.jpg\",\"caption\":\"SwimChannel\"},\"url\":\"https:\/\/swimchannel.net\/br\/author\/swimchanneladmin\/\"}]}<\/script>\n<!-- \/ Yoast SEO plugin. -->","yoast_head_json":{"title":"Brasil inicia participa\u00e7\u00e3o no Campeonato Pan-Americano de Esportes Aqu\u00e1ticos de Medellin - Swimchannel","robots":{"index":"index","follow":"follow","max-snippet":"max-snippet:-1","max-image-preview":"max-image-preview:large","max-video-preview":"max-video-preview:-1"},"canonical":"https:\/\/swimchannel.net\/br\/brasil-inicia-participacao-no-campeonato-pan-americano-de-esportes-aquaticos-de-medellin\/","og_locale":"pt_BR","og_type":"article","og_title":"Brasil inicia participa\u00e7\u00e3o no Campeonato Pan-Americano de Esportes Aqu\u00e1ticos de Medellin - Swimchannel","og_description":"(Rio de Janeiro, 12 de maio de 2025) O Brasil inicia, nesta ter\u00e7a-feira (13), sua participa\u00e7\u00e3o no Campeonato Pan-Americano de Esportes Aqu\u00e1ticos. A competi\u00e7\u00e3o ser\u00e1 disputada em Medellin, na Col\u00f4mbia, e ser\u00e1 seletiva para outros eventos internacionais nesta temporada. &nbsp; A delega\u00e7\u00e3o brasileira ser\u00e1 composta por mais de 80 pessoas entre atletas e membros das [&hellip;]","og_url":"https:\/\/swimchannel.net\/br\/brasil-inicia-participacao-no-campeonato-pan-americano-de-esportes-aquaticos-de-medellin\/","og_site_name":"Swimchannel","article_publisher":"https:\/\/www.facebook.com\/swimchannel","article_published_time":"2025-05-12T19:41:34+00:00","og_image":[{"width":821,"height":999,"url":"https:\/\/swimchannel.net\/br\/wp-content\/uploads\/2025\/05\/ntc_1747052133.jpeg","type":"image\/jpeg"}],"author":"SwimChannel","twitter_card":"summary_large_image","twitter_misc":{"Escrito por":"SwimChannel","Est. tempo de leitura":"1 minuto"},"schema":{"@context":"https:\/\/schema.org","@graph":[{"@type":"Article","@id":"https:\/\/swimchannel.net\/br\/brasil-inicia-participacao-no-campeonato-pan-americano-de-esportes-aquaticos-de-medellin\/#article","isPartOf":{"@id":"https:\/\/swimchannel.net\/br\/brasil-inicia-participacao-no-campeonato-pan-americano-de-esportes-aquaticos-de-medellin\/"},"author":{"name":"SwimChannel","@id":"https:\/\/swimchannel.net\/br\/#\/schema\/person\/8b903436c3c0b427a4ec3402a0579c30"},"headline":"Brasil inicia participa\u00e7\u00e3o no Campeonato Pan-Americano de Esportes Aqu\u00e1ticos de Medellin","datePublished":"2025-05-12T19:41:34+00:00","mainEntityOfPage":{"@id":"https:\/\/swimchannel.net\/br\/brasil-inicia-participacao-no-campeonato-pan-americano-de-esportes-aquaticos-de-medellin\/"},"wordCount":246,"commentCount":0,"publisher":{"@id":"https:\/\/swimchannel.net\/br\/#organization"},"image":{"@id":"https:\/\/swimchannel.net\/br\/brasil-inicia-participacao-no-campeonato-pan-americano-de-esportes-aquaticos-de-medellin\/#primaryimage"},"thumbnailUrl":"https:\/\/swimchannel.net\/br\/wp-content\/uploads\/2025\/05\/ntc_1747052133.jpeg","keywords":["campeonato pan-americano de esportes aqu\u00e1ticos de Medell\u00edn 2025","natacao"],"articleSection":["Nata\u00e7\u00e3o","\u00daltimas Not\u00edcias"],"inLanguage":"pt-BR","potentialAction":[{"@type":"CommentAction","name":"Comment","target":["https:\/\/swimchannel.net\/br\/brasil-inicia-participacao-no-campeonato-pan-americano-de-esportes-aquaticos-de-medellin\/#respond"]}]},{"@type":"WebPage","@id":"https:\/\/swimchannel.net\/br\/brasil-inicia-participacao-no-campeonato-pan-americano-de-esportes-aquaticos-de-medellin\/","url":"https:\/\/swimchannel.net\/br\/brasil-inicia-participacao-no-campeonato-pan-americano-de-esportes-aquaticos-de-medellin\/","name":"Brasil inicia participa\u00e7\u00e3o no Campeonato Pan-Americano de Esportes Aqu\u00e1ticos de Medellin - Swimchannel","isPartOf":{"@id":"https:\/\/swimchannel.net\/br\/#website"},"primaryImageOfPage":{"@id":"https:\/\/swimchannel.net\/br\/brasil-inicia-participacao-no-campeonato-pan-americano-de-esportes-aquaticos-de-medellin\/#primaryimage"},"image":{"@id":"https:\/\/swimchannel.net\/br\/brasil-inicia-participacao-no-campeonato-pan-americano-de-esportes-aquaticos-de-medellin\/#primaryimage"},"thumbnailUrl":"https:\/\/swimchannel.net\/br\/wp-content\/uploads\/2025\/05\/ntc_1747052133.jpeg","datePublished":"2025-05-12T19:41:34+00:00","breadcrumb":{"@id":"https:\/\/swimchannel.net\/br\/brasil-inicia-participacao-no-campeonato-pan-americano-de-esportes-aquaticos-de-medellin\/#breadcrumb"},"inLanguage":"pt-BR","potentialAction":[{"@type":"ReadAction","target":["https:\/\/swimchannel.net\/br\/brasil-inicia-participacao-no-campeonato-pan-americano-de-esportes-aquaticos-de-medellin\/"]}]},{"@type":"ImageObject","inLanguage":"pt-BR","@id":"https:\/\/swimchannel.net\/br\/brasil-inicia-participacao-no-campeonato-pan-americano-de-esportes-aquaticos-de-medellin\/#primaryimage","url":"https:\/\/swimchannel.net\/br\/wp-content\/uploads\/2025\/05\/ntc_1747052133.jpeg","contentUrl":"https:\/\/swimchannel.net\/br\/wp-content\/uploads\/2025\/05\/ntc_1747052133.jpeg","width":821,"height":999},{"@type":"BreadcrumbList","@id":"https:\/\/swimchannel.net\/br\/brasil-inicia-participacao-no-campeonato-pan-americano-de-esportes-aquaticos-de-medellin\/#breadcrumb","itemListElement":[{"@type":"ListItem","position":1,"name":"Home","item":"https:\/\/swimchannel.net\/br\/"},{"@type":"ListItem","position":2,"name":"Brasil inicia participa\u00e7\u00e3o no Campeonato Pan-Americano de Esportes Aqu\u00e1ticos de Medellin"}]},{"@type":"WebSite","@id":"https:\/\/swimchannel.net\/br\/#website","url":"https:\/\/swimchannel.net\/br\/","name":"Swimchannel","description":"Maior portal de nata\u00e7\u00e3o da america latina","publisher":{"@id":"https:\/\/swimchannel.net\/br\/#organization"},"potentialAction":[{"@type":"SearchAction","target":{"@type":"EntryPoint","urlTemplate":"https:\/\/swimchannel.net\/br\/?s={search_term_string}"},"query-input":{"@type":"PropertyValueSpecification","valueRequired":true,"valueName":"search_term_string"}}],"inLanguage":"pt-BR"},{"@type":"Organization","@id":"https:\/\/swimchannel.net\/br\/#organization","name":"Swimchannel - Conectando voc\u00ea a Nata\u00e7\u00e3o","url":"https:\/\/swimchannel.net\/br\/","logo":{"@type":"ImageObject","inLanguage":"pt-BR","@id":"https:\/\/swimchannel.net\/br\/#\/schema\/logo\/image\/","url":"https:\/\/swimchannel.net\/br\/wp-content\/uploads\/2026\/02\/SWIM-CHANNEL.png","contentUrl":"https:\/\/swimchannel.net\/br\/wp-content\/uploads\/2026\/02\/SWIM-CHANNEL.png","width":1120,"height":630,"caption":"Swimchannel - Conectando voc\u00ea a Nata\u00e7\u00e3o"},"image":{"@id":"https:\/\/swimchannel.net\/br\/#\/schema\/logo\/image\/"},"sameAs":["https:\/\/www.facebook.com\/swimchannel","https:\/\/www.instagram.com\/swimchannel"]},{"@type":"Person","@id":"https:\/\/swimchannel.net\/br\/#\/schema\/person\/8b903436c3c0b427a4ec3402a0579c30","name":"SwimChannel","image":{"@type":"ImageObject","inLanguage":"pt-BR","@id":"https:\/\/swimchannel.net\/br\/#\/schema\/person\/image\/","url":"https:\/\/swimchannel.net\/br\/wp-content\/uploads\/2021\/03\/SWIM-CHANNEL_JPG22-100x100.jpg","contentUrl":"https:\/\/swimchannel.net\/br\/wp-content\/uploads\/2021\/03\/SWIM-CHANNEL_JPG22-100x100.jpg","caption":"SwimChannel"},"url":"https:\/\/swimchannel.net\/br\/author\/swimchanneladmin\/"}]}},"_links":{"self":[{"href":"https:\/\/swimchannel.net\/br\/wp-json\/wp\/v2\/posts\/73540","targetHints":{"allow":["GET"]}}],"collection":[{"href":"https:\/\/swimchannel.net\/br\/wp-json\/wp\/v2\/posts"}],"about":[{"href":"https:\/\/swimchannel.net\/br\/wp-json\/wp\/v2\/types\/post"}],"author":[{"embeddable":true,"href":"https:\/\/swimchannel.net\/br\/wp-json\/wp\/v2\/users\/2"}],"replies":[{"embeddable":true,"href":"https:\/\/swimchannel.net\/br\/wp-json\/wp\/v2\/comments?post=73540"}],"version-history":[{"count":1,"href":"https:\/\/swimchannel.net\/br\/wp-json\/wp\/v2\/posts\/73540\/revisions"}],"predecessor-version":[{"id":73542,"href":"https:\/\/swimchannel.net\/br\/wp-json\/wp\/v2\/posts\/73540\/revisions\/73542"}],"wp:featuredmedia":[{"embeddable":true,"href":"https:\/\/swimchannel.net\/br\/wp-json\/wp\/v2\/media\/73541"}],"wp:attachment":[{"href":"https:\/\/swimchannel.net\/br\/wp-json\/wp\/v2\/media?parent=73540"}],"wp:term":[{"taxonomy":"category","embeddable":true,"href":"https:\/\/swimchannel.net\/br\/wp-json\/wp\/v2\/categories?post=73540"},{"taxonomy":"post_tag","embeddable":true,"href":"https:\/\/swimchannel.net\/br\/wp-json\/wp\/v2\/tags?post=73540"}],"curies":[{"name":"wp","href":"https:\/\/api.w.org\/{rel}","templated":true}]}}