{"id":73637,"date":"2025-05-20T22:00:21","date_gmt":"2025-05-21T01:00:21","guid":{"rendered":"https:\/\/swimchannel.net\/br\/?p=73637"},"modified":"2025-06-27T18:29:38","modified_gmt":"2025-06-27T21:29:38","slug":"travessia-de-copa-revive-tradicao-de-prova-entre-o-fortes-no-rio","status":"publish","type":"post","link":"https:\/\/swimchannel.net\/br\/travessia-de-copa-revive-tradicao-de-prova-entre-o-fortes-no-rio\/","title":{"rendered":"Travessia de Copa revive tradi\u00e7\u00e3o de prova entre o Fortes no Rio"},"content":{"rendered":"<p data-start=\"369\" data-end=\"648\">Uma dos percursos de nata\u00e7\u00e3o em \u00e1guas abertas mais ic\u00f4nicos do cen\u00e1rio nacional est\u00e1 de volta. No dia 31 de agosto de 2025, o Rio de Janeiro ser\u00e1 palco da Travessia de Copa, uma travessia que conecta dois s\u00edmbolos da cidade: o Forte de Copacabana e o Forte do Leme. Parte do calend\u00e1rio do Circuito Aqua, que j\u00e1 teve a volta do Parcel como primeira etapa deste ano, o evento promete reunir centenas de atletas com dois percursos e uma experi\u00eancia \u00fanica entre as belezas da orla carioca. As inscri\u00e7\u00f5es j\u00e1 est\u00e3o abertas aqui: <a class=\"\" href=\"https:\/\/runningland.com.br\/travessia-de-copa\" target=\"_new\" rel=\"noopener\" data-start=\"890\" data-end=\"982\">https:\/\/runningland.com.br\/travessia-de-copa<\/a>.<\/p>\n<p data-start=\"1031\" data-end=\"1393\">Com dist\u00e2ncias de 1,5km e 3,8km, a Travessia de Copa \u00e9 voltada tanto para iniciantes quanto para atletas mais experientes. O percurso de 1,5km ter\u00e1 largada e chegada na Praia do Leme, na altura da Pra\u00e7a Almirante J\u00falio de Noronha, \u00e0s 08h45. J\u00e1 os participantes da prova de 3,8km largam do Posto 6, em Copacabana, \u00e0s 09h00, e nadam at\u00e9 o Leme.<\/p>\n<figure id=\"attachment_73639\" aria-describedby=\"caption-attachment-73639\" style=\"width: 1920px\" class=\"wp-caption alignnone\"><img loading=\"lazy\" decoding=\"async\" class=\"size-full wp-image-73639\" src=\"https:\/\/swimchannel.net\/br\/wp-content\/uploads\/2025\/05\/MAPA_SITE_GIF.gif\" alt=\"\" width=\"1920\" height=\"647\" \/><figcaption id=\"caption-attachment-73639\" class=\"wp-caption-text\">Travessia de Copa. Foto: Divulga\u00e7\u00e3o<\/figcaption><\/figure>\n<p data-start=\"1622\" data-end=\"1960\">Os atletas inscritos recebem um kit composto por camiseta, sacola, touca e medalha (p\u00f3s-prova). O valor promocional da inscri\u00e7\u00e3o \u00e9 de R$ 159,90 (de R$ 299,00), variando conforme a dist\u00e2ncia escolhida. H\u00e1 ainda 50% de desconto autom\u00e1tico para idosos, estudantes e pessoas com defici\u00eancia (PCDs), v\u00e1lido para o kit participa\u00e7\u00e3o.<\/p>\n<p data-start=\"1962\" data-end=\"2103\">A inscri\u00e7\u00e3o \u00e9 individual e intransfer\u00edvel, e a retirada dos kits acontecer\u00e1 em local e hor\u00e1rio a serem divulgados no site da organiza\u00e7\u00e3o.<\/p>\n<figure id=\"attachment_73638\" aria-describedby=\"caption-attachment-73638\" style=\"width: 600px\" class=\"wp-caption alignnone\"><img loading=\"lazy\" decoding=\"async\" class=\"size-full wp-image-73638\" src=\"https:\/\/swimchannel.net\/br\/wp-content\/uploads\/2025\/05\/akit-basico-travessia-de-copa.png\" alt=\"\" width=\"600\" height=\"600\" srcset=\"https:\/\/swimchannel.net\/br\/wp-content\/uploads\/2025\/05\/akit-basico-travessia-de-copa.png 600w, https:\/\/swimchannel.net\/br\/wp-content\/uploads\/2025\/05\/akit-basico-travessia-de-copa-180x180.png 180w, https:\/\/swimchannel.net\/br\/wp-content\/uploads\/2025\/05\/akit-basico-travessia-de-copa-75x75.png 75w\" sizes=\"auto, (max-width: 600px) 100vw, 600px\" \/><figcaption id=\"caption-attachment-73638\" class=\"wp-caption-text\">Kit Travessia de Copa. Foto: Divulga\u00e7\u00e3o<\/figcaption><\/figure>\n<p data-start=\"2141\" data-end=\"2354\">Palco de grandes disputas nacionais e internacionais, Copacabana \u00e9 muito mais do que um dos cart\u00f5es-postais do Rio de Janeiro, o local \u00e9 um verdadeiro santu\u00e1rio para os nadadores de \u00e1guas abertas. Ol\u00edmpico no Rio 2016, suas \u00e1guas s\u00e3o refer\u00eancia para atletas de elite e amadores apaixonados pela modalidade.<\/p>\n<p data-start=\"2141\" data-end=\"2354\">Veja mais sobre a prova aqui: <a href=\"https:\/\/www.circuitoaqua.com.br\/travessia-copa\/\">https:\/\/www.circuitoaqua.com.br\/travessia-copa\/\u00a0<\/a><\/p>\n<figure id=\"attachment_716\" aria-describedby=\"caption-attachment-716\" style=\"width: 1024px\" class=\"wp-caption alignnone\"><img loading=\"lazy\" decoding=\"async\" class=\"size-large wp-image-716\" src=\"https:\/\/swimchannel.net\/br\/wp-content\/uploads\/2015\/12\/copacabana-beach-rio-de-janeiro-1024x640.jpg\" alt=\"\" width=\"1024\" height=\"640\" srcset=\"https:\/\/swimchannel.net\/br\/wp-content\/uploads\/2015\/12\/copacabana-beach-rio-de-janeiro-1024x640.jpg 1024w, https:\/\/swimchannel.net\/br\/wp-content\/uploads\/2015\/12\/copacabana-beach-rio-de-janeiro-600x375.jpg 600w, https:\/\/swimchannel.net\/br\/wp-content\/uploads\/2015\/12\/copacabana-beach-rio-de-janeiro-300x188.jpg 300w, https:\/\/swimchannel.net\/br\/wp-content\/uploads\/2015\/12\/copacabana-beach-rio-de-janeiro-768x480.jpg 768w\" sizes=\"auto, (max-width: 1024px) 100vw, 1024px\" \/><figcaption id=\"caption-attachment-716\" class=\"wp-caption-text\">Vista da Praia de Copacabana, a praia ol\u00edmpica &#8211; Foto: Internet\/Reprodu\u00e7\u00e3o<\/figcaption><\/figure>\n<p>Gostaria de receber as not\u00edcias de nata\u00e7\u00e3o e \u00e1guas abertas no seu email?<\/p>\n<p><a href=\"https:\/\/lpa.nitro.news\/n-GNe\/ultimas-noticias-swim-channel\">Cadastre-se<\/a><\/p>\n","protected":false},"excerpt":{"rendered":"<p>Uma dos percursos de nata\u00e7\u00e3o em \u00e1guas abertas mais ic\u00f4nicos do cen\u00e1rio nacional est\u00e1 de volta. No dia 31 de agosto de 2025, o Rio de Janeiro ser\u00e1 palco da Travessia de Copa, uma travessia que conecta dois s\u00edmbolos da cidade: o Forte de Copacabana e o Forte do Leme. Parte do calend\u00e1rio do Circuito [&hellip;]<\/p>\n","protected":false},"author":9,"featured_media":73640,"comment_status":"open","ping_status":"open","sticky":false,"template":"","format":"gallery","meta":{"footnotes":""},"categories":[115],"tags":[14,237,5,207,6455],"class_list":["post-73637","post","type-post","status-publish","format-gallery","has-post-thumbnail","hentry","category-aguas-abertas","tag-aguas-abertas","tag-copacabana","tag-natacao","tag-rio-de-janeiro","tag-travessia-de-copa","post_format-post-format-gallery"],"yoast_head":"<!-- This site is optimized with the Yoast SEO plugin v27.0 - https:\/\/yoast.com\/product\/yoast-seo-wordpress\/ -->\n<title>Travessia de Copa revive tradi\u00e7\u00e3o de prova entre o Fortes no Rio - Swimchannel<\/title>\n<meta name=\"robots\" content=\"index, follow, max-snippet:-1, max-image-preview:large, max-video-preview:-1\" \/>\n<link rel=\"canonical\" href=\"https:\/\/swimchannel.net\/br\/travessia-de-copa-revive-tradicao-de-prova-entre-o-fortes-no-rio\/\" \/>\n<meta property=\"og:locale\" content=\"pt_BR\" \/>\n<meta property=\"og:type\" content=\"article\" \/>\n<meta property=\"og:title\" content=\"Travessia de Copa revive tradi\u00e7\u00e3o de prova entre o Fortes no Rio - Swimchannel\" \/>\n<meta property=\"og:description\" content=\"Uma dos percursos de nata\u00e7\u00e3o em \u00e1guas abertas mais ic\u00f4nicos do cen\u00e1rio nacional est\u00e1 de volta. No dia 31 de agosto de 2025, o Rio de Janeiro ser\u00e1 palco da Travessia de Copa, uma travessia que conecta dois s\u00edmbolos da cidade: o Forte de Copacabana e o Forte do Leme. Parte do calend\u00e1rio do Circuito [&hellip;]\" \/>\n<meta property=\"og:url\" content=\"https:\/\/swimchannel.net\/br\/travessia-de-copa-revive-tradicao-de-prova-entre-o-fortes-no-rio\/\" \/>\n<meta property=\"og:site_name\" content=\"Swimchannel\" \/>\n<meta property=\"article:publisher\" content=\"https:\/\/www.facebook.com\/swimchannel\" \/>\n<meta property=\"article:published_time\" content=\"2025-05-21T01:00:21+00:00\" \/>\n<meta property=\"article:modified_time\" content=\"2025-06-27T21:29:38+00:00\" \/>\n<meta property=\"og:image\" content=\"https:\/\/swimchannel.net\/br\/wp-content\/uploads\/2025\/05\/sobre_IMG2.jpg\" \/>\n\t<meta property=\"og:image:width\" content=\"577\" \/>\n\t<meta property=\"og:image:height\" content=\"385\" \/>\n\t<meta property=\"og:image:type\" content=\"image\/jpeg\" \/>\n<meta name=\"author\" content=\"Katarine Monteiro\" \/>\n<meta name=\"twitter:card\" content=\"summary_large_image\" \/>\n<meta name=\"twitter:creator\" content=\"@https:\/\/twitter.com\/Katarinem\" \/>\n<meta name=\"twitter:label1\" content=\"Escrito por\" \/>\n\t<meta name=\"twitter:data1\" content=\"Katarine Monteiro\" \/>\n\t<meta name=\"twitter:label2\" content=\"Est. tempo de leitura\" \/>\n\t<meta name=\"twitter:data2\" content=\"2 minutos\" \/>\n<script type=\"application\/ld+json\" class=\"yoast-schema-graph\">{\"@context\":\"https:\/\/schema.org\",\"@graph\":[{\"@type\":\"Article\",\"@id\":\"https:\/\/swimchannel.net\/br\/travessia-de-copa-revive-tradicao-de-prova-entre-o-fortes-no-rio\/#article\",\"isPartOf\":{\"@id\":\"https:\/\/swimchannel.net\/br\/travessia-de-copa-revive-tradicao-de-prova-entre-o-fortes-no-rio\/\"},\"author\":{\"name\":\"Katarine Monteiro\",\"@id\":\"https:\/\/swimchannel.net\/br\/#\/schema\/person\/73ae9cec62249968bca1f0a8098ef002\"},\"headline\":\"Travessia de Copa revive tradi\u00e7\u00e3o de prova entre o Fortes no Rio\",\"datePublished\":\"2025-05-21T01:00:21+00:00\",\"dateModified\":\"2025-06-27T21:29:38+00:00\",\"mainEntityOfPage\":{\"@id\":\"https:\/\/swimchannel.net\/br\/travessia-de-copa-revive-tradicao-de-prova-entre-o-fortes-no-rio\/\"},\"wordCount\":387,\"commentCount\":0,\"publisher\":{\"@id\":\"https:\/\/swimchannel.net\/br\/#organization\"},\"image\":{\"@id\":\"https:\/\/swimchannel.net\/br\/travessia-de-copa-revive-tradicao-de-prova-entre-o-fortes-no-rio\/#primaryimage\"},\"thumbnailUrl\":\"https:\/\/swimchannel.net\/br\/wp-content\/uploads\/2025\/05\/sobre_IMG2.jpg\",\"keywords\":[\"\u00c1guas abertas\",\"Copacabana\",\"natacao\",\"Rio de Janeiro\",\"Travessia de Copa\"],\"articleSection\":[\"\u00c1guas Abertas\"],\"inLanguage\":\"pt-BR\",\"potentialAction\":[{\"@type\":\"CommentAction\",\"name\":\"Comment\",\"target\":[\"https:\/\/swimchannel.net\/br\/travessia-de-copa-revive-tradicao-de-prova-entre-o-fortes-no-rio\/#respond\"]}]},{\"@type\":\"WebPage\",\"@id\":\"https:\/\/swimchannel.net\/br\/travessia-de-copa-revive-tradicao-de-prova-entre-o-fortes-no-rio\/\",\"url\":\"https:\/\/swimchannel.net\/br\/travessia-de-copa-revive-tradicao-de-prova-entre-o-fortes-no-rio\/\",\"name\":\"Travessia de Copa revive tradi\u00e7\u00e3o de prova entre o Fortes no Rio - Swimchannel\",\"isPartOf\":{\"@id\":\"https:\/\/swimchannel.net\/br\/#website\"},\"primaryImageOfPage\":{\"@id\":\"https:\/\/swimchannel.net\/br\/travessia-de-copa-revive-tradicao-de-prova-entre-o-fortes-no-rio\/#primaryimage\"},\"image\":{\"@id\":\"https:\/\/swimchannel.net\/br\/travessia-de-copa-revive-tradicao-de-prova-entre-o-fortes-no-rio\/#primaryimage\"},\"thumbnailUrl\":\"https:\/\/swimchannel.net\/br\/wp-content\/uploads\/2025\/05\/sobre_IMG2.jpg\",\"datePublished\":\"2025-05-21T01:00:21+00:00\",\"dateModified\":\"2025-06-27T21:29:38+00:00\",\"breadcrumb\":{\"@id\":\"https:\/\/swimchannel.net\/br\/travessia-de-copa-revive-tradicao-de-prova-entre-o-fortes-no-rio\/#breadcrumb\"},\"inLanguage\":\"pt-BR\",\"potentialAction\":[{\"@type\":\"ReadAction\",\"target\":[\"https:\/\/swimchannel.net\/br\/travessia-de-copa-revive-tradicao-de-prova-entre-o-fortes-no-rio\/\"]}]},{\"@type\":\"ImageObject\",\"inLanguage\":\"pt-BR\",\"@id\":\"https:\/\/swimchannel.net\/br\/travessia-de-copa-revive-tradicao-de-prova-entre-o-fortes-no-rio\/#primaryimage\",\"url\":\"https:\/\/swimchannel.net\/br\/wp-content\/uploads\/2025\/05\/sobre_IMG2.jpg\",\"contentUrl\":\"https:\/\/swimchannel.net\/br\/wp-content\/uploads\/2025\/05\/sobre_IMG2.jpg\",\"width\":577,\"height\":385,\"caption\":\"Travessia de Copa. Foto: Divulga\u00e7\u00e3o\"},{\"@type\":\"BreadcrumbList\",\"@id\":\"https:\/\/swimchannel.net\/br\/travessia-de-copa-revive-tradicao-de-prova-entre-o-fortes-no-rio\/#breadcrumb\",\"itemListElement\":[{\"@type\":\"ListItem\",\"position\":1,\"name\":\"Home\",\"item\":\"https:\/\/swimchannel.net\/br\/\"},{\"@type\":\"ListItem\",\"position\":2,\"name\":\"Travessia de Copa revive tradi\u00e7\u00e3o de prova entre o Fortes no Rio\"}]},{\"@type\":\"WebSite\",\"@id\":\"https:\/\/swimchannel.net\/br\/#website\",\"url\":\"https:\/\/swimchannel.net\/br\/\",\"name\":\"Swimchannel\",\"description\":\"Maior portal de nata\u00e7\u00e3o da america latina\",\"publisher\":{\"@id\":\"https:\/\/swimchannel.net\/br\/#organization\"},\"potentialAction\":[{\"@type\":\"SearchAction\",\"target\":{\"@type\":\"EntryPoint\",\"urlTemplate\":\"https:\/\/swimchannel.net\/br\/?s={search_term_string}\"},\"query-input\":{\"@type\":\"PropertyValueSpecification\",\"valueRequired\":true,\"valueName\":\"search_term_string\"}}],\"inLanguage\":\"pt-BR\"},{\"@type\":\"Organization\",\"@id\":\"https:\/\/swimchannel.net\/br\/#organization\",\"name\":\"Swimchannel - Conectando voc\u00ea a Nata\u00e7\u00e3o\",\"url\":\"https:\/\/swimchannel.net\/br\/\",\"logo\":{\"@type\":\"ImageObject\",\"inLanguage\":\"pt-BR\",\"@id\":\"https:\/\/swimchannel.net\/br\/#\/schema\/logo\/image\/\",\"url\":\"https:\/\/swimchannel.net\/br\/wp-content\/uploads\/2026\/02\/SWIM-CHANNEL.png\",\"contentUrl\":\"https:\/\/swimchannel.net\/br\/wp-content\/uploads\/2026\/02\/SWIM-CHANNEL.png\",\"width\":1120,\"height\":630,\"caption\":\"Swimchannel - Conectando voc\u00ea a Nata\u00e7\u00e3o\"},\"image\":{\"@id\":\"https:\/\/swimchannel.net\/br\/#\/schema\/logo\/image\/\"},\"sameAs\":[\"https:\/\/www.facebook.com\/swimchannel\",\"https:\/\/www.instagram.com\/swimchannel\"]},{\"@type\":\"Person\",\"@id\":\"https:\/\/swimchannel.net\/br\/#\/schema\/person\/73ae9cec62249968bca1f0a8098ef002\",\"name\":\"Katarine Monteiro\",\"image\":{\"@type\":\"ImageObject\",\"inLanguage\":\"pt-BR\",\"@id\":\"https:\/\/swimchannel.net\/br\/#\/schema\/person\/image\/\",\"url\":\"https:\/\/swimchannel.net\/br\/wp-content\/uploads\/2022\/01\/Katarine-Monteiro-100x100.jpg\",\"contentUrl\":\"https:\/\/swimchannel.net\/br\/wp-content\/uploads\/2022\/01\/Katarine-Monteiro-100x100.jpg\",\"caption\":\"Katarine Monteiro\"},\"description\":\"Jornalista SWIM CHANNEL especializada em esportes ol\u00edmpicos e em sa\u00fade. Com cobertura de grandes eventos internacionais, como Jogos Ol\u00edmpicos Rio 2016, Jogos Pan-Americanos em Lima 2019, Qatar Total Open 2020, Qatar ExxonMobil Open 2019 - t\u00eanis em Doha (QT), Semana Internacional de Vela de Ilhabela, Transat Jacques Vabre 2019 (Fran\u00e7a-Brasil), L'\u00c9tape Brasil by Tour de France, j\u00e1 fez in\u00fameras coberturas de nata\u00e7\u00e3o, maratona aqu\u00e1tica e polo aqu\u00e1tico. Formada tamb\u00e9m em Letras, a jornalista atua como assessora de imprensa, rela\u00e7\u00f5es p\u00fablicas e social media, com especializa\u00e7\u00e3o em marketing esportivo. Nadadora amadora de \u00e1guas abertas, j\u00e1 trabalhou com grandes nomes da nata\u00e7\u00e3o e do polo aqu\u00e1tico brasileiro.\",\"sameAs\":[\"https:\/\/www.instagram.com\/_katarinemonteiro\/\",\"https:\/\/www.linkedin.com\/in\/katarine-monteiro-19385297\/\",\"https:\/\/x.com\/https:\/\/twitter.com\/Katarinem\"],\"url\":\"https:\/\/swimchannel.net\/br\/author\/katarine-monteiro\/\"}]}<\/script>\n<!-- \/ Yoast SEO plugin. -->","yoast_head_json":{"title":"Travessia de Copa revive tradi\u00e7\u00e3o de prova entre o Fortes no Rio - Swimchannel","robots":{"index":"index","follow":"follow","max-snippet":"max-snippet:-1","max-image-preview":"max-image-preview:large","max-video-preview":"max-video-preview:-1"},"canonical":"https:\/\/swimchannel.net\/br\/travessia-de-copa-revive-tradicao-de-prova-entre-o-fortes-no-rio\/","og_locale":"pt_BR","og_type":"article","og_title":"Travessia de Copa revive tradi\u00e7\u00e3o de prova entre o Fortes no Rio - Swimchannel","og_description":"Uma dos percursos de nata\u00e7\u00e3o em \u00e1guas abertas mais ic\u00f4nicos do cen\u00e1rio nacional est\u00e1 de volta. No dia 31 de agosto de 2025, o Rio de Janeiro ser\u00e1 palco da Travessia de Copa, uma travessia que conecta dois s\u00edmbolos da cidade: o Forte de Copacabana e o Forte do Leme. Parte do calend\u00e1rio do Circuito [&hellip;]","og_url":"https:\/\/swimchannel.net\/br\/travessia-de-copa-revive-tradicao-de-prova-entre-o-fortes-no-rio\/","og_site_name":"Swimchannel","article_publisher":"https:\/\/www.facebook.com\/swimchannel","article_published_time":"2025-05-21T01:00:21+00:00","article_modified_time":"2025-06-27T21:29:38+00:00","og_image":[{"width":577,"height":385,"url":"https:\/\/swimchannel.net\/br\/wp-content\/uploads\/2025\/05\/sobre_IMG2.jpg","type":"image\/jpeg"}],"author":"Katarine Monteiro","twitter_card":"summary_large_image","twitter_creator":"@https:\/\/twitter.com\/Katarinem","twitter_misc":{"Escrito por":"Katarine Monteiro","Est. tempo de leitura":"2 minutos"},"schema":{"@context":"https:\/\/schema.org","@graph":[{"@type":"Article","@id":"https:\/\/swimchannel.net\/br\/travessia-de-copa-revive-tradicao-de-prova-entre-o-fortes-no-rio\/#article","isPartOf":{"@id":"https:\/\/swimchannel.net\/br\/travessia-de-copa-revive-tradicao-de-prova-entre-o-fortes-no-rio\/"},"author":{"name":"Katarine Monteiro","@id":"https:\/\/swimchannel.net\/br\/#\/schema\/person\/73ae9cec62249968bca1f0a8098ef002"},"headline":"Travessia de Copa revive tradi\u00e7\u00e3o de prova entre o Fortes no Rio","datePublished":"2025-05-21T01:00:21+00:00","dateModified":"2025-06-27T21:29:38+00:00","mainEntityOfPage":{"@id":"https:\/\/swimchannel.net\/br\/travessia-de-copa-revive-tradicao-de-prova-entre-o-fortes-no-rio\/"},"wordCount":387,"commentCount":0,"publisher":{"@id":"https:\/\/swimchannel.net\/br\/#organization"},"image":{"@id":"https:\/\/swimchannel.net\/br\/travessia-de-copa-revive-tradicao-de-prova-entre-o-fortes-no-rio\/#primaryimage"},"thumbnailUrl":"https:\/\/swimchannel.net\/br\/wp-content\/uploads\/2025\/05\/sobre_IMG2.jpg","keywords":["\u00c1guas abertas","Copacabana","natacao","Rio de Janeiro","Travessia de Copa"],"articleSection":["\u00c1guas Abertas"],"inLanguage":"pt-BR","potentialAction":[{"@type":"CommentAction","name":"Comment","target":["https:\/\/swimchannel.net\/br\/travessia-de-copa-revive-tradicao-de-prova-entre-o-fortes-no-rio\/#respond"]}]},{"@type":"WebPage","@id":"https:\/\/swimchannel.net\/br\/travessia-de-copa-revive-tradicao-de-prova-entre-o-fortes-no-rio\/","url":"https:\/\/swimchannel.net\/br\/travessia-de-copa-revive-tradicao-de-prova-entre-o-fortes-no-rio\/","name":"Travessia de Copa revive tradi\u00e7\u00e3o de prova entre o Fortes no Rio - Swimchannel","isPartOf":{"@id":"https:\/\/swimchannel.net\/br\/#website"},"primaryImageOfPage":{"@id":"https:\/\/swimchannel.net\/br\/travessia-de-copa-revive-tradicao-de-prova-entre-o-fortes-no-rio\/#primaryimage"},"image":{"@id":"https:\/\/swimchannel.net\/br\/travessia-de-copa-revive-tradicao-de-prova-entre-o-fortes-no-rio\/#primaryimage"},"thumbnailUrl":"https:\/\/swimchannel.net\/br\/wp-content\/uploads\/2025\/05\/sobre_IMG2.jpg","datePublished":"2025-05-21T01:00:21+00:00","dateModified":"2025-06-27T21:29:38+00:00","breadcrumb":{"@id":"https:\/\/swimchannel.net\/br\/travessia-de-copa-revive-tradicao-de-prova-entre-o-fortes-no-rio\/#breadcrumb"},"inLanguage":"pt-BR","potentialAction":[{"@type":"ReadAction","target":["https:\/\/swimchannel.net\/br\/travessia-de-copa-revive-tradicao-de-prova-entre-o-fortes-no-rio\/"]}]},{"@type":"ImageObject","inLanguage":"pt-BR","@id":"https:\/\/swimchannel.net\/br\/travessia-de-copa-revive-tradicao-de-prova-entre-o-fortes-no-rio\/#primaryimage","url":"https:\/\/swimchannel.net\/br\/wp-content\/uploads\/2025\/05\/sobre_IMG2.jpg","contentUrl":"https:\/\/swimchannel.net\/br\/wp-content\/uploads\/2025\/05\/sobre_IMG2.jpg","width":577,"height":385,"caption":"Travessia de Copa. Foto: Divulga\u00e7\u00e3o"},{"@type":"BreadcrumbList","@id":"https:\/\/swimchannel.net\/br\/travessia-de-copa-revive-tradicao-de-prova-entre-o-fortes-no-rio\/#breadcrumb","itemListElement":[{"@type":"ListItem","position":1,"name":"Home","item":"https:\/\/swimchannel.net\/br\/"},{"@type":"ListItem","position":2,"name":"Travessia de Copa revive tradi\u00e7\u00e3o de prova entre o Fortes no Rio"}]},{"@type":"WebSite","@id":"https:\/\/swimchannel.net\/br\/#website","url":"https:\/\/swimchannel.net\/br\/","name":"Swimchannel","description":"Maior portal de nata\u00e7\u00e3o da america latina","publisher":{"@id":"https:\/\/swimchannel.net\/br\/#organization"},"potentialAction":[{"@type":"SearchAction","target":{"@type":"EntryPoint","urlTemplate":"https:\/\/swimchannel.net\/br\/?s={search_term_string}"},"query-input":{"@type":"PropertyValueSpecification","valueRequired":true,"valueName":"search_term_string"}}],"inLanguage":"pt-BR"},{"@type":"Organization","@id":"https:\/\/swimchannel.net\/br\/#organization","name":"Swimchannel - Conectando voc\u00ea a Nata\u00e7\u00e3o","url":"https:\/\/swimchannel.net\/br\/","logo":{"@type":"ImageObject","inLanguage":"pt-BR","@id":"https:\/\/swimchannel.net\/br\/#\/schema\/logo\/image\/","url":"https:\/\/swimchannel.net\/br\/wp-content\/uploads\/2026\/02\/SWIM-CHANNEL.png","contentUrl":"https:\/\/swimchannel.net\/br\/wp-content\/uploads\/2026\/02\/SWIM-CHANNEL.png","width":1120,"height":630,"caption":"Swimchannel - Conectando voc\u00ea a Nata\u00e7\u00e3o"},"image":{"@id":"https:\/\/swimchannel.net\/br\/#\/schema\/logo\/image\/"},"sameAs":["https:\/\/www.facebook.com\/swimchannel","https:\/\/www.instagram.com\/swimchannel"]},{"@type":"Person","@id":"https:\/\/swimchannel.net\/br\/#\/schema\/person\/73ae9cec62249968bca1f0a8098ef002","name":"Katarine Monteiro","image":{"@type":"ImageObject","inLanguage":"pt-BR","@id":"https:\/\/swimchannel.net\/br\/#\/schema\/person\/image\/","url":"https:\/\/swimchannel.net\/br\/wp-content\/uploads\/2022\/01\/Katarine-Monteiro-100x100.jpg","contentUrl":"https:\/\/swimchannel.net\/br\/wp-content\/uploads\/2022\/01\/Katarine-Monteiro-100x100.jpg","caption":"Katarine Monteiro"},"description":"Jornalista SWIM CHANNEL especializada em esportes ol\u00edmpicos e em sa\u00fade. Com cobertura de grandes eventos internacionais, como Jogos Ol\u00edmpicos Rio 2016, Jogos Pan-Americanos em Lima 2019, Qatar Total Open 2020, Qatar ExxonMobil Open 2019 - t\u00eanis em Doha (QT), Semana Internacional de Vela de Ilhabela, Transat Jacques Vabre 2019 (Fran\u00e7a-Brasil), L'\u00c9tape Brasil by Tour de France, j\u00e1 fez in\u00fameras coberturas de nata\u00e7\u00e3o, maratona aqu\u00e1tica e polo aqu\u00e1tico. Formada tamb\u00e9m em Letras, a jornalista atua como assessora de imprensa, rela\u00e7\u00f5es p\u00fablicas e social media, com especializa\u00e7\u00e3o em marketing esportivo. Nadadora amadora de \u00e1guas abertas, j\u00e1 trabalhou com grandes nomes da nata\u00e7\u00e3o e do polo aqu\u00e1tico brasileiro.","sameAs":["https:\/\/www.instagram.com\/_katarinemonteiro\/","https:\/\/www.linkedin.com\/in\/katarine-monteiro-19385297\/","https:\/\/x.com\/https:\/\/twitter.com\/Katarinem"],"url":"https:\/\/swimchannel.net\/br\/author\/katarine-monteiro\/"}]}},"_links":{"self":[{"href":"https:\/\/swimchannel.net\/br\/wp-json\/wp\/v2\/posts\/73637","targetHints":{"allow":["GET"]}}],"collection":[{"href":"https:\/\/swimchannel.net\/br\/wp-json\/wp\/v2\/posts"}],"about":[{"href":"https:\/\/swimchannel.net\/br\/wp-json\/wp\/v2\/types\/post"}],"author":[{"embeddable":true,"href":"https:\/\/swimchannel.net\/br\/wp-json\/wp\/v2\/users\/9"}],"replies":[{"embeddable":true,"href":"https:\/\/swimchannel.net\/br\/wp-json\/wp\/v2\/comments?post=73637"}],"version-history":[{"count":5,"href":"https:\/\/swimchannel.net\/br\/wp-json\/wp\/v2\/posts\/73637\/revisions"}],"predecessor-version":[{"id":73645,"href":"https:\/\/swimchannel.net\/br\/wp-json\/wp\/v2\/posts\/73637\/revisions\/73645"}],"wp:featuredmedia":[{"embeddable":true,"href":"https:\/\/swimchannel.net\/br\/wp-json\/wp\/v2\/media\/73640"}],"wp:attachment":[{"href":"https:\/\/swimchannel.net\/br\/wp-json\/wp\/v2\/media?parent=73637"}],"wp:term":[{"taxonomy":"category","embeddable":true,"href":"https:\/\/swimchannel.net\/br\/wp-json\/wp\/v2\/categories?post=73637"},{"taxonomy":"post_tag","embeddable":true,"href":"https:\/\/swimchannel.net\/br\/wp-json\/wp\/v2\/tags?post=73637"}],"curies":[{"name":"wp","href":"https:\/\/api.w.org\/{rel}","templated":true}]}}