{"id":73702,"date":"2025-05-23T21:55:56","date_gmt":"2025-05-24T00:55:56","guid":{"rendered":"https:\/\/swimchannel.net\/br\/?p=73702"},"modified":"2025-05-23T21:55:56","modified_gmt":"2025-05-24T00:55:56","slug":"saiu-o-start-list-do-campeonato-brasileiro-juvenil-de-inverno-em-uberlandia","status":"publish","type":"post","link":"https:\/\/swimchannel.net\/br\/saiu-o-start-list-do-campeonato-brasileiro-juvenil-de-inverno-em-uberlandia\/","title":{"rendered":"Saiu o start list do Campeonato Brasileiro Juvenil de Inverno em Uberl\u00e2ndia"},"content":{"rendered":"<p>Mais de 600 nadadores e 100 clubes, mais exatamente 628 (mais que 2024) atletas e 122 clubes, \u00e9 o Campeonato Brasileiro Juvenil de Inverno que come\u00e7a na pr\u00f3xima ter\u00e7a-feira em Uberl\u00e2ndia, na piscina do Praia Clube. Competi\u00e7\u00e3o ter\u00e1 transmiss\u00e3o ao vivo das eliminat\u00f3rias e finais pela Swim Channel TV.<\/p>\n<p><strong><a href=\"https:\/\/sge-aquaticos.bigmidia.com\/_uploads\/relatorios\/619f33c2fe57abd3ae8bb1270c918551.pdf\">Veja aqui o start list da competi\u00e7\u00e3o<\/a><\/strong><\/p>\n<p>Gostaria de saber como se tornar membro a assistir a transmiss\u00e3o desse evento pela Swim Channel?<\/p>\n<p><a href=\"https:\/\/swimchannel.net\/br\/como-se-tornar-membro-do-canal-swim-channel-tv-no-youtube-3\/\">Clique aqui<\/a><\/p>\n<p>&nbsp;<\/p>\n","protected":false},"excerpt":{"rendered":"<p>Mais de 600 nadadores e 100 clubes, mais exatamente 628 (mais que 2024) atletas e 122 clubes, \u00e9 o Campeonato Brasileiro Juvenil de Inverno que come\u00e7a na pr\u00f3xima ter\u00e7a-feira em Uberl\u00e2ndia, na piscina do Praia Clube. Competi\u00e7\u00e3o ter\u00e1 transmiss\u00e3o ao vivo das eliminat\u00f3rias e finais pela Swim Channel TV. Veja aqui o start list da [&hellip;]<\/p>\n","protected":false},"author":11,"featured_media":73703,"comment_status":"open","ping_status":"open","sticky":false,"template":"","format":"standard","meta":{"footnotes":""},"categories":[137],"tags":[6458,1070,1336,4886],"class_list":["post-73702","post","type-post","status-publish","format-standard","has-post-thumbnail","hentry","category-natacao","tag-bra-juv","tag-campeonato-brasileiro-juvenil","tag-campeonato-brasileiro-juvenil-de-inverno-de-natacao","tag-praia-clube"],"yoast_head":"<!-- This site is optimized with the Yoast SEO plugin v27.0 - https:\/\/yoast.com\/product\/yoast-seo-wordpress\/ -->\n<title>Saiu o start list do Campeonato Brasileiro Juvenil de Inverno em Uberl\u00e2ndia - Swimchannel<\/title>\n<meta name=\"robots\" content=\"index, follow, max-snippet:-1, max-image-preview:large, max-video-preview:-1\" \/>\n<link rel=\"canonical\" href=\"https:\/\/swimchannel.net\/br\/saiu-o-start-list-do-campeonato-brasileiro-juvenil-de-inverno-em-uberlandia\/\" \/>\n<meta property=\"og:locale\" content=\"pt_BR\" \/>\n<meta property=\"og:type\" content=\"article\" \/>\n<meta property=\"og:title\" content=\"Saiu o start list do Campeonato Brasileiro Juvenil de Inverno em Uberl\u00e2ndia - Swimchannel\" \/>\n<meta property=\"og:description\" content=\"Mais de 600 nadadores e 100 clubes, mais exatamente 628 (mais que 2024) atletas e 122 clubes, \u00e9 o Campeonato Brasileiro Juvenil de Inverno que come\u00e7a na pr\u00f3xima ter\u00e7a-feira em Uberl\u00e2ndia, na piscina do Praia Clube. Competi\u00e7\u00e3o ter\u00e1 transmiss\u00e3o ao vivo das eliminat\u00f3rias e finais pela Swim Channel TV. Veja aqui o start list da [&hellip;]\" \/>\n<meta property=\"og:url\" content=\"https:\/\/swimchannel.net\/br\/saiu-o-start-list-do-campeonato-brasileiro-juvenil-de-inverno-em-uberlandia\/\" \/>\n<meta property=\"og:site_name\" content=\"Swimchannel\" \/>\n<meta property=\"article:publisher\" content=\"https:\/\/www.facebook.com\/swimchannel\" \/>\n<meta property=\"article:published_time\" content=\"2025-05-24T00:55:56+00:00\" \/>\n<meta property=\"og:image\" content=\"https:\/\/swimchannel.net\/br\/wp-content\/uploads\/2025\/05\/Parque-Praia.jpg\" \/>\n\t<meta property=\"og:image:width\" content=\"1920\" \/>\n\t<meta property=\"og:image:height\" content=\"1080\" \/>\n\t<meta property=\"og:image:type\" content=\"image\/jpeg\" \/>\n<meta name=\"author\" content=\"Catarina Ganzeli\" \/>\n<meta name=\"twitter:card\" content=\"summary_large_image\" \/>\n<meta name=\"twitter:label1\" content=\"Escrito por\" \/>\n\t<meta name=\"twitter:data1\" content=\"Catarina Ganzeli\" \/>\n<script type=\"application\/ld+json\" class=\"yoast-schema-graph\">{\"@context\":\"https:\/\/schema.org\",\"@graph\":[{\"@type\":\"Article\",\"@id\":\"https:\/\/swimchannel.net\/br\/saiu-o-start-list-do-campeonato-brasileiro-juvenil-de-inverno-em-uberlandia\/#article\",\"isPartOf\":{\"@id\":\"https:\/\/swimchannel.net\/br\/saiu-o-start-list-do-campeonato-brasileiro-juvenil-de-inverno-em-uberlandia\/\"},\"author\":{\"name\":\"Catarina Ganzeli\",\"@id\":\"https:\/\/swimchannel.net\/br\/#\/schema\/person\/a3ac0d40a751fe9dd84dabfed8d94dc2\"},\"headline\":\"Saiu o start list do Campeonato Brasileiro Juvenil de Inverno em Uberl\u00e2ndia\",\"datePublished\":\"2025-05-24T00:55:56+00:00\",\"mainEntityOfPage\":{\"@id\":\"https:\/\/swimchannel.net\/br\/saiu-o-start-list-do-campeonato-brasileiro-juvenil-de-inverno-em-uberlandia\/\"},\"wordCount\":91,\"commentCount\":0,\"publisher\":{\"@id\":\"https:\/\/swimchannel.net\/br\/#organization\"},\"image\":{\"@id\":\"https:\/\/swimchannel.net\/br\/saiu-o-start-list-do-campeonato-brasileiro-juvenil-de-inverno-em-uberlandia\/#primaryimage\"},\"thumbnailUrl\":\"https:\/\/swimchannel.net\/br\/wp-content\/uploads\/2025\/05\/Parque-Praia.jpg\",\"keywords\":[\"bra juv\",\"Campeonato Brasileiro Juvenil\",\"Campeonato Brasileiro Juvenil de Inverno de Nata\u00e7\u00e3o\",\"Praia Clube\"],\"articleSection\":[\"Nata\u00e7\u00e3o\"],\"inLanguage\":\"pt-BR\",\"potentialAction\":[{\"@type\":\"CommentAction\",\"name\":\"Comment\",\"target\":[\"https:\/\/swimchannel.net\/br\/saiu-o-start-list-do-campeonato-brasileiro-juvenil-de-inverno-em-uberlandia\/#respond\"]}]},{\"@type\":\"WebPage\",\"@id\":\"https:\/\/swimchannel.net\/br\/saiu-o-start-list-do-campeonato-brasileiro-juvenil-de-inverno-em-uberlandia\/\",\"url\":\"https:\/\/swimchannel.net\/br\/saiu-o-start-list-do-campeonato-brasileiro-juvenil-de-inverno-em-uberlandia\/\",\"name\":\"Saiu o start list do Campeonato Brasileiro Juvenil de Inverno em Uberl\u00e2ndia - Swimchannel\",\"isPartOf\":{\"@id\":\"https:\/\/swimchannel.net\/br\/#website\"},\"primaryImageOfPage\":{\"@id\":\"https:\/\/swimchannel.net\/br\/saiu-o-start-list-do-campeonato-brasileiro-juvenil-de-inverno-em-uberlandia\/#primaryimage\"},\"image\":{\"@id\":\"https:\/\/swimchannel.net\/br\/saiu-o-start-list-do-campeonato-brasileiro-juvenil-de-inverno-em-uberlandia\/#primaryimage\"},\"thumbnailUrl\":\"https:\/\/swimchannel.net\/br\/wp-content\/uploads\/2025\/05\/Parque-Praia.jpg\",\"datePublished\":\"2025-05-24T00:55:56+00:00\",\"breadcrumb\":{\"@id\":\"https:\/\/swimchannel.net\/br\/saiu-o-start-list-do-campeonato-brasileiro-juvenil-de-inverno-em-uberlandia\/#breadcrumb\"},\"inLanguage\":\"pt-BR\",\"potentialAction\":[{\"@type\":\"ReadAction\",\"target\":[\"https:\/\/swimchannel.net\/br\/saiu-o-start-list-do-campeonato-brasileiro-juvenil-de-inverno-em-uberlandia\/\"]}]},{\"@type\":\"ImageObject\",\"inLanguage\":\"pt-BR\",\"@id\":\"https:\/\/swimchannel.net\/br\/saiu-o-start-list-do-campeonato-brasileiro-juvenil-de-inverno-em-uberlandia\/#primaryimage\",\"url\":\"https:\/\/swimchannel.net\/br\/wp-content\/uploads\/2025\/05\/Parque-Praia.jpg\",\"contentUrl\":\"https:\/\/swimchannel.net\/br\/wp-content\/uploads\/2025\/05\/Parque-Praia.jpg\",\"width\":1920,\"height\":1080},{\"@type\":\"BreadcrumbList\",\"@id\":\"https:\/\/swimchannel.net\/br\/saiu-o-start-list-do-campeonato-brasileiro-juvenil-de-inverno-em-uberlandia\/#breadcrumb\",\"itemListElement\":[{\"@type\":\"ListItem\",\"position\":1,\"name\":\"Home\",\"item\":\"https:\/\/swimchannel.net\/br\/\"},{\"@type\":\"ListItem\",\"position\":2,\"name\":\"Saiu o start list do Campeonato Brasileiro Juvenil de Inverno em Uberl\u00e2ndia\"}]},{\"@type\":\"WebSite\",\"@id\":\"https:\/\/swimchannel.net\/br\/#website\",\"url\":\"https:\/\/swimchannel.net\/br\/\",\"name\":\"Swimchannel\",\"description\":\"Maior portal de nata\u00e7\u00e3o da america latina\",\"publisher\":{\"@id\":\"https:\/\/swimchannel.net\/br\/#organization\"},\"potentialAction\":[{\"@type\":\"SearchAction\",\"target\":{\"@type\":\"EntryPoint\",\"urlTemplate\":\"https:\/\/swimchannel.net\/br\/?s={search_term_string}\"},\"query-input\":{\"@type\":\"PropertyValueSpecification\",\"valueRequired\":true,\"valueName\":\"search_term_string\"}}],\"inLanguage\":\"pt-BR\"},{\"@type\":\"Organization\",\"@id\":\"https:\/\/swimchannel.net\/br\/#organization\",\"name\":\"Swimchannel - Conectando voc\u00ea a Nata\u00e7\u00e3o\",\"url\":\"https:\/\/swimchannel.net\/br\/\",\"logo\":{\"@type\":\"ImageObject\",\"inLanguage\":\"pt-BR\",\"@id\":\"https:\/\/swimchannel.net\/br\/#\/schema\/logo\/image\/\",\"url\":\"https:\/\/swimchannel.net\/br\/wp-content\/uploads\/2026\/02\/SWIM-CHANNEL.png\",\"contentUrl\":\"https:\/\/swimchannel.net\/br\/wp-content\/uploads\/2026\/02\/SWIM-CHANNEL.png\",\"width\":1120,\"height\":630,\"caption\":\"Swimchannel - Conectando voc\u00ea a Nata\u00e7\u00e3o\"},\"image\":{\"@id\":\"https:\/\/swimchannel.net\/br\/#\/schema\/logo\/image\/\"},\"sameAs\":[\"https:\/\/www.facebook.com\/swimchannel\",\"https:\/\/www.instagram.com\/swimchannel\"]},{\"@type\":\"Person\",\"@id\":\"https:\/\/swimchannel.net\/br\/#\/schema\/person\/a3ac0d40a751fe9dd84dabfed8d94dc2\",\"name\":\"Catarina Ganzeli\",\"image\":{\"@type\":\"ImageObject\",\"inLanguage\":\"pt-BR\",\"@id\":\"https:\/\/swimchannel.net\/br\/#\/schema\/person\/image\/\",\"url\":\"https:\/\/swimchannel.net\/br\/wp-content\/uploads\/2021\/08\/17156161_231871270610456_8266780033880254550_n-100x100.jpg\",\"contentUrl\":\"https:\/\/swimchannel.net\/br\/wp-content\/uploads\/2021\/08\/17156161_231871270610456_8266780033880254550_n-100x100.jpg\",\"caption\":\"Catarina Ganzeli\"},\"description\":\"Nadadora de cora\u00e7\u00e3o, ultramaratonista aqu\u00e1tica, j\u00e1 integrou a sele\u00e7\u00e3o brasileira, comentarista ol\u00edmpica em 2016 pela Sportv, em campeonatos nacionais por emissoras regionais, arbitra em campeonatos nacionais por quatro anos, participa\u00e7\u00e3o na produ\u00e7\u00e3o de competi\u00e7\u00f5es e eventos.\",\"sameAs\":[\"instagram.com\/catgan_in_water\"],\"url\":\"https:\/\/swimchannel.net\/br\/author\/catarinaganzeli\/\"}]}<\/script>\n<!-- \/ Yoast SEO plugin. -->","yoast_head_json":{"title":"Saiu o start list do Campeonato Brasileiro Juvenil de Inverno em Uberl\u00e2ndia - Swimchannel","robots":{"index":"index","follow":"follow","max-snippet":"max-snippet:-1","max-image-preview":"max-image-preview:large","max-video-preview":"max-video-preview:-1"},"canonical":"https:\/\/swimchannel.net\/br\/saiu-o-start-list-do-campeonato-brasileiro-juvenil-de-inverno-em-uberlandia\/","og_locale":"pt_BR","og_type":"article","og_title":"Saiu o start list do Campeonato Brasileiro Juvenil de Inverno em Uberl\u00e2ndia - Swimchannel","og_description":"Mais de 600 nadadores e 100 clubes, mais exatamente 628 (mais que 2024) atletas e 122 clubes, \u00e9 o Campeonato Brasileiro Juvenil de Inverno que come\u00e7a na pr\u00f3xima ter\u00e7a-feira em Uberl\u00e2ndia, na piscina do Praia Clube. Competi\u00e7\u00e3o ter\u00e1 transmiss\u00e3o ao vivo das eliminat\u00f3rias e finais pela Swim Channel TV. Veja aqui o start list da [&hellip;]","og_url":"https:\/\/swimchannel.net\/br\/saiu-o-start-list-do-campeonato-brasileiro-juvenil-de-inverno-em-uberlandia\/","og_site_name":"Swimchannel","article_publisher":"https:\/\/www.facebook.com\/swimchannel","article_published_time":"2025-05-24T00:55:56+00:00","og_image":[{"width":1920,"height":1080,"url":"https:\/\/swimchannel.net\/br\/wp-content\/uploads\/2025\/05\/Parque-Praia.jpg","type":"image\/jpeg"}],"author":"Catarina Ganzeli","twitter_card":"summary_large_image","twitter_misc":{"Escrito por":"Catarina Ganzeli"},"schema":{"@context":"https:\/\/schema.org","@graph":[{"@type":"Article","@id":"https:\/\/swimchannel.net\/br\/saiu-o-start-list-do-campeonato-brasileiro-juvenil-de-inverno-em-uberlandia\/#article","isPartOf":{"@id":"https:\/\/swimchannel.net\/br\/saiu-o-start-list-do-campeonato-brasileiro-juvenil-de-inverno-em-uberlandia\/"},"author":{"name":"Catarina Ganzeli","@id":"https:\/\/swimchannel.net\/br\/#\/schema\/person\/a3ac0d40a751fe9dd84dabfed8d94dc2"},"headline":"Saiu o start list do Campeonato Brasileiro Juvenil de Inverno em Uberl\u00e2ndia","datePublished":"2025-05-24T00:55:56+00:00","mainEntityOfPage":{"@id":"https:\/\/swimchannel.net\/br\/saiu-o-start-list-do-campeonato-brasileiro-juvenil-de-inverno-em-uberlandia\/"},"wordCount":91,"commentCount":0,"publisher":{"@id":"https:\/\/swimchannel.net\/br\/#organization"},"image":{"@id":"https:\/\/swimchannel.net\/br\/saiu-o-start-list-do-campeonato-brasileiro-juvenil-de-inverno-em-uberlandia\/#primaryimage"},"thumbnailUrl":"https:\/\/swimchannel.net\/br\/wp-content\/uploads\/2025\/05\/Parque-Praia.jpg","keywords":["bra juv","Campeonato Brasileiro Juvenil","Campeonato Brasileiro Juvenil de Inverno de Nata\u00e7\u00e3o","Praia Clube"],"articleSection":["Nata\u00e7\u00e3o"],"inLanguage":"pt-BR","potentialAction":[{"@type":"CommentAction","name":"Comment","target":["https:\/\/swimchannel.net\/br\/saiu-o-start-list-do-campeonato-brasileiro-juvenil-de-inverno-em-uberlandia\/#respond"]}]},{"@type":"WebPage","@id":"https:\/\/swimchannel.net\/br\/saiu-o-start-list-do-campeonato-brasileiro-juvenil-de-inverno-em-uberlandia\/","url":"https:\/\/swimchannel.net\/br\/saiu-o-start-list-do-campeonato-brasileiro-juvenil-de-inverno-em-uberlandia\/","name":"Saiu o start list do Campeonato Brasileiro Juvenil de Inverno em Uberl\u00e2ndia - Swimchannel","isPartOf":{"@id":"https:\/\/swimchannel.net\/br\/#website"},"primaryImageOfPage":{"@id":"https:\/\/swimchannel.net\/br\/saiu-o-start-list-do-campeonato-brasileiro-juvenil-de-inverno-em-uberlandia\/#primaryimage"},"image":{"@id":"https:\/\/swimchannel.net\/br\/saiu-o-start-list-do-campeonato-brasileiro-juvenil-de-inverno-em-uberlandia\/#primaryimage"},"thumbnailUrl":"https:\/\/swimchannel.net\/br\/wp-content\/uploads\/2025\/05\/Parque-Praia.jpg","datePublished":"2025-05-24T00:55:56+00:00","breadcrumb":{"@id":"https:\/\/swimchannel.net\/br\/saiu-o-start-list-do-campeonato-brasileiro-juvenil-de-inverno-em-uberlandia\/#breadcrumb"},"inLanguage":"pt-BR","potentialAction":[{"@type":"ReadAction","target":["https:\/\/swimchannel.net\/br\/saiu-o-start-list-do-campeonato-brasileiro-juvenil-de-inverno-em-uberlandia\/"]}]},{"@type":"ImageObject","inLanguage":"pt-BR","@id":"https:\/\/swimchannel.net\/br\/saiu-o-start-list-do-campeonato-brasileiro-juvenil-de-inverno-em-uberlandia\/#primaryimage","url":"https:\/\/swimchannel.net\/br\/wp-content\/uploads\/2025\/05\/Parque-Praia.jpg","contentUrl":"https:\/\/swimchannel.net\/br\/wp-content\/uploads\/2025\/05\/Parque-Praia.jpg","width":1920,"height":1080},{"@type":"BreadcrumbList","@id":"https:\/\/swimchannel.net\/br\/saiu-o-start-list-do-campeonato-brasileiro-juvenil-de-inverno-em-uberlandia\/#breadcrumb","itemListElement":[{"@type":"ListItem","position":1,"name":"Home","item":"https:\/\/swimchannel.net\/br\/"},{"@type":"ListItem","position":2,"name":"Saiu o start list do Campeonato Brasileiro Juvenil de Inverno em Uberl\u00e2ndia"}]},{"@type":"WebSite","@id":"https:\/\/swimchannel.net\/br\/#website","url":"https:\/\/swimchannel.net\/br\/","name":"Swimchannel","description":"Maior portal de nata\u00e7\u00e3o da america latina","publisher":{"@id":"https:\/\/swimchannel.net\/br\/#organization"},"potentialAction":[{"@type":"SearchAction","target":{"@type":"EntryPoint","urlTemplate":"https:\/\/swimchannel.net\/br\/?s={search_term_string}"},"query-input":{"@type":"PropertyValueSpecification","valueRequired":true,"valueName":"search_term_string"}}],"inLanguage":"pt-BR"},{"@type":"Organization","@id":"https:\/\/swimchannel.net\/br\/#organization","name":"Swimchannel - Conectando voc\u00ea a Nata\u00e7\u00e3o","url":"https:\/\/swimchannel.net\/br\/","logo":{"@type":"ImageObject","inLanguage":"pt-BR","@id":"https:\/\/swimchannel.net\/br\/#\/schema\/logo\/image\/","url":"https:\/\/swimchannel.net\/br\/wp-content\/uploads\/2026\/02\/SWIM-CHANNEL.png","contentUrl":"https:\/\/swimchannel.net\/br\/wp-content\/uploads\/2026\/02\/SWIM-CHANNEL.png","width":1120,"height":630,"caption":"Swimchannel - Conectando voc\u00ea a Nata\u00e7\u00e3o"},"image":{"@id":"https:\/\/swimchannel.net\/br\/#\/schema\/logo\/image\/"},"sameAs":["https:\/\/www.facebook.com\/swimchannel","https:\/\/www.instagram.com\/swimchannel"]},{"@type":"Person","@id":"https:\/\/swimchannel.net\/br\/#\/schema\/person\/a3ac0d40a751fe9dd84dabfed8d94dc2","name":"Catarina Ganzeli","image":{"@type":"ImageObject","inLanguage":"pt-BR","@id":"https:\/\/swimchannel.net\/br\/#\/schema\/person\/image\/","url":"https:\/\/swimchannel.net\/br\/wp-content\/uploads\/2021\/08\/17156161_231871270610456_8266780033880254550_n-100x100.jpg","contentUrl":"https:\/\/swimchannel.net\/br\/wp-content\/uploads\/2021\/08\/17156161_231871270610456_8266780033880254550_n-100x100.jpg","caption":"Catarina Ganzeli"},"description":"Nadadora de cora\u00e7\u00e3o, ultramaratonista aqu\u00e1tica, j\u00e1 integrou a sele\u00e7\u00e3o brasileira, comentarista ol\u00edmpica em 2016 pela Sportv, em campeonatos nacionais por emissoras regionais, arbitra em campeonatos nacionais por quatro anos, participa\u00e7\u00e3o na produ\u00e7\u00e3o de competi\u00e7\u00f5es e eventos.","sameAs":["instagram.com\/catgan_in_water"],"url":"https:\/\/swimchannel.net\/br\/author\/catarinaganzeli\/"}]}},"_links":{"self":[{"href":"https:\/\/swimchannel.net\/br\/wp-json\/wp\/v2\/posts\/73702","targetHints":{"allow":["GET"]}}],"collection":[{"href":"https:\/\/swimchannel.net\/br\/wp-json\/wp\/v2\/posts"}],"about":[{"href":"https:\/\/swimchannel.net\/br\/wp-json\/wp\/v2\/types\/post"}],"author":[{"embeddable":true,"href":"https:\/\/swimchannel.net\/br\/wp-json\/wp\/v2\/users\/11"}],"replies":[{"embeddable":true,"href":"https:\/\/swimchannel.net\/br\/wp-json\/wp\/v2\/comments?post=73702"}],"version-history":[{"count":1,"href":"https:\/\/swimchannel.net\/br\/wp-json\/wp\/v2\/posts\/73702\/revisions"}],"predecessor-version":[{"id":73704,"href":"https:\/\/swimchannel.net\/br\/wp-json\/wp\/v2\/posts\/73702\/revisions\/73704"}],"wp:featuredmedia":[{"embeddable":true,"href":"https:\/\/swimchannel.net\/br\/wp-json\/wp\/v2\/media\/73703"}],"wp:attachment":[{"href":"https:\/\/swimchannel.net\/br\/wp-json\/wp\/v2\/media?parent=73702"}],"wp:term":[{"taxonomy":"category","embeddable":true,"href":"https:\/\/swimchannel.net\/br\/wp-json\/wp\/v2\/categories?post=73702"},{"taxonomy":"post_tag","embeddable":true,"href":"https:\/\/swimchannel.net\/br\/wp-json\/wp\/v2\/tags?post=73702"}],"curies":[{"name":"wp","href":"https:\/\/api.w.org\/{rel}","templated":true}]}}