{"id":73925,"date":"2025-06-04T16:54:25","date_gmt":"2025-06-04T19:54:25","guid":{"rendered":"https:\/\/swimchannel.net\/br\/?p=73925"},"modified":"2025-06-04T16:54:25","modified_gmt":"2025-06-04T19:54:25","slug":"semana-de-seletiva-de-aguas-abertas-para-o-sul-americano-juvenil","status":"publish","type":"post","link":"https:\/\/swimchannel.net\/br\/semana-de-seletiva-de-aguas-abertas-para-o-sul-americano-juvenil\/","title":{"rendered":"Semana de seletiva de \u00e1guas abertas para o Sul-Americano Juvenil"},"content":{"rendered":"<p>Fortaleza, Praia do Iate Clube, de quinta at\u00e9 domningo, temos a 4a etapa do Campeonato Brasileiro de \u00c1guas Abertas, al\u00e9m de Copa do Brasil, Copa Marcelinha e o programa do Circuito Estadual do Cear\u00e1. As provas de 10 quil\u00f4metros na quinta-feira, e dos 5 quil\u00f4metros no s\u00e1bado, ser\u00e3o seletivas para forma\u00e7\u00e3o da Sele\u00e7\u00e3o Brasileira para o Sul-Americano Juvenil deste ano no Rio de Janeiro.<\/p>\n<p>&nbsp;<\/p>\n<p>No total s\u00e3o tr\u00eas categorias, e dois atletas por sexo em cada uma delas:<\/p>\n<p>Categoria 18-19 anos \u2013 Prova 10K<\/p>\n<p>Categoria 16-17 anos \u2013 Prova 7,5K<\/p>\n<p>Categoria 14-15 anos \u2013 Prova 5K<\/p>\n<p>&nbsp;<\/p>\n<p>Na seletiva nacional, os atletas da categoria 16-17 anos ser\u00e3o apurados na prova dos 10 quil\u00f4metros. Os dois primeiros colocados de cada uma das categorias estar\u00e3o convocados para a Sele\u00e7\u00e3o Brasileira.<\/p>\n<p>&nbsp;<\/p>\n<p>Gostaria de receber as not\u00edcias de nata\u00e7\u00e3o e \u00e1guas abertas no seu email?<\/p>\n<p><a href=\"https:\/\/lpa.nitro.news\/n-GNe\/ultimas-noticias-swim-channel\">Cadastre-se aqui<\/a><\/p>\n","protected":false},"excerpt":{"rendered":"<p>Fortaleza, Praia do Iate Clube, de quinta at\u00e9 domningo, temos a 4a etapa do Campeonato Brasileiro de \u00c1guas Abertas, al\u00e9m de Copa do Brasil, Copa Marcelinha e o programa do Circuito Estadual do Cear\u00e1. As provas de 10 quil\u00f4metros na quinta-feira, e dos 5 quil\u00f4metros no s\u00e1bado, ser\u00e3o seletivas para forma\u00e7\u00e3o da Sele\u00e7\u00e3o Brasileira para [&hellip;]<\/p>\n","protected":false},"author":12,"featured_media":73926,"comment_status":"open","ping_status":"open","sticky":false,"template":"","format":"standard","meta":{"footnotes":""},"categories":[115,2576],"tags":[14],"class_list":["post-73925","post","type-post","status-publish","format-standard","has-post-thumbnail","hentry","category-aguas-abertas","category-ultimas-noticias","tag-aguas-abertas"],"yoast_head":"<!-- This site is optimized with the Yoast SEO plugin v27.0 - https:\/\/yoast.com\/product\/yoast-seo-wordpress\/ -->\n<title>Semana de seletiva de \u00e1guas abertas para o Sul-Americano Juvenil - Swimchannel<\/title>\n<meta name=\"robots\" content=\"index, follow, max-snippet:-1, max-image-preview:large, max-video-preview:-1\" \/>\n<link rel=\"canonical\" href=\"https:\/\/swimchannel.net\/br\/semana-de-seletiva-de-aguas-abertas-para-o-sul-americano-juvenil\/\" \/>\n<meta property=\"og:locale\" content=\"pt_BR\" \/>\n<meta property=\"og:type\" content=\"article\" \/>\n<meta property=\"og:title\" content=\"Semana de seletiva de \u00e1guas abertas para o Sul-Americano Juvenil - Swimchannel\" \/>\n<meta property=\"og:description\" content=\"Fortaleza, Praia do Iate Clube, de quinta at\u00e9 domningo, temos a 4a etapa do Campeonato Brasileiro de \u00c1guas Abertas, al\u00e9m de Copa do Brasil, Copa Marcelinha e o programa do Circuito Estadual do Cear\u00e1. As provas de 10 quil\u00f4metros na quinta-feira, e dos 5 quil\u00f4metros no s\u00e1bado, ser\u00e3o seletivas para forma\u00e7\u00e3o da Sele\u00e7\u00e3o Brasileira para [&hellip;]\" \/>\n<meta property=\"og:url\" content=\"https:\/\/swimchannel.net\/br\/semana-de-seletiva-de-aguas-abertas-para-o-sul-americano-juvenil\/\" \/>\n<meta property=\"og:site_name\" content=\"Swimchannel\" \/>\n<meta property=\"article:publisher\" content=\"https:\/\/www.facebook.com\/swimchannel\" \/>\n<meta property=\"article:published_time\" content=\"2025-06-04T19:54:25+00:00\" \/>\n<meta property=\"og:image\" content=\"https:\/\/swimchannel.net\/br\/wp-content\/uploads\/2025\/06\/whatsapp-image-2022-05-13-at-09.40.21-1-.jpeg.webp\" \/>\n\t<meta property=\"og:image:width\" content=\"984\" \/>\n\t<meta property=\"og:image:height\" content=\"656\" \/>\n\t<meta property=\"og:image:type\" content=\"image\/webp\" \/>\n<meta name=\"author\" content=\"Alex Pussieldi\" \/>\n<meta name=\"twitter:card\" content=\"summary_large_image\" \/>\n<meta name=\"twitter:label1\" content=\"Escrito por\" \/>\n\t<meta name=\"twitter:data1\" content=\"Alex Pussieldi\" \/>\n\t<meta name=\"twitter:label2\" content=\"Est. tempo de leitura\" \/>\n\t<meta name=\"twitter:data2\" content=\"1 minuto\" \/>\n<script type=\"application\/ld+json\" class=\"yoast-schema-graph\">{\"@context\":\"https:\/\/schema.org\",\"@graph\":[{\"@type\":\"Article\",\"@id\":\"https:\/\/swimchannel.net\/br\/semana-de-seletiva-de-aguas-abertas-para-o-sul-americano-juvenil\/#article\",\"isPartOf\":{\"@id\":\"https:\/\/swimchannel.net\/br\/semana-de-seletiva-de-aguas-abertas-para-o-sul-americano-juvenil\/\"},\"author\":{\"name\":\"Alex Pussieldi\",\"@id\":\"https:\/\/swimchannel.net\/br\/#\/schema\/person\/cf549cb99cf75592fcf7c76213385e63\"},\"headline\":\"Semana de seletiva de \u00e1guas abertas para o Sul-Americano Juvenil\",\"datePublished\":\"2025-06-04T19:54:25+00:00\",\"mainEntityOfPage\":{\"@id\":\"https:\/\/swimchannel.net\/br\/semana-de-seletiva-de-aguas-abertas-para-o-sul-americano-juvenil\/\"},\"wordCount\":164,\"commentCount\":0,\"publisher\":{\"@id\":\"https:\/\/swimchannel.net\/br\/#organization\"},\"image\":{\"@id\":\"https:\/\/swimchannel.net\/br\/semana-de-seletiva-de-aguas-abertas-para-o-sul-americano-juvenil\/#primaryimage\"},\"thumbnailUrl\":\"https:\/\/swimchannel.net\/br\/wp-content\/uploads\/2025\/06\/whatsapp-image-2022-05-13-at-09.40.21-1-.jpeg.webp\",\"keywords\":[\"\u00c1guas abertas\"],\"articleSection\":[\"\u00c1guas Abertas\",\"\u00daltimas Not\u00edcias\"],\"inLanguage\":\"pt-BR\",\"potentialAction\":[{\"@type\":\"CommentAction\",\"name\":\"Comment\",\"target\":[\"https:\/\/swimchannel.net\/br\/semana-de-seletiva-de-aguas-abertas-para-o-sul-americano-juvenil\/#respond\"]}]},{\"@type\":\"WebPage\",\"@id\":\"https:\/\/swimchannel.net\/br\/semana-de-seletiva-de-aguas-abertas-para-o-sul-americano-juvenil\/\",\"url\":\"https:\/\/swimchannel.net\/br\/semana-de-seletiva-de-aguas-abertas-para-o-sul-americano-juvenil\/\",\"name\":\"Semana de seletiva de \u00e1guas abertas para o Sul-Americano Juvenil - Swimchannel\",\"isPartOf\":{\"@id\":\"https:\/\/swimchannel.net\/br\/#website\"},\"primaryImageOfPage\":{\"@id\":\"https:\/\/swimchannel.net\/br\/semana-de-seletiva-de-aguas-abertas-para-o-sul-americano-juvenil\/#primaryimage\"},\"image\":{\"@id\":\"https:\/\/swimchannel.net\/br\/semana-de-seletiva-de-aguas-abertas-para-o-sul-americano-juvenil\/#primaryimage\"},\"thumbnailUrl\":\"https:\/\/swimchannel.net\/br\/wp-content\/uploads\/2025\/06\/whatsapp-image-2022-05-13-at-09.40.21-1-.jpeg.webp\",\"datePublished\":\"2025-06-04T19:54:25+00:00\",\"breadcrumb\":{\"@id\":\"https:\/\/swimchannel.net\/br\/semana-de-seletiva-de-aguas-abertas-para-o-sul-americano-juvenil\/#breadcrumb\"},\"inLanguage\":\"pt-BR\",\"potentialAction\":[{\"@type\":\"ReadAction\",\"target\":[\"https:\/\/swimchannel.net\/br\/semana-de-seletiva-de-aguas-abertas-para-o-sul-americano-juvenil\/\"]}]},{\"@type\":\"ImageObject\",\"inLanguage\":\"pt-BR\",\"@id\":\"https:\/\/swimchannel.net\/br\/semana-de-seletiva-de-aguas-abertas-para-o-sul-americano-juvenil\/#primaryimage\",\"url\":\"https:\/\/swimchannel.net\/br\/wp-content\/uploads\/2025\/06\/whatsapp-image-2022-05-13-at-09.40.21-1-.jpeg.webp\",\"contentUrl\":\"https:\/\/swimchannel.net\/br\/wp-content\/uploads\/2025\/06\/whatsapp-image-2022-05-13-at-09.40.21-1-.jpeg.webp\",\"width\":984,\"height\":656},{\"@type\":\"BreadcrumbList\",\"@id\":\"https:\/\/swimchannel.net\/br\/semana-de-seletiva-de-aguas-abertas-para-o-sul-americano-juvenil\/#breadcrumb\",\"itemListElement\":[{\"@type\":\"ListItem\",\"position\":1,\"name\":\"Home\",\"item\":\"https:\/\/swimchannel.net\/br\/\"},{\"@type\":\"ListItem\",\"position\":2,\"name\":\"Semana de seletiva de \u00e1guas abertas para o Sul-Americano Juvenil\"}]},{\"@type\":\"WebSite\",\"@id\":\"https:\/\/swimchannel.net\/br\/#website\",\"url\":\"https:\/\/swimchannel.net\/br\/\",\"name\":\"Swimchannel\",\"description\":\"Maior portal de nata\u00e7\u00e3o da america latina\",\"publisher\":{\"@id\":\"https:\/\/swimchannel.net\/br\/#organization\"},\"potentialAction\":[{\"@type\":\"SearchAction\",\"target\":{\"@type\":\"EntryPoint\",\"urlTemplate\":\"https:\/\/swimchannel.net\/br\/?s={search_term_string}\"},\"query-input\":{\"@type\":\"PropertyValueSpecification\",\"valueRequired\":true,\"valueName\":\"search_term_string\"}}],\"inLanguage\":\"pt-BR\"},{\"@type\":\"Organization\",\"@id\":\"https:\/\/swimchannel.net\/br\/#organization\",\"name\":\"Swimchannel - Conectando voc\u00ea a Nata\u00e7\u00e3o\",\"url\":\"https:\/\/swimchannel.net\/br\/\",\"logo\":{\"@type\":\"ImageObject\",\"inLanguage\":\"pt-BR\",\"@id\":\"https:\/\/swimchannel.net\/br\/#\/schema\/logo\/image\/\",\"url\":\"https:\/\/swimchannel.net\/br\/wp-content\/uploads\/2026\/02\/SWIM-CHANNEL.png\",\"contentUrl\":\"https:\/\/swimchannel.net\/br\/wp-content\/uploads\/2026\/02\/SWIM-CHANNEL.png\",\"width\":1120,\"height\":630,\"caption\":\"Swimchannel - Conectando voc\u00ea a Nata\u00e7\u00e3o\"},\"image\":{\"@id\":\"https:\/\/swimchannel.net\/br\/#\/schema\/logo\/image\/\"},\"sameAs\":[\"https:\/\/www.facebook.com\/swimchannel\",\"https:\/\/www.instagram.com\/swimchannel\"]},{\"@type\":\"Person\",\"@id\":\"https:\/\/swimchannel.net\/br\/#\/schema\/person\/cf549cb99cf75592fcf7c76213385e63\",\"name\":\"Alex Pussieldi\",\"image\":{\"@type\":\"ImageObject\",\"inLanguage\":\"pt-BR\",\"@id\":\"https:\/\/swimchannel.net\/br\/#\/schema\/person\/image\/\",\"url\":\"https:\/\/swimchannel.net\/br\/wp-content\/uploads\/2021\/02\/9b1c252d-a4bd-4eda-b399-24565cac4114-100x100.jpg\",\"contentUrl\":\"https:\/\/swimchannel.net\/br\/wp-content\/uploads\/2021\/02\/9b1c252d-a4bd-4eda-b399-24565cac4114-100x100.jpg\",\"caption\":\"Alex Pussieldi\"},\"description\":\"Alexandre Pussieldi, apelidado de \u201ccoach\u201d, Foi t\u00e9cnico da sele\u00e7\u00e3o verde e amarela nas Olimp\u00edadas de Pequim-2008 e Londres-2012. O treinador ainda comandou outros quatro pa\u00edses: Kuwait, Paraguai, Aruba e Antilhas Holandesas, al\u00e9m da sele\u00e7\u00e3o americana de \u00e1guas abertas. Pussieldi tem passagens como comentarista de nata\u00e7\u00e3o do Grupo Globo e Swim Channel.\",\"url\":\"https:\/\/swimchannel.net\/br\/author\/alexpussieldi\/\"}]}<\/script>\n<!-- \/ Yoast SEO plugin. -->","yoast_head_json":{"title":"Semana de seletiva de \u00e1guas abertas para o Sul-Americano Juvenil - Swimchannel","robots":{"index":"index","follow":"follow","max-snippet":"max-snippet:-1","max-image-preview":"max-image-preview:large","max-video-preview":"max-video-preview:-1"},"canonical":"https:\/\/swimchannel.net\/br\/semana-de-seletiva-de-aguas-abertas-para-o-sul-americano-juvenil\/","og_locale":"pt_BR","og_type":"article","og_title":"Semana de seletiva de \u00e1guas abertas para o Sul-Americano Juvenil - Swimchannel","og_description":"Fortaleza, Praia do Iate Clube, de quinta at\u00e9 domningo, temos a 4a etapa do Campeonato Brasileiro de \u00c1guas Abertas, al\u00e9m de Copa do Brasil, Copa Marcelinha e o programa do Circuito Estadual do Cear\u00e1. As provas de 10 quil\u00f4metros na quinta-feira, e dos 5 quil\u00f4metros no s\u00e1bado, ser\u00e3o seletivas para forma\u00e7\u00e3o da Sele\u00e7\u00e3o Brasileira para [&hellip;]","og_url":"https:\/\/swimchannel.net\/br\/semana-de-seletiva-de-aguas-abertas-para-o-sul-americano-juvenil\/","og_site_name":"Swimchannel","article_publisher":"https:\/\/www.facebook.com\/swimchannel","article_published_time":"2025-06-04T19:54:25+00:00","og_image":[{"width":984,"height":656,"url":"https:\/\/swimchannel.net\/br\/wp-content\/uploads\/2025\/06\/whatsapp-image-2022-05-13-at-09.40.21-1-.jpeg.webp","type":"image\/webp"}],"author":"Alex Pussieldi","twitter_card":"summary_large_image","twitter_misc":{"Escrito por":"Alex Pussieldi","Est. tempo de leitura":"1 minuto"},"schema":{"@context":"https:\/\/schema.org","@graph":[{"@type":"Article","@id":"https:\/\/swimchannel.net\/br\/semana-de-seletiva-de-aguas-abertas-para-o-sul-americano-juvenil\/#article","isPartOf":{"@id":"https:\/\/swimchannel.net\/br\/semana-de-seletiva-de-aguas-abertas-para-o-sul-americano-juvenil\/"},"author":{"name":"Alex Pussieldi","@id":"https:\/\/swimchannel.net\/br\/#\/schema\/person\/cf549cb99cf75592fcf7c76213385e63"},"headline":"Semana de seletiva de \u00e1guas abertas para o Sul-Americano Juvenil","datePublished":"2025-06-04T19:54:25+00:00","mainEntityOfPage":{"@id":"https:\/\/swimchannel.net\/br\/semana-de-seletiva-de-aguas-abertas-para-o-sul-americano-juvenil\/"},"wordCount":164,"commentCount":0,"publisher":{"@id":"https:\/\/swimchannel.net\/br\/#organization"},"image":{"@id":"https:\/\/swimchannel.net\/br\/semana-de-seletiva-de-aguas-abertas-para-o-sul-americano-juvenil\/#primaryimage"},"thumbnailUrl":"https:\/\/swimchannel.net\/br\/wp-content\/uploads\/2025\/06\/whatsapp-image-2022-05-13-at-09.40.21-1-.jpeg.webp","keywords":["\u00c1guas abertas"],"articleSection":["\u00c1guas Abertas","\u00daltimas Not\u00edcias"],"inLanguage":"pt-BR","potentialAction":[{"@type":"CommentAction","name":"Comment","target":["https:\/\/swimchannel.net\/br\/semana-de-seletiva-de-aguas-abertas-para-o-sul-americano-juvenil\/#respond"]}]},{"@type":"WebPage","@id":"https:\/\/swimchannel.net\/br\/semana-de-seletiva-de-aguas-abertas-para-o-sul-americano-juvenil\/","url":"https:\/\/swimchannel.net\/br\/semana-de-seletiva-de-aguas-abertas-para-o-sul-americano-juvenil\/","name":"Semana de seletiva de \u00e1guas abertas para o Sul-Americano Juvenil - Swimchannel","isPartOf":{"@id":"https:\/\/swimchannel.net\/br\/#website"},"primaryImageOfPage":{"@id":"https:\/\/swimchannel.net\/br\/semana-de-seletiva-de-aguas-abertas-para-o-sul-americano-juvenil\/#primaryimage"},"image":{"@id":"https:\/\/swimchannel.net\/br\/semana-de-seletiva-de-aguas-abertas-para-o-sul-americano-juvenil\/#primaryimage"},"thumbnailUrl":"https:\/\/swimchannel.net\/br\/wp-content\/uploads\/2025\/06\/whatsapp-image-2022-05-13-at-09.40.21-1-.jpeg.webp","datePublished":"2025-06-04T19:54:25+00:00","breadcrumb":{"@id":"https:\/\/swimchannel.net\/br\/semana-de-seletiva-de-aguas-abertas-para-o-sul-americano-juvenil\/#breadcrumb"},"inLanguage":"pt-BR","potentialAction":[{"@type":"ReadAction","target":["https:\/\/swimchannel.net\/br\/semana-de-seletiva-de-aguas-abertas-para-o-sul-americano-juvenil\/"]}]},{"@type":"ImageObject","inLanguage":"pt-BR","@id":"https:\/\/swimchannel.net\/br\/semana-de-seletiva-de-aguas-abertas-para-o-sul-americano-juvenil\/#primaryimage","url":"https:\/\/swimchannel.net\/br\/wp-content\/uploads\/2025\/06\/whatsapp-image-2022-05-13-at-09.40.21-1-.jpeg.webp","contentUrl":"https:\/\/swimchannel.net\/br\/wp-content\/uploads\/2025\/06\/whatsapp-image-2022-05-13-at-09.40.21-1-.jpeg.webp","width":984,"height":656},{"@type":"BreadcrumbList","@id":"https:\/\/swimchannel.net\/br\/semana-de-seletiva-de-aguas-abertas-para-o-sul-americano-juvenil\/#breadcrumb","itemListElement":[{"@type":"ListItem","position":1,"name":"Home","item":"https:\/\/swimchannel.net\/br\/"},{"@type":"ListItem","position":2,"name":"Semana de seletiva de \u00e1guas abertas para o Sul-Americano Juvenil"}]},{"@type":"WebSite","@id":"https:\/\/swimchannel.net\/br\/#website","url":"https:\/\/swimchannel.net\/br\/","name":"Swimchannel","description":"Maior portal de nata\u00e7\u00e3o da america latina","publisher":{"@id":"https:\/\/swimchannel.net\/br\/#organization"},"potentialAction":[{"@type":"SearchAction","target":{"@type":"EntryPoint","urlTemplate":"https:\/\/swimchannel.net\/br\/?s={search_term_string}"},"query-input":{"@type":"PropertyValueSpecification","valueRequired":true,"valueName":"search_term_string"}}],"inLanguage":"pt-BR"},{"@type":"Organization","@id":"https:\/\/swimchannel.net\/br\/#organization","name":"Swimchannel - Conectando voc\u00ea a Nata\u00e7\u00e3o","url":"https:\/\/swimchannel.net\/br\/","logo":{"@type":"ImageObject","inLanguage":"pt-BR","@id":"https:\/\/swimchannel.net\/br\/#\/schema\/logo\/image\/","url":"https:\/\/swimchannel.net\/br\/wp-content\/uploads\/2026\/02\/SWIM-CHANNEL.png","contentUrl":"https:\/\/swimchannel.net\/br\/wp-content\/uploads\/2026\/02\/SWIM-CHANNEL.png","width":1120,"height":630,"caption":"Swimchannel - Conectando voc\u00ea a Nata\u00e7\u00e3o"},"image":{"@id":"https:\/\/swimchannel.net\/br\/#\/schema\/logo\/image\/"},"sameAs":["https:\/\/www.facebook.com\/swimchannel","https:\/\/www.instagram.com\/swimchannel"]},{"@type":"Person","@id":"https:\/\/swimchannel.net\/br\/#\/schema\/person\/cf549cb99cf75592fcf7c76213385e63","name":"Alex Pussieldi","image":{"@type":"ImageObject","inLanguage":"pt-BR","@id":"https:\/\/swimchannel.net\/br\/#\/schema\/person\/image\/","url":"https:\/\/swimchannel.net\/br\/wp-content\/uploads\/2021\/02\/9b1c252d-a4bd-4eda-b399-24565cac4114-100x100.jpg","contentUrl":"https:\/\/swimchannel.net\/br\/wp-content\/uploads\/2021\/02\/9b1c252d-a4bd-4eda-b399-24565cac4114-100x100.jpg","caption":"Alex Pussieldi"},"description":"Alexandre Pussieldi, apelidado de \u201ccoach\u201d, Foi t\u00e9cnico da sele\u00e7\u00e3o verde e amarela nas Olimp\u00edadas de Pequim-2008 e Londres-2012. O treinador ainda comandou outros quatro pa\u00edses: Kuwait, Paraguai, Aruba e Antilhas Holandesas, al\u00e9m da sele\u00e7\u00e3o americana de \u00e1guas abertas. Pussieldi tem passagens como comentarista de nata\u00e7\u00e3o do Grupo Globo e Swim Channel.","url":"https:\/\/swimchannel.net\/br\/author\/alexpussieldi\/"}]}},"_links":{"self":[{"href":"https:\/\/swimchannel.net\/br\/wp-json\/wp\/v2\/posts\/73925","targetHints":{"allow":["GET"]}}],"collection":[{"href":"https:\/\/swimchannel.net\/br\/wp-json\/wp\/v2\/posts"}],"about":[{"href":"https:\/\/swimchannel.net\/br\/wp-json\/wp\/v2\/types\/post"}],"author":[{"embeddable":true,"href":"https:\/\/swimchannel.net\/br\/wp-json\/wp\/v2\/users\/12"}],"replies":[{"embeddable":true,"href":"https:\/\/swimchannel.net\/br\/wp-json\/wp\/v2\/comments?post=73925"}],"version-history":[{"count":1,"href":"https:\/\/swimchannel.net\/br\/wp-json\/wp\/v2\/posts\/73925\/revisions"}],"predecessor-version":[{"id":73927,"href":"https:\/\/swimchannel.net\/br\/wp-json\/wp\/v2\/posts\/73925\/revisions\/73927"}],"wp:featuredmedia":[{"embeddable":true,"href":"https:\/\/swimchannel.net\/br\/wp-json\/wp\/v2\/media\/73926"}],"wp:attachment":[{"href":"https:\/\/swimchannel.net\/br\/wp-json\/wp\/v2\/media?parent=73925"}],"wp:term":[{"taxonomy":"category","embeddable":true,"href":"https:\/\/swimchannel.net\/br\/wp-json\/wp\/v2\/categories?post=73925"},{"taxonomy":"post_tag","embeddable":true,"href":"https:\/\/swimchannel.net\/br\/wp-json\/wp\/v2\/tags?post=73925"}],"curies":[{"name":"wp","href":"https:\/\/api.w.org\/{rel}","templated":true}]}}