{"id":73950,"date":"2025-06-06T15:12:09","date_gmt":"2025-06-06T18:12:09","guid":{"rendered":"https:\/\/swimchannel.net\/br\/?p=73950"},"modified":"2025-06-06T16:18:46","modified_gmt":"2025-06-06T19:18:46","slug":"desafio-hilario-2025-promete-movimentar-o-mar-de-minas-com-provas-para-todas-as-idades","status":"publish","type":"post","link":"https:\/\/swimchannel.net\/br\/desafio-hilario-2025-promete-movimentar-o-mar-de-minas-com-provas-para-todas-as-idades\/","title":{"rendered":"Desafio Hil\u00e1rio 2025 promete movimentar o \u201cMar de Minas\u201d com provas para todas as idades"},"content":{"rendered":"<p data-start=\"94\" data-end=\"468\"><em data-start=\"274\" data-end=\"296\">O <\/em>Desafio Hil\u00e1rio 2025 ser\u00e1 realizado nos dias 4 e 5 de outubro de 2025,\u00a0\u00a0no vilarejo de Santo Hil\u00e1rio, pertencente ao munic\u00edpio de Pimenta, em Minas Gerai. Realizado em um dos bra\u00e7os do Lago de Furnas, carinhosamente apelidado de \u201cMar de Minas\u201d, o evento atrai nadadores amadores e experientes de diversas regi\u00f5es do Brasil.<\/p>\n<p data-start=\"470\" data-end=\"886\">Com inscri\u00e7\u00f5es abertas at\u00e9 o dia 31 de julho aqui: <a href=\"https:\/\/www.sympla.com.br\/evento\/desafio-hilario-2025\/2922136?referrer=www.desafiohilario.com.br\">https:\/\/www.sympla.com.br\/evento\/desafio-hilario-2025\/2922136?referrer=www.desafiohilario.com.br ,<\/a> o Desafio Hil\u00e1rio acontece no Porto Capetinga com provas que variam entre 200 metros para o p\u00fablico infantil at\u00e9 a prova principal de 3 km. A organiza\u00e7\u00e3o tamb\u00e9m oferece dist\u00e2ncias intermedi\u00e1rias de 500 metros e 1,5 km.<\/p>\n<p data-start=\"888\" data-end=\"1258\">Al\u00e9m do esporte, a solidariedade tamb\u00e9m ter\u00e1 espa\u00e7o. Durante a retirada do kit atleta, no s\u00e1bado (04\/10) a partir das 14h, os participantes dever\u00e3o entregar 1 kg de alimento n\u00e3o perec\u00edvel como parte da campanha social do evento. O kit inclui camiseta, touca, sacochila, medalha finisher, certificado digital de participa\u00e7\u00e3o e chip aqu\u00e1tico para cronometragem eletr\u00f4nica.<\/p>\n<figure id=\"attachment_73998\" aria-describedby=\"caption-attachment-73998\" style=\"width: 1200px\" class=\"wp-caption alignnone\"><img loading=\"lazy\" decoding=\"async\" class=\"size-large wp-image-73998\" src=\"https:\/\/swimchannel.net\/br\/wp-content\/uploads\/2025\/06\/MG_0086-1200x800.jpg\" alt=\"\" width=\"1200\" height=\"800\" srcset=\"https:\/\/swimchannel.net\/br\/wp-content\/uploads\/2025\/06\/MG_0086-1200x800.jpg 1200w, https:\/\/swimchannel.net\/br\/wp-content\/uploads\/2025\/06\/MG_0086-1013x675.jpg 1013w, https:\/\/swimchannel.net\/br\/wp-content\/uploads\/2025\/06\/MG_0086-270x180.jpg 270w, https:\/\/swimchannel.net\/br\/wp-content\/uploads\/2025\/06\/MG_0086-768x512.jpg 768w, https:\/\/swimchannel.net\/br\/wp-content\/uploads\/2025\/06\/MG_0086-1536x1024.jpg 1536w, https:\/\/swimchannel.net\/br\/wp-content\/uploads\/2025\/06\/MG_0086-2048x1365.jpg 2048w, https:\/\/swimchannel.net\/br\/wp-content\/uploads\/2025\/06\/MG_0086-750x500.jpg 750w, https:\/\/swimchannel.net\/br\/wp-content\/uploads\/2025\/06\/MG_0086-1140x760.jpg 1140w\" sizes=\"auto, (max-width: 1200px) 100vw, 1200px\" \/><figcaption id=\"caption-attachment-73998\" class=\"wp-caption-text\">Desafios Hil\u00e1rio. Foto:Arthur Leal\/Divulga\u00e7\u00e3o<\/figcaption><\/figure>\n<p>&#8220;Em 2024, o evento marcou um feito in\u00e9dito ao sediar a primeira prova do Estado no formato de travessia. Com percurso de 3 km, os atletas foram transportados de lancha at\u00e9 o Condom\u00ednio Farol D\u2019Aldeia, parceiro do evento, e retornaram nadando at\u00e9 o vilarejo de Santo Hil\u00e1rio, em meio a paisagens de tirar o f\u00f4lego.&#8221;, comentou um dos idealizadores Talisson Souza.<\/p>\n<p data-start=\"1260\" data-end=\"1437\">No domingo (05\/10), a arena abre \u00e0s 6h, com largada da prova de 3 km prevista para 7h. As demais provas acontecem ao longo da manh\u00e3, encerrando \u00e0s 14h com as \u00faltimas premia\u00e7\u00f5es.<\/p>\n<p data-start=\"1471\" data-end=\"1737\">Para participar, os atletas devem apresentar atestado m\u00e9dico, termo de responsabilidade, declara\u00e7\u00e3o do t\u00e9cnico (ou comprovante de participa\u00e7\u00e3o anterior, caso n\u00e3o possuam treinador), al\u00e9m de utilizar obrigatoriamente a boia de seguran\u00e7a para as provas em \u00e1guas abertas.<\/p>\n<figure id=\"attachment_74001\" aria-describedby=\"caption-attachment-74001\" style=\"width: 1200px\" class=\"wp-caption alignnone\"><img loading=\"lazy\" decoding=\"async\" class=\"size-large wp-image-74001\" src=\"https:\/\/swimchannel.net\/br\/wp-content\/uploads\/2025\/06\/img_2152-1200x800.jpg\" alt=\"\" width=\"1200\" height=\"800\" srcset=\"https:\/\/swimchannel.net\/br\/wp-content\/uploads\/2025\/06\/img_2152-1200x800.jpg 1200w, https:\/\/swimchannel.net\/br\/wp-content\/uploads\/2025\/06\/img_2152-1013x675.jpg 1013w, https:\/\/swimchannel.net\/br\/wp-content\/uploads\/2025\/06\/img_2152-270x180.jpg 270w, https:\/\/swimchannel.net\/br\/wp-content\/uploads\/2025\/06\/img_2152-768x512.jpg 768w, https:\/\/swimchannel.net\/br\/wp-content\/uploads\/2025\/06\/img_2152-1536x1024.jpg 1536w, https:\/\/swimchannel.net\/br\/wp-content\/uploads\/2025\/06\/img_2152-2048x1365.jpg 2048w, https:\/\/swimchannel.net\/br\/wp-content\/uploads\/2025\/06\/img_2152-750x500.jpg 750w, https:\/\/swimchannel.net\/br\/wp-content\/uploads\/2025\/06\/img_2152-1140x760.jpg 1140w\" sizes=\"auto, (max-width: 1200px) 100vw, 1200px\" \/><figcaption id=\"caption-attachment-74001\" class=\"wp-caption-text\">Desafios Hil\u00e1rio. Foto:Arthur Leal\/Divulga\u00e7\u00e3o<\/figcaption><\/figure>\n<p data-start=\"2097\" data-end=\"2236\">Os interessados podem consultar o regulamento completo e solicitar cupons promocionais diretamente pelo WhatsApp oficial: (37) 9 9107-9833.<\/p>\n<p data-start=\"2238\" data-end=\"2464\" data-is-last-node=\"\" data-is-only-node=\"\">O Desafio Hil\u00e1rio \u00e9 organizado pela empresa Navegar &#8211; Projetos e Eventos. Idealizado pelos atletas Talisson Souza e Rosamaria Amaral, o projeto tem como principal objetivo fomentar a pr\u00e1tica da nata\u00e7\u00e3o em \u00e1guas abertas no Lago de Furnas e se consolidar como refer\u00eancia na modalidade no \u201cMar de Minas\u201d.<\/p>\n<figure id=\"attachment_73996\" aria-describedby=\"caption-attachment-73996\" style=\"width: 533px\" class=\"wp-caption alignnone\"><img loading=\"lazy\" decoding=\"async\" class=\"size-large wp-image-73996\" src=\"https:\/\/swimchannel.net\/br\/wp-content\/uploads\/2025\/06\/IMG_0664-2-533x800.jpg\" alt=\"\" width=\"533\" height=\"800\" srcset=\"https:\/\/swimchannel.net\/br\/wp-content\/uploads\/2025\/06\/IMG_0664-2-533x800.jpg 533w, https:\/\/swimchannel.net\/br\/wp-content\/uploads\/2025\/06\/IMG_0664-2-450x675.jpg 450w, https:\/\/swimchannel.net\/br\/wp-content\/uploads\/2025\/06\/IMG_0664-2-120x180.jpg 120w, https:\/\/swimchannel.net\/br\/wp-content\/uploads\/2025\/06\/IMG_0664-2-768x1152.jpg 768w, https:\/\/swimchannel.net\/br\/wp-content\/uploads\/2025\/06\/IMG_0664-2-1024x1536.jpg 1024w, https:\/\/swimchannel.net\/br\/wp-content\/uploads\/2025\/06\/IMG_0664-2-1366x2048.jpg 1366w, https:\/\/swimchannel.net\/br\/wp-content\/uploads\/2025\/06\/IMG_0664-2-750x1125.jpg 750w, https:\/\/swimchannel.net\/br\/wp-content\/uploads\/2025\/06\/IMG_0664-2-1140x1710.jpg 1140w, https:\/\/swimchannel.net\/br\/wp-content\/uploads\/2025\/06\/IMG_0664-2-scaled.jpg 1707w\" sizes=\"auto, (max-width: 533px) 100vw, 533px\" \/><figcaption id=\"caption-attachment-73996\" class=\"wp-caption-text\">Desafios Hil\u00e1rio. Foto:Arthur Leal\/Divulga\u00e7\u00e3o<\/figcaption><\/figure>\n<p data-start=\"2238\" data-end=\"2464\" data-is-last-node=\"\" data-is-only-node=\"\">\u00a0Em 2025, espera-se uma edi\u00e7\u00e3o in\u00e9dia, repleta de novidades e novos desafios. O site oficial \u00e9: <a href=\"http:\/\/www.desafiohilario.com.br\">www.desafiohilario.com.br.<\/a>O evento ocorre no distrito de Santo Hil\u00e1rio\/Pimenta &#8211; MG e conta com o apoio institucional da Prefeitura Municipal de Pimenta, por meio da Secretaria Municipal de Esporte, Lazer, Cultura e Turismo, al\u00e9m da Marinha do Brasil, por interm\u00e9dio da Delegacia Fluvial de Furnas.<\/p>\n<p data-start=\"2238\" data-end=\"2464\" data-is-last-node=\"\" data-is-only-node=\"\">\n<p>Gostaria de receber as not\u00edcias de nata\u00e7\u00e3o e \u00e1guas abertas no seu email?<\/p>\n<p><a href=\"https:\/\/lpa.nitro.news\/n-GNe\/ultimas-noticias-swim-channel\">Cadastre-se aqui<\/a><\/p>\n","protected":false},"excerpt":{"rendered":"<p>O Desafio Hil\u00e1rio 2025 ser\u00e1 realizado nos dias 4 e 5 de outubro de 2025,\u00a0\u00a0no vilarejo de Santo Hil\u00e1rio, pertencente ao munic\u00edpio de Pimenta, em Minas Gerai. Realizado em um dos bra\u00e7os do Lago de Furnas, carinhosamente apelidado de \u201cMar de Minas\u201d, o evento atrai nadadores amadores e experientes de diversas regi\u00f5es do Brasil. Com [&hellip;]<\/p>\n","protected":false},"author":9,"featured_media":74000,"comment_status":"open","ping_status":"open","sticky":false,"template":"","format":"standard","meta":{"footnotes":""},"categories":[115],"tags":[14,6470,6473,5],"class_list":["post-73950","post","type-post","status-publish","format-standard","has-post-thumbnail","hentry","category-aguas-abertas","tag-aguas-abertas","tag-desafio-hilario","tag-mar-de-minas","tag-natacao"],"yoast_head":"<!-- This site is optimized with the Yoast SEO plugin v27.0 - https:\/\/yoast.com\/product\/yoast-seo-wordpress\/ -->\n<title>Desafio Hil\u00e1rio 2025 promete movimentar o \u201cMar de Minas\u201d com provas para todas as idades - Swimchannel<\/title>\n<meta name=\"robots\" content=\"index, follow, max-snippet:-1, max-image-preview:large, max-video-preview:-1\" \/>\n<link rel=\"canonical\" href=\"https:\/\/swimchannel.net\/br\/desafio-hilario-2025-promete-movimentar-o-mar-de-minas-com-provas-para-todas-as-idades\/\" \/>\n<meta property=\"og:locale\" content=\"pt_BR\" \/>\n<meta property=\"og:type\" content=\"article\" \/>\n<meta property=\"og:title\" content=\"Desafio Hil\u00e1rio 2025 promete movimentar o \u201cMar de Minas\u201d com provas para todas as idades - Swimchannel\" \/>\n<meta property=\"og:description\" content=\"O Desafio Hil\u00e1rio 2025 ser\u00e1 realizado nos dias 4 e 5 de outubro de 2025,\u00a0\u00a0no vilarejo de Santo Hil\u00e1rio, pertencente ao munic\u00edpio de Pimenta, em Minas Gerai. Realizado em um dos bra\u00e7os do Lago de Furnas, carinhosamente apelidado de \u201cMar de Minas\u201d, o evento atrai nadadores amadores e experientes de diversas regi\u00f5es do Brasil. Com [&hellip;]\" \/>\n<meta property=\"og:url\" content=\"https:\/\/swimchannel.net\/br\/desafio-hilario-2025-promete-movimentar-o-mar-de-minas-com-provas-para-todas-as-idades\/\" \/>\n<meta property=\"og:site_name\" content=\"Swimchannel\" \/>\n<meta property=\"article:publisher\" content=\"https:\/\/www.facebook.com\/swimchannel\" \/>\n<meta property=\"article:published_time\" content=\"2025-06-06T18:12:09+00:00\" \/>\n<meta property=\"article:modified_time\" content=\"2025-06-06T19:18:46+00:00\" \/>\n<meta property=\"og:image\" content=\"https:\/\/swimchannel.net\/br\/wp-content\/uploads\/2025\/06\/MG_9694-scaled.jpg\" \/>\n\t<meta property=\"og:image:width\" content=\"2560\" \/>\n\t<meta property=\"og:image:height\" content=\"1706\" \/>\n\t<meta property=\"og:image:type\" content=\"image\/jpeg\" \/>\n<meta name=\"author\" content=\"Katarine Monteiro\" \/>\n<meta name=\"twitter:card\" content=\"summary_large_image\" \/>\n<meta name=\"twitter:creator\" content=\"@https:\/\/twitter.com\/Katarinem\" \/>\n<meta name=\"twitter:label1\" content=\"Escrito por\" \/>\n\t<meta name=\"twitter:data1\" content=\"Katarine Monteiro\" \/>\n\t<meta name=\"twitter:label2\" content=\"Est. tempo de leitura\" \/>\n\t<meta name=\"twitter:data2\" content=\"3 minutos\" \/>\n<script type=\"application\/ld+json\" class=\"yoast-schema-graph\">{\"@context\":\"https:\/\/schema.org\",\"@graph\":[{\"@type\":\"Article\",\"@id\":\"https:\/\/swimchannel.net\/br\/desafio-hilario-2025-promete-movimentar-o-mar-de-minas-com-provas-para-todas-as-idades\/#article\",\"isPartOf\":{\"@id\":\"https:\/\/swimchannel.net\/br\/desafio-hilario-2025-promete-movimentar-o-mar-de-minas-com-provas-para-todas-as-idades\/\"},\"author\":{\"name\":\"Katarine Monteiro\",\"@id\":\"https:\/\/swimchannel.net\/br\/#\/schema\/person\/73ae9cec62249968bca1f0a8098ef002\"},\"headline\":\"Desafio Hil\u00e1rio 2025 promete movimentar o \u201cMar de Minas\u201d com provas para todas as idades\",\"datePublished\":\"2025-06-06T18:12:09+00:00\",\"dateModified\":\"2025-06-06T19:18:46+00:00\",\"mainEntityOfPage\":{\"@id\":\"https:\/\/swimchannel.net\/br\/desafio-hilario-2025-promete-movimentar-o-mar-de-minas-com-provas-para-todas-as-idades\/\"},\"wordCount\":534,\"commentCount\":0,\"publisher\":{\"@id\":\"https:\/\/swimchannel.net\/br\/#organization\"},\"image\":{\"@id\":\"https:\/\/swimchannel.net\/br\/desafio-hilario-2025-promete-movimentar-o-mar-de-minas-com-provas-para-todas-as-idades\/#primaryimage\"},\"thumbnailUrl\":\"https:\/\/swimchannel.net\/br\/wp-content\/uploads\/2025\/06\/MG_9694-scaled.jpg\",\"keywords\":[\"\u00c1guas abertas\",\"Desafio Hil\u00e1rio\",\"Mar de Minas\",\"natacao\"],\"articleSection\":[\"\u00c1guas Abertas\"],\"inLanguage\":\"pt-BR\",\"potentialAction\":[{\"@type\":\"CommentAction\",\"name\":\"Comment\",\"target\":[\"https:\/\/swimchannel.net\/br\/desafio-hilario-2025-promete-movimentar-o-mar-de-minas-com-provas-para-todas-as-idades\/#respond\"]}]},{\"@type\":\"WebPage\",\"@id\":\"https:\/\/swimchannel.net\/br\/desafio-hilario-2025-promete-movimentar-o-mar-de-minas-com-provas-para-todas-as-idades\/\",\"url\":\"https:\/\/swimchannel.net\/br\/desafio-hilario-2025-promete-movimentar-o-mar-de-minas-com-provas-para-todas-as-idades\/\",\"name\":\"Desafio Hil\u00e1rio 2025 promete movimentar o \u201cMar de Minas\u201d com provas para todas as idades - Swimchannel\",\"isPartOf\":{\"@id\":\"https:\/\/swimchannel.net\/br\/#website\"},\"primaryImageOfPage\":{\"@id\":\"https:\/\/swimchannel.net\/br\/desafio-hilario-2025-promete-movimentar-o-mar-de-minas-com-provas-para-todas-as-idades\/#primaryimage\"},\"image\":{\"@id\":\"https:\/\/swimchannel.net\/br\/desafio-hilario-2025-promete-movimentar-o-mar-de-minas-com-provas-para-todas-as-idades\/#primaryimage\"},\"thumbnailUrl\":\"https:\/\/swimchannel.net\/br\/wp-content\/uploads\/2025\/06\/MG_9694-scaled.jpg\",\"datePublished\":\"2025-06-06T18:12:09+00:00\",\"dateModified\":\"2025-06-06T19:18:46+00:00\",\"breadcrumb\":{\"@id\":\"https:\/\/swimchannel.net\/br\/desafio-hilario-2025-promete-movimentar-o-mar-de-minas-com-provas-para-todas-as-idades\/#breadcrumb\"},\"inLanguage\":\"pt-BR\",\"potentialAction\":[{\"@type\":\"ReadAction\",\"target\":[\"https:\/\/swimchannel.net\/br\/desafio-hilario-2025-promete-movimentar-o-mar-de-minas-com-provas-para-todas-as-idades\/\"]}]},{\"@type\":\"ImageObject\",\"inLanguage\":\"pt-BR\",\"@id\":\"https:\/\/swimchannel.net\/br\/desafio-hilario-2025-promete-movimentar-o-mar-de-minas-com-provas-para-todas-as-idades\/#primaryimage\",\"url\":\"https:\/\/swimchannel.net\/br\/wp-content\/uploads\/2025\/06\/MG_9694-scaled.jpg\",\"contentUrl\":\"https:\/\/swimchannel.net\/br\/wp-content\/uploads\/2025\/06\/MG_9694-scaled.jpg\",\"width\":2560,\"height\":1706,\"caption\":\"Desafios Hil\u00e1rio. Foto:Arthur Leal\/Divulga\u00e7\u00e3o\"},{\"@type\":\"BreadcrumbList\",\"@id\":\"https:\/\/swimchannel.net\/br\/desafio-hilario-2025-promete-movimentar-o-mar-de-minas-com-provas-para-todas-as-idades\/#breadcrumb\",\"itemListElement\":[{\"@type\":\"ListItem\",\"position\":1,\"name\":\"Home\",\"item\":\"https:\/\/swimchannel.net\/br\/\"},{\"@type\":\"ListItem\",\"position\":2,\"name\":\"Desafio Hil\u00e1rio 2025 promete movimentar o \u201cMar de Minas\u201d com provas para todas as idades\"}]},{\"@type\":\"WebSite\",\"@id\":\"https:\/\/swimchannel.net\/br\/#website\",\"url\":\"https:\/\/swimchannel.net\/br\/\",\"name\":\"Swimchannel\",\"description\":\"Maior portal de nata\u00e7\u00e3o da america latina\",\"publisher\":{\"@id\":\"https:\/\/swimchannel.net\/br\/#organization\"},\"potentialAction\":[{\"@type\":\"SearchAction\",\"target\":{\"@type\":\"EntryPoint\",\"urlTemplate\":\"https:\/\/swimchannel.net\/br\/?s={search_term_string}\"},\"query-input\":{\"@type\":\"PropertyValueSpecification\",\"valueRequired\":true,\"valueName\":\"search_term_string\"}}],\"inLanguage\":\"pt-BR\"},{\"@type\":\"Organization\",\"@id\":\"https:\/\/swimchannel.net\/br\/#organization\",\"name\":\"Swimchannel - Conectando voc\u00ea a Nata\u00e7\u00e3o\",\"url\":\"https:\/\/swimchannel.net\/br\/\",\"logo\":{\"@type\":\"ImageObject\",\"inLanguage\":\"pt-BR\",\"@id\":\"https:\/\/swimchannel.net\/br\/#\/schema\/logo\/image\/\",\"url\":\"https:\/\/swimchannel.net\/br\/wp-content\/uploads\/2026\/02\/SWIM-CHANNEL.png\",\"contentUrl\":\"https:\/\/swimchannel.net\/br\/wp-content\/uploads\/2026\/02\/SWIM-CHANNEL.png\",\"width\":1120,\"height\":630,\"caption\":\"Swimchannel - Conectando voc\u00ea a Nata\u00e7\u00e3o\"},\"image\":{\"@id\":\"https:\/\/swimchannel.net\/br\/#\/schema\/logo\/image\/\"},\"sameAs\":[\"https:\/\/www.facebook.com\/swimchannel\",\"https:\/\/www.instagram.com\/swimchannel\"]},{\"@type\":\"Person\",\"@id\":\"https:\/\/swimchannel.net\/br\/#\/schema\/person\/73ae9cec62249968bca1f0a8098ef002\",\"name\":\"Katarine Monteiro\",\"image\":{\"@type\":\"ImageObject\",\"inLanguage\":\"pt-BR\",\"@id\":\"https:\/\/swimchannel.net\/br\/#\/schema\/person\/image\/\",\"url\":\"https:\/\/swimchannel.net\/br\/wp-content\/uploads\/2022\/01\/Katarine-Monteiro-100x100.jpg\",\"contentUrl\":\"https:\/\/swimchannel.net\/br\/wp-content\/uploads\/2022\/01\/Katarine-Monteiro-100x100.jpg\",\"caption\":\"Katarine Monteiro\"},\"description\":\"Jornalista SWIM CHANNEL especializada em esportes ol\u00edmpicos e em sa\u00fade. Com cobertura de grandes eventos internacionais, como Jogos Ol\u00edmpicos Rio 2016, Jogos Pan-Americanos em Lima 2019, Qatar Total Open 2020, Qatar ExxonMobil Open 2019 - t\u00eanis em Doha (QT), Semana Internacional de Vela de Ilhabela, Transat Jacques Vabre 2019 (Fran\u00e7a-Brasil), L'\u00c9tape Brasil by Tour de France, j\u00e1 fez in\u00fameras coberturas de nata\u00e7\u00e3o, maratona aqu\u00e1tica e polo aqu\u00e1tico. Formada tamb\u00e9m em Letras, a jornalista atua como assessora de imprensa, rela\u00e7\u00f5es p\u00fablicas e social media, com especializa\u00e7\u00e3o em marketing esportivo. Nadadora amadora de \u00e1guas abertas, j\u00e1 trabalhou com grandes nomes da nata\u00e7\u00e3o e do polo aqu\u00e1tico brasileiro.\",\"sameAs\":[\"https:\/\/www.instagram.com\/_katarinemonteiro\/\",\"https:\/\/www.linkedin.com\/in\/katarine-monteiro-19385297\/\",\"https:\/\/x.com\/https:\/\/twitter.com\/Katarinem\"],\"url\":\"https:\/\/swimchannel.net\/br\/author\/katarine-monteiro\/\"}]}<\/script>\n<!-- \/ Yoast SEO plugin. -->","yoast_head_json":{"title":"Desafio Hil\u00e1rio 2025 promete movimentar o \u201cMar de Minas\u201d com provas para todas as idades - Swimchannel","robots":{"index":"index","follow":"follow","max-snippet":"max-snippet:-1","max-image-preview":"max-image-preview:large","max-video-preview":"max-video-preview:-1"},"canonical":"https:\/\/swimchannel.net\/br\/desafio-hilario-2025-promete-movimentar-o-mar-de-minas-com-provas-para-todas-as-idades\/","og_locale":"pt_BR","og_type":"article","og_title":"Desafio Hil\u00e1rio 2025 promete movimentar o \u201cMar de Minas\u201d com provas para todas as idades - Swimchannel","og_description":"O Desafio Hil\u00e1rio 2025 ser\u00e1 realizado nos dias 4 e 5 de outubro de 2025,\u00a0\u00a0no vilarejo de Santo Hil\u00e1rio, pertencente ao munic\u00edpio de Pimenta, em Minas Gerai. Realizado em um dos bra\u00e7os do Lago de Furnas, carinhosamente apelidado de \u201cMar de Minas\u201d, o evento atrai nadadores amadores e experientes de diversas regi\u00f5es do Brasil. Com [&hellip;]","og_url":"https:\/\/swimchannel.net\/br\/desafio-hilario-2025-promete-movimentar-o-mar-de-minas-com-provas-para-todas-as-idades\/","og_site_name":"Swimchannel","article_publisher":"https:\/\/www.facebook.com\/swimchannel","article_published_time":"2025-06-06T18:12:09+00:00","article_modified_time":"2025-06-06T19:18:46+00:00","og_image":[{"width":2560,"height":1706,"url":"https:\/\/swimchannel.net\/br\/wp-content\/uploads\/2025\/06\/MG_9694-scaled.jpg","type":"image\/jpeg"}],"author":"Katarine Monteiro","twitter_card":"summary_large_image","twitter_creator":"@https:\/\/twitter.com\/Katarinem","twitter_misc":{"Escrito por":"Katarine Monteiro","Est. tempo de leitura":"3 minutos"},"schema":{"@context":"https:\/\/schema.org","@graph":[{"@type":"Article","@id":"https:\/\/swimchannel.net\/br\/desafio-hilario-2025-promete-movimentar-o-mar-de-minas-com-provas-para-todas-as-idades\/#article","isPartOf":{"@id":"https:\/\/swimchannel.net\/br\/desafio-hilario-2025-promete-movimentar-o-mar-de-minas-com-provas-para-todas-as-idades\/"},"author":{"name":"Katarine Monteiro","@id":"https:\/\/swimchannel.net\/br\/#\/schema\/person\/73ae9cec62249968bca1f0a8098ef002"},"headline":"Desafio Hil\u00e1rio 2025 promete movimentar o \u201cMar de Minas\u201d com provas para todas as idades","datePublished":"2025-06-06T18:12:09+00:00","dateModified":"2025-06-06T19:18:46+00:00","mainEntityOfPage":{"@id":"https:\/\/swimchannel.net\/br\/desafio-hilario-2025-promete-movimentar-o-mar-de-minas-com-provas-para-todas-as-idades\/"},"wordCount":534,"commentCount":0,"publisher":{"@id":"https:\/\/swimchannel.net\/br\/#organization"},"image":{"@id":"https:\/\/swimchannel.net\/br\/desafio-hilario-2025-promete-movimentar-o-mar-de-minas-com-provas-para-todas-as-idades\/#primaryimage"},"thumbnailUrl":"https:\/\/swimchannel.net\/br\/wp-content\/uploads\/2025\/06\/MG_9694-scaled.jpg","keywords":["\u00c1guas abertas","Desafio Hil\u00e1rio","Mar de Minas","natacao"],"articleSection":["\u00c1guas Abertas"],"inLanguage":"pt-BR","potentialAction":[{"@type":"CommentAction","name":"Comment","target":["https:\/\/swimchannel.net\/br\/desafio-hilario-2025-promete-movimentar-o-mar-de-minas-com-provas-para-todas-as-idades\/#respond"]}]},{"@type":"WebPage","@id":"https:\/\/swimchannel.net\/br\/desafio-hilario-2025-promete-movimentar-o-mar-de-minas-com-provas-para-todas-as-idades\/","url":"https:\/\/swimchannel.net\/br\/desafio-hilario-2025-promete-movimentar-o-mar-de-minas-com-provas-para-todas-as-idades\/","name":"Desafio Hil\u00e1rio 2025 promete movimentar o \u201cMar de Minas\u201d com provas para todas as idades - Swimchannel","isPartOf":{"@id":"https:\/\/swimchannel.net\/br\/#website"},"primaryImageOfPage":{"@id":"https:\/\/swimchannel.net\/br\/desafio-hilario-2025-promete-movimentar-o-mar-de-minas-com-provas-para-todas-as-idades\/#primaryimage"},"image":{"@id":"https:\/\/swimchannel.net\/br\/desafio-hilario-2025-promete-movimentar-o-mar-de-minas-com-provas-para-todas-as-idades\/#primaryimage"},"thumbnailUrl":"https:\/\/swimchannel.net\/br\/wp-content\/uploads\/2025\/06\/MG_9694-scaled.jpg","datePublished":"2025-06-06T18:12:09+00:00","dateModified":"2025-06-06T19:18:46+00:00","breadcrumb":{"@id":"https:\/\/swimchannel.net\/br\/desafio-hilario-2025-promete-movimentar-o-mar-de-minas-com-provas-para-todas-as-idades\/#breadcrumb"},"inLanguage":"pt-BR","potentialAction":[{"@type":"ReadAction","target":["https:\/\/swimchannel.net\/br\/desafio-hilario-2025-promete-movimentar-o-mar-de-minas-com-provas-para-todas-as-idades\/"]}]},{"@type":"ImageObject","inLanguage":"pt-BR","@id":"https:\/\/swimchannel.net\/br\/desafio-hilario-2025-promete-movimentar-o-mar-de-minas-com-provas-para-todas-as-idades\/#primaryimage","url":"https:\/\/swimchannel.net\/br\/wp-content\/uploads\/2025\/06\/MG_9694-scaled.jpg","contentUrl":"https:\/\/swimchannel.net\/br\/wp-content\/uploads\/2025\/06\/MG_9694-scaled.jpg","width":2560,"height":1706,"caption":"Desafios Hil\u00e1rio. Foto:Arthur Leal\/Divulga\u00e7\u00e3o"},{"@type":"BreadcrumbList","@id":"https:\/\/swimchannel.net\/br\/desafio-hilario-2025-promete-movimentar-o-mar-de-minas-com-provas-para-todas-as-idades\/#breadcrumb","itemListElement":[{"@type":"ListItem","position":1,"name":"Home","item":"https:\/\/swimchannel.net\/br\/"},{"@type":"ListItem","position":2,"name":"Desafio Hil\u00e1rio 2025 promete movimentar o \u201cMar de Minas\u201d com provas para todas as idades"}]},{"@type":"WebSite","@id":"https:\/\/swimchannel.net\/br\/#website","url":"https:\/\/swimchannel.net\/br\/","name":"Swimchannel","description":"Maior portal de nata\u00e7\u00e3o da america latina","publisher":{"@id":"https:\/\/swimchannel.net\/br\/#organization"},"potentialAction":[{"@type":"SearchAction","target":{"@type":"EntryPoint","urlTemplate":"https:\/\/swimchannel.net\/br\/?s={search_term_string}"},"query-input":{"@type":"PropertyValueSpecification","valueRequired":true,"valueName":"search_term_string"}}],"inLanguage":"pt-BR"},{"@type":"Organization","@id":"https:\/\/swimchannel.net\/br\/#organization","name":"Swimchannel - Conectando voc\u00ea a Nata\u00e7\u00e3o","url":"https:\/\/swimchannel.net\/br\/","logo":{"@type":"ImageObject","inLanguage":"pt-BR","@id":"https:\/\/swimchannel.net\/br\/#\/schema\/logo\/image\/","url":"https:\/\/swimchannel.net\/br\/wp-content\/uploads\/2026\/02\/SWIM-CHANNEL.png","contentUrl":"https:\/\/swimchannel.net\/br\/wp-content\/uploads\/2026\/02\/SWIM-CHANNEL.png","width":1120,"height":630,"caption":"Swimchannel - Conectando voc\u00ea a Nata\u00e7\u00e3o"},"image":{"@id":"https:\/\/swimchannel.net\/br\/#\/schema\/logo\/image\/"},"sameAs":["https:\/\/www.facebook.com\/swimchannel","https:\/\/www.instagram.com\/swimchannel"]},{"@type":"Person","@id":"https:\/\/swimchannel.net\/br\/#\/schema\/person\/73ae9cec62249968bca1f0a8098ef002","name":"Katarine Monteiro","image":{"@type":"ImageObject","inLanguage":"pt-BR","@id":"https:\/\/swimchannel.net\/br\/#\/schema\/person\/image\/","url":"https:\/\/swimchannel.net\/br\/wp-content\/uploads\/2022\/01\/Katarine-Monteiro-100x100.jpg","contentUrl":"https:\/\/swimchannel.net\/br\/wp-content\/uploads\/2022\/01\/Katarine-Monteiro-100x100.jpg","caption":"Katarine Monteiro"},"description":"Jornalista SWIM CHANNEL especializada em esportes ol\u00edmpicos e em sa\u00fade. Com cobertura de grandes eventos internacionais, como Jogos Ol\u00edmpicos Rio 2016, Jogos Pan-Americanos em Lima 2019, Qatar Total Open 2020, Qatar ExxonMobil Open 2019 - t\u00eanis em Doha (QT), Semana Internacional de Vela de Ilhabela, Transat Jacques Vabre 2019 (Fran\u00e7a-Brasil), L'\u00c9tape Brasil by Tour de France, j\u00e1 fez in\u00fameras coberturas de nata\u00e7\u00e3o, maratona aqu\u00e1tica e polo aqu\u00e1tico. Formada tamb\u00e9m em Letras, a jornalista atua como assessora de imprensa, rela\u00e7\u00f5es p\u00fablicas e social media, com especializa\u00e7\u00e3o em marketing esportivo. Nadadora amadora de \u00e1guas abertas, j\u00e1 trabalhou com grandes nomes da nata\u00e7\u00e3o e do polo aqu\u00e1tico brasileiro.","sameAs":["https:\/\/www.instagram.com\/_katarinemonteiro\/","https:\/\/www.linkedin.com\/in\/katarine-monteiro-19385297\/","https:\/\/x.com\/https:\/\/twitter.com\/Katarinem"],"url":"https:\/\/swimchannel.net\/br\/author\/katarine-monteiro\/"}]}},"_links":{"self":[{"href":"https:\/\/swimchannel.net\/br\/wp-json\/wp\/v2\/posts\/73950","targetHints":{"allow":["GET"]}}],"collection":[{"href":"https:\/\/swimchannel.net\/br\/wp-json\/wp\/v2\/posts"}],"about":[{"href":"https:\/\/swimchannel.net\/br\/wp-json\/wp\/v2\/types\/post"}],"author":[{"embeddable":true,"href":"https:\/\/swimchannel.net\/br\/wp-json\/wp\/v2\/users\/9"}],"replies":[{"embeddable":true,"href":"https:\/\/swimchannel.net\/br\/wp-json\/wp\/v2\/comments?post=73950"}],"version-history":[{"count":5,"href":"https:\/\/swimchannel.net\/br\/wp-json\/wp\/v2\/posts\/73950\/revisions"}],"predecessor-version":[{"id":74022,"href":"https:\/\/swimchannel.net\/br\/wp-json\/wp\/v2\/posts\/73950\/revisions\/74022"}],"wp:featuredmedia":[{"embeddable":true,"href":"https:\/\/swimchannel.net\/br\/wp-json\/wp\/v2\/media\/74000"}],"wp:attachment":[{"href":"https:\/\/swimchannel.net\/br\/wp-json\/wp\/v2\/media?parent=73950"}],"wp:term":[{"taxonomy":"category","embeddable":true,"href":"https:\/\/swimchannel.net\/br\/wp-json\/wp\/v2\/categories?post=73950"},{"taxonomy":"post_tag","embeddable":true,"href":"https:\/\/swimchannel.net\/br\/wp-json\/wp\/v2\/tags?post=73950"}],"curies":[{"name":"wp","href":"https:\/\/api.w.org\/{rel}","templated":true}]}}