{"id":74029,"date":"2025-06-06T16:54:07","date_gmt":"2025-06-06T19:54:07","guid":{"rendered":"https:\/\/swimchannel.net\/br\/?p=74029"},"modified":"2025-06-06T16:54:07","modified_gmt":"2025-06-06T19:54:07","slug":"kristel-kobrich-vai-bater-mais-um-recorde-a-caminho-do-seu-mundial-13","status":"publish","type":"post","link":"https:\/\/swimchannel.net\/br\/kristel-kobrich-vai-bater-mais-um-recorde-a-caminho-do-seu-mundial-13\/","title":{"rendered":"Kristel Kobrich vai bater mais um recorde, a caminho do seu mundial #13"},"content":{"rendered":"<p>Poucos dias antes de completar 40 anos, Kristel Kobrich vai estar no Campeonato Mundial dos Esportes Aqu\u00e1ticos em Singapura. Ser\u00e1 o 13o Mundial da carreira da veterana nadadora chilena que j\u00e1 \u00e9 a recordista desde as 11 edi\u00e7\u00f5es, mas segue contando.<\/p>\n<p><img loading=\"lazy\" decoding=\"async\" class=\"alignnone size-full wp-image-74030\" src=\"https:\/\/swimchannel.net\/br\/wp-content\/uploads\/2025\/06\/GettyImages-103751749.jpg.webp\" alt=\"\" width=\"830\" height=\"605\" srcset=\"https:\/\/swimchannel.net\/br\/wp-content\/uploads\/2025\/06\/GettyImages-103751749.jpg.webp 830w, https:\/\/swimchannel.net\/br\/wp-content\/uploads\/2025\/06\/GettyImages-103751749.jpg-247x180.webp 247w, https:\/\/swimchannel.net\/br\/wp-content\/uploads\/2025\/06\/GettyImages-103751749.jpg-768x560.webp 768w, https:\/\/swimchannel.net\/br\/wp-content\/uploads\/2025\/06\/GettyImages-103751749.jpg-120x86.webp 120w, https:\/\/swimchannel.net\/br\/wp-content\/uploads\/2025\/06\/GettyImages-103751749.jpg-750x547.webp 750w\" sizes=\"auto, (max-width: 830px) 100vw, 830px\" \/><\/p>\n<p>Kobrich classificou para o Mundial em duas provas com marcas B nas provas de 1500m livre (16:27.79) e 800m livre (8:41.56). Nas duas provas, ela superou de longe as marcas B (16:59.02 e 8:52.63) e chegou perto das marcas A (16:24.56 e 8:34.62).<\/p>\n<p>&nbsp;<\/p>\n<p>Participando de Campeonatos Mundiais desde 2003, quando tinha apenas 17 anos, Kobrich nunca ficou de fora. Desde ent\u00e3o 12 edi\u00e7\u00f5es com nove finais sendo que oito delas nos 1500m livre, outro recorde da nadadora. Junto com a italiana Federica Pellegrini nos 200m livre, Kristel Kobrich \u00e9 a maior finalista em Mundiais pelas suas oito finais dos 1500.<\/p>\n<p>&nbsp;<\/p>\n<p>Participando h\u00e1 22 anos de Mundiais, o melhor resultado da nadadora foi o 4o lugar no Mundial de Shangai em 2011, quarta colocada nos 1500m livre.<\/p>\n<p><img loading=\"lazy\" decoding=\"async\" class=\"alignnone size-full wp-image-74031\" src=\"https:\/\/swimchannel.net\/br\/wp-content\/uploads\/2025\/06\/images-21.jpeg\" alt=\"\" width=\"276\" height=\"183\" srcset=\"https:\/\/swimchannel.net\/br\/wp-content\/uploads\/2025\/06\/images-21.jpeg 276w, https:\/\/swimchannel.net\/br\/wp-content\/uploads\/2025\/06\/images-21-271x180.jpeg 271w\" sizes=\"auto, (max-width: 276px) 100vw, 276px\" \/><\/p>\n<p><strong>Veja aqui, ano a ano, todas as provas de Kristel Kobrich em Mundiais de Piscina Longa:<\/strong><\/p>\n<p>&nbsp;<\/p>\n<p>2003, Barcelona<\/p>\n<p>25o 800m livre 8:52.02<\/p>\n<p>33o 400m livre 4:24.53<\/p>\n<p>&nbsp;<\/p>\n<p>2005, Montreal<\/p>\n<p>21o 400m livre 4:18.41<\/p>\n<p>15o 800m livre 8:46.00<\/p>\n<p>9o 1500m livre 16:33.36<\/p>\n<p>&nbsp;<\/p>\n<p>2007, Melbourne<\/p>\n<p>19o 800m livre 8:40.46<\/p>\n<p>7o 1500m livre 16:27.13, 16:22.18 elimninat\u00f3rias<\/p>\n<p>&nbsp;<\/p>\n<p>2009, Roma<\/p>\n<p>9o 800m livre 8:30.10, 8:27.90 eliminat\u00f3rias<\/p>\n<p>4o 1500m livre 15:57.57, 15:58.75 eliminat\u00f3rias<\/p>\n<p>&nbsp;<\/p>\n<p>2011, Shanghai<\/p>\n<p>4o 1500m livre 16:05.11, 16:03.50 eliminat\u00f3rias<\/p>\n<p>9o 800m livre 8:28.76<\/p>\n<p>&nbsp;<\/p>\n<p>2013, Barcelona<\/p>\n<p>6o 1500m livre 16:01.94, 15:54.30 eliminat\u00f3rias<\/p>\n<p>11o 800m livre 8:29.32<\/p>\n<p>&nbsp;<\/p>\n<p>2015, Kazan<\/p>\n<p>7o 1500m livre 16:06.55, 16:01.63 eliminat\u00f3rias<\/p>\n<p>11o 800m livre 8:30.12<\/p>\n<p>&nbsp;<\/p>\n<p>2017, Budapeste<\/p>\n<p>6o 1500m livre 16:13.46, 16:17.28 eliminat\u00f3rias<\/p>\n<p>12o 800m livre 8:34.51<\/p>\n<p>&nbsp;<\/p>\n<p>2019, Gwangju<\/p>\n<p>12o 1500m livre 16:16.26<\/p>\n<p>&nbsp;<\/p>\n<p>2022, Budapeste<\/p>\n<p>8o 1500m livre 16:20.24, 16:13.52 eliminat\u00f3rias<\/p>\n<p>11o 800m livre 8:37.02<\/p>\n<p>&nbsp;<\/p>\n<p>2023, Fukuoka<\/p>\n<p>10o 1500m livre 16:11.25<\/p>\n<p>800m livre 8:37.09<\/p>\n<p>&nbsp;<\/p>\n<p>2024, Doha<\/p>\n<p>8o 1500m livre 16:18.90<\/p>\n<p>14o 800m livre 8:38.81<\/p>\n<p>&nbsp;<\/p>\n<p>Gostaria de receber as not\u00edcias de nata\u00e7\u00e3o e \u00e1guas abertas no seu email?<\/p>\n<p><a href=\"https:\/\/lpa.nitro.news\/n-GNe\/ultimas-noticias-swim-channel\">Cadastre-se aqui<\/a><\/p>\n","protected":false},"excerpt":{"rendered":"<p>Poucos dias antes de completar 40 anos, Kristel Kobrich vai estar no Campeonato Mundial dos Esportes Aqu\u00e1ticos em Singapura. Ser\u00e1 o 13o Mundial da carreira da veterana nadadora chilena que j\u00e1 \u00e9 a recordista desde as 11 edi\u00e7\u00f5es, mas segue contando. Kobrich classificou para o Mundial em duas provas com marcas B nas provas de [&hellip;]<\/p>\n","protected":false},"author":12,"featured_media":74032,"comment_status":"open","ping_status":"open","sticky":false,"template":"","format":"standard","meta":{"footnotes":""},"categories":[137,2576],"tags":[1571,5],"class_list":["post-74029","post","type-post","status-publish","format-standard","has-post-thumbnail","hentry","category-natacao","category-ultimas-noticias","tag-kristel-kobrich","tag-natacao"],"yoast_head":"<!-- This site is optimized with the Yoast SEO plugin v27.0 - https:\/\/yoast.com\/product\/yoast-seo-wordpress\/ -->\n<title>Kristel Kobrich vai bater mais um recorde, a caminho do seu mundial #13 - Swimchannel<\/title>\n<meta name=\"robots\" content=\"index, follow, max-snippet:-1, max-image-preview:large, max-video-preview:-1\" \/>\n<link rel=\"canonical\" href=\"https:\/\/swimchannel.net\/br\/kristel-kobrich-vai-bater-mais-um-recorde-a-caminho-do-seu-mundial-13\/\" \/>\n<meta property=\"og:locale\" content=\"pt_BR\" \/>\n<meta property=\"og:type\" content=\"article\" \/>\n<meta property=\"og:title\" content=\"Kristel Kobrich vai bater mais um recorde, a caminho do seu mundial #13 - Swimchannel\" \/>\n<meta property=\"og:description\" content=\"Poucos dias antes de completar 40 anos, Kristel Kobrich vai estar no Campeonato Mundial dos Esportes Aqu\u00e1ticos em Singapura. Ser\u00e1 o 13o Mundial da carreira da veterana nadadora chilena que j\u00e1 \u00e9 a recordista desde as 11 edi\u00e7\u00f5es, mas segue contando. Kobrich classificou para o Mundial em duas provas com marcas B nas provas de [&hellip;]\" \/>\n<meta property=\"og:url\" content=\"https:\/\/swimchannel.net\/br\/kristel-kobrich-vai-bater-mais-um-recorde-a-caminho-do-seu-mundial-13\/\" \/>\n<meta property=\"og:site_name\" content=\"Swimchannel\" \/>\n<meta property=\"article:publisher\" content=\"https:\/\/www.facebook.com\/swimchannel\" \/>\n<meta property=\"article:published_time\" content=\"2025-06-06T19:54:07+00:00\" \/>\n<meta name=\"author\" content=\"Alex Pussieldi\" \/>\n<meta name=\"twitter:card\" content=\"summary_large_image\" \/>\n<meta name=\"twitter:label1\" content=\"Escrito por\" \/>\n\t<meta name=\"twitter:data1\" content=\"Alex Pussieldi\" \/>\n\t<meta name=\"twitter:label2\" content=\"Est. tempo de leitura\" \/>\n\t<meta name=\"twitter:data2\" content=\"2 minutos\" \/>\n<script type=\"application\/ld+json\" class=\"yoast-schema-graph\">{\"@context\":\"https:\/\/schema.org\",\"@graph\":[{\"@type\":\"Article\",\"@id\":\"https:\/\/swimchannel.net\/br\/kristel-kobrich-vai-bater-mais-um-recorde-a-caminho-do-seu-mundial-13\/#article\",\"isPartOf\":{\"@id\":\"https:\/\/swimchannel.net\/br\/kristel-kobrich-vai-bater-mais-um-recorde-a-caminho-do-seu-mundial-13\/\"},\"author\":{\"name\":\"Alex Pussieldi\",\"@id\":\"https:\/\/swimchannel.net\/br\/#\/schema\/person\/cf549cb99cf75592fcf7c76213385e63\"},\"headline\":\"Kristel Kobrich vai bater mais um recorde, a caminho do seu mundial #13\",\"datePublished\":\"2025-06-06T19:54:07+00:00\",\"mainEntityOfPage\":{\"@id\":\"https:\/\/swimchannel.net\/br\/kristel-kobrich-vai-bater-mais-um-recorde-a-caminho-do-seu-mundial-13\/\"},\"wordCount\":314,\"commentCount\":0,\"publisher\":{\"@id\":\"https:\/\/swimchannel.net\/br\/#organization\"},\"image\":{\"@id\":\"https:\/\/swimchannel.net\/br\/kristel-kobrich-vai-bater-mais-um-recorde-a-caminho-do-seu-mundial-13\/#primaryimage\"},\"thumbnailUrl\":\"https:\/\/swimchannel.net\/br\/wp-content\/uploads\/2025\/06\/vh5ig3khovaphxksxhko.avif\",\"keywords\":[\"Kristel Kobrich\",\"natacao\"],\"articleSection\":[\"Nata\u00e7\u00e3o\",\"\u00daltimas Not\u00edcias\"],\"inLanguage\":\"pt-BR\",\"potentialAction\":[{\"@type\":\"CommentAction\",\"name\":\"Comment\",\"target\":[\"https:\/\/swimchannel.net\/br\/kristel-kobrich-vai-bater-mais-um-recorde-a-caminho-do-seu-mundial-13\/#respond\"]}]},{\"@type\":\"WebPage\",\"@id\":\"https:\/\/swimchannel.net\/br\/kristel-kobrich-vai-bater-mais-um-recorde-a-caminho-do-seu-mundial-13\/\",\"url\":\"https:\/\/swimchannel.net\/br\/kristel-kobrich-vai-bater-mais-um-recorde-a-caminho-do-seu-mundial-13\/\",\"name\":\"Kristel Kobrich vai bater mais um recorde, a caminho do seu mundial #13 - Swimchannel\",\"isPartOf\":{\"@id\":\"https:\/\/swimchannel.net\/br\/#website\"},\"primaryImageOfPage\":{\"@id\":\"https:\/\/swimchannel.net\/br\/kristel-kobrich-vai-bater-mais-um-recorde-a-caminho-do-seu-mundial-13\/#primaryimage\"},\"image\":{\"@id\":\"https:\/\/swimchannel.net\/br\/kristel-kobrich-vai-bater-mais-um-recorde-a-caminho-do-seu-mundial-13\/#primaryimage\"},\"thumbnailUrl\":\"https:\/\/swimchannel.net\/br\/wp-content\/uploads\/2025\/06\/vh5ig3khovaphxksxhko.avif\",\"datePublished\":\"2025-06-06T19:54:07+00:00\",\"breadcrumb\":{\"@id\":\"https:\/\/swimchannel.net\/br\/kristel-kobrich-vai-bater-mais-um-recorde-a-caminho-do-seu-mundial-13\/#breadcrumb\"},\"inLanguage\":\"pt-BR\",\"potentialAction\":[{\"@type\":\"ReadAction\",\"target\":[\"https:\/\/swimchannel.net\/br\/kristel-kobrich-vai-bater-mais-um-recorde-a-caminho-do-seu-mundial-13\/\"]}]},{\"@type\":\"ImageObject\",\"inLanguage\":\"pt-BR\",\"@id\":\"https:\/\/swimchannel.net\/br\/kristel-kobrich-vai-bater-mais-um-recorde-a-caminho-do-seu-mundial-13\/#primaryimage\",\"url\":\"https:\/\/swimchannel.net\/br\/wp-content\/uploads\/2025\/06\/vh5ig3khovaphxksxhko.avif\",\"contentUrl\":\"https:\/\/swimchannel.net\/br\/wp-content\/uploads\/2025\/06\/vh5ig3khovaphxksxhko.avif\",\"width\":760,\"height\":428},{\"@type\":\"BreadcrumbList\",\"@id\":\"https:\/\/swimchannel.net\/br\/kristel-kobrich-vai-bater-mais-um-recorde-a-caminho-do-seu-mundial-13\/#breadcrumb\",\"itemListElement\":[{\"@type\":\"ListItem\",\"position\":1,\"name\":\"Home\",\"item\":\"https:\/\/swimchannel.net\/br\/\"},{\"@type\":\"ListItem\",\"position\":2,\"name\":\"Kristel Kobrich vai bater mais um recorde, a caminho do seu mundial #13\"}]},{\"@type\":\"WebSite\",\"@id\":\"https:\/\/swimchannel.net\/br\/#website\",\"url\":\"https:\/\/swimchannel.net\/br\/\",\"name\":\"Swimchannel\",\"description\":\"Maior portal de nata\u00e7\u00e3o da america latina\",\"publisher\":{\"@id\":\"https:\/\/swimchannel.net\/br\/#organization\"},\"potentialAction\":[{\"@type\":\"SearchAction\",\"target\":{\"@type\":\"EntryPoint\",\"urlTemplate\":\"https:\/\/swimchannel.net\/br\/?s={search_term_string}\"},\"query-input\":{\"@type\":\"PropertyValueSpecification\",\"valueRequired\":true,\"valueName\":\"search_term_string\"}}],\"inLanguage\":\"pt-BR\"},{\"@type\":\"Organization\",\"@id\":\"https:\/\/swimchannel.net\/br\/#organization\",\"name\":\"Swimchannel - Conectando voc\u00ea a Nata\u00e7\u00e3o\",\"url\":\"https:\/\/swimchannel.net\/br\/\",\"logo\":{\"@type\":\"ImageObject\",\"inLanguage\":\"pt-BR\",\"@id\":\"https:\/\/swimchannel.net\/br\/#\/schema\/logo\/image\/\",\"url\":\"https:\/\/swimchannel.net\/br\/wp-content\/uploads\/2026\/02\/SWIM-CHANNEL.png\",\"contentUrl\":\"https:\/\/swimchannel.net\/br\/wp-content\/uploads\/2026\/02\/SWIM-CHANNEL.png\",\"width\":1120,\"height\":630,\"caption\":\"Swimchannel - Conectando voc\u00ea a Nata\u00e7\u00e3o\"},\"image\":{\"@id\":\"https:\/\/swimchannel.net\/br\/#\/schema\/logo\/image\/\"},\"sameAs\":[\"https:\/\/www.facebook.com\/swimchannel\",\"https:\/\/www.instagram.com\/swimchannel\"]},{\"@type\":\"Person\",\"@id\":\"https:\/\/swimchannel.net\/br\/#\/schema\/person\/cf549cb99cf75592fcf7c76213385e63\",\"name\":\"Alex Pussieldi\",\"image\":{\"@type\":\"ImageObject\",\"inLanguage\":\"pt-BR\",\"@id\":\"https:\/\/swimchannel.net\/br\/#\/schema\/person\/image\/\",\"url\":\"https:\/\/swimchannel.net\/br\/wp-content\/uploads\/2021\/02\/9b1c252d-a4bd-4eda-b399-24565cac4114-100x100.jpg\",\"contentUrl\":\"https:\/\/swimchannel.net\/br\/wp-content\/uploads\/2021\/02\/9b1c252d-a4bd-4eda-b399-24565cac4114-100x100.jpg\",\"caption\":\"Alex Pussieldi\"},\"description\":\"Alexandre Pussieldi, apelidado de \u201ccoach\u201d, Foi t\u00e9cnico da sele\u00e7\u00e3o verde e amarela nas Olimp\u00edadas de Pequim-2008 e Londres-2012. O treinador ainda comandou outros quatro pa\u00edses: Kuwait, Paraguai, Aruba e Antilhas Holandesas, al\u00e9m da sele\u00e7\u00e3o americana de \u00e1guas abertas. Pussieldi tem passagens como comentarista de nata\u00e7\u00e3o do Grupo Globo e Swim Channel.\",\"url\":\"https:\/\/swimchannel.net\/br\/author\/alexpussieldi\/\"}]}<\/script>\n<!-- \/ Yoast SEO plugin. -->","yoast_head_json":{"title":"Kristel Kobrich vai bater mais um recorde, a caminho do seu mundial #13 - Swimchannel","robots":{"index":"index","follow":"follow","max-snippet":"max-snippet:-1","max-image-preview":"max-image-preview:large","max-video-preview":"max-video-preview:-1"},"canonical":"https:\/\/swimchannel.net\/br\/kristel-kobrich-vai-bater-mais-um-recorde-a-caminho-do-seu-mundial-13\/","og_locale":"pt_BR","og_type":"article","og_title":"Kristel Kobrich vai bater mais um recorde, a caminho do seu mundial #13 - Swimchannel","og_description":"Poucos dias antes de completar 40 anos, Kristel Kobrich vai estar no Campeonato Mundial dos Esportes Aqu\u00e1ticos em Singapura. Ser\u00e1 o 13o Mundial da carreira da veterana nadadora chilena que j\u00e1 \u00e9 a recordista desde as 11 edi\u00e7\u00f5es, mas segue contando. Kobrich classificou para o Mundial em duas provas com marcas B nas provas de [&hellip;]","og_url":"https:\/\/swimchannel.net\/br\/kristel-kobrich-vai-bater-mais-um-recorde-a-caminho-do-seu-mundial-13\/","og_site_name":"Swimchannel","article_publisher":"https:\/\/www.facebook.com\/swimchannel","article_published_time":"2025-06-06T19:54:07+00:00","author":"Alex Pussieldi","twitter_card":"summary_large_image","twitter_misc":{"Escrito por":"Alex Pussieldi","Est. tempo de leitura":"2 minutos"},"schema":{"@context":"https:\/\/schema.org","@graph":[{"@type":"Article","@id":"https:\/\/swimchannel.net\/br\/kristel-kobrich-vai-bater-mais-um-recorde-a-caminho-do-seu-mundial-13\/#article","isPartOf":{"@id":"https:\/\/swimchannel.net\/br\/kristel-kobrich-vai-bater-mais-um-recorde-a-caminho-do-seu-mundial-13\/"},"author":{"name":"Alex Pussieldi","@id":"https:\/\/swimchannel.net\/br\/#\/schema\/person\/cf549cb99cf75592fcf7c76213385e63"},"headline":"Kristel Kobrich vai bater mais um recorde, a caminho do seu mundial #13","datePublished":"2025-06-06T19:54:07+00:00","mainEntityOfPage":{"@id":"https:\/\/swimchannel.net\/br\/kristel-kobrich-vai-bater-mais-um-recorde-a-caminho-do-seu-mundial-13\/"},"wordCount":314,"commentCount":0,"publisher":{"@id":"https:\/\/swimchannel.net\/br\/#organization"},"image":{"@id":"https:\/\/swimchannel.net\/br\/kristel-kobrich-vai-bater-mais-um-recorde-a-caminho-do-seu-mundial-13\/#primaryimage"},"thumbnailUrl":"https:\/\/swimchannel.net\/br\/wp-content\/uploads\/2025\/06\/vh5ig3khovaphxksxhko.avif","keywords":["Kristel Kobrich","natacao"],"articleSection":["Nata\u00e7\u00e3o","\u00daltimas Not\u00edcias"],"inLanguage":"pt-BR","potentialAction":[{"@type":"CommentAction","name":"Comment","target":["https:\/\/swimchannel.net\/br\/kristel-kobrich-vai-bater-mais-um-recorde-a-caminho-do-seu-mundial-13\/#respond"]}]},{"@type":"WebPage","@id":"https:\/\/swimchannel.net\/br\/kristel-kobrich-vai-bater-mais-um-recorde-a-caminho-do-seu-mundial-13\/","url":"https:\/\/swimchannel.net\/br\/kristel-kobrich-vai-bater-mais-um-recorde-a-caminho-do-seu-mundial-13\/","name":"Kristel Kobrich vai bater mais um recorde, a caminho do seu mundial #13 - Swimchannel","isPartOf":{"@id":"https:\/\/swimchannel.net\/br\/#website"},"primaryImageOfPage":{"@id":"https:\/\/swimchannel.net\/br\/kristel-kobrich-vai-bater-mais-um-recorde-a-caminho-do-seu-mundial-13\/#primaryimage"},"image":{"@id":"https:\/\/swimchannel.net\/br\/kristel-kobrich-vai-bater-mais-um-recorde-a-caminho-do-seu-mundial-13\/#primaryimage"},"thumbnailUrl":"https:\/\/swimchannel.net\/br\/wp-content\/uploads\/2025\/06\/vh5ig3khovaphxksxhko.avif","datePublished":"2025-06-06T19:54:07+00:00","breadcrumb":{"@id":"https:\/\/swimchannel.net\/br\/kristel-kobrich-vai-bater-mais-um-recorde-a-caminho-do-seu-mundial-13\/#breadcrumb"},"inLanguage":"pt-BR","potentialAction":[{"@type":"ReadAction","target":["https:\/\/swimchannel.net\/br\/kristel-kobrich-vai-bater-mais-um-recorde-a-caminho-do-seu-mundial-13\/"]}]},{"@type":"ImageObject","inLanguage":"pt-BR","@id":"https:\/\/swimchannel.net\/br\/kristel-kobrich-vai-bater-mais-um-recorde-a-caminho-do-seu-mundial-13\/#primaryimage","url":"https:\/\/swimchannel.net\/br\/wp-content\/uploads\/2025\/06\/vh5ig3khovaphxksxhko.avif","contentUrl":"https:\/\/swimchannel.net\/br\/wp-content\/uploads\/2025\/06\/vh5ig3khovaphxksxhko.avif","width":760,"height":428},{"@type":"BreadcrumbList","@id":"https:\/\/swimchannel.net\/br\/kristel-kobrich-vai-bater-mais-um-recorde-a-caminho-do-seu-mundial-13\/#breadcrumb","itemListElement":[{"@type":"ListItem","position":1,"name":"Home","item":"https:\/\/swimchannel.net\/br\/"},{"@type":"ListItem","position":2,"name":"Kristel Kobrich vai bater mais um recorde, a caminho do seu mundial #13"}]},{"@type":"WebSite","@id":"https:\/\/swimchannel.net\/br\/#website","url":"https:\/\/swimchannel.net\/br\/","name":"Swimchannel","description":"Maior portal de nata\u00e7\u00e3o da america latina","publisher":{"@id":"https:\/\/swimchannel.net\/br\/#organization"},"potentialAction":[{"@type":"SearchAction","target":{"@type":"EntryPoint","urlTemplate":"https:\/\/swimchannel.net\/br\/?s={search_term_string}"},"query-input":{"@type":"PropertyValueSpecification","valueRequired":true,"valueName":"search_term_string"}}],"inLanguage":"pt-BR"},{"@type":"Organization","@id":"https:\/\/swimchannel.net\/br\/#organization","name":"Swimchannel - Conectando voc\u00ea a Nata\u00e7\u00e3o","url":"https:\/\/swimchannel.net\/br\/","logo":{"@type":"ImageObject","inLanguage":"pt-BR","@id":"https:\/\/swimchannel.net\/br\/#\/schema\/logo\/image\/","url":"https:\/\/swimchannel.net\/br\/wp-content\/uploads\/2026\/02\/SWIM-CHANNEL.png","contentUrl":"https:\/\/swimchannel.net\/br\/wp-content\/uploads\/2026\/02\/SWIM-CHANNEL.png","width":1120,"height":630,"caption":"Swimchannel - Conectando voc\u00ea a Nata\u00e7\u00e3o"},"image":{"@id":"https:\/\/swimchannel.net\/br\/#\/schema\/logo\/image\/"},"sameAs":["https:\/\/www.facebook.com\/swimchannel","https:\/\/www.instagram.com\/swimchannel"]},{"@type":"Person","@id":"https:\/\/swimchannel.net\/br\/#\/schema\/person\/cf549cb99cf75592fcf7c76213385e63","name":"Alex Pussieldi","image":{"@type":"ImageObject","inLanguage":"pt-BR","@id":"https:\/\/swimchannel.net\/br\/#\/schema\/person\/image\/","url":"https:\/\/swimchannel.net\/br\/wp-content\/uploads\/2021\/02\/9b1c252d-a4bd-4eda-b399-24565cac4114-100x100.jpg","contentUrl":"https:\/\/swimchannel.net\/br\/wp-content\/uploads\/2021\/02\/9b1c252d-a4bd-4eda-b399-24565cac4114-100x100.jpg","caption":"Alex Pussieldi"},"description":"Alexandre Pussieldi, apelidado de \u201ccoach\u201d, Foi t\u00e9cnico da sele\u00e7\u00e3o verde e amarela nas Olimp\u00edadas de Pequim-2008 e Londres-2012. O treinador ainda comandou outros quatro pa\u00edses: Kuwait, Paraguai, Aruba e Antilhas Holandesas, al\u00e9m da sele\u00e7\u00e3o americana de \u00e1guas abertas. Pussieldi tem passagens como comentarista de nata\u00e7\u00e3o do Grupo Globo e Swim Channel.","url":"https:\/\/swimchannel.net\/br\/author\/alexpussieldi\/"}]}},"_links":{"self":[{"href":"https:\/\/swimchannel.net\/br\/wp-json\/wp\/v2\/posts\/74029","targetHints":{"allow":["GET"]}}],"collection":[{"href":"https:\/\/swimchannel.net\/br\/wp-json\/wp\/v2\/posts"}],"about":[{"href":"https:\/\/swimchannel.net\/br\/wp-json\/wp\/v2\/types\/post"}],"author":[{"embeddable":true,"href":"https:\/\/swimchannel.net\/br\/wp-json\/wp\/v2\/users\/12"}],"replies":[{"embeddable":true,"href":"https:\/\/swimchannel.net\/br\/wp-json\/wp\/v2\/comments?post=74029"}],"version-history":[{"count":1,"href":"https:\/\/swimchannel.net\/br\/wp-json\/wp\/v2\/posts\/74029\/revisions"}],"predecessor-version":[{"id":74033,"href":"https:\/\/swimchannel.net\/br\/wp-json\/wp\/v2\/posts\/74029\/revisions\/74033"}],"wp:featuredmedia":[{"embeddable":true,"href":"https:\/\/swimchannel.net\/br\/wp-json\/wp\/v2\/media\/74032"}],"wp:attachment":[{"href":"https:\/\/swimchannel.net\/br\/wp-json\/wp\/v2\/media?parent=74029"}],"wp:term":[{"taxonomy":"category","embeddable":true,"href":"https:\/\/swimchannel.net\/br\/wp-json\/wp\/v2\/categories?post=74029"},{"taxonomy":"post_tag","embeddable":true,"href":"https:\/\/swimchannel.net\/br\/wp-json\/wp\/v2\/tags?post=74029"}],"curies":[{"name":"wp","href":"https:\/\/api.w.org\/{rel}","templated":true}]}}