{"id":74170,"date":"2025-06-13T09:31:15","date_gmt":"2025-06-13T12:31:15","guid":{"rendered":"https:\/\/swimchannel.net\/br\/?p=74170"},"modified":"2025-06-13T09:31:15","modified_gmt":"2025-06-13T12:31:15","slug":"sem-summer-mcintosh-termina-o-campeonato-canadense","status":"publish","type":"post","link":"https:\/\/swimchannel.net\/br\/sem-summer-mcintosh-termina-o-campeonato-canadense\/","title":{"rendered":"Sem Summer McIntosh, termina o campeonato canadense"},"content":{"rendered":"<p>Summer McIntosh optou por n\u00e3o nadar os 200m livre no \u00faltimo dia do Campeonato Canadense em Victoria. Depois de cinco provas, tr\u00eas recordes mundiais e dois recordes canadenses, McIntosh apenas treinou na \u00faltima etapa da Seletiva \u00fanica do Canad\u00e1 para o Mundial de Singapura.<\/p>\n<p>&nbsp;<\/p>\n<p>Com isso, fica definido o programa de McIntosh para o Mundial com as seguintes cinco provas:<\/p>\n<p>400m e 800m livre, 200m e 400m medley e 200m borboleta.<\/p>\n<p>&nbsp;<\/p>\n<p>Veja os resultados do \u00faltimo dia:<\/p>\n<p>&nbsp;<\/p>\n<p>200m livre feminino<\/p>\n<p>1o Mary Sophie Harvey 1:56.60<\/p>\n<p>2o Ella Jansen 1:57.33<\/p>\n<p>3o Sienna Angove 1:59.07<\/p>\n<p>4o B Douthwright 1:59.44<\/p>\n<p>&nbsp;<\/p>\n<p>200m livre masculino<\/p>\n<p>1o Ethan Ekk 1:48.53<\/p>\n<p>2o Jordi Vilchez e Filip Senc Samardzic 1:48.83<\/p>\n<p>4o Lome Wigginton 1:49.01<\/p>\n<p>(na final B Antoine Sauve 1:46.39 Recorde Canadense)<\/p>\n<p>&nbsp;<\/p>\n<p>50m borboleta feminino<\/p>\n<p>1o Taylor Ruck 26.47<\/p>\n<p>2o Matea Gigovic 26.52<\/p>\n<p>3o Kylie Masse 26.71<\/p>\n<p>&nbsp;<\/p>\n<p>50m borboleta masculino<\/p>\n<p>1o Ilya Kharun 22.68 Recorde Canadense<\/p>\n<p>2o Finlay Knox 23.59<\/p>\n<p>3o Eric Ginzburg 23.76<\/p>\n<p>&nbsp;<\/p>\n<p>800m livre masculino<\/p>\n<p>1o Eric Brown 8:00.11<\/p>\n<p>2o Aiden Kirk 8:06.17<\/p>\n<p>3o Olivier Risk 8:10.41<\/p>\n<p>&nbsp;<\/p>\n<p>1500m livre feminino<\/p>\n<p>1o Emma Finlin 16:34.86<\/p>\n<p>2o Tori Meklensek 16:48.39<\/p>\n<p>3o Bailey O\u2019Regan 16:50.11<\/p>\n<p>&nbsp;<\/p>\n<p><strong>Link dos resultados completos:<\/strong><\/p>\n<p><a href=\"https:\/\/results.swimming.ca\/2025_Canadian_Swimming_Trials\/\">https:\/\/results.swimming.ca\/2025_Canadian_Swimming_Trials\/<\/a><\/p>\n<p>&nbsp;<\/p>\n<p>Gostaria de receber as not\u00edcias de nata\u00e7\u00e3o e \u00e1guas abertas no seu email?<\/p>\n<p><a href=\"https:\/\/lpa.nitro.news\/n-GNe\/ultimas-noticias-swim-channel\">Cadastre-se aqui<\/a><\/p>\n","protected":false},"excerpt":{"rendered":"<p>Summer McIntosh optou por n\u00e3o nadar os 200m livre no \u00faltimo dia do Campeonato Canadense em Victoria. Depois de cinco provas, tr\u00eas recordes mundiais e dois recordes canadenses, McIntosh apenas treinou na \u00faltima etapa da Seletiva \u00fanica do Canad\u00e1 para o Mundial de Singapura. &nbsp; Com isso, fica definido o programa de McIntosh para o [&hellip;]<\/p>\n","protected":false},"author":12,"featured_media":74171,"comment_status":"open","ping_status":"open","sticky":false,"template":"","format":"standard","meta":{"footnotes":""},"categories":[137,2576],"tags":[5,4231],"class_list":["post-74170","post","type-post","status-publish","format-standard","has-post-thumbnail","hentry","category-natacao","category-ultimas-noticias","tag-natacao","tag-summer-mcintosh"],"yoast_head":"<!-- This site is optimized with the Yoast SEO plugin v27.0 - https:\/\/yoast.com\/product\/yoast-seo-wordpress\/ -->\n<title>Sem Summer McIntosh, termina o campeonato canadense - Swimchannel<\/title>\n<meta name=\"robots\" content=\"index, follow, max-snippet:-1, max-image-preview:large, max-video-preview:-1\" \/>\n<link rel=\"canonical\" href=\"https:\/\/swimchannel.net\/br\/sem-summer-mcintosh-termina-o-campeonato-canadense\/\" \/>\n<meta property=\"og:locale\" content=\"pt_BR\" \/>\n<meta property=\"og:type\" content=\"article\" \/>\n<meta property=\"og:title\" content=\"Sem Summer McIntosh, termina o campeonato canadense - Swimchannel\" \/>\n<meta property=\"og:description\" content=\"Summer McIntosh optou por n\u00e3o nadar os 200m livre no \u00faltimo dia do Campeonato Canadense em Victoria. Depois de cinco provas, tr\u00eas recordes mundiais e dois recordes canadenses, McIntosh apenas treinou na \u00faltima etapa da Seletiva \u00fanica do Canad\u00e1 para o Mundial de Singapura. &nbsp; Com isso, fica definido o programa de McIntosh para o [&hellip;]\" \/>\n<meta property=\"og:url\" content=\"https:\/\/swimchannel.net\/br\/sem-summer-mcintosh-termina-o-campeonato-canadense\/\" \/>\n<meta property=\"og:site_name\" content=\"Swimchannel\" \/>\n<meta property=\"article:publisher\" content=\"https:\/\/www.facebook.com\/swimchannel\" \/>\n<meta property=\"article:published_time\" content=\"2025-06-13T12:31:15+00:00\" \/>\n<meta property=\"og:image\" content=\"https:\/\/swimchannel.net\/br\/wp-content\/uploads\/2025\/06\/506378748_1123752176462394_9170259856069599761_n-1-1030x683-1.jpg\" \/>\n\t<meta property=\"og:image:width\" content=\"1030\" \/>\n\t<meta property=\"og:image:height\" content=\"683\" \/>\n\t<meta property=\"og:image:type\" content=\"image\/jpeg\" \/>\n<meta name=\"author\" content=\"Alex Pussieldi\" \/>\n<meta name=\"twitter:card\" content=\"summary_large_image\" \/>\n<meta name=\"twitter:label1\" content=\"Escrito por\" \/>\n\t<meta name=\"twitter:data1\" content=\"Alex Pussieldi\" \/>\n\t<meta name=\"twitter:label2\" content=\"Est. tempo de leitura\" \/>\n\t<meta name=\"twitter:data2\" content=\"1 minuto\" \/>\n<script type=\"application\/ld+json\" class=\"yoast-schema-graph\">{\"@context\":\"https:\/\/schema.org\",\"@graph\":[{\"@type\":\"Article\",\"@id\":\"https:\/\/swimchannel.net\/br\/sem-summer-mcintosh-termina-o-campeonato-canadense\/#article\",\"isPartOf\":{\"@id\":\"https:\/\/swimchannel.net\/br\/sem-summer-mcintosh-termina-o-campeonato-canadense\/\"},\"author\":{\"name\":\"Alex Pussieldi\",\"@id\":\"https:\/\/swimchannel.net\/br\/#\/schema\/person\/cf549cb99cf75592fcf7c76213385e63\"},\"headline\":\"Sem Summer McIntosh, termina o campeonato canadense\",\"datePublished\":\"2025-06-13T12:31:15+00:00\",\"mainEntityOfPage\":{\"@id\":\"https:\/\/swimchannel.net\/br\/sem-summer-mcintosh-termina-o-campeonato-canadense\/\"},\"wordCount\":214,\"commentCount\":0,\"publisher\":{\"@id\":\"https:\/\/swimchannel.net\/br\/#organization\"},\"image\":{\"@id\":\"https:\/\/swimchannel.net\/br\/sem-summer-mcintosh-termina-o-campeonato-canadense\/#primaryimage\"},\"thumbnailUrl\":\"https:\/\/swimchannel.net\/br\/wp-content\/uploads\/2025\/06\/506378748_1123752176462394_9170259856069599761_n-1-1030x683-1.jpg\",\"keywords\":[\"natacao\",\"Summer McIntosh\"],\"articleSection\":[\"Nata\u00e7\u00e3o\",\"\u00daltimas Not\u00edcias\"],\"inLanguage\":\"pt-BR\",\"potentialAction\":[{\"@type\":\"CommentAction\",\"name\":\"Comment\",\"target\":[\"https:\/\/swimchannel.net\/br\/sem-summer-mcintosh-termina-o-campeonato-canadense\/#respond\"]}]},{\"@type\":\"WebPage\",\"@id\":\"https:\/\/swimchannel.net\/br\/sem-summer-mcintosh-termina-o-campeonato-canadense\/\",\"url\":\"https:\/\/swimchannel.net\/br\/sem-summer-mcintosh-termina-o-campeonato-canadense\/\",\"name\":\"Sem Summer McIntosh, termina o campeonato canadense - Swimchannel\",\"isPartOf\":{\"@id\":\"https:\/\/swimchannel.net\/br\/#website\"},\"primaryImageOfPage\":{\"@id\":\"https:\/\/swimchannel.net\/br\/sem-summer-mcintosh-termina-o-campeonato-canadense\/#primaryimage\"},\"image\":{\"@id\":\"https:\/\/swimchannel.net\/br\/sem-summer-mcintosh-termina-o-campeonato-canadense\/#primaryimage\"},\"thumbnailUrl\":\"https:\/\/swimchannel.net\/br\/wp-content\/uploads\/2025\/06\/506378748_1123752176462394_9170259856069599761_n-1-1030x683-1.jpg\",\"datePublished\":\"2025-06-13T12:31:15+00:00\",\"breadcrumb\":{\"@id\":\"https:\/\/swimchannel.net\/br\/sem-summer-mcintosh-termina-o-campeonato-canadense\/#breadcrumb\"},\"inLanguage\":\"pt-BR\",\"potentialAction\":[{\"@type\":\"ReadAction\",\"target\":[\"https:\/\/swimchannel.net\/br\/sem-summer-mcintosh-termina-o-campeonato-canadense\/\"]}]},{\"@type\":\"ImageObject\",\"inLanguage\":\"pt-BR\",\"@id\":\"https:\/\/swimchannel.net\/br\/sem-summer-mcintosh-termina-o-campeonato-canadense\/#primaryimage\",\"url\":\"https:\/\/swimchannel.net\/br\/wp-content\/uploads\/2025\/06\/506378748_1123752176462394_9170259856069599761_n-1-1030x683-1.jpg\",\"contentUrl\":\"https:\/\/swimchannel.net\/br\/wp-content\/uploads\/2025\/06\/506378748_1123752176462394_9170259856069599761_n-1-1030x683-1.jpg\",\"width\":1030,\"height\":683,\"caption\":\"2025 Canadian Swimming Trials Day 2 Prelims\"},{\"@type\":\"BreadcrumbList\",\"@id\":\"https:\/\/swimchannel.net\/br\/sem-summer-mcintosh-termina-o-campeonato-canadense\/#breadcrumb\",\"itemListElement\":[{\"@type\":\"ListItem\",\"position\":1,\"name\":\"Home\",\"item\":\"https:\/\/swimchannel.net\/br\/\"},{\"@type\":\"ListItem\",\"position\":2,\"name\":\"Sem Summer McIntosh, termina o campeonato canadense\"}]},{\"@type\":\"WebSite\",\"@id\":\"https:\/\/swimchannel.net\/br\/#website\",\"url\":\"https:\/\/swimchannel.net\/br\/\",\"name\":\"Swimchannel\",\"description\":\"Maior portal de nata\u00e7\u00e3o da america latina\",\"publisher\":{\"@id\":\"https:\/\/swimchannel.net\/br\/#organization\"},\"potentialAction\":[{\"@type\":\"SearchAction\",\"target\":{\"@type\":\"EntryPoint\",\"urlTemplate\":\"https:\/\/swimchannel.net\/br\/?s={search_term_string}\"},\"query-input\":{\"@type\":\"PropertyValueSpecification\",\"valueRequired\":true,\"valueName\":\"search_term_string\"}}],\"inLanguage\":\"pt-BR\"},{\"@type\":\"Organization\",\"@id\":\"https:\/\/swimchannel.net\/br\/#organization\",\"name\":\"Swimchannel - Conectando voc\u00ea a Nata\u00e7\u00e3o\",\"url\":\"https:\/\/swimchannel.net\/br\/\",\"logo\":{\"@type\":\"ImageObject\",\"inLanguage\":\"pt-BR\",\"@id\":\"https:\/\/swimchannel.net\/br\/#\/schema\/logo\/image\/\",\"url\":\"https:\/\/swimchannel.net\/br\/wp-content\/uploads\/2026\/02\/SWIM-CHANNEL.png\",\"contentUrl\":\"https:\/\/swimchannel.net\/br\/wp-content\/uploads\/2026\/02\/SWIM-CHANNEL.png\",\"width\":1120,\"height\":630,\"caption\":\"Swimchannel - Conectando voc\u00ea a Nata\u00e7\u00e3o\"},\"image\":{\"@id\":\"https:\/\/swimchannel.net\/br\/#\/schema\/logo\/image\/\"},\"sameAs\":[\"https:\/\/www.facebook.com\/swimchannel\",\"https:\/\/www.instagram.com\/swimchannel\"]},{\"@type\":\"Person\",\"@id\":\"https:\/\/swimchannel.net\/br\/#\/schema\/person\/cf549cb99cf75592fcf7c76213385e63\",\"name\":\"Alex Pussieldi\",\"image\":{\"@type\":\"ImageObject\",\"inLanguage\":\"pt-BR\",\"@id\":\"https:\/\/swimchannel.net\/br\/#\/schema\/person\/image\/\",\"url\":\"https:\/\/swimchannel.net\/br\/wp-content\/uploads\/2021\/02\/9b1c252d-a4bd-4eda-b399-24565cac4114-100x100.jpg\",\"contentUrl\":\"https:\/\/swimchannel.net\/br\/wp-content\/uploads\/2021\/02\/9b1c252d-a4bd-4eda-b399-24565cac4114-100x100.jpg\",\"caption\":\"Alex Pussieldi\"},\"description\":\"Alexandre Pussieldi, apelidado de \u201ccoach\u201d, Foi t\u00e9cnico da sele\u00e7\u00e3o verde e amarela nas Olimp\u00edadas de Pequim-2008 e Londres-2012. O treinador ainda comandou outros quatro pa\u00edses: Kuwait, Paraguai, Aruba e Antilhas Holandesas, al\u00e9m da sele\u00e7\u00e3o americana de \u00e1guas abertas. Pussieldi tem passagens como comentarista de nata\u00e7\u00e3o do Grupo Globo e Swim Channel.\",\"url\":\"https:\/\/swimchannel.net\/br\/author\/alexpussieldi\/\"}]}<\/script>\n<!-- \/ Yoast SEO plugin. -->","yoast_head_json":{"title":"Sem Summer McIntosh, termina o campeonato canadense - Swimchannel","robots":{"index":"index","follow":"follow","max-snippet":"max-snippet:-1","max-image-preview":"max-image-preview:large","max-video-preview":"max-video-preview:-1"},"canonical":"https:\/\/swimchannel.net\/br\/sem-summer-mcintosh-termina-o-campeonato-canadense\/","og_locale":"pt_BR","og_type":"article","og_title":"Sem Summer McIntosh, termina o campeonato canadense - Swimchannel","og_description":"Summer McIntosh optou por n\u00e3o nadar os 200m livre no \u00faltimo dia do Campeonato Canadense em Victoria. Depois de cinco provas, tr\u00eas recordes mundiais e dois recordes canadenses, McIntosh apenas treinou na \u00faltima etapa da Seletiva \u00fanica do Canad\u00e1 para o Mundial de Singapura. &nbsp; Com isso, fica definido o programa de McIntosh para o [&hellip;]","og_url":"https:\/\/swimchannel.net\/br\/sem-summer-mcintosh-termina-o-campeonato-canadense\/","og_site_name":"Swimchannel","article_publisher":"https:\/\/www.facebook.com\/swimchannel","article_published_time":"2025-06-13T12:31:15+00:00","og_image":[{"width":1030,"height":683,"url":"https:\/\/swimchannel.net\/br\/wp-content\/uploads\/2025\/06\/506378748_1123752176462394_9170259856069599761_n-1-1030x683-1.jpg","type":"image\/jpeg"}],"author":"Alex Pussieldi","twitter_card":"summary_large_image","twitter_misc":{"Escrito por":"Alex Pussieldi","Est. tempo de leitura":"1 minuto"},"schema":{"@context":"https:\/\/schema.org","@graph":[{"@type":"Article","@id":"https:\/\/swimchannel.net\/br\/sem-summer-mcintosh-termina-o-campeonato-canadense\/#article","isPartOf":{"@id":"https:\/\/swimchannel.net\/br\/sem-summer-mcintosh-termina-o-campeonato-canadense\/"},"author":{"name":"Alex Pussieldi","@id":"https:\/\/swimchannel.net\/br\/#\/schema\/person\/cf549cb99cf75592fcf7c76213385e63"},"headline":"Sem Summer McIntosh, termina o campeonato canadense","datePublished":"2025-06-13T12:31:15+00:00","mainEntityOfPage":{"@id":"https:\/\/swimchannel.net\/br\/sem-summer-mcintosh-termina-o-campeonato-canadense\/"},"wordCount":214,"commentCount":0,"publisher":{"@id":"https:\/\/swimchannel.net\/br\/#organization"},"image":{"@id":"https:\/\/swimchannel.net\/br\/sem-summer-mcintosh-termina-o-campeonato-canadense\/#primaryimage"},"thumbnailUrl":"https:\/\/swimchannel.net\/br\/wp-content\/uploads\/2025\/06\/506378748_1123752176462394_9170259856069599761_n-1-1030x683-1.jpg","keywords":["natacao","Summer McIntosh"],"articleSection":["Nata\u00e7\u00e3o","\u00daltimas Not\u00edcias"],"inLanguage":"pt-BR","potentialAction":[{"@type":"CommentAction","name":"Comment","target":["https:\/\/swimchannel.net\/br\/sem-summer-mcintosh-termina-o-campeonato-canadense\/#respond"]}]},{"@type":"WebPage","@id":"https:\/\/swimchannel.net\/br\/sem-summer-mcintosh-termina-o-campeonato-canadense\/","url":"https:\/\/swimchannel.net\/br\/sem-summer-mcintosh-termina-o-campeonato-canadense\/","name":"Sem Summer McIntosh, termina o campeonato canadense - Swimchannel","isPartOf":{"@id":"https:\/\/swimchannel.net\/br\/#website"},"primaryImageOfPage":{"@id":"https:\/\/swimchannel.net\/br\/sem-summer-mcintosh-termina-o-campeonato-canadense\/#primaryimage"},"image":{"@id":"https:\/\/swimchannel.net\/br\/sem-summer-mcintosh-termina-o-campeonato-canadense\/#primaryimage"},"thumbnailUrl":"https:\/\/swimchannel.net\/br\/wp-content\/uploads\/2025\/06\/506378748_1123752176462394_9170259856069599761_n-1-1030x683-1.jpg","datePublished":"2025-06-13T12:31:15+00:00","breadcrumb":{"@id":"https:\/\/swimchannel.net\/br\/sem-summer-mcintosh-termina-o-campeonato-canadense\/#breadcrumb"},"inLanguage":"pt-BR","potentialAction":[{"@type":"ReadAction","target":["https:\/\/swimchannel.net\/br\/sem-summer-mcintosh-termina-o-campeonato-canadense\/"]}]},{"@type":"ImageObject","inLanguage":"pt-BR","@id":"https:\/\/swimchannel.net\/br\/sem-summer-mcintosh-termina-o-campeonato-canadense\/#primaryimage","url":"https:\/\/swimchannel.net\/br\/wp-content\/uploads\/2025\/06\/506378748_1123752176462394_9170259856069599761_n-1-1030x683-1.jpg","contentUrl":"https:\/\/swimchannel.net\/br\/wp-content\/uploads\/2025\/06\/506378748_1123752176462394_9170259856069599761_n-1-1030x683-1.jpg","width":1030,"height":683,"caption":"2025 Canadian Swimming Trials Day 2 Prelims"},{"@type":"BreadcrumbList","@id":"https:\/\/swimchannel.net\/br\/sem-summer-mcintosh-termina-o-campeonato-canadense\/#breadcrumb","itemListElement":[{"@type":"ListItem","position":1,"name":"Home","item":"https:\/\/swimchannel.net\/br\/"},{"@type":"ListItem","position":2,"name":"Sem Summer McIntosh, termina o campeonato canadense"}]},{"@type":"WebSite","@id":"https:\/\/swimchannel.net\/br\/#website","url":"https:\/\/swimchannel.net\/br\/","name":"Swimchannel","description":"Maior portal de nata\u00e7\u00e3o da america latina","publisher":{"@id":"https:\/\/swimchannel.net\/br\/#organization"},"potentialAction":[{"@type":"SearchAction","target":{"@type":"EntryPoint","urlTemplate":"https:\/\/swimchannel.net\/br\/?s={search_term_string}"},"query-input":{"@type":"PropertyValueSpecification","valueRequired":true,"valueName":"search_term_string"}}],"inLanguage":"pt-BR"},{"@type":"Organization","@id":"https:\/\/swimchannel.net\/br\/#organization","name":"Swimchannel - Conectando voc\u00ea a Nata\u00e7\u00e3o","url":"https:\/\/swimchannel.net\/br\/","logo":{"@type":"ImageObject","inLanguage":"pt-BR","@id":"https:\/\/swimchannel.net\/br\/#\/schema\/logo\/image\/","url":"https:\/\/swimchannel.net\/br\/wp-content\/uploads\/2026\/02\/SWIM-CHANNEL.png","contentUrl":"https:\/\/swimchannel.net\/br\/wp-content\/uploads\/2026\/02\/SWIM-CHANNEL.png","width":1120,"height":630,"caption":"Swimchannel - Conectando voc\u00ea a Nata\u00e7\u00e3o"},"image":{"@id":"https:\/\/swimchannel.net\/br\/#\/schema\/logo\/image\/"},"sameAs":["https:\/\/www.facebook.com\/swimchannel","https:\/\/www.instagram.com\/swimchannel"]},{"@type":"Person","@id":"https:\/\/swimchannel.net\/br\/#\/schema\/person\/cf549cb99cf75592fcf7c76213385e63","name":"Alex Pussieldi","image":{"@type":"ImageObject","inLanguage":"pt-BR","@id":"https:\/\/swimchannel.net\/br\/#\/schema\/person\/image\/","url":"https:\/\/swimchannel.net\/br\/wp-content\/uploads\/2021\/02\/9b1c252d-a4bd-4eda-b399-24565cac4114-100x100.jpg","contentUrl":"https:\/\/swimchannel.net\/br\/wp-content\/uploads\/2021\/02\/9b1c252d-a4bd-4eda-b399-24565cac4114-100x100.jpg","caption":"Alex Pussieldi"},"description":"Alexandre Pussieldi, apelidado de \u201ccoach\u201d, Foi t\u00e9cnico da sele\u00e7\u00e3o verde e amarela nas Olimp\u00edadas de Pequim-2008 e Londres-2012. O treinador ainda comandou outros quatro pa\u00edses: Kuwait, Paraguai, Aruba e Antilhas Holandesas, al\u00e9m da sele\u00e7\u00e3o americana de \u00e1guas abertas. Pussieldi tem passagens como comentarista de nata\u00e7\u00e3o do Grupo Globo e Swim Channel.","url":"https:\/\/swimchannel.net\/br\/author\/alexpussieldi\/"}]}},"_links":{"self":[{"href":"https:\/\/swimchannel.net\/br\/wp-json\/wp\/v2\/posts\/74170","targetHints":{"allow":["GET"]}}],"collection":[{"href":"https:\/\/swimchannel.net\/br\/wp-json\/wp\/v2\/posts"}],"about":[{"href":"https:\/\/swimchannel.net\/br\/wp-json\/wp\/v2\/types\/post"}],"author":[{"embeddable":true,"href":"https:\/\/swimchannel.net\/br\/wp-json\/wp\/v2\/users\/12"}],"replies":[{"embeddable":true,"href":"https:\/\/swimchannel.net\/br\/wp-json\/wp\/v2\/comments?post=74170"}],"version-history":[{"count":1,"href":"https:\/\/swimchannel.net\/br\/wp-json\/wp\/v2\/posts\/74170\/revisions"}],"predecessor-version":[{"id":74172,"href":"https:\/\/swimchannel.net\/br\/wp-json\/wp\/v2\/posts\/74170\/revisions\/74172"}],"wp:featuredmedia":[{"embeddable":true,"href":"https:\/\/swimchannel.net\/br\/wp-json\/wp\/v2\/media\/74171"}],"wp:attachment":[{"href":"https:\/\/swimchannel.net\/br\/wp-json\/wp\/v2\/media?parent=74170"}],"wp:term":[{"taxonomy":"category","embeddable":true,"href":"https:\/\/swimchannel.net\/br\/wp-json\/wp\/v2\/categories?post=74170"},{"taxonomy":"post_tag","embeddable":true,"href":"https:\/\/swimchannel.net\/br\/wp-json\/wp\/v2\/tags?post=74170"}],"curies":[{"name":"wp","href":"https:\/\/api.w.org\/{rel}","templated":true}]}}