{"id":74220,"date":"2025-06-16T17:41:41","date_gmt":"2025-06-16T20:41:41","guid":{"rendered":"https:\/\/swimchannel.net\/br\/?p=74220"},"modified":"2025-06-20T22:02:28","modified_gmt":"2025-06-21T01:02:28","slug":"treinador-de-kristof-milak-anuncia-ele-esta-fora-de-singapura","status":"publish","type":"post","link":"https:\/\/swimchannel.net\/br\/treinador-de-kristof-milak-anuncia-ele-esta-fora-de-singapura\/","title":{"rendered":"Treinador de Kristof Milak anuncia: ele est\u00e1 fora de Singapura!"},"content":{"rendered":"<p>Entrevista dada pelo t\u00e9cnico de Kristof Milak, \u00c1lmos Szab\u00f3, que est\u00e1 com seu grupo de nadadores paral\u00edmpicos em training camp em Belek, na Turquia. Reprodu\u00e7\u00e3o da entrevista dada ao jornal Nemzeti Sport:<\/p>\n<p><em>\u201cKrist\u00f3f n\u00e3o competir\u00e1 no Campeonato Mundial de Nata\u00e7\u00e3o de Singapura e apoio sua decis\u00e3o\u2026 N\u00e3o desistimos dos recordes mundiais no futuro, mas temos que ser pacientes\u201d, disse Szab\u00f3 \u00c1lmos, treinador de Mil\u00e1k, ao Nemzeti Sport e Nemzeti Sportr\u00e1di\u00f3. A quest\u00e3o da sua participa\u00e7\u00e3o n\u00e3o poderia ser mais relevante, j\u00e1 que o prazo de inscri\u00e7\u00e3o para o evento aqu\u00e1tico deste ano termina \u00e0 meia-noite de ter\u00e7a-feira. O treinador que treinou Fanni Ill\u00e9s e Bianka Pap, multicampe\u00e3 paral\u00edmpica e atualmente em treinamento em Belek, Turquia, tamb\u00e9m mencionou que seu relacionamento profissional e pessoal com Krist\u00f3f Mil\u00e1k continua bom e opinou sobre o desempenho de seu aluno no campeonato nacional de abril, e at\u00e9 mesmo sobre Mil\u00e1k.<\/em><\/p>\n<p><em>\u2013 Desde o campeonato nacional de abril, tem havido crescente especula\u00e7\u00e3o sobre se Krist\u00f3f Mil\u00e1k \u2013 que fez uma promessa nesse sentido em entrevista ao seu principal patrocinador \u2013 competir\u00e1 no Campeonato Mundial de Singapura. O prazo de inscri\u00e7\u00e3o termina \u00e0 meia-noite de ter\u00e7a-feira, e o mais oportuno \u00e9 obter uma resposta em primeira m\u00e3o de seu treinador. Ele competir\u00e1?<\/em><\/p>\n<p><em>\u2013 Minha resposta curta \u00e9 que n\u00e3o, ele n\u00e3o competir\u00e1. Se eu tivesse que dar uma resposta um pouco mais longa, diria que Krist\u00f3f me indicou sua inten\u00e7\u00e3o de faz\u00ea-lo, n\u00f3s discutimos isso e eu o apoio nessa decis\u00e3o.<\/em><\/p>\n<p><em>\u2013 Se levarmos a s\u00e9rio sua promessa na \u00e9poca, o que aconteceu para que essa decis\u00e3o mudasse no final?<\/em><\/p>\n<p><em>\u2013 Todos devem colocar a m\u00e3o no cora\u00e7\u00e3o, porque j\u00e1 aconteceu com qualquer um de as coisas n\u00e3o sa\u00edrem necessariamente como planejado. E mesmo isso n\u00e3o \u00e9 totalmente verdade nesta situa\u00e7\u00e3o, porque n\u00e3o come\u00e7amos este ano com a participa\u00e7\u00e3o de Krist\u00f3f no Campeonato Mundial de Cingapura 100% garantida. Nosso objetivo era tentar reacender seu amor pela nata\u00e7\u00e3o, seu desejo, a chama que ele j\u00e1 tem. Ele tem outros desafios mais dif\u00edceis do que os f\u00edsicos. Portanto, o fato de ele n\u00e3o estar competindo no Campeonato Mundial este ano, um ano ap\u00f3s as Olimp\u00edadas, n\u00e3o acho que haja muito o que criticar. Muitos atletas de elite no mundo j\u00e1 escolheram o caminho de descansar um pouco. Isso \u00e9 especialmente verdadeiro para atletas de sucesso excepcional, como Krist\u00f3f. Se ele sente que precisa disso agora, ent\u00e3o eu o apoio nisso; acho que n\u00e3o \u00e9 necessariamente uma m\u00e1 decis\u00e3o.<\/em><\/p>\n<p><em>\u2013 Ao mesmo tempo, pode-se justificar a sugest\u00e3o profissional de que, para um nadador que est\u00e1 na sua idade e no seu auge f\u00edsico, \u00e9 uma sorte ele perder tr\u00eas campeonatos mundiais consecutivos?<\/em><\/p>\n<p><em>\u2013 Ele tem sorte ou n\u00e3o? Bem, infelizmente, n\u00e3o haver\u00e1 entrevistas elogiosas sobre ele\u2026 Como ele decidiu n\u00e3o comentar, o \u201coutro lado\u201d muitas vezes se sente no direito de jogar lama nele, porque \u201co que significa n\u00e3o fazer\u201d\u2026 Foi assim que ele decidiu, temos que aceitar. N\u00e3o acho que ele me\u00e7a isso pelo fato de ser o campeonato mundial ou n\u00e3o. O que importa para ele \u00e9 o qu\u00e3o forte \u00e9 o objetivo que ele consegue encontrar para si mesmo, o que ele quer alcan\u00e7ar. \u00c9 dif\u00edcil para n\u00f3s pensarmos nisso no caso de um atleta que est\u00e1 quebrando o recorde mundial do nadador hist\u00f3rico, o 23 vezes campe\u00e3o ol\u00edmpico Michael Phelps. N\u00e3o sabemos como ele se sente depois, qu\u00e3o grande pode ser o vazio que ele sente. \u201cDevo seguir em frente? Ou devo seguir na dire\u00e7\u00e3o de outro estilo de nata\u00e7\u00e3o?\u201d N\u00e3o sabemos que perguntas passam pela sua cabe\u00e7a, mas uma coisa \u00e9 certa: uma psicologia s\u00e9ria e profunda est\u00e1 em jogo aqui. No geral, repito, esta n\u00e3o \u00e9 uma decis\u00e3o ruim.<\/em><\/p>\n<p><em>\u2013 Se ele considera essa decis\u00e3o justificada profissionalmente, ent\u00e3o vamos voltar um pouco ao campeonato nacional de abril, porque havia algo a ser avaliado ali. Houve v\u00e1rias abordagens para o desempenho de Krist\u00f3f: segundo algumas opini\u00f5es, n\u00e3o \u00e9 um bom sinal que o campe\u00e3o ol\u00edmpico tenha sido derrotado nos 100 metros borboleta pelo especialista em nado costas Hubert K\u00f3s, assim como o resultado de Krist\u00f3f Mil\u00e1k nos 200 metros borboleta tamb\u00e9m n\u00e3o foi um tempo excepcional. O que isso diz ao especialista? Como ele gostou do que viu l\u00e1?<\/em><\/p>\n<p><em>\u2013 Eu realmente gostei, porque sei exatamente o que Krist\u00f3f foi capaz de colocar em seu treinamento naquela \u00e9poca. Foi um desempenho completamente med\u00edocre, depois de uma prepara\u00e7\u00e3o cheia de doen\u00e7as. Perder para Hubert K\u00f3s como campe\u00e3o ol\u00edmpico, que \u00e9 um ciclo mais novo que ele \u2013 ou seja, se o compararmos com Krist\u00f3f Mil\u00e1k, que era um ciclo mais velho, o quadro \u00e9 completamente diferente \u2013 mas acho que os 100 metros borboleta foram um verdadeiro deleite profissional, foi uma nata\u00e7\u00e3o brilhante de ambos os rapazes. Krist\u00f3f cometeu erros naqueles cem metros, mas n\u00e3o \u00e9 isso que voc\u00ea precisa considerar nestes tempos. Krist\u00f3f nadou 50s67, no exterior o medalhista de prata ol\u00edmpico canadense Josh Liendo nadou o mesmo tempo agora, e Krist\u00f3f fez isso h\u00e1 algumas semanas. Eles ficaram felizes com isso l\u00e1, mas n\u00f3s ficamos menos felizes aqui. Ent\u00e3o, eu refutaria isso, aqueles cem metros borboleta foram muito bons.<\/em><\/p>\n<p><em>Para onde isso pode lev\u00e1-lo?<\/em><\/p>\n<p><em>\u2013 E para onde mais isso pode lev\u00e1-lo? Afinal, vemos que suas habilidades f\u00edsicas ainda s\u00e3o incompar\u00e1veis, a quest\u00e3o \u00e9 sempre se ele ainda est\u00e1 disposto a fazer o treinamento necess\u00e1rio para grandes resultados. E vamos ter certeza de que ele far\u00e1 esse treinamento em algum momento e conseguir\u00e1 manter aquela chama ainda viva nele que ouvimos no in\u00edcio da entrevista. O que mais poderia haver nele?<\/em><\/p>\n<p><em>\u2013 N\u00e3o estou contando nada de novo a ningu\u00e9m ao dizer que ele tem habilidades \u00fanicas no mundo. Mas, infelizmente, \u00e9 muito mais dif\u00edcil para sua prepara\u00e7\u00e3o mental. E essas habilidades precisam funcionar juntas. Se voc\u00ea n\u00e3o chega \u00e0 \u00e1gua porque n\u00e3o h\u00e1 nada que o leve at\u00e9 l\u00e1, \u00e9 muito dif\u00edcil. \u00c9 por isso que voc\u00ea precisa de uma pausa. Para que possamos descobrir quando essa chama vai reacender nele. E s\u00f3 ele saber\u00e1 disso. Claro, podemos especular por que n\u00e3o, e ent\u00e3o podemos escrever algo sobre ele novamente que o levar\u00e1 ainda mais para baixo. Ele saber\u00e1, sentir\u00e1 por dentro quando come\u00e7ar a surgir dentro dele, e ent\u00e3o provavelmente se apresentar\u00e1 para a atual competi\u00e7\u00e3o mundial e criar\u00e1 algo extraordin\u00e1rio novamente.<\/em><\/p>\n<p><em>\u2013 Esta decis\u00e3o \u00e9 resultado de uma comunica\u00e7\u00e3o elaborada em conjunto?<\/em><\/p>\n<p><em>\u2013 Com certeza. Entendemos a linguagem um do outro. Muitas vezes fomos muito longe em certas conversas, que nos aprofundaram muito e, obviamente, nos aproximaram muito. Claro, se Krist\u00f3f est\u00e1 apenas tentando me dar respostas com suas express\u00f5es faciais ou gestos, eu tamb\u00e9m entendo.<\/em><\/p>\n<p><em>\u2013 Em rela\u00e7\u00e3o \u00e0 decodifica\u00e7\u00e3o de express\u00f5es faciais, podemos dizer que Krist\u00f3f pode ter dificuldade em dizer \u201cn\u00e3o\u201d?<\/em><\/p>\n<p><em>\u2013 \u00c9 certo que isso n\u00e3o \u00e9 f\u00e1cil para ele, mas sejamos realistas: todos t\u00eam dificuldades. Meu trabalho \u00e9 aceitar dessa forma, e ele obviamente acha que \u00c1lmos cuidar\u00e1 do resto.<\/em><\/p>\n<p><em>\u2013 E esse tipo de paci\u00eancia, ou mesmo o fato de ele estar descansando agora e perdendo o campeonato mundial, poderia haver alguma esperan\u00e7a de que isso o mantenha na nata\u00e7\u00e3o?<\/em><br \/>\n<em>\u2013 Espero que sim. Acho que a decis\u00e3o atual serve a essa causa. Acredito nisso.<\/em><\/p>\n<p><em>\u2013 Se este for um ano t\u00e3o tranquilo, ent\u00e3o tamb\u00e9m pergunto, em um sentido profissional: tudo isso pode ajud\u00e1-lo a chegar a Los Angeles?<\/em><br \/>\n<em>\u2013 Para ser sincero, ainda n\u00e3o o vejo chegando a Los Angeles, embora tenha certeza de que \u00e9 isso que o motiva. Ele conquistou muito, e \u00e9 claro que podemos contar quantos campeonatos mundiais ele perdeu ou perdeu, mas se ele n\u00e3o encontrar a motiva\u00e7\u00e3o necess\u00e1ria, n\u00e3o conseguir\u00e1 se impor em lugar nenhum. Porque onde Krist\u00f3f Mil\u00e1k come\u00e7a, a meta \u00e9 a mais alta, precisa ser superada. Eu realmente n\u00e3o queria quantificar as coisas em nossos planos conjuntos, mas de alguma forma a equa\u00e7\u00e3o mostrou que Krist\u00f3f ainda tem dois recordes mundiais. Principalmente nas rotinas de nado borboleta. E se esse fogo vier e se alastrar ainda mais, ele conseguir\u00e1 fazer isso. Isso \u00e9 conhecimento dele, n\u00e3o meu, para que ningu\u00e9m pense que \u00e9 arrog\u00e2ncia da minha parte. Ser\u00e1 Los Angeles? Acho que sim, mas at\u00e9 l\u00e1, muita \u00e1gua ainda vai rolar pelo Dan\u00fabio\u2026<\/em><\/p>\n<p><em>\u2013 Esse per\u00edodo desde os Jogos Ol\u00edmpicos e Paral\u00edmpicos de Paris foi tempo suficiente para tranquilizar os preocupados: ser\u00e1 que as duas paral\u00edmpicas, Fanni Ill\u00e9s, que tamb\u00e9m \u00e9 sua companheira e m\u00e3e de seu filho pequeno, M\u00f3r, conseguir\u00e3o conciliar os preparativos de Bia Pap e Krist\u00f3f Mil\u00e1k a tempo?<\/em><\/p>\n<p><em>\u2013 Eu tamb\u00e9m ouvi as vozes preocupadas, enquanto na minha mente isso nunca foi uma quest\u00e3o por um momento sequer. N\u00e3o se trata de paratletas ou atletas sem defici\u00eancia, mas de atletas. Se formos treinar no mesmo hor\u00e1rio, posso organizar a prepara\u00e7\u00e3o dos tr\u00eas atletas com muita facilidade, sem nenhuma dificuldade. As meninas poderiam ter se preocupado mais com o quanto Krist\u00f3f dividiria minha aten\u00e7\u00e3o se viesse para c\u00e1, mas n\u00e3o foi o caso. Al\u00e9m disso, felizmente, o relacionamento entre os atletas \u00e9 muito bom.<\/em><\/p>\n<p><em>\u2013 Recentemente, surgiu outra not\u00edcia relacionada ao nome do seu aluno, Krist\u00f3f Mil\u00e1k, a saber, a emenda \u00e0 lei do esporte, conhecida como \u201cLei Mil\u00e1k\u201d, referente \u00e0s condi\u00e7\u00f5es de remunera\u00e7\u00e3o de treinadores educacionais. Essa emenda j\u00e1 foi aceita pelo Parlamento. N\u00e3o \u00e9 segredo que voc\u00ea tamb\u00e9m teve algo a ver com a prepara\u00e7\u00e3o do Krist\u00f3f para as Olimp\u00edadas de Paris. No geral, o que voc\u00ea acha da emenda \u00e0 lei?<\/em><\/p>\n<p><em>\u2013 Gostaria de falar relativamente pouco sobre isso, n\u00e3o me deixou particularmente animado, nem positiva nem negativamente, mas tenho certeza de que foi tomada uma decis\u00e3o juridicamente correta.<\/em><\/p>\n<p>&nbsp;<\/p>\n<p>Gostaria de receber as not\u00edcias de nata\u00e7\u00e3o e \u00e1guas abertas no seu email?<\/p>\n<p><a href=\"https:\/\/lpa.nitro.news\/n-GNe\/ultimas-noticias-swim-channel\">Cadastre-se aqui<\/a><\/p>\n","protected":false},"excerpt":{"rendered":"<p>Entrevista dada pelo t\u00e9cnico de Kristof Milak, \u00c1lmos Szab\u00f3, que est\u00e1 com seu grupo de nadadores paral\u00edmpicos em training camp em Belek, na Turquia. Reprodu\u00e7\u00e3o da entrevista dada ao jornal Nemzeti Sport: \u201cKrist\u00f3f n\u00e3o competir\u00e1 no Campeonato Mundial de Nata\u00e7\u00e3o de Singapura e apoio sua decis\u00e3o\u2026 N\u00e3o desistimos dos recordes mundiais no futuro, mas temos [&hellip;]<\/p>\n","protected":false},"author":12,"featured_media":74221,"comment_status":"open","ping_status":"open","sticky":false,"template":"","format":"standard","meta":{"footnotes":""},"categories":[5152],"tags":[1886,5],"class_list":["post-74220","post","type-post","status-publish","format-standard","has-post-thumbnail","hentry","category-blog-do-coach","tag-kristof-milak","tag-natacao"],"yoast_head":"<!-- This site is optimized with the Yoast SEO plugin v27.0 - https:\/\/yoast.com\/product\/yoast-seo-wordpress\/ -->\n<title>Treinador de Kristof Milak anuncia: ele est\u00e1 fora de Singapura! - Swimchannel<\/title>\n<meta name=\"robots\" content=\"index, follow, max-snippet:-1, max-image-preview:large, max-video-preview:-1\" \/>\n<link rel=\"canonical\" href=\"https:\/\/swimchannel.net\/br\/treinador-de-kristof-milak-anuncia-ele-esta-fora-de-singapura\/\" \/>\n<meta property=\"og:locale\" content=\"pt_BR\" \/>\n<meta property=\"og:type\" content=\"article\" \/>\n<meta property=\"og:title\" content=\"Treinador de Kristof Milak anuncia: ele est\u00e1 fora de Singapura! - Swimchannel\" \/>\n<meta property=\"og:description\" content=\"Entrevista dada pelo t\u00e9cnico de Kristof Milak, \u00c1lmos Szab\u00f3, que est\u00e1 com seu grupo de nadadores paral\u00edmpicos em training camp em Belek, na Turquia. Reprodu\u00e7\u00e3o da entrevista dada ao jornal Nemzeti Sport: \u201cKrist\u00f3f n\u00e3o competir\u00e1 no Campeonato Mundial de Nata\u00e7\u00e3o de Singapura e apoio sua decis\u00e3o\u2026 N\u00e3o desistimos dos recordes mundiais no futuro, mas temos [&hellip;]\" \/>\n<meta property=\"og:url\" content=\"https:\/\/swimchannel.net\/br\/treinador-de-kristof-milak-anuncia-ele-esta-fora-de-singapura\/\" \/>\n<meta property=\"og:site_name\" content=\"Swimchannel\" \/>\n<meta property=\"article:publisher\" content=\"https:\/\/www.facebook.com\/swimchannel\" \/>\n<meta property=\"article:published_time\" content=\"2025-06-16T20:41:41+00:00\" \/>\n<meta property=\"article:modified_time\" content=\"2025-06-21T01:02:28+00:00\" \/>\n<meta property=\"og:image\" content=\"https:\/\/swimchannel.net\/br\/wp-content\/uploads\/2025\/06\/0-18-1100x733-1-1030x686-1-e1750467741689.jpg\" \/>\n\t<meta property=\"og:image:width\" content=\"872\" \/>\n\t<meta property=\"og:image:height\" content=\"500\" \/>\n\t<meta property=\"og:image:type\" content=\"image\/jpeg\" \/>\n<meta name=\"author\" content=\"Alex Pussieldi\" \/>\n<meta name=\"twitter:card\" content=\"summary_large_image\" \/>\n<meta name=\"twitter:label1\" content=\"Escrito por\" \/>\n\t<meta name=\"twitter:data1\" content=\"Alex Pussieldi\" \/>\n\t<meta name=\"twitter:label2\" content=\"Est. tempo de leitura\" \/>\n\t<meta name=\"twitter:data2\" content=\"9 minutos\" \/>\n<script type=\"application\/ld+json\" class=\"yoast-schema-graph\">{\"@context\":\"https:\/\/schema.org\",\"@graph\":[{\"@type\":\"Article\",\"@id\":\"https:\/\/swimchannel.net\/br\/treinador-de-kristof-milak-anuncia-ele-esta-fora-de-singapura\/#article\",\"isPartOf\":{\"@id\":\"https:\/\/swimchannel.net\/br\/treinador-de-kristof-milak-anuncia-ele-esta-fora-de-singapura\/\"},\"author\":{\"name\":\"Alex Pussieldi\",\"@id\":\"https:\/\/swimchannel.net\/br\/#\/schema\/person\/cf549cb99cf75592fcf7c76213385e63\"},\"headline\":\"Treinador de Kristof Milak anuncia: ele est\u00e1 fora de Singapura!\",\"datePublished\":\"2025-06-16T20:41:41+00:00\",\"dateModified\":\"2025-06-21T01:02:28+00:00\",\"mainEntityOfPage\":{\"@id\":\"https:\/\/swimchannel.net\/br\/treinador-de-kristof-milak-anuncia-ele-esta-fora-de-singapura\/\"},\"wordCount\":1767,\"commentCount\":0,\"publisher\":{\"@id\":\"https:\/\/swimchannel.net\/br\/#organization\"},\"image\":{\"@id\":\"https:\/\/swimchannel.net\/br\/treinador-de-kristof-milak-anuncia-ele-esta-fora-de-singapura\/#primaryimage\"},\"thumbnailUrl\":\"https:\/\/swimchannel.net\/br\/wp-content\/uploads\/2025\/06\/0-18-1100x733-1-1030x686-1-e1750467741689.jpg\",\"keywords\":[\"Kristof Milak\",\"natacao\"],\"articleSection\":[\"Blog do Coach\"],\"inLanguage\":\"pt-BR\",\"potentialAction\":[{\"@type\":\"CommentAction\",\"name\":\"Comment\",\"target\":[\"https:\/\/swimchannel.net\/br\/treinador-de-kristof-milak-anuncia-ele-esta-fora-de-singapura\/#respond\"]}]},{\"@type\":\"WebPage\",\"@id\":\"https:\/\/swimchannel.net\/br\/treinador-de-kristof-milak-anuncia-ele-esta-fora-de-singapura\/\",\"url\":\"https:\/\/swimchannel.net\/br\/treinador-de-kristof-milak-anuncia-ele-esta-fora-de-singapura\/\",\"name\":\"Treinador de Kristof Milak anuncia: ele est\u00e1 fora de Singapura! - Swimchannel\",\"isPartOf\":{\"@id\":\"https:\/\/swimchannel.net\/br\/#website\"},\"primaryImageOfPage\":{\"@id\":\"https:\/\/swimchannel.net\/br\/treinador-de-kristof-milak-anuncia-ele-esta-fora-de-singapura\/#primaryimage\"},\"image\":{\"@id\":\"https:\/\/swimchannel.net\/br\/treinador-de-kristof-milak-anuncia-ele-esta-fora-de-singapura\/#primaryimage\"},\"thumbnailUrl\":\"https:\/\/swimchannel.net\/br\/wp-content\/uploads\/2025\/06\/0-18-1100x733-1-1030x686-1-e1750467741689.jpg\",\"datePublished\":\"2025-06-16T20:41:41+00:00\",\"dateModified\":\"2025-06-21T01:02:28+00:00\",\"breadcrumb\":{\"@id\":\"https:\/\/swimchannel.net\/br\/treinador-de-kristof-milak-anuncia-ele-esta-fora-de-singapura\/#breadcrumb\"},\"inLanguage\":\"pt-BR\",\"potentialAction\":[{\"@type\":\"ReadAction\",\"target\":[\"https:\/\/swimchannel.net\/br\/treinador-de-kristof-milak-anuncia-ele-esta-fora-de-singapura\/\"]}]},{\"@type\":\"ImageObject\",\"inLanguage\":\"pt-BR\",\"@id\":\"https:\/\/swimchannel.net\/br\/treinador-de-kristof-milak-anuncia-ele-esta-fora-de-singapura\/#primaryimage\",\"url\":\"https:\/\/swimchannel.net\/br\/wp-content\/uploads\/2025\/06\/0-18-1100x733-1-1030x686-1-e1750467741689.jpg\",\"contentUrl\":\"https:\/\/swimchannel.net\/br\/wp-content\/uploads\/2025\/06\/0-18-1100x733-1-1030x686-1-e1750467741689.jpg\",\"width\":872,\"height\":500,\"caption\":\"Mil\u00e1k Krist\u00f3f a200 m\u00e9teres f\u00e9rfi pillang\u00f3\u00fasz\u00e1s el\u0151futam\u00e1ban a CXXIII. Orsza\u0301gos Bajnoksa\u0301g Sze\u0301chy Tama\u0301s emle\u0301ke\u0301re \u00fasz\u00f3versenyen budapesti Duna Ar\u00e9n\u00e1ban 2021.03.23.-\u00e1n. fot\u00f3:M\u00daSZ\/Derencs\u00e9nyi Istv\u00e1n\"},{\"@type\":\"BreadcrumbList\",\"@id\":\"https:\/\/swimchannel.net\/br\/treinador-de-kristof-milak-anuncia-ele-esta-fora-de-singapura\/#breadcrumb\",\"itemListElement\":[{\"@type\":\"ListItem\",\"position\":1,\"name\":\"Home\",\"item\":\"https:\/\/swimchannel.net\/br\/\"},{\"@type\":\"ListItem\",\"position\":2,\"name\":\"Treinador de Kristof Milak anuncia: ele est\u00e1 fora de Singapura!\"}]},{\"@type\":\"WebSite\",\"@id\":\"https:\/\/swimchannel.net\/br\/#website\",\"url\":\"https:\/\/swimchannel.net\/br\/\",\"name\":\"Swimchannel\",\"description\":\"Maior portal de nata\u00e7\u00e3o da america latina\",\"publisher\":{\"@id\":\"https:\/\/swimchannel.net\/br\/#organization\"},\"potentialAction\":[{\"@type\":\"SearchAction\",\"target\":{\"@type\":\"EntryPoint\",\"urlTemplate\":\"https:\/\/swimchannel.net\/br\/?s={search_term_string}\"},\"query-input\":{\"@type\":\"PropertyValueSpecification\",\"valueRequired\":true,\"valueName\":\"search_term_string\"}}],\"inLanguage\":\"pt-BR\"},{\"@type\":\"Organization\",\"@id\":\"https:\/\/swimchannel.net\/br\/#organization\",\"name\":\"Swimchannel - Conectando voc\u00ea a Nata\u00e7\u00e3o\",\"url\":\"https:\/\/swimchannel.net\/br\/\",\"logo\":{\"@type\":\"ImageObject\",\"inLanguage\":\"pt-BR\",\"@id\":\"https:\/\/swimchannel.net\/br\/#\/schema\/logo\/image\/\",\"url\":\"https:\/\/swimchannel.net\/br\/wp-content\/uploads\/2026\/02\/SWIM-CHANNEL.png\",\"contentUrl\":\"https:\/\/swimchannel.net\/br\/wp-content\/uploads\/2026\/02\/SWIM-CHANNEL.png\",\"width\":1120,\"height\":630,\"caption\":\"Swimchannel - Conectando voc\u00ea a Nata\u00e7\u00e3o\"},\"image\":{\"@id\":\"https:\/\/swimchannel.net\/br\/#\/schema\/logo\/image\/\"},\"sameAs\":[\"https:\/\/www.facebook.com\/swimchannel\",\"https:\/\/www.instagram.com\/swimchannel\"]},{\"@type\":\"Person\",\"@id\":\"https:\/\/swimchannel.net\/br\/#\/schema\/person\/cf549cb99cf75592fcf7c76213385e63\",\"name\":\"Alex Pussieldi\",\"image\":{\"@type\":\"ImageObject\",\"inLanguage\":\"pt-BR\",\"@id\":\"https:\/\/swimchannel.net\/br\/#\/schema\/person\/image\/\",\"url\":\"https:\/\/swimchannel.net\/br\/wp-content\/uploads\/2021\/02\/9b1c252d-a4bd-4eda-b399-24565cac4114-100x100.jpg\",\"contentUrl\":\"https:\/\/swimchannel.net\/br\/wp-content\/uploads\/2021\/02\/9b1c252d-a4bd-4eda-b399-24565cac4114-100x100.jpg\",\"caption\":\"Alex Pussieldi\"},\"description\":\"Alexandre Pussieldi, apelidado de \u201ccoach\u201d, Foi t\u00e9cnico da sele\u00e7\u00e3o verde e amarela nas Olimp\u00edadas de Pequim-2008 e Londres-2012. O treinador ainda comandou outros quatro pa\u00edses: Kuwait, Paraguai, Aruba e Antilhas Holandesas, al\u00e9m da sele\u00e7\u00e3o americana de \u00e1guas abertas. Pussieldi tem passagens como comentarista de nata\u00e7\u00e3o do Grupo Globo e Swim Channel.\",\"url\":\"https:\/\/swimchannel.net\/br\/author\/alexpussieldi\/\"}]}<\/script>\n<!-- \/ Yoast SEO plugin. -->","yoast_head_json":{"title":"Treinador de Kristof Milak anuncia: ele est\u00e1 fora de Singapura! - Swimchannel","robots":{"index":"index","follow":"follow","max-snippet":"max-snippet:-1","max-image-preview":"max-image-preview:large","max-video-preview":"max-video-preview:-1"},"canonical":"https:\/\/swimchannel.net\/br\/treinador-de-kristof-milak-anuncia-ele-esta-fora-de-singapura\/","og_locale":"pt_BR","og_type":"article","og_title":"Treinador de Kristof Milak anuncia: ele est\u00e1 fora de Singapura! - Swimchannel","og_description":"Entrevista dada pelo t\u00e9cnico de Kristof Milak, \u00c1lmos Szab\u00f3, que est\u00e1 com seu grupo de nadadores paral\u00edmpicos em training camp em Belek, na Turquia. Reprodu\u00e7\u00e3o da entrevista dada ao jornal Nemzeti Sport: \u201cKrist\u00f3f n\u00e3o competir\u00e1 no Campeonato Mundial de Nata\u00e7\u00e3o de Singapura e apoio sua decis\u00e3o\u2026 N\u00e3o desistimos dos recordes mundiais no futuro, mas temos [&hellip;]","og_url":"https:\/\/swimchannel.net\/br\/treinador-de-kristof-milak-anuncia-ele-esta-fora-de-singapura\/","og_site_name":"Swimchannel","article_publisher":"https:\/\/www.facebook.com\/swimchannel","article_published_time":"2025-06-16T20:41:41+00:00","article_modified_time":"2025-06-21T01:02:28+00:00","og_image":[{"width":872,"height":500,"url":"https:\/\/swimchannel.net\/br\/wp-content\/uploads\/2025\/06\/0-18-1100x733-1-1030x686-1-e1750467741689.jpg","type":"image\/jpeg"}],"author":"Alex Pussieldi","twitter_card":"summary_large_image","twitter_misc":{"Escrito por":"Alex Pussieldi","Est. tempo de leitura":"9 minutos"},"schema":{"@context":"https:\/\/schema.org","@graph":[{"@type":"Article","@id":"https:\/\/swimchannel.net\/br\/treinador-de-kristof-milak-anuncia-ele-esta-fora-de-singapura\/#article","isPartOf":{"@id":"https:\/\/swimchannel.net\/br\/treinador-de-kristof-milak-anuncia-ele-esta-fora-de-singapura\/"},"author":{"name":"Alex Pussieldi","@id":"https:\/\/swimchannel.net\/br\/#\/schema\/person\/cf549cb99cf75592fcf7c76213385e63"},"headline":"Treinador de Kristof Milak anuncia: ele est\u00e1 fora de Singapura!","datePublished":"2025-06-16T20:41:41+00:00","dateModified":"2025-06-21T01:02:28+00:00","mainEntityOfPage":{"@id":"https:\/\/swimchannel.net\/br\/treinador-de-kristof-milak-anuncia-ele-esta-fora-de-singapura\/"},"wordCount":1767,"commentCount":0,"publisher":{"@id":"https:\/\/swimchannel.net\/br\/#organization"},"image":{"@id":"https:\/\/swimchannel.net\/br\/treinador-de-kristof-milak-anuncia-ele-esta-fora-de-singapura\/#primaryimage"},"thumbnailUrl":"https:\/\/swimchannel.net\/br\/wp-content\/uploads\/2025\/06\/0-18-1100x733-1-1030x686-1-e1750467741689.jpg","keywords":["Kristof Milak","natacao"],"articleSection":["Blog do Coach"],"inLanguage":"pt-BR","potentialAction":[{"@type":"CommentAction","name":"Comment","target":["https:\/\/swimchannel.net\/br\/treinador-de-kristof-milak-anuncia-ele-esta-fora-de-singapura\/#respond"]}]},{"@type":"WebPage","@id":"https:\/\/swimchannel.net\/br\/treinador-de-kristof-milak-anuncia-ele-esta-fora-de-singapura\/","url":"https:\/\/swimchannel.net\/br\/treinador-de-kristof-milak-anuncia-ele-esta-fora-de-singapura\/","name":"Treinador de Kristof Milak anuncia: ele est\u00e1 fora de Singapura! - Swimchannel","isPartOf":{"@id":"https:\/\/swimchannel.net\/br\/#website"},"primaryImageOfPage":{"@id":"https:\/\/swimchannel.net\/br\/treinador-de-kristof-milak-anuncia-ele-esta-fora-de-singapura\/#primaryimage"},"image":{"@id":"https:\/\/swimchannel.net\/br\/treinador-de-kristof-milak-anuncia-ele-esta-fora-de-singapura\/#primaryimage"},"thumbnailUrl":"https:\/\/swimchannel.net\/br\/wp-content\/uploads\/2025\/06\/0-18-1100x733-1-1030x686-1-e1750467741689.jpg","datePublished":"2025-06-16T20:41:41+00:00","dateModified":"2025-06-21T01:02:28+00:00","breadcrumb":{"@id":"https:\/\/swimchannel.net\/br\/treinador-de-kristof-milak-anuncia-ele-esta-fora-de-singapura\/#breadcrumb"},"inLanguage":"pt-BR","potentialAction":[{"@type":"ReadAction","target":["https:\/\/swimchannel.net\/br\/treinador-de-kristof-milak-anuncia-ele-esta-fora-de-singapura\/"]}]},{"@type":"ImageObject","inLanguage":"pt-BR","@id":"https:\/\/swimchannel.net\/br\/treinador-de-kristof-milak-anuncia-ele-esta-fora-de-singapura\/#primaryimage","url":"https:\/\/swimchannel.net\/br\/wp-content\/uploads\/2025\/06\/0-18-1100x733-1-1030x686-1-e1750467741689.jpg","contentUrl":"https:\/\/swimchannel.net\/br\/wp-content\/uploads\/2025\/06\/0-18-1100x733-1-1030x686-1-e1750467741689.jpg","width":872,"height":500,"caption":"Mil\u00e1k Krist\u00f3f a200 m\u00e9teres f\u00e9rfi pillang\u00f3\u00fasz\u00e1s el\u0151futam\u00e1ban a CXXIII. Orsza\u0301gos Bajnoksa\u0301g Sze\u0301chy Tama\u0301s emle\u0301ke\u0301re \u00fasz\u00f3versenyen budapesti Duna Ar\u00e9n\u00e1ban 2021.03.23.-\u00e1n. fot\u00f3:M\u00daSZ\/Derencs\u00e9nyi Istv\u00e1n"},{"@type":"BreadcrumbList","@id":"https:\/\/swimchannel.net\/br\/treinador-de-kristof-milak-anuncia-ele-esta-fora-de-singapura\/#breadcrumb","itemListElement":[{"@type":"ListItem","position":1,"name":"Home","item":"https:\/\/swimchannel.net\/br\/"},{"@type":"ListItem","position":2,"name":"Treinador de Kristof Milak anuncia: ele est\u00e1 fora de Singapura!"}]},{"@type":"WebSite","@id":"https:\/\/swimchannel.net\/br\/#website","url":"https:\/\/swimchannel.net\/br\/","name":"Swimchannel","description":"Maior portal de nata\u00e7\u00e3o da america latina","publisher":{"@id":"https:\/\/swimchannel.net\/br\/#organization"},"potentialAction":[{"@type":"SearchAction","target":{"@type":"EntryPoint","urlTemplate":"https:\/\/swimchannel.net\/br\/?s={search_term_string}"},"query-input":{"@type":"PropertyValueSpecification","valueRequired":true,"valueName":"search_term_string"}}],"inLanguage":"pt-BR"},{"@type":"Organization","@id":"https:\/\/swimchannel.net\/br\/#organization","name":"Swimchannel - Conectando voc\u00ea a Nata\u00e7\u00e3o","url":"https:\/\/swimchannel.net\/br\/","logo":{"@type":"ImageObject","inLanguage":"pt-BR","@id":"https:\/\/swimchannel.net\/br\/#\/schema\/logo\/image\/","url":"https:\/\/swimchannel.net\/br\/wp-content\/uploads\/2026\/02\/SWIM-CHANNEL.png","contentUrl":"https:\/\/swimchannel.net\/br\/wp-content\/uploads\/2026\/02\/SWIM-CHANNEL.png","width":1120,"height":630,"caption":"Swimchannel - Conectando voc\u00ea a Nata\u00e7\u00e3o"},"image":{"@id":"https:\/\/swimchannel.net\/br\/#\/schema\/logo\/image\/"},"sameAs":["https:\/\/www.facebook.com\/swimchannel","https:\/\/www.instagram.com\/swimchannel"]},{"@type":"Person","@id":"https:\/\/swimchannel.net\/br\/#\/schema\/person\/cf549cb99cf75592fcf7c76213385e63","name":"Alex Pussieldi","image":{"@type":"ImageObject","inLanguage":"pt-BR","@id":"https:\/\/swimchannel.net\/br\/#\/schema\/person\/image\/","url":"https:\/\/swimchannel.net\/br\/wp-content\/uploads\/2021\/02\/9b1c252d-a4bd-4eda-b399-24565cac4114-100x100.jpg","contentUrl":"https:\/\/swimchannel.net\/br\/wp-content\/uploads\/2021\/02\/9b1c252d-a4bd-4eda-b399-24565cac4114-100x100.jpg","caption":"Alex Pussieldi"},"description":"Alexandre Pussieldi, apelidado de \u201ccoach\u201d, Foi t\u00e9cnico da sele\u00e7\u00e3o verde e amarela nas Olimp\u00edadas de Pequim-2008 e Londres-2012. O treinador ainda comandou outros quatro pa\u00edses: Kuwait, Paraguai, Aruba e Antilhas Holandesas, al\u00e9m da sele\u00e7\u00e3o americana de \u00e1guas abertas. Pussieldi tem passagens como comentarista de nata\u00e7\u00e3o do Grupo Globo e Swim Channel.","url":"https:\/\/swimchannel.net\/br\/author\/alexpussieldi\/"}]}},"_links":{"self":[{"href":"https:\/\/swimchannel.net\/br\/wp-json\/wp\/v2\/posts\/74220","targetHints":{"allow":["GET"]}}],"collection":[{"href":"https:\/\/swimchannel.net\/br\/wp-json\/wp\/v2\/posts"}],"about":[{"href":"https:\/\/swimchannel.net\/br\/wp-json\/wp\/v2\/types\/post"}],"author":[{"embeddable":true,"href":"https:\/\/swimchannel.net\/br\/wp-json\/wp\/v2\/users\/12"}],"replies":[{"embeddable":true,"href":"https:\/\/swimchannel.net\/br\/wp-json\/wp\/v2\/comments?post=74220"}],"version-history":[{"count":2,"href":"https:\/\/swimchannel.net\/br\/wp-json\/wp\/v2\/posts\/74220\/revisions"}],"predecessor-version":[{"id":74223,"href":"https:\/\/swimchannel.net\/br\/wp-json\/wp\/v2\/posts\/74220\/revisions\/74223"}],"wp:featuredmedia":[{"embeddable":true,"href":"https:\/\/swimchannel.net\/br\/wp-json\/wp\/v2\/media\/74221"}],"wp:attachment":[{"href":"https:\/\/swimchannel.net\/br\/wp-json\/wp\/v2\/media?parent=74220"}],"wp:term":[{"taxonomy":"category","embeddable":true,"href":"https:\/\/swimchannel.net\/br\/wp-json\/wp\/v2\/categories?post=74220"},{"taxonomy":"post_tag","embeddable":true,"href":"https:\/\/swimchannel.net\/br\/wp-json\/wp\/v2\/tags?post=74220"}],"curies":[{"name":"wp","href":"https:\/\/api.w.org\/{rel}","templated":true}]}}