{"id":74437,"date":"2025-06-25T16:52:29","date_gmt":"2025-06-25T19:52:29","guid":{"rendered":"https:\/\/swimchannel.net\/br\/?p=74437"},"modified":"2025-06-25T16:52:29","modified_gmt":"2025-06-25T19:52:29","slug":"european-aquatics-faz-parceria-historica-com-a-natacao-em-aguas-geladas","status":"publish","type":"post","link":"https:\/\/swimchannel.net\/br\/european-aquatics-faz-parceria-historica-com-a-natacao-em-aguas-geladas\/","title":{"rendered":"European Aquatics faz parceria hist\u00f3rica com a nata\u00e7\u00e3o em \u00e1guas geladas"},"content":{"rendered":"<p>International Ice Swimming Association, entidade global que organiza provas de nata\u00e7\u00e3o em piscina gelada com 5 graus ou menos, faz um acordo de parceria com a European Aquatics para os pr\u00f3ximos cinco anos. O contrato coloca m\u00fatua responsabilidade na inclus\u00e3o das provas de nata\u00e7\u00e3o em \u00e1guas geladas no calend\u00e1rio europeu.<\/p>\n<p>&nbsp;<\/p>\n<p>A entidade IISA j\u00e1 organiza eventos com presen\u00e7a de 105 pa\u00edses e o acordo com a European Aquatics pode representar uma populariza\u00e7\u00e3o da modalidade e quem sabe uma futura inclus\u00e3o na World Aquatics.<\/p>\n<p>&nbsp;<\/p>\n<p>Veja os detalhes do acordo no press release distribuido:<\/p>\n<p><a href=\"https:\/\/europeanaquatics.org\/european-aquatics-strengthens-its-relationship-with-the-ice-swimming-association-iisa-and-sets-up-5-year-development-plan\/?fbclid=IwY2xjawLIR0JleHRuA2FlbQIxMABicmlkETEycnlFOVlaRzVRSHpBY1lkAR4yY6AaP1D7PMr6v2tOXjrNMZC3jUg2w9LcH9txZO8v4cGGfHuLq0EEuZO79w_aem_-z5wjRSoBIf8QW4VUhYF5g\">https:\/\/europeanaquatics.org\/european-aquatics-strengthens-its-relationship-with-the-ice-swimming-association-iisa-and-sets-up-5-year-development-plan\/?fbclid=IwY2xjawLIR0JleHRuA2FlbQIxMABicmlkETEycnlFOVlaRzVRSHpBY1lkAR4yY6AaP1D7PMr6v2tOXjrNMZC3jUg2w9LcH9txZO8v4cGGfHuLq0EEuZO79w_aem_-z5wjRSoBIf8QW4VUhYF5g<\/a><\/p>\n<p>&nbsp;<\/p>\n<p>Gostaria de receber as not\u00edcias de nata\u00e7\u00e3o e \u00e1guas abertas no seu email?<\/p>\n<p><a href=\"https:\/\/lpa.nitro.news\/n-GNe\/ultimas-noticias-swim-channel\">Cadastre-se aqui<\/a><\/p>\n","protected":false},"excerpt":{"rendered":"<p>International Ice Swimming Association, entidade global que organiza provas de nata\u00e7\u00e3o em piscina gelada com 5 graus ou menos, faz um acordo de parceria com a European Aquatics para os pr\u00f3ximos cinco anos. O contrato coloca m\u00fatua responsabilidade na inclus\u00e3o das provas de nata\u00e7\u00e3o em \u00e1guas geladas no calend\u00e1rio europeu. &nbsp; A entidade IISA j\u00e1 [&hellip;]<\/p>\n","protected":false},"author":12,"featured_media":74438,"comment_status":"open","ping_status":"open","sticky":false,"template":"","format":"standard","meta":{"footnotes":""},"categories":[5152],"tags":[4776,5],"class_list":["post-74437","post","type-post","status-publish","format-standard","has-post-thumbnail","hentry","category-blog-do-coach","tag-european-aquatics","tag-natacao"],"yoast_head":"<!-- This site is optimized with the Yoast SEO plugin v27.0 - https:\/\/yoast.com\/product\/yoast-seo-wordpress\/ -->\n<title>European Aquatics faz parceria hist\u00f3rica com a nata\u00e7\u00e3o em \u00e1guas geladas - Swimchannel<\/title>\n<meta name=\"robots\" content=\"index, follow, max-snippet:-1, max-image-preview:large, max-video-preview:-1\" \/>\n<link rel=\"canonical\" href=\"https:\/\/swimchannel.net\/br\/european-aquatics-faz-parceria-historica-com-a-natacao-em-aguas-geladas\/\" \/>\n<meta property=\"og:locale\" content=\"pt_BR\" \/>\n<meta property=\"og:type\" content=\"article\" \/>\n<meta property=\"og:title\" content=\"European Aquatics faz parceria hist\u00f3rica com a nata\u00e7\u00e3o em \u00e1guas geladas - Swimchannel\" \/>\n<meta property=\"og:description\" content=\"International Ice Swimming Association, entidade global que organiza provas de nata\u00e7\u00e3o em piscina gelada com 5 graus ou menos, faz um acordo de parceria com a European Aquatics para os pr\u00f3ximos cinco anos. O contrato coloca m\u00fatua responsabilidade na inclus\u00e3o das provas de nata\u00e7\u00e3o em \u00e1guas geladas no calend\u00e1rio europeu. &nbsp; A entidade IISA j\u00e1 [&hellip;]\" \/>\n<meta property=\"og:url\" content=\"https:\/\/swimchannel.net\/br\/european-aquatics-faz-parceria-historica-com-a-natacao-em-aguas-geladas\/\" \/>\n<meta property=\"og:site_name\" content=\"Swimchannel\" \/>\n<meta property=\"article:publisher\" content=\"https:\/\/www.facebook.com\/swimchannel\" \/>\n<meta property=\"article:published_time\" content=\"2025-06-25T19:52:29+00:00\" \/>\n<meta property=\"og:image\" content=\"https:\/\/swimchannel.net\/br\/wp-content\/uploads\/2025\/06\/509340122_1282317290570488_8841182243487615123_n-824x1030-1.jpg\" \/>\n\t<meta property=\"og:image:width\" content=\"824\" \/>\n\t<meta property=\"og:image:height\" content=\"1030\" \/>\n\t<meta property=\"og:image:type\" content=\"image\/jpeg\" \/>\n<meta name=\"author\" content=\"Alex Pussieldi\" \/>\n<meta name=\"twitter:card\" content=\"summary_large_image\" \/>\n<meta name=\"twitter:label1\" content=\"Escrito por\" \/>\n\t<meta name=\"twitter:data1\" content=\"Alex Pussieldi\" \/>\n\t<meta name=\"twitter:label2\" content=\"Est. tempo de leitura\" \/>\n\t<meta name=\"twitter:data2\" content=\"1 minuto\" \/>\n<script type=\"application\/ld+json\" class=\"yoast-schema-graph\">{\"@context\":\"https:\/\/schema.org\",\"@graph\":[{\"@type\":\"Article\",\"@id\":\"https:\/\/swimchannel.net\/br\/european-aquatics-faz-parceria-historica-com-a-natacao-em-aguas-geladas\/#article\",\"isPartOf\":{\"@id\":\"https:\/\/swimchannel.net\/br\/european-aquatics-faz-parceria-historica-com-a-natacao-em-aguas-geladas\/\"},\"author\":{\"name\":\"Alex Pussieldi\",\"@id\":\"https:\/\/swimchannel.net\/br\/#\/schema\/person\/cf549cb99cf75592fcf7c76213385e63\"},\"headline\":\"European Aquatics faz parceria hist\u00f3rica com a nata\u00e7\u00e3o em \u00e1guas geladas\",\"datePublished\":\"2025-06-25T19:52:29+00:00\",\"mainEntityOfPage\":{\"@id\":\"https:\/\/swimchannel.net\/br\/european-aquatics-faz-parceria-historica-com-a-natacao-em-aguas-geladas\/\"},\"wordCount\":164,\"commentCount\":1,\"publisher\":{\"@id\":\"https:\/\/swimchannel.net\/br\/#organization\"},\"image\":{\"@id\":\"https:\/\/swimchannel.net\/br\/european-aquatics-faz-parceria-historica-com-a-natacao-em-aguas-geladas\/#primaryimage\"},\"thumbnailUrl\":\"https:\/\/swimchannel.net\/br\/wp-content\/uploads\/2025\/06\/509340122_1282317290570488_8841182243487615123_n-824x1030-1.jpg\",\"keywords\":[\"European Aquatics\",\"natacao\"],\"articleSection\":[\"Blog do Coach\"],\"inLanguage\":\"pt-BR\",\"potentialAction\":[{\"@type\":\"CommentAction\",\"name\":\"Comment\",\"target\":[\"https:\/\/swimchannel.net\/br\/european-aquatics-faz-parceria-historica-com-a-natacao-em-aguas-geladas\/#respond\"]}]},{\"@type\":\"WebPage\",\"@id\":\"https:\/\/swimchannel.net\/br\/european-aquatics-faz-parceria-historica-com-a-natacao-em-aguas-geladas\/\",\"url\":\"https:\/\/swimchannel.net\/br\/european-aquatics-faz-parceria-historica-com-a-natacao-em-aguas-geladas\/\",\"name\":\"European Aquatics faz parceria hist\u00f3rica com a nata\u00e7\u00e3o em \u00e1guas geladas - Swimchannel\",\"isPartOf\":{\"@id\":\"https:\/\/swimchannel.net\/br\/#website\"},\"primaryImageOfPage\":{\"@id\":\"https:\/\/swimchannel.net\/br\/european-aquatics-faz-parceria-historica-com-a-natacao-em-aguas-geladas\/#primaryimage\"},\"image\":{\"@id\":\"https:\/\/swimchannel.net\/br\/european-aquatics-faz-parceria-historica-com-a-natacao-em-aguas-geladas\/#primaryimage\"},\"thumbnailUrl\":\"https:\/\/swimchannel.net\/br\/wp-content\/uploads\/2025\/06\/509340122_1282317290570488_8841182243487615123_n-824x1030-1.jpg\",\"datePublished\":\"2025-06-25T19:52:29+00:00\",\"breadcrumb\":{\"@id\":\"https:\/\/swimchannel.net\/br\/european-aquatics-faz-parceria-historica-com-a-natacao-em-aguas-geladas\/#breadcrumb\"},\"inLanguage\":\"pt-BR\",\"potentialAction\":[{\"@type\":\"ReadAction\",\"target\":[\"https:\/\/swimchannel.net\/br\/european-aquatics-faz-parceria-historica-com-a-natacao-em-aguas-geladas\/\"]}]},{\"@type\":\"ImageObject\",\"inLanguage\":\"pt-BR\",\"@id\":\"https:\/\/swimchannel.net\/br\/european-aquatics-faz-parceria-historica-com-a-natacao-em-aguas-geladas\/#primaryimage\",\"url\":\"https:\/\/swimchannel.net\/br\/wp-content\/uploads\/2025\/06\/509340122_1282317290570488_8841182243487615123_n-824x1030-1.jpg\",\"contentUrl\":\"https:\/\/swimchannel.net\/br\/wp-content\/uploads\/2025\/06\/509340122_1282317290570488_8841182243487615123_n-824x1030-1.jpg\",\"width\":824,\"height\":1030},{\"@type\":\"BreadcrumbList\",\"@id\":\"https:\/\/swimchannel.net\/br\/european-aquatics-faz-parceria-historica-com-a-natacao-em-aguas-geladas\/#breadcrumb\",\"itemListElement\":[{\"@type\":\"ListItem\",\"position\":1,\"name\":\"Home\",\"item\":\"https:\/\/swimchannel.net\/br\/\"},{\"@type\":\"ListItem\",\"position\":2,\"name\":\"European Aquatics faz parceria hist\u00f3rica com a nata\u00e7\u00e3o em \u00e1guas geladas\"}]},{\"@type\":\"WebSite\",\"@id\":\"https:\/\/swimchannel.net\/br\/#website\",\"url\":\"https:\/\/swimchannel.net\/br\/\",\"name\":\"Swimchannel\",\"description\":\"Maior portal de nata\u00e7\u00e3o da america latina\",\"publisher\":{\"@id\":\"https:\/\/swimchannel.net\/br\/#organization\"},\"potentialAction\":[{\"@type\":\"SearchAction\",\"target\":{\"@type\":\"EntryPoint\",\"urlTemplate\":\"https:\/\/swimchannel.net\/br\/?s={search_term_string}\"},\"query-input\":{\"@type\":\"PropertyValueSpecification\",\"valueRequired\":true,\"valueName\":\"search_term_string\"}}],\"inLanguage\":\"pt-BR\"},{\"@type\":\"Organization\",\"@id\":\"https:\/\/swimchannel.net\/br\/#organization\",\"name\":\"Swimchannel - Conectando voc\u00ea a Nata\u00e7\u00e3o\",\"url\":\"https:\/\/swimchannel.net\/br\/\",\"logo\":{\"@type\":\"ImageObject\",\"inLanguage\":\"pt-BR\",\"@id\":\"https:\/\/swimchannel.net\/br\/#\/schema\/logo\/image\/\",\"url\":\"https:\/\/swimchannel.net\/br\/wp-content\/uploads\/2026\/02\/SWIM-CHANNEL.png\",\"contentUrl\":\"https:\/\/swimchannel.net\/br\/wp-content\/uploads\/2026\/02\/SWIM-CHANNEL.png\",\"width\":1120,\"height\":630,\"caption\":\"Swimchannel - Conectando voc\u00ea a Nata\u00e7\u00e3o\"},\"image\":{\"@id\":\"https:\/\/swimchannel.net\/br\/#\/schema\/logo\/image\/\"},\"sameAs\":[\"https:\/\/www.facebook.com\/swimchannel\",\"https:\/\/www.instagram.com\/swimchannel\"]},{\"@type\":\"Person\",\"@id\":\"https:\/\/swimchannel.net\/br\/#\/schema\/person\/cf549cb99cf75592fcf7c76213385e63\",\"name\":\"Alex Pussieldi\",\"image\":{\"@type\":\"ImageObject\",\"inLanguage\":\"pt-BR\",\"@id\":\"https:\/\/swimchannel.net\/br\/#\/schema\/person\/image\/\",\"url\":\"https:\/\/swimchannel.net\/br\/wp-content\/uploads\/2021\/02\/9b1c252d-a4bd-4eda-b399-24565cac4114-100x100.jpg\",\"contentUrl\":\"https:\/\/swimchannel.net\/br\/wp-content\/uploads\/2021\/02\/9b1c252d-a4bd-4eda-b399-24565cac4114-100x100.jpg\",\"caption\":\"Alex Pussieldi\"},\"description\":\"Alexandre Pussieldi, apelidado de \u201ccoach\u201d, Foi t\u00e9cnico da sele\u00e7\u00e3o verde e amarela nas Olimp\u00edadas de Pequim-2008 e Londres-2012. O treinador ainda comandou outros quatro pa\u00edses: Kuwait, Paraguai, Aruba e Antilhas Holandesas, al\u00e9m da sele\u00e7\u00e3o americana de \u00e1guas abertas. Pussieldi tem passagens como comentarista de nata\u00e7\u00e3o do Grupo Globo e Swim Channel.\",\"url\":\"https:\/\/swimchannel.net\/br\/author\/alexpussieldi\/\"}]}<\/script>\n<!-- \/ Yoast SEO plugin. -->","yoast_head_json":{"title":"European Aquatics faz parceria hist\u00f3rica com a nata\u00e7\u00e3o em \u00e1guas geladas - Swimchannel","robots":{"index":"index","follow":"follow","max-snippet":"max-snippet:-1","max-image-preview":"max-image-preview:large","max-video-preview":"max-video-preview:-1"},"canonical":"https:\/\/swimchannel.net\/br\/european-aquatics-faz-parceria-historica-com-a-natacao-em-aguas-geladas\/","og_locale":"pt_BR","og_type":"article","og_title":"European Aquatics faz parceria hist\u00f3rica com a nata\u00e7\u00e3o em \u00e1guas geladas - Swimchannel","og_description":"International Ice Swimming Association, entidade global que organiza provas de nata\u00e7\u00e3o em piscina gelada com 5 graus ou menos, faz um acordo de parceria com a European Aquatics para os pr\u00f3ximos cinco anos. O contrato coloca m\u00fatua responsabilidade na inclus\u00e3o das provas de nata\u00e7\u00e3o em \u00e1guas geladas no calend\u00e1rio europeu. &nbsp; A entidade IISA j\u00e1 [&hellip;]","og_url":"https:\/\/swimchannel.net\/br\/european-aquatics-faz-parceria-historica-com-a-natacao-em-aguas-geladas\/","og_site_name":"Swimchannel","article_publisher":"https:\/\/www.facebook.com\/swimchannel","article_published_time":"2025-06-25T19:52:29+00:00","og_image":[{"width":824,"height":1030,"url":"https:\/\/swimchannel.net\/br\/wp-content\/uploads\/2025\/06\/509340122_1282317290570488_8841182243487615123_n-824x1030-1.jpg","type":"image\/jpeg"}],"author":"Alex Pussieldi","twitter_card":"summary_large_image","twitter_misc":{"Escrito por":"Alex Pussieldi","Est. tempo de leitura":"1 minuto"},"schema":{"@context":"https:\/\/schema.org","@graph":[{"@type":"Article","@id":"https:\/\/swimchannel.net\/br\/european-aquatics-faz-parceria-historica-com-a-natacao-em-aguas-geladas\/#article","isPartOf":{"@id":"https:\/\/swimchannel.net\/br\/european-aquatics-faz-parceria-historica-com-a-natacao-em-aguas-geladas\/"},"author":{"name":"Alex Pussieldi","@id":"https:\/\/swimchannel.net\/br\/#\/schema\/person\/cf549cb99cf75592fcf7c76213385e63"},"headline":"European Aquatics faz parceria hist\u00f3rica com a nata\u00e7\u00e3o em \u00e1guas geladas","datePublished":"2025-06-25T19:52:29+00:00","mainEntityOfPage":{"@id":"https:\/\/swimchannel.net\/br\/european-aquatics-faz-parceria-historica-com-a-natacao-em-aguas-geladas\/"},"wordCount":164,"commentCount":1,"publisher":{"@id":"https:\/\/swimchannel.net\/br\/#organization"},"image":{"@id":"https:\/\/swimchannel.net\/br\/european-aquatics-faz-parceria-historica-com-a-natacao-em-aguas-geladas\/#primaryimage"},"thumbnailUrl":"https:\/\/swimchannel.net\/br\/wp-content\/uploads\/2025\/06\/509340122_1282317290570488_8841182243487615123_n-824x1030-1.jpg","keywords":["European Aquatics","natacao"],"articleSection":["Blog do Coach"],"inLanguage":"pt-BR","potentialAction":[{"@type":"CommentAction","name":"Comment","target":["https:\/\/swimchannel.net\/br\/european-aquatics-faz-parceria-historica-com-a-natacao-em-aguas-geladas\/#respond"]}]},{"@type":"WebPage","@id":"https:\/\/swimchannel.net\/br\/european-aquatics-faz-parceria-historica-com-a-natacao-em-aguas-geladas\/","url":"https:\/\/swimchannel.net\/br\/european-aquatics-faz-parceria-historica-com-a-natacao-em-aguas-geladas\/","name":"European Aquatics faz parceria hist\u00f3rica com a nata\u00e7\u00e3o em \u00e1guas geladas - Swimchannel","isPartOf":{"@id":"https:\/\/swimchannel.net\/br\/#website"},"primaryImageOfPage":{"@id":"https:\/\/swimchannel.net\/br\/european-aquatics-faz-parceria-historica-com-a-natacao-em-aguas-geladas\/#primaryimage"},"image":{"@id":"https:\/\/swimchannel.net\/br\/european-aquatics-faz-parceria-historica-com-a-natacao-em-aguas-geladas\/#primaryimage"},"thumbnailUrl":"https:\/\/swimchannel.net\/br\/wp-content\/uploads\/2025\/06\/509340122_1282317290570488_8841182243487615123_n-824x1030-1.jpg","datePublished":"2025-06-25T19:52:29+00:00","breadcrumb":{"@id":"https:\/\/swimchannel.net\/br\/european-aquatics-faz-parceria-historica-com-a-natacao-em-aguas-geladas\/#breadcrumb"},"inLanguage":"pt-BR","potentialAction":[{"@type":"ReadAction","target":["https:\/\/swimchannel.net\/br\/european-aquatics-faz-parceria-historica-com-a-natacao-em-aguas-geladas\/"]}]},{"@type":"ImageObject","inLanguage":"pt-BR","@id":"https:\/\/swimchannel.net\/br\/european-aquatics-faz-parceria-historica-com-a-natacao-em-aguas-geladas\/#primaryimage","url":"https:\/\/swimchannel.net\/br\/wp-content\/uploads\/2025\/06\/509340122_1282317290570488_8841182243487615123_n-824x1030-1.jpg","contentUrl":"https:\/\/swimchannel.net\/br\/wp-content\/uploads\/2025\/06\/509340122_1282317290570488_8841182243487615123_n-824x1030-1.jpg","width":824,"height":1030},{"@type":"BreadcrumbList","@id":"https:\/\/swimchannel.net\/br\/european-aquatics-faz-parceria-historica-com-a-natacao-em-aguas-geladas\/#breadcrumb","itemListElement":[{"@type":"ListItem","position":1,"name":"Home","item":"https:\/\/swimchannel.net\/br\/"},{"@type":"ListItem","position":2,"name":"European Aquatics faz parceria hist\u00f3rica com a nata\u00e7\u00e3o em \u00e1guas geladas"}]},{"@type":"WebSite","@id":"https:\/\/swimchannel.net\/br\/#website","url":"https:\/\/swimchannel.net\/br\/","name":"Swimchannel","description":"Maior portal de nata\u00e7\u00e3o da america latina","publisher":{"@id":"https:\/\/swimchannel.net\/br\/#organization"},"potentialAction":[{"@type":"SearchAction","target":{"@type":"EntryPoint","urlTemplate":"https:\/\/swimchannel.net\/br\/?s={search_term_string}"},"query-input":{"@type":"PropertyValueSpecification","valueRequired":true,"valueName":"search_term_string"}}],"inLanguage":"pt-BR"},{"@type":"Organization","@id":"https:\/\/swimchannel.net\/br\/#organization","name":"Swimchannel - Conectando voc\u00ea a Nata\u00e7\u00e3o","url":"https:\/\/swimchannel.net\/br\/","logo":{"@type":"ImageObject","inLanguage":"pt-BR","@id":"https:\/\/swimchannel.net\/br\/#\/schema\/logo\/image\/","url":"https:\/\/swimchannel.net\/br\/wp-content\/uploads\/2026\/02\/SWIM-CHANNEL.png","contentUrl":"https:\/\/swimchannel.net\/br\/wp-content\/uploads\/2026\/02\/SWIM-CHANNEL.png","width":1120,"height":630,"caption":"Swimchannel - Conectando voc\u00ea a Nata\u00e7\u00e3o"},"image":{"@id":"https:\/\/swimchannel.net\/br\/#\/schema\/logo\/image\/"},"sameAs":["https:\/\/www.facebook.com\/swimchannel","https:\/\/www.instagram.com\/swimchannel"]},{"@type":"Person","@id":"https:\/\/swimchannel.net\/br\/#\/schema\/person\/cf549cb99cf75592fcf7c76213385e63","name":"Alex Pussieldi","image":{"@type":"ImageObject","inLanguage":"pt-BR","@id":"https:\/\/swimchannel.net\/br\/#\/schema\/person\/image\/","url":"https:\/\/swimchannel.net\/br\/wp-content\/uploads\/2021\/02\/9b1c252d-a4bd-4eda-b399-24565cac4114-100x100.jpg","contentUrl":"https:\/\/swimchannel.net\/br\/wp-content\/uploads\/2021\/02\/9b1c252d-a4bd-4eda-b399-24565cac4114-100x100.jpg","caption":"Alex Pussieldi"},"description":"Alexandre Pussieldi, apelidado de \u201ccoach\u201d, Foi t\u00e9cnico da sele\u00e7\u00e3o verde e amarela nas Olimp\u00edadas de Pequim-2008 e Londres-2012. O treinador ainda comandou outros quatro pa\u00edses: Kuwait, Paraguai, Aruba e Antilhas Holandesas, al\u00e9m da sele\u00e7\u00e3o americana de \u00e1guas abertas. Pussieldi tem passagens como comentarista de nata\u00e7\u00e3o do Grupo Globo e Swim Channel.","url":"https:\/\/swimchannel.net\/br\/author\/alexpussieldi\/"}]}},"_links":{"self":[{"href":"https:\/\/swimchannel.net\/br\/wp-json\/wp\/v2\/posts\/74437","targetHints":{"allow":["GET"]}}],"collection":[{"href":"https:\/\/swimchannel.net\/br\/wp-json\/wp\/v2\/posts"}],"about":[{"href":"https:\/\/swimchannel.net\/br\/wp-json\/wp\/v2\/types\/post"}],"author":[{"embeddable":true,"href":"https:\/\/swimchannel.net\/br\/wp-json\/wp\/v2\/users\/12"}],"replies":[{"embeddable":true,"href":"https:\/\/swimchannel.net\/br\/wp-json\/wp\/v2\/comments?post=74437"}],"version-history":[{"count":1,"href":"https:\/\/swimchannel.net\/br\/wp-json\/wp\/v2\/posts\/74437\/revisions"}],"predecessor-version":[{"id":74439,"href":"https:\/\/swimchannel.net\/br\/wp-json\/wp\/v2\/posts\/74437\/revisions\/74439"}],"wp:featuredmedia":[{"embeddable":true,"href":"https:\/\/swimchannel.net\/br\/wp-json\/wp\/v2\/media\/74438"}],"wp:attachment":[{"href":"https:\/\/swimchannel.net\/br\/wp-json\/wp\/v2\/media?parent=74437"}],"wp:term":[{"taxonomy":"category","embeddable":true,"href":"https:\/\/swimchannel.net\/br\/wp-json\/wp\/v2\/categories?post=74437"},{"taxonomy":"post_tag","embeddable":true,"href":"https:\/\/swimchannel.net\/br\/wp-json\/wp\/v2\/tags?post=74437"}],"curies":[{"name":"wp","href":"https:\/\/api.w.org\/{rel}","templated":true}]}}