{"id":74711,"date":"2025-07-08T22:27:31","date_gmt":"2025-07-09T01:27:31","guid":{"rendered":"https:\/\/swimchannel.net\/br\/?p=74711"},"modified":"2025-07-08T22:27:31","modified_gmt":"2025-07-09T01:27:31","slug":"time-dos-refugiados-vai-para-sexto-campeonato-mundial","status":"publish","type":"post","link":"https:\/\/swimchannel.net\/br\/time-dos-refugiados-vai-para-sexto-campeonato-mundial\/","title":{"rendered":"Time dos refugiados vai para sexto Campeonato Mundial"},"content":{"rendered":"<div class=\"entry-content\">\n<p>Tr\u00eas nadadores foram anunciados pela World Aquatics para representar o Time dos Refugiados no Campeonato Mundial dos Esportes Aqu\u00e1tticos em Singapura. Alaa Masxo, Matin Balsini e Eyad Masoud competem sob a sigla ART dentro de um programa de incentivo que a entidade mant\u00e9m n\u00e3o s\u00f3 nos Mundiais, mas tamb\u00e9m de suporte.<\/p>\n<p>Cada um dos atletas integrantes do Time dos Refugiados recebe cerca de 1.500 d\u00f3lares mensais parte do programa de bolsas que a entidade mant\u00e9m durante todo o ciclo ol\u00edmpico.<\/p>\n<p>Criado na agenda 2020 pelo Comit\u00ea OL\u00edmpico Internacional, a FINA, agora World Aquatics criou o Time dos Refugiados que participa dos Campeonatos Mundiais de Nata\u00e7\u00e3o desde a edi\u00e7\u00e3o de 2017, em Budapeste. Em cinco participa\u00e7\u00f5es em Mundiais, a melhor coloca\u00e7\u00e3o dos atletas foi Rami Anis nos 200m borboleta do Mundial de 2017 terminando em 40o lugar.<\/p>\n<p>&nbsp;<\/p>\n<p><img loading=\"lazy\" decoding=\"async\" class=\"size-medium wp-image-285539 aligncenter\" src=\"https:\/\/bestswimming.swimchannel.net\/wp-content\/uploads\/2025\/07\/Men-s_100m-Butterfly_heats_Day15_World-Aquatics-Championships-Doha-2024_Original-Image_m71961-640x426.webp\" sizes=\"auto, (max-width: 640px) 100vw, 640px\" srcset=\"https:\/\/bestswimming.swimchannel.net\/wp-content\/uploads\/2025\/07\/Men-s_100m-Butterfly_heats_Day15_World-Aquatics-Championships-Doha-2024_Original-Image_m71961-640x426.webp 640w, https:\/\/bestswimming.swimchannel.net\/wp-content\/uploads\/2025\/07\/Men-s_100m-Butterfly_heats_Day15_World-Aquatics-Championships-Doha-2024_Original-Image_m71961-1030x686.webp 1030w, https:\/\/bestswimming.swimchannel.net\/wp-content\/uploads\/2025\/07\/Men-s_100m-Butterfly_heats_Day15_World-Aquatics-Championships-Doha-2024_Original-Image_m71961-768x512.webp 768w, https:\/\/bestswimming.swimchannel.net\/wp-content\/uploads\/2025\/07\/Men-s_100m-Butterfly_heats_Day15_World-Aquatics-Championships-Doha-2024_Original-Image_m71961-1536x1023.webp 1536w, https:\/\/bestswimming.swimchannel.net\/wp-content\/uploads\/2025\/07\/Men-s_100m-Butterfly_heats_Day15_World-Aquatics-Championships-Doha-2024_Original-Image_m71961-1500x999.webp 1500w, https:\/\/bestswimming.swimchannel.net\/wp-content\/uploads\/2025\/07\/Men-s_100m-Butterfly_heats_Day15_World-Aquatics-Championships-Doha-2024_Original-Image_m71961-705x470.webp 705w, https:\/\/bestswimming.swimchannel.net\/wp-content\/uploads\/2025\/07\/Men-s_100m-Butterfly_heats_Day15_World-Aquatics-Championships-Doha-2024_Original-Image_m71961.webp 1660w\" alt=\"\" width=\"640\" height=\"426\" \/><\/p>\n<p>&nbsp;<\/p>\n<p><strong>Quem s\u00e3o os integrantes do Time dos Refugiados em Singapura:<\/strong><\/p>\n<p>Alaa Maso, 25 anos, \u00e9 nascido na S\u00edria e treina na Alemanha. Foi atleta ol\u00edmpico em T\u00f3quio 2020 e Paris 2024 competindo na prova dos 50m livre.<\/p>\n<p>Matin Balsini, 24 anos, nascido no Ir\u00e3, treina na Gr\u00e3-Bretanha e foi atleta ol\u00edmpico em T\u00f3quio 2020 e Paris 2024.<\/p>\n<p>Eyard Masoud, 30 anos, nascido na S\u00edria, treina na Nova Zel\u00e2ndia, \u00e9 o \u00fanico do grupo que nunca foi ol\u00edmpico.<\/p>\n<p>&nbsp;<\/p>\n<p><img loading=\"lazy\" decoding=\"async\" class=\"size-medium wp-image-285538 aligncenter\" src=\"https:\/\/bestswimming.swimchannel.net\/wp-content\/uploads\/2025\/07\/Men-s-50m-Freestyle-_-Heats-_-Day-6-_-Paris-2024-Olympic-Games-_Original-Image_m82382-640x427.webp\" sizes=\"auto, (max-width: 640px) 100vw, 640px\" srcset=\"https:\/\/bestswimming.swimchannel.net\/wp-content\/uploads\/2025\/07\/Men-s-50m-Freestyle-_-Heats-_-Day-6-_-Paris-2024-Olympic-Games-_Original-Image_m82382-640x427.webp 640w, https:\/\/bestswimming.swimchannel.net\/wp-content\/uploads\/2025\/07\/Men-s-50m-Freestyle-_-Heats-_-Day-6-_-Paris-2024-Olympic-Games-_Original-Image_m82382-1030x687.webp 1030w, https:\/\/bestswimming.swimchannel.net\/wp-content\/uploads\/2025\/07\/Men-s-50m-Freestyle-_-Heats-_-Day-6-_-Paris-2024-Olympic-Games-_Original-Image_m82382-768x512.webp 768w, https:\/\/bestswimming.swimchannel.net\/wp-content\/uploads\/2025\/07\/Men-s-50m-Freestyle-_-Heats-_-Day-6-_-Paris-2024-Olympic-Games-_Original-Image_m82382-1536x1024.webp 1536w, https:\/\/bestswimming.swimchannel.net\/wp-content\/uploads\/2025\/07\/Men-s-50m-Freestyle-_-Heats-_-Day-6-_-Paris-2024-Olympic-Games-_Original-Image_m82382-1500x1000.webp 1500w, https:\/\/bestswimming.swimchannel.net\/wp-content\/uploads\/2025\/07\/Men-s-50m-Freestyle-_-Heats-_-Day-6-_-Paris-2024-Olympic-Games-_Original-Image_m82382-705x470.webp 705w, https:\/\/bestswimming.swimchannel.net\/wp-content\/uploads\/2025\/07\/Men-s-50m-Freestyle-_-Heats-_-Day-6-_-Paris-2024-Olympic-Games-_Original-Image_m82382.webp 1660w\" alt=\"\" width=\"640\" height=\"427\" \/><\/p>\n<\/div>\n<p><span class=\"post-meta-infos\">\u00a0<\/span><\/p>\n<p>Gostaria de receber as not\u00edcias de nata\u00e7\u00e3o e \u00e1guas abertas no seu email?<\/p>\n<p><a href=\"https:\/\/lpa.nitro.news\/n-GNe\/ultimas-noticias-swim-channel\">Cadastre-se aqui<\/a><\/p>\n","protected":false},"excerpt":{"rendered":"<p>Tr\u00eas nadadores foram anunciados pela World Aquatics para representar o Time dos Refugiados no Campeonato Mundial dos Esportes Aqu\u00e1tticos em Singapura. Alaa Masxo, Matin Balsini e Eyad Masoud competem sob a sigla ART dentro de um programa de incentivo que a entidade mant\u00e9m n\u00e3o s\u00f3 nos Mundiais, mas tamb\u00e9m de suporte. Cada um dos atletas [&hellip;]<\/p>\n","protected":false},"author":12,"featured_media":74713,"comment_status":"open","ping_status":"open","sticky":false,"template":"","format":"standard","meta":{"footnotes":""},"categories":[137,2576],"tags":[6487,5],"class_list":["post-74711","post","type-post","status-publish","format-standard","has-post-thumbnail","hentry","category-natacao","category-ultimas-noticias","tag-campeonato-mundial-de-singapura","tag-natacao"],"yoast_head":"<!-- This site is optimized with the Yoast SEO plugin v27.0 - https:\/\/yoast.com\/product\/yoast-seo-wordpress\/ -->\n<title>Time dos refugiados vai para sexto Campeonato Mundial - Swimchannel<\/title>\n<meta name=\"robots\" content=\"index, follow, max-snippet:-1, max-image-preview:large, max-video-preview:-1\" \/>\n<link rel=\"canonical\" href=\"https:\/\/swimchannel.net\/br\/time-dos-refugiados-vai-para-sexto-campeonato-mundial\/\" \/>\n<meta property=\"og:locale\" content=\"pt_BR\" \/>\n<meta property=\"og:type\" content=\"article\" \/>\n<meta property=\"og:title\" content=\"Time dos refugiados vai para sexto Campeonato Mundial - Swimchannel\" \/>\n<meta property=\"og:description\" content=\"Tr\u00eas nadadores foram anunciados pela World Aquatics para representar o Time dos Refugiados no Campeonato Mundial dos Esportes Aqu\u00e1tticos em Singapura. Alaa Masxo, Matin Balsini e Eyad Masoud competem sob a sigla ART dentro de um programa de incentivo que a entidade mant\u00e9m n\u00e3o s\u00f3 nos Mundiais, mas tamb\u00e9m de suporte. Cada um dos atletas [&hellip;]\" \/>\n<meta property=\"og:url\" content=\"https:\/\/swimchannel.net\/br\/time-dos-refugiados-vai-para-sexto-campeonato-mundial\/\" \/>\n<meta property=\"og:site_name\" content=\"Swimchannel\" \/>\n<meta property=\"article:publisher\" content=\"https:\/\/www.facebook.com\/swimchannel\" \/>\n<meta property=\"article:published_time\" content=\"2025-07-09T01:27:31+00:00\" \/>\n<meta property=\"og:image\" content=\"https:\/\/swimchannel.net\/br\/wp-content\/uploads\/2025\/07\/Athletes-Portraits-_-World-Aquatics-Swimming-Championships-25m-2024-_-Budapest_Original-Image_m102594-1030x687-1.webp\" \/>\n\t<meta property=\"og:image:width\" content=\"1030\" \/>\n\t<meta property=\"og:image:height\" content=\"687\" \/>\n\t<meta property=\"og:image:type\" content=\"image\/webp\" \/>\n<meta name=\"author\" content=\"Alex Pussieldi\" \/>\n<meta name=\"twitter:card\" content=\"summary_large_image\" \/>\n<meta name=\"twitter:label1\" content=\"Escrito por\" \/>\n\t<meta name=\"twitter:data1\" content=\"Alex Pussieldi\" \/>\n\t<meta name=\"twitter:label2\" content=\"Est. tempo de leitura\" \/>\n\t<meta name=\"twitter:data2\" content=\"1 minuto\" \/>\n<script type=\"application\/ld+json\" class=\"yoast-schema-graph\">{\"@context\":\"https:\/\/schema.org\",\"@graph\":[{\"@type\":\"Article\",\"@id\":\"https:\/\/swimchannel.net\/br\/time-dos-refugiados-vai-para-sexto-campeonato-mundial\/#article\",\"isPartOf\":{\"@id\":\"https:\/\/swimchannel.net\/br\/time-dos-refugiados-vai-para-sexto-campeonato-mundial\/\"},\"author\":{\"name\":\"Alex Pussieldi\",\"@id\":\"https:\/\/swimchannel.net\/br\/#\/schema\/person\/cf549cb99cf75592fcf7c76213385e63\"},\"headline\":\"Time dos refugiados vai para sexto Campeonato Mundial\",\"datePublished\":\"2025-07-09T01:27:31+00:00\",\"mainEntityOfPage\":{\"@id\":\"https:\/\/swimchannel.net\/br\/time-dos-refugiados-vai-para-sexto-campeonato-mundial\/\"},\"wordCount\":251,\"commentCount\":0,\"publisher\":{\"@id\":\"https:\/\/swimchannel.net\/br\/#organization\"},\"image\":{\"@id\":\"https:\/\/swimchannel.net\/br\/time-dos-refugiados-vai-para-sexto-campeonato-mundial\/#primaryimage\"},\"thumbnailUrl\":\"https:\/\/swimchannel.net\/br\/wp-content\/uploads\/2025\/07\/Athletes-Portraits-_-World-Aquatics-Swimming-Championships-25m-2024-_-Budapest_Original-Image_m102594-1030x687-1.webp\",\"keywords\":[\"Campeonato Mundial de Singapura\",\"natacao\"],\"articleSection\":[\"Nata\u00e7\u00e3o\",\"\u00daltimas Not\u00edcias\"],\"inLanguage\":\"pt-BR\",\"potentialAction\":[{\"@type\":\"CommentAction\",\"name\":\"Comment\",\"target\":[\"https:\/\/swimchannel.net\/br\/time-dos-refugiados-vai-para-sexto-campeonato-mundial\/#respond\"]}]},{\"@type\":\"WebPage\",\"@id\":\"https:\/\/swimchannel.net\/br\/time-dos-refugiados-vai-para-sexto-campeonato-mundial\/\",\"url\":\"https:\/\/swimchannel.net\/br\/time-dos-refugiados-vai-para-sexto-campeonato-mundial\/\",\"name\":\"Time dos refugiados vai para sexto Campeonato Mundial - Swimchannel\",\"isPartOf\":{\"@id\":\"https:\/\/swimchannel.net\/br\/#website\"},\"primaryImageOfPage\":{\"@id\":\"https:\/\/swimchannel.net\/br\/time-dos-refugiados-vai-para-sexto-campeonato-mundial\/#primaryimage\"},\"image\":{\"@id\":\"https:\/\/swimchannel.net\/br\/time-dos-refugiados-vai-para-sexto-campeonato-mundial\/#primaryimage\"},\"thumbnailUrl\":\"https:\/\/swimchannel.net\/br\/wp-content\/uploads\/2025\/07\/Athletes-Portraits-_-World-Aquatics-Swimming-Championships-25m-2024-_-Budapest_Original-Image_m102594-1030x687-1.webp\",\"datePublished\":\"2025-07-09T01:27:31+00:00\",\"breadcrumb\":{\"@id\":\"https:\/\/swimchannel.net\/br\/time-dos-refugiados-vai-para-sexto-campeonato-mundial\/#breadcrumb\"},\"inLanguage\":\"pt-BR\",\"potentialAction\":[{\"@type\":\"ReadAction\",\"target\":[\"https:\/\/swimchannel.net\/br\/time-dos-refugiados-vai-para-sexto-campeonato-mundial\/\"]}]},{\"@type\":\"ImageObject\",\"inLanguage\":\"pt-BR\",\"@id\":\"https:\/\/swimchannel.net\/br\/time-dos-refugiados-vai-para-sexto-campeonato-mundial\/#primaryimage\",\"url\":\"https:\/\/swimchannel.net\/br\/wp-content\/uploads\/2025\/07\/Athletes-Portraits-_-World-Aquatics-Swimming-Championships-25m-2024-_-Budapest_Original-Image_m102594-1030x687-1.webp\",\"contentUrl\":\"https:\/\/swimchannel.net\/br\/wp-content\/uploads\/2025\/07\/Athletes-Portraits-_-World-Aquatics-Swimming-Championships-25m-2024-_-Budapest_Original-Image_m102594-1030x687-1.webp\",\"width\":1030,\"height\":687},{\"@type\":\"BreadcrumbList\",\"@id\":\"https:\/\/swimchannel.net\/br\/time-dos-refugiados-vai-para-sexto-campeonato-mundial\/#breadcrumb\",\"itemListElement\":[{\"@type\":\"ListItem\",\"position\":1,\"name\":\"Home\",\"item\":\"https:\/\/swimchannel.net\/br\/\"},{\"@type\":\"ListItem\",\"position\":2,\"name\":\"Time dos refugiados vai para sexto Campeonato Mundial\"}]},{\"@type\":\"WebSite\",\"@id\":\"https:\/\/swimchannel.net\/br\/#website\",\"url\":\"https:\/\/swimchannel.net\/br\/\",\"name\":\"Swimchannel\",\"description\":\"Maior portal de nata\u00e7\u00e3o da america latina\",\"publisher\":{\"@id\":\"https:\/\/swimchannel.net\/br\/#organization\"},\"potentialAction\":[{\"@type\":\"SearchAction\",\"target\":{\"@type\":\"EntryPoint\",\"urlTemplate\":\"https:\/\/swimchannel.net\/br\/?s={search_term_string}\"},\"query-input\":{\"@type\":\"PropertyValueSpecification\",\"valueRequired\":true,\"valueName\":\"search_term_string\"}}],\"inLanguage\":\"pt-BR\"},{\"@type\":\"Organization\",\"@id\":\"https:\/\/swimchannel.net\/br\/#organization\",\"name\":\"Swimchannel - Conectando voc\u00ea a Nata\u00e7\u00e3o\",\"url\":\"https:\/\/swimchannel.net\/br\/\",\"logo\":{\"@type\":\"ImageObject\",\"inLanguage\":\"pt-BR\",\"@id\":\"https:\/\/swimchannel.net\/br\/#\/schema\/logo\/image\/\",\"url\":\"https:\/\/swimchannel.net\/br\/wp-content\/uploads\/2026\/02\/SWIM-CHANNEL.png\",\"contentUrl\":\"https:\/\/swimchannel.net\/br\/wp-content\/uploads\/2026\/02\/SWIM-CHANNEL.png\",\"width\":1120,\"height\":630,\"caption\":\"Swimchannel - Conectando voc\u00ea a Nata\u00e7\u00e3o\"},\"image\":{\"@id\":\"https:\/\/swimchannel.net\/br\/#\/schema\/logo\/image\/\"},\"sameAs\":[\"https:\/\/www.facebook.com\/swimchannel\",\"https:\/\/www.instagram.com\/swimchannel\"]},{\"@type\":\"Person\",\"@id\":\"https:\/\/swimchannel.net\/br\/#\/schema\/person\/cf549cb99cf75592fcf7c76213385e63\",\"name\":\"Alex Pussieldi\",\"image\":{\"@type\":\"ImageObject\",\"inLanguage\":\"pt-BR\",\"@id\":\"https:\/\/swimchannel.net\/br\/#\/schema\/person\/image\/\",\"url\":\"https:\/\/swimchannel.net\/br\/wp-content\/uploads\/2021\/02\/9b1c252d-a4bd-4eda-b399-24565cac4114-100x100.jpg\",\"contentUrl\":\"https:\/\/swimchannel.net\/br\/wp-content\/uploads\/2021\/02\/9b1c252d-a4bd-4eda-b399-24565cac4114-100x100.jpg\",\"caption\":\"Alex Pussieldi\"},\"description\":\"Alexandre Pussieldi, apelidado de \u201ccoach\u201d, Foi t\u00e9cnico da sele\u00e7\u00e3o verde e amarela nas Olimp\u00edadas de Pequim-2008 e Londres-2012. O treinador ainda comandou outros quatro pa\u00edses: Kuwait, Paraguai, Aruba e Antilhas Holandesas, al\u00e9m da sele\u00e7\u00e3o americana de \u00e1guas abertas. Pussieldi tem passagens como comentarista de nata\u00e7\u00e3o do Grupo Globo e Swim Channel.\",\"url\":\"https:\/\/swimchannel.net\/br\/author\/alexpussieldi\/\"}]}<\/script>\n<!-- \/ Yoast SEO plugin. -->","yoast_head_json":{"title":"Time dos refugiados vai para sexto Campeonato Mundial - Swimchannel","robots":{"index":"index","follow":"follow","max-snippet":"max-snippet:-1","max-image-preview":"max-image-preview:large","max-video-preview":"max-video-preview:-1"},"canonical":"https:\/\/swimchannel.net\/br\/time-dos-refugiados-vai-para-sexto-campeonato-mundial\/","og_locale":"pt_BR","og_type":"article","og_title":"Time dos refugiados vai para sexto Campeonato Mundial - Swimchannel","og_description":"Tr\u00eas nadadores foram anunciados pela World Aquatics para representar o Time dos Refugiados no Campeonato Mundial dos Esportes Aqu\u00e1tticos em Singapura. Alaa Masxo, Matin Balsini e Eyad Masoud competem sob a sigla ART dentro de um programa de incentivo que a entidade mant\u00e9m n\u00e3o s\u00f3 nos Mundiais, mas tamb\u00e9m de suporte. Cada um dos atletas [&hellip;]","og_url":"https:\/\/swimchannel.net\/br\/time-dos-refugiados-vai-para-sexto-campeonato-mundial\/","og_site_name":"Swimchannel","article_publisher":"https:\/\/www.facebook.com\/swimchannel","article_published_time":"2025-07-09T01:27:31+00:00","og_image":[{"width":1030,"height":687,"url":"https:\/\/swimchannel.net\/br\/wp-content\/uploads\/2025\/07\/Athletes-Portraits-_-World-Aquatics-Swimming-Championships-25m-2024-_-Budapest_Original-Image_m102594-1030x687-1.webp","type":"image\/webp"}],"author":"Alex Pussieldi","twitter_card":"summary_large_image","twitter_misc":{"Escrito por":"Alex Pussieldi","Est. tempo de leitura":"1 minuto"},"schema":{"@context":"https:\/\/schema.org","@graph":[{"@type":"Article","@id":"https:\/\/swimchannel.net\/br\/time-dos-refugiados-vai-para-sexto-campeonato-mundial\/#article","isPartOf":{"@id":"https:\/\/swimchannel.net\/br\/time-dos-refugiados-vai-para-sexto-campeonato-mundial\/"},"author":{"name":"Alex Pussieldi","@id":"https:\/\/swimchannel.net\/br\/#\/schema\/person\/cf549cb99cf75592fcf7c76213385e63"},"headline":"Time dos refugiados vai para sexto Campeonato Mundial","datePublished":"2025-07-09T01:27:31+00:00","mainEntityOfPage":{"@id":"https:\/\/swimchannel.net\/br\/time-dos-refugiados-vai-para-sexto-campeonato-mundial\/"},"wordCount":251,"commentCount":0,"publisher":{"@id":"https:\/\/swimchannel.net\/br\/#organization"},"image":{"@id":"https:\/\/swimchannel.net\/br\/time-dos-refugiados-vai-para-sexto-campeonato-mundial\/#primaryimage"},"thumbnailUrl":"https:\/\/swimchannel.net\/br\/wp-content\/uploads\/2025\/07\/Athletes-Portraits-_-World-Aquatics-Swimming-Championships-25m-2024-_-Budapest_Original-Image_m102594-1030x687-1.webp","keywords":["Campeonato Mundial de Singapura","natacao"],"articleSection":["Nata\u00e7\u00e3o","\u00daltimas Not\u00edcias"],"inLanguage":"pt-BR","potentialAction":[{"@type":"CommentAction","name":"Comment","target":["https:\/\/swimchannel.net\/br\/time-dos-refugiados-vai-para-sexto-campeonato-mundial\/#respond"]}]},{"@type":"WebPage","@id":"https:\/\/swimchannel.net\/br\/time-dos-refugiados-vai-para-sexto-campeonato-mundial\/","url":"https:\/\/swimchannel.net\/br\/time-dos-refugiados-vai-para-sexto-campeonato-mundial\/","name":"Time dos refugiados vai para sexto Campeonato Mundial - Swimchannel","isPartOf":{"@id":"https:\/\/swimchannel.net\/br\/#website"},"primaryImageOfPage":{"@id":"https:\/\/swimchannel.net\/br\/time-dos-refugiados-vai-para-sexto-campeonato-mundial\/#primaryimage"},"image":{"@id":"https:\/\/swimchannel.net\/br\/time-dos-refugiados-vai-para-sexto-campeonato-mundial\/#primaryimage"},"thumbnailUrl":"https:\/\/swimchannel.net\/br\/wp-content\/uploads\/2025\/07\/Athletes-Portraits-_-World-Aquatics-Swimming-Championships-25m-2024-_-Budapest_Original-Image_m102594-1030x687-1.webp","datePublished":"2025-07-09T01:27:31+00:00","breadcrumb":{"@id":"https:\/\/swimchannel.net\/br\/time-dos-refugiados-vai-para-sexto-campeonato-mundial\/#breadcrumb"},"inLanguage":"pt-BR","potentialAction":[{"@type":"ReadAction","target":["https:\/\/swimchannel.net\/br\/time-dos-refugiados-vai-para-sexto-campeonato-mundial\/"]}]},{"@type":"ImageObject","inLanguage":"pt-BR","@id":"https:\/\/swimchannel.net\/br\/time-dos-refugiados-vai-para-sexto-campeonato-mundial\/#primaryimage","url":"https:\/\/swimchannel.net\/br\/wp-content\/uploads\/2025\/07\/Athletes-Portraits-_-World-Aquatics-Swimming-Championships-25m-2024-_-Budapest_Original-Image_m102594-1030x687-1.webp","contentUrl":"https:\/\/swimchannel.net\/br\/wp-content\/uploads\/2025\/07\/Athletes-Portraits-_-World-Aquatics-Swimming-Championships-25m-2024-_-Budapest_Original-Image_m102594-1030x687-1.webp","width":1030,"height":687},{"@type":"BreadcrumbList","@id":"https:\/\/swimchannel.net\/br\/time-dos-refugiados-vai-para-sexto-campeonato-mundial\/#breadcrumb","itemListElement":[{"@type":"ListItem","position":1,"name":"Home","item":"https:\/\/swimchannel.net\/br\/"},{"@type":"ListItem","position":2,"name":"Time dos refugiados vai para sexto Campeonato Mundial"}]},{"@type":"WebSite","@id":"https:\/\/swimchannel.net\/br\/#website","url":"https:\/\/swimchannel.net\/br\/","name":"Swimchannel","description":"Maior portal de nata\u00e7\u00e3o da america latina","publisher":{"@id":"https:\/\/swimchannel.net\/br\/#organization"},"potentialAction":[{"@type":"SearchAction","target":{"@type":"EntryPoint","urlTemplate":"https:\/\/swimchannel.net\/br\/?s={search_term_string}"},"query-input":{"@type":"PropertyValueSpecification","valueRequired":true,"valueName":"search_term_string"}}],"inLanguage":"pt-BR"},{"@type":"Organization","@id":"https:\/\/swimchannel.net\/br\/#organization","name":"Swimchannel - Conectando voc\u00ea a Nata\u00e7\u00e3o","url":"https:\/\/swimchannel.net\/br\/","logo":{"@type":"ImageObject","inLanguage":"pt-BR","@id":"https:\/\/swimchannel.net\/br\/#\/schema\/logo\/image\/","url":"https:\/\/swimchannel.net\/br\/wp-content\/uploads\/2026\/02\/SWIM-CHANNEL.png","contentUrl":"https:\/\/swimchannel.net\/br\/wp-content\/uploads\/2026\/02\/SWIM-CHANNEL.png","width":1120,"height":630,"caption":"Swimchannel - Conectando voc\u00ea a Nata\u00e7\u00e3o"},"image":{"@id":"https:\/\/swimchannel.net\/br\/#\/schema\/logo\/image\/"},"sameAs":["https:\/\/www.facebook.com\/swimchannel","https:\/\/www.instagram.com\/swimchannel"]},{"@type":"Person","@id":"https:\/\/swimchannel.net\/br\/#\/schema\/person\/cf549cb99cf75592fcf7c76213385e63","name":"Alex Pussieldi","image":{"@type":"ImageObject","inLanguage":"pt-BR","@id":"https:\/\/swimchannel.net\/br\/#\/schema\/person\/image\/","url":"https:\/\/swimchannel.net\/br\/wp-content\/uploads\/2021\/02\/9b1c252d-a4bd-4eda-b399-24565cac4114-100x100.jpg","contentUrl":"https:\/\/swimchannel.net\/br\/wp-content\/uploads\/2021\/02\/9b1c252d-a4bd-4eda-b399-24565cac4114-100x100.jpg","caption":"Alex Pussieldi"},"description":"Alexandre Pussieldi, apelidado de \u201ccoach\u201d, Foi t\u00e9cnico da sele\u00e7\u00e3o verde e amarela nas Olimp\u00edadas de Pequim-2008 e Londres-2012. O treinador ainda comandou outros quatro pa\u00edses: Kuwait, Paraguai, Aruba e Antilhas Holandesas, al\u00e9m da sele\u00e7\u00e3o americana de \u00e1guas abertas. Pussieldi tem passagens como comentarista de nata\u00e7\u00e3o do Grupo Globo e Swim Channel.","url":"https:\/\/swimchannel.net\/br\/author\/alexpussieldi\/"}]}},"_links":{"self":[{"href":"https:\/\/swimchannel.net\/br\/wp-json\/wp\/v2\/posts\/74711","targetHints":{"allow":["GET"]}}],"collection":[{"href":"https:\/\/swimchannel.net\/br\/wp-json\/wp\/v2\/posts"}],"about":[{"href":"https:\/\/swimchannel.net\/br\/wp-json\/wp\/v2\/types\/post"}],"author":[{"embeddable":true,"href":"https:\/\/swimchannel.net\/br\/wp-json\/wp\/v2\/users\/12"}],"replies":[{"embeddable":true,"href":"https:\/\/swimchannel.net\/br\/wp-json\/wp\/v2\/comments?post=74711"}],"version-history":[{"count":1,"href":"https:\/\/swimchannel.net\/br\/wp-json\/wp\/v2\/posts\/74711\/revisions"}],"predecessor-version":[{"id":74714,"href":"https:\/\/swimchannel.net\/br\/wp-json\/wp\/v2\/posts\/74711\/revisions\/74714"}],"wp:featuredmedia":[{"embeddable":true,"href":"https:\/\/swimchannel.net\/br\/wp-json\/wp\/v2\/media\/74713"}],"wp:attachment":[{"href":"https:\/\/swimchannel.net\/br\/wp-json\/wp\/v2\/media?parent=74711"}],"wp:term":[{"taxonomy":"category","embeddable":true,"href":"https:\/\/swimchannel.net\/br\/wp-json\/wp\/v2\/categories?post=74711"},{"taxonomy":"post_tag","embeddable":true,"href":"https:\/\/swimchannel.net\/br\/wp-json\/wp\/v2\/tags?post=74711"}],"curies":[{"name":"wp","href":"https:\/\/api.w.org\/{rel}","templated":true}]}}