{"id":74724,"date":"2025-07-09T17:13:20","date_gmt":"2025-07-09T20:13:20","guid":{"rendered":"https:\/\/swimchannel.net\/br\/?p=74724"},"modified":"2025-07-09T17:13:20","modified_gmt":"2025-07-09T20:13:20","slug":"italia-vai-para-o-mundial-com-33-para-a-natacao-e-8-para-aguas-abertas-patrinieri-esta-nas-duas","status":"publish","type":"post","link":"https:\/\/swimchannel.net\/br\/italia-vai-para-o-mundial-com-33-para-a-natacao-e-8-para-aguas-abertas-patrinieri-esta-nas-duas\/","title":{"rendered":"It\u00e1lia vai para o Mundial com 33 para a nata\u00e7\u00e3o e 8 para \u00e1guas abertas, Patrinieri est\u00e1 nas duas"},"content":{"rendered":"<p>Gregorio Paltrinieri, 30 anos de idade, \u00e9 o \u00fanico nadador da Sele\u00e7\u00e3o Italiana que vai estar nas provas de piscina e \u00e1guas abertas no Mundial de Singapura. Paltrinieri est\u00e1 inscrito nas quatro provas de \u00e1guas abertas (3k Knockout, 5k, 10k e revezamento) e nas duas provas de fundo de piscina (800m e 1500m livre). Seu treinador, Fabrizio Antonelli est\u00e1 na comiss\u00e3o t\u00e9cnica das duas delega\u00e7\u00f5es para o Mundial.<\/p>\n<p>A primeira medalha da It\u00e1lia no Mundial ser\u00e1 a medalha de n\u00famero 90 da hist\u00f3ria da nata\u00e7\u00e3o italiana. O pa\u00eds acumula 26 ouros, 30 pratas e 33 bronzes desde a primeira edi\u00e7\u00e3o dos Mundiais em 1973. A \u00fanica vez que os italianos n\u00e3o ganharam uma medalha em Mundiais foi na edi\u00e7\u00e3o de 1978 em Berlim, na Alemanha. Em Doha 2024, \u00faltimo Mundial, a It\u00e1lia ganhou 12 medalhas, 2 ouros, 5 pratas 5 bronzes. A \u00faltima vez que os italianos sairam do Mundial de Nata\u00e7\u00e3o sem um ouro na piscina foi em Barcelona 2013.<\/p>\n<p>Confira as delega\u00e7\u00f5es:<\/p>\n<p><strong>\u00c1guas Abertas<\/strong><br \/>\nMatteo Diodato (Livorno Aquatics) 3\u202fkm knockout sprint<br \/>\nAndrea Filadelli (Marina Militare \/ Superba) 10 km<br \/>\nMarcello Guidi (Fiamme Oro \/ RN Cagliari) 5 km, 4\u00d71500 km<br \/>\nGregorio Paltrinieri (Fiamme Oro \/ Coopernuoto) 3\u202fkm knockout sprint, 5 km, 10 km, 4\u00d71500 km<br \/>\nAntonietta Cesarano (Fiamme Oro \/ Time Limit) 3\u202fkm knockout sprint<br \/>\nGiulia Gabbrielleschi (Fiamme Oro \/ Nuotatori Pistoiesi) 5 km, 4\u00d71500 km<br \/>\nBarbara Pozzobon (Fiamme Oro \/ Hydros) 10 km<br \/>\nGinevra Taddeucci (Fiamme Oro \/ CC Napoli) 3\u202fkm knockout sprint, 5 Km, 10 km, 4\u00d71500 km<\/p>\n<p>Staff:<br \/>\nCoordenador Stefano Rubaudo, t\u00e9cnicos Fabrizio Antonelli, Massimiliano Lombardi, Giovanni Pistelli<\/p>\n<p><strong>Nata\u00e7\u00e3o<\/strong><br \/>\nLisa Angiolini (Carabinieri \/ Virtus Buonconvento) 100 e 200 peito<br \/>\nChristian Bacico (Esercito \/ Como Nuoto) 50, 100 e 200 costas<br \/>\nMatilde Biagiotti (Fiamme Oro \/ RN Florentia) 4\u00d7200<br \/>\nAnita Bottazzo (Fiamme Gialle \/ Imolanuoto) 50 e 100 peito<br \/>\nFederico Burdisso (Esercito) 100 e 200 borboleta<br \/>\nThomas Ceccon (Fiamme Oro \/ Leosport) 50 e 100 borboleta, 50, 100 e 200 costas<br \/>\nSimone Cerasuolo (Fiamme Oro \/ Imolanuoto) 50 peito<br \/>\nCostanza Cocconcelli (Fiamme Gialle \/ Azzurra 91) 100 borboleta<br \/>\nSara Curtis (Esercito \/ CS Roero) 50 e 100 livre<br \/>\nCarlos D\u2019Ambrosio (Fiamme Gialle \/ IC Bentegodi) 100 e 200 livre<br \/>\nLuca De Tullio (Fiamme Oro \/ CC Aniene) 800 livre<br \/>\nMarco De Tullio (CC Aniene) 400 livre<br \/>\nLeonardo Deplano (Carabinieri \/ CC Aniene) 50 livre<br \/>\nStefano Di Cola (Marina Militare \/ CC Aniene) 4\u00d7200<br \/>\nSilvia Di Pietro (Carabinieri \/ CC Aniene) 50 livre e 50 borboleta<br \/>\nFrancesca Fangio (Esercito \/ In Sport Rane Rosse) 200 peito<br \/>\nSara Franceschi (Fiamme Gialle \/ Livorno Aquatics) 200 e 400 medley<br \/>\nManuel Frigo (Fiamme Oro \/ Team Veneto) 100 livre<br \/>\nAnita Gastaldi (Carabinieri \/ V02 Nuoto Torino) 200 medley, 50 e 100 costas<br \/>\nChristian Mantegazza (Fiamme Gialle \/ Trezzo Nuoto) 200 peito<br \/>\nNicol\u00f2 Martinenghi (CC Aniene) 50, 100 e 200 peito<br \/>\nAnna Chiara Mascolo (Carabinieri \/ H. Sport Firenze) 4\u00d7200<br \/>\nMassimiliano Matteazzi (In Sport Rane Rosse) 200 medley<br \/>\nFilippo Megli (Carabinieri \/ RN Florentia) 200 livre<br \/>\nEmma Virginia Menicucci (Esercito \/ CC Aniene) 100 livre<br \/>\nSofia Morini (Esercito \/ Azzurra 91) 4\u00d7100 livre e 4\u00d7200<br \/>\nBianca Nannucci (RN Florentia) 200 livre<br \/>\nGregorio Paltrinieri (Fiamme Oro \/ Coopernuoto) 800 e 1500<br \/>\nBenedetta Pilato (CC Aniene) 50 peito<br \/>\nSimona Quadarella (CC Aniene) 800 e 1500<br \/>\nAlberto Razzetti (Fiamme Gialle \/ Genova My Sport) 200 borboleta, 200 e 400 medley<br \/>\nChiara Tarantino (Fiamme Gialle \/ In Sport Rane Rosse) 4\u00d7100 livre<br \/>\nLudovico Blu Art Viberti (Fiamme Oro \/ CN Torino) 100 peito<br \/>\nLorenzo Zazzeri (Esercito \/ RN Florentia) 50 livre<\/p>\n<p>Staff:<br \/>\nDiretor t\u00e9cnico Cesare Butini, t\u00e9cnicos Fabrizio Antonelli, Gianluca Belfiore, Alberto Burlina, Stefano Franceschi, Matteo Giunta, Sandra Michelini, Thomas Maggiora, Paolo Palchetti, Claudio Rossetto, Antonio Satta<\/p>\n<p>&nbsp;<\/p>\n<p>Gostaria de receber as not\u00edcias de nata\u00e7\u00e3o e \u00e1guas abertas no seu email?<\/p>\n<p><a href=\"https:\/\/lpa.nitro.news\/n-GNe\/ultimas-noticias-swim-channel\">Cadastre-se aqui<\/a><\/p>\n","protected":false},"excerpt":{"rendered":"<p>Gregorio Paltrinieri, 30 anos de idade, \u00e9 o \u00fanico nadador da Sele\u00e7\u00e3o Italiana que vai estar nas provas de piscina e \u00e1guas abertas no Mundial de Singapura. Paltrinieri est\u00e1 inscrito nas quatro provas de \u00e1guas abertas (3k Knockout, 5k, 10k e revezamento) e nas duas provas de fundo de piscina (800m e 1500m livre). Seu [&hellip;]<\/p>\n","protected":false},"author":12,"featured_media":74725,"comment_status":"open","ping_status":"open","sticky":false,"template":"","format":"standard","meta":{"footnotes":""},"categories":[137,2576],"tags":[14,6487,5],"class_list":["post-74724","post","type-post","status-publish","format-standard","has-post-thumbnail","hentry","category-natacao","category-ultimas-noticias","tag-aguas-abertas","tag-campeonato-mundial-de-singapura","tag-natacao"],"yoast_head":"<!-- This site is optimized with the Yoast SEO plugin v27.0 - https:\/\/yoast.com\/product\/yoast-seo-wordpress\/ -->\n<title>It\u00e1lia vai para o Mundial com 33 para a nata\u00e7\u00e3o e 8 para \u00e1guas abertas, Patrinieri est\u00e1 nas duas - Swimchannel<\/title>\n<meta name=\"robots\" content=\"index, follow, max-snippet:-1, max-image-preview:large, max-video-preview:-1\" \/>\n<link rel=\"canonical\" href=\"https:\/\/swimchannel.net\/br\/italia-vai-para-o-mundial-com-33-para-a-natacao-e-8-para-aguas-abertas-patrinieri-esta-nas-duas\/\" \/>\n<meta property=\"og:locale\" content=\"pt_BR\" \/>\n<meta property=\"og:type\" content=\"article\" \/>\n<meta property=\"og:title\" content=\"It\u00e1lia vai para o Mundial com 33 para a nata\u00e7\u00e3o e 8 para \u00e1guas abertas, Patrinieri est\u00e1 nas duas - Swimchannel\" \/>\n<meta property=\"og:description\" content=\"Gregorio Paltrinieri, 30 anos de idade, \u00e9 o \u00fanico nadador da Sele\u00e7\u00e3o Italiana que vai estar nas provas de piscina e \u00e1guas abertas no Mundial de Singapura. Paltrinieri est\u00e1 inscrito nas quatro provas de \u00e1guas abertas (3k Knockout, 5k, 10k e revezamento) e nas duas provas de fundo de piscina (800m e 1500m livre). Seu [&hellip;]\" \/>\n<meta property=\"og:url\" content=\"https:\/\/swimchannel.net\/br\/italia-vai-para-o-mundial-com-33-para-a-natacao-e-8-para-aguas-abertas-patrinieri-esta-nas-duas\/\" \/>\n<meta property=\"og:site_name\" content=\"Swimchannel\" \/>\n<meta property=\"article:publisher\" content=\"https:\/\/www.facebook.com\/swimchannel\" \/>\n<meta property=\"article:published_time\" content=\"2025-07-09T20:13:20+00:00\" \/>\n<meta property=\"og:image\" content=\"https:\/\/swimchannel.net\/br\/wp-content\/uploads\/2025\/07\/PALTRINIERI-Gregorio-Gregorio-PALTRINIERI-ITA-PALTRINIERI-TBX_9771-1030x686-1.jpg\" \/>\n\t<meta property=\"og:image:width\" content=\"1030\" \/>\n\t<meta property=\"og:image:height\" content=\"686\" \/>\n\t<meta property=\"og:image:type\" content=\"image\/jpeg\" \/>\n<meta name=\"author\" content=\"Alex Pussieldi\" \/>\n<meta name=\"twitter:card\" content=\"summary_large_image\" \/>\n<meta name=\"twitter:label1\" content=\"Escrito por\" \/>\n\t<meta name=\"twitter:data1\" content=\"Alex Pussieldi\" \/>\n\t<meta name=\"twitter:label2\" content=\"Est. tempo de leitura\" \/>\n\t<meta name=\"twitter:data2\" content=\"3 minutos\" \/>\n<script type=\"application\/ld+json\" class=\"yoast-schema-graph\">{\"@context\":\"https:\/\/schema.org\",\"@graph\":[{\"@type\":\"Article\",\"@id\":\"https:\/\/swimchannel.net\/br\/italia-vai-para-o-mundial-com-33-para-a-natacao-e-8-para-aguas-abertas-patrinieri-esta-nas-duas\/#article\",\"isPartOf\":{\"@id\":\"https:\/\/swimchannel.net\/br\/italia-vai-para-o-mundial-com-33-para-a-natacao-e-8-para-aguas-abertas-patrinieri-esta-nas-duas\/\"},\"author\":{\"name\":\"Alex Pussieldi\",\"@id\":\"https:\/\/swimchannel.net\/br\/#\/schema\/person\/cf549cb99cf75592fcf7c76213385e63\"},\"headline\":\"It\u00e1lia vai para o Mundial com 33 para a nata\u00e7\u00e3o e 8 para \u00e1guas abertas, Patrinieri est\u00e1 nas duas\",\"datePublished\":\"2025-07-09T20:13:20+00:00\",\"mainEntityOfPage\":{\"@id\":\"https:\/\/swimchannel.net\/br\/italia-vai-para-o-mundial-com-33-para-a-natacao-e-8-para-aguas-abertas-patrinieri-esta-nas-duas\/\"},\"wordCount\":551,\"commentCount\":0,\"publisher\":{\"@id\":\"https:\/\/swimchannel.net\/br\/#organization\"},\"image\":{\"@id\":\"https:\/\/swimchannel.net\/br\/italia-vai-para-o-mundial-com-33-para-a-natacao-e-8-para-aguas-abertas-patrinieri-esta-nas-duas\/#primaryimage\"},\"thumbnailUrl\":\"https:\/\/swimchannel.net\/br\/wp-content\/uploads\/2025\/07\/PALTRINIERI-Gregorio-Gregorio-PALTRINIERI-ITA-PALTRINIERI-TBX_9771-1030x686-1.jpg\",\"keywords\":[\"\u00c1guas abertas\",\"Campeonato Mundial de Singapura\",\"natacao\"],\"articleSection\":[\"Nata\u00e7\u00e3o\",\"\u00daltimas Not\u00edcias\"],\"inLanguage\":\"pt-BR\",\"potentialAction\":[{\"@type\":\"CommentAction\",\"name\":\"Comment\",\"target\":[\"https:\/\/swimchannel.net\/br\/italia-vai-para-o-mundial-com-33-para-a-natacao-e-8-para-aguas-abertas-patrinieri-esta-nas-duas\/#respond\"]}]},{\"@type\":\"WebPage\",\"@id\":\"https:\/\/swimchannel.net\/br\/italia-vai-para-o-mundial-com-33-para-a-natacao-e-8-para-aguas-abertas-patrinieri-esta-nas-duas\/\",\"url\":\"https:\/\/swimchannel.net\/br\/italia-vai-para-o-mundial-com-33-para-a-natacao-e-8-para-aguas-abertas-patrinieri-esta-nas-duas\/\",\"name\":\"It\u00e1lia vai para o Mundial com 33 para a nata\u00e7\u00e3o e 8 para \u00e1guas abertas, Patrinieri est\u00e1 nas duas - Swimchannel\",\"isPartOf\":{\"@id\":\"https:\/\/swimchannel.net\/br\/#website\"},\"primaryImageOfPage\":{\"@id\":\"https:\/\/swimchannel.net\/br\/italia-vai-para-o-mundial-com-33-para-a-natacao-e-8-para-aguas-abertas-patrinieri-esta-nas-duas\/#primaryimage\"},\"image\":{\"@id\":\"https:\/\/swimchannel.net\/br\/italia-vai-para-o-mundial-com-33-para-a-natacao-e-8-para-aguas-abertas-patrinieri-esta-nas-duas\/#primaryimage\"},\"thumbnailUrl\":\"https:\/\/swimchannel.net\/br\/wp-content\/uploads\/2025\/07\/PALTRINIERI-Gregorio-Gregorio-PALTRINIERI-ITA-PALTRINIERI-TBX_9771-1030x686-1.jpg\",\"datePublished\":\"2025-07-09T20:13:20+00:00\",\"breadcrumb\":{\"@id\":\"https:\/\/swimchannel.net\/br\/italia-vai-para-o-mundial-com-33-para-a-natacao-e-8-para-aguas-abertas-patrinieri-esta-nas-duas\/#breadcrumb\"},\"inLanguage\":\"pt-BR\",\"potentialAction\":[{\"@type\":\"ReadAction\",\"target\":[\"https:\/\/swimchannel.net\/br\/italia-vai-para-o-mundial-com-33-para-a-natacao-e-8-para-aguas-abertas-patrinieri-esta-nas-duas\/\"]}]},{\"@type\":\"ImageObject\",\"inLanguage\":\"pt-BR\",\"@id\":\"https:\/\/swimchannel.net\/br\/italia-vai-para-o-mundial-com-33-para-a-natacao-e-8-para-aguas-abertas-patrinieri-esta-nas-duas\/#primaryimage\",\"url\":\"https:\/\/swimchannel.net\/br\/wp-content\/uploads\/2025\/07\/PALTRINIERI-Gregorio-Gregorio-PALTRINIERI-ITA-PALTRINIERI-TBX_9771-1030x686-1.jpg\",\"contentUrl\":\"https:\/\/swimchannel.net\/br\/wp-content\/uploads\/2025\/07\/PALTRINIERI-Gregorio-Gregorio-PALTRINIERI-ITA-PALTRINIERI-TBX_9771-1030x686-1.jpg\",\"width\":1030,\"height\":686},{\"@type\":\"BreadcrumbList\",\"@id\":\"https:\/\/swimchannel.net\/br\/italia-vai-para-o-mundial-com-33-para-a-natacao-e-8-para-aguas-abertas-patrinieri-esta-nas-duas\/#breadcrumb\",\"itemListElement\":[{\"@type\":\"ListItem\",\"position\":1,\"name\":\"Home\",\"item\":\"https:\/\/swimchannel.net\/br\/\"},{\"@type\":\"ListItem\",\"position\":2,\"name\":\"It\u00e1lia vai para o Mundial com 33 para a nata\u00e7\u00e3o e 8 para \u00e1guas abertas, Patrinieri est\u00e1 nas duas\"}]},{\"@type\":\"WebSite\",\"@id\":\"https:\/\/swimchannel.net\/br\/#website\",\"url\":\"https:\/\/swimchannel.net\/br\/\",\"name\":\"Swimchannel\",\"description\":\"Maior portal de nata\u00e7\u00e3o da america latina\",\"publisher\":{\"@id\":\"https:\/\/swimchannel.net\/br\/#organization\"},\"potentialAction\":[{\"@type\":\"SearchAction\",\"target\":{\"@type\":\"EntryPoint\",\"urlTemplate\":\"https:\/\/swimchannel.net\/br\/?s={search_term_string}\"},\"query-input\":{\"@type\":\"PropertyValueSpecification\",\"valueRequired\":true,\"valueName\":\"search_term_string\"}}],\"inLanguage\":\"pt-BR\"},{\"@type\":\"Organization\",\"@id\":\"https:\/\/swimchannel.net\/br\/#organization\",\"name\":\"Swimchannel - Conectando voc\u00ea a Nata\u00e7\u00e3o\",\"url\":\"https:\/\/swimchannel.net\/br\/\",\"logo\":{\"@type\":\"ImageObject\",\"inLanguage\":\"pt-BR\",\"@id\":\"https:\/\/swimchannel.net\/br\/#\/schema\/logo\/image\/\",\"url\":\"https:\/\/swimchannel.net\/br\/wp-content\/uploads\/2026\/02\/SWIM-CHANNEL.png\",\"contentUrl\":\"https:\/\/swimchannel.net\/br\/wp-content\/uploads\/2026\/02\/SWIM-CHANNEL.png\",\"width\":1120,\"height\":630,\"caption\":\"Swimchannel - Conectando voc\u00ea a Nata\u00e7\u00e3o\"},\"image\":{\"@id\":\"https:\/\/swimchannel.net\/br\/#\/schema\/logo\/image\/\"},\"sameAs\":[\"https:\/\/www.facebook.com\/swimchannel\",\"https:\/\/www.instagram.com\/swimchannel\"]},{\"@type\":\"Person\",\"@id\":\"https:\/\/swimchannel.net\/br\/#\/schema\/person\/cf549cb99cf75592fcf7c76213385e63\",\"name\":\"Alex Pussieldi\",\"image\":{\"@type\":\"ImageObject\",\"inLanguage\":\"pt-BR\",\"@id\":\"https:\/\/swimchannel.net\/br\/#\/schema\/person\/image\/\",\"url\":\"https:\/\/swimchannel.net\/br\/wp-content\/uploads\/2021\/02\/9b1c252d-a4bd-4eda-b399-24565cac4114-100x100.jpg\",\"contentUrl\":\"https:\/\/swimchannel.net\/br\/wp-content\/uploads\/2021\/02\/9b1c252d-a4bd-4eda-b399-24565cac4114-100x100.jpg\",\"caption\":\"Alex Pussieldi\"},\"description\":\"Alexandre Pussieldi, apelidado de \u201ccoach\u201d, Foi t\u00e9cnico da sele\u00e7\u00e3o verde e amarela nas Olimp\u00edadas de Pequim-2008 e Londres-2012. O treinador ainda comandou outros quatro pa\u00edses: Kuwait, Paraguai, Aruba e Antilhas Holandesas, al\u00e9m da sele\u00e7\u00e3o americana de \u00e1guas abertas. Pussieldi tem passagens como comentarista de nata\u00e7\u00e3o do Grupo Globo e Swim Channel.\",\"url\":\"https:\/\/swimchannel.net\/br\/author\/alexpussieldi\/\"}]}<\/script>\n<!-- \/ Yoast SEO plugin. -->","yoast_head_json":{"title":"It\u00e1lia vai para o Mundial com 33 para a nata\u00e7\u00e3o e 8 para \u00e1guas abertas, Patrinieri est\u00e1 nas duas - Swimchannel","robots":{"index":"index","follow":"follow","max-snippet":"max-snippet:-1","max-image-preview":"max-image-preview:large","max-video-preview":"max-video-preview:-1"},"canonical":"https:\/\/swimchannel.net\/br\/italia-vai-para-o-mundial-com-33-para-a-natacao-e-8-para-aguas-abertas-patrinieri-esta-nas-duas\/","og_locale":"pt_BR","og_type":"article","og_title":"It\u00e1lia vai para o Mundial com 33 para a nata\u00e7\u00e3o e 8 para \u00e1guas abertas, Patrinieri est\u00e1 nas duas - Swimchannel","og_description":"Gregorio Paltrinieri, 30 anos de idade, \u00e9 o \u00fanico nadador da Sele\u00e7\u00e3o Italiana que vai estar nas provas de piscina e \u00e1guas abertas no Mundial de Singapura. Paltrinieri est\u00e1 inscrito nas quatro provas de \u00e1guas abertas (3k Knockout, 5k, 10k e revezamento) e nas duas provas de fundo de piscina (800m e 1500m livre). Seu [&hellip;]","og_url":"https:\/\/swimchannel.net\/br\/italia-vai-para-o-mundial-com-33-para-a-natacao-e-8-para-aguas-abertas-patrinieri-esta-nas-duas\/","og_site_name":"Swimchannel","article_publisher":"https:\/\/www.facebook.com\/swimchannel","article_published_time":"2025-07-09T20:13:20+00:00","og_image":[{"width":1030,"height":686,"url":"https:\/\/swimchannel.net\/br\/wp-content\/uploads\/2025\/07\/PALTRINIERI-Gregorio-Gregorio-PALTRINIERI-ITA-PALTRINIERI-TBX_9771-1030x686-1.jpg","type":"image\/jpeg"}],"author":"Alex Pussieldi","twitter_card":"summary_large_image","twitter_misc":{"Escrito por":"Alex Pussieldi","Est. tempo de leitura":"3 minutos"},"schema":{"@context":"https:\/\/schema.org","@graph":[{"@type":"Article","@id":"https:\/\/swimchannel.net\/br\/italia-vai-para-o-mundial-com-33-para-a-natacao-e-8-para-aguas-abertas-patrinieri-esta-nas-duas\/#article","isPartOf":{"@id":"https:\/\/swimchannel.net\/br\/italia-vai-para-o-mundial-com-33-para-a-natacao-e-8-para-aguas-abertas-patrinieri-esta-nas-duas\/"},"author":{"name":"Alex Pussieldi","@id":"https:\/\/swimchannel.net\/br\/#\/schema\/person\/cf549cb99cf75592fcf7c76213385e63"},"headline":"It\u00e1lia vai para o Mundial com 33 para a nata\u00e7\u00e3o e 8 para \u00e1guas abertas, Patrinieri est\u00e1 nas duas","datePublished":"2025-07-09T20:13:20+00:00","mainEntityOfPage":{"@id":"https:\/\/swimchannel.net\/br\/italia-vai-para-o-mundial-com-33-para-a-natacao-e-8-para-aguas-abertas-patrinieri-esta-nas-duas\/"},"wordCount":551,"commentCount":0,"publisher":{"@id":"https:\/\/swimchannel.net\/br\/#organization"},"image":{"@id":"https:\/\/swimchannel.net\/br\/italia-vai-para-o-mundial-com-33-para-a-natacao-e-8-para-aguas-abertas-patrinieri-esta-nas-duas\/#primaryimage"},"thumbnailUrl":"https:\/\/swimchannel.net\/br\/wp-content\/uploads\/2025\/07\/PALTRINIERI-Gregorio-Gregorio-PALTRINIERI-ITA-PALTRINIERI-TBX_9771-1030x686-1.jpg","keywords":["\u00c1guas abertas","Campeonato Mundial de Singapura","natacao"],"articleSection":["Nata\u00e7\u00e3o","\u00daltimas Not\u00edcias"],"inLanguage":"pt-BR","potentialAction":[{"@type":"CommentAction","name":"Comment","target":["https:\/\/swimchannel.net\/br\/italia-vai-para-o-mundial-com-33-para-a-natacao-e-8-para-aguas-abertas-patrinieri-esta-nas-duas\/#respond"]}]},{"@type":"WebPage","@id":"https:\/\/swimchannel.net\/br\/italia-vai-para-o-mundial-com-33-para-a-natacao-e-8-para-aguas-abertas-patrinieri-esta-nas-duas\/","url":"https:\/\/swimchannel.net\/br\/italia-vai-para-o-mundial-com-33-para-a-natacao-e-8-para-aguas-abertas-patrinieri-esta-nas-duas\/","name":"It\u00e1lia vai para o Mundial com 33 para a nata\u00e7\u00e3o e 8 para \u00e1guas abertas, Patrinieri est\u00e1 nas duas - Swimchannel","isPartOf":{"@id":"https:\/\/swimchannel.net\/br\/#website"},"primaryImageOfPage":{"@id":"https:\/\/swimchannel.net\/br\/italia-vai-para-o-mundial-com-33-para-a-natacao-e-8-para-aguas-abertas-patrinieri-esta-nas-duas\/#primaryimage"},"image":{"@id":"https:\/\/swimchannel.net\/br\/italia-vai-para-o-mundial-com-33-para-a-natacao-e-8-para-aguas-abertas-patrinieri-esta-nas-duas\/#primaryimage"},"thumbnailUrl":"https:\/\/swimchannel.net\/br\/wp-content\/uploads\/2025\/07\/PALTRINIERI-Gregorio-Gregorio-PALTRINIERI-ITA-PALTRINIERI-TBX_9771-1030x686-1.jpg","datePublished":"2025-07-09T20:13:20+00:00","breadcrumb":{"@id":"https:\/\/swimchannel.net\/br\/italia-vai-para-o-mundial-com-33-para-a-natacao-e-8-para-aguas-abertas-patrinieri-esta-nas-duas\/#breadcrumb"},"inLanguage":"pt-BR","potentialAction":[{"@type":"ReadAction","target":["https:\/\/swimchannel.net\/br\/italia-vai-para-o-mundial-com-33-para-a-natacao-e-8-para-aguas-abertas-patrinieri-esta-nas-duas\/"]}]},{"@type":"ImageObject","inLanguage":"pt-BR","@id":"https:\/\/swimchannel.net\/br\/italia-vai-para-o-mundial-com-33-para-a-natacao-e-8-para-aguas-abertas-patrinieri-esta-nas-duas\/#primaryimage","url":"https:\/\/swimchannel.net\/br\/wp-content\/uploads\/2025\/07\/PALTRINIERI-Gregorio-Gregorio-PALTRINIERI-ITA-PALTRINIERI-TBX_9771-1030x686-1.jpg","contentUrl":"https:\/\/swimchannel.net\/br\/wp-content\/uploads\/2025\/07\/PALTRINIERI-Gregorio-Gregorio-PALTRINIERI-ITA-PALTRINIERI-TBX_9771-1030x686-1.jpg","width":1030,"height":686},{"@type":"BreadcrumbList","@id":"https:\/\/swimchannel.net\/br\/italia-vai-para-o-mundial-com-33-para-a-natacao-e-8-para-aguas-abertas-patrinieri-esta-nas-duas\/#breadcrumb","itemListElement":[{"@type":"ListItem","position":1,"name":"Home","item":"https:\/\/swimchannel.net\/br\/"},{"@type":"ListItem","position":2,"name":"It\u00e1lia vai para o Mundial com 33 para a nata\u00e7\u00e3o e 8 para \u00e1guas abertas, Patrinieri est\u00e1 nas duas"}]},{"@type":"WebSite","@id":"https:\/\/swimchannel.net\/br\/#website","url":"https:\/\/swimchannel.net\/br\/","name":"Swimchannel","description":"Maior portal de nata\u00e7\u00e3o da america latina","publisher":{"@id":"https:\/\/swimchannel.net\/br\/#organization"},"potentialAction":[{"@type":"SearchAction","target":{"@type":"EntryPoint","urlTemplate":"https:\/\/swimchannel.net\/br\/?s={search_term_string}"},"query-input":{"@type":"PropertyValueSpecification","valueRequired":true,"valueName":"search_term_string"}}],"inLanguage":"pt-BR"},{"@type":"Organization","@id":"https:\/\/swimchannel.net\/br\/#organization","name":"Swimchannel - Conectando voc\u00ea a Nata\u00e7\u00e3o","url":"https:\/\/swimchannel.net\/br\/","logo":{"@type":"ImageObject","inLanguage":"pt-BR","@id":"https:\/\/swimchannel.net\/br\/#\/schema\/logo\/image\/","url":"https:\/\/swimchannel.net\/br\/wp-content\/uploads\/2026\/02\/SWIM-CHANNEL.png","contentUrl":"https:\/\/swimchannel.net\/br\/wp-content\/uploads\/2026\/02\/SWIM-CHANNEL.png","width":1120,"height":630,"caption":"Swimchannel - Conectando voc\u00ea a Nata\u00e7\u00e3o"},"image":{"@id":"https:\/\/swimchannel.net\/br\/#\/schema\/logo\/image\/"},"sameAs":["https:\/\/www.facebook.com\/swimchannel","https:\/\/www.instagram.com\/swimchannel"]},{"@type":"Person","@id":"https:\/\/swimchannel.net\/br\/#\/schema\/person\/cf549cb99cf75592fcf7c76213385e63","name":"Alex Pussieldi","image":{"@type":"ImageObject","inLanguage":"pt-BR","@id":"https:\/\/swimchannel.net\/br\/#\/schema\/person\/image\/","url":"https:\/\/swimchannel.net\/br\/wp-content\/uploads\/2021\/02\/9b1c252d-a4bd-4eda-b399-24565cac4114-100x100.jpg","contentUrl":"https:\/\/swimchannel.net\/br\/wp-content\/uploads\/2021\/02\/9b1c252d-a4bd-4eda-b399-24565cac4114-100x100.jpg","caption":"Alex Pussieldi"},"description":"Alexandre Pussieldi, apelidado de \u201ccoach\u201d, Foi t\u00e9cnico da sele\u00e7\u00e3o verde e amarela nas Olimp\u00edadas de Pequim-2008 e Londres-2012. O treinador ainda comandou outros quatro pa\u00edses: Kuwait, Paraguai, Aruba e Antilhas Holandesas, al\u00e9m da sele\u00e7\u00e3o americana de \u00e1guas abertas. Pussieldi tem passagens como comentarista de nata\u00e7\u00e3o do Grupo Globo e Swim Channel.","url":"https:\/\/swimchannel.net\/br\/author\/alexpussieldi\/"}]}},"_links":{"self":[{"href":"https:\/\/swimchannel.net\/br\/wp-json\/wp\/v2\/posts\/74724","targetHints":{"allow":["GET"]}}],"collection":[{"href":"https:\/\/swimchannel.net\/br\/wp-json\/wp\/v2\/posts"}],"about":[{"href":"https:\/\/swimchannel.net\/br\/wp-json\/wp\/v2\/types\/post"}],"author":[{"embeddable":true,"href":"https:\/\/swimchannel.net\/br\/wp-json\/wp\/v2\/users\/12"}],"replies":[{"embeddable":true,"href":"https:\/\/swimchannel.net\/br\/wp-json\/wp\/v2\/comments?post=74724"}],"version-history":[{"count":1,"href":"https:\/\/swimchannel.net\/br\/wp-json\/wp\/v2\/posts\/74724\/revisions"}],"predecessor-version":[{"id":74726,"href":"https:\/\/swimchannel.net\/br\/wp-json\/wp\/v2\/posts\/74724\/revisions\/74726"}],"wp:featuredmedia":[{"embeddable":true,"href":"https:\/\/swimchannel.net\/br\/wp-json\/wp\/v2\/media\/74725"}],"wp:attachment":[{"href":"https:\/\/swimchannel.net\/br\/wp-json\/wp\/v2\/media?parent=74724"}],"wp:term":[{"taxonomy":"category","embeddable":true,"href":"https:\/\/swimchannel.net\/br\/wp-json\/wp\/v2\/categories?post=74724"},{"taxonomy":"post_tag","embeddable":true,"href":"https:\/\/swimchannel.net\/br\/wp-json\/wp\/v2\/tags?post=74724"}],"curies":[{"name":"wp","href":"https:\/\/api.w.org\/{rel}","templated":true}]}}