{"id":74808,"date":"2025-07-13T14:53:34","date_gmt":"2025-07-13T17:53:34","guid":{"rendered":"https:\/\/swimchannel.net\/br\/?p=74808"},"modified":"2025-07-13T14:53:34","modified_gmt":"2025-07-13T17:53:34","slug":"temperatura-da-agua-preocupa-e-organizacao-muda-horario-de-prova-no-mundial","status":"publish","type":"post","link":"https:\/\/swimchannel.net\/br\/temperatura-da-agua-preocupa-e-organizacao-muda-horario-de-prova-no-mundial\/","title":{"rendered":"Temperatura da \u00e1gua preocupa e organiza\u00e7\u00e3o muda hor\u00e1rio de prova no Mundial"},"content":{"rendered":"<p>Organiza\u00e7\u00e3o da World Aquatics fez uma altera\u00e7\u00e3o na programa\u00e7\u00e3o hor\u00e1ria das provas de \u00e1guas abertas do Mundial em Singapura. As provas come\u00e7am na ter\u00e7a-feira e um comunicado foi enviado hoje a todos os delegados.<\/p>\n<p>&nbsp;<\/p>\n<p>O texto abaixo em ingl\u00eas:<\/p>\n<p>&nbsp;<\/p>\n<p><em>Dear Teams,<\/em><\/p>\n<p><em>Taking into consideration the current water temperature in Sentosa, the World Aquatics Technical Open Water Swimming Committee, the Sports Medicine Committee have recommended to finish all Open Water Swimming races by 11:30am every day.<\/em><\/p>\n<p><em>Following this recommendation, we will adjust the competition schedule for the 18 July (5km events) as follows:<\/em><\/p>\n<p><em>07:30 \u2013 Women 5km<\/em><\/p>\n<p><em>10:00 \u2013 Men 5km<\/em><\/p>\n<p><em>With this adjustment we would finish the Men 5km before 11:30 \u2013 still within the timeframe suggested above.<\/em><\/p>\n<p><em>Later today we will start sharing all water temperature readings within the Event Insider App, so all teams are updated on the current water temperatures.<\/em><\/p>\n<p><em>Thank you for your understanding.<\/em><\/p>\n<p>&nbsp;<\/p>\n<p><strong>A antecipa\u00e7\u00e3o do hor\u00e1rio da prova masculina dos 5K que est\u00e1 prevista para o dia 18 de Julho e a inten\u00e7\u00e3o de finalizar todas as provas at\u00e9 as 11:30 hor\u00e1rio local. As temperaturas externas desta semana v\u00e3o at\u00e9 32 graus enquanto a temperatura da \u00e1gua tem girado em torno dos 30.5 graus. Pelas regras da World Aquatics, a temperatura m\u00e1xima para a realiza\u00e7\u00e3o da prova \u00e9 31 graus.<\/strong><\/p>\n<p>&nbsp;<\/p>\n<p>Gostaria de receber as not\u00edcias de nata\u00e7\u00e3o e \u00e1guas abertas no seu email?<\/p>\n<p><a href=\"https:\/\/lpa.nitro.news\/n-GNe\/ultimas-noticias-swim-channel\">Cadastre-se aqui<\/a><\/p>\n","protected":false},"excerpt":{"rendered":"<p>Organiza\u00e7\u00e3o da World Aquatics fez uma altera\u00e7\u00e3o na programa\u00e7\u00e3o hor\u00e1ria das provas de \u00e1guas abertas do Mundial em Singapura. As provas come\u00e7am na ter\u00e7a-feira e um comunicado foi enviado hoje a todos os delegados. &nbsp; O texto abaixo em ingl\u00eas: &nbsp; Dear Teams, Taking into consideration the current water temperature in Sentosa, the World Aquatics [&hellip;]<\/p>\n","protected":false},"author":12,"featured_media":74811,"comment_status":"open","ping_status":"open","sticky":false,"template":"","format":"standard","meta":{"footnotes":""},"categories":[1],"tags":[14,6487],"class_list":["post-74808","post","type-post","status-publish","format-standard","has-post-thumbnail","hentry","category-sem-categoria","tag-aguas-abertas","tag-campeonato-mundial-de-singapura"],"yoast_head":"<!-- This site is optimized with the Yoast SEO plugin v27.0 - https:\/\/yoast.com\/product\/yoast-seo-wordpress\/ -->\n<title>Temperatura da \u00e1gua preocupa e organiza\u00e7\u00e3o muda hor\u00e1rio de prova no Mundial - Swimchannel<\/title>\n<meta name=\"robots\" content=\"index, follow, max-snippet:-1, max-image-preview:large, max-video-preview:-1\" \/>\n<link rel=\"canonical\" href=\"https:\/\/swimchannel.net\/br\/temperatura-da-agua-preocupa-e-organizacao-muda-horario-de-prova-no-mundial\/\" \/>\n<meta property=\"og:locale\" content=\"pt_BR\" \/>\n<meta property=\"og:type\" content=\"article\" \/>\n<meta property=\"og:title\" content=\"Temperatura da \u00e1gua preocupa e organiza\u00e7\u00e3o muda hor\u00e1rio de prova no Mundial - Swimchannel\" \/>\n<meta property=\"og:description\" content=\"Organiza\u00e7\u00e3o da World Aquatics fez uma altera\u00e7\u00e3o na programa\u00e7\u00e3o hor\u00e1ria das provas de \u00e1guas abertas do Mundial em Singapura. As provas come\u00e7am na ter\u00e7a-feira e um comunicado foi enviado hoje a todos os delegados. &nbsp; O texto abaixo em ingl\u00eas: &nbsp; Dear Teams, Taking into consideration the current water temperature in Sentosa, the World Aquatics [&hellip;]\" \/>\n<meta property=\"og:url\" content=\"https:\/\/swimchannel.net\/br\/temperatura-da-agua-preocupa-e-organizacao-muda-horario-de-prova-no-mundial\/\" \/>\n<meta property=\"og:site_name\" content=\"Swimchannel\" \/>\n<meta property=\"article:publisher\" content=\"https:\/\/www.facebook.com\/swimchannel\" \/>\n<meta property=\"article:published_time\" content=\"2025-07-13T17:53:34+00:00\" \/>\n<meta property=\"og:image\" content=\"https:\/\/swimchannel.net\/br\/wp-content\/uploads\/2025\/07\/sentosa-venue-BqVpoPPJ-1030x579-1.jpg\" \/>\n\t<meta property=\"og:image:width\" content=\"1030\" \/>\n\t<meta property=\"og:image:height\" content=\"579\" \/>\n\t<meta property=\"og:image:type\" content=\"image\/jpeg\" \/>\n<meta name=\"author\" content=\"Alex Pussieldi\" \/>\n<meta name=\"twitter:card\" content=\"summary_large_image\" \/>\n<meta name=\"twitter:label1\" content=\"Escrito por\" \/>\n\t<meta name=\"twitter:data1\" content=\"Alex Pussieldi\" \/>\n\t<meta name=\"twitter:label2\" content=\"Est. tempo de leitura\" \/>\n\t<meta name=\"twitter:data2\" content=\"1 minuto\" \/>\n<script type=\"application\/ld+json\" class=\"yoast-schema-graph\">{\"@context\":\"https:\/\/schema.org\",\"@graph\":[{\"@type\":\"Article\",\"@id\":\"https:\/\/swimchannel.net\/br\/temperatura-da-agua-preocupa-e-organizacao-muda-horario-de-prova-no-mundial\/#article\",\"isPartOf\":{\"@id\":\"https:\/\/swimchannel.net\/br\/temperatura-da-agua-preocupa-e-organizacao-muda-horario-de-prova-no-mundial\/\"},\"author\":{\"name\":\"Alex Pussieldi\",\"@id\":\"https:\/\/swimchannel.net\/br\/#\/schema\/person\/cf549cb99cf75592fcf7c76213385e63\"},\"headline\":\"Temperatura da \u00e1gua preocupa e organiza\u00e7\u00e3o muda hor\u00e1rio de prova no Mundial\",\"datePublished\":\"2025-07-13T17:53:34+00:00\",\"mainEntityOfPage\":{\"@id\":\"https:\/\/swimchannel.net\/br\/temperatura-da-agua-preocupa-e-organizacao-muda-horario-de-prova-no-mundial\/\"},\"wordCount\":252,\"commentCount\":0,\"publisher\":{\"@id\":\"https:\/\/swimchannel.net\/br\/#organization\"},\"image\":{\"@id\":\"https:\/\/swimchannel.net\/br\/temperatura-da-agua-preocupa-e-organizacao-muda-horario-de-prova-no-mundial\/#primaryimage\"},\"thumbnailUrl\":\"https:\/\/swimchannel.net\/br\/wp-content\/uploads\/2025\/07\/sentosa-venue-BqVpoPPJ-1030x579-1.jpg\",\"keywords\":[\"\u00c1guas abertas\",\"Campeonato Mundial de Singapura\"],\"inLanguage\":\"pt-BR\",\"potentialAction\":[{\"@type\":\"CommentAction\",\"name\":\"Comment\",\"target\":[\"https:\/\/swimchannel.net\/br\/temperatura-da-agua-preocupa-e-organizacao-muda-horario-de-prova-no-mundial\/#respond\"]}]},{\"@type\":\"WebPage\",\"@id\":\"https:\/\/swimchannel.net\/br\/temperatura-da-agua-preocupa-e-organizacao-muda-horario-de-prova-no-mundial\/\",\"url\":\"https:\/\/swimchannel.net\/br\/temperatura-da-agua-preocupa-e-organizacao-muda-horario-de-prova-no-mundial\/\",\"name\":\"Temperatura da \u00e1gua preocupa e organiza\u00e7\u00e3o muda hor\u00e1rio de prova no Mundial - Swimchannel\",\"isPartOf\":{\"@id\":\"https:\/\/swimchannel.net\/br\/#website\"},\"primaryImageOfPage\":{\"@id\":\"https:\/\/swimchannel.net\/br\/temperatura-da-agua-preocupa-e-organizacao-muda-horario-de-prova-no-mundial\/#primaryimage\"},\"image\":{\"@id\":\"https:\/\/swimchannel.net\/br\/temperatura-da-agua-preocupa-e-organizacao-muda-horario-de-prova-no-mundial\/#primaryimage\"},\"thumbnailUrl\":\"https:\/\/swimchannel.net\/br\/wp-content\/uploads\/2025\/07\/sentosa-venue-BqVpoPPJ-1030x579-1.jpg\",\"datePublished\":\"2025-07-13T17:53:34+00:00\",\"breadcrumb\":{\"@id\":\"https:\/\/swimchannel.net\/br\/temperatura-da-agua-preocupa-e-organizacao-muda-horario-de-prova-no-mundial\/#breadcrumb\"},\"inLanguage\":\"pt-BR\",\"potentialAction\":[{\"@type\":\"ReadAction\",\"target\":[\"https:\/\/swimchannel.net\/br\/temperatura-da-agua-preocupa-e-organizacao-muda-horario-de-prova-no-mundial\/\"]}]},{\"@type\":\"ImageObject\",\"inLanguage\":\"pt-BR\",\"@id\":\"https:\/\/swimchannel.net\/br\/temperatura-da-agua-preocupa-e-organizacao-muda-horario-de-prova-no-mundial\/#primaryimage\",\"url\":\"https:\/\/swimchannel.net\/br\/wp-content\/uploads\/2025\/07\/sentosa-venue-BqVpoPPJ-1030x579-1.jpg\",\"contentUrl\":\"https:\/\/swimchannel.net\/br\/wp-content\/uploads\/2025\/07\/sentosa-venue-BqVpoPPJ-1030x579-1.jpg\",\"width\":1030,\"height\":579},{\"@type\":\"BreadcrumbList\",\"@id\":\"https:\/\/swimchannel.net\/br\/temperatura-da-agua-preocupa-e-organizacao-muda-horario-de-prova-no-mundial\/#breadcrumb\",\"itemListElement\":[{\"@type\":\"ListItem\",\"position\":1,\"name\":\"Home\",\"item\":\"https:\/\/swimchannel.net\/br\/\"},{\"@type\":\"ListItem\",\"position\":2,\"name\":\"Temperatura da \u00e1gua preocupa e organiza\u00e7\u00e3o muda hor\u00e1rio de prova no Mundial\"}]},{\"@type\":\"WebSite\",\"@id\":\"https:\/\/swimchannel.net\/br\/#website\",\"url\":\"https:\/\/swimchannel.net\/br\/\",\"name\":\"Swimchannel\",\"description\":\"Maior portal de nata\u00e7\u00e3o da america latina\",\"publisher\":{\"@id\":\"https:\/\/swimchannel.net\/br\/#organization\"},\"potentialAction\":[{\"@type\":\"SearchAction\",\"target\":{\"@type\":\"EntryPoint\",\"urlTemplate\":\"https:\/\/swimchannel.net\/br\/?s={search_term_string}\"},\"query-input\":{\"@type\":\"PropertyValueSpecification\",\"valueRequired\":true,\"valueName\":\"search_term_string\"}}],\"inLanguage\":\"pt-BR\"},{\"@type\":\"Organization\",\"@id\":\"https:\/\/swimchannel.net\/br\/#organization\",\"name\":\"Swimchannel - Conectando voc\u00ea a Nata\u00e7\u00e3o\",\"url\":\"https:\/\/swimchannel.net\/br\/\",\"logo\":{\"@type\":\"ImageObject\",\"inLanguage\":\"pt-BR\",\"@id\":\"https:\/\/swimchannel.net\/br\/#\/schema\/logo\/image\/\",\"url\":\"https:\/\/swimchannel.net\/br\/wp-content\/uploads\/2026\/02\/SWIM-CHANNEL.png\",\"contentUrl\":\"https:\/\/swimchannel.net\/br\/wp-content\/uploads\/2026\/02\/SWIM-CHANNEL.png\",\"width\":1120,\"height\":630,\"caption\":\"Swimchannel - Conectando voc\u00ea a Nata\u00e7\u00e3o\"},\"image\":{\"@id\":\"https:\/\/swimchannel.net\/br\/#\/schema\/logo\/image\/\"},\"sameAs\":[\"https:\/\/www.facebook.com\/swimchannel\",\"https:\/\/www.instagram.com\/swimchannel\"]},{\"@type\":\"Person\",\"@id\":\"https:\/\/swimchannel.net\/br\/#\/schema\/person\/cf549cb99cf75592fcf7c76213385e63\",\"name\":\"Alex Pussieldi\",\"image\":{\"@type\":\"ImageObject\",\"inLanguage\":\"pt-BR\",\"@id\":\"https:\/\/swimchannel.net\/br\/#\/schema\/person\/image\/\",\"url\":\"https:\/\/swimchannel.net\/br\/wp-content\/uploads\/2021\/02\/9b1c252d-a4bd-4eda-b399-24565cac4114-100x100.jpg\",\"contentUrl\":\"https:\/\/swimchannel.net\/br\/wp-content\/uploads\/2021\/02\/9b1c252d-a4bd-4eda-b399-24565cac4114-100x100.jpg\",\"caption\":\"Alex Pussieldi\"},\"description\":\"Alexandre Pussieldi, apelidado de \u201ccoach\u201d, Foi t\u00e9cnico da sele\u00e7\u00e3o verde e amarela nas Olimp\u00edadas de Pequim-2008 e Londres-2012. O treinador ainda comandou outros quatro pa\u00edses: Kuwait, Paraguai, Aruba e Antilhas Holandesas, al\u00e9m da sele\u00e7\u00e3o americana de \u00e1guas abertas. Pussieldi tem passagens como comentarista de nata\u00e7\u00e3o do Grupo Globo e Swim Channel.\",\"url\":\"https:\/\/swimchannel.net\/br\/author\/alexpussieldi\/\"}]}<\/script>\n<!-- \/ Yoast SEO plugin. -->","yoast_head_json":{"title":"Temperatura da \u00e1gua preocupa e organiza\u00e7\u00e3o muda hor\u00e1rio de prova no Mundial - Swimchannel","robots":{"index":"index","follow":"follow","max-snippet":"max-snippet:-1","max-image-preview":"max-image-preview:large","max-video-preview":"max-video-preview:-1"},"canonical":"https:\/\/swimchannel.net\/br\/temperatura-da-agua-preocupa-e-organizacao-muda-horario-de-prova-no-mundial\/","og_locale":"pt_BR","og_type":"article","og_title":"Temperatura da \u00e1gua preocupa e organiza\u00e7\u00e3o muda hor\u00e1rio de prova no Mundial - Swimchannel","og_description":"Organiza\u00e7\u00e3o da World Aquatics fez uma altera\u00e7\u00e3o na programa\u00e7\u00e3o hor\u00e1ria das provas de \u00e1guas abertas do Mundial em Singapura. As provas come\u00e7am na ter\u00e7a-feira e um comunicado foi enviado hoje a todos os delegados. &nbsp; O texto abaixo em ingl\u00eas: &nbsp; Dear Teams, Taking into consideration the current water temperature in Sentosa, the World Aquatics [&hellip;]","og_url":"https:\/\/swimchannel.net\/br\/temperatura-da-agua-preocupa-e-organizacao-muda-horario-de-prova-no-mundial\/","og_site_name":"Swimchannel","article_publisher":"https:\/\/www.facebook.com\/swimchannel","article_published_time":"2025-07-13T17:53:34+00:00","og_image":[{"width":1030,"height":579,"url":"https:\/\/swimchannel.net\/br\/wp-content\/uploads\/2025\/07\/sentosa-venue-BqVpoPPJ-1030x579-1.jpg","type":"image\/jpeg"}],"author":"Alex Pussieldi","twitter_card":"summary_large_image","twitter_misc":{"Escrito por":"Alex Pussieldi","Est. tempo de leitura":"1 minuto"},"schema":{"@context":"https:\/\/schema.org","@graph":[{"@type":"Article","@id":"https:\/\/swimchannel.net\/br\/temperatura-da-agua-preocupa-e-organizacao-muda-horario-de-prova-no-mundial\/#article","isPartOf":{"@id":"https:\/\/swimchannel.net\/br\/temperatura-da-agua-preocupa-e-organizacao-muda-horario-de-prova-no-mundial\/"},"author":{"name":"Alex Pussieldi","@id":"https:\/\/swimchannel.net\/br\/#\/schema\/person\/cf549cb99cf75592fcf7c76213385e63"},"headline":"Temperatura da \u00e1gua preocupa e organiza\u00e7\u00e3o muda hor\u00e1rio de prova no Mundial","datePublished":"2025-07-13T17:53:34+00:00","mainEntityOfPage":{"@id":"https:\/\/swimchannel.net\/br\/temperatura-da-agua-preocupa-e-organizacao-muda-horario-de-prova-no-mundial\/"},"wordCount":252,"commentCount":0,"publisher":{"@id":"https:\/\/swimchannel.net\/br\/#organization"},"image":{"@id":"https:\/\/swimchannel.net\/br\/temperatura-da-agua-preocupa-e-organizacao-muda-horario-de-prova-no-mundial\/#primaryimage"},"thumbnailUrl":"https:\/\/swimchannel.net\/br\/wp-content\/uploads\/2025\/07\/sentosa-venue-BqVpoPPJ-1030x579-1.jpg","keywords":["\u00c1guas abertas","Campeonato Mundial de Singapura"],"inLanguage":"pt-BR","potentialAction":[{"@type":"CommentAction","name":"Comment","target":["https:\/\/swimchannel.net\/br\/temperatura-da-agua-preocupa-e-organizacao-muda-horario-de-prova-no-mundial\/#respond"]}]},{"@type":"WebPage","@id":"https:\/\/swimchannel.net\/br\/temperatura-da-agua-preocupa-e-organizacao-muda-horario-de-prova-no-mundial\/","url":"https:\/\/swimchannel.net\/br\/temperatura-da-agua-preocupa-e-organizacao-muda-horario-de-prova-no-mundial\/","name":"Temperatura da \u00e1gua preocupa e organiza\u00e7\u00e3o muda hor\u00e1rio de prova no Mundial - Swimchannel","isPartOf":{"@id":"https:\/\/swimchannel.net\/br\/#website"},"primaryImageOfPage":{"@id":"https:\/\/swimchannel.net\/br\/temperatura-da-agua-preocupa-e-organizacao-muda-horario-de-prova-no-mundial\/#primaryimage"},"image":{"@id":"https:\/\/swimchannel.net\/br\/temperatura-da-agua-preocupa-e-organizacao-muda-horario-de-prova-no-mundial\/#primaryimage"},"thumbnailUrl":"https:\/\/swimchannel.net\/br\/wp-content\/uploads\/2025\/07\/sentosa-venue-BqVpoPPJ-1030x579-1.jpg","datePublished":"2025-07-13T17:53:34+00:00","breadcrumb":{"@id":"https:\/\/swimchannel.net\/br\/temperatura-da-agua-preocupa-e-organizacao-muda-horario-de-prova-no-mundial\/#breadcrumb"},"inLanguage":"pt-BR","potentialAction":[{"@type":"ReadAction","target":["https:\/\/swimchannel.net\/br\/temperatura-da-agua-preocupa-e-organizacao-muda-horario-de-prova-no-mundial\/"]}]},{"@type":"ImageObject","inLanguage":"pt-BR","@id":"https:\/\/swimchannel.net\/br\/temperatura-da-agua-preocupa-e-organizacao-muda-horario-de-prova-no-mundial\/#primaryimage","url":"https:\/\/swimchannel.net\/br\/wp-content\/uploads\/2025\/07\/sentosa-venue-BqVpoPPJ-1030x579-1.jpg","contentUrl":"https:\/\/swimchannel.net\/br\/wp-content\/uploads\/2025\/07\/sentosa-venue-BqVpoPPJ-1030x579-1.jpg","width":1030,"height":579},{"@type":"BreadcrumbList","@id":"https:\/\/swimchannel.net\/br\/temperatura-da-agua-preocupa-e-organizacao-muda-horario-de-prova-no-mundial\/#breadcrumb","itemListElement":[{"@type":"ListItem","position":1,"name":"Home","item":"https:\/\/swimchannel.net\/br\/"},{"@type":"ListItem","position":2,"name":"Temperatura da \u00e1gua preocupa e organiza\u00e7\u00e3o muda hor\u00e1rio de prova no Mundial"}]},{"@type":"WebSite","@id":"https:\/\/swimchannel.net\/br\/#website","url":"https:\/\/swimchannel.net\/br\/","name":"Swimchannel","description":"Maior portal de nata\u00e7\u00e3o da america latina","publisher":{"@id":"https:\/\/swimchannel.net\/br\/#organization"},"potentialAction":[{"@type":"SearchAction","target":{"@type":"EntryPoint","urlTemplate":"https:\/\/swimchannel.net\/br\/?s={search_term_string}"},"query-input":{"@type":"PropertyValueSpecification","valueRequired":true,"valueName":"search_term_string"}}],"inLanguage":"pt-BR"},{"@type":"Organization","@id":"https:\/\/swimchannel.net\/br\/#organization","name":"Swimchannel - Conectando voc\u00ea a Nata\u00e7\u00e3o","url":"https:\/\/swimchannel.net\/br\/","logo":{"@type":"ImageObject","inLanguage":"pt-BR","@id":"https:\/\/swimchannel.net\/br\/#\/schema\/logo\/image\/","url":"https:\/\/swimchannel.net\/br\/wp-content\/uploads\/2026\/02\/SWIM-CHANNEL.png","contentUrl":"https:\/\/swimchannel.net\/br\/wp-content\/uploads\/2026\/02\/SWIM-CHANNEL.png","width":1120,"height":630,"caption":"Swimchannel - Conectando voc\u00ea a Nata\u00e7\u00e3o"},"image":{"@id":"https:\/\/swimchannel.net\/br\/#\/schema\/logo\/image\/"},"sameAs":["https:\/\/www.facebook.com\/swimchannel","https:\/\/www.instagram.com\/swimchannel"]},{"@type":"Person","@id":"https:\/\/swimchannel.net\/br\/#\/schema\/person\/cf549cb99cf75592fcf7c76213385e63","name":"Alex Pussieldi","image":{"@type":"ImageObject","inLanguage":"pt-BR","@id":"https:\/\/swimchannel.net\/br\/#\/schema\/person\/image\/","url":"https:\/\/swimchannel.net\/br\/wp-content\/uploads\/2021\/02\/9b1c252d-a4bd-4eda-b399-24565cac4114-100x100.jpg","contentUrl":"https:\/\/swimchannel.net\/br\/wp-content\/uploads\/2021\/02\/9b1c252d-a4bd-4eda-b399-24565cac4114-100x100.jpg","caption":"Alex Pussieldi"},"description":"Alexandre Pussieldi, apelidado de \u201ccoach\u201d, Foi t\u00e9cnico da sele\u00e7\u00e3o verde e amarela nas Olimp\u00edadas de Pequim-2008 e Londres-2012. O treinador ainda comandou outros quatro pa\u00edses: Kuwait, Paraguai, Aruba e Antilhas Holandesas, al\u00e9m da sele\u00e7\u00e3o americana de \u00e1guas abertas. Pussieldi tem passagens como comentarista de nata\u00e7\u00e3o do Grupo Globo e Swim Channel.","url":"https:\/\/swimchannel.net\/br\/author\/alexpussieldi\/"}]}},"_links":{"self":[{"href":"https:\/\/swimchannel.net\/br\/wp-json\/wp\/v2\/posts\/74808","targetHints":{"allow":["GET"]}}],"collection":[{"href":"https:\/\/swimchannel.net\/br\/wp-json\/wp\/v2\/posts"}],"about":[{"href":"https:\/\/swimchannel.net\/br\/wp-json\/wp\/v2\/types\/post"}],"author":[{"embeddable":true,"href":"https:\/\/swimchannel.net\/br\/wp-json\/wp\/v2\/users\/12"}],"replies":[{"embeddable":true,"href":"https:\/\/swimchannel.net\/br\/wp-json\/wp\/v2\/comments?post=74808"}],"version-history":[{"count":1,"href":"https:\/\/swimchannel.net\/br\/wp-json\/wp\/v2\/posts\/74808\/revisions"}],"predecessor-version":[{"id":74812,"href":"https:\/\/swimchannel.net\/br\/wp-json\/wp\/v2\/posts\/74808\/revisions\/74812"}],"wp:featuredmedia":[{"embeddable":true,"href":"https:\/\/swimchannel.net\/br\/wp-json\/wp\/v2\/media\/74811"}],"wp:attachment":[{"href":"https:\/\/swimchannel.net\/br\/wp-json\/wp\/v2\/media?parent=74808"}],"wp:term":[{"taxonomy":"category","embeddable":true,"href":"https:\/\/swimchannel.net\/br\/wp-json\/wp\/v2\/categories?post=74808"},{"taxonomy":"post_tag","embeddable":true,"href":"https:\/\/swimchannel.net\/br\/wp-json\/wp\/v2\/tags?post=74808"}],"curies":[{"name":"wp","href":"https:\/\/api.w.org\/{rel}","templated":true}]}}