{"id":74826,"date":"2025-07-13T19:37:50","date_gmt":"2025-07-13T22:37:50","guid":{"rendered":"https:\/\/swimchannel.net\/br\/?p=74826"},"modified":"2025-07-13T19:37:50","modified_gmt":"2025-07-13T22:37:50","slug":"ana-marcela-cunha-todos-os-seus-mundiais-todas-as-suas-medalhas","status":"publish","type":"post","link":"https:\/\/swimchannel.net\/br\/ana-marcela-cunha-todos-os-seus-mundiais-todas-as-suas-medalhas\/","title":{"rendered":"Ana Marcela Cunha: todos os seus Mundiais, todas as suas medalhas"},"content":{"rendered":"<p>Na v\u00e9spera do in\u00edcio do Campeonato Mundial dos Esportes Aqu\u00e1ticos de Singapura, onde ela vai ampliar ainda mais a sua lideran\u00e7a e recorde de participa\u00e7\u00f5es e possibilidade de medalhas, apresentamos a lista de participa\u00e7\u00f5es e resultados de Ana Marcela Cunha em Mundiais:<\/p>\n<p>2006, Napoles, It\u00e1lia, Mundial de \u00c1guas Abertas<br \/>\n11o 10K<\/p>\n<p>2007, Melbourne, Austr\u00e1lia, Mundial dos Esportes Aqu\u00e1ticos<br \/>\n26o 10K<\/p>\n<p>2008, Sevilla, Espanha, Mundial de \u00c1guas Abertas<br \/>\n10o 10K<\/p>\n<p>2009, Roma, It\u00e1lia, Mundial dos Esportes Aqu\u00e1ticos<br \/>\n22o 10K<\/p>\n<figure id=\"attachment_133\" aria-describedby=\"caption-attachment-133\" style=\"width: 1024px\" class=\"wp-caption alignnone\"><img loading=\"lazy\" decoding=\"async\" class=\"size-large wp-image-133\" src=\"https:\/\/swimchannel.net\/br\/wp-content\/uploads\/2015\/07\/A71Q2947-1024x683.jpg\" alt=\"\" width=\"1024\" height=\"683\" srcset=\"https:\/\/swimchannel.net\/br\/wp-content\/uploads\/2015\/07\/A71Q2947-1024x683.jpg 1024w, https:\/\/swimchannel.net\/br\/wp-content\/uploads\/2015\/07\/A71Q2947-600x400.jpg 600w, https:\/\/swimchannel.net\/br\/wp-content\/uploads\/2015\/07\/A71Q2947-300x200.jpg 300w, https:\/\/swimchannel.net\/br\/wp-content\/uploads\/2015\/07\/A71Q2947-768x512.jpg 768w\" sizes=\"auto, (max-width: 1024px) 100vw, 1024px\" \/><figcaption id=\"caption-attachment-133\" class=\"wp-caption-text\">Ana Marcela Cunha \u00c3\u00a9 bronze em Kazan &#8211; Foto: Satiro Sodr\u00c3\u00a9\/SS Press<\/figcaption><\/figure>\n<p>2010, Roberval, Canad\u00e1, Mundial de \u00c1guas Abertas<br \/>\n3o 5K<br \/>\n6o 10K<\/p>\n<p>2011, Shanghai, China, Mundial dos Esportes Aqu\u00e1ticos<br \/>\n7o 5K<br \/>\n11o 10K<br \/>\n1o 25K<\/p>\n<p>2013, Barcelona, Espanha, Mundial dos Esportes Aqu\u00e1ticos<br \/>\n3o 5K<br \/>\n2o 10K<br \/>\n5o 25K<\/p>\n<p>2015, Kazan, R\u00fassia, Mundial dos Esportes Aqu\u00e1ticos<br \/>\n3o 10K<br \/>\n1o 25K<br \/>\n2o Revezamento<\/p>\n<figure id=\"attachment_4127\" aria-describedby=\"caption-attachment-4127\" style=\"width: 1024px\" class=\"wp-caption alignnone\"><img loading=\"lazy\" decoding=\"async\" class=\"size-large wp-image-4127\" src=\"https:\/\/swimchannel.net\/br\/wp-content\/uploads\/2017\/07\/A71Q0069-1024x683.jpg\" alt=\"\" width=\"1024\" height=\"683\" srcset=\"https:\/\/swimchannel.net\/br\/wp-content\/uploads\/2017\/07\/A71Q0069-1024x683.jpg 1024w, https:\/\/swimchannel.net\/br\/wp-content\/uploads\/2017\/07\/A71Q0069-600x400.jpg 600w, https:\/\/swimchannel.net\/br\/wp-content\/uploads\/2017\/07\/A71Q0069-300x200.jpg 300w, https:\/\/swimchannel.net\/br\/wp-content\/uploads\/2017\/07\/A71Q0069-768x512.jpg 768w\" sizes=\"auto, (max-width: 1024px) 100vw, 1024px\" \/><figcaption id=\"caption-attachment-4127\" class=\"wp-caption-text\">Ana Marcela Cunha: tr\u00eas medalhas em 2015 (foto: Satiro Sodr\u00e9\/SSPress)<\/figcaption><\/figure>\n<p>2017, Budapeste, Hungria, Mundial dos Esportes Aqu\u00e1ticos<br \/>\n3o 5K<br \/>\n3o 10K<br \/>\n1o 25K<br \/>\n6o Revezamento<\/p>\n<p>2019, Gwangju, Coreia do Sul, Mundial dos Esportes Aqu\u00e1ticos<br \/>\n1o 5K<br \/>\n5o 10K<br \/>\n1o 25K<br \/>\n4o Revezamento<\/p>\n<p>2022, Budapeste, Hungria, Mundial dos Esportes Aqu\u00e1ticos<br \/>\n1o 5K<br \/>\n3o 10K<br \/>\n1o 25K<\/p>\n<figure id=\"attachment_4273\" aria-describedby=\"caption-attachment-4273\" style=\"width: 1024px\" class=\"wp-caption alignnone\"><img loading=\"lazy\" decoding=\"async\" class=\"size-large wp-image-4273\" src=\"https:\/\/swimchannel.net\/br\/wp-content\/uploads\/2017\/07\/A71Q9677-1024x683.jpg\" alt=\"\" width=\"1024\" height=\"683\" srcset=\"https:\/\/swimchannel.net\/br\/wp-content\/uploads\/2017\/07\/A71Q9677-1024x683.jpg 1024w, https:\/\/swimchannel.net\/br\/wp-content\/uploads\/2017\/07\/A71Q9677-600x400.jpg 600w, https:\/\/swimchannel.net\/br\/wp-content\/uploads\/2017\/07\/A71Q9677-768x512.jpg 768w, https:\/\/swimchannel.net\/br\/wp-content\/uploads\/2017\/07\/A71Q9677-300x200.jpg 300w\" sizes=\"auto, (max-width: 1024px) 100vw, 1024px\" \/><figcaption id=\"caption-attachment-4273\" class=\"wp-caption-text\">Ana Marcela. Campeonato Mundial de Desportos Aquaticos. Lake Balaton. 21 de Julho de 2017, Budapeste, Hungria. Foto: Satiro Sodr\u00e9\/SSPress\/CBDA<\/figcaption><\/figure>\n<p>2023, Fukuoka, Jap\u00e3o, Mundial dos Esportes Aqu\u00e1ticos<br \/>\n3o 5K<br \/>\n5o 10K<br \/>\n6o Revezamento<\/p>\n<p>2024, Doha, Catar, Mundial dos Esportes Aqu\u00e1ticos<br \/>\n3o 5K<br \/>\n4o 10K<br \/>\n8o Revezamento<\/p>\n<p>&nbsp;<\/p>\n<p>Gostaria de receber as not\u00edcias de nata\u00e7\u00e3o e \u00e1guas abertas no seu email?<\/p>\n<p><a href=\"https:\/\/lpa.nitro.news\/n-GNe\/ultimas-noticias-swim-channel\">Cadastre-se aqui<\/a><\/p>\n","protected":false},"excerpt":{"rendered":"<p>Na v\u00e9spera do in\u00edcio do Campeonato Mundial dos Esportes Aqu\u00e1ticos de Singapura, onde ela vai ampliar ainda mais a sua lideran\u00e7a e recorde de participa\u00e7\u00f5es e possibilidade de medalhas, apresentamos a lista de participa\u00e7\u00f5es e resultados de Ana Marcela Cunha em Mundiais: 2006, Napoles, It\u00e1lia, Mundial de \u00c1guas Abertas 11o 10K 2007, Melbourne, Austr\u00e1lia, Mundial [&hellip;]<\/p>\n","protected":false},"author":12,"featured_media":18225,"comment_status":"open","ping_status":"open","sticky":false,"template":"","format":"gallery","meta":{"footnotes":""},"categories":[58],"tags":[14,47,44,5],"class_list":["post-74826","post","type-post","status-publish","format-gallery","has-post-thumbnail","hentry","category-campeonato-mundial","tag-aguas-abertas","tag-ana-marcela-cunha","tag-campeonato-mundial","tag-natacao","post_format-post-format-gallery"],"yoast_head":"<!-- This site is optimized with the Yoast SEO plugin v27.0 - https:\/\/yoast.com\/product\/yoast-seo-wordpress\/ -->\n<title>Ana Marcela Cunha: todos os seus Mundiais, todas as suas medalhas - Swimchannel<\/title>\n<meta name=\"robots\" content=\"index, follow, max-snippet:-1, max-image-preview:large, max-video-preview:-1\" \/>\n<link rel=\"canonical\" href=\"https:\/\/swimchannel.net\/br\/ana-marcela-cunha-todos-os-seus-mundiais-todas-as-suas-medalhas\/\" \/>\n<meta property=\"og:locale\" content=\"pt_BR\" \/>\n<meta property=\"og:type\" content=\"article\" \/>\n<meta property=\"og:title\" content=\"Ana Marcela Cunha: todos os seus Mundiais, todas as suas medalhas - Swimchannel\" \/>\n<meta property=\"og:description\" content=\"Na v\u00e9spera do in\u00edcio do Campeonato Mundial dos Esportes Aqu\u00e1ticos de Singapura, onde ela vai ampliar ainda mais a sua lideran\u00e7a e recorde de participa\u00e7\u00f5es e possibilidade de medalhas, apresentamos a lista de participa\u00e7\u00f5es e resultados de Ana Marcela Cunha em Mundiais: 2006, Napoles, It\u00e1lia, Mundial de \u00c1guas Abertas 11o 10K 2007, Melbourne, Austr\u00e1lia, Mundial [&hellip;]\" \/>\n<meta property=\"og:url\" content=\"https:\/\/swimchannel.net\/br\/ana-marcela-cunha-todos-os-seus-mundiais-todas-as-suas-medalhas\/\" \/>\n<meta property=\"og:site_name\" content=\"Swimchannel\" \/>\n<meta property=\"article:publisher\" content=\"https:\/\/www.facebook.com\/swimchannel\" \/>\n<meta property=\"article:published_time\" content=\"2025-07-13T22:37:50+00:00\" \/>\n<meta property=\"og:image\" content=\"https:\/\/swimchannel.net\/br\/wp-content\/uploads\/2019\/07\/anna2.jpg\" \/>\n\t<meta property=\"og:image:width\" content=\"1800\" \/>\n\t<meta property=\"og:image:height\" content=\"1200\" \/>\n\t<meta property=\"og:image:type\" content=\"image\/jpeg\" \/>\n<meta name=\"author\" content=\"Alex Pussieldi\" \/>\n<meta name=\"twitter:card\" content=\"summary_large_image\" \/>\n<meta name=\"twitter:label1\" content=\"Escrito por\" \/>\n\t<meta name=\"twitter:data1\" content=\"Alex Pussieldi\" \/>\n\t<meta name=\"twitter:label2\" content=\"Est. tempo de leitura\" \/>\n\t<meta name=\"twitter:data2\" content=\"1 minuto\" \/>\n<script type=\"application\/ld+json\" class=\"yoast-schema-graph\">{\"@context\":\"https:\/\/schema.org\",\"@graph\":[{\"@type\":\"Article\",\"@id\":\"https:\/\/swimchannel.net\/br\/ana-marcela-cunha-todos-os-seus-mundiais-todas-as-suas-medalhas\/#article\",\"isPartOf\":{\"@id\":\"https:\/\/swimchannel.net\/br\/ana-marcela-cunha-todos-os-seus-mundiais-todas-as-suas-medalhas\/\"},\"author\":{\"name\":\"Alex Pussieldi\",\"@id\":\"https:\/\/swimchannel.net\/br\/#\/schema\/person\/cf549cb99cf75592fcf7c76213385e63\"},\"headline\":\"Ana Marcela Cunha: todos os seus Mundiais, todas as suas medalhas\",\"datePublished\":\"2025-07-13T22:37:50+00:00\",\"mainEntityOfPage\":{\"@id\":\"https:\/\/swimchannel.net\/br\/ana-marcela-cunha-todos-os-seus-mundiais-todas-as-suas-medalhas\/\"},\"wordCount\":299,\"commentCount\":0,\"publisher\":{\"@id\":\"https:\/\/swimchannel.net\/br\/#organization\"},\"image\":{\"@id\":\"https:\/\/swimchannel.net\/br\/ana-marcela-cunha-todos-os-seus-mundiais-todas-as-suas-medalhas\/#primaryimage\"},\"thumbnailUrl\":\"https:\/\/swimchannel.net\/br\/wp-content\/uploads\/2019\/07\/anna2.jpg\",\"keywords\":[\"\u00c1guas abertas\",\"Ana Marcela Cunha\",\"Campeonato Mundial\",\"natacao\"],\"articleSection\":[\"Campeonato Mundial\"],\"inLanguage\":\"pt-BR\",\"potentialAction\":[{\"@type\":\"CommentAction\",\"name\":\"Comment\",\"target\":[\"https:\/\/swimchannel.net\/br\/ana-marcela-cunha-todos-os-seus-mundiais-todas-as-suas-medalhas\/#respond\"]}]},{\"@type\":\"WebPage\",\"@id\":\"https:\/\/swimchannel.net\/br\/ana-marcela-cunha-todos-os-seus-mundiais-todas-as-suas-medalhas\/\",\"url\":\"https:\/\/swimchannel.net\/br\/ana-marcela-cunha-todos-os-seus-mundiais-todas-as-suas-medalhas\/\",\"name\":\"Ana Marcela Cunha: todos os seus Mundiais, todas as suas medalhas - Swimchannel\",\"isPartOf\":{\"@id\":\"https:\/\/swimchannel.net\/br\/#website\"},\"primaryImageOfPage\":{\"@id\":\"https:\/\/swimchannel.net\/br\/ana-marcela-cunha-todos-os-seus-mundiais-todas-as-suas-medalhas\/#primaryimage\"},\"image\":{\"@id\":\"https:\/\/swimchannel.net\/br\/ana-marcela-cunha-todos-os-seus-mundiais-todas-as-suas-medalhas\/#primaryimage\"},\"thumbnailUrl\":\"https:\/\/swimchannel.net\/br\/wp-content\/uploads\/2019\/07\/anna2.jpg\",\"datePublished\":\"2025-07-13T22:37:50+00:00\",\"breadcrumb\":{\"@id\":\"https:\/\/swimchannel.net\/br\/ana-marcela-cunha-todos-os-seus-mundiais-todas-as-suas-medalhas\/#breadcrumb\"},\"inLanguage\":\"pt-BR\",\"potentialAction\":[{\"@type\":\"ReadAction\",\"target\":[\"https:\/\/swimchannel.net\/br\/ana-marcela-cunha-todos-os-seus-mundiais-todas-as-suas-medalhas\/\"]}]},{\"@type\":\"ImageObject\",\"inLanguage\":\"pt-BR\",\"@id\":\"https:\/\/swimchannel.net\/br\/ana-marcela-cunha-todos-os-seus-mundiais-todas-as-suas-medalhas\/#primaryimage\",\"url\":\"https:\/\/swimchannel.net\/br\/wp-content\/uploads\/2019\/07\/anna2.jpg\",\"contentUrl\":\"https:\/\/swimchannel.net\/br\/wp-content\/uploads\/2019\/07\/anna2.jpg\",\"width\":1800,\"height\":1200,\"caption\":\"Ana Marcela Cunha - Foto: Satiro Sodr\u00e9\"},{\"@type\":\"BreadcrumbList\",\"@id\":\"https:\/\/swimchannel.net\/br\/ana-marcela-cunha-todos-os-seus-mundiais-todas-as-suas-medalhas\/#breadcrumb\",\"itemListElement\":[{\"@type\":\"ListItem\",\"position\":1,\"name\":\"Home\",\"item\":\"https:\/\/swimchannel.net\/br\/\"},{\"@type\":\"ListItem\",\"position\":2,\"name\":\"Ana Marcela Cunha: todos os seus Mundiais, todas as suas medalhas\"}]},{\"@type\":\"WebSite\",\"@id\":\"https:\/\/swimchannel.net\/br\/#website\",\"url\":\"https:\/\/swimchannel.net\/br\/\",\"name\":\"Swimchannel\",\"description\":\"Maior portal de nata\u00e7\u00e3o da america latina\",\"publisher\":{\"@id\":\"https:\/\/swimchannel.net\/br\/#organization\"},\"potentialAction\":[{\"@type\":\"SearchAction\",\"target\":{\"@type\":\"EntryPoint\",\"urlTemplate\":\"https:\/\/swimchannel.net\/br\/?s={search_term_string}\"},\"query-input\":{\"@type\":\"PropertyValueSpecification\",\"valueRequired\":true,\"valueName\":\"search_term_string\"}}],\"inLanguage\":\"pt-BR\"},{\"@type\":\"Organization\",\"@id\":\"https:\/\/swimchannel.net\/br\/#organization\",\"name\":\"Swimchannel - Conectando voc\u00ea a Nata\u00e7\u00e3o\",\"url\":\"https:\/\/swimchannel.net\/br\/\",\"logo\":{\"@type\":\"ImageObject\",\"inLanguage\":\"pt-BR\",\"@id\":\"https:\/\/swimchannel.net\/br\/#\/schema\/logo\/image\/\",\"url\":\"https:\/\/swimchannel.net\/br\/wp-content\/uploads\/2026\/02\/SWIM-CHANNEL.png\",\"contentUrl\":\"https:\/\/swimchannel.net\/br\/wp-content\/uploads\/2026\/02\/SWIM-CHANNEL.png\",\"width\":1120,\"height\":630,\"caption\":\"Swimchannel - Conectando voc\u00ea a Nata\u00e7\u00e3o\"},\"image\":{\"@id\":\"https:\/\/swimchannel.net\/br\/#\/schema\/logo\/image\/\"},\"sameAs\":[\"https:\/\/www.facebook.com\/swimchannel\",\"https:\/\/www.instagram.com\/swimchannel\"]},{\"@type\":\"Person\",\"@id\":\"https:\/\/swimchannel.net\/br\/#\/schema\/person\/cf549cb99cf75592fcf7c76213385e63\",\"name\":\"Alex Pussieldi\",\"image\":{\"@type\":\"ImageObject\",\"inLanguage\":\"pt-BR\",\"@id\":\"https:\/\/swimchannel.net\/br\/#\/schema\/person\/image\/\",\"url\":\"https:\/\/swimchannel.net\/br\/wp-content\/uploads\/2021\/02\/9b1c252d-a4bd-4eda-b399-24565cac4114-100x100.jpg\",\"contentUrl\":\"https:\/\/swimchannel.net\/br\/wp-content\/uploads\/2021\/02\/9b1c252d-a4bd-4eda-b399-24565cac4114-100x100.jpg\",\"caption\":\"Alex Pussieldi\"},\"description\":\"Alexandre Pussieldi, apelidado de \u201ccoach\u201d, Foi t\u00e9cnico da sele\u00e7\u00e3o verde e amarela nas Olimp\u00edadas de Pequim-2008 e Londres-2012. O treinador ainda comandou outros quatro pa\u00edses: Kuwait, Paraguai, Aruba e Antilhas Holandesas, al\u00e9m da sele\u00e7\u00e3o americana de \u00e1guas abertas. Pussieldi tem passagens como comentarista de nata\u00e7\u00e3o do Grupo Globo e Swim Channel.\",\"url\":\"https:\/\/swimchannel.net\/br\/author\/alexpussieldi\/\"}]}<\/script>\n<!-- \/ Yoast SEO plugin. -->","yoast_head_json":{"title":"Ana Marcela Cunha: todos os seus Mundiais, todas as suas medalhas - Swimchannel","robots":{"index":"index","follow":"follow","max-snippet":"max-snippet:-1","max-image-preview":"max-image-preview:large","max-video-preview":"max-video-preview:-1"},"canonical":"https:\/\/swimchannel.net\/br\/ana-marcela-cunha-todos-os-seus-mundiais-todas-as-suas-medalhas\/","og_locale":"pt_BR","og_type":"article","og_title":"Ana Marcela Cunha: todos os seus Mundiais, todas as suas medalhas - Swimchannel","og_description":"Na v\u00e9spera do in\u00edcio do Campeonato Mundial dos Esportes Aqu\u00e1ticos de Singapura, onde ela vai ampliar ainda mais a sua lideran\u00e7a e recorde de participa\u00e7\u00f5es e possibilidade de medalhas, apresentamos a lista de participa\u00e7\u00f5es e resultados de Ana Marcela Cunha em Mundiais: 2006, Napoles, It\u00e1lia, Mundial de \u00c1guas Abertas 11o 10K 2007, Melbourne, Austr\u00e1lia, Mundial [&hellip;]","og_url":"https:\/\/swimchannel.net\/br\/ana-marcela-cunha-todos-os-seus-mundiais-todas-as-suas-medalhas\/","og_site_name":"Swimchannel","article_publisher":"https:\/\/www.facebook.com\/swimchannel","article_published_time":"2025-07-13T22:37:50+00:00","og_image":[{"width":1800,"height":1200,"url":"https:\/\/swimchannel.net\/br\/wp-content\/uploads\/2019\/07\/anna2.jpg","type":"image\/jpeg"}],"author":"Alex Pussieldi","twitter_card":"summary_large_image","twitter_misc":{"Escrito por":"Alex Pussieldi","Est. tempo de leitura":"1 minuto"},"schema":{"@context":"https:\/\/schema.org","@graph":[{"@type":"Article","@id":"https:\/\/swimchannel.net\/br\/ana-marcela-cunha-todos-os-seus-mundiais-todas-as-suas-medalhas\/#article","isPartOf":{"@id":"https:\/\/swimchannel.net\/br\/ana-marcela-cunha-todos-os-seus-mundiais-todas-as-suas-medalhas\/"},"author":{"name":"Alex Pussieldi","@id":"https:\/\/swimchannel.net\/br\/#\/schema\/person\/cf549cb99cf75592fcf7c76213385e63"},"headline":"Ana Marcela Cunha: todos os seus Mundiais, todas as suas medalhas","datePublished":"2025-07-13T22:37:50+00:00","mainEntityOfPage":{"@id":"https:\/\/swimchannel.net\/br\/ana-marcela-cunha-todos-os-seus-mundiais-todas-as-suas-medalhas\/"},"wordCount":299,"commentCount":0,"publisher":{"@id":"https:\/\/swimchannel.net\/br\/#organization"},"image":{"@id":"https:\/\/swimchannel.net\/br\/ana-marcela-cunha-todos-os-seus-mundiais-todas-as-suas-medalhas\/#primaryimage"},"thumbnailUrl":"https:\/\/swimchannel.net\/br\/wp-content\/uploads\/2019\/07\/anna2.jpg","keywords":["\u00c1guas abertas","Ana Marcela Cunha","Campeonato Mundial","natacao"],"articleSection":["Campeonato Mundial"],"inLanguage":"pt-BR","potentialAction":[{"@type":"CommentAction","name":"Comment","target":["https:\/\/swimchannel.net\/br\/ana-marcela-cunha-todos-os-seus-mundiais-todas-as-suas-medalhas\/#respond"]}]},{"@type":"WebPage","@id":"https:\/\/swimchannel.net\/br\/ana-marcela-cunha-todos-os-seus-mundiais-todas-as-suas-medalhas\/","url":"https:\/\/swimchannel.net\/br\/ana-marcela-cunha-todos-os-seus-mundiais-todas-as-suas-medalhas\/","name":"Ana Marcela Cunha: todos os seus Mundiais, todas as suas medalhas - Swimchannel","isPartOf":{"@id":"https:\/\/swimchannel.net\/br\/#website"},"primaryImageOfPage":{"@id":"https:\/\/swimchannel.net\/br\/ana-marcela-cunha-todos-os-seus-mundiais-todas-as-suas-medalhas\/#primaryimage"},"image":{"@id":"https:\/\/swimchannel.net\/br\/ana-marcela-cunha-todos-os-seus-mundiais-todas-as-suas-medalhas\/#primaryimage"},"thumbnailUrl":"https:\/\/swimchannel.net\/br\/wp-content\/uploads\/2019\/07\/anna2.jpg","datePublished":"2025-07-13T22:37:50+00:00","breadcrumb":{"@id":"https:\/\/swimchannel.net\/br\/ana-marcela-cunha-todos-os-seus-mundiais-todas-as-suas-medalhas\/#breadcrumb"},"inLanguage":"pt-BR","potentialAction":[{"@type":"ReadAction","target":["https:\/\/swimchannel.net\/br\/ana-marcela-cunha-todos-os-seus-mundiais-todas-as-suas-medalhas\/"]}]},{"@type":"ImageObject","inLanguage":"pt-BR","@id":"https:\/\/swimchannel.net\/br\/ana-marcela-cunha-todos-os-seus-mundiais-todas-as-suas-medalhas\/#primaryimage","url":"https:\/\/swimchannel.net\/br\/wp-content\/uploads\/2019\/07\/anna2.jpg","contentUrl":"https:\/\/swimchannel.net\/br\/wp-content\/uploads\/2019\/07\/anna2.jpg","width":1800,"height":1200,"caption":"Ana Marcela Cunha - Foto: Satiro Sodr\u00e9"},{"@type":"BreadcrumbList","@id":"https:\/\/swimchannel.net\/br\/ana-marcela-cunha-todos-os-seus-mundiais-todas-as-suas-medalhas\/#breadcrumb","itemListElement":[{"@type":"ListItem","position":1,"name":"Home","item":"https:\/\/swimchannel.net\/br\/"},{"@type":"ListItem","position":2,"name":"Ana Marcela Cunha: todos os seus Mundiais, todas as suas medalhas"}]},{"@type":"WebSite","@id":"https:\/\/swimchannel.net\/br\/#website","url":"https:\/\/swimchannel.net\/br\/","name":"Swimchannel","description":"Maior portal de nata\u00e7\u00e3o da america latina","publisher":{"@id":"https:\/\/swimchannel.net\/br\/#organization"},"potentialAction":[{"@type":"SearchAction","target":{"@type":"EntryPoint","urlTemplate":"https:\/\/swimchannel.net\/br\/?s={search_term_string}"},"query-input":{"@type":"PropertyValueSpecification","valueRequired":true,"valueName":"search_term_string"}}],"inLanguage":"pt-BR"},{"@type":"Organization","@id":"https:\/\/swimchannel.net\/br\/#organization","name":"Swimchannel - Conectando voc\u00ea a Nata\u00e7\u00e3o","url":"https:\/\/swimchannel.net\/br\/","logo":{"@type":"ImageObject","inLanguage":"pt-BR","@id":"https:\/\/swimchannel.net\/br\/#\/schema\/logo\/image\/","url":"https:\/\/swimchannel.net\/br\/wp-content\/uploads\/2026\/02\/SWIM-CHANNEL.png","contentUrl":"https:\/\/swimchannel.net\/br\/wp-content\/uploads\/2026\/02\/SWIM-CHANNEL.png","width":1120,"height":630,"caption":"Swimchannel - Conectando voc\u00ea a Nata\u00e7\u00e3o"},"image":{"@id":"https:\/\/swimchannel.net\/br\/#\/schema\/logo\/image\/"},"sameAs":["https:\/\/www.facebook.com\/swimchannel","https:\/\/www.instagram.com\/swimchannel"]},{"@type":"Person","@id":"https:\/\/swimchannel.net\/br\/#\/schema\/person\/cf549cb99cf75592fcf7c76213385e63","name":"Alex Pussieldi","image":{"@type":"ImageObject","inLanguage":"pt-BR","@id":"https:\/\/swimchannel.net\/br\/#\/schema\/person\/image\/","url":"https:\/\/swimchannel.net\/br\/wp-content\/uploads\/2021\/02\/9b1c252d-a4bd-4eda-b399-24565cac4114-100x100.jpg","contentUrl":"https:\/\/swimchannel.net\/br\/wp-content\/uploads\/2021\/02\/9b1c252d-a4bd-4eda-b399-24565cac4114-100x100.jpg","caption":"Alex Pussieldi"},"description":"Alexandre Pussieldi, apelidado de \u201ccoach\u201d, Foi t\u00e9cnico da sele\u00e7\u00e3o verde e amarela nas Olimp\u00edadas de Pequim-2008 e Londres-2012. O treinador ainda comandou outros quatro pa\u00edses: Kuwait, Paraguai, Aruba e Antilhas Holandesas, al\u00e9m da sele\u00e7\u00e3o americana de \u00e1guas abertas. Pussieldi tem passagens como comentarista de nata\u00e7\u00e3o do Grupo Globo e Swim Channel.","url":"https:\/\/swimchannel.net\/br\/author\/alexpussieldi\/"}]}},"_links":{"self":[{"href":"https:\/\/swimchannel.net\/br\/wp-json\/wp\/v2\/posts\/74826","targetHints":{"allow":["GET"]}}],"collection":[{"href":"https:\/\/swimchannel.net\/br\/wp-json\/wp\/v2\/posts"}],"about":[{"href":"https:\/\/swimchannel.net\/br\/wp-json\/wp\/v2\/types\/post"}],"author":[{"embeddable":true,"href":"https:\/\/swimchannel.net\/br\/wp-json\/wp\/v2\/users\/12"}],"replies":[{"embeddable":true,"href":"https:\/\/swimchannel.net\/br\/wp-json\/wp\/v2\/comments?post=74826"}],"version-history":[{"count":1,"href":"https:\/\/swimchannel.net\/br\/wp-json\/wp\/v2\/posts\/74826\/revisions"}],"predecessor-version":[{"id":74827,"href":"https:\/\/swimchannel.net\/br\/wp-json\/wp\/v2\/posts\/74826\/revisions\/74827"}],"wp:featuredmedia":[{"embeddable":true,"href":"https:\/\/swimchannel.net\/br\/wp-json\/wp\/v2\/media\/18225"}],"wp:attachment":[{"href":"https:\/\/swimchannel.net\/br\/wp-json\/wp\/v2\/media?parent=74826"}],"wp:term":[{"taxonomy":"category","embeddable":true,"href":"https:\/\/swimchannel.net\/br\/wp-json\/wp\/v2\/categories?post=74826"},{"taxonomy":"post_tag","embeddable":true,"href":"https:\/\/swimchannel.net\/br\/wp-json\/wp\/v2\/tags?post=74826"}],"curies":[{"name":"wp","href":"https:\/\/api.w.org\/{rel}","templated":true}]}}