{"id":75027,"date":"2025-07-22T12:30:28","date_gmt":"2025-07-22T15:30:28","guid":{"rendered":"https:\/\/swimchannel.net\/br\/?p=75027"},"modified":"2025-07-22T12:30:28","modified_gmt":"2025-07-22T15:30:28","slug":"polo-masculino-fecha-mundial-em-12o-lugar","status":"publish","type":"post","link":"https:\/\/swimchannel.net\/br\/polo-masculino-fecha-mundial-em-12o-lugar\/","title":{"rendered":"Polo masculino fecha Mundial em 12\u00ba lugar"},"content":{"rendered":"<p>Texto retirado do site da Confedera\u00e7\u00e3o Brasileira de Desportos Aqu\u00e1ticos (CBDA). Texto original dispon\u00edvel em: <a href=\"https:\/\/www.cbda.org.br\/noticia\/21163\/polo-masculino-fecha-mundial-em-12-e-repete-melhor-campanha-desde-o-kazan-2015\" target=\"_blank\" rel=\"noopener\">https:\/\/www.cbda.org.br\/noticia\/21163\/polo-masculino-fecha-mundial-em-12-e-repete-melhor-campanha-desde-o-kazan-2015<\/a>.<\/p>\n<p>&#8212;&#8211;<\/p>\n<p><strong>(Singapura, 22 de julho de 2025)<span class=\"Apple-converted-space\">\u00a0<\/span><\/strong>\u00a0A sele\u00e7\u00e3o brasileira de Polo Aqu\u00e1tico foi superada pelo Canad\u00e1 na disputa pelo 11\u00ba lugar do Campeonato Mundial de Esportes Aqu\u00e1ticos. A partida, realizada na manh\u00e3 desta ter\u00e7a-feira (22), em Singapura, terminou em 16 a 11. O Brasil termina na 12\u00aa coloca\u00e7\u00e3o.<\/p>\n<p>Mesmo com a derrota desta ter\u00e7a-feira, o Brasil tem seu melhor resultado no Polo Aqu\u00e1tico masculino desde o Campeonato Mundial de Kazan, em 2015, quando terminou em 10\u00ba lugar. Em Budapeste 2017, a sele\u00e7\u00e3o brasileira tamb\u00e9m terminou na 12\u00aa coloca\u00e7\u00e3o.<\/p>\n<figure id=\"attachment_75029\" aria-describedby=\"caption-attachment-75029\" style=\"width: 1201px\" class=\"wp-caption alignnone\"><img loading=\"lazy\" decoding=\"async\" class=\"size-large wp-image-75029\" src=\"https:\/\/swimchannel.net\/br\/wp-content\/uploads\/2025\/07\/54670841178_37507ef5e0_k-1201x800.jpg\" alt=\"\" width=\"1201\" height=\"800\" srcset=\"https:\/\/swimchannel.net\/br\/wp-content\/uploads\/2025\/07\/54670841178_37507ef5e0_k-1201x800.jpg 1201w, https:\/\/swimchannel.net\/br\/wp-content\/uploads\/2025\/07\/54670841178_37507ef5e0_k-1013x675.jpg 1013w, https:\/\/swimchannel.net\/br\/wp-content\/uploads\/2025\/07\/54670841178_37507ef5e0_k-270x180.jpg 270w, https:\/\/swimchannel.net\/br\/wp-content\/uploads\/2025\/07\/54670841178_37507ef5e0_k-768x512.jpg 768w, https:\/\/swimchannel.net\/br\/wp-content\/uploads\/2025\/07\/54670841178_37507ef5e0_k-1536x1023.jpg 1536w, https:\/\/swimchannel.net\/br\/wp-content\/uploads\/2025\/07\/54670841178_37507ef5e0_k-750x500.jpg 750w, https:\/\/swimchannel.net\/br\/wp-content\/uploads\/2025\/07\/54670841178_37507ef5e0_k-1140x759.jpg 1140w, https:\/\/swimchannel.net\/br\/wp-content\/uploads\/2025\/07\/54670841178_37507ef5e0_k.jpg 1920w\" sizes=\"auto, (max-width: 1201px) 100vw, 1201px\" \/><figcaption id=\"caption-attachment-75029\" class=\"wp-caption-text\">Polo aqu\u00e1tico no Mundial de Singapura &#8211; Foto: Satiro Sodr\u00e9<\/figcaption><\/figure>\n<p>\u201c\u00c9 a constru\u00e7\u00e3o de um time, de um projeto focado no Pan de 2027. \u00c9 uma campanha boa, mas que nos deixa um gostinho de querer mais. Temos que levar o entendimento da competi\u00e7\u00e3o de alto n\u00edvel como essa. A intensidade, a maneira de jogar, os erros que n\u00e3o podemos cometer. Isso tiramos como li\u00e7\u00e3o para as pr\u00f3ximas temporadas\u201d, disse o treinador Thiago Batista.<\/p>\n<p><strong>O jogo<\/strong><\/p>\n<p>O Brasil come\u00e7ou a partida melhor do que o Canad\u00e1 e, principalmente, com um sistema defensivo bastante s\u00f3lido. No primeiro quarto, a equipe comandada por Thiago Batista parou o ataque canadense at\u00e9 o \u00faltimo minuto. No ataque, Grummy fez os dois primeiros gols brasileiros, que venceu o primeiro quarto por 3 a 1 &#8211; Marcos Paulo marcou o terceiro gol.<\/p>\n<figure id=\"attachment_75030\" aria-describedby=\"caption-attachment-75030\" style=\"width: 1200px\" class=\"wp-caption alignnone\"><img loading=\"lazy\" decoding=\"async\" class=\"size-large wp-image-75030\" src=\"https:\/\/swimchannel.net\/br\/wp-content\/uploads\/2025\/07\/54670940230_9ebe048f6b_k-1200x800.jpg\" alt=\"\" width=\"1200\" height=\"800\" srcset=\"https:\/\/swimchannel.net\/br\/wp-content\/uploads\/2025\/07\/54670940230_9ebe048f6b_k-1200x800.jpg 1200w, https:\/\/swimchannel.net\/br\/wp-content\/uploads\/2025\/07\/54670940230_9ebe048f6b_k-1013x675.jpg 1013w, https:\/\/swimchannel.net\/br\/wp-content\/uploads\/2025\/07\/54670940230_9ebe048f6b_k-270x180.jpg 270w, https:\/\/swimchannel.net\/br\/wp-content\/uploads\/2025\/07\/54670940230_9ebe048f6b_k-768x512.jpg 768w, https:\/\/swimchannel.net\/br\/wp-content\/uploads\/2025\/07\/54670940230_9ebe048f6b_k-1536x1024.jpg 1536w, https:\/\/swimchannel.net\/br\/wp-content\/uploads\/2025\/07\/54670940230_9ebe048f6b_k-750x500.jpg 750w, https:\/\/swimchannel.net\/br\/wp-content\/uploads\/2025\/07\/54670940230_9ebe048f6b_k-1140x760.jpg 1140w, https:\/\/swimchannel.net\/br\/wp-content\/uploads\/2025\/07\/54670940230_9ebe048f6b_k.jpg 2048w\" sizes=\"auto, (max-width: 1200px) 100vw, 1200px\" \/><figcaption id=\"caption-attachment-75030\" class=\"wp-caption-text\">Polo aqu\u00e1tico no Mundial de Singapura &#8211; Foto: Satiro Sodr\u00e9<\/figcaption><\/figure>\n<p>No segundo quarto, o Brasil aproveitou bem as jogadas com um a mais para marcar e ampliar.o placar. Rafael Vergara e Grummy marcaram. O Canad\u00e1, por\u00e9m, mostrou for\u00e7a e conseguiu passar pelo goleiro brasileiro deixando a partida empatada: 5 a 5.<\/p>\n<p>O Canad\u00e1 voltou do intervalo com o mesmo ritmo do fim do primeiro tempo. Os canadenses dominaram o jogo, viraram e ampliaram a vantagem no placar: 10 a 6. O time canadense seguiu melhor no \u00faltimo quarto e fechou o jogo em: 16 a 11.<\/p>\n<p>&nbsp;<\/p>\n<p>Gostaria de receber as not\u00edcias de nata\u00e7\u00e3o e \u00e1guas abertas no seu email?<\/p>\n<p><a href=\"https:\/\/lpa.nitro.news\/n-GNe\/ultimas-noticias-swim-channel\">Cadastre-se aqui<\/a><\/p>\n","protected":false},"excerpt":{"rendered":"<p>Texto retirado do site da Confedera\u00e7\u00e3o Brasileira de Desportos Aqu\u00e1ticos (CBDA). Texto original dispon\u00edvel em: https:\/\/www.cbda.org.br\/noticia\/21163\/polo-masculino-fecha-mundial-em-12-e-repete-melhor-campanha-desde-o-kazan-2015. &#8212;&#8211; (Singapura, 22 de julho de 2025)\u00a0\u00a0A sele\u00e7\u00e3o brasileira de Polo Aqu\u00e1tico foi superada pelo Canad\u00e1 na disputa pelo 11\u00ba lugar do Campeonato Mundial de Esportes Aqu\u00e1ticos. A partida, realizada na manh\u00e3 desta ter\u00e7a-feira (22), em Singapura, terminou em [&hellip;]<\/p>\n","protected":false},"author":3,"featured_media":75028,"comment_status":"open","ping_status":"open","sticky":false,"template":"","format":"gallery","meta":{"footnotes":""},"categories":[58],"tags":[44,5,2260,167,6526],"class_list":["post-75027","post","type-post","status-publish","format-gallery","has-post-thumbnail","hentry","category-campeonato-mundial","tag-campeonato-mundial","tag-natacao","tag-polo-aquatico","tag-selecao-brasileira","tag-singapura-2015","post_format-post-format-gallery"],"yoast_head":"<!-- This site is optimized with the Yoast SEO plugin v27.0 - https:\/\/yoast.com\/product\/yoast-seo-wordpress\/ -->\n<title>Polo masculino fecha Mundial em 12\u00ba lugar - Swimchannel<\/title>\n<meta name=\"robots\" content=\"index, follow, max-snippet:-1, max-image-preview:large, max-video-preview:-1\" \/>\n<link rel=\"canonical\" href=\"https:\/\/swimchannel.net\/br\/polo-masculino-fecha-mundial-em-12o-lugar\/\" \/>\n<meta property=\"og:locale\" content=\"pt_BR\" \/>\n<meta property=\"og:type\" content=\"article\" \/>\n<meta property=\"og:title\" content=\"Polo masculino fecha Mundial em 12\u00ba lugar - Swimchannel\" \/>\n<meta property=\"og:description\" content=\"Texto retirado do site da Confedera\u00e7\u00e3o Brasileira de Desportos Aqu\u00e1ticos (CBDA). Texto original dispon\u00edvel em: https:\/\/www.cbda.org.br\/noticia\/21163\/polo-masculino-fecha-mundial-em-12-e-repete-melhor-campanha-desde-o-kazan-2015. &#8212;&#8211; (Singapura, 22 de julho de 2025)\u00a0\u00a0A sele\u00e7\u00e3o brasileira de Polo Aqu\u00e1tico foi superada pelo Canad\u00e1 na disputa pelo 11\u00ba lugar do Campeonato Mundial de Esportes Aqu\u00e1ticos. A partida, realizada na manh\u00e3 desta ter\u00e7a-feira (22), em Singapura, terminou em [&hellip;]\" \/>\n<meta property=\"og:url\" content=\"https:\/\/swimchannel.net\/br\/polo-masculino-fecha-mundial-em-12o-lugar\/\" \/>\n<meta property=\"og:site_name\" content=\"Swimchannel\" \/>\n<meta property=\"article:publisher\" content=\"https:\/\/www.facebook.com\/swimchannel\" \/>\n<meta property=\"article:published_time\" content=\"2025-07-22T15:30:28+00:00\" \/>\n<meta property=\"og:image\" content=\"https:\/\/swimchannel.net\/br\/wp-content\/uploads\/2025\/07\/ntc_1753155601.jpg\" \/>\n\t<meta property=\"og:image:width\" content=\"1500\" \/>\n\t<meta property=\"og:image:height\" content=\"999\" \/>\n\t<meta property=\"og:image:type\" content=\"image\/jpeg\" \/>\n<meta name=\"author\" content=\"Guilherme Freitas\" \/>\n<meta name=\"twitter:card\" content=\"summary_large_image\" \/>\n<meta name=\"twitter:label1\" content=\"Escrito por\" \/>\n\t<meta name=\"twitter:data1\" content=\"Guilherme Freitas\" \/>\n\t<meta name=\"twitter:label2\" content=\"Est. tempo de leitura\" \/>\n\t<meta name=\"twitter:data2\" content=\"2 minutos\" \/>\n<script type=\"application\/ld+json\" class=\"yoast-schema-graph\">{\"@context\":\"https:\/\/schema.org\",\"@graph\":[{\"@type\":\"Article\",\"@id\":\"https:\/\/swimchannel.net\/br\/polo-masculino-fecha-mundial-em-12o-lugar\/#article\",\"isPartOf\":{\"@id\":\"https:\/\/swimchannel.net\/br\/polo-masculino-fecha-mundial-em-12o-lugar\/\"},\"author\":{\"name\":\"Guilherme Freitas\",\"@id\":\"https:\/\/swimchannel.net\/br\/#\/schema\/person\/aa2a63bab3275f53749a83276b213c48\"},\"headline\":\"Polo masculino fecha Mundial em 12\u00ba lugar\",\"datePublished\":\"2025-07-22T15:30:28+00:00\",\"mainEntityOfPage\":{\"@id\":\"https:\/\/swimchannel.net\/br\/polo-masculino-fecha-mundial-em-12o-lugar\/\"},\"wordCount\":386,\"commentCount\":0,\"publisher\":{\"@id\":\"https:\/\/swimchannel.net\/br\/#organization\"},\"image\":{\"@id\":\"https:\/\/swimchannel.net\/br\/polo-masculino-fecha-mundial-em-12o-lugar\/#primaryimage\"},\"thumbnailUrl\":\"https:\/\/swimchannel.net\/br\/wp-content\/uploads\/2025\/07\/ntc_1753155601.jpg\",\"keywords\":[\"Campeonato Mundial\",\"natacao\",\"polo aqu\u00e1tico\",\"sele\u00e7\u00e3o brasileira\",\"Singapura-2015\"],\"articleSection\":[\"Campeonato Mundial\"],\"inLanguage\":\"pt-BR\",\"potentialAction\":[{\"@type\":\"CommentAction\",\"name\":\"Comment\",\"target\":[\"https:\/\/swimchannel.net\/br\/polo-masculino-fecha-mundial-em-12o-lugar\/#respond\"]}]},{\"@type\":\"WebPage\",\"@id\":\"https:\/\/swimchannel.net\/br\/polo-masculino-fecha-mundial-em-12o-lugar\/\",\"url\":\"https:\/\/swimchannel.net\/br\/polo-masculino-fecha-mundial-em-12o-lugar\/\",\"name\":\"Polo masculino fecha Mundial em 12\u00ba lugar - Swimchannel\",\"isPartOf\":{\"@id\":\"https:\/\/swimchannel.net\/br\/#website\"},\"primaryImageOfPage\":{\"@id\":\"https:\/\/swimchannel.net\/br\/polo-masculino-fecha-mundial-em-12o-lugar\/#primaryimage\"},\"image\":{\"@id\":\"https:\/\/swimchannel.net\/br\/polo-masculino-fecha-mundial-em-12o-lugar\/#primaryimage\"},\"thumbnailUrl\":\"https:\/\/swimchannel.net\/br\/wp-content\/uploads\/2025\/07\/ntc_1753155601.jpg\",\"datePublished\":\"2025-07-22T15:30:28+00:00\",\"breadcrumb\":{\"@id\":\"https:\/\/swimchannel.net\/br\/polo-masculino-fecha-mundial-em-12o-lugar\/#breadcrumb\"},\"inLanguage\":\"pt-BR\",\"potentialAction\":[{\"@type\":\"ReadAction\",\"target\":[\"https:\/\/swimchannel.net\/br\/polo-masculino-fecha-mundial-em-12o-lugar\/\"]}]},{\"@type\":\"ImageObject\",\"inLanguage\":\"pt-BR\",\"@id\":\"https:\/\/swimchannel.net\/br\/polo-masculino-fecha-mundial-em-12o-lugar\/#primaryimage\",\"url\":\"https:\/\/swimchannel.net\/br\/wp-content\/uploads\/2025\/07\/ntc_1753155601.jpg\",\"contentUrl\":\"https:\/\/swimchannel.net\/br\/wp-content\/uploads\/2025\/07\/ntc_1753155601.jpg\",\"width\":1500,\"height\":999,\"caption\":\"Polo aqu\u00e1tico no Mundial de Singapura - Foto: Satiro Sodr\u00e9\"},{\"@type\":\"BreadcrumbList\",\"@id\":\"https:\/\/swimchannel.net\/br\/polo-masculino-fecha-mundial-em-12o-lugar\/#breadcrumb\",\"itemListElement\":[{\"@type\":\"ListItem\",\"position\":1,\"name\":\"Home\",\"item\":\"https:\/\/swimchannel.net\/br\/\"},{\"@type\":\"ListItem\",\"position\":2,\"name\":\"Polo masculino fecha Mundial em 12\u00ba lugar\"}]},{\"@type\":\"WebSite\",\"@id\":\"https:\/\/swimchannel.net\/br\/#website\",\"url\":\"https:\/\/swimchannel.net\/br\/\",\"name\":\"Swimchannel\",\"description\":\"Maior portal de nata\u00e7\u00e3o da america latina\",\"publisher\":{\"@id\":\"https:\/\/swimchannel.net\/br\/#organization\"},\"potentialAction\":[{\"@type\":\"SearchAction\",\"target\":{\"@type\":\"EntryPoint\",\"urlTemplate\":\"https:\/\/swimchannel.net\/br\/?s={search_term_string}\"},\"query-input\":{\"@type\":\"PropertyValueSpecification\",\"valueRequired\":true,\"valueName\":\"search_term_string\"}}],\"inLanguage\":\"pt-BR\"},{\"@type\":\"Organization\",\"@id\":\"https:\/\/swimchannel.net\/br\/#organization\",\"name\":\"Swimchannel - Conectando voc\u00ea a Nata\u00e7\u00e3o\",\"url\":\"https:\/\/swimchannel.net\/br\/\",\"logo\":{\"@type\":\"ImageObject\",\"inLanguage\":\"pt-BR\",\"@id\":\"https:\/\/swimchannel.net\/br\/#\/schema\/logo\/image\/\",\"url\":\"https:\/\/swimchannel.net\/br\/wp-content\/uploads\/2026\/02\/SWIM-CHANNEL.png\",\"contentUrl\":\"https:\/\/swimchannel.net\/br\/wp-content\/uploads\/2026\/02\/SWIM-CHANNEL.png\",\"width\":1120,\"height\":630,\"caption\":\"Swimchannel - Conectando voc\u00ea a Nata\u00e7\u00e3o\"},\"image\":{\"@id\":\"https:\/\/swimchannel.net\/br\/#\/schema\/logo\/image\/\"},\"sameAs\":[\"https:\/\/www.facebook.com\/swimchannel\",\"https:\/\/www.instagram.com\/swimchannel\"]},{\"@type\":\"Person\",\"@id\":\"https:\/\/swimchannel.net\/br\/#\/schema\/person\/aa2a63bab3275f53749a83276b213c48\",\"name\":\"Guilherme Freitas\",\"image\":{\"@type\":\"ImageObject\",\"inLanguage\":\"pt-BR\",\"@id\":\"https:\/\/swimchannel.net\/br\/#\/schema\/person\/image\/\",\"url\":\"https:\/\/swimchannel.net\/br\/wp-content\/uploads\/2025\/10\/gui22-193x180.png\",\"contentUrl\":\"https:\/\/swimchannel.net\/br\/wp-content\/uploads\/2025\/10\/gui22-193x180.png\",\"caption\":\"Guilherme Freitas\"},\"description\":\"Jornalista s\u00eanior da SWIM CHANNEL, ex-correspondente da FINA no Brasil e pesquisador acad\u00eamico.\",\"sameAs\":[\"instagram.com\/guifreitas86\"],\"url\":\"https:\/\/swimchannel.net\/br\/author\/guilherme-freitas\/\"}]}<\/script>\n<!-- \/ Yoast SEO plugin. -->","yoast_head_json":{"title":"Polo masculino fecha Mundial em 12\u00ba lugar - Swimchannel","robots":{"index":"index","follow":"follow","max-snippet":"max-snippet:-1","max-image-preview":"max-image-preview:large","max-video-preview":"max-video-preview:-1"},"canonical":"https:\/\/swimchannel.net\/br\/polo-masculino-fecha-mundial-em-12o-lugar\/","og_locale":"pt_BR","og_type":"article","og_title":"Polo masculino fecha Mundial em 12\u00ba lugar - Swimchannel","og_description":"Texto retirado do site da Confedera\u00e7\u00e3o Brasileira de Desportos Aqu\u00e1ticos (CBDA). Texto original dispon\u00edvel em: https:\/\/www.cbda.org.br\/noticia\/21163\/polo-masculino-fecha-mundial-em-12-e-repete-melhor-campanha-desde-o-kazan-2015. &#8212;&#8211; (Singapura, 22 de julho de 2025)\u00a0\u00a0A sele\u00e7\u00e3o brasileira de Polo Aqu\u00e1tico foi superada pelo Canad\u00e1 na disputa pelo 11\u00ba lugar do Campeonato Mundial de Esportes Aqu\u00e1ticos. A partida, realizada na manh\u00e3 desta ter\u00e7a-feira (22), em Singapura, terminou em [&hellip;]","og_url":"https:\/\/swimchannel.net\/br\/polo-masculino-fecha-mundial-em-12o-lugar\/","og_site_name":"Swimchannel","article_publisher":"https:\/\/www.facebook.com\/swimchannel","article_published_time":"2025-07-22T15:30:28+00:00","og_image":[{"width":1500,"height":999,"url":"https:\/\/swimchannel.net\/br\/wp-content\/uploads\/2025\/07\/ntc_1753155601.jpg","type":"image\/jpeg"}],"author":"Guilherme Freitas","twitter_card":"summary_large_image","twitter_misc":{"Escrito por":"Guilherme Freitas","Est. tempo de leitura":"2 minutos"},"schema":{"@context":"https:\/\/schema.org","@graph":[{"@type":"Article","@id":"https:\/\/swimchannel.net\/br\/polo-masculino-fecha-mundial-em-12o-lugar\/#article","isPartOf":{"@id":"https:\/\/swimchannel.net\/br\/polo-masculino-fecha-mundial-em-12o-lugar\/"},"author":{"name":"Guilherme Freitas","@id":"https:\/\/swimchannel.net\/br\/#\/schema\/person\/aa2a63bab3275f53749a83276b213c48"},"headline":"Polo masculino fecha Mundial em 12\u00ba lugar","datePublished":"2025-07-22T15:30:28+00:00","mainEntityOfPage":{"@id":"https:\/\/swimchannel.net\/br\/polo-masculino-fecha-mundial-em-12o-lugar\/"},"wordCount":386,"commentCount":0,"publisher":{"@id":"https:\/\/swimchannel.net\/br\/#organization"},"image":{"@id":"https:\/\/swimchannel.net\/br\/polo-masculino-fecha-mundial-em-12o-lugar\/#primaryimage"},"thumbnailUrl":"https:\/\/swimchannel.net\/br\/wp-content\/uploads\/2025\/07\/ntc_1753155601.jpg","keywords":["Campeonato Mundial","natacao","polo aqu\u00e1tico","sele\u00e7\u00e3o brasileira","Singapura-2015"],"articleSection":["Campeonato Mundial"],"inLanguage":"pt-BR","potentialAction":[{"@type":"CommentAction","name":"Comment","target":["https:\/\/swimchannel.net\/br\/polo-masculino-fecha-mundial-em-12o-lugar\/#respond"]}]},{"@type":"WebPage","@id":"https:\/\/swimchannel.net\/br\/polo-masculino-fecha-mundial-em-12o-lugar\/","url":"https:\/\/swimchannel.net\/br\/polo-masculino-fecha-mundial-em-12o-lugar\/","name":"Polo masculino fecha Mundial em 12\u00ba lugar - Swimchannel","isPartOf":{"@id":"https:\/\/swimchannel.net\/br\/#website"},"primaryImageOfPage":{"@id":"https:\/\/swimchannel.net\/br\/polo-masculino-fecha-mundial-em-12o-lugar\/#primaryimage"},"image":{"@id":"https:\/\/swimchannel.net\/br\/polo-masculino-fecha-mundial-em-12o-lugar\/#primaryimage"},"thumbnailUrl":"https:\/\/swimchannel.net\/br\/wp-content\/uploads\/2025\/07\/ntc_1753155601.jpg","datePublished":"2025-07-22T15:30:28+00:00","breadcrumb":{"@id":"https:\/\/swimchannel.net\/br\/polo-masculino-fecha-mundial-em-12o-lugar\/#breadcrumb"},"inLanguage":"pt-BR","potentialAction":[{"@type":"ReadAction","target":["https:\/\/swimchannel.net\/br\/polo-masculino-fecha-mundial-em-12o-lugar\/"]}]},{"@type":"ImageObject","inLanguage":"pt-BR","@id":"https:\/\/swimchannel.net\/br\/polo-masculino-fecha-mundial-em-12o-lugar\/#primaryimage","url":"https:\/\/swimchannel.net\/br\/wp-content\/uploads\/2025\/07\/ntc_1753155601.jpg","contentUrl":"https:\/\/swimchannel.net\/br\/wp-content\/uploads\/2025\/07\/ntc_1753155601.jpg","width":1500,"height":999,"caption":"Polo aqu\u00e1tico no Mundial de Singapura - Foto: Satiro Sodr\u00e9"},{"@type":"BreadcrumbList","@id":"https:\/\/swimchannel.net\/br\/polo-masculino-fecha-mundial-em-12o-lugar\/#breadcrumb","itemListElement":[{"@type":"ListItem","position":1,"name":"Home","item":"https:\/\/swimchannel.net\/br\/"},{"@type":"ListItem","position":2,"name":"Polo masculino fecha Mundial em 12\u00ba lugar"}]},{"@type":"WebSite","@id":"https:\/\/swimchannel.net\/br\/#website","url":"https:\/\/swimchannel.net\/br\/","name":"Swimchannel","description":"Maior portal de nata\u00e7\u00e3o da america latina","publisher":{"@id":"https:\/\/swimchannel.net\/br\/#organization"},"potentialAction":[{"@type":"SearchAction","target":{"@type":"EntryPoint","urlTemplate":"https:\/\/swimchannel.net\/br\/?s={search_term_string}"},"query-input":{"@type":"PropertyValueSpecification","valueRequired":true,"valueName":"search_term_string"}}],"inLanguage":"pt-BR"},{"@type":"Organization","@id":"https:\/\/swimchannel.net\/br\/#organization","name":"Swimchannel - Conectando voc\u00ea a Nata\u00e7\u00e3o","url":"https:\/\/swimchannel.net\/br\/","logo":{"@type":"ImageObject","inLanguage":"pt-BR","@id":"https:\/\/swimchannel.net\/br\/#\/schema\/logo\/image\/","url":"https:\/\/swimchannel.net\/br\/wp-content\/uploads\/2026\/02\/SWIM-CHANNEL.png","contentUrl":"https:\/\/swimchannel.net\/br\/wp-content\/uploads\/2026\/02\/SWIM-CHANNEL.png","width":1120,"height":630,"caption":"Swimchannel - Conectando voc\u00ea a Nata\u00e7\u00e3o"},"image":{"@id":"https:\/\/swimchannel.net\/br\/#\/schema\/logo\/image\/"},"sameAs":["https:\/\/www.facebook.com\/swimchannel","https:\/\/www.instagram.com\/swimchannel"]},{"@type":"Person","@id":"https:\/\/swimchannel.net\/br\/#\/schema\/person\/aa2a63bab3275f53749a83276b213c48","name":"Guilherme Freitas","image":{"@type":"ImageObject","inLanguage":"pt-BR","@id":"https:\/\/swimchannel.net\/br\/#\/schema\/person\/image\/","url":"https:\/\/swimchannel.net\/br\/wp-content\/uploads\/2025\/10\/gui22-193x180.png","contentUrl":"https:\/\/swimchannel.net\/br\/wp-content\/uploads\/2025\/10\/gui22-193x180.png","caption":"Guilherme Freitas"},"description":"Jornalista s\u00eanior da SWIM CHANNEL, ex-correspondente da FINA no Brasil e pesquisador acad\u00eamico.","sameAs":["instagram.com\/guifreitas86"],"url":"https:\/\/swimchannel.net\/br\/author\/guilherme-freitas\/"}]}},"_links":{"self":[{"href":"https:\/\/swimchannel.net\/br\/wp-json\/wp\/v2\/posts\/75027","targetHints":{"allow":["GET"]}}],"collection":[{"href":"https:\/\/swimchannel.net\/br\/wp-json\/wp\/v2\/posts"}],"about":[{"href":"https:\/\/swimchannel.net\/br\/wp-json\/wp\/v2\/types\/post"}],"author":[{"embeddable":true,"href":"https:\/\/swimchannel.net\/br\/wp-json\/wp\/v2\/users\/3"}],"replies":[{"embeddable":true,"href":"https:\/\/swimchannel.net\/br\/wp-json\/wp\/v2\/comments?post=75027"}],"version-history":[{"count":2,"href":"https:\/\/swimchannel.net\/br\/wp-json\/wp\/v2\/posts\/75027\/revisions"}],"predecessor-version":[{"id":75032,"href":"https:\/\/swimchannel.net\/br\/wp-json\/wp\/v2\/posts\/75027\/revisions\/75032"}],"wp:featuredmedia":[{"embeddable":true,"href":"https:\/\/swimchannel.net\/br\/wp-json\/wp\/v2\/media\/75028"}],"wp:attachment":[{"href":"https:\/\/swimchannel.net\/br\/wp-json\/wp\/v2\/media?parent=75027"}],"wp:term":[{"taxonomy":"category","embeddable":true,"href":"https:\/\/swimchannel.net\/br\/wp-json\/wp\/v2\/categories?post=75027"},{"taxonomy":"post_tag","embeddable":true,"href":"https:\/\/swimchannel.net\/br\/wp-json\/wp\/v2\/tags?post=75027"}],"curies":[{"name":"wp","href":"https:\/\/api.w.org\/{rel}","templated":true}]}}