{"id":75190,"date":"2025-07-28T08:38:31","date_gmt":"2025-07-28T11:38:31","guid":{"rendered":"https:\/\/swimchannel.net\/br\/?p=75190"},"modified":"2025-07-28T13:55:07","modified_gmt":"2025-07-28T16:55:07","slug":"guilherme-caribe-e-sua-historia-com-os-50m-borboleta-a-caminho-da-sua-primeira-final-de-mundial","status":"publish","type":"post","link":"https:\/\/swimchannel.net\/br\/guilherme-caribe-e-sua-historia-com-os-50m-borboleta-a-caminho-da-sua-primeira-final-de-mundial\/","title":{"rendered":"Guilherme Carib\u00e9 e sua hist\u00f3ria com os 50m borboleta a caminho da sua primeira final de Mundial"},"content":{"rendered":"<p>Dois dias depois de completar nove anos de idade, Guilherme Carib\u00e9 nadou a sua primeira prova de 50m borboleta na carreira. E, foi com vit\u00f3ria. Foi no Trof\u00e9u Col\u00e9gio Salesiano de Salvador, piscina de 25 metros, e sem dificuldades venceu com 53.86 depois de passar na faixa dos 22 segundos.<\/p>\n<p>Veja a prova aqui: <a href=\"https:\/\/www.instagram.com\/reel\/DModpWPOY0L\/?igsh=MTl1ZnozcXQ3dDBlZg\" target=\"_blank\" rel=\"noopener\">https:\/\/www.instagram.com\/reel\/DModpWPOY0L\/?igsh=MTl1ZnozcXQ3dDBlZg<\/a>.<\/p>\n<p>Na \u00e9poca, Salvador estava sem piscinas de 50 metros, e sua estreia nos 50m borboleta em piscina longa s\u00f3 aconteceria no ano seguinte, dia 5 de Abril de 2013, no Festival Nordestinho, Trof\u00e9u Alexandre Pussieldi, em Aracaju, quarto colocado nadando para 39.71. Pouco mais de um m\u00eas depois Carib\u00e9 era vice campe\u00e3o do Norte-Nordeste da prova em Fortaleza com 37.14.<\/p>\n<p><img loading=\"lazy\" decoding=\"async\" class=\"alignnone size-large wp-image-75191\" src=\"https:\/\/swimchannel.net\/br\/wp-content\/uploads\/2025\/07\/WhatsApp-Image-2025-07-27-at-5.57.04-PM-1009x800.jpeg\" alt=\"\" width=\"1009\" height=\"800\" srcset=\"https:\/\/swimchannel.net\/br\/wp-content\/uploads\/2025\/07\/WhatsApp-Image-2025-07-27-at-5.57.04-PM-1009x800.jpeg 1009w, https:\/\/swimchannel.net\/br\/wp-content\/uploads\/2025\/07\/WhatsApp-Image-2025-07-27-at-5.57.04-PM-852x675.jpeg 852w, https:\/\/swimchannel.net\/br\/wp-content\/uploads\/2025\/07\/WhatsApp-Image-2025-07-27-at-5.57.04-PM-227x180.jpeg 227w, https:\/\/swimchannel.net\/br\/wp-content\/uploads\/2025\/07\/WhatsApp-Image-2025-07-27-at-5.57.04-PM-768x609.jpeg 768w, https:\/\/swimchannel.net\/br\/wp-content\/uploads\/2025\/07\/WhatsApp-Image-2025-07-27-at-5.57.04-PM-750x594.jpeg 750w, https:\/\/swimchannel.net\/br\/wp-content\/uploads\/2025\/07\/WhatsApp-Image-2025-07-27-at-5.57.04-PM-1140x903.jpeg 1140w, https:\/\/swimchannel.net\/br\/wp-content\/uploads\/2025\/07\/WhatsApp-Image-2025-07-27-at-5.57.04-PM.jpeg 1200w\" sizes=\"auto, (max-width: 1009px) 100vw, 1009px\" \/><\/p>\n<p>Os 50m borboleta ficaram um pouco escondidos em sua carreira, embora por diversas vezes foi campe\u00e3o baiano, norte-nordeste. No Trof\u00e9u Maria Lenk de 2022, depois de falhar de chegar a final dos 100m livre, os 50m borboleta teve uma import\u00e2ncia gigante na carreira de Carib\u00e9.<\/p>\n<p>Foi ali sua primeira final de Brasileiro Absoluto e mais que isso, a primeira medalha ao marcar 23.42 e terminar com a medalha de bronze.<\/p>\n<p>Desde ent\u00e3o, Guilherme Carib\u00e9 se tornou no melhor velocista do Brasil. Este ano, chegou a seu primeiro t\u00edtulo nacional dos 50m borboleta prova que j\u00e1 nadou 60 vezes, 34 em piscina longa e 26 em piscina curta.<\/p>\n<p>Segundo o treinador de forma\u00e7\u00e3o de Carib\u00e9, Rafael Spinola, \u201cele nunca gostou de treinar borboleta, e quando era 100 metros ent\u00e3o reclamava ainda mais\u201d. Os 50m borboleta nem tanto, este ele sempre gostou de nadar.<\/p>\n<p>Este ano, no Maria Lenk, Carib\u00e9 nadou os 100m borboleta e ficou com a medalha de prata na prova. Antes, no NCAA venceu a final B inclusive quebrando o recorde brasileiro em jardas da prova. A prova dos 100 borboleta foi uma estrat\u00e9gia do programa do Tennessee, onde os atletas da equipe precisam marcar pontos para o programa. Carib\u00e9 uma das estrelas nos 50m e 100m livre precisava de uma terceira prova, e por sua pr\u00f3pria op\u00e7\u00e3o, os 100 borboleta foi melhor assimilado do que os 200 livre.<\/p>\n<p><img loading=\"lazy\" decoding=\"async\" class=\"alignnone size-full wp-image-75192\" src=\"https:\/\/swimchannel.net\/br\/wp-content\/uploads\/2025\/07\/54681839391_ca86982b1b_c.jpg\" alt=\"\" width=\"799\" height=\"533\" srcset=\"https:\/\/swimchannel.net\/br\/wp-content\/uploads\/2025\/07\/54681839391_ca86982b1b_c.jpg 799w, https:\/\/swimchannel.net\/br\/wp-content\/uploads\/2025\/07\/54681839391_ca86982b1b_c-270x180.jpg 270w, https:\/\/swimchannel.net\/br\/wp-content\/uploads\/2025\/07\/54681839391_ca86982b1b_c-768x512.jpg 768w, https:\/\/swimchannel.net\/br\/wp-content\/uploads\/2025\/07\/54681839391_ca86982b1b_c-750x500.jpg 750w\" sizes=\"auto, (max-width: 799px) 100vw, 799px\" \/>Agora, em Singapura, os 50m borboleta entra novamente nos feitos relevantes de sua carreira. Afinal, \u00e9 sua primeira final de Campeonato Mundial. Guilherme Carib\u00e9 nada a final na raia 1 dos 50m borboleta na noite de segunda-feira, hor\u00e1rio local, manh\u00e3 de segunda-feira no Brasil.<\/p>\n<p><strong>Fotos e v\u00eddeo Fam\u00edlia Carib\u00e9\u00a0<\/strong><\/p>\n<p>&nbsp;<\/p>\n<p>Gostaria de receber as not\u00edcias de nata\u00e7\u00e3o e \u00e1guas abertas no seu email?<\/p>\n<p><a href=\"https:\/\/lpa.nitro.news\/n-GNe\/ultimas-noticias-swim-channel\">Cadastre-se aqui<\/a><\/p>\n","protected":false},"excerpt":{"rendered":"<p>Dois dias depois de completar nove anos de idade, Guilherme Carib\u00e9 nadou a sua primeira prova de 50m borboleta na carreira. E, foi com vit\u00f3ria. Foi no Trof\u00e9u Col\u00e9gio Salesiano de Salvador, piscina de 25 metros, e sem dificuldades venceu com 53.86 depois de passar na faixa dos 22 segundos. Veja a prova aqui: https:\/\/www.instagram.com\/reel\/DModpWPOY0L\/?igsh=MTl1ZnozcXQ3dDBlZg. [&hellip;]<\/p>\n","protected":false},"author":12,"featured_media":75193,"comment_status":"open","ping_status":"open","sticky":false,"template":"","format":"standard","meta":{"footnotes":""},"categories":[137],"tags":[6487,5130,5],"class_list":["post-75190","post","type-post","status-publish","format-standard","has-post-thumbnail","hentry","category-natacao","tag-campeonato-mundial-de-singapura","tag-guilherme-caribe","tag-natacao"],"yoast_head":"<!-- This site is optimized with the Yoast SEO plugin v27.0 - https:\/\/yoast.com\/product\/yoast-seo-wordpress\/ -->\n<title>Guilherme Carib\u00e9 e sua hist\u00f3ria com os 50m borboleta a caminho da sua primeira final de Mundial - Swimchannel<\/title>\n<meta name=\"robots\" content=\"index, follow, max-snippet:-1, max-image-preview:large, max-video-preview:-1\" \/>\n<link rel=\"canonical\" href=\"https:\/\/swimchannel.net\/br\/guilherme-caribe-e-sua-historia-com-os-50m-borboleta-a-caminho-da-sua-primeira-final-de-mundial\/\" \/>\n<meta property=\"og:locale\" content=\"pt_BR\" \/>\n<meta property=\"og:type\" content=\"article\" \/>\n<meta property=\"og:title\" content=\"Guilherme Carib\u00e9 e sua hist\u00f3ria com os 50m borboleta a caminho da sua primeira final de Mundial - Swimchannel\" \/>\n<meta property=\"og:description\" content=\"Dois dias depois de completar nove anos de idade, Guilherme Carib\u00e9 nadou a sua primeira prova de 50m borboleta na carreira. E, foi com vit\u00f3ria. Foi no Trof\u00e9u Col\u00e9gio Salesiano de Salvador, piscina de 25 metros, e sem dificuldades venceu com 53.86 depois de passar na faixa dos 22 segundos. Veja a prova aqui: https:\/\/www.instagram.com\/reel\/DModpWPOY0L\/?igsh=MTl1ZnozcXQ3dDBlZg. [&hellip;]\" \/>\n<meta property=\"og:url\" content=\"https:\/\/swimchannel.net\/br\/guilherme-caribe-e-sua-historia-com-os-50m-borboleta-a-caminho-da-sua-primeira-final-de-mundial\/\" \/>\n<meta property=\"og:site_name\" content=\"Swimchannel\" \/>\n<meta property=\"article:publisher\" content=\"https:\/\/www.facebook.com\/swimchannel\" \/>\n<meta property=\"article:published_time\" content=\"2025-07-28T11:38:31+00:00\" \/>\n<meta property=\"article:modified_time\" content=\"2025-07-28T16:55:07+00:00\" \/>\n<meta property=\"og:image\" content=\"https:\/\/swimchannel.net\/br\/wp-content\/uploads\/2025\/07\/78640faa-9620-42d9-97dd-1d3b16b4b88e-1030x655-1.jpg\" \/>\n\t<meta property=\"og:image:width\" content=\"1030\" \/>\n\t<meta property=\"og:image:height\" content=\"655\" \/>\n\t<meta property=\"og:image:type\" content=\"image\/jpeg\" \/>\n<meta name=\"author\" content=\"Alex Pussieldi\" \/>\n<meta name=\"twitter:card\" content=\"summary_large_image\" \/>\n<meta name=\"twitter:label1\" content=\"Escrito por\" \/>\n\t<meta name=\"twitter:data1\" content=\"Alex Pussieldi\" \/>\n\t<meta name=\"twitter:label2\" content=\"Est. tempo de leitura\" \/>\n\t<meta name=\"twitter:data2\" content=\"2 minutos\" \/>\n<script type=\"application\/ld+json\" class=\"yoast-schema-graph\">{\"@context\":\"https:\/\/schema.org\",\"@graph\":[{\"@type\":\"Article\",\"@id\":\"https:\/\/swimchannel.net\/br\/guilherme-caribe-e-sua-historia-com-os-50m-borboleta-a-caminho-da-sua-primeira-final-de-mundial\/#article\",\"isPartOf\":{\"@id\":\"https:\/\/swimchannel.net\/br\/guilherme-caribe-e-sua-historia-com-os-50m-borboleta-a-caminho-da-sua-primeira-final-de-mundial\/\"},\"author\":{\"name\":\"Alex Pussieldi\",\"@id\":\"https:\/\/swimchannel.net\/br\/#\/schema\/person\/cf549cb99cf75592fcf7c76213385e63\"},\"headline\":\"Guilherme Carib\u00e9 e sua hist\u00f3ria com os 50m borboleta a caminho da sua primeira final de Mundial\",\"datePublished\":\"2025-07-28T11:38:31+00:00\",\"dateModified\":\"2025-07-28T16:55:07+00:00\",\"mainEntityOfPage\":{\"@id\":\"https:\/\/swimchannel.net\/br\/guilherme-caribe-e-sua-historia-com-os-50m-borboleta-a-caminho-da-sua-primeira-final-de-mundial\/\"},\"wordCount\":440,\"commentCount\":0,\"publisher\":{\"@id\":\"https:\/\/swimchannel.net\/br\/#organization\"},\"image\":{\"@id\":\"https:\/\/swimchannel.net\/br\/guilherme-caribe-e-sua-historia-com-os-50m-borboleta-a-caminho-da-sua-primeira-final-de-mundial\/#primaryimage\"},\"thumbnailUrl\":\"https:\/\/swimchannel.net\/br\/wp-content\/uploads\/2025\/07\/78640faa-9620-42d9-97dd-1d3b16b4b88e-1030x655-1.jpg\",\"keywords\":[\"Campeonato Mundial de Singapura\",\"Guilherme Carib\u00e9\",\"natacao\"],\"articleSection\":[\"Nata\u00e7\u00e3o\"],\"inLanguage\":\"pt-BR\",\"potentialAction\":[{\"@type\":\"CommentAction\",\"name\":\"Comment\",\"target\":[\"https:\/\/swimchannel.net\/br\/guilherme-caribe-e-sua-historia-com-os-50m-borboleta-a-caminho-da-sua-primeira-final-de-mundial\/#respond\"]}]},{\"@type\":\"WebPage\",\"@id\":\"https:\/\/swimchannel.net\/br\/guilherme-caribe-e-sua-historia-com-os-50m-borboleta-a-caminho-da-sua-primeira-final-de-mundial\/\",\"url\":\"https:\/\/swimchannel.net\/br\/guilherme-caribe-e-sua-historia-com-os-50m-borboleta-a-caminho-da-sua-primeira-final-de-mundial\/\",\"name\":\"Guilherme Carib\u00e9 e sua hist\u00f3ria com os 50m borboleta a caminho da sua primeira final de Mundial - Swimchannel\",\"isPartOf\":{\"@id\":\"https:\/\/swimchannel.net\/br\/#website\"},\"primaryImageOfPage\":{\"@id\":\"https:\/\/swimchannel.net\/br\/guilherme-caribe-e-sua-historia-com-os-50m-borboleta-a-caminho-da-sua-primeira-final-de-mundial\/#primaryimage\"},\"image\":{\"@id\":\"https:\/\/swimchannel.net\/br\/guilherme-caribe-e-sua-historia-com-os-50m-borboleta-a-caminho-da-sua-primeira-final-de-mundial\/#primaryimage\"},\"thumbnailUrl\":\"https:\/\/swimchannel.net\/br\/wp-content\/uploads\/2025\/07\/78640faa-9620-42d9-97dd-1d3b16b4b88e-1030x655-1.jpg\",\"datePublished\":\"2025-07-28T11:38:31+00:00\",\"dateModified\":\"2025-07-28T16:55:07+00:00\",\"breadcrumb\":{\"@id\":\"https:\/\/swimchannel.net\/br\/guilherme-caribe-e-sua-historia-com-os-50m-borboleta-a-caminho-da-sua-primeira-final-de-mundial\/#breadcrumb\"},\"inLanguage\":\"pt-BR\",\"potentialAction\":[{\"@type\":\"ReadAction\",\"target\":[\"https:\/\/swimchannel.net\/br\/guilherme-caribe-e-sua-historia-com-os-50m-borboleta-a-caminho-da-sua-primeira-final-de-mundial\/\"]}]},{\"@type\":\"ImageObject\",\"inLanguage\":\"pt-BR\",\"@id\":\"https:\/\/swimchannel.net\/br\/guilherme-caribe-e-sua-historia-com-os-50m-borboleta-a-caminho-da-sua-primeira-final-de-mundial\/#primaryimage\",\"url\":\"https:\/\/swimchannel.net\/br\/wp-content\/uploads\/2025\/07\/78640faa-9620-42d9-97dd-1d3b16b4b88e-1030x655-1.jpg\",\"contentUrl\":\"https:\/\/swimchannel.net\/br\/wp-content\/uploads\/2025\/07\/78640faa-9620-42d9-97dd-1d3b16b4b88e-1030x655-1.jpg\",\"width\":1030,\"height\":655},{\"@type\":\"BreadcrumbList\",\"@id\":\"https:\/\/swimchannel.net\/br\/guilherme-caribe-e-sua-historia-com-os-50m-borboleta-a-caminho-da-sua-primeira-final-de-mundial\/#breadcrumb\",\"itemListElement\":[{\"@type\":\"ListItem\",\"position\":1,\"name\":\"Home\",\"item\":\"https:\/\/swimchannel.net\/br\/\"},{\"@type\":\"ListItem\",\"position\":2,\"name\":\"Guilherme Carib\u00e9 e sua hist\u00f3ria com os 50m borboleta a caminho da sua primeira final de Mundial\"}]},{\"@type\":\"WebSite\",\"@id\":\"https:\/\/swimchannel.net\/br\/#website\",\"url\":\"https:\/\/swimchannel.net\/br\/\",\"name\":\"Swimchannel\",\"description\":\"Maior portal de nata\u00e7\u00e3o da america latina\",\"publisher\":{\"@id\":\"https:\/\/swimchannel.net\/br\/#organization\"},\"potentialAction\":[{\"@type\":\"SearchAction\",\"target\":{\"@type\":\"EntryPoint\",\"urlTemplate\":\"https:\/\/swimchannel.net\/br\/?s={search_term_string}\"},\"query-input\":{\"@type\":\"PropertyValueSpecification\",\"valueRequired\":true,\"valueName\":\"search_term_string\"}}],\"inLanguage\":\"pt-BR\"},{\"@type\":\"Organization\",\"@id\":\"https:\/\/swimchannel.net\/br\/#organization\",\"name\":\"Swimchannel - Conectando voc\u00ea a Nata\u00e7\u00e3o\",\"url\":\"https:\/\/swimchannel.net\/br\/\",\"logo\":{\"@type\":\"ImageObject\",\"inLanguage\":\"pt-BR\",\"@id\":\"https:\/\/swimchannel.net\/br\/#\/schema\/logo\/image\/\",\"url\":\"https:\/\/swimchannel.net\/br\/wp-content\/uploads\/2026\/02\/SWIM-CHANNEL.png\",\"contentUrl\":\"https:\/\/swimchannel.net\/br\/wp-content\/uploads\/2026\/02\/SWIM-CHANNEL.png\",\"width\":1120,\"height\":630,\"caption\":\"Swimchannel - Conectando voc\u00ea a Nata\u00e7\u00e3o\"},\"image\":{\"@id\":\"https:\/\/swimchannel.net\/br\/#\/schema\/logo\/image\/\"},\"sameAs\":[\"https:\/\/www.facebook.com\/swimchannel\",\"https:\/\/www.instagram.com\/swimchannel\"]},{\"@type\":\"Person\",\"@id\":\"https:\/\/swimchannel.net\/br\/#\/schema\/person\/cf549cb99cf75592fcf7c76213385e63\",\"name\":\"Alex Pussieldi\",\"image\":{\"@type\":\"ImageObject\",\"inLanguage\":\"pt-BR\",\"@id\":\"https:\/\/swimchannel.net\/br\/#\/schema\/person\/image\/\",\"url\":\"https:\/\/swimchannel.net\/br\/wp-content\/uploads\/2021\/02\/9b1c252d-a4bd-4eda-b399-24565cac4114-100x100.jpg\",\"contentUrl\":\"https:\/\/swimchannel.net\/br\/wp-content\/uploads\/2021\/02\/9b1c252d-a4bd-4eda-b399-24565cac4114-100x100.jpg\",\"caption\":\"Alex Pussieldi\"},\"description\":\"Alexandre Pussieldi, apelidado de \u201ccoach\u201d, Foi t\u00e9cnico da sele\u00e7\u00e3o verde e amarela nas Olimp\u00edadas de Pequim-2008 e Londres-2012. O treinador ainda comandou outros quatro pa\u00edses: Kuwait, Paraguai, Aruba e Antilhas Holandesas, al\u00e9m da sele\u00e7\u00e3o americana de \u00e1guas abertas. Pussieldi tem passagens como comentarista de nata\u00e7\u00e3o do Grupo Globo e Swim Channel.\",\"url\":\"https:\/\/swimchannel.net\/br\/author\/alexpussieldi\/\"}]}<\/script>\n<!-- \/ Yoast SEO plugin. -->","yoast_head_json":{"title":"Guilherme Carib\u00e9 e sua hist\u00f3ria com os 50m borboleta a caminho da sua primeira final de Mundial - Swimchannel","robots":{"index":"index","follow":"follow","max-snippet":"max-snippet:-1","max-image-preview":"max-image-preview:large","max-video-preview":"max-video-preview:-1"},"canonical":"https:\/\/swimchannel.net\/br\/guilherme-caribe-e-sua-historia-com-os-50m-borboleta-a-caminho-da-sua-primeira-final-de-mundial\/","og_locale":"pt_BR","og_type":"article","og_title":"Guilherme Carib\u00e9 e sua hist\u00f3ria com os 50m borboleta a caminho da sua primeira final de Mundial - Swimchannel","og_description":"Dois dias depois de completar nove anos de idade, Guilherme Carib\u00e9 nadou a sua primeira prova de 50m borboleta na carreira. E, foi com vit\u00f3ria. Foi no Trof\u00e9u Col\u00e9gio Salesiano de Salvador, piscina de 25 metros, e sem dificuldades venceu com 53.86 depois de passar na faixa dos 22 segundos. Veja a prova aqui: https:\/\/www.instagram.com\/reel\/DModpWPOY0L\/?igsh=MTl1ZnozcXQ3dDBlZg. [&hellip;]","og_url":"https:\/\/swimchannel.net\/br\/guilherme-caribe-e-sua-historia-com-os-50m-borboleta-a-caminho-da-sua-primeira-final-de-mundial\/","og_site_name":"Swimchannel","article_publisher":"https:\/\/www.facebook.com\/swimchannel","article_published_time":"2025-07-28T11:38:31+00:00","article_modified_time":"2025-07-28T16:55:07+00:00","og_image":[{"width":1030,"height":655,"url":"https:\/\/swimchannel.net\/br\/wp-content\/uploads\/2025\/07\/78640faa-9620-42d9-97dd-1d3b16b4b88e-1030x655-1.jpg","type":"image\/jpeg"}],"author":"Alex Pussieldi","twitter_card":"summary_large_image","twitter_misc":{"Escrito por":"Alex Pussieldi","Est. tempo de leitura":"2 minutos"},"schema":{"@context":"https:\/\/schema.org","@graph":[{"@type":"Article","@id":"https:\/\/swimchannel.net\/br\/guilherme-caribe-e-sua-historia-com-os-50m-borboleta-a-caminho-da-sua-primeira-final-de-mundial\/#article","isPartOf":{"@id":"https:\/\/swimchannel.net\/br\/guilherme-caribe-e-sua-historia-com-os-50m-borboleta-a-caminho-da-sua-primeira-final-de-mundial\/"},"author":{"name":"Alex Pussieldi","@id":"https:\/\/swimchannel.net\/br\/#\/schema\/person\/cf549cb99cf75592fcf7c76213385e63"},"headline":"Guilherme Carib\u00e9 e sua hist\u00f3ria com os 50m borboleta a caminho da sua primeira final de Mundial","datePublished":"2025-07-28T11:38:31+00:00","dateModified":"2025-07-28T16:55:07+00:00","mainEntityOfPage":{"@id":"https:\/\/swimchannel.net\/br\/guilherme-caribe-e-sua-historia-com-os-50m-borboleta-a-caminho-da-sua-primeira-final-de-mundial\/"},"wordCount":440,"commentCount":0,"publisher":{"@id":"https:\/\/swimchannel.net\/br\/#organization"},"image":{"@id":"https:\/\/swimchannel.net\/br\/guilherme-caribe-e-sua-historia-com-os-50m-borboleta-a-caminho-da-sua-primeira-final-de-mundial\/#primaryimage"},"thumbnailUrl":"https:\/\/swimchannel.net\/br\/wp-content\/uploads\/2025\/07\/78640faa-9620-42d9-97dd-1d3b16b4b88e-1030x655-1.jpg","keywords":["Campeonato Mundial de Singapura","Guilherme Carib\u00e9","natacao"],"articleSection":["Nata\u00e7\u00e3o"],"inLanguage":"pt-BR","potentialAction":[{"@type":"CommentAction","name":"Comment","target":["https:\/\/swimchannel.net\/br\/guilherme-caribe-e-sua-historia-com-os-50m-borboleta-a-caminho-da-sua-primeira-final-de-mundial\/#respond"]}]},{"@type":"WebPage","@id":"https:\/\/swimchannel.net\/br\/guilherme-caribe-e-sua-historia-com-os-50m-borboleta-a-caminho-da-sua-primeira-final-de-mundial\/","url":"https:\/\/swimchannel.net\/br\/guilherme-caribe-e-sua-historia-com-os-50m-borboleta-a-caminho-da-sua-primeira-final-de-mundial\/","name":"Guilherme Carib\u00e9 e sua hist\u00f3ria com os 50m borboleta a caminho da sua primeira final de Mundial - Swimchannel","isPartOf":{"@id":"https:\/\/swimchannel.net\/br\/#website"},"primaryImageOfPage":{"@id":"https:\/\/swimchannel.net\/br\/guilherme-caribe-e-sua-historia-com-os-50m-borboleta-a-caminho-da-sua-primeira-final-de-mundial\/#primaryimage"},"image":{"@id":"https:\/\/swimchannel.net\/br\/guilherme-caribe-e-sua-historia-com-os-50m-borboleta-a-caminho-da-sua-primeira-final-de-mundial\/#primaryimage"},"thumbnailUrl":"https:\/\/swimchannel.net\/br\/wp-content\/uploads\/2025\/07\/78640faa-9620-42d9-97dd-1d3b16b4b88e-1030x655-1.jpg","datePublished":"2025-07-28T11:38:31+00:00","dateModified":"2025-07-28T16:55:07+00:00","breadcrumb":{"@id":"https:\/\/swimchannel.net\/br\/guilherme-caribe-e-sua-historia-com-os-50m-borboleta-a-caminho-da-sua-primeira-final-de-mundial\/#breadcrumb"},"inLanguage":"pt-BR","potentialAction":[{"@type":"ReadAction","target":["https:\/\/swimchannel.net\/br\/guilherme-caribe-e-sua-historia-com-os-50m-borboleta-a-caminho-da-sua-primeira-final-de-mundial\/"]}]},{"@type":"ImageObject","inLanguage":"pt-BR","@id":"https:\/\/swimchannel.net\/br\/guilherme-caribe-e-sua-historia-com-os-50m-borboleta-a-caminho-da-sua-primeira-final-de-mundial\/#primaryimage","url":"https:\/\/swimchannel.net\/br\/wp-content\/uploads\/2025\/07\/78640faa-9620-42d9-97dd-1d3b16b4b88e-1030x655-1.jpg","contentUrl":"https:\/\/swimchannel.net\/br\/wp-content\/uploads\/2025\/07\/78640faa-9620-42d9-97dd-1d3b16b4b88e-1030x655-1.jpg","width":1030,"height":655},{"@type":"BreadcrumbList","@id":"https:\/\/swimchannel.net\/br\/guilherme-caribe-e-sua-historia-com-os-50m-borboleta-a-caminho-da-sua-primeira-final-de-mundial\/#breadcrumb","itemListElement":[{"@type":"ListItem","position":1,"name":"Home","item":"https:\/\/swimchannel.net\/br\/"},{"@type":"ListItem","position":2,"name":"Guilherme Carib\u00e9 e sua hist\u00f3ria com os 50m borboleta a caminho da sua primeira final de Mundial"}]},{"@type":"WebSite","@id":"https:\/\/swimchannel.net\/br\/#website","url":"https:\/\/swimchannel.net\/br\/","name":"Swimchannel","description":"Maior portal de nata\u00e7\u00e3o da america latina","publisher":{"@id":"https:\/\/swimchannel.net\/br\/#organization"},"potentialAction":[{"@type":"SearchAction","target":{"@type":"EntryPoint","urlTemplate":"https:\/\/swimchannel.net\/br\/?s={search_term_string}"},"query-input":{"@type":"PropertyValueSpecification","valueRequired":true,"valueName":"search_term_string"}}],"inLanguage":"pt-BR"},{"@type":"Organization","@id":"https:\/\/swimchannel.net\/br\/#organization","name":"Swimchannel - Conectando voc\u00ea a Nata\u00e7\u00e3o","url":"https:\/\/swimchannel.net\/br\/","logo":{"@type":"ImageObject","inLanguage":"pt-BR","@id":"https:\/\/swimchannel.net\/br\/#\/schema\/logo\/image\/","url":"https:\/\/swimchannel.net\/br\/wp-content\/uploads\/2026\/02\/SWIM-CHANNEL.png","contentUrl":"https:\/\/swimchannel.net\/br\/wp-content\/uploads\/2026\/02\/SWIM-CHANNEL.png","width":1120,"height":630,"caption":"Swimchannel - Conectando voc\u00ea a Nata\u00e7\u00e3o"},"image":{"@id":"https:\/\/swimchannel.net\/br\/#\/schema\/logo\/image\/"},"sameAs":["https:\/\/www.facebook.com\/swimchannel","https:\/\/www.instagram.com\/swimchannel"]},{"@type":"Person","@id":"https:\/\/swimchannel.net\/br\/#\/schema\/person\/cf549cb99cf75592fcf7c76213385e63","name":"Alex Pussieldi","image":{"@type":"ImageObject","inLanguage":"pt-BR","@id":"https:\/\/swimchannel.net\/br\/#\/schema\/person\/image\/","url":"https:\/\/swimchannel.net\/br\/wp-content\/uploads\/2021\/02\/9b1c252d-a4bd-4eda-b399-24565cac4114-100x100.jpg","contentUrl":"https:\/\/swimchannel.net\/br\/wp-content\/uploads\/2021\/02\/9b1c252d-a4bd-4eda-b399-24565cac4114-100x100.jpg","caption":"Alex Pussieldi"},"description":"Alexandre Pussieldi, apelidado de \u201ccoach\u201d, Foi t\u00e9cnico da sele\u00e7\u00e3o verde e amarela nas Olimp\u00edadas de Pequim-2008 e Londres-2012. O treinador ainda comandou outros quatro pa\u00edses: Kuwait, Paraguai, Aruba e Antilhas Holandesas, al\u00e9m da sele\u00e7\u00e3o americana de \u00e1guas abertas. Pussieldi tem passagens como comentarista de nata\u00e7\u00e3o do Grupo Globo e Swim Channel.","url":"https:\/\/swimchannel.net\/br\/author\/alexpussieldi\/"}]}},"_links":{"self":[{"href":"https:\/\/swimchannel.net\/br\/wp-json\/wp\/v2\/posts\/75190","targetHints":{"allow":["GET"]}}],"collection":[{"href":"https:\/\/swimchannel.net\/br\/wp-json\/wp\/v2\/posts"}],"about":[{"href":"https:\/\/swimchannel.net\/br\/wp-json\/wp\/v2\/types\/post"}],"author":[{"embeddable":true,"href":"https:\/\/swimchannel.net\/br\/wp-json\/wp\/v2\/users\/12"}],"replies":[{"embeddable":true,"href":"https:\/\/swimchannel.net\/br\/wp-json\/wp\/v2\/comments?post=75190"}],"version-history":[{"count":3,"href":"https:\/\/swimchannel.net\/br\/wp-json\/wp\/v2\/posts\/75190\/revisions"}],"predecessor-version":[{"id":75217,"href":"https:\/\/swimchannel.net\/br\/wp-json\/wp\/v2\/posts\/75190\/revisions\/75217"}],"wp:featuredmedia":[{"embeddable":true,"href":"https:\/\/swimchannel.net\/br\/wp-json\/wp\/v2\/media\/75193"}],"wp:attachment":[{"href":"https:\/\/swimchannel.net\/br\/wp-json\/wp\/v2\/media?parent=75190"}],"wp:term":[{"taxonomy":"category","embeddable":true,"href":"https:\/\/swimchannel.net\/br\/wp-json\/wp\/v2\/categories?post=75190"},{"taxonomy":"post_tag","embeddable":true,"href":"https:\/\/swimchannel.net\/br\/wp-json\/wp\/v2\/tags?post=75190"}],"curies":[{"name":"wp","href":"https:\/\/api.w.org\/{rel}","templated":true}]}}