{"id":75263,"date":"2025-07-29T16:15:34","date_gmt":"2025-07-29T19:15:34","guid":{"rendered":"https:\/\/swimchannel.net\/br\/?p=75263"},"modified":"2025-07-29T16:15:34","modified_gmt":"2025-07-29T19:15:34","slug":"pequim-sera-sede-do-mundial-de-curta-de-2026","status":"publish","type":"post","link":"https:\/\/swimchannel.net\/br\/pequim-sera-sede-do-mundial-de-curta-de-2026\/","title":{"rendered":"Pequim ser\u00e1 sede do Mundial de curta de 2026"},"content":{"rendered":"<p>A World Aquatics anunciou hoje, ap\u00f3s a realiza\u00e7\u00e3o de seu Congresso Mundial, a sede do pr\u00f3ximo Campeonato Mundial de piscina curta, que ser\u00e1 disputado no segundo semestre de 2026. A cidade escolhida para sediar a competi\u00e7\u00e3o foi Pequim, capital chinesa de 21 milh\u00f5es de habitantes e com hist\u00f3ria na nata\u00e7\u00e3o.<\/p>\n<p>A cidade foi palco dos Jogos Ol\u00edmpicos em 2008, onde diversos recordes foram estabelecidos na ic\u00f4nica piscina do Cubo D&#8217;\u00c1gua. Naquele edi\u00e7\u00e3o ol\u00edmpica ocorreram dois feitos in\u00e9ditos e inesquec\u00edveis. Um foi a conquista da primeira medalha de ouro da nata\u00e7\u00e3o brasileira com Cesar Cielo nos 50m livre. A outra foram as oito medalhas douradas de Michael Phelps.<\/p>\n<p>Este ser\u00e1 o segundo evento aqu\u00e1tico que Pequim sediar\u00e1 nos pr\u00f3ximos quatro anos. Al\u00e9m deste Mundial de piscina curta, a cidade tamb\u00e9m ser\u00e1 palco do Campeonato Mundial de Esportes Aqu\u00e1ticos de 2029. O presidente da Federa\u00e7\u00e3o Chinesa de Nata\u00e7\u00e3o, Zhou Jihong, afirmou que animado e honrado em receber o evento.<\/p>\n<figure id=\"attachment_75265\" aria-describedby=\"caption-attachment-75265\" style=\"width: 1201px\" class=\"wp-caption alignnone\"><img loading=\"lazy\" decoding=\"async\" class=\"size-large wp-image-75265\" src=\"https:\/\/swimchannel.net\/br\/wp-content\/uploads\/2025\/07\/1a3d56a3-1201x800.avif\" alt=\"\" width=\"1201\" height=\"800\" srcset=\"https:\/\/swimchannel.net\/br\/wp-content\/uploads\/2025\/07\/1a3d56a3-1201x800.avif 1201w, https:\/\/swimchannel.net\/br\/wp-content\/uploads\/2025\/07\/1a3d56a3-1013x675.avif 1013w, https:\/\/swimchannel.net\/br\/wp-content\/uploads\/2025\/07\/1a3d56a3-270x180.avif 270w, https:\/\/swimchannel.net\/br\/wp-content\/uploads\/2025\/07\/1a3d56a3-768x512.avif 768w, https:\/\/swimchannel.net\/br\/wp-content\/uploads\/2025\/07\/1a3d56a3-1536x1023.avif 1536w, https:\/\/swimchannel.net\/br\/wp-content\/uploads\/2025\/07\/1a3d56a3-750x500.avif 750w, https:\/\/swimchannel.net\/br\/wp-content\/uploads\/2025\/07\/1a3d56a3-1140x759.avif 1140w, https:\/\/swimchannel.net\/br\/wp-content\/uploads\/2025\/07\/1a3d56a3.avif 1680w\" sizes=\"auto, (max-width: 1201px) 100vw, 1201px\" \/><figcaption id=\"caption-attachment-75265\" class=\"wp-caption-text\">Vista do Cubo D&#8217;\u00c1gua &#8211; Foto: Reprodu\u00e7\u00e3o<\/figcaption><\/figure>\n<p>&#8220;Esta prestigiosa competi\u00e7\u00e3o re\u00fane os melhores nadadores do mundo e, com o n\u00famero impressionante de recordes mundiais quebrados na \u00faltima edi\u00e7\u00e3o, prevemos outro grande espet\u00e1culo. Estamos ansiosos para receber f\u00e3s da nata\u00e7\u00e3o de todo o mundo e proporcionar uma experi\u00eancia inesquec\u00edvel para todos&#8221;, disse Jihong a imprensa.<\/p>\n<p>Este ser\u00e1 mais um grande evento internacional de nata\u00e7\u00e3o que a China estar\u00e1 recebendo. O gigante asi\u00e1tico j\u00e1 foi sede de outras duas edi\u00e7\u00f5es do Mundial de curta (Xangai-2006 e Hangzhou-2018) e de uma de longa (Xangai-2011), al\u00e9m de duas edi\u00e7\u00f5es ol\u00edmpicas, a de ver\u00e3o em 2008 e a de inverno em 2022.<\/p>\n<p>&nbsp;<\/p>\n<p>Gostaria de receber as not\u00edcias de nata\u00e7\u00e3o e \u00e1guas abertas no seu e-mail?<\/p>\n<p><a href=\"https:\/\/lpa.nitro.news\/n-GNe\/ultimas-noticias-swim-channel\">Cadastre-se aqui<\/a><\/p>\n","protected":false},"excerpt":{"rendered":"<p>A World Aquatics anunciou hoje, ap\u00f3s a realiza\u00e7\u00e3o de seu Congresso Mundial, a sede do pr\u00f3ximo Campeonato Mundial de piscina curta, que ser\u00e1 disputado no segundo semestre de 2026. A cidade escolhida para sediar a competi\u00e7\u00e3o foi Pequim, capital chinesa de 21 milh\u00f5es de habitantes e com hist\u00f3ria na nata\u00e7\u00e3o. A cidade foi palco dos [&hellip;]<\/p>\n","protected":false},"author":3,"featured_media":75265,"comment_status":"open","ping_status":"open","sticky":false,"template":"","format":"gallery","meta":{"footnotes":""},"categories":[58],"tags":[44,1581,5,6534,5101],"class_list":["post-75263","post","type-post","status-publish","format-gallery","has-post-thumbnail","hentry","category-campeonato-mundial","tag-campeonato-mundial","tag-campeonato-mundial-de-piscina-curta","tag-natacao","tag-pequim-2026","tag-world-aquatics","post_format-post-format-gallery"],"yoast_head":"<!-- This site is optimized with the Yoast SEO plugin v27.0 - https:\/\/yoast.com\/product\/yoast-seo-wordpress\/ -->\n<title>Pequim ser\u00e1 sede do Mundial de curta de 2026 - Swimchannel<\/title>\n<meta name=\"robots\" content=\"index, follow, max-snippet:-1, max-image-preview:large, max-video-preview:-1\" \/>\n<link rel=\"canonical\" href=\"https:\/\/swimchannel.net\/br\/pequim-sera-sede-do-mundial-de-curta-de-2026\/\" \/>\n<meta property=\"og:locale\" content=\"pt_BR\" \/>\n<meta property=\"og:type\" content=\"article\" \/>\n<meta property=\"og:title\" content=\"Pequim ser\u00e1 sede do Mundial de curta de 2026 - Swimchannel\" \/>\n<meta property=\"og:description\" content=\"A World Aquatics anunciou hoje, ap\u00f3s a realiza\u00e7\u00e3o de seu Congresso Mundial, a sede do pr\u00f3ximo Campeonato Mundial de piscina curta, que ser\u00e1 disputado no segundo semestre de 2026. A cidade escolhida para sediar a competi\u00e7\u00e3o foi Pequim, capital chinesa de 21 milh\u00f5es de habitantes e com hist\u00f3ria na nata\u00e7\u00e3o. A cidade foi palco dos [&hellip;]\" \/>\n<meta property=\"og:url\" content=\"https:\/\/swimchannel.net\/br\/pequim-sera-sede-do-mundial-de-curta-de-2026\/\" \/>\n<meta property=\"og:site_name\" content=\"Swimchannel\" \/>\n<meta property=\"article:publisher\" content=\"https:\/\/www.facebook.com\/swimchannel\" \/>\n<meta property=\"article:published_time\" content=\"2025-07-29T19:15:34+00:00\" \/>\n<meta name=\"author\" content=\"Guilherme Freitas\" \/>\n<meta name=\"twitter:card\" content=\"summary_large_image\" \/>\n<meta name=\"twitter:label1\" content=\"Escrito por\" \/>\n\t<meta name=\"twitter:data1\" content=\"Guilherme Freitas\" \/>\n\t<meta name=\"twitter:label2\" content=\"Est. tempo de leitura\" \/>\n\t<meta name=\"twitter:data2\" content=\"2 minutos\" \/>\n<script type=\"application\/ld+json\" class=\"yoast-schema-graph\">{\"@context\":\"https:\/\/schema.org\",\"@graph\":[{\"@type\":\"Article\",\"@id\":\"https:\/\/swimchannel.net\/br\/pequim-sera-sede-do-mundial-de-curta-de-2026\/#article\",\"isPartOf\":{\"@id\":\"https:\/\/swimchannel.net\/br\/pequim-sera-sede-do-mundial-de-curta-de-2026\/\"},\"author\":{\"name\":\"Guilherme Freitas\",\"@id\":\"https:\/\/swimchannel.net\/br\/#\/schema\/person\/aa2a63bab3275f53749a83276b213c48\"},\"headline\":\"Pequim ser\u00e1 sede do Mundial de curta de 2026\",\"datePublished\":\"2025-07-29T19:15:34+00:00\",\"mainEntityOfPage\":{\"@id\":\"https:\/\/swimchannel.net\/br\/pequim-sera-sede-do-mundial-de-curta-de-2026\/\"},\"wordCount\":331,\"commentCount\":0,\"publisher\":{\"@id\":\"https:\/\/swimchannel.net\/br\/#organization\"},\"image\":{\"@id\":\"https:\/\/swimchannel.net\/br\/pequim-sera-sede-do-mundial-de-curta-de-2026\/#primaryimage\"},\"thumbnailUrl\":\"https:\/\/swimchannel.net\/br\/wp-content\/uploads\/2025\/07\/1a3d56a3.avif\",\"keywords\":[\"Campeonato Mundial\",\"Campeonato Mundial de piscina curta\",\"natacao\",\"Pequim-2026\",\"World Aquatics\"],\"articleSection\":[\"Campeonato Mundial\"],\"inLanguage\":\"pt-BR\",\"potentialAction\":[{\"@type\":\"CommentAction\",\"name\":\"Comment\",\"target\":[\"https:\/\/swimchannel.net\/br\/pequim-sera-sede-do-mundial-de-curta-de-2026\/#respond\"]}]},{\"@type\":\"WebPage\",\"@id\":\"https:\/\/swimchannel.net\/br\/pequim-sera-sede-do-mundial-de-curta-de-2026\/\",\"url\":\"https:\/\/swimchannel.net\/br\/pequim-sera-sede-do-mundial-de-curta-de-2026\/\",\"name\":\"Pequim ser\u00e1 sede do Mundial de curta de 2026 - Swimchannel\",\"isPartOf\":{\"@id\":\"https:\/\/swimchannel.net\/br\/#website\"},\"primaryImageOfPage\":{\"@id\":\"https:\/\/swimchannel.net\/br\/pequim-sera-sede-do-mundial-de-curta-de-2026\/#primaryimage\"},\"image\":{\"@id\":\"https:\/\/swimchannel.net\/br\/pequim-sera-sede-do-mundial-de-curta-de-2026\/#primaryimage\"},\"thumbnailUrl\":\"https:\/\/swimchannel.net\/br\/wp-content\/uploads\/2025\/07\/1a3d56a3.avif\",\"datePublished\":\"2025-07-29T19:15:34+00:00\",\"breadcrumb\":{\"@id\":\"https:\/\/swimchannel.net\/br\/pequim-sera-sede-do-mundial-de-curta-de-2026\/#breadcrumb\"},\"inLanguage\":\"pt-BR\",\"potentialAction\":[{\"@type\":\"ReadAction\",\"target\":[\"https:\/\/swimchannel.net\/br\/pequim-sera-sede-do-mundial-de-curta-de-2026\/\"]}]},{\"@type\":\"ImageObject\",\"inLanguage\":\"pt-BR\",\"@id\":\"https:\/\/swimchannel.net\/br\/pequim-sera-sede-do-mundial-de-curta-de-2026\/#primaryimage\",\"url\":\"https:\/\/swimchannel.net\/br\/wp-content\/uploads\/2025\/07\/1a3d56a3.avif\",\"contentUrl\":\"https:\/\/swimchannel.net\/br\/wp-content\/uploads\/2025\/07\/1a3d56a3.avif\",\"width\":1680,\"height\":1119,\"caption\":\"Vista do Cubo D'\u00c1gua - Foto: Reprodu\u00e7\u00e3o\"},{\"@type\":\"BreadcrumbList\",\"@id\":\"https:\/\/swimchannel.net\/br\/pequim-sera-sede-do-mundial-de-curta-de-2026\/#breadcrumb\",\"itemListElement\":[{\"@type\":\"ListItem\",\"position\":1,\"name\":\"Home\",\"item\":\"https:\/\/swimchannel.net\/br\/\"},{\"@type\":\"ListItem\",\"position\":2,\"name\":\"Pequim ser\u00e1 sede do Mundial de curta de 2026\"}]},{\"@type\":\"WebSite\",\"@id\":\"https:\/\/swimchannel.net\/br\/#website\",\"url\":\"https:\/\/swimchannel.net\/br\/\",\"name\":\"Swimchannel\",\"description\":\"Maior portal de nata\u00e7\u00e3o da america latina\",\"publisher\":{\"@id\":\"https:\/\/swimchannel.net\/br\/#organization\"},\"potentialAction\":[{\"@type\":\"SearchAction\",\"target\":{\"@type\":\"EntryPoint\",\"urlTemplate\":\"https:\/\/swimchannel.net\/br\/?s={search_term_string}\"},\"query-input\":{\"@type\":\"PropertyValueSpecification\",\"valueRequired\":true,\"valueName\":\"search_term_string\"}}],\"inLanguage\":\"pt-BR\"},{\"@type\":\"Organization\",\"@id\":\"https:\/\/swimchannel.net\/br\/#organization\",\"name\":\"Swimchannel - Conectando voc\u00ea a Nata\u00e7\u00e3o\",\"url\":\"https:\/\/swimchannel.net\/br\/\",\"logo\":{\"@type\":\"ImageObject\",\"inLanguage\":\"pt-BR\",\"@id\":\"https:\/\/swimchannel.net\/br\/#\/schema\/logo\/image\/\",\"url\":\"https:\/\/swimchannel.net\/br\/wp-content\/uploads\/2026\/02\/SWIM-CHANNEL.png\",\"contentUrl\":\"https:\/\/swimchannel.net\/br\/wp-content\/uploads\/2026\/02\/SWIM-CHANNEL.png\",\"width\":1120,\"height\":630,\"caption\":\"Swimchannel - Conectando voc\u00ea a Nata\u00e7\u00e3o\"},\"image\":{\"@id\":\"https:\/\/swimchannel.net\/br\/#\/schema\/logo\/image\/\"},\"sameAs\":[\"https:\/\/www.facebook.com\/swimchannel\",\"https:\/\/www.instagram.com\/swimchannel\"]},{\"@type\":\"Person\",\"@id\":\"https:\/\/swimchannel.net\/br\/#\/schema\/person\/aa2a63bab3275f53749a83276b213c48\",\"name\":\"Guilherme Freitas\",\"image\":{\"@type\":\"ImageObject\",\"inLanguage\":\"pt-BR\",\"@id\":\"https:\/\/swimchannel.net\/br\/#\/schema\/person\/image\/\",\"url\":\"https:\/\/swimchannel.net\/br\/wp-content\/uploads\/2025\/10\/gui22-193x180.png\",\"contentUrl\":\"https:\/\/swimchannel.net\/br\/wp-content\/uploads\/2025\/10\/gui22-193x180.png\",\"caption\":\"Guilherme Freitas\"},\"description\":\"Jornalista s\u00eanior da SWIM CHANNEL, ex-correspondente da FINA no Brasil e pesquisador acad\u00eamico.\",\"sameAs\":[\"instagram.com\/guifreitas86\"],\"url\":\"https:\/\/swimchannel.net\/br\/author\/guilherme-freitas\/\"}]}<\/script>\n<!-- \/ Yoast SEO plugin. -->","yoast_head_json":{"title":"Pequim ser\u00e1 sede do Mundial de curta de 2026 - Swimchannel","robots":{"index":"index","follow":"follow","max-snippet":"max-snippet:-1","max-image-preview":"max-image-preview:large","max-video-preview":"max-video-preview:-1"},"canonical":"https:\/\/swimchannel.net\/br\/pequim-sera-sede-do-mundial-de-curta-de-2026\/","og_locale":"pt_BR","og_type":"article","og_title":"Pequim ser\u00e1 sede do Mundial de curta de 2026 - Swimchannel","og_description":"A World Aquatics anunciou hoje, ap\u00f3s a realiza\u00e7\u00e3o de seu Congresso Mundial, a sede do pr\u00f3ximo Campeonato Mundial de piscina curta, que ser\u00e1 disputado no segundo semestre de 2026. A cidade escolhida para sediar a competi\u00e7\u00e3o foi Pequim, capital chinesa de 21 milh\u00f5es de habitantes e com hist\u00f3ria na nata\u00e7\u00e3o. A cidade foi palco dos [&hellip;]","og_url":"https:\/\/swimchannel.net\/br\/pequim-sera-sede-do-mundial-de-curta-de-2026\/","og_site_name":"Swimchannel","article_publisher":"https:\/\/www.facebook.com\/swimchannel","article_published_time":"2025-07-29T19:15:34+00:00","author":"Guilherme Freitas","twitter_card":"summary_large_image","twitter_misc":{"Escrito por":"Guilherme Freitas","Est. tempo de leitura":"2 minutos"},"schema":{"@context":"https:\/\/schema.org","@graph":[{"@type":"Article","@id":"https:\/\/swimchannel.net\/br\/pequim-sera-sede-do-mundial-de-curta-de-2026\/#article","isPartOf":{"@id":"https:\/\/swimchannel.net\/br\/pequim-sera-sede-do-mundial-de-curta-de-2026\/"},"author":{"name":"Guilherme Freitas","@id":"https:\/\/swimchannel.net\/br\/#\/schema\/person\/aa2a63bab3275f53749a83276b213c48"},"headline":"Pequim ser\u00e1 sede do Mundial de curta de 2026","datePublished":"2025-07-29T19:15:34+00:00","mainEntityOfPage":{"@id":"https:\/\/swimchannel.net\/br\/pequim-sera-sede-do-mundial-de-curta-de-2026\/"},"wordCount":331,"commentCount":0,"publisher":{"@id":"https:\/\/swimchannel.net\/br\/#organization"},"image":{"@id":"https:\/\/swimchannel.net\/br\/pequim-sera-sede-do-mundial-de-curta-de-2026\/#primaryimage"},"thumbnailUrl":"https:\/\/swimchannel.net\/br\/wp-content\/uploads\/2025\/07\/1a3d56a3.avif","keywords":["Campeonato Mundial","Campeonato Mundial de piscina curta","natacao","Pequim-2026","World Aquatics"],"articleSection":["Campeonato Mundial"],"inLanguage":"pt-BR","potentialAction":[{"@type":"CommentAction","name":"Comment","target":["https:\/\/swimchannel.net\/br\/pequim-sera-sede-do-mundial-de-curta-de-2026\/#respond"]}]},{"@type":"WebPage","@id":"https:\/\/swimchannel.net\/br\/pequim-sera-sede-do-mundial-de-curta-de-2026\/","url":"https:\/\/swimchannel.net\/br\/pequim-sera-sede-do-mundial-de-curta-de-2026\/","name":"Pequim ser\u00e1 sede do Mundial de curta de 2026 - Swimchannel","isPartOf":{"@id":"https:\/\/swimchannel.net\/br\/#website"},"primaryImageOfPage":{"@id":"https:\/\/swimchannel.net\/br\/pequim-sera-sede-do-mundial-de-curta-de-2026\/#primaryimage"},"image":{"@id":"https:\/\/swimchannel.net\/br\/pequim-sera-sede-do-mundial-de-curta-de-2026\/#primaryimage"},"thumbnailUrl":"https:\/\/swimchannel.net\/br\/wp-content\/uploads\/2025\/07\/1a3d56a3.avif","datePublished":"2025-07-29T19:15:34+00:00","breadcrumb":{"@id":"https:\/\/swimchannel.net\/br\/pequim-sera-sede-do-mundial-de-curta-de-2026\/#breadcrumb"},"inLanguage":"pt-BR","potentialAction":[{"@type":"ReadAction","target":["https:\/\/swimchannel.net\/br\/pequim-sera-sede-do-mundial-de-curta-de-2026\/"]}]},{"@type":"ImageObject","inLanguage":"pt-BR","@id":"https:\/\/swimchannel.net\/br\/pequim-sera-sede-do-mundial-de-curta-de-2026\/#primaryimage","url":"https:\/\/swimchannel.net\/br\/wp-content\/uploads\/2025\/07\/1a3d56a3.avif","contentUrl":"https:\/\/swimchannel.net\/br\/wp-content\/uploads\/2025\/07\/1a3d56a3.avif","width":1680,"height":1119,"caption":"Vista do Cubo D'\u00c1gua - Foto: Reprodu\u00e7\u00e3o"},{"@type":"BreadcrumbList","@id":"https:\/\/swimchannel.net\/br\/pequim-sera-sede-do-mundial-de-curta-de-2026\/#breadcrumb","itemListElement":[{"@type":"ListItem","position":1,"name":"Home","item":"https:\/\/swimchannel.net\/br\/"},{"@type":"ListItem","position":2,"name":"Pequim ser\u00e1 sede do Mundial de curta de 2026"}]},{"@type":"WebSite","@id":"https:\/\/swimchannel.net\/br\/#website","url":"https:\/\/swimchannel.net\/br\/","name":"Swimchannel","description":"Maior portal de nata\u00e7\u00e3o da america latina","publisher":{"@id":"https:\/\/swimchannel.net\/br\/#organization"},"potentialAction":[{"@type":"SearchAction","target":{"@type":"EntryPoint","urlTemplate":"https:\/\/swimchannel.net\/br\/?s={search_term_string}"},"query-input":{"@type":"PropertyValueSpecification","valueRequired":true,"valueName":"search_term_string"}}],"inLanguage":"pt-BR"},{"@type":"Organization","@id":"https:\/\/swimchannel.net\/br\/#organization","name":"Swimchannel - Conectando voc\u00ea a Nata\u00e7\u00e3o","url":"https:\/\/swimchannel.net\/br\/","logo":{"@type":"ImageObject","inLanguage":"pt-BR","@id":"https:\/\/swimchannel.net\/br\/#\/schema\/logo\/image\/","url":"https:\/\/swimchannel.net\/br\/wp-content\/uploads\/2026\/02\/SWIM-CHANNEL.png","contentUrl":"https:\/\/swimchannel.net\/br\/wp-content\/uploads\/2026\/02\/SWIM-CHANNEL.png","width":1120,"height":630,"caption":"Swimchannel - Conectando voc\u00ea a Nata\u00e7\u00e3o"},"image":{"@id":"https:\/\/swimchannel.net\/br\/#\/schema\/logo\/image\/"},"sameAs":["https:\/\/www.facebook.com\/swimchannel","https:\/\/www.instagram.com\/swimchannel"]},{"@type":"Person","@id":"https:\/\/swimchannel.net\/br\/#\/schema\/person\/aa2a63bab3275f53749a83276b213c48","name":"Guilherme Freitas","image":{"@type":"ImageObject","inLanguage":"pt-BR","@id":"https:\/\/swimchannel.net\/br\/#\/schema\/person\/image\/","url":"https:\/\/swimchannel.net\/br\/wp-content\/uploads\/2025\/10\/gui22-193x180.png","contentUrl":"https:\/\/swimchannel.net\/br\/wp-content\/uploads\/2025\/10\/gui22-193x180.png","caption":"Guilherme Freitas"},"description":"Jornalista s\u00eanior da SWIM CHANNEL, ex-correspondente da FINA no Brasil e pesquisador acad\u00eamico.","sameAs":["instagram.com\/guifreitas86"],"url":"https:\/\/swimchannel.net\/br\/author\/guilherme-freitas\/"}]}},"_links":{"self":[{"href":"https:\/\/swimchannel.net\/br\/wp-json\/wp\/v2\/posts\/75263","targetHints":{"allow":["GET"]}}],"collection":[{"href":"https:\/\/swimchannel.net\/br\/wp-json\/wp\/v2\/posts"}],"about":[{"href":"https:\/\/swimchannel.net\/br\/wp-json\/wp\/v2\/types\/post"}],"author":[{"embeddable":true,"href":"https:\/\/swimchannel.net\/br\/wp-json\/wp\/v2\/users\/3"}],"replies":[{"embeddable":true,"href":"https:\/\/swimchannel.net\/br\/wp-json\/wp\/v2\/comments?post=75263"}],"version-history":[{"count":1,"href":"https:\/\/swimchannel.net\/br\/wp-json\/wp\/v2\/posts\/75263\/revisions"}],"predecessor-version":[{"id":75266,"href":"https:\/\/swimchannel.net\/br\/wp-json\/wp\/v2\/posts\/75263\/revisions\/75266"}],"wp:featuredmedia":[{"embeddable":true,"href":"https:\/\/swimchannel.net\/br\/wp-json\/wp\/v2\/media\/75265"}],"wp:attachment":[{"href":"https:\/\/swimchannel.net\/br\/wp-json\/wp\/v2\/media?parent=75263"}],"wp:term":[{"taxonomy":"category","embeddable":true,"href":"https:\/\/swimchannel.net\/br\/wp-json\/wp\/v2\/categories?post=75263"},{"taxonomy":"post_tag","embeddable":true,"href":"https:\/\/swimchannel.net\/br\/wp-json\/wp\/v2\/tags?post=75263"}],"curies":[{"name":"wp","href":"https:\/\/api.w.org\/{rel}","templated":true}]}}