{"id":75317,"date":"2025-08-01T15:28:12","date_gmt":"2025-08-01T18:28:12","guid":{"rendered":"https:\/\/swimchannel.net\/br\/?p=75317"},"modified":"2025-08-01T15:28:12","modified_gmt":"2025-08-01T18:28:12","slug":"desafio-mares-inova-com-prova-contra-relogio-em-ilhabela","status":"publish","type":"post","link":"https:\/\/swimchannel.net\/br\/desafio-mares-inova-com-prova-contra-relogio-em-ilhabela\/","title":{"rendered":"Desafio Mares inova com prova \u201cContra Rel\u00f3gio\u201d em Ilhabela"},"content":{"rendered":"<p data-start=\"290\" data-end=\"592\">A pr\u00f3xima etapa do Circuito Mares j\u00e1 est\u00e1 com inscri\u00e7\u00f5es abertas e ser\u00e1 realizada nos dias 27 e 28 de setembro, na Praia do Perequ\u00ea em Ilhabela, litoral norte paulista. Com o tema \u201cAr\u201d, o evento promete dois dias de experi\u00eancias esportivas para atletas de todos os n\u00edveis e idades.Al\u00e9m das\u00a0 tradicionais provas de nata\u00e7\u00e3o em \u00e1guas abertas, o circuito oferece provas de aquathlon, corrida, stand up paddle, baterias exclusivas para o p\u00fablico infantil, al\u00e9m do Desafio Mares.<\/p>\n<p data-start=\"959\" data-end=\"1158\">O Desafio Mares ser\u00e1 realizado no s\u00e1bado (27) \u00e0s 16h30 e ser\u00e1 um Desafio Contra Rel\u00f3gio. Com percurso de 1.000 metros, a disputa ser\u00e1 individual e baseada em tempos pr\u00e9-estabelecidos pelos pr\u00f3prios participantes no momento da inscri\u00e7\u00e3o.<\/p>\n<p data-start=\"959\" data-end=\"1158\">A din\u00e2mica \u00e9 simples e ao mesmo tempo desafiadora: o atleta escolhe sua meta de tempo e precisa complet\u00e1-la sem o aux\u00edlio de rel\u00f3gios, GPS ou qualquer instrumento de medi\u00e7\u00e3o. A prova ser\u00e1 dividida em pelot\u00f5es conforme os tempos declarados \u2014 que v\u00e3o de &#8220;Sub 21 minutos&#8221; at\u00e9 &#8220;Sub 13 minutos&#8221;, com largadas programadas a cada dois minutos.O p\u00f3rtico de chegada contar\u00e1 com um cronometro regressivo que ditar\u00e1 o tempo limite para conclus\u00e3o da prova. As primeiras baterias ser\u00e3o femininas seguidas das masculinas na mesma ordem do regulamento.<\/p>\n<p data-start=\"959\" data-end=\"1158\">Veja o regulamento completo aqui: <a href=\"https:\/\/swimchannel.net\/br\/wp-content\/uploads\/2025\/07\/Desafio-Mares-Contra-Relogio.pdf\">Desafio Mares Contra Rel\u00f3gio<\/a><\/p>\n<figure id=\"attachment_75318\" aria-describedby=\"caption-attachment-75318\" style=\"width: 1422px\" class=\"wp-caption alignnone\"><img loading=\"lazy\" decoding=\"async\" class=\"size-large wp-image-75318\" src=\"https:\/\/swimchannel.net\/br\/wp-content\/uploads\/2025\/07\/490485604_1188410886632725_2015711669381483670_n-1422x800.jpg\" alt=\"\" width=\"1422\" height=\"800\" srcset=\"https:\/\/swimchannel.net\/br\/wp-content\/uploads\/2025\/07\/490485604_1188410886632725_2015711669381483670_n-1422x800.jpg 1422w, https:\/\/swimchannel.net\/br\/wp-content\/uploads\/2025\/07\/490485604_1188410886632725_2015711669381483670_n-1200x675.jpg 1200w, https:\/\/swimchannel.net\/br\/wp-content\/uploads\/2025\/07\/490485604_1188410886632725_2015711669381483670_n-320x180.jpg 320w, https:\/\/swimchannel.net\/br\/wp-content\/uploads\/2025\/07\/490485604_1188410886632725_2015711669381483670_n-768x432.jpg 768w, https:\/\/swimchannel.net\/br\/wp-content\/uploads\/2025\/07\/490485604_1188410886632725_2015711669381483670_n-1536x864.jpg 1536w, https:\/\/swimchannel.net\/br\/wp-content\/uploads\/2025\/07\/490485604_1188410886632725_2015711669381483670_n-750x422.jpg 750w, https:\/\/swimchannel.net\/br\/wp-content\/uploads\/2025\/07\/490485604_1188410886632725_2015711669381483670_n-1140x641.jpg 1140w, https:\/\/swimchannel.net\/br\/wp-content\/uploads\/2025\/07\/490485604_1188410886632725_2015711669381483670_n.jpg 2048w\" sizes=\"auto, (max-width: 1422px) 100vw, 1422px\" \/><figcaption id=\"caption-attachment-75318\" class=\"wp-caption-text\">Circuito Mares. Foto: Divulga\u00e7\u00e3o\/Facebook<\/figcaption><\/figure>\n<p data-start=\"1130\" data-end=\"1456\">O diferencial est\u00e1 no formato: vence quem cumprir exatamente o tempo prometido. Aqueles que conseguirem alcan\u00e7ar a meta recebem uma medalha personalizada da prova <em data-start=\"1293\" data-end=\"1309\">Contra Rel\u00f3gio<\/em>. Os que finalizarem o percurso acima do tempo previsto, mas ainda assim conclu\u00edrem a prova, ganham uma medalha especial de \u201cFinisher\u201d da Etapa AR.<\/p>\n<p data-start=\"1458\" data-end=\"1698\">Sem divis\u00e3o por faixas et\u00e1rias ou ac\u00famulo de pontos para ranking, o foco da prova \u00e9 promover integra\u00e7\u00e3o, desafio e entretenimento. A proposta do Circuito Mares \u00e9 clara: oferecer aos nadadores experi\u00eancias inovadoras em cada etapa do evento.<\/p>\n<p data-start=\"1458\" data-end=\"1698\">Os atletas que participarem da prova Contra Rel\u00f3gio ter\u00e3o desconto na sua segunda prova individual.O kit da prova tamb\u00e9m chama aten\u00e7\u00e3o. Com itens personalizados e exclusivos, como camiseta, sacochila, pulseira com o pace escolhido, tatuagem numeral e chip de cronometragem.<\/p>\n<figure id=\"attachment_75320\" aria-describedby=\"caption-attachment-75320\" style=\"width: 1200px\" class=\"wp-caption alignnone\"><img loading=\"lazy\" decoding=\"async\" class=\"size-large wp-image-75320\" src=\"https:\/\/swimchannel.net\/br\/wp-content\/uploads\/2025\/07\/490359009_1188410536632760_2402498619192665205_n-1200x800.jpg\" alt=\"\" width=\"1200\" height=\"800\" srcset=\"https:\/\/swimchannel.net\/br\/wp-content\/uploads\/2025\/07\/490359009_1188410536632760_2402498619192665205_n-1200x800.jpg 1200w, https:\/\/swimchannel.net\/br\/wp-content\/uploads\/2025\/07\/490359009_1188410536632760_2402498619192665205_n-1013x675.jpg 1013w, https:\/\/swimchannel.net\/br\/wp-content\/uploads\/2025\/07\/490359009_1188410536632760_2402498619192665205_n-270x180.jpg 270w, https:\/\/swimchannel.net\/br\/wp-content\/uploads\/2025\/07\/490359009_1188410536632760_2402498619192665205_n-768x512.jpg 768w, https:\/\/swimchannel.net\/br\/wp-content\/uploads\/2025\/07\/490359009_1188410536632760_2402498619192665205_n-1536x1024.jpg 1536w, https:\/\/swimchannel.net\/br\/wp-content\/uploads\/2025\/07\/490359009_1188410536632760_2402498619192665205_n-750x500.jpg 750w, https:\/\/swimchannel.net\/br\/wp-content\/uploads\/2025\/07\/490359009_1188410536632760_2402498619192665205_n-1140x760.jpg 1140w, https:\/\/swimchannel.net\/br\/wp-content\/uploads\/2025\/07\/490359009_1188410536632760_2402498619192665205_n.jpg 2048w\" sizes=\"auto, (max-width: 1200px) 100vw, 1200px\" \/><figcaption id=\"caption-attachment-75320\" class=\"wp-caption-text\">Circuito Mares. Foto: Divulga\u00e7\u00e3o\/Facebook<\/figcaption><\/figure>\n<p data-start=\"2483\" data-end=\"2764\">Os atletas podem retirar seus kits na Arena Mares, na pr\u00f3pria Praia do Perequ\u00ea, no s\u00e1bado (27) das 12h \u00e0s 18h, e no domingo (28) das 6h30 \u00e0s 12h. \u00c9 permitido que terceiros retirem o kit, desde que apresentem um termo de responsabilidade assinado e uma c\u00f3pia do documento do atleta.<\/p>\n<p data-start=\"2483\" data-end=\"2764\">As inscri\u00e7\u00f5es j\u00e1 est\u00e3o abertas aqui: <a href=\"https:\/\/www.circuitomares.com.br\/ilhabela-2025\">https:\/\/www.circuitomares.com.br\/ilhabela-2025.\u00a0<\/a>Veja mais aqui:\u00a0<a href=\"https:\/\/www.circuitomares.com.br\/ilhabela-2025\">https:\/\/www.circuitomares.com.br\/ilhabela-2025\u00a0<\/a><\/p>\n<div id=\"comp-mbsizuva\" class=\"Z_l5lU ku3DBC zQ9jDz qvSjx3 Vq6kJx comp-mbsizuva wixui-rich-text\" data-testid=\"richTextElement\">\n<p>&nbsp;<\/p>\n<\/div>\n<p>Gostaria de receber as not\u00edcias de nata\u00e7\u00e3o e \u00e1guas abertas no seu e-mail?<\/p>\n<p><a href=\"https:\/\/lpa.nitro.news\/n-GNe\/ultimas-noticias-swim-channel\">Cadastre-se aqui<\/a><\/p>\n","protected":false},"excerpt":{"rendered":"<p>A pr\u00f3xima etapa do Circuito Mares j\u00e1 est\u00e1 com inscri\u00e7\u00f5es abertas e ser\u00e1 realizada nos dias 27 e 28 de setembro, na Praia do Perequ\u00ea em Ilhabela, litoral norte paulista. Com o tema \u201cAr\u201d, o evento promete dois dias de experi\u00eancias esportivas para atletas de todos os n\u00edveis e idades.Al\u00e9m das\u00a0 tradicionais provas de nata\u00e7\u00e3o [&hellip;]<\/p>\n","protected":false},"author":9,"featured_media":75319,"comment_status":"open","ping_status":"open","sticky":false,"template":"","format":"standard","meta":{"footnotes":""},"categories":[115],"tags":[14,340,341,5],"class_list":["post-75317","post","type-post","status-publish","format-standard","has-post-thumbnail","hentry","category-aguas-abertas","tag-aguas-abertas","tag-circuito-mares","tag-ilhabela","tag-natacao"],"yoast_head":"<!-- This site is optimized with the Yoast SEO plugin v27.0 - https:\/\/yoast.com\/product\/yoast-seo-wordpress\/ -->\n<title>Desafio Mares inova com prova \u201cContra Rel\u00f3gio\u201d em Ilhabela - Swimchannel<\/title>\n<meta name=\"robots\" content=\"index, follow, max-snippet:-1, max-image-preview:large, max-video-preview:-1\" \/>\n<link rel=\"canonical\" href=\"https:\/\/swimchannel.net\/br\/desafio-mares-inova-com-prova-contra-relogio-em-ilhabela\/\" \/>\n<meta property=\"og:locale\" content=\"pt_BR\" \/>\n<meta property=\"og:type\" content=\"article\" \/>\n<meta property=\"og:title\" content=\"Desafio Mares inova com prova \u201cContra Rel\u00f3gio\u201d em Ilhabela - Swimchannel\" \/>\n<meta property=\"og:description\" content=\"A pr\u00f3xima etapa do Circuito Mares j\u00e1 est\u00e1 com inscri\u00e7\u00f5es abertas e ser\u00e1 realizada nos dias 27 e 28 de setembro, na Praia do Perequ\u00ea em Ilhabela, litoral norte paulista. Com o tema \u201cAr\u201d, o evento promete dois dias de experi\u00eancias esportivas para atletas de todos os n\u00edveis e idades.Al\u00e9m das\u00a0 tradicionais provas de nata\u00e7\u00e3o [&hellip;]\" \/>\n<meta property=\"og:url\" content=\"https:\/\/swimchannel.net\/br\/desafio-mares-inova-com-prova-contra-relogio-em-ilhabela\/\" \/>\n<meta property=\"og:site_name\" content=\"Swimchannel\" \/>\n<meta property=\"article:publisher\" content=\"https:\/\/www.facebook.com\/swimchannel\" \/>\n<meta property=\"article:published_time\" content=\"2025-08-01T18:28:12+00:00\" \/>\n<meta property=\"og:image\" content=\"https:\/\/swimchannel.net\/br\/wp-content\/uploads\/2025\/07\/490514376_1188410513299429_3544332249084239230_n.jpg\" \/>\n\t<meta property=\"og:image:width\" content=\"2048\" \/>\n\t<meta property=\"og:image:height\" content=\"1152\" \/>\n\t<meta property=\"og:image:type\" content=\"image\/jpeg\" \/>\n<meta name=\"author\" content=\"Katarine Monteiro\" \/>\n<meta name=\"twitter:card\" content=\"summary_large_image\" \/>\n<meta name=\"twitter:creator\" content=\"@https:\/\/twitter.com\/Katarinem\" \/>\n<meta name=\"twitter:label1\" content=\"Escrito por\" \/>\n\t<meta name=\"twitter:data1\" content=\"Katarine Monteiro\" \/>\n\t<meta name=\"twitter:label2\" content=\"Est. tempo de leitura\" \/>\n\t<meta name=\"twitter:data2\" content=\"2 minutos\" \/>\n<script type=\"application\/ld+json\" class=\"yoast-schema-graph\">{\"@context\":\"https:\/\/schema.org\",\"@graph\":[{\"@type\":\"Article\",\"@id\":\"https:\/\/swimchannel.net\/br\/desafio-mares-inova-com-prova-contra-relogio-em-ilhabela\/#article\",\"isPartOf\":{\"@id\":\"https:\/\/swimchannel.net\/br\/desafio-mares-inova-com-prova-contra-relogio-em-ilhabela\/\"},\"author\":{\"name\":\"Katarine Monteiro\",\"@id\":\"https:\/\/swimchannel.net\/br\/#\/schema\/person\/73ae9cec62249968bca1f0a8098ef002\"},\"headline\":\"Desafio Mares inova com prova \u201cContra Rel\u00f3gio\u201d em Ilhabela\",\"datePublished\":\"2025-08-01T18:28:12+00:00\",\"mainEntityOfPage\":{\"@id\":\"https:\/\/swimchannel.net\/br\/desafio-mares-inova-com-prova-contra-relogio-em-ilhabela\/\"},\"wordCount\":497,\"commentCount\":0,\"publisher\":{\"@id\":\"https:\/\/swimchannel.net\/br\/#organization\"},\"image\":{\"@id\":\"https:\/\/swimchannel.net\/br\/desafio-mares-inova-com-prova-contra-relogio-em-ilhabela\/#primaryimage\"},\"thumbnailUrl\":\"https:\/\/swimchannel.net\/br\/wp-content\/uploads\/2025\/07\/490514376_1188410513299429_3544332249084239230_n.jpg\",\"keywords\":[\"\u00c1guas abertas\",\"Circuito Mares\",\"Ilhabela\",\"natacao\"],\"articleSection\":[\"\u00c1guas Abertas\"],\"inLanguage\":\"pt-BR\",\"potentialAction\":[{\"@type\":\"CommentAction\",\"name\":\"Comment\",\"target\":[\"https:\/\/swimchannel.net\/br\/desafio-mares-inova-com-prova-contra-relogio-em-ilhabela\/#respond\"]}]},{\"@type\":\"WebPage\",\"@id\":\"https:\/\/swimchannel.net\/br\/desafio-mares-inova-com-prova-contra-relogio-em-ilhabela\/\",\"url\":\"https:\/\/swimchannel.net\/br\/desafio-mares-inova-com-prova-contra-relogio-em-ilhabela\/\",\"name\":\"Desafio Mares inova com prova \u201cContra Rel\u00f3gio\u201d em Ilhabela - Swimchannel\",\"isPartOf\":{\"@id\":\"https:\/\/swimchannel.net\/br\/#website\"},\"primaryImageOfPage\":{\"@id\":\"https:\/\/swimchannel.net\/br\/desafio-mares-inova-com-prova-contra-relogio-em-ilhabela\/#primaryimage\"},\"image\":{\"@id\":\"https:\/\/swimchannel.net\/br\/desafio-mares-inova-com-prova-contra-relogio-em-ilhabela\/#primaryimage\"},\"thumbnailUrl\":\"https:\/\/swimchannel.net\/br\/wp-content\/uploads\/2025\/07\/490514376_1188410513299429_3544332249084239230_n.jpg\",\"datePublished\":\"2025-08-01T18:28:12+00:00\",\"breadcrumb\":{\"@id\":\"https:\/\/swimchannel.net\/br\/desafio-mares-inova-com-prova-contra-relogio-em-ilhabela\/#breadcrumb\"},\"inLanguage\":\"pt-BR\",\"potentialAction\":[{\"@type\":\"ReadAction\",\"target\":[\"https:\/\/swimchannel.net\/br\/desafio-mares-inova-com-prova-contra-relogio-em-ilhabela\/\"]}]},{\"@type\":\"ImageObject\",\"inLanguage\":\"pt-BR\",\"@id\":\"https:\/\/swimchannel.net\/br\/desafio-mares-inova-com-prova-contra-relogio-em-ilhabela\/#primaryimage\",\"url\":\"https:\/\/swimchannel.net\/br\/wp-content\/uploads\/2025\/07\/490514376_1188410513299429_3544332249084239230_n.jpg\",\"contentUrl\":\"https:\/\/swimchannel.net\/br\/wp-content\/uploads\/2025\/07\/490514376_1188410513299429_3544332249084239230_n.jpg\",\"width\":2048,\"height\":1152,\"caption\":\"Circuito Mares. Foto: Divulga\u00e7\u00e3o\/Facebook\"},{\"@type\":\"BreadcrumbList\",\"@id\":\"https:\/\/swimchannel.net\/br\/desafio-mares-inova-com-prova-contra-relogio-em-ilhabela\/#breadcrumb\",\"itemListElement\":[{\"@type\":\"ListItem\",\"position\":1,\"name\":\"Home\",\"item\":\"https:\/\/swimchannel.net\/br\/\"},{\"@type\":\"ListItem\",\"position\":2,\"name\":\"Desafio Mares inova com prova \u201cContra Rel\u00f3gio\u201d em Ilhabela\"}]},{\"@type\":\"WebSite\",\"@id\":\"https:\/\/swimchannel.net\/br\/#website\",\"url\":\"https:\/\/swimchannel.net\/br\/\",\"name\":\"Swimchannel\",\"description\":\"Maior portal de nata\u00e7\u00e3o da america latina\",\"publisher\":{\"@id\":\"https:\/\/swimchannel.net\/br\/#organization\"},\"potentialAction\":[{\"@type\":\"SearchAction\",\"target\":{\"@type\":\"EntryPoint\",\"urlTemplate\":\"https:\/\/swimchannel.net\/br\/?s={search_term_string}\"},\"query-input\":{\"@type\":\"PropertyValueSpecification\",\"valueRequired\":true,\"valueName\":\"search_term_string\"}}],\"inLanguage\":\"pt-BR\"},{\"@type\":\"Organization\",\"@id\":\"https:\/\/swimchannel.net\/br\/#organization\",\"name\":\"Swimchannel - Conectando voc\u00ea a Nata\u00e7\u00e3o\",\"url\":\"https:\/\/swimchannel.net\/br\/\",\"logo\":{\"@type\":\"ImageObject\",\"inLanguage\":\"pt-BR\",\"@id\":\"https:\/\/swimchannel.net\/br\/#\/schema\/logo\/image\/\",\"url\":\"https:\/\/swimchannel.net\/br\/wp-content\/uploads\/2026\/02\/SWIM-CHANNEL.png\",\"contentUrl\":\"https:\/\/swimchannel.net\/br\/wp-content\/uploads\/2026\/02\/SWIM-CHANNEL.png\",\"width\":1120,\"height\":630,\"caption\":\"Swimchannel - Conectando voc\u00ea a Nata\u00e7\u00e3o\"},\"image\":{\"@id\":\"https:\/\/swimchannel.net\/br\/#\/schema\/logo\/image\/\"},\"sameAs\":[\"https:\/\/www.facebook.com\/swimchannel\",\"https:\/\/www.instagram.com\/swimchannel\"]},{\"@type\":\"Person\",\"@id\":\"https:\/\/swimchannel.net\/br\/#\/schema\/person\/73ae9cec62249968bca1f0a8098ef002\",\"name\":\"Katarine Monteiro\",\"image\":{\"@type\":\"ImageObject\",\"inLanguage\":\"pt-BR\",\"@id\":\"https:\/\/swimchannel.net\/br\/#\/schema\/person\/image\/\",\"url\":\"https:\/\/swimchannel.net\/br\/wp-content\/uploads\/2022\/01\/Katarine-Monteiro-100x100.jpg\",\"contentUrl\":\"https:\/\/swimchannel.net\/br\/wp-content\/uploads\/2022\/01\/Katarine-Monteiro-100x100.jpg\",\"caption\":\"Katarine Monteiro\"},\"description\":\"Jornalista SWIM CHANNEL especializada em esportes ol\u00edmpicos e em sa\u00fade. Com cobertura de grandes eventos internacionais, como Jogos Ol\u00edmpicos Rio 2016, Jogos Pan-Americanos em Lima 2019, Qatar Total Open 2020, Qatar ExxonMobil Open 2019 - t\u00eanis em Doha (QT), Semana Internacional de Vela de Ilhabela, Transat Jacques Vabre 2019 (Fran\u00e7a-Brasil), L'\u00c9tape Brasil by Tour de France, j\u00e1 fez in\u00fameras coberturas de nata\u00e7\u00e3o, maratona aqu\u00e1tica e polo aqu\u00e1tico. Formada tamb\u00e9m em Letras, a jornalista atua como assessora de imprensa, rela\u00e7\u00f5es p\u00fablicas e social media, com especializa\u00e7\u00e3o em marketing esportivo. Nadadora amadora de \u00e1guas abertas, j\u00e1 trabalhou com grandes nomes da nata\u00e7\u00e3o e do polo aqu\u00e1tico brasileiro.\",\"sameAs\":[\"https:\/\/www.instagram.com\/_katarinemonteiro\/\",\"https:\/\/www.linkedin.com\/in\/katarine-monteiro-19385297\/\",\"https:\/\/x.com\/https:\/\/twitter.com\/Katarinem\"],\"url\":\"https:\/\/swimchannel.net\/br\/author\/katarine-monteiro\/\"}]}<\/script>\n<!-- \/ Yoast SEO plugin. -->","yoast_head_json":{"title":"Desafio Mares inova com prova \u201cContra Rel\u00f3gio\u201d em Ilhabela - Swimchannel","robots":{"index":"index","follow":"follow","max-snippet":"max-snippet:-1","max-image-preview":"max-image-preview:large","max-video-preview":"max-video-preview:-1"},"canonical":"https:\/\/swimchannel.net\/br\/desafio-mares-inova-com-prova-contra-relogio-em-ilhabela\/","og_locale":"pt_BR","og_type":"article","og_title":"Desafio Mares inova com prova \u201cContra Rel\u00f3gio\u201d em Ilhabela - Swimchannel","og_description":"A pr\u00f3xima etapa do Circuito Mares j\u00e1 est\u00e1 com inscri\u00e7\u00f5es abertas e ser\u00e1 realizada nos dias 27 e 28 de setembro, na Praia do Perequ\u00ea em Ilhabela, litoral norte paulista. Com o tema \u201cAr\u201d, o evento promete dois dias de experi\u00eancias esportivas para atletas de todos os n\u00edveis e idades.Al\u00e9m das\u00a0 tradicionais provas de nata\u00e7\u00e3o [&hellip;]","og_url":"https:\/\/swimchannel.net\/br\/desafio-mares-inova-com-prova-contra-relogio-em-ilhabela\/","og_site_name":"Swimchannel","article_publisher":"https:\/\/www.facebook.com\/swimchannel","article_published_time":"2025-08-01T18:28:12+00:00","og_image":[{"width":2048,"height":1152,"url":"https:\/\/swimchannel.net\/br\/wp-content\/uploads\/2025\/07\/490514376_1188410513299429_3544332249084239230_n.jpg","type":"image\/jpeg"}],"author":"Katarine Monteiro","twitter_card":"summary_large_image","twitter_creator":"@https:\/\/twitter.com\/Katarinem","twitter_misc":{"Escrito por":"Katarine Monteiro","Est. tempo de leitura":"2 minutos"},"schema":{"@context":"https:\/\/schema.org","@graph":[{"@type":"Article","@id":"https:\/\/swimchannel.net\/br\/desafio-mares-inova-com-prova-contra-relogio-em-ilhabela\/#article","isPartOf":{"@id":"https:\/\/swimchannel.net\/br\/desafio-mares-inova-com-prova-contra-relogio-em-ilhabela\/"},"author":{"name":"Katarine Monteiro","@id":"https:\/\/swimchannel.net\/br\/#\/schema\/person\/73ae9cec62249968bca1f0a8098ef002"},"headline":"Desafio Mares inova com prova \u201cContra Rel\u00f3gio\u201d em Ilhabela","datePublished":"2025-08-01T18:28:12+00:00","mainEntityOfPage":{"@id":"https:\/\/swimchannel.net\/br\/desafio-mares-inova-com-prova-contra-relogio-em-ilhabela\/"},"wordCount":497,"commentCount":0,"publisher":{"@id":"https:\/\/swimchannel.net\/br\/#organization"},"image":{"@id":"https:\/\/swimchannel.net\/br\/desafio-mares-inova-com-prova-contra-relogio-em-ilhabela\/#primaryimage"},"thumbnailUrl":"https:\/\/swimchannel.net\/br\/wp-content\/uploads\/2025\/07\/490514376_1188410513299429_3544332249084239230_n.jpg","keywords":["\u00c1guas abertas","Circuito Mares","Ilhabela","natacao"],"articleSection":["\u00c1guas Abertas"],"inLanguage":"pt-BR","potentialAction":[{"@type":"CommentAction","name":"Comment","target":["https:\/\/swimchannel.net\/br\/desafio-mares-inova-com-prova-contra-relogio-em-ilhabela\/#respond"]}]},{"@type":"WebPage","@id":"https:\/\/swimchannel.net\/br\/desafio-mares-inova-com-prova-contra-relogio-em-ilhabela\/","url":"https:\/\/swimchannel.net\/br\/desafio-mares-inova-com-prova-contra-relogio-em-ilhabela\/","name":"Desafio Mares inova com prova \u201cContra Rel\u00f3gio\u201d em Ilhabela - Swimchannel","isPartOf":{"@id":"https:\/\/swimchannel.net\/br\/#website"},"primaryImageOfPage":{"@id":"https:\/\/swimchannel.net\/br\/desafio-mares-inova-com-prova-contra-relogio-em-ilhabela\/#primaryimage"},"image":{"@id":"https:\/\/swimchannel.net\/br\/desafio-mares-inova-com-prova-contra-relogio-em-ilhabela\/#primaryimage"},"thumbnailUrl":"https:\/\/swimchannel.net\/br\/wp-content\/uploads\/2025\/07\/490514376_1188410513299429_3544332249084239230_n.jpg","datePublished":"2025-08-01T18:28:12+00:00","breadcrumb":{"@id":"https:\/\/swimchannel.net\/br\/desafio-mares-inova-com-prova-contra-relogio-em-ilhabela\/#breadcrumb"},"inLanguage":"pt-BR","potentialAction":[{"@type":"ReadAction","target":["https:\/\/swimchannel.net\/br\/desafio-mares-inova-com-prova-contra-relogio-em-ilhabela\/"]}]},{"@type":"ImageObject","inLanguage":"pt-BR","@id":"https:\/\/swimchannel.net\/br\/desafio-mares-inova-com-prova-contra-relogio-em-ilhabela\/#primaryimage","url":"https:\/\/swimchannel.net\/br\/wp-content\/uploads\/2025\/07\/490514376_1188410513299429_3544332249084239230_n.jpg","contentUrl":"https:\/\/swimchannel.net\/br\/wp-content\/uploads\/2025\/07\/490514376_1188410513299429_3544332249084239230_n.jpg","width":2048,"height":1152,"caption":"Circuito Mares. Foto: Divulga\u00e7\u00e3o\/Facebook"},{"@type":"BreadcrumbList","@id":"https:\/\/swimchannel.net\/br\/desafio-mares-inova-com-prova-contra-relogio-em-ilhabela\/#breadcrumb","itemListElement":[{"@type":"ListItem","position":1,"name":"Home","item":"https:\/\/swimchannel.net\/br\/"},{"@type":"ListItem","position":2,"name":"Desafio Mares inova com prova \u201cContra Rel\u00f3gio\u201d em Ilhabela"}]},{"@type":"WebSite","@id":"https:\/\/swimchannel.net\/br\/#website","url":"https:\/\/swimchannel.net\/br\/","name":"Swimchannel","description":"Maior portal de nata\u00e7\u00e3o da america latina","publisher":{"@id":"https:\/\/swimchannel.net\/br\/#organization"},"potentialAction":[{"@type":"SearchAction","target":{"@type":"EntryPoint","urlTemplate":"https:\/\/swimchannel.net\/br\/?s={search_term_string}"},"query-input":{"@type":"PropertyValueSpecification","valueRequired":true,"valueName":"search_term_string"}}],"inLanguage":"pt-BR"},{"@type":"Organization","@id":"https:\/\/swimchannel.net\/br\/#organization","name":"Swimchannel - Conectando voc\u00ea a Nata\u00e7\u00e3o","url":"https:\/\/swimchannel.net\/br\/","logo":{"@type":"ImageObject","inLanguage":"pt-BR","@id":"https:\/\/swimchannel.net\/br\/#\/schema\/logo\/image\/","url":"https:\/\/swimchannel.net\/br\/wp-content\/uploads\/2026\/02\/SWIM-CHANNEL.png","contentUrl":"https:\/\/swimchannel.net\/br\/wp-content\/uploads\/2026\/02\/SWIM-CHANNEL.png","width":1120,"height":630,"caption":"Swimchannel - Conectando voc\u00ea a Nata\u00e7\u00e3o"},"image":{"@id":"https:\/\/swimchannel.net\/br\/#\/schema\/logo\/image\/"},"sameAs":["https:\/\/www.facebook.com\/swimchannel","https:\/\/www.instagram.com\/swimchannel"]},{"@type":"Person","@id":"https:\/\/swimchannel.net\/br\/#\/schema\/person\/73ae9cec62249968bca1f0a8098ef002","name":"Katarine Monteiro","image":{"@type":"ImageObject","inLanguage":"pt-BR","@id":"https:\/\/swimchannel.net\/br\/#\/schema\/person\/image\/","url":"https:\/\/swimchannel.net\/br\/wp-content\/uploads\/2022\/01\/Katarine-Monteiro-100x100.jpg","contentUrl":"https:\/\/swimchannel.net\/br\/wp-content\/uploads\/2022\/01\/Katarine-Monteiro-100x100.jpg","caption":"Katarine Monteiro"},"description":"Jornalista SWIM CHANNEL especializada em esportes ol\u00edmpicos e em sa\u00fade. Com cobertura de grandes eventos internacionais, como Jogos Ol\u00edmpicos Rio 2016, Jogos Pan-Americanos em Lima 2019, Qatar Total Open 2020, Qatar ExxonMobil Open 2019 - t\u00eanis em Doha (QT), Semana Internacional de Vela de Ilhabela, Transat Jacques Vabre 2019 (Fran\u00e7a-Brasil), L'\u00c9tape Brasil by Tour de France, j\u00e1 fez in\u00fameras coberturas de nata\u00e7\u00e3o, maratona aqu\u00e1tica e polo aqu\u00e1tico. Formada tamb\u00e9m em Letras, a jornalista atua como assessora de imprensa, rela\u00e7\u00f5es p\u00fablicas e social media, com especializa\u00e7\u00e3o em marketing esportivo. Nadadora amadora de \u00e1guas abertas, j\u00e1 trabalhou com grandes nomes da nata\u00e7\u00e3o e do polo aqu\u00e1tico brasileiro.","sameAs":["https:\/\/www.instagram.com\/_katarinemonteiro\/","https:\/\/www.linkedin.com\/in\/katarine-monteiro-19385297\/","https:\/\/x.com\/https:\/\/twitter.com\/Katarinem"],"url":"https:\/\/swimchannel.net\/br\/author\/katarine-monteiro\/"}]}},"_links":{"self":[{"href":"https:\/\/swimchannel.net\/br\/wp-json\/wp\/v2\/posts\/75317","targetHints":{"allow":["GET"]}}],"collection":[{"href":"https:\/\/swimchannel.net\/br\/wp-json\/wp\/v2\/posts"}],"about":[{"href":"https:\/\/swimchannel.net\/br\/wp-json\/wp\/v2\/types\/post"}],"author":[{"embeddable":true,"href":"https:\/\/swimchannel.net\/br\/wp-json\/wp\/v2\/users\/9"}],"replies":[{"embeddable":true,"href":"https:\/\/swimchannel.net\/br\/wp-json\/wp\/v2\/comments?post=75317"}],"version-history":[{"count":5,"href":"https:\/\/swimchannel.net\/br\/wp-json\/wp\/v2\/posts\/75317\/revisions"}],"predecessor-version":[{"id":75357,"href":"https:\/\/swimchannel.net\/br\/wp-json\/wp\/v2\/posts\/75317\/revisions\/75357"}],"wp:featuredmedia":[{"embeddable":true,"href":"https:\/\/swimchannel.net\/br\/wp-json\/wp\/v2\/media\/75319"}],"wp:attachment":[{"href":"https:\/\/swimchannel.net\/br\/wp-json\/wp\/v2\/media?parent=75317"}],"wp:term":[{"taxonomy":"category","embeddable":true,"href":"https:\/\/swimchannel.net\/br\/wp-json\/wp\/v2\/categories?post=75317"},{"taxonomy":"post_tag","embeddable":true,"href":"https:\/\/swimchannel.net\/br\/wp-json\/wp\/v2\/tags?post=75317"}],"curies":[{"name":"wp","href":"https:\/\/api.w.org\/{rel}","templated":true}]}}