{"id":75619,"date":"2025-08-19T12:21:51","date_gmt":"2025-08-19T15:21:51","guid":{"rendered":"https:\/\/swimchannel.net\/br\/?p=75619"},"modified":"2025-08-20T17:32:14","modified_gmt":"2025-08-20T20:32:14","slug":"gustavo-frias-e-anne-brumana-triunfam-na-mega-do-ita","status":"publish","type":"post","link":"https:\/\/swimchannel.net\/br\/gustavo-frias-e-anne-brumana-triunfam-na-mega-do-ita\/","title":{"rendered":"Gustavo Frias e Anne Brumana triunfam na Mega do Ita"},"content":{"rendered":"<p>As \u00e1guas do Rio Itapanhau foram palco no \u00faltimo fim de semana das disputas da prova Mega do Ita, competi\u00e7\u00e3o promovida pela Associa\u00e7\u00e3o 14 Bis e que conta com percurso de 21 km. Os grandes campe\u00f5es da ultramaratona aqu\u00e1tica foram Gustavo Frias e Anne Brumana. O evento contou tamb\u00e9m com disputas em revezamento misto que teve como campe\u00e3o o time da Unianchieta.<\/p>\n<p>Na prova masculina a vit\u00f3ria foi do nadador da TNT Master, Gustavo Frias. O atleta, que celebrou muito a conquista, triunfou com tempo total de 4h04min08s, sendo seguido por Jhonathan Vilela, da Samir Barel, que sagrou-se vice-campe\u00e3o com o tempo de 4h08min16s. O nadador Tiago Sato, da Jacano\u00e1, ficou em terceiro lugar com 4h17min47s. Completaram o top 5 Lucas de Castro, da EEF PMESP, em quarto com 4h18min18s e Gustavo Verdelli, da One Master Swim Team, em quinto com 4h19min09s.<\/p>\n<figure id=\"attachment_75624\" aria-describedby=\"caption-attachment-75624\" style=\"width: 800px\" class=\"wp-caption alignnone\"><img loading=\"lazy\" decoding=\"async\" class=\"size-large wp-image-75624\" src=\"https:\/\/swimchannel.net\/br\/wp-content\/uploads\/2025\/08\/gustavo1-800x800.jpg\" alt=\"\" width=\"800\" height=\"800\" srcset=\"https:\/\/swimchannel.net\/br\/wp-content\/uploads\/2025\/08\/gustavo1-800x800.jpg 800w, https:\/\/swimchannel.net\/br\/wp-content\/uploads\/2025\/08\/gustavo1-675x675.jpg 675w, https:\/\/swimchannel.net\/br\/wp-content\/uploads\/2025\/08\/gustavo1-180x180.jpg 180w, https:\/\/swimchannel.net\/br\/wp-content\/uploads\/2025\/08\/gustavo1-768x768.jpg 768w, https:\/\/swimchannel.net\/br\/wp-content\/uploads\/2025\/08\/gustavo1-75x75.jpg 75w, https:\/\/swimchannel.net\/br\/wp-content\/uploads\/2025\/08\/gustavo1-750x750.jpg 750w, https:\/\/swimchannel.net\/br\/wp-content\/uploads\/2025\/08\/gustavo1.jpg 1080w\" sizes=\"auto, (max-width: 800px) 100vw, 800px\" \/><figcaption id=\"caption-attachment-75624\" class=\"wp-caption-text\">Gustavo Mendes &#8211; Foto: Fotop<\/figcaption><\/figure>\n<p>Entre as mulheres o t\u00edtulo ficou com Anne Brumana, da Vem Nadar, que obteve o triunfo com tempo total de 4h40min22s. Jhennifer Dornelas, da Talentos do Cap\u00e3o, terminou em segundo lugar com 4h49min16s e Andrea Mustafa, da Yellow Cap, completou o p\u00f3dio com 4h58min23s. Tamb\u00e9m chegaram no top 5 as nadadoras Mariana Cardoso, da Aquamarinho, e Isabela Senatore, da Sociedade Hipica de Campinas. Mariana foi a quarta colocada com 5h01min16s e Isabela a quinta com 5h01min26s.<\/p>\n<p>Na prova por revezamento misto, vit\u00f3ria do time da Unianchieta. O quarteto formado por Murilo Bianchini, Celso Bassan, Maysa Yokohama e Isabela Ricardi venceu com 4h14min54s. Em segundo lugar veio o time da Vem Nadar de Eduardo Azevedo, Monica Torres, Julia Mello e Claudia Moreira com 4h34min01s; Na terceira coloca\u00e7\u00e3o chegou a equipe do Taubat\u00e9 Country Club, formada por Leonardo Matsuda, Maria Eduarda Morgado, Leonardo Fortes e Julian Rocha com 4h44min07s.<\/p>\n<figure id=\"attachment_75621\" aria-describedby=\"caption-attachment-75621\" style=\"width: 704px\" class=\"wp-caption alignnone\"><img loading=\"lazy\" decoding=\"async\" class=\"size-large wp-image-75621\" src=\"https:\/\/swimchannel.net\/br\/wp-content\/uploads\/2025\/08\/anne1-704x800.jpg\" alt=\"\" width=\"704\" height=\"800\" srcset=\"https:\/\/swimchannel.net\/br\/wp-content\/uploads\/2025\/08\/anne1-704x800.jpg 704w, https:\/\/swimchannel.net\/br\/wp-content\/uploads\/2025\/08\/anne1-594x675.jpg 594w, https:\/\/swimchannel.net\/br\/wp-content\/uploads\/2025\/08\/anne1-158x180.jpg 158w, https:\/\/swimchannel.net\/br\/wp-content\/uploads\/2025\/08\/anne1-768x873.jpg 768w, https:\/\/swimchannel.net\/br\/wp-content\/uploads\/2025\/08\/anne1-750x853.jpg 750w, https:\/\/swimchannel.net\/br\/wp-content\/uploads\/2025\/08\/anne1.jpg 1080w\" sizes=\"auto, (max-width: 704px) 100vw, 704px\" \/><figcaption id=\"caption-attachment-75621\" class=\"wp-caption-text\">Anne Brumana &#8211; Foto: Reprodu\u00e7\u00e3o\/Instagram<\/figcaption><\/figure>\n<p>A prova \u00e9 uma das mais especiais da nata\u00e7\u00e3o paulista de \u00e1guas abertas pela suas caracter\u00edsticas \u00fanicas. Tradicionalmente o percurso permite que os atletas aproveitem a forte correnteza a favor e nadam &#8220;descendo&#8221; o rio, ganhando muita velocidade ao longo do percurso. Nesse ano n\u00e3o foi bem assim, a edi\u00e7\u00e3o contou com adversidades naturais onde os atletas n\u00e3o tiveram ajuda da correnteza e inclusive enfrentaram trechos contra, o que tornou a ultramaratona ainda mais desafiadora para aqueles que completaram a prova em 2025. Na Mega do Ita a largada acontece em Vista Linda, em Bertioga, com chegada no Forte S\u00e3o Jo\u00e3o, em Santos. Os resultados completos da edi\u00e7\u00e3o 2025 da Mega do Ita pode ser conferido aqui: <strong><a href=\"https:\/\/a14.org.br\/\" target=\"_blank\" rel=\"noopener\">https:\/\/a14.org.br\/<\/a><\/strong>.<\/p>\n<p>&nbsp;<\/p>\n<p>Gostaria de receber as not\u00edcias de nata\u00e7\u00e3o e \u00e1guas abertas no seu email?<\/p>\n<p><a href=\"https:\/\/lpa.nitro.news\/n-GNe\/ultimas-noticias-swim-channel\">Cadastre-se aqui<\/a><\/p>\n","protected":false},"excerpt":{"rendered":"<p>As \u00e1guas do Rio Itapanhau foram palco no \u00faltimo fim de semana das disputas da prova Mega do Ita, competi\u00e7\u00e3o promovida pela Associa\u00e7\u00e3o 14 Bis e que conta com percurso de 21 km. Os grandes campe\u00f5es da ultramaratona aqu\u00e1tica foram Gustavo Frias e Anne Brumana. O evento contou tamb\u00e9m com disputas em revezamento misto que [&hellip;]<\/p>\n","protected":false},"author":3,"featured_media":75623,"comment_status":"open","ping_status":"open","sticky":false,"template":"","format":"gallery","meta":{"footnotes":""},"categories":[115],"tags":[14,6554,971,6553,6550,5,6551],"class_list":["post-75619","post","type-post","status-publish","format-gallery","has-post-thumbnail","hentry","category-aguas-abertas","tag-aguas-abertas","tag-anne-brumana","tag-associacao-14-bis","tag-gustavo-frias","tag-mega-do-ita","tag-natacao","tag-ultra-do-ita","post_format-post-format-gallery"],"yoast_head":"<!-- This site is optimized with the Yoast SEO plugin v27.0 - https:\/\/yoast.com\/product\/yoast-seo-wordpress\/ -->\n<title>Gustavo Frias e Anne Brumana triunfam na Mega do Ita - Swimchannel<\/title>\n<meta name=\"robots\" content=\"index, follow, max-snippet:-1, max-image-preview:large, max-video-preview:-1\" \/>\n<link rel=\"canonical\" href=\"https:\/\/swimchannel.net\/br\/gustavo-frias-e-anne-brumana-triunfam-na-mega-do-ita\/\" \/>\n<meta property=\"og:locale\" content=\"pt_BR\" \/>\n<meta property=\"og:type\" content=\"article\" \/>\n<meta property=\"og:title\" content=\"Gustavo Frias e Anne Brumana triunfam na Mega do Ita - Swimchannel\" \/>\n<meta property=\"og:description\" content=\"As \u00e1guas do Rio Itapanhau foram palco no \u00faltimo fim de semana das disputas da prova Mega do Ita, competi\u00e7\u00e3o promovida pela Associa\u00e7\u00e3o 14 Bis e que conta com percurso de 21 km. Os grandes campe\u00f5es da ultramaratona aqu\u00e1tica foram Gustavo Frias e Anne Brumana. O evento contou tamb\u00e9m com disputas em revezamento misto que [&hellip;]\" \/>\n<meta property=\"og:url\" content=\"https:\/\/swimchannel.net\/br\/gustavo-frias-e-anne-brumana-triunfam-na-mega-do-ita\/\" \/>\n<meta property=\"og:site_name\" content=\"Swimchannel\" \/>\n<meta property=\"article:publisher\" content=\"https:\/\/www.facebook.com\/swimchannel\" \/>\n<meta property=\"article:published_time\" content=\"2025-08-19T15:21:51+00:00\" \/>\n<meta property=\"article:modified_time\" content=\"2025-08-20T20:32:14+00:00\" \/>\n<meta property=\"og:image\" content=\"https:\/\/swimchannel.net\/br\/wp-content\/uploads\/2025\/08\/gustavo2.jpg\" \/>\n\t<meta property=\"og:image:width\" content=\"1080\" \/>\n\t<meta property=\"og:image:height\" content=\"705\" \/>\n\t<meta property=\"og:image:type\" content=\"image\/jpeg\" \/>\n<meta name=\"author\" content=\"Guilherme Freitas\" \/>\n<meta name=\"twitter:card\" content=\"summary_large_image\" \/>\n<meta name=\"twitter:label1\" content=\"Escrito por\" \/>\n\t<meta name=\"twitter:data1\" content=\"Guilherme Freitas\" \/>\n\t<meta name=\"twitter:label2\" content=\"Est. tempo de leitura\" \/>\n\t<meta name=\"twitter:data2\" content=\"2 minutos\" \/>\n<script type=\"application\/ld+json\" class=\"yoast-schema-graph\">{\"@context\":\"https:\/\/schema.org\",\"@graph\":[{\"@type\":\"Article\",\"@id\":\"https:\/\/swimchannel.net\/br\/gustavo-frias-e-anne-brumana-triunfam-na-mega-do-ita\/#article\",\"isPartOf\":{\"@id\":\"https:\/\/swimchannel.net\/br\/gustavo-frias-e-anne-brumana-triunfam-na-mega-do-ita\/\"},\"author\":{\"name\":\"Guilherme Freitas\",\"@id\":\"https:\/\/swimchannel.net\/br\/#\/schema\/person\/aa2a63bab3275f53749a83276b213c48\"},\"headline\":\"Gustavo Frias e Anne Brumana triunfam na Mega do Ita\",\"datePublished\":\"2025-08-19T15:21:51+00:00\",\"dateModified\":\"2025-08-20T20:32:14+00:00\",\"mainEntityOfPage\":{\"@id\":\"https:\/\/swimchannel.net\/br\/gustavo-frias-e-anne-brumana-triunfam-na-mega-do-ita\/\"},\"wordCount\":505,\"commentCount\":0,\"publisher\":{\"@id\":\"https:\/\/swimchannel.net\/br\/#organization\"},\"image\":{\"@id\":\"https:\/\/swimchannel.net\/br\/gustavo-frias-e-anne-brumana-triunfam-na-mega-do-ita\/#primaryimage\"},\"thumbnailUrl\":\"https:\/\/swimchannel.net\/br\/wp-content\/uploads\/2025\/08\/gustavo2.jpg\",\"keywords\":[\"\u00c1guas abertas\",\"Anne Brumana\",\"Associa\u00e7\u00e3o 14 Bis\",\"Gustavo Frias\",\"Mega do Ita\",\"natacao\",\"Ultra do Ita\"],\"articleSection\":[\"\u00c1guas Abertas\"],\"inLanguage\":\"pt-BR\",\"potentialAction\":[{\"@type\":\"CommentAction\",\"name\":\"Comment\",\"target\":[\"https:\/\/swimchannel.net\/br\/gustavo-frias-e-anne-brumana-triunfam-na-mega-do-ita\/#respond\"]}]},{\"@type\":\"WebPage\",\"@id\":\"https:\/\/swimchannel.net\/br\/gustavo-frias-e-anne-brumana-triunfam-na-mega-do-ita\/\",\"url\":\"https:\/\/swimchannel.net\/br\/gustavo-frias-e-anne-brumana-triunfam-na-mega-do-ita\/\",\"name\":\"Gustavo Frias e Anne Brumana triunfam na Mega do Ita - Swimchannel\",\"isPartOf\":{\"@id\":\"https:\/\/swimchannel.net\/br\/#website\"},\"primaryImageOfPage\":{\"@id\":\"https:\/\/swimchannel.net\/br\/gustavo-frias-e-anne-brumana-triunfam-na-mega-do-ita\/#primaryimage\"},\"image\":{\"@id\":\"https:\/\/swimchannel.net\/br\/gustavo-frias-e-anne-brumana-triunfam-na-mega-do-ita\/#primaryimage\"},\"thumbnailUrl\":\"https:\/\/swimchannel.net\/br\/wp-content\/uploads\/2025\/08\/gustavo2.jpg\",\"datePublished\":\"2025-08-19T15:21:51+00:00\",\"dateModified\":\"2025-08-20T20:32:14+00:00\",\"breadcrumb\":{\"@id\":\"https:\/\/swimchannel.net\/br\/gustavo-frias-e-anne-brumana-triunfam-na-mega-do-ita\/#breadcrumb\"},\"inLanguage\":\"pt-BR\",\"potentialAction\":[{\"@type\":\"ReadAction\",\"target\":[\"https:\/\/swimchannel.net\/br\/gustavo-frias-e-anne-brumana-triunfam-na-mega-do-ita\/\"]}]},{\"@type\":\"ImageObject\",\"inLanguage\":\"pt-BR\",\"@id\":\"https:\/\/swimchannel.net\/br\/gustavo-frias-e-anne-brumana-triunfam-na-mega-do-ita\/#primaryimage\",\"url\":\"https:\/\/swimchannel.net\/br\/wp-content\/uploads\/2025\/08\/gustavo2.jpg\",\"contentUrl\":\"https:\/\/swimchannel.net\/br\/wp-content\/uploads\/2025\/08\/gustavo2.jpg\",\"width\":1080,\"height\":705,\"caption\":\"Gustavo Mendes - Foto: Reprodu\u00e7\u00e3o\/Instagram\"},{\"@type\":\"BreadcrumbList\",\"@id\":\"https:\/\/swimchannel.net\/br\/gustavo-frias-e-anne-brumana-triunfam-na-mega-do-ita\/#breadcrumb\",\"itemListElement\":[{\"@type\":\"ListItem\",\"position\":1,\"name\":\"Home\",\"item\":\"https:\/\/swimchannel.net\/br\/\"},{\"@type\":\"ListItem\",\"position\":2,\"name\":\"Gustavo Frias e Anne Brumana triunfam na Mega do Ita\"}]},{\"@type\":\"WebSite\",\"@id\":\"https:\/\/swimchannel.net\/br\/#website\",\"url\":\"https:\/\/swimchannel.net\/br\/\",\"name\":\"Swimchannel\",\"description\":\"Maior portal de nata\u00e7\u00e3o da america latina\",\"publisher\":{\"@id\":\"https:\/\/swimchannel.net\/br\/#organization\"},\"potentialAction\":[{\"@type\":\"SearchAction\",\"target\":{\"@type\":\"EntryPoint\",\"urlTemplate\":\"https:\/\/swimchannel.net\/br\/?s={search_term_string}\"},\"query-input\":{\"@type\":\"PropertyValueSpecification\",\"valueRequired\":true,\"valueName\":\"search_term_string\"}}],\"inLanguage\":\"pt-BR\"},{\"@type\":\"Organization\",\"@id\":\"https:\/\/swimchannel.net\/br\/#organization\",\"name\":\"Swimchannel - Conectando voc\u00ea a Nata\u00e7\u00e3o\",\"url\":\"https:\/\/swimchannel.net\/br\/\",\"logo\":{\"@type\":\"ImageObject\",\"inLanguage\":\"pt-BR\",\"@id\":\"https:\/\/swimchannel.net\/br\/#\/schema\/logo\/image\/\",\"url\":\"https:\/\/swimchannel.net\/br\/wp-content\/uploads\/2026\/02\/SWIM-CHANNEL.png\",\"contentUrl\":\"https:\/\/swimchannel.net\/br\/wp-content\/uploads\/2026\/02\/SWIM-CHANNEL.png\",\"width\":1120,\"height\":630,\"caption\":\"Swimchannel - Conectando voc\u00ea a Nata\u00e7\u00e3o\"},\"image\":{\"@id\":\"https:\/\/swimchannel.net\/br\/#\/schema\/logo\/image\/\"},\"sameAs\":[\"https:\/\/www.facebook.com\/swimchannel\",\"https:\/\/www.instagram.com\/swimchannel\"]},{\"@type\":\"Person\",\"@id\":\"https:\/\/swimchannel.net\/br\/#\/schema\/person\/aa2a63bab3275f53749a83276b213c48\",\"name\":\"Guilherme Freitas\",\"image\":{\"@type\":\"ImageObject\",\"inLanguage\":\"pt-BR\",\"@id\":\"https:\/\/swimchannel.net\/br\/#\/schema\/person\/image\/\",\"url\":\"https:\/\/swimchannel.net\/br\/wp-content\/uploads\/2025\/10\/gui22-193x180.png\",\"contentUrl\":\"https:\/\/swimchannel.net\/br\/wp-content\/uploads\/2025\/10\/gui22-193x180.png\",\"caption\":\"Guilherme Freitas\"},\"description\":\"Jornalista s\u00eanior da SWIM CHANNEL, ex-correspondente da FINA no Brasil e pesquisador acad\u00eamico.\",\"sameAs\":[\"instagram.com\/guifreitas86\"],\"url\":\"https:\/\/swimchannel.net\/br\/author\/guilherme-freitas\/\"}]}<\/script>\n<!-- \/ Yoast SEO plugin. -->","yoast_head_json":{"title":"Gustavo Frias e Anne Brumana triunfam na Mega do Ita - Swimchannel","robots":{"index":"index","follow":"follow","max-snippet":"max-snippet:-1","max-image-preview":"max-image-preview:large","max-video-preview":"max-video-preview:-1"},"canonical":"https:\/\/swimchannel.net\/br\/gustavo-frias-e-anne-brumana-triunfam-na-mega-do-ita\/","og_locale":"pt_BR","og_type":"article","og_title":"Gustavo Frias e Anne Brumana triunfam na Mega do Ita - Swimchannel","og_description":"As \u00e1guas do Rio Itapanhau foram palco no \u00faltimo fim de semana das disputas da prova Mega do Ita, competi\u00e7\u00e3o promovida pela Associa\u00e7\u00e3o 14 Bis e que conta com percurso de 21 km. Os grandes campe\u00f5es da ultramaratona aqu\u00e1tica foram Gustavo Frias e Anne Brumana. O evento contou tamb\u00e9m com disputas em revezamento misto que [&hellip;]","og_url":"https:\/\/swimchannel.net\/br\/gustavo-frias-e-anne-brumana-triunfam-na-mega-do-ita\/","og_site_name":"Swimchannel","article_publisher":"https:\/\/www.facebook.com\/swimchannel","article_published_time":"2025-08-19T15:21:51+00:00","article_modified_time":"2025-08-20T20:32:14+00:00","og_image":[{"width":1080,"height":705,"url":"https:\/\/swimchannel.net\/br\/wp-content\/uploads\/2025\/08\/gustavo2.jpg","type":"image\/jpeg"}],"author":"Guilherme Freitas","twitter_card":"summary_large_image","twitter_misc":{"Escrito por":"Guilherme Freitas","Est. tempo de leitura":"2 minutos"},"schema":{"@context":"https:\/\/schema.org","@graph":[{"@type":"Article","@id":"https:\/\/swimchannel.net\/br\/gustavo-frias-e-anne-brumana-triunfam-na-mega-do-ita\/#article","isPartOf":{"@id":"https:\/\/swimchannel.net\/br\/gustavo-frias-e-anne-brumana-triunfam-na-mega-do-ita\/"},"author":{"name":"Guilherme Freitas","@id":"https:\/\/swimchannel.net\/br\/#\/schema\/person\/aa2a63bab3275f53749a83276b213c48"},"headline":"Gustavo Frias e Anne Brumana triunfam na Mega do Ita","datePublished":"2025-08-19T15:21:51+00:00","dateModified":"2025-08-20T20:32:14+00:00","mainEntityOfPage":{"@id":"https:\/\/swimchannel.net\/br\/gustavo-frias-e-anne-brumana-triunfam-na-mega-do-ita\/"},"wordCount":505,"commentCount":0,"publisher":{"@id":"https:\/\/swimchannel.net\/br\/#organization"},"image":{"@id":"https:\/\/swimchannel.net\/br\/gustavo-frias-e-anne-brumana-triunfam-na-mega-do-ita\/#primaryimage"},"thumbnailUrl":"https:\/\/swimchannel.net\/br\/wp-content\/uploads\/2025\/08\/gustavo2.jpg","keywords":["\u00c1guas abertas","Anne Brumana","Associa\u00e7\u00e3o 14 Bis","Gustavo Frias","Mega do Ita","natacao","Ultra do Ita"],"articleSection":["\u00c1guas Abertas"],"inLanguage":"pt-BR","potentialAction":[{"@type":"CommentAction","name":"Comment","target":["https:\/\/swimchannel.net\/br\/gustavo-frias-e-anne-brumana-triunfam-na-mega-do-ita\/#respond"]}]},{"@type":"WebPage","@id":"https:\/\/swimchannel.net\/br\/gustavo-frias-e-anne-brumana-triunfam-na-mega-do-ita\/","url":"https:\/\/swimchannel.net\/br\/gustavo-frias-e-anne-brumana-triunfam-na-mega-do-ita\/","name":"Gustavo Frias e Anne Brumana triunfam na Mega do Ita - Swimchannel","isPartOf":{"@id":"https:\/\/swimchannel.net\/br\/#website"},"primaryImageOfPage":{"@id":"https:\/\/swimchannel.net\/br\/gustavo-frias-e-anne-brumana-triunfam-na-mega-do-ita\/#primaryimage"},"image":{"@id":"https:\/\/swimchannel.net\/br\/gustavo-frias-e-anne-brumana-triunfam-na-mega-do-ita\/#primaryimage"},"thumbnailUrl":"https:\/\/swimchannel.net\/br\/wp-content\/uploads\/2025\/08\/gustavo2.jpg","datePublished":"2025-08-19T15:21:51+00:00","dateModified":"2025-08-20T20:32:14+00:00","breadcrumb":{"@id":"https:\/\/swimchannel.net\/br\/gustavo-frias-e-anne-brumana-triunfam-na-mega-do-ita\/#breadcrumb"},"inLanguage":"pt-BR","potentialAction":[{"@type":"ReadAction","target":["https:\/\/swimchannel.net\/br\/gustavo-frias-e-anne-brumana-triunfam-na-mega-do-ita\/"]}]},{"@type":"ImageObject","inLanguage":"pt-BR","@id":"https:\/\/swimchannel.net\/br\/gustavo-frias-e-anne-brumana-triunfam-na-mega-do-ita\/#primaryimage","url":"https:\/\/swimchannel.net\/br\/wp-content\/uploads\/2025\/08\/gustavo2.jpg","contentUrl":"https:\/\/swimchannel.net\/br\/wp-content\/uploads\/2025\/08\/gustavo2.jpg","width":1080,"height":705,"caption":"Gustavo Mendes - Foto: Reprodu\u00e7\u00e3o\/Instagram"},{"@type":"BreadcrumbList","@id":"https:\/\/swimchannel.net\/br\/gustavo-frias-e-anne-brumana-triunfam-na-mega-do-ita\/#breadcrumb","itemListElement":[{"@type":"ListItem","position":1,"name":"Home","item":"https:\/\/swimchannel.net\/br\/"},{"@type":"ListItem","position":2,"name":"Gustavo Frias e Anne Brumana triunfam na Mega do Ita"}]},{"@type":"WebSite","@id":"https:\/\/swimchannel.net\/br\/#website","url":"https:\/\/swimchannel.net\/br\/","name":"Swimchannel","description":"Maior portal de nata\u00e7\u00e3o da america latina","publisher":{"@id":"https:\/\/swimchannel.net\/br\/#organization"},"potentialAction":[{"@type":"SearchAction","target":{"@type":"EntryPoint","urlTemplate":"https:\/\/swimchannel.net\/br\/?s={search_term_string}"},"query-input":{"@type":"PropertyValueSpecification","valueRequired":true,"valueName":"search_term_string"}}],"inLanguage":"pt-BR"},{"@type":"Organization","@id":"https:\/\/swimchannel.net\/br\/#organization","name":"Swimchannel - Conectando voc\u00ea a Nata\u00e7\u00e3o","url":"https:\/\/swimchannel.net\/br\/","logo":{"@type":"ImageObject","inLanguage":"pt-BR","@id":"https:\/\/swimchannel.net\/br\/#\/schema\/logo\/image\/","url":"https:\/\/swimchannel.net\/br\/wp-content\/uploads\/2026\/02\/SWIM-CHANNEL.png","contentUrl":"https:\/\/swimchannel.net\/br\/wp-content\/uploads\/2026\/02\/SWIM-CHANNEL.png","width":1120,"height":630,"caption":"Swimchannel - Conectando voc\u00ea a Nata\u00e7\u00e3o"},"image":{"@id":"https:\/\/swimchannel.net\/br\/#\/schema\/logo\/image\/"},"sameAs":["https:\/\/www.facebook.com\/swimchannel","https:\/\/www.instagram.com\/swimchannel"]},{"@type":"Person","@id":"https:\/\/swimchannel.net\/br\/#\/schema\/person\/aa2a63bab3275f53749a83276b213c48","name":"Guilherme Freitas","image":{"@type":"ImageObject","inLanguage":"pt-BR","@id":"https:\/\/swimchannel.net\/br\/#\/schema\/person\/image\/","url":"https:\/\/swimchannel.net\/br\/wp-content\/uploads\/2025\/10\/gui22-193x180.png","contentUrl":"https:\/\/swimchannel.net\/br\/wp-content\/uploads\/2025\/10\/gui22-193x180.png","caption":"Guilherme Freitas"},"description":"Jornalista s\u00eanior da SWIM CHANNEL, ex-correspondente da FINA no Brasil e pesquisador acad\u00eamico.","sameAs":["instagram.com\/guifreitas86"],"url":"https:\/\/swimchannel.net\/br\/author\/guilherme-freitas\/"}]}},"_links":{"self":[{"href":"https:\/\/swimchannel.net\/br\/wp-json\/wp\/v2\/posts\/75619","targetHints":{"allow":["GET"]}}],"collection":[{"href":"https:\/\/swimchannel.net\/br\/wp-json\/wp\/v2\/posts"}],"about":[{"href":"https:\/\/swimchannel.net\/br\/wp-json\/wp\/v2\/types\/post"}],"author":[{"embeddable":true,"href":"https:\/\/swimchannel.net\/br\/wp-json\/wp\/v2\/users\/3"}],"replies":[{"embeddable":true,"href":"https:\/\/swimchannel.net\/br\/wp-json\/wp\/v2\/comments?post=75619"}],"version-history":[{"count":3,"href":"https:\/\/swimchannel.net\/br\/wp-json\/wp\/v2\/posts\/75619\/revisions"}],"predecessor-version":[{"id":75646,"href":"https:\/\/swimchannel.net\/br\/wp-json\/wp\/v2\/posts\/75619\/revisions\/75646"}],"wp:featuredmedia":[{"embeddable":true,"href":"https:\/\/swimchannel.net\/br\/wp-json\/wp\/v2\/media\/75623"}],"wp:attachment":[{"href":"https:\/\/swimchannel.net\/br\/wp-json\/wp\/v2\/media?parent=75619"}],"wp:term":[{"taxonomy":"category","embeddable":true,"href":"https:\/\/swimchannel.net\/br\/wp-json\/wp\/v2\/categories?post=75619"},{"taxonomy":"post_tag","embeddable":true,"href":"https:\/\/swimchannel.net\/br\/wp-json\/wp\/v2\/tags?post=75619"}],"curies":[{"name":"wp","href":"https:\/\/api.w.org\/{rel}","templated":true}]}}