{"id":75670,"date":"2025-08-21T18:12:48","date_gmt":"2025-08-21T21:12:48","guid":{"rendered":"https:\/\/swimchannel.net\/br\/?p=75670"},"modified":"2025-08-21T18:51:29","modified_gmt":"2025-08-21T21:51:29","slug":"lucio-flavio-paula-e-vice-campeao-mundial-junior-dos-100m-borboleta","status":"publish","type":"post","link":"https:\/\/swimchannel.net\/br\/lucio-flavio-paula-e-vice-campeao-mundial-junior-dos-100m-borboleta\/","title":{"rendered":"L\u00facio Fl\u00e1vio Paula \u00e9 vice-campe\u00e3o Mundial J\u00fanior dos 100m borboleta"},"content":{"rendered":"<p>Saiu a primeira medalha do Brasil no Campeonato Mundial J\u00fanior de Nata\u00e7\u00e3o, em Otopeni, na Rom\u00eania. Lucio Flavio Paula foi vice campe\u00e3o na prova dos 100m borboleta ao marcar 52.01 ganhando a medalha de prata. O lituano Tajus Juska foi o vencedor da prova com 51.83.<\/p>\n<p>Lucio Flavio Paula, paulista de Sorocaba, 18 anos de idade, havia sido um dos destaques do Brasil no Panamericano J\u00fanior em Assun\u00e7\u00e3o, Paraguai, quando foi campe\u00e3o dos 100m borboleta com 51.78.<\/p>\n<p>Depois de ser o melhor tempo nas eliminat\u00f3rias (52.48) e semifinal (52.31), o tempo da vit\u00f3ria \u00e9 sua segunda melhor marca pessoal (52.01).<\/p>\n<p><strong>Comparando os parciais:<\/strong><\/p>\n<p><strong>Pan Junior:<\/strong> 51.78 (24.17 e 27.61)<\/p>\n<p><strong>Eliminat\u00f3rias Mundial J\u00fanior:<\/strong> 52.48 (24.47 e 28.01)<\/p>\n<p><strong>Semifinal Mundial J\u00fanior:<\/strong> 52.31 (24.28 e 28.03)<\/p>\n<p><strong>Final Mundial J\u00fanior:<\/strong> 52.01 (24.38 e 27.63)<\/p>\n<figure id=\"attachment_75685\" aria-describedby=\"caption-attachment-75685\" style=\"width: 600px\" class=\"wp-caption alignnone\"><img loading=\"lazy\" decoding=\"async\" class=\"size-large wp-image-75685\" src=\"https:\/\/swimchannel.net\/br\/wp-content\/uploads\/2025\/08\/WhatsApp-Image-2025-08-21-at-1.09.38-PM-773x1030-1-600x800.jpeg\" alt=\"\" width=\"600\" height=\"800\" srcset=\"https:\/\/swimchannel.net\/br\/wp-content\/uploads\/2025\/08\/WhatsApp-Image-2025-08-21-at-1.09.38-PM-773x1030-1-600x800.jpeg 600w, https:\/\/swimchannel.net\/br\/wp-content\/uploads\/2025\/08\/WhatsApp-Image-2025-08-21-at-1.09.38-PM-773x1030-1-507x675.jpeg 507w, https:\/\/swimchannel.net\/br\/wp-content\/uploads\/2025\/08\/WhatsApp-Image-2025-08-21-at-1.09.38-PM-773x1030-1-135x180.jpeg 135w, https:\/\/swimchannel.net\/br\/wp-content\/uploads\/2025\/08\/WhatsApp-Image-2025-08-21-at-1.09.38-PM-773x1030-1-768x1023.jpeg 768w, https:\/\/swimchannel.net\/br\/wp-content\/uploads\/2025\/08\/WhatsApp-Image-2025-08-21-at-1.09.38-PM-773x1030-1-750x999.jpeg 750w, https:\/\/swimchannel.net\/br\/wp-content\/uploads\/2025\/08\/WhatsApp-Image-2025-08-21-at-1.09.38-PM-773x1030-1.jpeg 773w\" sizes=\"auto, (max-width: 600px) 100vw, 600px\" \/><figcaption id=\"caption-attachment-75685\" class=\"wp-caption-text\">P\u00f3dio dos 100m borboleta no Mundial J\u00fanior &#8211; Foto: Reprodu\u00e7\u00e3o<\/figcaption><\/figure>\n<p>A primeira medalha do Brasil neste Mundial J\u00fanior, \u00e9 a 20\u00aa medalha da hist\u00f3ria nas participa\u00e7\u00f5es brasileiras em Mundiais J\u00fanior. No total, s\u00e3o tr\u00eas ouros, 11 pratas e seis bronzes.<\/p>\n<p>Um fato curioso \u00e9 que os 100m borboleta \u00e9 a prova que mais medalhas deu ao Brasil em Mundiais J\u00faniors, foi a quinta vez que o pa\u00eds subiu ao p\u00f3dio:<\/p>\n<p><strong>2011:<\/strong> Arthur Mendes, bronze<\/p>\n<p><strong>2013:<\/strong> Pedro Vieira, prata<\/p>\n<p><strong>2015:<\/strong> Vinicius Lanza, prata<\/p>\n<p><strong>2022:<\/strong> Beatriz Bezerra, prata<\/p>\n<p>&nbsp;<\/p>\n<p>Gostaria de receber as not\u00edcias de nata\u00e7\u00e3o e \u00e1guas abertas no seu email?<\/p>\n<p><a href=\"https:\/\/lpa.nitro.news\/n-GNe\/ultimas-noticias-swim-channel\">Cadastre-se aqui<\/a><\/p>\n","protected":false},"excerpt":{"rendered":"<p>Saiu a primeira medalha do Brasil no Campeonato Mundial J\u00fanior de Nata\u00e7\u00e3o, em Otopeni, na Rom\u00eania. Lucio Flavio Paula foi vice campe\u00e3o na prova dos 100m borboleta ao marcar 52.01 ganhando a medalha de prata. O lituano Tajus Juska foi o vencedor da prova com 51.83. Lucio Flavio Paula, paulista de Sorocaba, 18 anos de [&hellip;]<\/p>\n","protected":false},"author":12,"featured_media":75677,"comment_status":"open","ping_status":"open","sticky":false,"template":"","format":"standard","meta":{"footnotes":""},"categories":[132],"tags":[131,5908,5,6369],"class_list":["post-75670","post","type-post","status-publish","format-standard","has-post-thumbnail","hentry","category-campeonato-mundial-junior","tag-campeonato-mundial-junior","tag-lucio-flavio-paula","tag-natacao","tag-otopeni-2025"],"yoast_head":"<!-- This site is optimized with the Yoast SEO plugin v27.0 - https:\/\/yoast.com\/product\/yoast-seo-wordpress\/ -->\n<title>L\u00facio Fl\u00e1vio Paula \u00e9 vice-campe\u00e3o Mundial J\u00fanior dos 100m borboleta - Swimchannel<\/title>\n<meta name=\"robots\" content=\"index, follow, max-snippet:-1, max-image-preview:large, max-video-preview:-1\" \/>\n<link rel=\"canonical\" href=\"https:\/\/swimchannel.net\/br\/lucio-flavio-paula-e-vice-campeao-mundial-junior-dos-100m-borboleta\/\" \/>\n<meta property=\"og:locale\" content=\"pt_BR\" \/>\n<meta property=\"og:type\" content=\"article\" \/>\n<meta property=\"og:title\" content=\"L\u00facio Fl\u00e1vio Paula \u00e9 vice-campe\u00e3o Mundial J\u00fanior dos 100m borboleta - Swimchannel\" \/>\n<meta property=\"og:description\" content=\"Saiu a primeira medalha do Brasil no Campeonato Mundial J\u00fanior de Nata\u00e7\u00e3o, em Otopeni, na Rom\u00eania. Lucio Flavio Paula foi vice campe\u00e3o na prova dos 100m borboleta ao marcar 52.01 ganhando a medalha de prata. O lituano Tajus Juska foi o vencedor da prova com 51.83. Lucio Flavio Paula, paulista de Sorocaba, 18 anos de [&hellip;]\" \/>\n<meta property=\"og:url\" content=\"https:\/\/swimchannel.net\/br\/lucio-flavio-paula-e-vice-campeao-mundial-junior-dos-100m-borboleta\/\" \/>\n<meta property=\"og:site_name\" content=\"Swimchannel\" \/>\n<meta property=\"article:publisher\" content=\"https:\/\/www.facebook.com\/swimchannel\" \/>\n<meta property=\"article:published_time\" content=\"2025-08-21T21:12:48+00:00\" \/>\n<meta property=\"article:modified_time\" content=\"2025-08-21T21:51:29+00:00\" \/>\n<meta property=\"og:image\" content=\"https:\/\/swimchannel.net\/br\/wp-content\/uploads\/2025\/08\/SAVE_20250821_180751.jpg\" \/>\n\t<meta property=\"og:image:width\" content=\"2362\" \/>\n\t<meta property=\"og:image:height\" content=\"1575\" \/>\n\t<meta property=\"og:image:type\" content=\"image\/jpeg\" \/>\n<meta name=\"author\" content=\"Alex Pussieldi\" \/>\n<meta name=\"twitter:card\" content=\"summary_large_image\" \/>\n<meta name=\"twitter:label1\" content=\"Escrito por\" \/>\n\t<meta name=\"twitter:data1\" content=\"Alex Pussieldi\" \/>\n\t<meta name=\"twitter:label2\" content=\"Est. tempo de leitura\" \/>\n\t<meta name=\"twitter:data2\" content=\"1 minuto\" \/>\n<script type=\"application\/ld+json\" class=\"yoast-schema-graph\">{\"@context\":\"https:\/\/schema.org\",\"@graph\":[{\"@type\":\"Article\",\"@id\":\"https:\/\/swimchannel.net\/br\/lucio-flavio-paula-e-vice-campeao-mundial-junior-dos-100m-borboleta\/#article\",\"isPartOf\":{\"@id\":\"https:\/\/swimchannel.net\/br\/lucio-flavio-paula-e-vice-campeao-mundial-junior-dos-100m-borboleta\/\"},\"author\":{\"name\":\"Alex Pussieldi\",\"@id\":\"https:\/\/swimchannel.net\/br\/#\/schema\/person\/cf549cb99cf75592fcf7c76213385e63\"},\"headline\":\"L\u00facio Fl\u00e1vio Paula \u00e9 vice-campe\u00e3o Mundial J\u00fanior dos 100m borboleta\",\"datePublished\":\"2025-08-21T21:12:48+00:00\",\"dateModified\":\"2025-08-21T21:51:29+00:00\",\"mainEntityOfPage\":{\"@id\":\"https:\/\/swimchannel.net\/br\/lucio-flavio-paula-e-vice-campeao-mundial-junior-dos-100m-borboleta\/\"},\"wordCount\":250,\"commentCount\":0,\"publisher\":{\"@id\":\"https:\/\/swimchannel.net\/br\/#organization\"},\"image\":{\"@id\":\"https:\/\/swimchannel.net\/br\/lucio-flavio-paula-e-vice-campeao-mundial-junior-dos-100m-borboleta\/#primaryimage\"},\"thumbnailUrl\":\"https:\/\/swimchannel.net\/br\/wp-content\/uploads\/2025\/08\/SAVE_20250821_180751.jpg\",\"keywords\":[\"Campeonato Mundial J\u00fanior\",\"L\u00facio Fl\u00e1vio Paula\",\"natacao\",\"Otopeni-2025\"],\"articleSection\":[\"Campeonato Mundial J\u00fanior\"],\"inLanguage\":\"pt-BR\",\"potentialAction\":[{\"@type\":\"CommentAction\",\"name\":\"Comment\",\"target\":[\"https:\/\/swimchannel.net\/br\/lucio-flavio-paula-e-vice-campeao-mundial-junior-dos-100m-borboleta\/#respond\"]}]},{\"@type\":\"WebPage\",\"@id\":\"https:\/\/swimchannel.net\/br\/lucio-flavio-paula-e-vice-campeao-mundial-junior-dos-100m-borboleta\/\",\"url\":\"https:\/\/swimchannel.net\/br\/lucio-flavio-paula-e-vice-campeao-mundial-junior-dos-100m-borboleta\/\",\"name\":\"L\u00facio Fl\u00e1vio Paula \u00e9 vice-campe\u00e3o Mundial J\u00fanior dos 100m borboleta - Swimchannel\",\"isPartOf\":{\"@id\":\"https:\/\/swimchannel.net\/br\/#website\"},\"primaryImageOfPage\":{\"@id\":\"https:\/\/swimchannel.net\/br\/lucio-flavio-paula-e-vice-campeao-mundial-junior-dos-100m-borboleta\/#primaryimage\"},\"image\":{\"@id\":\"https:\/\/swimchannel.net\/br\/lucio-flavio-paula-e-vice-campeao-mundial-junior-dos-100m-borboleta\/#primaryimage\"},\"thumbnailUrl\":\"https:\/\/swimchannel.net\/br\/wp-content\/uploads\/2025\/08\/SAVE_20250821_180751.jpg\",\"datePublished\":\"2025-08-21T21:12:48+00:00\",\"dateModified\":\"2025-08-21T21:51:29+00:00\",\"breadcrumb\":{\"@id\":\"https:\/\/swimchannel.net\/br\/lucio-flavio-paula-e-vice-campeao-mundial-junior-dos-100m-borboleta\/#breadcrumb\"},\"inLanguage\":\"pt-BR\",\"potentialAction\":[{\"@type\":\"ReadAction\",\"target\":[\"https:\/\/swimchannel.net\/br\/lucio-flavio-paula-e-vice-campeao-mundial-junior-dos-100m-borboleta\/\"]}]},{\"@type\":\"ImageObject\",\"inLanguage\":\"pt-BR\",\"@id\":\"https:\/\/swimchannel.net\/br\/lucio-flavio-paula-e-vice-campeao-mundial-junior-dos-100m-borboleta\/#primaryimage\",\"url\":\"https:\/\/swimchannel.net\/br\/wp-content\/uploads\/2025\/08\/SAVE_20250821_180751.jpg\",\"contentUrl\":\"https:\/\/swimchannel.net\/br\/wp-content\/uploads\/2025\/08\/SAVE_20250821_180751.jpg\",\"width\":2362,\"height\":1575},{\"@type\":\"BreadcrumbList\",\"@id\":\"https:\/\/swimchannel.net\/br\/lucio-flavio-paula-e-vice-campeao-mundial-junior-dos-100m-borboleta\/#breadcrumb\",\"itemListElement\":[{\"@type\":\"ListItem\",\"position\":1,\"name\":\"Home\",\"item\":\"https:\/\/swimchannel.net\/br\/\"},{\"@type\":\"ListItem\",\"position\":2,\"name\":\"L\u00facio Fl\u00e1vio Paula \u00e9 vice-campe\u00e3o Mundial J\u00fanior dos 100m borboleta\"}]},{\"@type\":\"WebSite\",\"@id\":\"https:\/\/swimchannel.net\/br\/#website\",\"url\":\"https:\/\/swimchannel.net\/br\/\",\"name\":\"Swimchannel\",\"description\":\"Maior portal de nata\u00e7\u00e3o da america latina\",\"publisher\":{\"@id\":\"https:\/\/swimchannel.net\/br\/#organization\"},\"potentialAction\":[{\"@type\":\"SearchAction\",\"target\":{\"@type\":\"EntryPoint\",\"urlTemplate\":\"https:\/\/swimchannel.net\/br\/?s={search_term_string}\"},\"query-input\":{\"@type\":\"PropertyValueSpecification\",\"valueRequired\":true,\"valueName\":\"search_term_string\"}}],\"inLanguage\":\"pt-BR\"},{\"@type\":\"Organization\",\"@id\":\"https:\/\/swimchannel.net\/br\/#organization\",\"name\":\"Swimchannel - Conectando voc\u00ea a Nata\u00e7\u00e3o\",\"url\":\"https:\/\/swimchannel.net\/br\/\",\"logo\":{\"@type\":\"ImageObject\",\"inLanguage\":\"pt-BR\",\"@id\":\"https:\/\/swimchannel.net\/br\/#\/schema\/logo\/image\/\",\"url\":\"https:\/\/swimchannel.net\/br\/wp-content\/uploads\/2026\/02\/SWIM-CHANNEL.png\",\"contentUrl\":\"https:\/\/swimchannel.net\/br\/wp-content\/uploads\/2026\/02\/SWIM-CHANNEL.png\",\"width\":1120,\"height\":630,\"caption\":\"Swimchannel - Conectando voc\u00ea a Nata\u00e7\u00e3o\"},\"image\":{\"@id\":\"https:\/\/swimchannel.net\/br\/#\/schema\/logo\/image\/\"},\"sameAs\":[\"https:\/\/www.facebook.com\/swimchannel\",\"https:\/\/www.instagram.com\/swimchannel\"]},{\"@type\":\"Person\",\"@id\":\"https:\/\/swimchannel.net\/br\/#\/schema\/person\/cf549cb99cf75592fcf7c76213385e63\",\"name\":\"Alex Pussieldi\",\"image\":{\"@type\":\"ImageObject\",\"inLanguage\":\"pt-BR\",\"@id\":\"https:\/\/swimchannel.net\/br\/#\/schema\/person\/image\/\",\"url\":\"https:\/\/swimchannel.net\/br\/wp-content\/uploads\/2021\/02\/9b1c252d-a4bd-4eda-b399-24565cac4114-100x100.jpg\",\"contentUrl\":\"https:\/\/swimchannel.net\/br\/wp-content\/uploads\/2021\/02\/9b1c252d-a4bd-4eda-b399-24565cac4114-100x100.jpg\",\"caption\":\"Alex Pussieldi\"},\"description\":\"Alexandre Pussieldi, apelidado de \u201ccoach\u201d, Foi t\u00e9cnico da sele\u00e7\u00e3o verde e amarela nas Olimp\u00edadas de Pequim-2008 e Londres-2012. O treinador ainda comandou outros quatro pa\u00edses: Kuwait, Paraguai, Aruba e Antilhas Holandesas, al\u00e9m da sele\u00e7\u00e3o americana de \u00e1guas abertas. Pussieldi tem passagens como comentarista de nata\u00e7\u00e3o do Grupo Globo e Swim Channel.\",\"url\":\"https:\/\/swimchannel.net\/br\/author\/alexpussieldi\/\"}]}<\/script>\n<!-- \/ Yoast SEO plugin. -->","yoast_head_json":{"title":"L\u00facio Fl\u00e1vio Paula \u00e9 vice-campe\u00e3o Mundial J\u00fanior dos 100m borboleta - Swimchannel","robots":{"index":"index","follow":"follow","max-snippet":"max-snippet:-1","max-image-preview":"max-image-preview:large","max-video-preview":"max-video-preview:-1"},"canonical":"https:\/\/swimchannel.net\/br\/lucio-flavio-paula-e-vice-campeao-mundial-junior-dos-100m-borboleta\/","og_locale":"pt_BR","og_type":"article","og_title":"L\u00facio Fl\u00e1vio Paula \u00e9 vice-campe\u00e3o Mundial J\u00fanior dos 100m borboleta - Swimchannel","og_description":"Saiu a primeira medalha do Brasil no Campeonato Mundial J\u00fanior de Nata\u00e7\u00e3o, em Otopeni, na Rom\u00eania. Lucio Flavio Paula foi vice campe\u00e3o na prova dos 100m borboleta ao marcar 52.01 ganhando a medalha de prata. O lituano Tajus Juska foi o vencedor da prova com 51.83. Lucio Flavio Paula, paulista de Sorocaba, 18 anos de [&hellip;]","og_url":"https:\/\/swimchannel.net\/br\/lucio-flavio-paula-e-vice-campeao-mundial-junior-dos-100m-borboleta\/","og_site_name":"Swimchannel","article_publisher":"https:\/\/www.facebook.com\/swimchannel","article_published_time":"2025-08-21T21:12:48+00:00","article_modified_time":"2025-08-21T21:51:29+00:00","og_image":[{"width":2362,"height":1575,"url":"https:\/\/swimchannel.net\/br\/wp-content\/uploads\/2025\/08\/SAVE_20250821_180751.jpg","type":"image\/jpeg"}],"author":"Alex Pussieldi","twitter_card":"summary_large_image","twitter_misc":{"Escrito por":"Alex Pussieldi","Est. tempo de leitura":"1 minuto"},"schema":{"@context":"https:\/\/schema.org","@graph":[{"@type":"Article","@id":"https:\/\/swimchannel.net\/br\/lucio-flavio-paula-e-vice-campeao-mundial-junior-dos-100m-borboleta\/#article","isPartOf":{"@id":"https:\/\/swimchannel.net\/br\/lucio-flavio-paula-e-vice-campeao-mundial-junior-dos-100m-borboleta\/"},"author":{"name":"Alex Pussieldi","@id":"https:\/\/swimchannel.net\/br\/#\/schema\/person\/cf549cb99cf75592fcf7c76213385e63"},"headline":"L\u00facio Fl\u00e1vio Paula \u00e9 vice-campe\u00e3o Mundial J\u00fanior dos 100m borboleta","datePublished":"2025-08-21T21:12:48+00:00","dateModified":"2025-08-21T21:51:29+00:00","mainEntityOfPage":{"@id":"https:\/\/swimchannel.net\/br\/lucio-flavio-paula-e-vice-campeao-mundial-junior-dos-100m-borboleta\/"},"wordCount":250,"commentCount":0,"publisher":{"@id":"https:\/\/swimchannel.net\/br\/#organization"},"image":{"@id":"https:\/\/swimchannel.net\/br\/lucio-flavio-paula-e-vice-campeao-mundial-junior-dos-100m-borboleta\/#primaryimage"},"thumbnailUrl":"https:\/\/swimchannel.net\/br\/wp-content\/uploads\/2025\/08\/SAVE_20250821_180751.jpg","keywords":["Campeonato Mundial J\u00fanior","L\u00facio Fl\u00e1vio Paula","natacao","Otopeni-2025"],"articleSection":["Campeonato Mundial J\u00fanior"],"inLanguage":"pt-BR","potentialAction":[{"@type":"CommentAction","name":"Comment","target":["https:\/\/swimchannel.net\/br\/lucio-flavio-paula-e-vice-campeao-mundial-junior-dos-100m-borboleta\/#respond"]}]},{"@type":"WebPage","@id":"https:\/\/swimchannel.net\/br\/lucio-flavio-paula-e-vice-campeao-mundial-junior-dos-100m-borboleta\/","url":"https:\/\/swimchannel.net\/br\/lucio-flavio-paula-e-vice-campeao-mundial-junior-dos-100m-borboleta\/","name":"L\u00facio Fl\u00e1vio Paula \u00e9 vice-campe\u00e3o Mundial J\u00fanior dos 100m borboleta - Swimchannel","isPartOf":{"@id":"https:\/\/swimchannel.net\/br\/#website"},"primaryImageOfPage":{"@id":"https:\/\/swimchannel.net\/br\/lucio-flavio-paula-e-vice-campeao-mundial-junior-dos-100m-borboleta\/#primaryimage"},"image":{"@id":"https:\/\/swimchannel.net\/br\/lucio-flavio-paula-e-vice-campeao-mundial-junior-dos-100m-borboleta\/#primaryimage"},"thumbnailUrl":"https:\/\/swimchannel.net\/br\/wp-content\/uploads\/2025\/08\/SAVE_20250821_180751.jpg","datePublished":"2025-08-21T21:12:48+00:00","dateModified":"2025-08-21T21:51:29+00:00","breadcrumb":{"@id":"https:\/\/swimchannel.net\/br\/lucio-flavio-paula-e-vice-campeao-mundial-junior-dos-100m-borboleta\/#breadcrumb"},"inLanguage":"pt-BR","potentialAction":[{"@type":"ReadAction","target":["https:\/\/swimchannel.net\/br\/lucio-flavio-paula-e-vice-campeao-mundial-junior-dos-100m-borboleta\/"]}]},{"@type":"ImageObject","inLanguage":"pt-BR","@id":"https:\/\/swimchannel.net\/br\/lucio-flavio-paula-e-vice-campeao-mundial-junior-dos-100m-borboleta\/#primaryimage","url":"https:\/\/swimchannel.net\/br\/wp-content\/uploads\/2025\/08\/SAVE_20250821_180751.jpg","contentUrl":"https:\/\/swimchannel.net\/br\/wp-content\/uploads\/2025\/08\/SAVE_20250821_180751.jpg","width":2362,"height":1575},{"@type":"BreadcrumbList","@id":"https:\/\/swimchannel.net\/br\/lucio-flavio-paula-e-vice-campeao-mundial-junior-dos-100m-borboleta\/#breadcrumb","itemListElement":[{"@type":"ListItem","position":1,"name":"Home","item":"https:\/\/swimchannel.net\/br\/"},{"@type":"ListItem","position":2,"name":"L\u00facio Fl\u00e1vio Paula \u00e9 vice-campe\u00e3o Mundial J\u00fanior dos 100m borboleta"}]},{"@type":"WebSite","@id":"https:\/\/swimchannel.net\/br\/#website","url":"https:\/\/swimchannel.net\/br\/","name":"Swimchannel","description":"Maior portal de nata\u00e7\u00e3o da america latina","publisher":{"@id":"https:\/\/swimchannel.net\/br\/#organization"},"potentialAction":[{"@type":"SearchAction","target":{"@type":"EntryPoint","urlTemplate":"https:\/\/swimchannel.net\/br\/?s={search_term_string}"},"query-input":{"@type":"PropertyValueSpecification","valueRequired":true,"valueName":"search_term_string"}}],"inLanguage":"pt-BR"},{"@type":"Organization","@id":"https:\/\/swimchannel.net\/br\/#organization","name":"Swimchannel - Conectando voc\u00ea a Nata\u00e7\u00e3o","url":"https:\/\/swimchannel.net\/br\/","logo":{"@type":"ImageObject","inLanguage":"pt-BR","@id":"https:\/\/swimchannel.net\/br\/#\/schema\/logo\/image\/","url":"https:\/\/swimchannel.net\/br\/wp-content\/uploads\/2026\/02\/SWIM-CHANNEL.png","contentUrl":"https:\/\/swimchannel.net\/br\/wp-content\/uploads\/2026\/02\/SWIM-CHANNEL.png","width":1120,"height":630,"caption":"Swimchannel - Conectando voc\u00ea a Nata\u00e7\u00e3o"},"image":{"@id":"https:\/\/swimchannel.net\/br\/#\/schema\/logo\/image\/"},"sameAs":["https:\/\/www.facebook.com\/swimchannel","https:\/\/www.instagram.com\/swimchannel"]},{"@type":"Person","@id":"https:\/\/swimchannel.net\/br\/#\/schema\/person\/cf549cb99cf75592fcf7c76213385e63","name":"Alex Pussieldi","image":{"@type":"ImageObject","inLanguage":"pt-BR","@id":"https:\/\/swimchannel.net\/br\/#\/schema\/person\/image\/","url":"https:\/\/swimchannel.net\/br\/wp-content\/uploads\/2021\/02\/9b1c252d-a4bd-4eda-b399-24565cac4114-100x100.jpg","contentUrl":"https:\/\/swimchannel.net\/br\/wp-content\/uploads\/2021\/02\/9b1c252d-a4bd-4eda-b399-24565cac4114-100x100.jpg","caption":"Alex Pussieldi"},"description":"Alexandre Pussieldi, apelidado de \u201ccoach\u201d, Foi t\u00e9cnico da sele\u00e7\u00e3o verde e amarela nas Olimp\u00edadas de Pequim-2008 e Londres-2012. O treinador ainda comandou outros quatro pa\u00edses: Kuwait, Paraguai, Aruba e Antilhas Holandesas, al\u00e9m da sele\u00e7\u00e3o americana de \u00e1guas abertas. Pussieldi tem passagens como comentarista de nata\u00e7\u00e3o do Grupo Globo e Swim Channel.","url":"https:\/\/swimchannel.net\/br\/author\/alexpussieldi\/"}]}},"_links":{"self":[{"href":"https:\/\/swimchannel.net\/br\/wp-json\/wp\/v2\/posts\/75670","targetHints":{"allow":["GET"]}}],"collection":[{"href":"https:\/\/swimchannel.net\/br\/wp-json\/wp\/v2\/posts"}],"about":[{"href":"https:\/\/swimchannel.net\/br\/wp-json\/wp\/v2\/types\/post"}],"author":[{"embeddable":true,"href":"https:\/\/swimchannel.net\/br\/wp-json\/wp\/v2\/users\/12"}],"replies":[{"embeddable":true,"href":"https:\/\/swimchannel.net\/br\/wp-json\/wp\/v2\/comments?post=75670"}],"version-history":[{"count":3,"href":"https:\/\/swimchannel.net\/br\/wp-json\/wp\/v2\/posts\/75670\/revisions"}],"predecessor-version":[{"id":75686,"href":"https:\/\/swimchannel.net\/br\/wp-json\/wp\/v2\/posts\/75670\/revisions\/75686"}],"wp:featuredmedia":[{"embeddable":true,"href":"https:\/\/swimchannel.net\/br\/wp-json\/wp\/v2\/media\/75677"}],"wp:attachment":[{"href":"https:\/\/swimchannel.net\/br\/wp-json\/wp\/v2\/media?parent=75670"}],"wp:term":[{"taxonomy":"category","embeddable":true,"href":"https:\/\/swimchannel.net\/br\/wp-json\/wp\/v2\/categories?post=75670"},{"taxonomy":"post_tag","embeddable":true,"href":"https:\/\/swimchannel.net\/br\/wp-json\/wp\/v2\/tags?post=75670"}],"curies":[{"name":"wp","href":"https:\/\/api.w.org\/{rel}","templated":true}]}}