{"id":75673,"date":"2025-08-21T18:09:21","date_gmt":"2025-08-21T21:09:21","guid":{"rendered":"https:\/\/swimchannel.net\/br\/?p=75673"},"modified":"2025-08-21T18:45:52","modified_gmt":"2025-08-21T21:45:52","slug":"a-evolucao-de-lucio-flavio-paula-vice-campeao-mundial-junior-e-lider-do-ranking-nacional-dos-100m-borboleta","status":"publish","type":"post","link":"https:\/\/swimchannel.net\/br\/a-evolucao-de-lucio-flavio-paula-vice-campeao-mundial-junior-e-lider-do-ranking-nacional-dos-100m-borboleta\/","title":{"rendered":"A evolu\u00e7\u00e3o de Lucio Fl\u00e1vio Paula, vice-campe\u00e3o mundial j\u00fanior"},"content":{"rendered":"<p><img loading=\"lazy\" decoding=\"async\" class=\"alignnone size-full wp-image-75682\" src=\"https:\/\/swimchannel.net\/br\/wp-content\/uploads\/2025\/08\/Captura-de-tela-2025-08-21-184501.png\" alt=\"\" width=\"1087\" height=\"542\" srcset=\"https:\/\/swimchannel.net\/br\/wp-content\/uploads\/2025\/08\/Captura-de-tela-2025-08-21-184501.png 1087w, https:\/\/swimchannel.net\/br\/wp-content\/uploads\/2025\/08\/Captura-de-tela-2025-08-21-184501-320x160.png 320w, https:\/\/swimchannel.net\/br\/wp-content\/uploads\/2025\/08\/Captura-de-tela-2025-08-21-184501-768x383.png 768w, https:\/\/swimchannel.net\/br\/wp-content\/uploads\/2025\/08\/Captura-de-tela-2025-08-21-184501-360x180.png 360w, https:\/\/swimchannel.net\/br\/wp-content\/uploads\/2025\/08\/Captura-de-tela-2025-08-21-184501-750x374.png 750w\" sizes=\"auto, (max-width: 1087px) 100vw, 1087px\" \/><\/p>\n<p>&nbsp;<\/p>\n<p>X \u2013 indica fora do Top 100<\/p>\n<p>Ranking da Categoria \u2013 Posi\u00e7\u00e3o na hist\u00f3ria da categoria<\/p>\n<p>Ranking Absoluto \u2013 Ranking Absoluto no espec\u00edfico a<\/p>\n<p>&nbsp;<\/p>\n<p>Gostaria de receber as not\u00edcias de nata\u00e7\u00e3o e \u00e1guas abertas no seu email?<\/p>\n<p><a href=\"https:\/\/lpa.nitro.news\/n-GNe\/ultimas-noticias-swim-channel\">Cadastre-se aqui<\/a><\/p>\n","protected":false},"excerpt":{"rendered":"<p>&nbsp; X \u2013 indica fora do Top 100 Ranking da Categoria \u2013 Posi\u00e7\u00e3o na hist\u00f3ria da categoria Ranking Absoluto \u2013 Ranking Absoluto no espec\u00edfico a &nbsp; Gostaria de receber as not\u00edcias de nata\u00e7\u00e3o e \u00e1guas abertas no seu email? Cadastre-se aqui<\/p>\n","protected":false},"author":12,"featured_media":75678,"comment_status":"open","ping_status":"open","sticky":false,"template":"","format":"standard","meta":{"footnotes":""},"categories":[137],"tags":[131,5908,5],"class_list":["post-75673","post","type-post","status-publish","format-standard","has-post-thumbnail","hentry","category-natacao","tag-campeonato-mundial-junior","tag-lucio-flavio-paula","tag-natacao"],"yoast_head":"<!-- This site is optimized with the Yoast SEO plugin v27.0 - https:\/\/yoast.com\/product\/yoast-seo-wordpress\/ -->\n<title>A evolu\u00e7\u00e3o de Lucio Fl\u00e1vio Paula, vice-campe\u00e3o mundial j\u00fanior - Swimchannel<\/title>\n<meta name=\"robots\" content=\"index, follow, max-snippet:-1, max-image-preview:large, max-video-preview:-1\" \/>\n<link rel=\"canonical\" href=\"https:\/\/swimchannel.net\/br\/a-evolucao-de-lucio-flavio-paula-vice-campeao-mundial-junior-e-lider-do-ranking-nacional-dos-100m-borboleta\/\" \/>\n<meta property=\"og:locale\" content=\"pt_BR\" \/>\n<meta property=\"og:type\" content=\"article\" \/>\n<meta property=\"og:title\" content=\"A evolu\u00e7\u00e3o de Lucio Fl\u00e1vio Paula, vice-campe\u00e3o mundial j\u00fanior - Swimchannel\" \/>\n<meta property=\"og:description\" content=\"&nbsp; X \u2013 indica fora do Top 100 Ranking da Categoria \u2013 Posi\u00e7\u00e3o na hist\u00f3ria da categoria Ranking Absoluto \u2013 Ranking Absoluto no espec\u00edfico a &nbsp; Gostaria de receber as not\u00edcias de nata\u00e7\u00e3o e \u00e1guas abertas no seu email? Cadastre-se aqui\" \/>\n<meta property=\"og:url\" content=\"https:\/\/swimchannel.net\/br\/a-evolucao-de-lucio-flavio-paula-vice-campeao-mundial-junior-e-lider-do-ranking-nacional-dos-100m-borboleta\/\" \/>\n<meta property=\"og:site_name\" content=\"Swimchannel\" \/>\n<meta property=\"article:publisher\" content=\"https:\/\/www.facebook.com\/swimchannel\" \/>\n<meta property=\"article:published_time\" content=\"2025-08-21T21:09:21+00:00\" \/>\n<meta property=\"article:modified_time\" content=\"2025-08-21T21:45:52+00:00\" \/>\n<meta property=\"og:image\" content=\"https:\/\/swimchannel.net\/br\/wp-content\/uploads\/2025\/08\/SAVE_20250821_180756.jpg\" \/>\n\t<meta property=\"og:image:width\" content=\"2362\" \/>\n\t<meta property=\"og:image:height\" content=\"1575\" \/>\n\t<meta property=\"og:image:type\" content=\"image\/jpeg\" \/>\n<meta name=\"author\" content=\"Alex Pussieldi\" \/>\n<meta name=\"twitter:card\" content=\"summary_large_image\" \/>\n<meta name=\"twitter:label1\" content=\"Escrito por\" \/>\n\t<meta name=\"twitter:data1\" content=\"Alex Pussieldi\" \/>\n<script type=\"application\/ld+json\" class=\"yoast-schema-graph\">{\"@context\":\"https:\/\/schema.org\",\"@graph\":[{\"@type\":\"Article\",\"@id\":\"https:\/\/swimchannel.net\/br\/a-evolucao-de-lucio-flavio-paula-vice-campeao-mundial-junior-e-lider-do-ranking-nacional-dos-100m-borboleta\/#article\",\"isPartOf\":{\"@id\":\"https:\/\/swimchannel.net\/br\/a-evolucao-de-lucio-flavio-paula-vice-campeao-mundial-junior-e-lider-do-ranking-nacional-dos-100m-borboleta\/\"},\"author\":{\"name\":\"Alex Pussieldi\",\"@id\":\"https:\/\/swimchannel.net\/br\/#\/schema\/person\/cf549cb99cf75592fcf7c76213385e63\"},\"headline\":\"A evolu\u00e7\u00e3o de Lucio Fl\u00e1vio Paula, vice-campe\u00e3o mundial j\u00fanior\",\"datePublished\":\"2025-08-21T21:09:21+00:00\",\"dateModified\":\"2025-08-21T21:45:52+00:00\",\"mainEntityOfPage\":{\"@id\":\"https:\/\/swimchannel.net\/br\/a-evolucao-de-lucio-flavio-paula-vice-campeao-mundial-junior-e-lider-do-ranking-nacional-dos-100m-borboleta\/\"},\"wordCount\":55,\"commentCount\":0,\"publisher\":{\"@id\":\"https:\/\/swimchannel.net\/br\/#organization\"},\"image\":{\"@id\":\"https:\/\/swimchannel.net\/br\/a-evolucao-de-lucio-flavio-paula-vice-campeao-mundial-junior-e-lider-do-ranking-nacional-dos-100m-borboleta\/#primaryimage\"},\"thumbnailUrl\":\"https:\/\/swimchannel.net\/br\/wp-content\/uploads\/2025\/08\/SAVE_20250821_180756.jpg\",\"keywords\":[\"Campeonato Mundial J\u00fanior\",\"L\u00facio Fl\u00e1vio Paula\",\"natacao\"],\"articleSection\":[\"Nata\u00e7\u00e3o\"],\"inLanguage\":\"pt-BR\",\"potentialAction\":[{\"@type\":\"CommentAction\",\"name\":\"Comment\",\"target\":[\"https:\/\/swimchannel.net\/br\/a-evolucao-de-lucio-flavio-paula-vice-campeao-mundial-junior-e-lider-do-ranking-nacional-dos-100m-borboleta\/#respond\"]}]},{\"@type\":\"WebPage\",\"@id\":\"https:\/\/swimchannel.net\/br\/a-evolucao-de-lucio-flavio-paula-vice-campeao-mundial-junior-e-lider-do-ranking-nacional-dos-100m-borboleta\/\",\"url\":\"https:\/\/swimchannel.net\/br\/a-evolucao-de-lucio-flavio-paula-vice-campeao-mundial-junior-e-lider-do-ranking-nacional-dos-100m-borboleta\/\",\"name\":\"A evolu\u00e7\u00e3o de Lucio Fl\u00e1vio Paula, vice-campe\u00e3o mundial j\u00fanior - Swimchannel\",\"isPartOf\":{\"@id\":\"https:\/\/swimchannel.net\/br\/#website\"},\"primaryImageOfPage\":{\"@id\":\"https:\/\/swimchannel.net\/br\/a-evolucao-de-lucio-flavio-paula-vice-campeao-mundial-junior-e-lider-do-ranking-nacional-dos-100m-borboleta\/#primaryimage\"},\"image\":{\"@id\":\"https:\/\/swimchannel.net\/br\/a-evolucao-de-lucio-flavio-paula-vice-campeao-mundial-junior-e-lider-do-ranking-nacional-dos-100m-borboleta\/#primaryimage\"},\"thumbnailUrl\":\"https:\/\/swimchannel.net\/br\/wp-content\/uploads\/2025\/08\/SAVE_20250821_180756.jpg\",\"datePublished\":\"2025-08-21T21:09:21+00:00\",\"dateModified\":\"2025-08-21T21:45:52+00:00\",\"breadcrumb\":{\"@id\":\"https:\/\/swimchannel.net\/br\/a-evolucao-de-lucio-flavio-paula-vice-campeao-mundial-junior-e-lider-do-ranking-nacional-dos-100m-borboleta\/#breadcrumb\"},\"inLanguage\":\"pt-BR\",\"potentialAction\":[{\"@type\":\"ReadAction\",\"target\":[\"https:\/\/swimchannel.net\/br\/a-evolucao-de-lucio-flavio-paula-vice-campeao-mundial-junior-e-lider-do-ranking-nacional-dos-100m-borboleta\/\"]}]},{\"@type\":\"ImageObject\",\"inLanguage\":\"pt-BR\",\"@id\":\"https:\/\/swimchannel.net\/br\/a-evolucao-de-lucio-flavio-paula-vice-campeao-mundial-junior-e-lider-do-ranking-nacional-dos-100m-borboleta\/#primaryimage\",\"url\":\"https:\/\/swimchannel.net\/br\/wp-content\/uploads\/2025\/08\/SAVE_20250821_180756.jpg\",\"contentUrl\":\"https:\/\/swimchannel.net\/br\/wp-content\/uploads\/2025\/08\/SAVE_20250821_180756.jpg\",\"width\":2362,\"height\":1575},{\"@type\":\"BreadcrumbList\",\"@id\":\"https:\/\/swimchannel.net\/br\/a-evolucao-de-lucio-flavio-paula-vice-campeao-mundial-junior-e-lider-do-ranking-nacional-dos-100m-borboleta\/#breadcrumb\",\"itemListElement\":[{\"@type\":\"ListItem\",\"position\":1,\"name\":\"Home\",\"item\":\"https:\/\/swimchannel.net\/br\/\"},{\"@type\":\"ListItem\",\"position\":2,\"name\":\"A evolu\u00e7\u00e3o de Lucio Fl\u00e1vio Paula, vice-campe\u00e3o mundial j\u00fanior\"}]},{\"@type\":\"WebSite\",\"@id\":\"https:\/\/swimchannel.net\/br\/#website\",\"url\":\"https:\/\/swimchannel.net\/br\/\",\"name\":\"Swimchannel\",\"description\":\"Maior portal de nata\u00e7\u00e3o da america latina\",\"publisher\":{\"@id\":\"https:\/\/swimchannel.net\/br\/#organization\"},\"potentialAction\":[{\"@type\":\"SearchAction\",\"target\":{\"@type\":\"EntryPoint\",\"urlTemplate\":\"https:\/\/swimchannel.net\/br\/?s={search_term_string}\"},\"query-input\":{\"@type\":\"PropertyValueSpecification\",\"valueRequired\":true,\"valueName\":\"search_term_string\"}}],\"inLanguage\":\"pt-BR\"},{\"@type\":\"Organization\",\"@id\":\"https:\/\/swimchannel.net\/br\/#organization\",\"name\":\"Swimchannel - Conectando voc\u00ea a Nata\u00e7\u00e3o\",\"url\":\"https:\/\/swimchannel.net\/br\/\",\"logo\":{\"@type\":\"ImageObject\",\"inLanguage\":\"pt-BR\",\"@id\":\"https:\/\/swimchannel.net\/br\/#\/schema\/logo\/image\/\",\"url\":\"https:\/\/swimchannel.net\/br\/wp-content\/uploads\/2026\/02\/SWIM-CHANNEL.png\",\"contentUrl\":\"https:\/\/swimchannel.net\/br\/wp-content\/uploads\/2026\/02\/SWIM-CHANNEL.png\",\"width\":1120,\"height\":630,\"caption\":\"Swimchannel - Conectando voc\u00ea a Nata\u00e7\u00e3o\"},\"image\":{\"@id\":\"https:\/\/swimchannel.net\/br\/#\/schema\/logo\/image\/\"},\"sameAs\":[\"https:\/\/www.facebook.com\/swimchannel\",\"https:\/\/www.instagram.com\/swimchannel\"]},{\"@type\":\"Person\",\"@id\":\"https:\/\/swimchannel.net\/br\/#\/schema\/person\/cf549cb99cf75592fcf7c76213385e63\",\"name\":\"Alex Pussieldi\",\"image\":{\"@type\":\"ImageObject\",\"inLanguage\":\"pt-BR\",\"@id\":\"https:\/\/swimchannel.net\/br\/#\/schema\/person\/image\/\",\"url\":\"https:\/\/swimchannel.net\/br\/wp-content\/uploads\/2021\/02\/9b1c252d-a4bd-4eda-b399-24565cac4114-100x100.jpg\",\"contentUrl\":\"https:\/\/swimchannel.net\/br\/wp-content\/uploads\/2021\/02\/9b1c252d-a4bd-4eda-b399-24565cac4114-100x100.jpg\",\"caption\":\"Alex Pussieldi\"},\"description\":\"Alexandre Pussieldi, apelidado de \u201ccoach\u201d, Foi t\u00e9cnico da sele\u00e7\u00e3o verde e amarela nas Olimp\u00edadas de Pequim-2008 e Londres-2012. O treinador ainda comandou outros quatro pa\u00edses: Kuwait, Paraguai, Aruba e Antilhas Holandesas, al\u00e9m da sele\u00e7\u00e3o americana de \u00e1guas abertas. Pussieldi tem passagens como comentarista de nata\u00e7\u00e3o do Grupo Globo e Swim Channel.\",\"url\":\"https:\/\/swimchannel.net\/br\/author\/alexpussieldi\/\"}]}<\/script>\n<!-- \/ Yoast SEO plugin. -->","yoast_head_json":{"title":"A evolu\u00e7\u00e3o de Lucio Fl\u00e1vio Paula, vice-campe\u00e3o mundial j\u00fanior - Swimchannel","robots":{"index":"index","follow":"follow","max-snippet":"max-snippet:-1","max-image-preview":"max-image-preview:large","max-video-preview":"max-video-preview:-1"},"canonical":"https:\/\/swimchannel.net\/br\/a-evolucao-de-lucio-flavio-paula-vice-campeao-mundial-junior-e-lider-do-ranking-nacional-dos-100m-borboleta\/","og_locale":"pt_BR","og_type":"article","og_title":"A evolu\u00e7\u00e3o de Lucio Fl\u00e1vio Paula, vice-campe\u00e3o mundial j\u00fanior - Swimchannel","og_description":"&nbsp; X \u2013 indica fora do Top 100 Ranking da Categoria \u2013 Posi\u00e7\u00e3o na hist\u00f3ria da categoria Ranking Absoluto \u2013 Ranking Absoluto no espec\u00edfico a &nbsp; Gostaria de receber as not\u00edcias de nata\u00e7\u00e3o e \u00e1guas abertas no seu email? Cadastre-se aqui","og_url":"https:\/\/swimchannel.net\/br\/a-evolucao-de-lucio-flavio-paula-vice-campeao-mundial-junior-e-lider-do-ranking-nacional-dos-100m-borboleta\/","og_site_name":"Swimchannel","article_publisher":"https:\/\/www.facebook.com\/swimchannel","article_published_time":"2025-08-21T21:09:21+00:00","article_modified_time":"2025-08-21T21:45:52+00:00","og_image":[{"width":2362,"height":1575,"url":"https:\/\/swimchannel.net\/br\/wp-content\/uploads\/2025\/08\/SAVE_20250821_180756.jpg","type":"image\/jpeg"}],"author":"Alex Pussieldi","twitter_card":"summary_large_image","twitter_misc":{"Escrito por":"Alex Pussieldi"},"schema":{"@context":"https:\/\/schema.org","@graph":[{"@type":"Article","@id":"https:\/\/swimchannel.net\/br\/a-evolucao-de-lucio-flavio-paula-vice-campeao-mundial-junior-e-lider-do-ranking-nacional-dos-100m-borboleta\/#article","isPartOf":{"@id":"https:\/\/swimchannel.net\/br\/a-evolucao-de-lucio-flavio-paula-vice-campeao-mundial-junior-e-lider-do-ranking-nacional-dos-100m-borboleta\/"},"author":{"name":"Alex Pussieldi","@id":"https:\/\/swimchannel.net\/br\/#\/schema\/person\/cf549cb99cf75592fcf7c76213385e63"},"headline":"A evolu\u00e7\u00e3o de Lucio Fl\u00e1vio Paula, vice-campe\u00e3o mundial j\u00fanior","datePublished":"2025-08-21T21:09:21+00:00","dateModified":"2025-08-21T21:45:52+00:00","mainEntityOfPage":{"@id":"https:\/\/swimchannel.net\/br\/a-evolucao-de-lucio-flavio-paula-vice-campeao-mundial-junior-e-lider-do-ranking-nacional-dos-100m-borboleta\/"},"wordCount":55,"commentCount":0,"publisher":{"@id":"https:\/\/swimchannel.net\/br\/#organization"},"image":{"@id":"https:\/\/swimchannel.net\/br\/a-evolucao-de-lucio-flavio-paula-vice-campeao-mundial-junior-e-lider-do-ranking-nacional-dos-100m-borboleta\/#primaryimage"},"thumbnailUrl":"https:\/\/swimchannel.net\/br\/wp-content\/uploads\/2025\/08\/SAVE_20250821_180756.jpg","keywords":["Campeonato Mundial J\u00fanior","L\u00facio Fl\u00e1vio Paula","natacao"],"articleSection":["Nata\u00e7\u00e3o"],"inLanguage":"pt-BR","potentialAction":[{"@type":"CommentAction","name":"Comment","target":["https:\/\/swimchannel.net\/br\/a-evolucao-de-lucio-flavio-paula-vice-campeao-mundial-junior-e-lider-do-ranking-nacional-dos-100m-borboleta\/#respond"]}]},{"@type":"WebPage","@id":"https:\/\/swimchannel.net\/br\/a-evolucao-de-lucio-flavio-paula-vice-campeao-mundial-junior-e-lider-do-ranking-nacional-dos-100m-borboleta\/","url":"https:\/\/swimchannel.net\/br\/a-evolucao-de-lucio-flavio-paula-vice-campeao-mundial-junior-e-lider-do-ranking-nacional-dos-100m-borboleta\/","name":"A evolu\u00e7\u00e3o de Lucio Fl\u00e1vio Paula, vice-campe\u00e3o mundial j\u00fanior - Swimchannel","isPartOf":{"@id":"https:\/\/swimchannel.net\/br\/#website"},"primaryImageOfPage":{"@id":"https:\/\/swimchannel.net\/br\/a-evolucao-de-lucio-flavio-paula-vice-campeao-mundial-junior-e-lider-do-ranking-nacional-dos-100m-borboleta\/#primaryimage"},"image":{"@id":"https:\/\/swimchannel.net\/br\/a-evolucao-de-lucio-flavio-paula-vice-campeao-mundial-junior-e-lider-do-ranking-nacional-dos-100m-borboleta\/#primaryimage"},"thumbnailUrl":"https:\/\/swimchannel.net\/br\/wp-content\/uploads\/2025\/08\/SAVE_20250821_180756.jpg","datePublished":"2025-08-21T21:09:21+00:00","dateModified":"2025-08-21T21:45:52+00:00","breadcrumb":{"@id":"https:\/\/swimchannel.net\/br\/a-evolucao-de-lucio-flavio-paula-vice-campeao-mundial-junior-e-lider-do-ranking-nacional-dos-100m-borboleta\/#breadcrumb"},"inLanguage":"pt-BR","potentialAction":[{"@type":"ReadAction","target":["https:\/\/swimchannel.net\/br\/a-evolucao-de-lucio-flavio-paula-vice-campeao-mundial-junior-e-lider-do-ranking-nacional-dos-100m-borboleta\/"]}]},{"@type":"ImageObject","inLanguage":"pt-BR","@id":"https:\/\/swimchannel.net\/br\/a-evolucao-de-lucio-flavio-paula-vice-campeao-mundial-junior-e-lider-do-ranking-nacional-dos-100m-borboleta\/#primaryimage","url":"https:\/\/swimchannel.net\/br\/wp-content\/uploads\/2025\/08\/SAVE_20250821_180756.jpg","contentUrl":"https:\/\/swimchannel.net\/br\/wp-content\/uploads\/2025\/08\/SAVE_20250821_180756.jpg","width":2362,"height":1575},{"@type":"BreadcrumbList","@id":"https:\/\/swimchannel.net\/br\/a-evolucao-de-lucio-flavio-paula-vice-campeao-mundial-junior-e-lider-do-ranking-nacional-dos-100m-borboleta\/#breadcrumb","itemListElement":[{"@type":"ListItem","position":1,"name":"Home","item":"https:\/\/swimchannel.net\/br\/"},{"@type":"ListItem","position":2,"name":"A evolu\u00e7\u00e3o de Lucio Fl\u00e1vio Paula, vice-campe\u00e3o mundial j\u00fanior"}]},{"@type":"WebSite","@id":"https:\/\/swimchannel.net\/br\/#website","url":"https:\/\/swimchannel.net\/br\/","name":"Swimchannel","description":"Maior portal de nata\u00e7\u00e3o da america latina","publisher":{"@id":"https:\/\/swimchannel.net\/br\/#organization"},"potentialAction":[{"@type":"SearchAction","target":{"@type":"EntryPoint","urlTemplate":"https:\/\/swimchannel.net\/br\/?s={search_term_string}"},"query-input":{"@type":"PropertyValueSpecification","valueRequired":true,"valueName":"search_term_string"}}],"inLanguage":"pt-BR"},{"@type":"Organization","@id":"https:\/\/swimchannel.net\/br\/#organization","name":"Swimchannel - Conectando voc\u00ea a Nata\u00e7\u00e3o","url":"https:\/\/swimchannel.net\/br\/","logo":{"@type":"ImageObject","inLanguage":"pt-BR","@id":"https:\/\/swimchannel.net\/br\/#\/schema\/logo\/image\/","url":"https:\/\/swimchannel.net\/br\/wp-content\/uploads\/2026\/02\/SWIM-CHANNEL.png","contentUrl":"https:\/\/swimchannel.net\/br\/wp-content\/uploads\/2026\/02\/SWIM-CHANNEL.png","width":1120,"height":630,"caption":"Swimchannel - Conectando voc\u00ea a Nata\u00e7\u00e3o"},"image":{"@id":"https:\/\/swimchannel.net\/br\/#\/schema\/logo\/image\/"},"sameAs":["https:\/\/www.facebook.com\/swimchannel","https:\/\/www.instagram.com\/swimchannel"]},{"@type":"Person","@id":"https:\/\/swimchannel.net\/br\/#\/schema\/person\/cf549cb99cf75592fcf7c76213385e63","name":"Alex Pussieldi","image":{"@type":"ImageObject","inLanguage":"pt-BR","@id":"https:\/\/swimchannel.net\/br\/#\/schema\/person\/image\/","url":"https:\/\/swimchannel.net\/br\/wp-content\/uploads\/2021\/02\/9b1c252d-a4bd-4eda-b399-24565cac4114-100x100.jpg","contentUrl":"https:\/\/swimchannel.net\/br\/wp-content\/uploads\/2021\/02\/9b1c252d-a4bd-4eda-b399-24565cac4114-100x100.jpg","caption":"Alex Pussieldi"},"description":"Alexandre Pussieldi, apelidado de \u201ccoach\u201d, Foi t\u00e9cnico da sele\u00e7\u00e3o verde e amarela nas Olimp\u00edadas de Pequim-2008 e Londres-2012. O treinador ainda comandou outros quatro pa\u00edses: Kuwait, Paraguai, Aruba e Antilhas Holandesas, al\u00e9m da sele\u00e7\u00e3o americana de \u00e1guas abertas. Pussieldi tem passagens como comentarista de nata\u00e7\u00e3o do Grupo Globo e Swim Channel.","url":"https:\/\/swimchannel.net\/br\/author\/alexpussieldi\/"}]}},"_links":{"self":[{"href":"https:\/\/swimchannel.net\/br\/wp-json\/wp\/v2\/posts\/75673","targetHints":{"allow":["GET"]}}],"collection":[{"href":"https:\/\/swimchannel.net\/br\/wp-json\/wp\/v2\/posts"}],"about":[{"href":"https:\/\/swimchannel.net\/br\/wp-json\/wp\/v2\/types\/post"}],"author":[{"embeddable":true,"href":"https:\/\/swimchannel.net\/br\/wp-json\/wp\/v2\/users\/12"}],"replies":[{"embeddable":true,"href":"https:\/\/swimchannel.net\/br\/wp-json\/wp\/v2\/comments?post=75673"}],"version-history":[{"count":4,"href":"https:\/\/swimchannel.net\/br\/wp-json\/wp\/v2\/posts\/75673\/revisions"}],"predecessor-version":[{"id":75683,"href":"https:\/\/swimchannel.net\/br\/wp-json\/wp\/v2\/posts\/75673\/revisions\/75683"}],"wp:featuredmedia":[{"embeddable":true,"href":"https:\/\/swimchannel.net\/br\/wp-json\/wp\/v2\/media\/75678"}],"wp:attachment":[{"href":"https:\/\/swimchannel.net\/br\/wp-json\/wp\/v2\/media?parent=75673"}],"wp:term":[{"taxonomy":"category","embeddable":true,"href":"https:\/\/swimchannel.net\/br\/wp-json\/wp\/v2\/categories?post=75673"},{"taxonomy":"post_tag","embeddable":true,"href":"https:\/\/swimchannel.net\/br\/wp-json\/wp\/v2\/tags?post=75673"}],"curies":[{"name":"wp","href":"https:\/\/api.w.org\/{rel}","templated":true}]}}