{"id":75847,"date":"2025-09-02T20:20:12","date_gmt":"2025-09-02T23:20:12","guid":{"rendered":"https:\/\/swimchannel.net\/br\/?p=75847"},"modified":"2025-09-02T20:20:12","modified_gmt":"2025-09-02T23:20:12","slug":"parceria-entre-fap-e-circuito-mares-reune-duas-competicoes-na-etapa-de-ubatuba","status":"publish","type":"post","link":"https:\/\/swimchannel.net\/br\/parceria-entre-fap-e-circuito-mares-reune-duas-competicoes-na-etapa-de-ubatuba\/","title":{"rendered":"Parceria entre FAP e Circuito Mares re\u00fane duas competi\u00e7\u00f5es na etapa de Ubatuba"},"content":{"rendered":"<p data-start=\"157\" data-end=\"497\">A Federa\u00e7\u00e3o Aqu\u00e1tica Paulista (FAP) e o Circuito Mares\u00a0 uem for\u00e7as na \u00faltima etapa do Circuito de 2025. Nos dias 29 e 30 de novembro, a cidade de Ubatuba ser\u00e1 palco da I Copa S\u00e3o Paulo de \u00c1guas Abertas de Ver\u00e3o, realizada em conjunto com a etapa tradicional em Ubatuba (SP) do Circuito Mares.<\/p>\n<p data-start=\"499\" data-end=\"862\">A parceria traz um diferencial para os jovens atletas: a possibilidade de disputar duas competi\u00e7\u00f5es em uma \u00fanica prova. Isso porque, ao participar das dist\u00e2ncias de 500m (Start), 1000m (Short) e 2500m (Marathon), nas categorias de base, os nadadores concorrem tanto \u00e0 premia\u00e7\u00e3o da FAP quanto \u00e0 do Circuito Mares.<\/p>\n<p data-start=\"864\" data-end=\"1028\">Os tr\u00eas primeiros colocados de cada categoria garantem duas premia\u00e7\u00f5es individuais, enquanto as tr\u00eas melhores equipes da Copa S\u00e3o Paulo tamb\u00e9m ser\u00e3o reconhecidas.<\/p>\n<blockquote class=\"instagram-media\" style=\"background: #FFF; border: 0; border-radius: 3px; box-shadow: 0 0 1px 0 rgba(0,0,0,0.5),0 1px 10px 0 rgba(0,0,0,0.15); margin: 1px; max-width: 540px; min-width: 326px; padding: 0; width: calc(100% - 2px);\" data-instgrm-captioned=\"\" data-instgrm-permalink=\"https:\/\/www.instagram.com\/p\/DNl4tt4Pk4H\/?utm_source=ig_embed&amp;utm_campaign=loading\" data-instgrm-version=\"14\">\n<div style=\"padding: 16px;\">\n<p>&nbsp;<\/p>\n<div style=\"display: flex; flex-direction: row; align-items: center;\">\n<div style=\"background-color: #f4f4f4; border-radius: 50%; flex-grow: 0; height: 40px; margin-right: 14px; width: 40px;\"><\/div>\n<div style=\"display: flex; flex-direction: column; flex-grow: 1; justify-content: center;\">\n<div style=\"background-color: #f4f4f4; border-radius: 4px; flex-grow: 0; height: 14px; margin-bottom: 6px; width: 100px;\"><\/div>\n<div style=\"background-color: #f4f4f4; border-radius: 4px; flex-grow: 0; height: 14px; width: 60px;\"><\/div>\n<\/div>\n<\/div>\n<div style=\"padding: 19% 0;\"><\/div>\n<div style=\"display: block; height: 50px; margin: 0 auto 12px; width: 50px;\"><\/div>\n<div style=\"padding-top: 8px;\">\n<div style=\"color: #3897f0; font-family: Arial,sans-serif; font-size: 14px; font-style: normal; font-weight: 550; line-height: 18px;\">Ver essa foto no Instagram<\/div>\n<\/div>\n<div style=\"padding: 12.5% 0;\"><\/div>\n<div style=\"display: flex; flex-direction: row; margin-bottom: 14px; align-items: center;\">\n<div>\n<div style=\"background-color: #f4f4f4; border-radius: 50%; height: 12.5px; width: 12.5px; transform: translateX(0px) translateY(7px);\"><\/div>\n<div style=\"background-color: #f4f4f4; height: 12.5px; transform: rotate(-45deg) translateX(3px) translateY(1px); width: 12.5px; flex-grow: 0; margin-right: 14px; margin-left: 2px;\"><\/div>\n<div style=\"background-color: #f4f4f4; border-radius: 50%; height: 12.5px; width: 12.5px; transform: translateX(9px) translateY(-18px);\"><\/div>\n<\/div>\n<div style=\"margin-left: 8px;\">\n<div style=\"background-color: #f4f4f4; border-radius: 50%; flex-grow: 0; height: 20px; width: 20px;\"><\/div>\n<div style=\"width: 0; height: 0; border-top: 2px solid transparent; border-left: 6px solid #f4f4f4; border-bottom: 2px solid transparent; transform: translateX(16px) translateY(-4px) rotate(30deg);\"><\/div>\n<\/div>\n<div style=\"margin-left: auto;\">\n<div style=\"width: 0px; border-top: 8px solid #F4F4F4; border-right: 8px solid transparent; transform: translateY(16px);\"><\/div>\n<div style=\"background-color: #f4f4f4; flex-grow: 0; height: 12px; width: 16px; transform: translateY(-4px);\"><\/div>\n<div style=\"width: 0; height: 0; border-top: 8px solid #F4F4F4; border-left: 8px solid transparent; transform: translateY(-4px) translateX(8px);\"><\/div>\n<\/div>\n<\/div>\n<div style=\"display: flex; flex-direction: column; flex-grow: 1; justify-content: center; margin-bottom: 24px;\">\n<div style=\"background-color: #f4f4f4; border-radius: 4px; flex-grow: 0; height: 14px; margin-bottom: 6px; width: 224px;\"><\/div>\n<div style=\"background-color: #f4f4f4; border-radius: 4px; flex-grow: 0; height: 14px; width: 144px;\"><\/div>\n<\/div>\n<p>&nbsp;<\/p>\n<p style=\"color: #c9c8cd; font-family: Arial,sans-serif; font-size: 14px; line-height: 17px; margin-bottom: 0; margin-top: 8px; overflow: hidden; padding: 8px 0 7px; text-align: center; text-overflow: ellipsis; white-space: nowrap;\"><a style=\"color: #c9c8cd; font-family: Arial,sans-serif; font-size: 14px; font-style: normal; font-weight: normal; line-height: 17px; text-decoration: none;\" href=\"https:\/\/www.instagram.com\/p\/DNl4tt4Pk4H\/?utm_source=ig_embed&amp;utm_campaign=loading\" target=\"_blank\" rel=\"noopener\">Uma publica\u00e7\u00e3o compartilhada por Federa\u00e7\u00e3o Aqu\u00e1tica Paulista (@aquaticapaulista)<\/a><\/p>\n<\/div>\n<\/blockquote>\n<p><script async src=\"\/\/www.instagram.com\/embed.js\"><\/script><\/p>\n<p data-start=\"1030\" data-end=\"1079\">As provas ser\u00e3o distribu\u00eddas da seguinte forma:<\/p>\n<ul data-start=\"1080\" data-end=\"1365\">\n<li data-start=\"1080\" data-end=\"1163\">\n<p data-start=\"1082\" data-end=\"1163\"><strong data-start=\"1082\" data-end=\"1114\">Start \u2013 500m (29\/11, s\u00e1bado)<\/strong>: Petiz (at\u00e9 10 anos) e Infantil (11 a 13 anos)<\/p>\n<\/li>\n<li data-start=\"1164\" data-end=\"1275\">\n<p data-start=\"1166\" data-end=\"1275\"><strong data-start=\"1166\" data-end=\"1200\">Short \u2013 1000m (30\/11, domingo)<\/strong>: Infantil (11 a 13 anos), Juvenil (14 a 16 anos) e J\u00fanior (17 a 19 anos)<\/p>\n<\/li>\n<li data-start=\"1276\" data-end=\"1365\">\n<p data-start=\"1278\" data-end=\"1365\"><strong data-start=\"1278\" data-end=\"1315\">Marathon \u2013 2500m (30\/11, domingo)<\/strong>: Juvenil (14 a 16 anos) e J\u00fanior (17 a 19 anos)<\/p>\n<\/li>\n<\/ul>\n<p data-start=\"1367\" data-end=\"1520\">As inscri\u00e7\u00f5es devem ser feitas exclusivamente no site oficial do Circuito Mares, que tamb\u00e9m fornecer\u00e1 o regulamento e a pontua\u00e7\u00e3o v\u00e1lidos para a etapa.<\/p>\n<p data-start=\"2483\" data-end=\"2764\">Veja mais aqui: <a href=\"https:\/\/www.circuitomares.com.br\/ubatuba-2025\">https:\/\/www.circuitomares.com.br\/ubatuba-2025<\/a><\/p>\n<div id=\"comp-mbsizuva\" class=\"Z_l5lU ku3DBC zQ9jDz qvSjx3 Vq6kJx comp-mbsizuva wixui-rich-text\" data-testid=\"richTextElement\"><\/div>\n<p>Gostaria de receber as not\u00edcias de nata\u00e7\u00e3o e \u00e1guas abertas no seu e-mail?<\/p>\n<p><a href=\"https:\/\/lpa.nitro.news\/n-GNe\/ultimas-noticias-swim-channel\">Cadastre-se aqui<\/a><\/p>\n","protected":false},"excerpt":{"rendered":"<p>A Federa\u00e7\u00e3o Aqu\u00e1tica Paulista (FAP) e o Circuito Mares\u00a0 uem for\u00e7as na \u00faltima etapa do Circuito de 2025. Nos dias 29 e 30 de novembro, a cidade de Ubatuba ser\u00e1 palco da I Copa S\u00e3o Paulo de \u00c1guas Abertas de Ver\u00e3o, realizada em conjunto com a etapa tradicional em Ubatuba (SP) do Circuito Mares. A [&hellip;]<\/p>\n","protected":false},"author":9,"featured_media":75318,"comment_status":"open","ping_status":"open","sticky":false,"template":"","format":"standard","meta":{"footnotes":""},"categories":[115,2576],"tags":[14,340,1767],"class_list":["post-75847","post","type-post","status-publish","format-standard","has-post-thumbnail","hentry","category-aguas-abertas","category-ultimas-noticias","tag-aguas-abertas","tag-circuito-mares","tag-fap"],"yoast_head":"<!-- This site is optimized with the Yoast SEO plugin v27.0 - https:\/\/yoast.com\/product\/yoast-seo-wordpress\/ -->\n<title>Parceria entre FAP e Circuito Mares re\u00fane duas competi\u00e7\u00f5es na etapa de Ubatuba - Swimchannel<\/title>\n<meta name=\"robots\" content=\"index, follow, max-snippet:-1, max-image-preview:large, max-video-preview:-1\" \/>\n<link rel=\"canonical\" href=\"https:\/\/swimchannel.net\/br\/parceria-entre-fap-e-circuito-mares-reune-duas-competicoes-na-etapa-de-ubatuba\/\" \/>\n<meta property=\"og:locale\" content=\"pt_BR\" \/>\n<meta property=\"og:type\" content=\"article\" \/>\n<meta property=\"og:title\" content=\"Parceria entre FAP e Circuito Mares re\u00fane duas competi\u00e7\u00f5es na etapa de Ubatuba - Swimchannel\" \/>\n<meta property=\"og:description\" content=\"A Federa\u00e7\u00e3o Aqu\u00e1tica Paulista (FAP) e o Circuito Mares\u00a0 uem for\u00e7as na \u00faltima etapa do Circuito de 2025. Nos dias 29 e 30 de novembro, a cidade de Ubatuba ser\u00e1 palco da I Copa S\u00e3o Paulo de \u00c1guas Abertas de Ver\u00e3o, realizada em conjunto com a etapa tradicional em Ubatuba (SP) do Circuito Mares. A [&hellip;]\" \/>\n<meta property=\"og:url\" content=\"https:\/\/swimchannel.net\/br\/parceria-entre-fap-e-circuito-mares-reune-duas-competicoes-na-etapa-de-ubatuba\/\" \/>\n<meta property=\"og:site_name\" content=\"Swimchannel\" \/>\n<meta property=\"article:publisher\" content=\"https:\/\/www.facebook.com\/swimchannel\" \/>\n<meta property=\"article:published_time\" content=\"2025-09-02T23:20:12+00:00\" \/>\n<meta property=\"og:image\" content=\"https:\/\/swimchannel.net\/br\/wp-content\/uploads\/2025\/07\/490485604_1188410886632725_2015711669381483670_n.jpg\" \/>\n\t<meta property=\"og:image:width\" content=\"2048\" \/>\n\t<meta property=\"og:image:height\" content=\"1152\" \/>\n\t<meta property=\"og:image:type\" content=\"image\/jpeg\" \/>\n<meta name=\"author\" content=\"Katarine Monteiro\" \/>\n<meta name=\"twitter:card\" content=\"summary_large_image\" \/>\n<meta name=\"twitter:creator\" content=\"@https:\/\/twitter.com\/Katarinem\" \/>\n<meta name=\"twitter:label1\" content=\"Escrito por\" \/>\n\t<meta name=\"twitter:data1\" content=\"Katarine Monteiro\" \/>\n\t<meta name=\"twitter:label2\" content=\"Est. tempo de leitura\" \/>\n\t<meta name=\"twitter:data2\" content=\"1 minuto\" \/>\n<script type=\"application\/ld+json\" class=\"yoast-schema-graph\">{\"@context\":\"https:\/\/schema.org\",\"@graph\":[{\"@type\":\"Article\",\"@id\":\"https:\/\/swimchannel.net\/br\/parceria-entre-fap-e-circuito-mares-reune-duas-competicoes-na-etapa-de-ubatuba\/#article\",\"isPartOf\":{\"@id\":\"https:\/\/swimchannel.net\/br\/parceria-entre-fap-e-circuito-mares-reune-duas-competicoes-na-etapa-de-ubatuba\/\"},\"author\":{\"name\":\"Katarine Monteiro\",\"@id\":\"https:\/\/swimchannel.net\/br\/#\/schema\/person\/73ae9cec62249968bca1f0a8098ef002\"},\"headline\":\"Parceria entre FAP e Circuito Mares re\u00fane duas competi\u00e7\u00f5es na etapa de Ubatuba\",\"datePublished\":\"2025-09-02T23:20:12+00:00\",\"mainEntityOfPage\":{\"@id\":\"https:\/\/swimchannel.net\/br\/parceria-entre-fap-e-circuito-mares-reune-duas-competicoes-na-etapa-de-ubatuba\/\"},\"wordCount\":268,\"commentCount\":0,\"publisher\":{\"@id\":\"https:\/\/swimchannel.net\/br\/#organization\"},\"image\":{\"@id\":\"https:\/\/swimchannel.net\/br\/parceria-entre-fap-e-circuito-mares-reune-duas-competicoes-na-etapa-de-ubatuba\/#primaryimage\"},\"thumbnailUrl\":\"https:\/\/swimchannel.net\/br\/wp-content\/uploads\/2025\/07\/490485604_1188410886632725_2015711669381483670_n.jpg\",\"keywords\":[\"\u00c1guas abertas\",\"Circuito Mares\",\"FAP\"],\"articleSection\":[\"\u00c1guas Abertas\",\"\u00daltimas Not\u00edcias\"],\"inLanguage\":\"pt-BR\",\"potentialAction\":[{\"@type\":\"CommentAction\",\"name\":\"Comment\",\"target\":[\"https:\/\/swimchannel.net\/br\/parceria-entre-fap-e-circuito-mares-reune-duas-competicoes-na-etapa-de-ubatuba\/#respond\"]}]},{\"@type\":\"WebPage\",\"@id\":\"https:\/\/swimchannel.net\/br\/parceria-entre-fap-e-circuito-mares-reune-duas-competicoes-na-etapa-de-ubatuba\/\",\"url\":\"https:\/\/swimchannel.net\/br\/parceria-entre-fap-e-circuito-mares-reune-duas-competicoes-na-etapa-de-ubatuba\/\",\"name\":\"Parceria entre FAP e Circuito Mares re\u00fane duas competi\u00e7\u00f5es na etapa de Ubatuba - Swimchannel\",\"isPartOf\":{\"@id\":\"https:\/\/swimchannel.net\/br\/#website\"},\"primaryImageOfPage\":{\"@id\":\"https:\/\/swimchannel.net\/br\/parceria-entre-fap-e-circuito-mares-reune-duas-competicoes-na-etapa-de-ubatuba\/#primaryimage\"},\"image\":{\"@id\":\"https:\/\/swimchannel.net\/br\/parceria-entre-fap-e-circuito-mares-reune-duas-competicoes-na-etapa-de-ubatuba\/#primaryimage\"},\"thumbnailUrl\":\"https:\/\/swimchannel.net\/br\/wp-content\/uploads\/2025\/07\/490485604_1188410886632725_2015711669381483670_n.jpg\",\"datePublished\":\"2025-09-02T23:20:12+00:00\",\"breadcrumb\":{\"@id\":\"https:\/\/swimchannel.net\/br\/parceria-entre-fap-e-circuito-mares-reune-duas-competicoes-na-etapa-de-ubatuba\/#breadcrumb\"},\"inLanguage\":\"pt-BR\",\"potentialAction\":[{\"@type\":\"ReadAction\",\"target\":[\"https:\/\/swimchannel.net\/br\/parceria-entre-fap-e-circuito-mares-reune-duas-competicoes-na-etapa-de-ubatuba\/\"]}]},{\"@type\":\"ImageObject\",\"inLanguage\":\"pt-BR\",\"@id\":\"https:\/\/swimchannel.net\/br\/parceria-entre-fap-e-circuito-mares-reune-duas-competicoes-na-etapa-de-ubatuba\/#primaryimage\",\"url\":\"https:\/\/swimchannel.net\/br\/wp-content\/uploads\/2025\/07\/490485604_1188410886632725_2015711669381483670_n.jpg\",\"contentUrl\":\"https:\/\/swimchannel.net\/br\/wp-content\/uploads\/2025\/07\/490485604_1188410886632725_2015711669381483670_n.jpg\",\"width\":2048,\"height\":1152,\"caption\":\"Circuito Mares. Foto: Divulga\u00e7\u00e3o\/Facebook\"},{\"@type\":\"BreadcrumbList\",\"@id\":\"https:\/\/swimchannel.net\/br\/parceria-entre-fap-e-circuito-mares-reune-duas-competicoes-na-etapa-de-ubatuba\/#breadcrumb\",\"itemListElement\":[{\"@type\":\"ListItem\",\"position\":1,\"name\":\"Home\",\"item\":\"https:\/\/swimchannel.net\/br\/\"},{\"@type\":\"ListItem\",\"position\":2,\"name\":\"Parceria entre FAP e Circuito Mares re\u00fane duas competi\u00e7\u00f5es na etapa de Ubatuba\"}]},{\"@type\":\"WebSite\",\"@id\":\"https:\/\/swimchannel.net\/br\/#website\",\"url\":\"https:\/\/swimchannel.net\/br\/\",\"name\":\"Swimchannel\",\"description\":\"Maior portal de nata\u00e7\u00e3o da america latina\",\"publisher\":{\"@id\":\"https:\/\/swimchannel.net\/br\/#organization\"},\"potentialAction\":[{\"@type\":\"SearchAction\",\"target\":{\"@type\":\"EntryPoint\",\"urlTemplate\":\"https:\/\/swimchannel.net\/br\/?s={search_term_string}\"},\"query-input\":{\"@type\":\"PropertyValueSpecification\",\"valueRequired\":true,\"valueName\":\"search_term_string\"}}],\"inLanguage\":\"pt-BR\"},{\"@type\":\"Organization\",\"@id\":\"https:\/\/swimchannel.net\/br\/#organization\",\"name\":\"Swimchannel - Conectando voc\u00ea a Nata\u00e7\u00e3o\",\"url\":\"https:\/\/swimchannel.net\/br\/\",\"logo\":{\"@type\":\"ImageObject\",\"inLanguage\":\"pt-BR\",\"@id\":\"https:\/\/swimchannel.net\/br\/#\/schema\/logo\/image\/\",\"url\":\"https:\/\/swimchannel.net\/br\/wp-content\/uploads\/2026\/02\/SWIM-CHANNEL.png\",\"contentUrl\":\"https:\/\/swimchannel.net\/br\/wp-content\/uploads\/2026\/02\/SWIM-CHANNEL.png\",\"width\":1120,\"height\":630,\"caption\":\"Swimchannel - Conectando voc\u00ea a Nata\u00e7\u00e3o\"},\"image\":{\"@id\":\"https:\/\/swimchannel.net\/br\/#\/schema\/logo\/image\/\"},\"sameAs\":[\"https:\/\/www.facebook.com\/swimchannel\",\"https:\/\/www.instagram.com\/swimchannel\"]},{\"@type\":\"Person\",\"@id\":\"https:\/\/swimchannel.net\/br\/#\/schema\/person\/73ae9cec62249968bca1f0a8098ef002\",\"name\":\"Katarine Monteiro\",\"image\":{\"@type\":\"ImageObject\",\"inLanguage\":\"pt-BR\",\"@id\":\"https:\/\/swimchannel.net\/br\/#\/schema\/person\/image\/\",\"url\":\"https:\/\/swimchannel.net\/br\/wp-content\/uploads\/2022\/01\/Katarine-Monteiro-100x100.jpg\",\"contentUrl\":\"https:\/\/swimchannel.net\/br\/wp-content\/uploads\/2022\/01\/Katarine-Monteiro-100x100.jpg\",\"caption\":\"Katarine Monteiro\"},\"description\":\"Jornalista SWIM CHANNEL especializada em esportes ol\u00edmpicos e em sa\u00fade. Com cobertura de grandes eventos internacionais, como Jogos Ol\u00edmpicos Rio 2016, Jogos Pan-Americanos em Lima 2019, Qatar Total Open 2020, Qatar ExxonMobil Open 2019 - t\u00eanis em Doha (QT), Semana Internacional de Vela de Ilhabela, Transat Jacques Vabre 2019 (Fran\u00e7a-Brasil), L'\u00c9tape Brasil by Tour de France, j\u00e1 fez in\u00fameras coberturas de nata\u00e7\u00e3o, maratona aqu\u00e1tica e polo aqu\u00e1tico. Formada tamb\u00e9m em Letras, a jornalista atua como assessora de imprensa, rela\u00e7\u00f5es p\u00fablicas e social media, com especializa\u00e7\u00e3o em marketing esportivo. Nadadora amadora de \u00e1guas abertas, j\u00e1 trabalhou com grandes nomes da nata\u00e7\u00e3o e do polo aqu\u00e1tico brasileiro.\",\"sameAs\":[\"https:\/\/www.instagram.com\/_katarinemonteiro\/\",\"https:\/\/www.linkedin.com\/in\/katarine-monteiro-19385297\/\",\"https:\/\/x.com\/https:\/\/twitter.com\/Katarinem\"],\"url\":\"https:\/\/swimchannel.net\/br\/author\/katarine-monteiro\/\"}]}<\/script>\n<!-- \/ Yoast SEO plugin. -->","yoast_head_json":{"title":"Parceria entre FAP e Circuito Mares re\u00fane duas competi\u00e7\u00f5es na etapa de Ubatuba - Swimchannel","robots":{"index":"index","follow":"follow","max-snippet":"max-snippet:-1","max-image-preview":"max-image-preview:large","max-video-preview":"max-video-preview:-1"},"canonical":"https:\/\/swimchannel.net\/br\/parceria-entre-fap-e-circuito-mares-reune-duas-competicoes-na-etapa-de-ubatuba\/","og_locale":"pt_BR","og_type":"article","og_title":"Parceria entre FAP e Circuito Mares re\u00fane duas competi\u00e7\u00f5es na etapa de Ubatuba - Swimchannel","og_description":"A Federa\u00e7\u00e3o Aqu\u00e1tica Paulista (FAP) e o Circuito Mares\u00a0 uem for\u00e7as na \u00faltima etapa do Circuito de 2025. Nos dias 29 e 30 de novembro, a cidade de Ubatuba ser\u00e1 palco da I Copa S\u00e3o Paulo de \u00c1guas Abertas de Ver\u00e3o, realizada em conjunto com a etapa tradicional em Ubatuba (SP) do Circuito Mares. A [&hellip;]","og_url":"https:\/\/swimchannel.net\/br\/parceria-entre-fap-e-circuito-mares-reune-duas-competicoes-na-etapa-de-ubatuba\/","og_site_name":"Swimchannel","article_publisher":"https:\/\/www.facebook.com\/swimchannel","article_published_time":"2025-09-02T23:20:12+00:00","og_image":[{"width":2048,"height":1152,"url":"https:\/\/swimchannel.net\/br\/wp-content\/uploads\/2025\/07\/490485604_1188410886632725_2015711669381483670_n.jpg","type":"image\/jpeg"}],"author":"Katarine Monteiro","twitter_card":"summary_large_image","twitter_creator":"@https:\/\/twitter.com\/Katarinem","twitter_misc":{"Escrito por":"Katarine Monteiro","Est. tempo de leitura":"1 minuto"},"schema":{"@context":"https:\/\/schema.org","@graph":[{"@type":"Article","@id":"https:\/\/swimchannel.net\/br\/parceria-entre-fap-e-circuito-mares-reune-duas-competicoes-na-etapa-de-ubatuba\/#article","isPartOf":{"@id":"https:\/\/swimchannel.net\/br\/parceria-entre-fap-e-circuito-mares-reune-duas-competicoes-na-etapa-de-ubatuba\/"},"author":{"name":"Katarine Monteiro","@id":"https:\/\/swimchannel.net\/br\/#\/schema\/person\/73ae9cec62249968bca1f0a8098ef002"},"headline":"Parceria entre FAP e Circuito Mares re\u00fane duas competi\u00e7\u00f5es na etapa de Ubatuba","datePublished":"2025-09-02T23:20:12+00:00","mainEntityOfPage":{"@id":"https:\/\/swimchannel.net\/br\/parceria-entre-fap-e-circuito-mares-reune-duas-competicoes-na-etapa-de-ubatuba\/"},"wordCount":268,"commentCount":0,"publisher":{"@id":"https:\/\/swimchannel.net\/br\/#organization"},"image":{"@id":"https:\/\/swimchannel.net\/br\/parceria-entre-fap-e-circuito-mares-reune-duas-competicoes-na-etapa-de-ubatuba\/#primaryimage"},"thumbnailUrl":"https:\/\/swimchannel.net\/br\/wp-content\/uploads\/2025\/07\/490485604_1188410886632725_2015711669381483670_n.jpg","keywords":["\u00c1guas abertas","Circuito Mares","FAP"],"articleSection":["\u00c1guas Abertas","\u00daltimas Not\u00edcias"],"inLanguage":"pt-BR","potentialAction":[{"@type":"CommentAction","name":"Comment","target":["https:\/\/swimchannel.net\/br\/parceria-entre-fap-e-circuito-mares-reune-duas-competicoes-na-etapa-de-ubatuba\/#respond"]}]},{"@type":"WebPage","@id":"https:\/\/swimchannel.net\/br\/parceria-entre-fap-e-circuito-mares-reune-duas-competicoes-na-etapa-de-ubatuba\/","url":"https:\/\/swimchannel.net\/br\/parceria-entre-fap-e-circuito-mares-reune-duas-competicoes-na-etapa-de-ubatuba\/","name":"Parceria entre FAP e Circuito Mares re\u00fane duas competi\u00e7\u00f5es na etapa de Ubatuba - Swimchannel","isPartOf":{"@id":"https:\/\/swimchannel.net\/br\/#website"},"primaryImageOfPage":{"@id":"https:\/\/swimchannel.net\/br\/parceria-entre-fap-e-circuito-mares-reune-duas-competicoes-na-etapa-de-ubatuba\/#primaryimage"},"image":{"@id":"https:\/\/swimchannel.net\/br\/parceria-entre-fap-e-circuito-mares-reune-duas-competicoes-na-etapa-de-ubatuba\/#primaryimage"},"thumbnailUrl":"https:\/\/swimchannel.net\/br\/wp-content\/uploads\/2025\/07\/490485604_1188410886632725_2015711669381483670_n.jpg","datePublished":"2025-09-02T23:20:12+00:00","breadcrumb":{"@id":"https:\/\/swimchannel.net\/br\/parceria-entre-fap-e-circuito-mares-reune-duas-competicoes-na-etapa-de-ubatuba\/#breadcrumb"},"inLanguage":"pt-BR","potentialAction":[{"@type":"ReadAction","target":["https:\/\/swimchannel.net\/br\/parceria-entre-fap-e-circuito-mares-reune-duas-competicoes-na-etapa-de-ubatuba\/"]}]},{"@type":"ImageObject","inLanguage":"pt-BR","@id":"https:\/\/swimchannel.net\/br\/parceria-entre-fap-e-circuito-mares-reune-duas-competicoes-na-etapa-de-ubatuba\/#primaryimage","url":"https:\/\/swimchannel.net\/br\/wp-content\/uploads\/2025\/07\/490485604_1188410886632725_2015711669381483670_n.jpg","contentUrl":"https:\/\/swimchannel.net\/br\/wp-content\/uploads\/2025\/07\/490485604_1188410886632725_2015711669381483670_n.jpg","width":2048,"height":1152,"caption":"Circuito Mares. Foto: Divulga\u00e7\u00e3o\/Facebook"},{"@type":"BreadcrumbList","@id":"https:\/\/swimchannel.net\/br\/parceria-entre-fap-e-circuito-mares-reune-duas-competicoes-na-etapa-de-ubatuba\/#breadcrumb","itemListElement":[{"@type":"ListItem","position":1,"name":"Home","item":"https:\/\/swimchannel.net\/br\/"},{"@type":"ListItem","position":2,"name":"Parceria entre FAP e Circuito Mares re\u00fane duas competi\u00e7\u00f5es na etapa de Ubatuba"}]},{"@type":"WebSite","@id":"https:\/\/swimchannel.net\/br\/#website","url":"https:\/\/swimchannel.net\/br\/","name":"Swimchannel","description":"Maior portal de nata\u00e7\u00e3o da america latina","publisher":{"@id":"https:\/\/swimchannel.net\/br\/#organization"},"potentialAction":[{"@type":"SearchAction","target":{"@type":"EntryPoint","urlTemplate":"https:\/\/swimchannel.net\/br\/?s={search_term_string}"},"query-input":{"@type":"PropertyValueSpecification","valueRequired":true,"valueName":"search_term_string"}}],"inLanguage":"pt-BR"},{"@type":"Organization","@id":"https:\/\/swimchannel.net\/br\/#organization","name":"Swimchannel - Conectando voc\u00ea a Nata\u00e7\u00e3o","url":"https:\/\/swimchannel.net\/br\/","logo":{"@type":"ImageObject","inLanguage":"pt-BR","@id":"https:\/\/swimchannel.net\/br\/#\/schema\/logo\/image\/","url":"https:\/\/swimchannel.net\/br\/wp-content\/uploads\/2026\/02\/SWIM-CHANNEL.png","contentUrl":"https:\/\/swimchannel.net\/br\/wp-content\/uploads\/2026\/02\/SWIM-CHANNEL.png","width":1120,"height":630,"caption":"Swimchannel - Conectando voc\u00ea a Nata\u00e7\u00e3o"},"image":{"@id":"https:\/\/swimchannel.net\/br\/#\/schema\/logo\/image\/"},"sameAs":["https:\/\/www.facebook.com\/swimchannel","https:\/\/www.instagram.com\/swimchannel"]},{"@type":"Person","@id":"https:\/\/swimchannel.net\/br\/#\/schema\/person\/73ae9cec62249968bca1f0a8098ef002","name":"Katarine Monteiro","image":{"@type":"ImageObject","inLanguage":"pt-BR","@id":"https:\/\/swimchannel.net\/br\/#\/schema\/person\/image\/","url":"https:\/\/swimchannel.net\/br\/wp-content\/uploads\/2022\/01\/Katarine-Monteiro-100x100.jpg","contentUrl":"https:\/\/swimchannel.net\/br\/wp-content\/uploads\/2022\/01\/Katarine-Monteiro-100x100.jpg","caption":"Katarine Monteiro"},"description":"Jornalista SWIM CHANNEL especializada em esportes ol\u00edmpicos e em sa\u00fade. Com cobertura de grandes eventos internacionais, como Jogos Ol\u00edmpicos Rio 2016, Jogos Pan-Americanos em Lima 2019, Qatar Total Open 2020, Qatar ExxonMobil Open 2019 - t\u00eanis em Doha (QT), Semana Internacional de Vela de Ilhabela, Transat Jacques Vabre 2019 (Fran\u00e7a-Brasil), L'\u00c9tape Brasil by Tour de France, j\u00e1 fez in\u00fameras coberturas de nata\u00e7\u00e3o, maratona aqu\u00e1tica e polo aqu\u00e1tico. Formada tamb\u00e9m em Letras, a jornalista atua como assessora de imprensa, rela\u00e7\u00f5es p\u00fablicas e social media, com especializa\u00e7\u00e3o em marketing esportivo. Nadadora amadora de \u00e1guas abertas, j\u00e1 trabalhou com grandes nomes da nata\u00e7\u00e3o e do polo aqu\u00e1tico brasileiro.","sameAs":["https:\/\/www.instagram.com\/_katarinemonteiro\/","https:\/\/www.linkedin.com\/in\/katarine-monteiro-19385297\/","https:\/\/x.com\/https:\/\/twitter.com\/Katarinem"],"url":"https:\/\/swimchannel.net\/br\/author\/katarine-monteiro\/"}]}},"_links":{"self":[{"href":"https:\/\/swimchannel.net\/br\/wp-json\/wp\/v2\/posts\/75847","targetHints":{"allow":["GET"]}}],"collection":[{"href":"https:\/\/swimchannel.net\/br\/wp-json\/wp\/v2\/posts"}],"about":[{"href":"https:\/\/swimchannel.net\/br\/wp-json\/wp\/v2\/types\/post"}],"author":[{"embeddable":true,"href":"https:\/\/swimchannel.net\/br\/wp-json\/wp\/v2\/users\/9"}],"replies":[{"embeddable":true,"href":"https:\/\/swimchannel.net\/br\/wp-json\/wp\/v2\/comments?post=75847"}],"version-history":[{"count":2,"href":"https:\/\/swimchannel.net\/br\/wp-json\/wp\/v2\/posts\/75847\/revisions"}],"predecessor-version":[{"id":75849,"href":"https:\/\/swimchannel.net\/br\/wp-json\/wp\/v2\/posts\/75847\/revisions\/75849"}],"wp:featuredmedia":[{"embeddable":true,"href":"https:\/\/swimchannel.net\/br\/wp-json\/wp\/v2\/media\/75318"}],"wp:attachment":[{"href":"https:\/\/swimchannel.net\/br\/wp-json\/wp\/v2\/media?parent=75847"}],"wp:term":[{"taxonomy":"category","embeddable":true,"href":"https:\/\/swimchannel.net\/br\/wp-json\/wp\/v2\/categories?post=75847"},{"taxonomy":"post_tag","embeddable":true,"href":"https:\/\/swimchannel.net\/br\/wp-json\/wp\/v2\/tags?post=75847"}],"curies":[{"name":"wp","href":"https:\/\/api.w.org\/{rel}","templated":true}]}}