{"id":75854,"date":"2025-09-03T09:33:01","date_gmt":"2025-09-03T12:33:01","guid":{"rendered":"https:\/\/swimchannel.net\/br\/?p=75854"},"modified":"2025-09-03T09:33:01","modified_gmt":"2025-09-03T12:33:01","slug":"proxima-atracao-e-o-sul-americano-juvenil-confira-a-selecao-de-natacao","status":"publish","type":"post","link":"https:\/\/swimchannel.net\/br\/proxima-atracao-e-o-sul-americano-juvenil-confira-a-selecao-de-natacao\/","title":{"rendered":"Pr\u00f3xima atra\u00e7\u00e3o \u00e9 o Sul-Americano Juvenil confira a sele\u00e7\u00e3o de nata\u00e7\u00e3o"},"content":{"rendered":"<p>Piscina do Julio Delamare, Rio de Janeiro, 24 a 28 de Setembro, 30a edi\u00e7\u00e3o do Campeonato Sul-Americano Juvenil e o Brasil que n\u00e3o perde a competi\u00e7\u00e3o desde 1969. Das 29 edi\u00e7\u00f5es disputadas, a Sele\u00e7\u00e3o Brasileira perdeu apenas a primeira, em 1967.<\/p>\n<p>&nbsp;<\/p>\n<p>Confira a escala\u00e7\u00e3o completa da Sele\u00e7\u00e3o Brasileira:<\/p>\n<p>&nbsp;<\/p>\n<p>Juvenil A feminino<\/p>\n<p>Renata Branchi Moreira, Flamengo<\/p>\n<p>Iris Duarte Miguel, Corinthians<\/p>\n<p>Gabriela Cristina Ferreira, Curitibano<\/p>\n<p>Isadora Miyashiro, Unisanta<\/p>\n<p>Isabella Felix Durante, Flamengo<\/p>\n<p>Juliana Domanico Cavalcanti, Pinheiros<\/p>\n<p>Ana Clara Aguiar, Olympico Clube<\/p>\n<p>Isadora Muniz Silva, Albatroz<\/p>\n<p>Julia Naomi Souza, Corinthians<\/p>\n<p>Adriana Franciscani de Ara\u00fajo Santos, Corinthians<\/p>\n<p>Manuela Balera Bruzzamolino, Praia Clube<\/p>\n<p>Alice Vi\u00e7osa de Jesus da Cruz, Fluminense<\/p>\n<p>&nbsp;<\/p>\n<p>Juvenil A masculino<\/p>\n<p>Ravy Pires da Silva, Fluminense<\/p>\n<p>Lucas D\u00e9 Santos, Americana<\/p>\n<p>Lucca Perini Bicudo, Pinheiros<\/p>\n<p>Pedro Alberto Pesciotto, Paineiras<\/p>\n<p>Felipe Fernandes Teixeira, ADEN<\/p>\n<p>Gabriel Oliveira Nerbass, Ca\u00e7a e Tiro<\/p>\n<p>Felipe Catuta Neves, SESI SP<\/p>\n<p>Jo\u00e3o Oliveira Goldenzon Albuquerque, Flamengo<\/p>\n<p>F\u00e1bio Viana Carvalho, Corinthians<\/p>\n<p>Matheus Rosa, ATN Tubar\u00e3o<\/p>\n<p>Pedro Jaime Vieira Alves, Minas Bras\u00edlia<\/p>\n<p>Vinicius Nascimento Rodrigues, SESI SP<\/p>\n<p>&nbsp;<\/p>\n<p>Juvenil B feminino<\/p>\n<p>Julia Leal Ariosa, SESI SP<\/p>\n<p>Manuela Ballan Sega, Americana<\/p>\n<p>Thaynara Lago, Flamengo<\/p>\n<p>Joice Otero Rocha, Flamengo<\/p>\n<p>Sophia Penteriche Marques, Pinheiros<\/p>\n<p>Agatha Amaral, Minas T\u00eanis Clube<\/p>\n<p>Ana Julia Amaral, S\u00e3o Caetano<\/p>\n<p>Rayssa de Bonfim, S\u00e3o Caetano<\/p>\n<p>Sophia de Andrade Isidoro, SESI SP<\/p>\n<p>Manuela Scaldini Astori, Flamengo<\/p>\n<p>Laura Comini Romero, Minas T\u00eanis Clube<\/p>\n<p>Helena Napolitano Reis, Pinheiros<\/p>\n<p>&nbsp;<\/p>\n<p>Juvenil B masculino<\/p>\n<p>Kau\u00e3 Marinho Pereira, Corinthians<\/p>\n<p>Gabriel Nunes Machuco, SESI SP<\/p>\n<p>Guilherme Escudero, Flamengo<\/p>\n<p>Bruno Primerano, Uni\u00e3o<\/p>\n<p>F\u00e1bio Lopes Silva, SESI SP<\/p>\n<p>L\u00facio Fl\u00e1vio Paula, Pinheiros<\/p>\n<p>Davi Vallim Carvalho, Minas T\u00eanis<\/p>\n<p>Kau\u00e3 Santos Carvalho, SESI SP<\/p>\n<p>Nicolas Freitas Gama, Minas T\u00eanis Clube<\/p>\n<p>Pedro Henrique Medrado, Flamengo<\/p>\n<p>Artur Figueiredo Souza, Minas T\u00eanis Clube<\/p>\n<p>Isaac Silva Dias, Flamengo<\/p>\n<p>&nbsp;<\/p>\n<p>Comiss\u00e3o t\u00e9cnica<\/p>\n<p>Head Coach Masculino Danilo Alcantara Lima de Carvalho, SESI SP<\/p>\n<p>Head Coach Feminino Yana Cleris Medeiros, Unisanta<\/p>\n<p>Caio Caneda, Corinthians<\/p>\n<p>Diego Uchoa, Flamengo<\/p>\n<p>Douglas Gon\u00e7alves, SESI SP<\/p>\n<p>Frederico Guariglia, Pinheiros<\/p>\n<p>&nbsp;<\/p>\n<p>&nbsp;<\/p>\n<p>Gostaria de receber as not\u00edcias de nata\u00e7\u00e3o e \u00e1guas abertas no seu email?<\/p>\n<p><a href=\"https:\/\/lpa.nitro.news\/n-GNe\/ultimas-noticias-swim-channel\">Cadastre-se aqui<\/a><\/p>\n","protected":false},"excerpt":{"rendered":"<p>Piscina do Julio Delamare, Rio de Janeiro, 24 a 28 de Setembro, 30a edi\u00e7\u00e3o do Campeonato Sul-Americano Juvenil e o Brasil que n\u00e3o perde a competi\u00e7\u00e3o desde 1969. Das 29 edi\u00e7\u00f5es disputadas, a Sele\u00e7\u00e3o Brasileira perdeu apenas a primeira, em 1967. &nbsp; Confira a escala\u00e7\u00e3o completa da Sele\u00e7\u00e3o Brasileira: &nbsp; Juvenil A feminino Renata Branchi [&hellip;]<\/p>\n","protected":false},"author":12,"featured_media":75855,"comment_status":"open","ping_status":"open","sticky":false,"template":"","format":"standard","meta":{"footnotes":""},"categories":[137,2576],"tags":[5,1586],"class_list":["post-75854","post","type-post","status-publish","format-standard","has-post-thumbnail","hentry","category-natacao","category-ultimas-noticias","tag-natacao","tag-sul-americano-juvenil"],"yoast_head":"<!-- This site is optimized with the Yoast SEO plugin v27.0 - https:\/\/yoast.com\/product\/yoast-seo-wordpress\/ -->\n<title>Pr\u00f3xima atra\u00e7\u00e3o \u00e9 o Sul-Americano Juvenil confira a sele\u00e7\u00e3o de nata\u00e7\u00e3o - Swimchannel<\/title>\n<meta name=\"robots\" content=\"index, follow, max-snippet:-1, max-image-preview:large, max-video-preview:-1\" \/>\n<link rel=\"canonical\" href=\"https:\/\/swimchannel.net\/br\/proxima-atracao-e-o-sul-americano-juvenil-confira-a-selecao-de-natacao\/\" \/>\n<meta property=\"og:locale\" content=\"pt_BR\" \/>\n<meta property=\"og:type\" content=\"article\" \/>\n<meta property=\"og:title\" content=\"Pr\u00f3xima atra\u00e7\u00e3o \u00e9 o Sul-Americano Juvenil confira a sele\u00e7\u00e3o de nata\u00e7\u00e3o - Swimchannel\" \/>\n<meta property=\"og:description\" content=\"Piscina do Julio Delamare, Rio de Janeiro, 24 a 28 de Setembro, 30a edi\u00e7\u00e3o do Campeonato Sul-Americano Juvenil e o Brasil que n\u00e3o perde a competi\u00e7\u00e3o desde 1969. Das 29 edi\u00e7\u00f5es disputadas, a Sele\u00e7\u00e3o Brasileira perdeu apenas a primeira, em 1967. &nbsp; Confira a escala\u00e7\u00e3o completa da Sele\u00e7\u00e3o Brasileira: &nbsp; Juvenil A feminino Renata Branchi [&hellip;]\" \/>\n<meta property=\"og:url\" content=\"https:\/\/swimchannel.net\/br\/proxima-atracao-e-o-sul-americano-juvenil-confira-a-selecao-de-natacao\/\" \/>\n<meta property=\"og:site_name\" content=\"Swimchannel\" \/>\n<meta property=\"article:publisher\" content=\"https:\/\/www.facebook.com\/swimchannel\" \/>\n<meta property=\"article:published_time\" content=\"2025-09-03T12:33:01+00:00\" \/>\n<meta property=\"og:image\" content=\"https:\/\/swimchannel.net\/br\/wp-content\/uploads\/2025\/09\/Logo-SUDA-AZUL-8-e1756861837327.png\" \/>\n\t<meta property=\"og:image:width\" content=\"484\" \/>\n\t<meta property=\"og:image:height\" content=\"708\" \/>\n\t<meta property=\"og:image:type\" content=\"image\/png\" \/>\n<meta name=\"author\" content=\"Alex Pussieldi\" \/>\n<meta name=\"twitter:card\" content=\"summary_large_image\" \/>\n<meta name=\"twitter:label1\" content=\"Escrito por\" \/>\n\t<meta name=\"twitter:data1\" content=\"Alex Pussieldi\" \/>\n\t<meta name=\"twitter:label2\" content=\"Est. tempo de leitura\" \/>\n\t<meta name=\"twitter:data2\" content=\"2 minutos\" \/>\n<script type=\"application\/ld+json\" class=\"yoast-schema-graph\">{\"@context\":\"https:\/\/schema.org\",\"@graph\":[{\"@type\":\"Article\",\"@id\":\"https:\/\/swimchannel.net\/br\/proxima-atracao-e-o-sul-americano-juvenil-confira-a-selecao-de-natacao\/#article\",\"isPartOf\":{\"@id\":\"https:\/\/swimchannel.net\/br\/proxima-atracao-e-o-sul-americano-juvenil-confira-a-selecao-de-natacao\/\"},\"author\":{\"name\":\"Alex Pussieldi\",\"@id\":\"https:\/\/swimchannel.net\/br\/#\/schema\/person\/cf549cb99cf75592fcf7c76213385e63\"},\"headline\":\"Pr\u00f3xima atra\u00e7\u00e3o \u00e9 o Sul-Americano Juvenil confira a sele\u00e7\u00e3o de nata\u00e7\u00e3o\",\"datePublished\":\"2025-09-03T12:33:01+00:00\",\"mainEntityOfPage\":{\"@id\":\"https:\/\/swimchannel.net\/br\/proxima-atracao-e-o-sul-americano-juvenil-confira-a-selecao-de-natacao\/\"},\"wordCount\":373,\"commentCount\":0,\"publisher\":{\"@id\":\"https:\/\/swimchannel.net\/br\/#organization\"},\"image\":{\"@id\":\"https:\/\/swimchannel.net\/br\/proxima-atracao-e-o-sul-americano-juvenil-confira-a-selecao-de-natacao\/#primaryimage\"},\"thumbnailUrl\":\"https:\/\/swimchannel.net\/br\/wp-content\/uploads\/2025\/09\/Logo-SUDA-AZUL-8-e1756861837327.png\",\"keywords\":[\"natacao\",\"Sul Americano Juvenil\"],\"articleSection\":[\"Nata\u00e7\u00e3o\",\"\u00daltimas Not\u00edcias\"],\"inLanguage\":\"pt-BR\",\"potentialAction\":[{\"@type\":\"CommentAction\",\"name\":\"Comment\",\"target\":[\"https:\/\/swimchannel.net\/br\/proxima-atracao-e-o-sul-americano-juvenil-confira-a-selecao-de-natacao\/#respond\"]}]},{\"@type\":\"WebPage\",\"@id\":\"https:\/\/swimchannel.net\/br\/proxima-atracao-e-o-sul-americano-juvenil-confira-a-selecao-de-natacao\/\",\"url\":\"https:\/\/swimchannel.net\/br\/proxima-atracao-e-o-sul-americano-juvenil-confira-a-selecao-de-natacao\/\",\"name\":\"Pr\u00f3xima atra\u00e7\u00e3o \u00e9 o Sul-Americano Juvenil confira a sele\u00e7\u00e3o de nata\u00e7\u00e3o - Swimchannel\",\"isPartOf\":{\"@id\":\"https:\/\/swimchannel.net\/br\/#website\"},\"primaryImageOfPage\":{\"@id\":\"https:\/\/swimchannel.net\/br\/proxima-atracao-e-o-sul-americano-juvenil-confira-a-selecao-de-natacao\/#primaryimage\"},\"image\":{\"@id\":\"https:\/\/swimchannel.net\/br\/proxima-atracao-e-o-sul-americano-juvenil-confira-a-selecao-de-natacao\/#primaryimage\"},\"thumbnailUrl\":\"https:\/\/swimchannel.net\/br\/wp-content\/uploads\/2025\/09\/Logo-SUDA-AZUL-8-e1756861837327.png\",\"datePublished\":\"2025-09-03T12:33:01+00:00\",\"breadcrumb\":{\"@id\":\"https:\/\/swimchannel.net\/br\/proxima-atracao-e-o-sul-americano-juvenil-confira-a-selecao-de-natacao\/#breadcrumb\"},\"inLanguage\":\"pt-BR\",\"potentialAction\":[{\"@type\":\"ReadAction\",\"target\":[\"https:\/\/swimchannel.net\/br\/proxima-atracao-e-o-sul-americano-juvenil-confira-a-selecao-de-natacao\/\"]}]},{\"@type\":\"ImageObject\",\"inLanguage\":\"pt-BR\",\"@id\":\"https:\/\/swimchannel.net\/br\/proxima-atracao-e-o-sul-americano-juvenil-confira-a-selecao-de-natacao\/#primaryimage\",\"url\":\"https:\/\/swimchannel.net\/br\/wp-content\/uploads\/2025\/09\/Logo-SUDA-AZUL-8-e1756861837327.png\",\"contentUrl\":\"https:\/\/swimchannel.net\/br\/wp-content\/uploads\/2025\/09\/Logo-SUDA-AZUL-8-e1756861837327.png\",\"width\":484,\"height\":708},{\"@type\":\"BreadcrumbList\",\"@id\":\"https:\/\/swimchannel.net\/br\/proxima-atracao-e-o-sul-americano-juvenil-confira-a-selecao-de-natacao\/#breadcrumb\",\"itemListElement\":[{\"@type\":\"ListItem\",\"position\":1,\"name\":\"Home\",\"item\":\"https:\/\/swimchannel.net\/br\/\"},{\"@type\":\"ListItem\",\"position\":2,\"name\":\"Pr\u00f3xima atra\u00e7\u00e3o \u00e9 o Sul-Americano Juvenil confira a sele\u00e7\u00e3o de nata\u00e7\u00e3o\"}]},{\"@type\":\"WebSite\",\"@id\":\"https:\/\/swimchannel.net\/br\/#website\",\"url\":\"https:\/\/swimchannel.net\/br\/\",\"name\":\"Swimchannel\",\"description\":\"Maior portal de nata\u00e7\u00e3o da america latina\",\"publisher\":{\"@id\":\"https:\/\/swimchannel.net\/br\/#organization\"},\"potentialAction\":[{\"@type\":\"SearchAction\",\"target\":{\"@type\":\"EntryPoint\",\"urlTemplate\":\"https:\/\/swimchannel.net\/br\/?s={search_term_string}\"},\"query-input\":{\"@type\":\"PropertyValueSpecification\",\"valueRequired\":true,\"valueName\":\"search_term_string\"}}],\"inLanguage\":\"pt-BR\"},{\"@type\":\"Organization\",\"@id\":\"https:\/\/swimchannel.net\/br\/#organization\",\"name\":\"Swimchannel - Conectando voc\u00ea a Nata\u00e7\u00e3o\",\"url\":\"https:\/\/swimchannel.net\/br\/\",\"logo\":{\"@type\":\"ImageObject\",\"inLanguage\":\"pt-BR\",\"@id\":\"https:\/\/swimchannel.net\/br\/#\/schema\/logo\/image\/\",\"url\":\"https:\/\/swimchannel.net\/br\/wp-content\/uploads\/2026\/02\/SWIM-CHANNEL.png\",\"contentUrl\":\"https:\/\/swimchannel.net\/br\/wp-content\/uploads\/2026\/02\/SWIM-CHANNEL.png\",\"width\":1120,\"height\":630,\"caption\":\"Swimchannel - Conectando voc\u00ea a Nata\u00e7\u00e3o\"},\"image\":{\"@id\":\"https:\/\/swimchannel.net\/br\/#\/schema\/logo\/image\/\"},\"sameAs\":[\"https:\/\/www.facebook.com\/swimchannel\",\"https:\/\/www.instagram.com\/swimchannel\"]},{\"@type\":\"Person\",\"@id\":\"https:\/\/swimchannel.net\/br\/#\/schema\/person\/cf549cb99cf75592fcf7c76213385e63\",\"name\":\"Alex Pussieldi\",\"image\":{\"@type\":\"ImageObject\",\"inLanguage\":\"pt-BR\",\"@id\":\"https:\/\/swimchannel.net\/br\/#\/schema\/person\/image\/\",\"url\":\"https:\/\/swimchannel.net\/br\/wp-content\/uploads\/2021\/02\/9b1c252d-a4bd-4eda-b399-24565cac4114-100x100.jpg\",\"contentUrl\":\"https:\/\/swimchannel.net\/br\/wp-content\/uploads\/2021\/02\/9b1c252d-a4bd-4eda-b399-24565cac4114-100x100.jpg\",\"caption\":\"Alex Pussieldi\"},\"description\":\"Alexandre Pussieldi, apelidado de \u201ccoach\u201d, Foi t\u00e9cnico da sele\u00e7\u00e3o verde e amarela nas Olimp\u00edadas de Pequim-2008 e Londres-2012. O treinador ainda comandou outros quatro pa\u00edses: Kuwait, Paraguai, Aruba e Antilhas Holandesas, al\u00e9m da sele\u00e7\u00e3o americana de \u00e1guas abertas. Pussieldi tem passagens como comentarista de nata\u00e7\u00e3o do Grupo Globo e Swim Channel.\",\"url\":\"https:\/\/swimchannel.net\/br\/author\/alexpussieldi\/\"}]}<\/script>\n<!-- \/ Yoast SEO plugin. -->","yoast_head_json":{"title":"Pr\u00f3xima atra\u00e7\u00e3o \u00e9 o Sul-Americano Juvenil confira a sele\u00e7\u00e3o de nata\u00e7\u00e3o - Swimchannel","robots":{"index":"index","follow":"follow","max-snippet":"max-snippet:-1","max-image-preview":"max-image-preview:large","max-video-preview":"max-video-preview:-1"},"canonical":"https:\/\/swimchannel.net\/br\/proxima-atracao-e-o-sul-americano-juvenil-confira-a-selecao-de-natacao\/","og_locale":"pt_BR","og_type":"article","og_title":"Pr\u00f3xima atra\u00e7\u00e3o \u00e9 o Sul-Americano Juvenil confira a sele\u00e7\u00e3o de nata\u00e7\u00e3o - Swimchannel","og_description":"Piscina do Julio Delamare, Rio de Janeiro, 24 a 28 de Setembro, 30a edi\u00e7\u00e3o do Campeonato Sul-Americano Juvenil e o Brasil que n\u00e3o perde a competi\u00e7\u00e3o desde 1969. Das 29 edi\u00e7\u00f5es disputadas, a Sele\u00e7\u00e3o Brasileira perdeu apenas a primeira, em 1967. &nbsp; Confira a escala\u00e7\u00e3o completa da Sele\u00e7\u00e3o Brasileira: &nbsp; Juvenil A feminino Renata Branchi [&hellip;]","og_url":"https:\/\/swimchannel.net\/br\/proxima-atracao-e-o-sul-americano-juvenil-confira-a-selecao-de-natacao\/","og_site_name":"Swimchannel","article_publisher":"https:\/\/www.facebook.com\/swimchannel","article_published_time":"2025-09-03T12:33:01+00:00","og_image":[{"width":484,"height":708,"url":"https:\/\/swimchannel.net\/br\/wp-content\/uploads\/2025\/09\/Logo-SUDA-AZUL-8-e1756861837327.png","type":"image\/png"}],"author":"Alex Pussieldi","twitter_card":"summary_large_image","twitter_misc":{"Escrito por":"Alex Pussieldi","Est. tempo de leitura":"2 minutos"},"schema":{"@context":"https:\/\/schema.org","@graph":[{"@type":"Article","@id":"https:\/\/swimchannel.net\/br\/proxima-atracao-e-o-sul-americano-juvenil-confira-a-selecao-de-natacao\/#article","isPartOf":{"@id":"https:\/\/swimchannel.net\/br\/proxima-atracao-e-o-sul-americano-juvenil-confira-a-selecao-de-natacao\/"},"author":{"name":"Alex Pussieldi","@id":"https:\/\/swimchannel.net\/br\/#\/schema\/person\/cf549cb99cf75592fcf7c76213385e63"},"headline":"Pr\u00f3xima atra\u00e7\u00e3o \u00e9 o Sul-Americano Juvenil confira a sele\u00e7\u00e3o de nata\u00e7\u00e3o","datePublished":"2025-09-03T12:33:01+00:00","mainEntityOfPage":{"@id":"https:\/\/swimchannel.net\/br\/proxima-atracao-e-o-sul-americano-juvenil-confira-a-selecao-de-natacao\/"},"wordCount":373,"commentCount":0,"publisher":{"@id":"https:\/\/swimchannel.net\/br\/#organization"},"image":{"@id":"https:\/\/swimchannel.net\/br\/proxima-atracao-e-o-sul-americano-juvenil-confira-a-selecao-de-natacao\/#primaryimage"},"thumbnailUrl":"https:\/\/swimchannel.net\/br\/wp-content\/uploads\/2025\/09\/Logo-SUDA-AZUL-8-e1756861837327.png","keywords":["natacao","Sul Americano Juvenil"],"articleSection":["Nata\u00e7\u00e3o","\u00daltimas Not\u00edcias"],"inLanguage":"pt-BR","potentialAction":[{"@type":"CommentAction","name":"Comment","target":["https:\/\/swimchannel.net\/br\/proxima-atracao-e-o-sul-americano-juvenil-confira-a-selecao-de-natacao\/#respond"]}]},{"@type":"WebPage","@id":"https:\/\/swimchannel.net\/br\/proxima-atracao-e-o-sul-americano-juvenil-confira-a-selecao-de-natacao\/","url":"https:\/\/swimchannel.net\/br\/proxima-atracao-e-o-sul-americano-juvenil-confira-a-selecao-de-natacao\/","name":"Pr\u00f3xima atra\u00e7\u00e3o \u00e9 o Sul-Americano Juvenil confira a sele\u00e7\u00e3o de nata\u00e7\u00e3o - Swimchannel","isPartOf":{"@id":"https:\/\/swimchannel.net\/br\/#website"},"primaryImageOfPage":{"@id":"https:\/\/swimchannel.net\/br\/proxima-atracao-e-o-sul-americano-juvenil-confira-a-selecao-de-natacao\/#primaryimage"},"image":{"@id":"https:\/\/swimchannel.net\/br\/proxima-atracao-e-o-sul-americano-juvenil-confira-a-selecao-de-natacao\/#primaryimage"},"thumbnailUrl":"https:\/\/swimchannel.net\/br\/wp-content\/uploads\/2025\/09\/Logo-SUDA-AZUL-8-e1756861837327.png","datePublished":"2025-09-03T12:33:01+00:00","breadcrumb":{"@id":"https:\/\/swimchannel.net\/br\/proxima-atracao-e-o-sul-americano-juvenil-confira-a-selecao-de-natacao\/#breadcrumb"},"inLanguage":"pt-BR","potentialAction":[{"@type":"ReadAction","target":["https:\/\/swimchannel.net\/br\/proxima-atracao-e-o-sul-americano-juvenil-confira-a-selecao-de-natacao\/"]}]},{"@type":"ImageObject","inLanguage":"pt-BR","@id":"https:\/\/swimchannel.net\/br\/proxima-atracao-e-o-sul-americano-juvenil-confira-a-selecao-de-natacao\/#primaryimage","url":"https:\/\/swimchannel.net\/br\/wp-content\/uploads\/2025\/09\/Logo-SUDA-AZUL-8-e1756861837327.png","contentUrl":"https:\/\/swimchannel.net\/br\/wp-content\/uploads\/2025\/09\/Logo-SUDA-AZUL-8-e1756861837327.png","width":484,"height":708},{"@type":"BreadcrumbList","@id":"https:\/\/swimchannel.net\/br\/proxima-atracao-e-o-sul-americano-juvenil-confira-a-selecao-de-natacao\/#breadcrumb","itemListElement":[{"@type":"ListItem","position":1,"name":"Home","item":"https:\/\/swimchannel.net\/br\/"},{"@type":"ListItem","position":2,"name":"Pr\u00f3xima atra\u00e7\u00e3o \u00e9 o Sul-Americano Juvenil confira a sele\u00e7\u00e3o de nata\u00e7\u00e3o"}]},{"@type":"WebSite","@id":"https:\/\/swimchannel.net\/br\/#website","url":"https:\/\/swimchannel.net\/br\/","name":"Swimchannel","description":"Maior portal de nata\u00e7\u00e3o da america latina","publisher":{"@id":"https:\/\/swimchannel.net\/br\/#organization"},"potentialAction":[{"@type":"SearchAction","target":{"@type":"EntryPoint","urlTemplate":"https:\/\/swimchannel.net\/br\/?s={search_term_string}"},"query-input":{"@type":"PropertyValueSpecification","valueRequired":true,"valueName":"search_term_string"}}],"inLanguage":"pt-BR"},{"@type":"Organization","@id":"https:\/\/swimchannel.net\/br\/#organization","name":"Swimchannel - Conectando voc\u00ea a Nata\u00e7\u00e3o","url":"https:\/\/swimchannel.net\/br\/","logo":{"@type":"ImageObject","inLanguage":"pt-BR","@id":"https:\/\/swimchannel.net\/br\/#\/schema\/logo\/image\/","url":"https:\/\/swimchannel.net\/br\/wp-content\/uploads\/2026\/02\/SWIM-CHANNEL.png","contentUrl":"https:\/\/swimchannel.net\/br\/wp-content\/uploads\/2026\/02\/SWIM-CHANNEL.png","width":1120,"height":630,"caption":"Swimchannel - Conectando voc\u00ea a Nata\u00e7\u00e3o"},"image":{"@id":"https:\/\/swimchannel.net\/br\/#\/schema\/logo\/image\/"},"sameAs":["https:\/\/www.facebook.com\/swimchannel","https:\/\/www.instagram.com\/swimchannel"]},{"@type":"Person","@id":"https:\/\/swimchannel.net\/br\/#\/schema\/person\/cf549cb99cf75592fcf7c76213385e63","name":"Alex Pussieldi","image":{"@type":"ImageObject","inLanguage":"pt-BR","@id":"https:\/\/swimchannel.net\/br\/#\/schema\/person\/image\/","url":"https:\/\/swimchannel.net\/br\/wp-content\/uploads\/2021\/02\/9b1c252d-a4bd-4eda-b399-24565cac4114-100x100.jpg","contentUrl":"https:\/\/swimchannel.net\/br\/wp-content\/uploads\/2021\/02\/9b1c252d-a4bd-4eda-b399-24565cac4114-100x100.jpg","caption":"Alex Pussieldi"},"description":"Alexandre Pussieldi, apelidado de \u201ccoach\u201d, Foi t\u00e9cnico da sele\u00e7\u00e3o verde e amarela nas Olimp\u00edadas de Pequim-2008 e Londres-2012. O treinador ainda comandou outros quatro pa\u00edses: Kuwait, Paraguai, Aruba e Antilhas Holandesas, al\u00e9m da sele\u00e7\u00e3o americana de \u00e1guas abertas. Pussieldi tem passagens como comentarista de nata\u00e7\u00e3o do Grupo Globo e Swim Channel.","url":"https:\/\/swimchannel.net\/br\/author\/alexpussieldi\/"}]}},"_links":{"self":[{"href":"https:\/\/swimchannel.net\/br\/wp-json\/wp\/v2\/posts\/75854","targetHints":{"allow":["GET"]}}],"collection":[{"href":"https:\/\/swimchannel.net\/br\/wp-json\/wp\/v2\/posts"}],"about":[{"href":"https:\/\/swimchannel.net\/br\/wp-json\/wp\/v2\/types\/post"}],"author":[{"embeddable":true,"href":"https:\/\/swimchannel.net\/br\/wp-json\/wp\/v2\/users\/12"}],"replies":[{"embeddable":true,"href":"https:\/\/swimchannel.net\/br\/wp-json\/wp\/v2\/comments?post=75854"}],"version-history":[{"count":1,"href":"https:\/\/swimchannel.net\/br\/wp-json\/wp\/v2\/posts\/75854\/revisions"}],"predecessor-version":[{"id":75856,"href":"https:\/\/swimchannel.net\/br\/wp-json\/wp\/v2\/posts\/75854\/revisions\/75856"}],"wp:featuredmedia":[{"embeddable":true,"href":"https:\/\/swimchannel.net\/br\/wp-json\/wp\/v2\/media\/75855"}],"wp:attachment":[{"href":"https:\/\/swimchannel.net\/br\/wp-json\/wp\/v2\/media?parent=75854"}],"wp:term":[{"taxonomy":"category","embeddable":true,"href":"https:\/\/swimchannel.net\/br\/wp-json\/wp\/v2\/categories?post=75854"},{"taxonomy":"post_tag","embeddable":true,"href":"https:\/\/swimchannel.net\/br\/wp-json\/wp\/v2\/tags?post=75854"}],"curies":[{"name":"wp","href":"https:\/\/api.w.org\/{rel}","templated":true}]}}