{"id":75861,"date":"2025-09-04T12:15:45","date_gmt":"2025-09-04T15:15:45","guid":{"rendered":"https:\/\/swimchannel.net\/br\/?p=75861"},"modified":"2025-09-04T12:15:45","modified_gmt":"2025-09-04T15:15:45","slug":"ana-vieira-volta-a-competir-neste-final-de-semana-no-chile","status":"publish","type":"post","link":"https:\/\/swimchannel.net\/br\/ana-vieira-volta-a-competir-neste-final-de-semana-no-chile\/","title":{"rendered":"Ana Vieira volta a competir neste final de semana no Chile"},"content":{"rendered":"<p>Uma das principais velocistas da nata\u00e7\u00e3o brasileira, Ana Carolina Vieira est\u00e1 de volta. A nadadora do Pinheiros volta a competir neste final de semana na disputa da Copa Espa\u00f1a Internacional, tradicional competi\u00e7\u00e3o em Santiago, no Chile. Ana est\u00e1 junto de outras duas estrelas da velocidade do Pinheiros, Gabriel Santos e Marcelo Chierighini na competi\u00e7\u00e3o de tr\u00eas dias, eliminat\u00f3rias e finais em piscina de 25 metros que vai reunir atletas do Chile, Argentina e Brasil.<\/p>\n<p>&nbsp;<\/p>\n<p>Ana Vieira est\u00e1 escalada para competir em tr\u00eas provas:<\/p>\n<p>50m peito, 50m e 100m livre<\/p>\n<p>&nbsp;<\/p>\n<p>A \u00faltima competi\u00e7\u00e3o de Ana Vieira foi o Trof\u00e9u Jos\u00e9 Finkel no ano passado. A nadadora passou por uma cirurgia no final de 2024 e ficou afastada das competi\u00e7\u00f5es deste ano no primeiro semestre.<\/p>\n<p>&nbsp;<\/p>\n<p>Entre os atletas participantes tamb\u00e9m est\u00e1 a argentina Agostina Hein, maior destaque da Am\u00e9rica do Sul no recente Campeonato Mundial J\u00fanior em Otopeni, na Rom\u00eania. Agostina foi campe\u00e3 mundial dos 400m medley estabelecendo um novo recorde sul-americano absoluto al\u00e9m de um bronze nos 400m livre. Na Copa Espa\u00f1a, Agostina est\u00e1 escalad apara competir em cinco provas: 50m, 100m, 200m e 400m livre, 100m borboleta e 200m medley. A nadadora tamb\u00e9m est\u00e1 convocada para disputar o Campeonato Sul-Americano Juvenil a partir de 24 de Setembro no Rio de Janeiro.<\/p>\n<p>&nbsp;<\/p>\n<p>Al\u00e9m do Pinheiros, outra participa\u00e7\u00e3o brasileira com um combinado de 15 nadadores de Santa Catarina representando clubes de Chapec\u00f3, Conc\u00f3rdia, Videira e Lages.<\/p>\n<p>&nbsp;<\/p>\n<p>Confira o start list da Copa Espa\u00f1a 2025:<\/p>\n<p><a href=\"https:\/\/bestswimming.swimchannel.net\/wp-content\/uploads\/2025\/09\/entry-list-75-copa-espaNa-internacional-de-nataciOn-1.pdf\">entry list 75 copa espaN\u0303a internacional de nataciO\u0301n (1)<\/a><\/p>\n<p>&nbsp;<\/p>\n<p>&nbsp;<\/p>\n<p>Gostaria de receber as not\u00edcias de nata\u00e7\u00e3o e \u00e1guas abertas no seu email?<\/p>\n<p><a href=\"https:\/\/lpa.nitro.news\/n-GNe\/ultimas-noticias-swim-channel\">Cadastre-se aqui<\/a><\/p>\n","protected":false},"excerpt":{"rendered":"<p>Uma das principais velocistas da nata\u00e7\u00e3o brasileira, Ana Carolina Vieira est\u00e1 de volta. A nadadora do Pinheiros volta a competir neste final de semana na disputa da Copa Espa\u00f1a Internacional, tradicional competi\u00e7\u00e3o em Santiago, no Chile. Ana est\u00e1 junto de outras duas estrelas da velocidade do Pinheiros, Gabriel Santos e Marcelo Chierighini na competi\u00e7\u00e3o de [&hellip;]<\/p>\n","protected":false},"author":12,"featured_media":75862,"comment_status":"open","ping_status":"open","sticky":false,"template":"","format":"standard","meta":{"footnotes":""},"categories":[137,2576],"tags":[4850,5],"class_list":["post-75861","post","type-post","status-publish","format-standard","has-post-thumbnail","hentry","category-natacao","category-ultimas-noticias","tag-ana-vieira","tag-natacao"],"yoast_head":"<!-- This site is optimized with the Yoast SEO plugin v27.0 - https:\/\/yoast.com\/product\/yoast-seo-wordpress\/ -->\n<title>Ana Vieira volta a competir neste final de semana no Chile - Swimchannel<\/title>\n<meta name=\"robots\" content=\"index, follow, max-snippet:-1, max-image-preview:large, max-video-preview:-1\" \/>\n<link rel=\"canonical\" href=\"https:\/\/swimchannel.net\/br\/ana-vieira-volta-a-competir-neste-final-de-semana-no-chile\/\" \/>\n<meta property=\"og:locale\" content=\"pt_BR\" \/>\n<meta property=\"og:type\" content=\"article\" \/>\n<meta property=\"og:title\" content=\"Ana Vieira volta a competir neste final de semana no Chile - Swimchannel\" \/>\n<meta property=\"og:description\" content=\"Uma das principais velocistas da nata\u00e7\u00e3o brasileira, Ana Carolina Vieira est\u00e1 de volta. A nadadora do Pinheiros volta a competir neste final de semana na disputa da Copa Espa\u00f1a Internacional, tradicional competi\u00e7\u00e3o em Santiago, no Chile. Ana est\u00e1 junto de outras duas estrelas da velocidade do Pinheiros, Gabriel Santos e Marcelo Chierighini na competi\u00e7\u00e3o de [&hellip;]\" \/>\n<meta property=\"og:url\" content=\"https:\/\/swimchannel.net\/br\/ana-vieira-volta-a-competir-neste-final-de-semana-no-chile\/\" \/>\n<meta property=\"og:site_name\" content=\"Swimchannel\" \/>\n<meta property=\"article:publisher\" content=\"https:\/\/www.facebook.com\/swimchannel\" \/>\n<meta property=\"article:published_time\" content=\"2025-09-04T15:15:45+00:00\" \/>\n<meta property=\"og:image\" content=\"https:\/\/swimchannel.net\/br\/wp-content\/uploads\/2025\/09\/r1364494_1296x729_16-9-1030x579-1.jpg\" \/>\n\t<meta property=\"og:image:width\" content=\"1030\" \/>\n\t<meta property=\"og:image:height\" content=\"579\" \/>\n\t<meta property=\"og:image:type\" content=\"image\/jpeg\" \/>\n<meta name=\"author\" content=\"Alex Pussieldi\" \/>\n<meta name=\"twitter:card\" content=\"summary_large_image\" \/>\n<meta name=\"twitter:label1\" content=\"Escrito por\" \/>\n\t<meta name=\"twitter:data1\" content=\"Alex Pussieldi\" \/>\n\t<meta name=\"twitter:label2\" content=\"Est. tempo de leitura\" \/>\n\t<meta name=\"twitter:data2\" content=\"1 minuto\" \/>\n<script type=\"application\/ld+json\" class=\"yoast-schema-graph\">{\"@context\":\"https:\/\/schema.org\",\"@graph\":[{\"@type\":\"Article\",\"@id\":\"https:\/\/swimchannel.net\/br\/ana-vieira-volta-a-competir-neste-final-de-semana-no-chile\/#article\",\"isPartOf\":{\"@id\":\"https:\/\/swimchannel.net\/br\/ana-vieira-volta-a-competir-neste-final-de-semana-no-chile\/\"},\"author\":{\"name\":\"Alex Pussieldi\",\"@id\":\"https:\/\/swimchannel.net\/br\/#\/schema\/person\/cf549cb99cf75592fcf7c76213385e63\"},\"headline\":\"Ana Vieira volta a competir neste final de semana no Chile\",\"datePublished\":\"2025-09-04T15:15:45+00:00\",\"mainEntityOfPage\":{\"@id\":\"https:\/\/swimchannel.net\/br\/ana-vieira-volta-a-competir-neste-final-de-semana-no-chile\/\"},\"wordCount\":302,\"commentCount\":0,\"publisher\":{\"@id\":\"https:\/\/swimchannel.net\/br\/#organization\"},\"image\":{\"@id\":\"https:\/\/swimchannel.net\/br\/ana-vieira-volta-a-competir-neste-final-de-semana-no-chile\/#primaryimage\"},\"thumbnailUrl\":\"https:\/\/swimchannel.net\/br\/wp-content\/uploads\/2025\/09\/r1364494_1296x729_16-9-1030x579-1.jpg\",\"keywords\":[\"Ana Vieira\",\"natacao\"],\"articleSection\":[\"Nata\u00e7\u00e3o\",\"\u00daltimas Not\u00edcias\"],\"inLanguage\":\"pt-BR\",\"potentialAction\":[{\"@type\":\"CommentAction\",\"name\":\"Comment\",\"target\":[\"https:\/\/swimchannel.net\/br\/ana-vieira-volta-a-competir-neste-final-de-semana-no-chile\/#respond\"]}]},{\"@type\":\"WebPage\",\"@id\":\"https:\/\/swimchannel.net\/br\/ana-vieira-volta-a-competir-neste-final-de-semana-no-chile\/\",\"url\":\"https:\/\/swimchannel.net\/br\/ana-vieira-volta-a-competir-neste-final-de-semana-no-chile\/\",\"name\":\"Ana Vieira volta a competir neste final de semana no Chile - Swimchannel\",\"isPartOf\":{\"@id\":\"https:\/\/swimchannel.net\/br\/#website\"},\"primaryImageOfPage\":{\"@id\":\"https:\/\/swimchannel.net\/br\/ana-vieira-volta-a-competir-neste-final-de-semana-no-chile\/#primaryimage\"},\"image\":{\"@id\":\"https:\/\/swimchannel.net\/br\/ana-vieira-volta-a-competir-neste-final-de-semana-no-chile\/#primaryimage\"},\"thumbnailUrl\":\"https:\/\/swimchannel.net\/br\/wp-content\/uploads\/2025\/09\/r1364494_1296x729_16-9-1030x579-1.jpg\",\"datePublished\":\"2025-09-04T15:15:45+00:00\",\"breadcrumb\":{\"@id\":\"https:\/\/swimchannel.net\/br\/ana-vieira-volta-a-competir-neste-final-de-semana-no-chile\/#breadcrumb\"},\"inLanguage\":\"pt-BR\",\"potentialAction\":[{\"@type\":\"ReadAction\",\"target\":[\"https:\/\/swimchannel.net\/br\/ana-vieira-volta-a-competir-neste-final-de-semana-no-chile\/\"]}]},{\"@type\":\"ImageObject\",\"inLanguage\":\"pt-BR\",\"@id\":\"https:\/\/swimchannel.net\/br\/ana-vieira-volta-a-competir-neste-final-de-semana-no-chile\/#primaryimage\",\"url\":\"https:\/\/swimchannel.net\/br\/wp-content\/uploads\/2025\/09\/r1364494_1296x729_16-9-1030x579-1.jpg\",\"contentUrl\":\"https:\/\/swimchannel.net\/br\/wp-content\/uploads\/2025\/09\/r1364494_1296x729_16-9-1030x579-1.jpg\",\"width\":1030,\"height\":579},{\"@type\":\"BreadcrumbList\",\"@id\":\"https:\/\/swimchannel.net\/br\/ana-vieira-volta-a-competir-neste-final-de-semana-no-chile\/#breadcrumb\",\"itemListElement\":[{\"@type\":\"ListItem\",\"position\":1,\"name\":\"Home\",\"item\":\"https:\/\/swimchannel.net\/br\/\"},{\"@type\":\"ListItem\",\"position\":2,\"name\":\"Ana Vieira volta a competir neste final de semana no Chile\"}]},{\"@type\":\"WebSite\",\"@id\":\"https:\/\/swimchannel.net\/br\/#website\",\"url\":\"https:\/\/swimchannel.net\/br\/\",\"name\":\"Swimchannel\",\"description\":\"Maior portal de nata\u00e7\u00e3o da america latina\",\"publisher\":{\"@id\":\"https:\/\/swimchannel.net\/br\/#organization\"},\"potentialAction\":[{\"@type\":\"SearchAction\",\"target\":{\"@type\":\"EntryPoint\",\"urlTemplate\":\"https:\/\/swimchannel.net\/br\/?s={search_term_string}\"},\"query-input\":{\"@type\":\"PropertyValueSpecification\",\"valueRequired\":true,\"valueName\":\"search_term_string\"}}],\"inLanguage\":\"pt-BR\"},{\"@type\":\"Organization\",\"@id\":\"https:\/\/swimchannel.net\/br\/#organization\",\"name\":\"Swimchannel - Conectando voc\u00ea a Nata\u00e7\u00e3o\",\"url\":\"https:\/\/swimchannel.net\/br\/\",\"logo\":{\"@type\":\"ImageObject\",\"inLanguage\":\"pt-BR\",\"@id\":\"https:\/\/swimchannel.net\/br\/#\/schema\/logo\/image\/\",\"url\":\"https:\/\/swimchannel.net\/br\/wp-content\/uploads\/2026\/02\/SWIM-CHANNEL.png\",\"contentUrl\":\"https:\/\/swimchannel.net\/br\/wp-content\/uploads\/2026\/02\/SWIM-CHANNEL.png\",\"width\":1120,\"height\":630,\"caption\":\"Swimchannel - Conectando voc\u00ea a Nata\u00e7\u00e3o\"},\"image\":{\"@id\":\"https:\/\/swimchannel.net\/br\/#\/schema\/logo\/image\/\"},\"sameAs\":[\"https:\/\/www.facebook.com\/swimchannel\",\"https:\/\/www.instagram.com\/swimchannel\"]},{\"@type\":\"Person\",\"@id\":\"https:\/\/swimchannel.net\/br\/#\/schema\/person\/cf549cb99cf75592fcf7c76213385e63\",\"name\":\"Alex Pussieldi\",\"image\":{\"@type\":\"ImageObject\",\"inLanguage\":\"pt-BR\",\"@id\":\"https:\/\/swimchannel.net\/br\/#\/schema\/person\/image\/\",\"url\":\"https:\/\/swimchannel.net\/br\/wp-content\/uploads\/2021\/02\/9b1c252d-a4bd-4eda-b399-24565cac4114-100x100.jpg\",\"contentUrl\":\"https:\/\/swimchannel.net\/br\/wp-content\/uploads\/2021\/02\/9b1c252d-a4bd-4eda-b399-24565cac4114-100x100.jpg\",\"caption\":\"Alex Pussieldi\"},\"description\":\"Alexandre Pussieldi, apelidado de \u201ccoach\u201d, Foi t\u00e9cnico da sele\u00e7\u00e3o verde e amarela nas Olimp\u00edadas de Pequim-2008 e Londres-2012. O treinador ainda comandou outros quatro pa\u00edses: Kuwait, Paraguai, Aruba e Antilhas Holandesas, al\u00e9m da sele\u00e7\u00e3o americana de \u00e1guas abertas. Pussieldi tem passagens como comentarista de nata\u00e7\u00e3o do Grupo Globo e Swim Channel.\",\"url\":\"https:\/\/swimchannel.net\/br\/author\/alexpussieldi\/\"}]}<\/script>\n<!-- \/ Yoast SEO plugin. -->","yoast_head_json":{"title":"Ana Vieira volta a competir neste final de semana no Chile - Swimchannel","robots":{"index":"index","follow":"follow","max-snippet":"max-snippet:-1","max-image-preview":"max-image-preview:large","max-video-preview":"max-video-preview:-1"},"canonical":"https:\/\/swimchannel.net\/br\/ana-vieira-volta-a-competir-neste-final-de-semana-no-chile\/","og_locale":"pt_BR","og_type":"article","og_title":"Ana Vieira volta a competir neste final de semana no Chile - Swimchannel","og_description":"Uma das principais velocistas da nata\u00e7\u00e3o brasileira, Ana Carolina Vieira est\u00e1 de volta. A nadadora do Pinheiros volta a competir neste final de semana na disputa da Copa Espa\u00f1a Internacional, tradicional competi\u00e7\u00e3o em Santiago, no Chile. Ana est\u00e1 junto de outras duas estrelas da velocidade do Pinheiros, Gabriel Santos e Marcelo Chierighini na competi\u00e7\u00e3o de [&hellip;]","og_url":"https:\/\/swimchannel.net\/br\/ana-vieira-volta-a-competir-neste-final-de-semana-no-chile\/","og_site_name":"Swimchannel","article_publisher":"https:\/\/www.facebook.com\/swimchannel","article_published_time":"2025-09-04T15:15:45+00:00","og_image":[{"width":1030,"height":579,"url":"https:\/\/swimchannel.net\/br\/wp-content\/uploads\/2025\/09\/r1364494_1296x729_16-9-1030x579-1.jpg","type":"image\/jpeg"}],"author":"Alex Pussieldi","twitter_card":"summary_large_image","twitter_misc":{"Escrito por":"Alex Pussieldi","Est. tempo de leitura":"1 minuto"},"schema":{"@context":"https:\/\/schema.org","@graph":[{"@type":"Article","@id":"https:\/\/swimchannel.net\/br\/ana-vieira-volta-a-competir-neste-final-de-semana-no-chile\/#article","isPartOf":{"@id":"https:\/\/swimchannel.net\/br\/ana-vieira-volta-a-competir-neste-final-de-semana-no-chile\/"},"author":{"name":"Alex Pussieldi","@id":"https:\/\/swimchannel.net\/br\/#\/schema\/person\/cf549cb99cf75592fcf7c76213385e63"},"headline":"Ana Vieira volta a competir neste final de semana no Chile","datePublished":"2025-09-04T15:15:45+00:00","mainEntityOfPage":{"@id":"https:\/\/swimchannel.net\/br\/ana-vieira-volta-a-competir-neste-final-de-semana-no-chile\/"},"wordCount":302,"commentCount":0,"publisher":{"@id":"https:\/\/swimchannel.net\/br\/#organization"},"image":{"@id":"https:\/\/swimchannel.net\/br\/ana-vieira-volta-a-competir-neste-final-de-semana-no-chile\/#primaryimage"},"thumbnailUrl":"https:\/\/swimchannel.net\/br\/wp-content\/uploads\/2025\/09\/r1364494_1296x729_16-9-1030x579-1.jpg","keywords":["Ana Vieira","natacao"],"articleSection":["Nata\u00e7\u00e3o","\u00daltimas Not\u00edcias"],"inLanguage":"pt-BR","potentialAction":[{"@type":"CommentAction","name":"Comment","target":["https:\/\/swimchannel.net\/br\/ana-vieira-volta-a-competir-neste-final-de-semana-no-chile\/#respond"]}]},{"@type":"WebPage","@id":"https:\/\/swimchannel.net\/br\/ana-vieira-volta-a-competir-neste-final-de-semana-no-chile\/","url":"https:\/\/swimchannel.net\/br\/ana-vieira-volta-a-competir-neste-final-de-semana-no-chile\/","name":"Ana Vieira volta a competir neste final de semana no Chile - Swimchannel","isPartOf":{"@id":"https:\/\/swimchannel.net\/br\/#website"},"primaryImageOfPage":{"@id":"https:\/\/swimchannel.net\/br\/ana-vieira-volta-a-competir-neste-final-de-semana-no-chile\/#primaryimage"},"image":{"@id":"https:\/\/swimchannel.net\/br\/ana-vieira-volta-a-competir-neste-final-de-semana-no-chile\/#primaryimage"},"thumbnailUrl":"https:\/\/swimchannel.net\/br\/wp-content\/uploads\/2025\/09\/r1364494_1296x729_16-9-1030x579-1.jpg","datePublished":"2025-09-04T15:15:45+00:00","breadcrumb":{"@id":"https:\/\/swimchannel.net\/br\/ana-vieira-volta-a-competir-neste-final-de-semana-no-chile\/#breadcrumb"},"inLanguage":"pt-BR","potentialAction":[{"@type":"ReadAction","target":["https:\/\/swimchannel.net\/br\/ana-vieira-volta-a-competir-neste-final-de-semana-no-chile\/"]}]},{"@type":"ImageObject","inLanguage":"pt-BR","@id":"https:\/\/swimchannel.net\/br\/ana-vieira-volta-a-competir-neste-final-de-semana-no-chile\/#primaryimage","url":"https:\/\/swimchannel.net\/br\/wp-content\/uploads\/2025\/09\/r1364494_1296x729_16-9-1030x579-1.jpg","contentUrl":"https:\/\/swimchannel.net\/br\/wp-content\/uploads\/2025\/09\/r1364494_1296x729_16-9-1030x579-1.jpg","width":1030,"height":579},{"@type":"BreadcrumbList","@id":"https:\/\/swimchannel.net\/br\/ana-vieira-volta-a-competir-neste-final-de-semana-no-chile\/#breadcrumb","itemListElement":[{"@type":"ListItem","position":1,"name":"Home","item":"https:\/\/swimchannel.net\/br\/"},{"@type":"ListItem","position":2,"name":"Ana Vieira volta a competir neste final de semana no Chile"}]},{"@type":"WebSite","@id":"https:\/\/swimchannel.net\/br\/#website","url":"https:\/\/swimchannel.net\/br\/","name":"Swimchannel","description":"Maior portal de nata\u00e7\u00e3o da america latina","publisher":{"@id":"https:\/\/swimchannel.net\/br\/#organization"},"potentialAction":[{"@type":"SearchAction","target":{"@type":"EntryPoint","urlTemplate":"https:\/\/swimchannel.net\/br\/?s={search_term_string}"},"query-input":{"@type":"PropertyValueSpecification","valueRequired":true,"valueName":"search_term_string"}}],"inLanguage":"pt-BR"},{"@type":"Organization","@id":"https:\/\/swimchannel.net\/br\/#organization","name":"Swimchannel - Conectando voc\u00ea a Nata\u00e7\u00e3o","url":"https:\/\/swimchannel.net\/br\/","logo":{"@type":"ImageObject","inLanguage":"pt-BR","@id":"https:\/\/swimchannel.net\/br\/#\/schema\/logo\/image\/","url":"https:\/\/swimchannel.net\/br\/wp-content\/uploads\/2026\/02\/SWIM-CHANNEL.png","contentUrl":"https:\/\/swimchannel.net\/br\/wp-content\/uploads\/2026\/02\/SWIM-CHANNEL.png","width":1120,"height":630,"caption":"Swimchannel - Conectando voc\u00ea a Nata\u00e7\u00e3o"},"image":{"@id":"https:\/\/swimchannel.net\/br\/#\/schema\/logo\/image\/"},"sameAs":["https:\/\/www.facebook.com\/swimchannel","https:\/\/www.instagram.com\/swimchannel"]},{"@type":"Person","@id":"https:\/\/swimchannel.net\/br\/#\/schema\/person\/cf549cb99cf75592fcf7c76213385e63","name":"Alex Pussieldi","image":{"@type":"ImageObject","inLanguage":"pt-BR","@id":"https:\/\/swimchannel.net\/br\/#\/schema\/person\/image\/","url":"https:\/\/swimchannel.net\/br\/wp-content\/uploads\/2021\/02\/9b1c252d-a4bd-4eda-b399-24565cac4114-100x100.jpg","contentUrl":"https:\/\/swimchannel.net\/br\/wp-content\/uploads\/2021\/02\/9b1c252d-a4bd-4eda-b399-24565cac4114-100x100.jpg","caption":"Alex Pussieldi"},"description":"Alexandre Pussieldi, apelidado de \u201ccoach\u201d, Foi t\u00e9cnico da sele\u00e7\u00e3o verde e amarela nas Olimp\u00edadas de Pequim-2008 e Londres-2012. O treinador ainda comandou outros quatro pa\u00edses: Kuwait, Paraguai, Aruba e Antilhas Holandesas, al\u00e9m da sele\u00e7\u00e3o americana de \u00e1guas abertas. Pussieldi tem passagens como comentarista de nata\u00e7\u00e3o do Grupo Globo e Swim Channel.","url":"https:\/\/swimchannel.net\/br\/author\/alexpussieldi\/"}]}},"_links":{"self":[{"href":"https:\/\/swimchannel.net\/br\/wp-json\/wp\/v2\/posts\/75861","targetHints":{"allow":["GET"]}}],"collection":[{"href":"https:\/\/swimchannel.net\/br\/wp-json\/wp\/v2\/posts"}],"about":[{"href":"https:\/\/swimchannel.net\/br\/wp-json\/wp\/v2\/types\/post"}],"author":[{"embeddable":true,"href":"https:\/\/swimchannel.net\/br\/wp-json\/wp\/v2\/users\/12"}],"replies":[{"embeddable":true,"href":"https:\/\/swimchannel.net\/br\/wp-json\/wp\/v2\/comments?post=75861"}],"version-history":[{"count":1,"href":"https:\/\/swimchannel.net\/br\/wp-json\/wp\/v2\/posts\/75861\/revisions"}],"predecessor-version":[{"id":75863,"href":"https:\/\/swimchannel.net\/br\/wp-json\/wp\/v2\/posts\/75861\/revisions\/75863"}],"wp:featuredmedia":[{"embeddable":true,"href":"https:\/\/swimchannel.net\/br\/wp-json\/wp\/v2\/media\/75862"}],"wp:attachment":[{"href":"https:\/\/swimchannel.net\/br\/wp-json\/wp\/v2\/media?parent=75861"}],"wp:term":[{"taxonomy":"category","embeddable":true,"href":"https:\/\/swimchannel.net\/br\/wp-json\/wp\/v2\/categories?post=75861"},{"taxonomy":"post_tag","embeddable":true,"href":"https:\/\/swimchannel.net\/br\/wp-json\/wp\/v2\/tags?post=75861"}],"curies":[{"name":"wp","href":"https:\/\/api.w.org\/{rel}","templated":true}]}}