{"id":75912,"date":"2025-09-08T13:11:01","date_gmt":"2025-09-08T16:11:01","guid":{"rendered":"https:\/\/swimchannel.net\/br\/?p=75912"},"modified":"2025-09-08T15:02:38","modified_gmt":"2025-09-08T18:02:38","slug":"ilhabela-inaugura-piscina-publica-com-a-presenca-de-nadadores-olimpicos","status":"publish","type":"post","link":"https:\/\/swimchannel.net\/br\/ilhabela-inaugura-piscina-publica-com-a-presenca-de-nadadores-olimpicos\/","title":{"rendered":"Ilhabela inaugura piscina p\u00fablica com a presen\u00e7a de nadadores ol\u00edmpicos"},"content":{"rendered":"<p>No pr\u00f3ximo dia 27 de setembro, a Prefeitura de Ilhabela inaugurar\u00e1 uma nova piscina p\u00fablica na cidade. Trata-se da piscina semiol\u00edmpica do Polo de Educa\u00e7\u00e3o Integrada (PEII) Sul, em comemora\u00e7\u00e3o aos 220 anos do munic\u00edpio. A instala\u00e7\u00e3o ser\u00e1 coberta, aquecida, com vesti\u00e1rios e arquibancadas, al\u00e9m de contar com uma estrutura completa para treinamentos e competi\u00e7\u00f5es.<\/p>\n<figure id=\"attachment_75914\" aria-describedby=\"caption-attachment-75914\" style=\"width: 640px\" class=\"wp-caption alignnone\"><img loading=\"lazy\" decoding=\"async\" class=\"size-full wp-image-75914\" src=\"https:\/\/swimchannel.net\/br\/wp-content\/uploads\/2025\/09\/WhatsApp-Image-2025-09-06-at-15.45.35.jpeg\" alt=\"\" width=\"640\" height=\"426\" srcset=\"https:\/\/swimchannel.net\/br\/wp-content\/uploads\/2025\/09\/WhatsApp-Image-2025-09-06-at-15.45.35.jpeg 640w, https:\/\/swimchannel.net\/br\/wp-content\/uploads\/2025\/09\/WhatsApp-Image-2025-09-06-at-15.45.35-270x180.jpeg 270w\" sizes=\"auto, (max-width: 640px) 100vw, 640px\" \/><figcaption id=\"caption-attachment-75914\" class=\"wp-caption-text\">Nova piscina semiol\u00edmpica no PEII Sul &#8211; Foto: Reprodu\u00e7\u00e3o<\/figcaption><\/figure>\n<p>No dia da inaugura\u00e7\u00e3o da piscina, haver\u00e1 um Festival de Nata\u00e7\u00e3o, reunindo atletas de toda a regi\u00e3o. Al\u00e9m da competi\u00e7\u00e3o, nomes hist\u00f3ricos da nata\u00e7\u00e3o brasileira estar\u00e3o presentes na solenidade. O trio Ricardo Prado, Fab\u00edola Molina e Gabrielle Roncatto confirmou presen\u00e7a e ir\u00e1 prestiagiar a entrega da nova piscina e o torneio de nata\u00e7\u00e3o.<\/p>\n<figure id=\"attachment_75920\" aria-describedby=\"caption-attachment-75920\" style=\"width: 1200px\" class=\"wp-caption alignnone\"><img loading=\"lazy\" decoding=\"async\" class=\"size-full wp-image-75920\" src=\"https:\/\/swimchannel.net\/br\/wp-content\/uploads\/2025\/09\/ricardo-prado.jpg.webp\" alt=\"\" width=\"1200\" height=\"720\" srcset=\"https:\/\/swimchannel.net\/br\/wp-content\/uploads\/2025\/09\/ricardo-prado.jpg.webp 1200w, https:\/\/swimchannel.net\/br\/wp-content\/uploads\/2025\/09\/ricardo-prado.jpg-1125x675.webp 1125w, https:\/\/swimchannel.net\/br\/wp-content\/uploads\/2025\/09\/ricardo-prado.jpg-300x180.webp 300w, https:\/\/swimchannel.net\/br\/wp-content\/uploads\/2025\/09\/ricardo-prado.jpg-768x461.webp 768w, https:\/\/swimchannel.net\/br\/wp-content\/uploads\/2025\/09\/ricardo-prado.jpg-750x450.webp 750w, https:\/\/swimchannel.net\/br\/wp-content\/uploads\/2025\/09\/ricardo-prado.jpg-1140x684.webp 1140w\" sizes=\"auto, (max-width: 1200px) 100vw, 1200px\" \/><figcaption id=\"caption-attachment-75920\" class=\"wp-caption-text\">Ricardo Prado<\/figcaption><\/figure>\n<p>Ricaro Prado foi medalhista ol\u00edmpico de prata nos 400m medley em Los Angeles-1984, al\u00e9m de campe\u00e3o mundial na mesma prova em Guayaquil-1982, quando bateu o recorde mundial da prova. Fabiola Molina disputou tr\u00eas edi\u00e7\u00f5es ol\u00edmpicas e ganhou quatro medalhas em Jogos Pan-Americanos. J\u00e1 Gabi Roncatto \u00e9 membro da sele\u00e7\u00e3o brasileira, tamb\u00e9m foi a tr\u00eas Olimp\u00edadas e conquistou cinco medalhas nos Jogos Pan-Americanos.<\/p>\n<figure id=\"attachment_73283\" aria-describedby=\"caption-attachment-73283\" style=\"width: 1200px\" class=\"wp-caption alignnone\"><img loading=\"lazy\" decoding=\"async\" class=\"size-large wp-image-73283\" src=\"https:\/\/swimchannel.net\/br\/wp-content\/uploads\/2025\/04\/780b5770-226a-4cde-aa59-6c1af644f997-1200x800.jpeg\" alt=\"\" width=\"1200\" height=\"800\" srcset=\"https:\/\/swimchannel.net\/br\/wp-content\/uploads\/2025\/04\/780b5770-226a-4cde-aa59-6c1af644f997-1200x800.jpeg 1200w, https:\/\/swimchannel.net\/br\/wp-content\/uploads\/2025\/04\/780b5770-226a-4cde-aa59-6c1af644f997-1013x675.jpeg 1013w, https:\/\/swimchannel.net\/br\/wp-content\/uploads\/2025\/04\/780b5770-226a-4cde-aa59-6c1af644f997-270x180.jpeg 270w, https:\/\/swimchannel.net\/br\/wp-content\/uploads\/2025\/04\/780b5770-226a-4cde-aa59-6c1af644f997-768x512.jpeg 768w, https:\/\/swimchannel.net\/br\/wp-content\/uploads\/2025\/04\/780b5770-226a-4cde-aa59-6c1af644f997-1536x1024.jpeg 1536w, https:\/\/swimchannel.net\/br\/wp-content\/uploads\/2025\/04\/780b5770-226a-4cde-aa59-6c1af644f997-2048x1365.jpeg 2048w, https:\/\/swimchannel.net\/br\/wp-content\/uploads\/2025\/04\/780b5770-226a-4cde-aa59-6c1af644f997-750x500.jpeg 750w, https:\/\/swimchannel.net\/br\/wp-content\/uploads\/2025\/04\/780b5770-226a-4cde-aa59-6c1af644f997-1140x760.jpeg 1140w\" sizes=\"auto, (max-width: 1200px) 100vw, 1200px\" \/><figcaption id=\"caption-attachment-73283\" class=\"wp-caption-text\">Fab\u00edola Molina. Foto: Divulga\u00e7\u00e3o<\/figcaption><\/figure>\n<p>De acordo com o prefeito de Ilhabela, Toninho Colucci, a piscina mostra o compromisso da administra\u00e7\u00e3o p\u00fablica com o investimento no esporte e uma ferramenta de inclus\u00e3o e desenvolvimento. \u201cA piscina vai abrir novas oportunidades para nossos jovens, incentivando a forma\u00e7\u00e3o esportiva e permitindo a realiza\u00e7\u00e3o de eventos de alto n\u00edvel em Ilhabela&#8221;, diz o prefeito.<\/p>\n<figure id=\"attachment_65992\" aria-describedby=\"caption-attachment-65992\" style=\"width: 1200px\" class=\"wp-caption alignnone\"><img loading=\"lazy\" decoding=\"async\" class=\"size-large wp-image-65992\" src=\"https:\/\/swimchannel.net\/br\/wp-content\/uploads\/2024\/05\/8N8A1463-1200x800.jpg\" alt=\"\" width=\"1200\" height=\"800\" srcset=\"https:\/\/swimchannel.net\/br\/wp-content\/uploads\/2024\/05\/8N8A1463-1200x800.jpg 1200w, https:\/\/swimchannel.net\/br\/wp-content\/uploads\/2024\/05\/8N8A1463-1012x675.jpg 1012w, https:\/\/swimchannel.net\/br\/wp-content\/uploads\/2024\/05\/8N8A1463-270x180.jpg 270w, https:\/\/swimchannel.net\/br\/wp-content\/uploads\/2024\/05\/8N8A1463-768x512.jpg 768w, https:\/\/swimchannel.net\/br\/wp-content\/uploads\/2024\/05\/8N8A1463-1536x1024.jpg 1536w, https:\/\/swimchannel.net\/br\/wp-content\/uploads\/2024\/05\/8N8A1463-2048x1366.jpg 2048w, https:\/\/swimchannel.net\/br\/wp-content\/uploads\/2024\/05\/8N8A1463-750x500.jpg 750w, https:\/\/swimchannel.net\/br\/wp-content\/uploads\/2024\/05\/8N8A1463-1140x760.jpg 1140w\" sizes=\"auto, (max-width: 1200px) 100vw, 1200px\" \/><figcaption id=\"caption-attachment-65992\" class=\"wp-caption-text\">Gabi Roncatto nos 400m medley, Fonte S\u00e1tiro Sodr\u00e9<\/figcaption><\/figure>\n<p>Inclusive, a <strong>SWIM CHANNEL<\/strong> estar\u00e1 presente na inaugura\u00e7\u00e3o da piscina no pr\u00f3ximo dia 27 de setembro e trar\u00e1 novidades sobre o espa\u00e7o em nosso site e redes sociais.<\/p>\n<p>&nbsp;<\/p>\n<p>Gostaria de receber as not\u00edcias de nata\u00e7\u00e3o e \u00e1guas abertas no seu email?<\/p>\n<p><a href=\"https:\/\/lpa.nitro.news\/n-GNe\/ultimas-noticias-swim-channel\">Cadastre-se aqui<\/a><\/p>\n","protected":false},"excerpt":{"rendered":"<p>No pr\u00f3ximo dia 27 de setembro, a Prefeitura de Ilhabela inaugurar\u00e1 uma nova piscina p\u00fablica na cidade. Trata-se da piscina semiol\u00edmpica do Polo de Educa\u00e7\u00e3o Integrada (PEII) Sul, em comemora\u00e7\u00e3o aos 220 anos do munic\u00edpio. A instala\u00e7\u00e3o ser\u00e1 coberta, aquecida, com vesti\u00e1rios e arquibancadas, al\u00e9m de contar com uma estrutura completa para treinamentos e competi\u00e7\u00f5es. [&hellip;]<\/p>\n","protected":false},"author":3,"featured_media":75914,"comment_status":"open","ping_status":"open","sticky":false,"template":"","format":"gallery","meta":{"footnotes":""},"categories":[137],"tags":[146,774,341,5,1625,793],"class_list":["post-75912","post","type-post","status-publish","format-gallery","has-post-thumbnail","hentry","category-natacao","tag-fabiola-molina","tag-gabrielle-roncatto","tag-ilhabela","tag-natacao","tag-piscina-publica","tag-ricardo-prado","post_format-post-format-gallery"],"yoast_head":"<!-- This site is optimized with the Yoast SEO plugin v27.0 - https:\/\/yoast.com\/product\/yoast-seo-wordpress\/ -->\n<title>Ilhabela inaugura piscina p\u00fablica com a presen\u00e7a de nadadores ol\u00edmpicos - Swimchannel<\/title>\n<meta name=\"robots\" content=\"index, follow, max-snippet:-1, max-image-preview:large, max-video-preview:-1\" \/>\n<link rel=\"canonical\" href=\"https:\/\/swimchannel.net\/br\/ilhabela-inaugura-piscina-publica-com-a-presenca-de-nadadores-olimpicos\/\" \/>\n<meta property=\"og:locale\" content=\"pt_BR\" \/>\n<meta property=\"og:type\" content=\"article\" \/>\n<meta property=\"og:title\" content=\"Ilhabela inaugura piscina p\u00fablica com a presen\u00e7a de nadadores ol\u00edmpicos - Swimchannel\" \/>\n<meta property=\"og:description\" content=\"No pr\u00f3ximo dia 27 de setembro, a Prefeitura de Ilhabela inaugurar\u00e1 uma nova piscina p\u00fablica na cidade. Trata-se da piscina semiol\u00edmpica do Polo de Educa\u00e7\u00e3o Integrada (PEII) Sul, em comemora\u00e7\u00e3o aos 220 anos do munic\u00edpio. A instala\u00e7\u00e3o ser\u00e1 coberta, aquecida, com vesti\u00e1rios e arquibancadas, al\u00e9m de contar com uma estrutura completa para treinamentos e competi\u00e7\u00f5es. [&hellip;]\" \/>\n<meta property=\"og:url\" content=\"https:\/\/swimchannel.net\/br\/ilhabela-inaugura-piscina-publica-com-a-presenca-de-nadadores-olimpicos\/\" \/>\n<meta property=\"og:site_name\" content=\"Swimchannel\" \/>\n<meta property=\"article:publisher\" content=\"https:\/\/www.facebook.com\/swimchannel\" \/>\n<meta property=\"article:published_time\" content=\"2025-09-08T16:11:01+00:00\" \/>\n<meta property=\"article:modified_time\" content=\"2025-09-08T18:02:38+00:00\" \/>\n<meta property=\"og:image\" content=\"https:\/\/swimchannel.net\/br\/wp-content\/uploads\/2025\/09\/WhatsApp-Image-2025-09-06-at-15.45.35.jpeg\" \/>\n\t<meta property=\"og:image:width\" content=\"640\" \/>\n\t<meta property=\"og:image:height\" content=\"426\" \/>\n\t<meta property=\"og:image:type\" content=\"image\/jpeg\" \/>\n<meta name=\"author\" content=\"Guilherme Freitas\" \/>\n<meta name=\"twitter:card\" content=\"summary_large_image\" \/>\n<meta name=\"twitter:label1\" content=\"Escrito por\" \/>\n\t<meta name=\"twitter:data1\" content=\"Guilherme Freitas\" \/>\n\t<meta name=\"twitter:label2\" content=\"Est. tempo de leitura\" \/>\n\t<meta name=\"twitter:data2\" content=\"2 minutos\" \/>\n<script type=\"application\/ld+json\" class=\"yoast-schema-graph\">{\"@context\":\"https:\/\/schema.org\",\"@graph\":[{\"@type\":\"Article\",\"@id\":\"https:\/\/swimchannel.net\/br\/ilhabela-inaugura-piscina-publica-com-a-presenca-de-nadadores-olimpicos\/#article\",\"isPartOf\":{\"@id\":\"https:\/\/swimchannel.net\/br\/ilhabela-inaugura-piscina-publica-com-a-presenca-de-nadadores-olimpicos\/\"},\"author\":{\"name\":\"Guilherme Freitas\",\"@id\":\"https:\/\/swimchannel.net\/br\/#\/schema\/person\/aa2a63bab3275f53749a83276b213c48\"},\"headline\":\"Ilhabela inaugura piscina p\u00fablica com a presen\u00e7a de nadadores ol\u00edmpicos\",\"datePublished\":\"2025-09-08T16:11:01+00:00\",\"dateModified\":\"2025-09-08T18:02:38+00:00\",\"mainEntityOfPage\":{\"@id\":\"https:\/\/swimchannel.net\/br\/ilhabela-inaugura-piscina-publica-com-a-presenca-de-nadadores-olimpicos\/\"},\"wordCount\":377,\"commentCount\":0,\"publisher\":{\"@id\":\"https:\/\/swimchannel.net\/br\/#organization\"},\"image\":{\"@id\":\"https:\/\/swimchannel.net\/br\/ilhabela-inaugura-piscina-publica-com-a-presenca-de-nadadores-olimpicos\/#primaryimage\"},\"thumbnailUrl\":\"https:\/\/swimchannel.net\/br\/wp-content\/uploads\/2025\/09\/WhatsApp-Image-2025-09-06-at-15.45.35.jpeg\",\"keywords\":[\"Fabiola Molina\",\"Gabrielle Roncatto\",\"Ilhabela\",\"natacao\",\"piscina p\u00fablica\",\"Ricardo Prado\"],\"articleSection\":[\"Nata\u00e7\u00e3o\"],\"inLanguage\":\"pt-BR\",\"potentialAction\":[{\"@type\":\"CommentAction\",\"name\":\"Comment\",\"target\":[\"https:\/\/swimchannel.net\/br\/ilhabela-inaugura-piscina-publica-com-a-presenca-de-nadadores-olimpicos\/#respond\"]}]},{\"@type\":\"WebPage\",\"@id\":\"https:\/\/swimchannel.net\/br\/ilhabela-inaugura-piscina-publica-com-a-presenca-de-nadadores-olimpicos\/\",\"url\":\"https:\/\/swimchannel.net\/br\/ilhabela-inaugura-piscina-publica-com-a-presenca-de-nadadores-olimpicos\/\",\"name\":\"Ilhabela inaugura piscina p\u00fablica com a presen\u00e7a de nadadores ol\u00edmpicos - Swimchannel\",\"isPartOf\":{\"@id\":\"https:\/\/swimchannel.net\/br\/#website\"},\"primaryImageOfPage\":{\"@id\":\"https:\/\/swimchannel.net\/br\/ilhabela-inaugura-piscina-publica-com-a-presenca-de-nadadores-olimpicos\/#primaryimage\"},\"image\":{\"@id\":\"https:\/\/swimchannel.net\/br\/ilhabela-inaugura-piscina-publica-com-a-presenca-de-nadadores-olimpicos\/#primaryimage\"},\"thumbnailUrl\":\"https:\/\/swimchannel.net\/br\/wp-content\/uploads\/2025\/09\/WhatsApp-Image-2025-09-06-at-15.45.35.jpeg\",\"datePublished\":\"2025-09-08T16:11:01+00:00\",\"dateModified\":\"2025-09-08T18:02:38+00:00\",\"breadcrumb\":{\"@id\":\"https:\/\/swimchannel.net\/br\/ilhabela-inaugura-piscina-publica-com-a-presenca-de-nadadores-olimpicos\/#breadcrumb\"},\"inLanguage\":\"pt-BR\",\"potentialAction\":[{\"@type\":\"ReadAction\",\"target\":[\"https:\/\/swimchannel.net\/br\/ilhabela-inaugura-piscina-publica-com-a-presenca-de-nadadores-olimpicos\/\"]}]},{\"@type\":\"ImageObject\",\"inLanguage\":\"pt-BR\",\"@id\":\"https:\/\/swimchannel.net\/br\/ilhabela-inaugura-piscina-publica-com-a-presenca-de-nadadores-olimpicos\/#primaryimage\",\"url\":\"https:\/\/swimchannel.net\/br\/wp-content\/uploads\/2025\/09\/WhatsApp-Image-2025-09-06-at-15.45.35.jpeg\",\"contentUrl\":\"https:\/\/swimchannel.net\/br\/wp-content\/uploads\/2025\/09\/WhatsApp-Image-2025-09-06-at-15.45.35.jpeg\",\"width\":640,\"height\":426,\"caption\":\"Nova piscina semiol\u00edmpica no PEII Sul - Foto: Reprodu\u00e7\u00e3o\"},{\"@type\":\"BreadcrumbList\",\"@id\":\"https:\/\/swimchannel.net\/br\/ilhabela-inaugura-piscina-publica-com-a-presenca-de-nadadores-olimpicos\/#breadcrumb\",\"itemListElement\":[{\"@type\":\"ListItem\",\"position\":1,\"name\":\"Home\",\"item\":\"https:\/\/swimchannel.net\/br\/\"},{\"@type\":\"ListItem\",\"position\":2,\"name\":\"Ilhabela inaugura piscina p\u00fablica com a presen\u00e7a de nadadores ol\u00edmpicos\"}]},{\"@type\":\"WebSite\",\"@id\":\"https:\/\/swimchannel.net\/br\/#website\",\"url\":\"https:\/\/swimchannel.net\/br\/\",\"name\":\"Swimchannel\",\"description\":\"Maior portal de nata\u00e7\u00e3o da america latina\",\"publisher\":{\"@id\":\"https:\/\/swimchannel.net\/br\/#organization\"},\"potentialAction\":[{\"@type\":\"SearchAction\",\"target\":{\"@type\":\"EntryPoint\",\"urlTemplate\":\"https:\/\/swimchannel.net\/br\/?s={search_term_string}\"},\"query-input\":{\"@type\":\"PropertyValueSpecification\",\"valueRequired\":true,\"valueName\":\"search_term_string\"}}],\"inLanguage\":\"pt-BR\"},{\"@type\":\"Organization\",\"@id\":\"https:\/\/swimchannel.net\/br\/#organization\",\"name\":\"Swimchannel - Conectando voc\u00ea a Nata\u00e7\u00e3o\",\"url\":\"https:\/\/swimchannel.net\/br\/\",\"logo\":{\"@type\":\"ImageObject\",\"inLanguage\":\"pt-BR\",\"@id\":\"https:\/\/swimchannel.net\/br\/#\/schema\/logo\/image\/\",\"url\":\"https:\/\/swimchannel.net\/br\/wp-content\/uploads\/2026\/02\/SWIM-CHANNEL.png\",\"contentUrl\":\"https:\/\/swimchannel.net\/br\/wp-content\/uploads\/2026\/02\/SWIM-CHANNEL.png\",\"width\":1120,\"height\":630,\"caption\":\"Swimchannel - Conectando voc\u00ea a Nata\u00e7\u00e3o\"},\"image\":{\"@id\":\"https:\/\/swimchannel.net\/br\/#\/schema\/logo\/image\/\"},\"sameAs\":[\"https:\/\/www.facebook.com\/swimchannel\",\"https:\/\/www.instagram.com\/swimchannel\"]},{\"@type\":\"Person\",\"@id\":\"https:\/\/swimchannel.net\/br\/#\/schema\/person\/aa2a63bab3275f53749a83276b213c48\",\"name\":\"Guilherme Freitas\",\"image\":{\"@type\":\"ImageObject\",\"inLanguage\":\"pt-BR\",\"@id\":\"https:\/\/swimchannel.net\/br\/#\/schema\/person\/image\/\",\"url\":\"https:\/\/swimchannel.net\/br\/wp-content\/uploads\/2025\/10\/gui22-193x180.png\",\"contentUrl\":\"https:\/\/swimchannel.net\/br\/wp-content\/uploads\/2025\/10\/gui22-193x180.png\",\"caption\":\"Guilherme Freitas\"},\"description\":\"Jornalista s\u00eanior da SWIM CHANNEL, ex-correspondente da FINA no Brasil e pesquisador acad\u00eamico.\",\"sameAs\":[\"instagram.com\/guifreitas86\"],\"url\":\"https:\/\/swimchannel.net\/br\/author\/guilherme-freitas\/\"}]}<\/script>\n<!-- \/ Yoast SEO plugin. -->","yoast_head_json":{"title":"Ilhabela inaugura piscina p\u00fablica com a presen\u00e7a de nadadores ol\u00edmpicos - Swimchannel","robots":{"index":"index","follow":"follow","max-snippet":"max-snippet:-1","max-image-preview":"max-image-preview:large","max-video-preview":"max-video-preview:-1"},"canonical":"https:\/\/swimchannel.net\/br\/ilhabela-inaugura-piscina-publica-com-a-presenca-de-nadadores-olimpicos\/","og_locale":"pt_BR","og_type":"article","og_title":"Ilhabela inaugura piscina p\u00fablica com a presen\u00e7a de nadadores ol\u00edmpicos - Swimchannel","og_description":"No pr\u00f3ximo dia 27 de setembro, a Prefeitura de Ilhabela inaugurar\u00e1 uma nova piscina p\u00fablica na cidade. Trata-se da piscina semiol\u00edmpica do Polo de Educa\u00e7\u00e3o Integrada (PEII) Sul, em comemora\u00e7\u00e3o aos 220 anos do munic\u00edpio. A instala\u00e7\u00e3o ser\u00e1 coberta, aquecida, com vesti\u00e1rios e arquibancadas, al\u00e9m de contar com uma estrutura completa para treinamentos e competi\u00e7\u00f5es. [&hellip;]","og_url":"https:\/\/swimchannel.net\/br\/ilhabela-inaugura-piscina-publica-com-a-presenca-de-nadadores-olimpicos\/","og_site_name":"Swimchannel","article_publisher":"https:\/\/www.facebook.com\/swimchannel","article_published_time":"2025-09-08T16:11:01+00:00","article_modified_time":"2025-09-08T18:02:38+00:00","og_image":[{"width":640,"height":426,"url":"https:\/\/swimchannel.net\/br\/wp-content\/uploads\/2025\/09\/WhatsApp-Image-2025-09-06-at-15.45.35.jpeg","type":"image\/jpeg"}],"author":"Guilherme Freitas","twitter_card":"summary_large_image","twitter_misc":{"Escrito por":"Guilherme Freitas","Est. tempo de leitura":"2 minutos"},"schema":{"@context":"https:\/\/schema.org","@graph":[{"@type":"Article","@id":"https:\/\/swimchannel.net\/br\/ilhabela-inaugura-piscina-publica-com-a-presenca-de-nadadores-olimpicos\/#article","isPartOf":{"@id":"https:\/\/swimchannel.net\/br\/ilhabela-inaugura-piscina-publica-com-a-presenca-de-nadadores-olimpicos\/"},"author":{"name":"Guilherme Freitas","@id":"https:\/\/swimchannel.net\/br\/#\/schema\/person\/aa2a63bab3275f53749a83276b213c48"},"headline":"Ilhabela inaugura piscina p\u00fablica com a presen\u00e7a de nadadores ol\u00edmpicos","datePublished":"2025-09-08T16:11:01+00:00","dateModified":"2025-09-08T18:02:38+00:00","mainEntityOfPage":{"@id":"https:\/\/swimchannel.net\/br\/ilhabela-inaugura-piscina-publica-com-a-presenca-de-nadadores-olimpicos\/"},"wordCount":377,"commentCount":0,"publisher":{"@id":"https:\/\/swimchannel.net\/br\/#organization"},"image":{"@id":"https:\/\/swimchannel.net\/br\/ilhabela-inaugura-piscina-publica-com-a-presenca-de-nadadores-olimpicos\/#primaryimage"},"thumbnailUrl":"https:\/\/swimchannel.net\/br\/wp-content\/uploads\/2025\/09\/WhatsApp-Image-2025-09-06-at-15.45.35.jpeg","keywords":["Fabiola Molina","Gabrielle Roncatto","Ilhabela","natacao","piscina p\u00fablica","Ricardo Prado"],"articleSection":["Nata\u00e7\u00e3o"],"inLanguage":"pt-BR","potentialAction":[{"@type":"CommentAction","name":"Comment","target":["https:\/\/swimchannel.net\/br\/ilhabela-inaugura-piscina-publica-com-a-presenca-de-nadadores-olimpicos\/#respond"]}]},{"@type":"WebPage","@id":"https:\/\/swimchannel.net\/br\/ilhabela-inaugura-piscina-publica-com-a-presenca-de-nadadores-olimpicos\/","url":"https:\/\/swimchannel.net\/br\/ilhabela-inaugura-piscina-publica-com-a-presenca-de-nadadores-olimpicos\/","name":"Ilhabela inaugura piscina p\u00fablica com a presen\u00e7a de nadadores ol\u00edmpicos - Swimchannel","isPartOf":{"@id":"https:\/\/swimchannel.net\/br\/#website"},"primaryImageOfPage":{"@id":"https:\/\/swimchannel.net\/br\/ilhabela-inaugura-piscina-publica-com-a-presenca-de-nadadores-olimpicos\/#primaryimage"},"image":{"@id":"https:\/\/swimchannel.net\/br\/ilhabela-inaugura-piscina-publica-com-a-presenca-de-nadadores-olimpicos\/#primaryimage"},"thumbnailUrl":"https:\/\/swimchannel.net\/br\/wp-content\/uploads\/2025\/09\/WhatsApp-Image-2025-09-06-at-15.45.35.jpeg","datePublished":"2025-09-08T16:11:01+00:00","dateModified":"2025-09-08T18:02:38+00:00","breadcrumb":{"@id":"https:\/\/swimchannel.net\/br\/ilhabela-inaugura-piscina-publica-com-a-presenca-de-nadadores-olimpicos\/#breadcrumb"},"inLanguage":"pt-BR","potentialAction":[{"@type":"ReadAction","target":["https:\/\/swimchannel.net\/br\/ilhabela-inaugura-piscina-publica-com-a-presenca-de-nadadores-olimpicos\/"]}]},{"@type":"ImageObject","inLanguage":"pt-BR","@id":"https:\/\/swimchannel.net\/br\/ilhabela-inaugura-piscina-publica-com-a-presenca-de-nadadores-olimpicos\/#primaryimage","url":"https:\/\/swimchannel.net\/br\/wp-content\/uploads\/2025\/09\/WhatsApp-Image-2025-09-06-at-15.45.35.jpeg","contentUrl":"https:\/\/swimchannel.net\/br\/wp-content\/uploads\/2025\/09\/WhatsApp-Image-2025-09-06-at-15.45.35.jpeg","width":640,"height":426,"caption":"Nova piscina semiol\u00edmpica no PEII Sul - Foto: Reprodu\u00e7\u00e3o"},{"@type":"BreadcrumbList","@id":"https:\/\/swimchannel.net\/br\/ilhabela-inaugura-piscina-publica-com-a-presenca-de-nadadores-olimpicos\/#breadcrumb","itemListElement":[{"@type":"ListItem","position":1,"name":"Home","item":"https:\/\/swimchannel.net\/br\/"},{"@type":"ListItem","position":2,"name":"Ilhabela inaugura piscina p\u00fablica com a presen\u00e7a de nadadores ol\u00edmpicos"}]},{"@type":"WebSite","@id":"https:\/\/swimchannel.net\/br\/#website","url":"https:\/\/swimchannel.net\/br\/","name":"Swimchannel","description":"Maior portal de nata\u00e7\u00e3o da america latina","publisher":{"@id":"https:\/\/swimchannel.net\/br\/#organization"},"potentialAction":[{"@type":"SearchAction","target":{"@type":"EntryPoint","urlTemplate":"https:\/\/swimchannel.net\/br\/?s={search_term_string}"},"query-input":{"@type":"PropertyValueSpecification","valueRequired":true,"valueName":"search_term_string"}}],"inLanguage":"pt-BR"},{"@type":"Organization","@id":"https:\/\/swimchannel.net\/br\/#organization","name":"Swimchannel - Conectando voc\u00ea a Nata\u00e7\u00e3o","url":"https:\/\/swimchannel.net\/br\/","logo":{"@type":"ImageObject","inLanguage":"pt-BR","@id":"https:\/\/swimchannel.net\/br\/#\/schema\/logo\/image\/","url":"https:\/\/swimchannel.net\/br\/wp-content\/uploads\/2026\/02\/SWIM-CHANNEL.png","contentUrl":"https:\/\/swimchannel.net\/br\/wp-content\/uploads\/2026\/02\/SWIM-CHANNEL.png","width":1120,"height":630,"caption":"Swimchannel - Conectando voc\u00ea a Nata\u00e7\u00e3o"},"image":{"@id":"https:\/\/swimchannel.net\/br\/#\/schema\/logo\/image\/"},"sameAs":["https:\/\/www.facebook.com\/swimchannel","https:\/\/www.instagram.com\/swimchannel"]},{"@type":"Person","@id":"https:\/\/swimchannel.net\/br\/#\/schema\/person\/aa2a63bab3275f53749a83276b213c48","name":"Guilherme Freitas","image":{"@type":"ImageObject","inLanguage":"pt-BR","@id":"https:\/\/swimchannel.net\/br\/#\/schema\/person\/image\/","url":"https:\/\/swimchannel.net\/br\/wp-content\/uploads\/2025\/10\/gui22-193x180.png","contentUrl":"https:\/\/swimchannel.net\/br\/wp-content\/uploads\/2025\/10\/gui22-193x180.png","caption":"Guilherme Freitas"},"description":"Jornalista s\u00eanior da SWIM CHANNEL, ex-correspondente da FINA no Brasil e pesquisador acad\u00eamico.","sameAs":["instagram.com\/guifreitas86"],"url":"https:\/\/swimchannel.net\/br\/author\/guilherme-freitas\/"}]}},"_links":{"self":[{"href":"https:\/\/swimchannel.net\/br\/wp-json\/wp\/v2\/posts\/75912","targetHints":{"allow":["GET"]}}],"collection":[{"href":"https:\/\/swimchannel.net\/br\/wp-json\/wp\/v2\/posts"}],"about":[{"href":"https:\/\/swimchannel.net\/br\/wp-json\/wp\/v2\/types\/post"}],"author":[{"embeddable":true,"href":"https:\/\/swimchannel.net\/br\/wp-json\/wp\/v2\/users\/3"}],"replies":[{"embeddable":true,"href":"https:\/\/swimchannel.net\/br\/wp-json\/wp\/v2\/comments?post=75912"}],"version-history":[{"count":2,"href":"https:\/\/swimchannel.net\/br\/wp-json\/wp\/v2\/posts\/75912\/revisions"}],"predecessor-version":[{"id":75921,"href":"https:\/\/swimchannel.net\/br\/wp-json\/wp\/v2\/posts\/75912\/revisions\/75921"}],"wp:featuredmedia":[{"embeddable":true,"href":"https:\/\/swimchannel.net\/br\/wp-json\/wp\/v2\/media\/75914"}],"wp:attachment":[{"href":"https:\/\/swimchannel.net\/br\/wp-json\/wp\/v2\/media?parent=75912"}],"wp:term":[{"taxonomy":"category","embeddable":true,"href":"https:\/\/swimchannel.net\/br\/wp-json\/wp\/v2\/categories?post=75912"},{"taxonomy":"post_tag","embeddable":true,"href":"https:\/\/swimchannel.net\/br\/wp-json\/wp\/v2\/tags?post=75912"}],"curies":[{"name":"wp","href":"https:\/\/api.w.org\/{rel}","templated":true}]}}