{"id":76042,"date":"2025-09-15T10:01:32","date_gmt":"2025-09-15T13:01:32","guid":{"rendered":"https:\/\/swimchannel.net\/br\/?p=76042"},"modified":"2025-09-15T10:01:32","modified_gmt":"2025-09-15T13:01:32","slug":"faltando-10-dias-para-o-sul-americano-juvenil-vamos-relembrar-2023","status":"publish","type":"post","link":"https:\/\/swimchannel.net\/br\/faltando-10-dias-para-o-sul-americano-juvenil-vamos-relembrar-2023\/","title":{"rendered":"Faltando 10 dias para o Sul-Americano Juvenil, vamos relembrar 2023"},"content":{"rendered":"<p>Faltando 10 dias para o in\u00edcio da 30a edi\u00e7\u00e3o do Campeonato Sul-Americano Juvenil dos Esportes Aqu\u00e1ticos, vamos recordar 10 fatos que marcaram a \u00faltima edi\u00e7\u00e3o do torneio em 2023, em Buenos Aires, na Argentina.<\/p>\n<p><strong>1. Os quatro vencedores da Orden de Los Caballeros<\/strong><br \/>\nO \u00edndice t\u00e9cnico no Sul-Americano tem nome, Trof\u00e9u Se\u00f1or de Sip\u00e1n, e no \u00faltimo Sul-Americano premiou os quatro melhores nadadores da competi\u00e7\u00e3o:<br \/>\nJuvenil A feminino \u2013 Agostina Hein da Argentina 400m livre 4:09.85<br \/>\nJuvenil B feminino \u2013 Celine Bispo do Brasil 200m livre 2:01.22<br \/>\nJuvenil A masculino \u2013 Dennis Perez da Venezuela 100m livre 51.34<br \/>\nJuvenil B masculino \u2013 Ulises Saravia da Argentina 100m costas 54.58<\/p>\n<p><strong>2. 108 medalhas para o Brasil<\/strong><br \/>\nPrecisaria somar a Argentina, 2a colocada com 72 medalhas, Venezula em 3o com 18 e Col\u00f4mbia em 4o com 18 para igualar as 108 medalhas conquistadas pela Sele\u00e7\u00e3o Brasileira. Foram 47 ouros, 34 pratas e 27 bronzes.<\/p>\n<p><strong>3. Brasil absoluto nos pontos mas perdendo o Juvenil A<\/strong><br \/>\nCom 245 pontos de vantagem, Brasil bateu Argentina classifica\u00e7\u00e3o geral do Sul-Americano Juvenil 2023 em Buenos Aires, 1.080,5 pontos contra 835,5. Por categoria, Brasil perdeu apenas o Juvenil A feminino, por 13 pontos, conquista argentina com 267 pontos. Brasil venceu na sequ\u00eancia Juvenil A masculino 282 pontos, Juvenil B feminino 271,5 pontos e Juvenil B masculino 273 pontos,.<\/p>\n<p><strong>4. Brasil tamb\u00e9m ganhou \u00e1guas abertas<\/strong><br \/>\nQuatro vit\u00f3rias em oito provas, duas para Argentina e Equador. Brasil absoluto no quadro geral de medalhas e na pontua\u00e7\u00e3o da modalidade que foi disputada na praia de Santo Tom\u00e9 na semana seguinte das provas de nata\u00e7\u00e3o.<\/p>\n<p><strong>5. Agostina Hein foi a maior medalhista da competi\u00e7\u00e3o<\/strong><br \/>\nOito medalhas, sete ouros e uma prata, a grande maioria das vit\u00f3rias com recordes de campeonato para Agostina Hein da Argentina, a estrela do Sul-Americano Juvenil 2023. O evento aconteceu semanas depois dela ter sido medalha de bronze nos 400m livre do Mundial J\u00fanior em Netanya, Israel. No Sul-Americano Agostina venceu: 100m livre (57.49), 200m livre (2:00.65), 400m livre (4:09.85), 800m livre (8:39.22), 100m borboleta (1:00.90), 200m medley (2:17.98) e 400m medley (4:49.17) com uma prata nos 50m borboleta, a \u00fanica derrota de Agostina foi para Sophia Isiodoro 28.03 contra 28.62.<\/p>\n<p><strong>6. 100% nos revezamentos de piscina<\/strong><br \/>\nBrasil absoluto em todos os revezamentos, Juvenil A, Juvenil B, feminino e masculino, 4x100m livre, 4x200m livre, 4x100m medley, 4x100m medley misto, 14 vit\u00f3rias em 14 provas disputadas.<\/p>\n<p><strong>7. Arthur Souza bateu o recorde mais antigo da competi\u00e7\u00e3o<\/strong><br \/>\nDepois de 24 anos, caiu o recorde mais antigo do Sul-Americano Juvenil com a vit\u00f3ria do brasileiro Arthur Figueiredo Souza nos 200m borboleta com 2:05.10. O recorde era de 1999 de Kaio M\u00e1rcio de Almeida 2:06.24.<\/p>\n<p><strong>8. Dois nadadores do Uni\u00e3o levaram o pr\u00eamio Se\u00f1or de Sip\u00e1n das \u00e1guas abertas<\/strong><br \/>\nNadadora argentina Candela Giordanino e o brasileiro Matheus Melecchi, campe\u00f5es da prova dos 10 quil\u00f4metros, foram os vencedores do pr\u00eamio Se\u00f1or de Sip\u00e1n das \u00e1guas abertas. Ambos atletas do Gr\u00eamio N\u00e1utico Uni\u00e3o. Melecchi tamb\u00e9m esteve nas provas de piscina e foi ouro nos 1500m livre.<\/p>\n<p><strong>9. Kau\u00e3 Carvalho Santos fez a tr\u00edplice coroa no peito<\/strong><br \/>\nNa sua primeira Sele\u00e7\u00e3o Brasileira da carreira, Kau\u00e3 Santos Carvalho foi campe\u00e3o das tr\u00eas provas de peito na categoria Juvenil A: 50m (28.44), 100m peito (1:03.63), e 200m peito (2:22.19).<\/p>\n<p><strong>10. Celine Bispo, maior medalhista brasileira na competi\u00e7\u00e3o<\/strong><br \/>\nContabilizando as provas individuais, quatro vit\u00f3rias e uma prata em cinco provas. Celine venceu os 50m livre (26.04), 100m livre (56.21), 50m borboleta (26.55), 200m livre (2:01.22) e a prata veio nos 100m borboleta (1:00.15).<\/p>\n<p>&nbsp;<\/p>\n<p>Gostaria de receber as not\u00edcias de nata\u00e7\u00e3o e \u00e1guas abertas no seu email?<\/p>\n<p><a href=\"https:\/\/lpa.nitro.news\/n-GNe\/ultimas-noticias-swim-channel\">Cadastre-se aqui<\/a><\/p>\n","protected":false},"excerpt":{"rendered":"<p>Faltando 10 dias para o in\u00edcio da 30a edi\u00e7\u00e3o do Campeonato Sul-Americano Juvenil dos Esportes Aqu\u00e1ticos, vamos recordar 10 fatos que marcaram a \u00faltima edi\u00e7\u00e3o do torneio em 2023, em Buenos Aires, na Argentina. 1. Os quatro vencedores da Orden de Los Caballeros O \u00edndice t\u00e9cnico no Sul-Americano tem nome, Trof\u00e9u Se\u00f1or de Sip\u00e1n, e [&hellip;]<\/p>\n","protected":false},"author":12,"featured_media":76043,"comment_status":"open","ping_status":"open","sticky":false,"template":"","format":"standard","meta":{"footnotes":""},"categories":[137,2576],"tags":[1606,5],"class_list":["post-76042","post","type-post","status-publish","format-standard","has-post-thumbnail","hentry","category-natacao","category-ultimas-noticias","tag-campeonato-sul-americano-juvenil","tag-natacao"],"yoast_head":"<!-- This site is optimized with the Yoast SEO plugin v27.0 - https:\/\/yoast.com\/product\/yoast-seo-wordpress\/ -->\n<title>Faltando 10 dias para o Sul-Americano Juvenil, vamos relembrar 2023 - Swimchannel<\/title>\n<meta name=\"robots\" content=\"index, follow, max-snippet:-1, max-image-preview:large, max-video-preview:-1\" \/>\n<link rel=\"canonical\" href=\"https:\/\/swimchannel.net\/br\/faltando-10-dias-para-o-sul-americano-juvenil-vamos-relembrar-2023\/\" \/>\n<meta property=\"og:locale\" content=\"pt_BR\" \/>\n<meta property=\"og:type\" content=\"article\" \/>\n<meta property=\"og:title\" content=\"Faltando 10 dias para o Sul-Americano Juvenil, vamos relembrar 2023 - Swimchannel\" \/>\n<meta property=\"og:description\" content=\"Faltando 10 dias para o in\u00edcio da 30a edi\u00e7\u00e3o do Campeonato Sul-Americano Juvenil dos Esportes Aqu\u00e1ticos, vamos recordar 10 fatos que marcaram a \u00faltima edi\u00e7\u00e3o do torneio em 2023, em Buenos Aires, na Argentina. 1. Os quatro vencedores da Orden de Los Caballeros O \u00edndice t\u00e9cnico no Sul-Americano tem nome, Trof\u00e9u Se\u00f1or de Sip\u00e1n, e [&hellip;]\" \/>\n<meta property=\"og:url\" content=\"https:\/\/swimchannel.net\/br\/faltando-10-dias-para-o-sul-americano-juvenil-vamos-relembrar-2023\/\" \/>\n<meta property=\"og:site_name\" content=\"Swimchannel\" \/>\n<meta property=\"article:publisher\" content=\"https:\/\/www.facebook.com\/swimchannel\" \/>\n<meta property=\"article:published_time\" content=\"2025-09-15T13:01:32+00:00\" \/>\n<meta property=\"og:image\" content=\"https:\/\/swimchannel.net\/br\/wp-content\/uploads\/2025\/09\/Sem-titulo.png\" \/>\n\t<meta property=\"og:image:width\" content=\"300\" \/>\n\t<meta property=\"og:image:height\" content=\"180\" \/>\n\t<meta property=\"og:image:type\" content=\"image\/png\" \/>\n<meta name=\"author\" content=\"Alex Pussieldi\" \/>\n<meta name=\"twitter:card\" content=\"summary_large_image\" \/>\n<meta name=\"twitter:label1\" content=\"Escrito por\" \/>\n\t<meta name=\"twitter:data1\" content=\"Alex Pussieldi\" \/>\n\t<meta name=\"twitter:label2\" content=\"Est. tempo de leitura\" \/>\n\t<meta name=\"twitter:data2\" content=\"3 minutos\" \/>\n<script type=\"application\/ld+json\" class=\"yoast-schema-graph\">{\"@context\":\"https:\/\/schema.org\",\"@graph\":[{\"@type\":\"Article\",\"@id\":\"https:\/\/swimchannel.net\/br\/faltando-10-dias-para-o-sul-americano-juvenil-vamos-relembrar-2023\/#article\",\"isPartOf\":{\"@id\":\"https:\/\/swimchannel.net\/br\/faltando-10-dias-para-o-sul-americano-juvenil-vamos-relembrar-2023\/\"},\"author\":{\"name\":\"Alex Pussieldi\",\"@id\":\"https:\/\/swimchannel.net\/br\/#\/schema\/person\/cf549cb99cf75592fcf7c76213385e63\"},\"headline\":\"Faltando 10 dias para o Sul-Americano Juvenil, vamos relembrar 2023\",\"datePublished\":\"2025-09-15T13:01:32+00:00\",\"mainEntityOfPage\":{\"@id\":\"https:\/\/swimchannel.net\/br\/faltando-10-dias-para-o-sul-americano-juvenil-vamos-relembrar-2023\/\"},\"wordCount\":594,\"commentCount\":0,\"publisher\":{\"@id\":\"https:\/\/swimchannel.net\/br\/#organization\"},\"image\":{\"@id\":\"https:\/\/swimchannel.net\/br\/faltando-10-dias-para-o-sul-americano-juvenil-vamos-relembrar-2023\/#primaryimage\"},\"thumbnailUrl\":\"https:\/\/swimchannel.net\/br\/wp-content\/uploads\/2025\/09\/Sem-titulo.png\",\"keywords\":[\"Campeonato Sul-Americano Juvenil\",\"natacao\"],\"articleSection\":[\"Nata\u00e7\u00e3o\",\"\u00daltimas Not\u00edcias\"],\"inLanguage\":\"pt-BR\",\"potentialAction\":[{\"@type\":\"CommentAction\",\"name\":\"Comment\",\"target\":[\"https:\/\/swimchannel.net\/br\/faltando-10-dias-para-o-sul-americano-juvenil-vamos-relembrar-2023\/#respond\"]}]},{\"@type\":\"WebPage\",\"@id\":\"https:\/\/swimchannel.net\/br\/faltando-10-dias-para-o-sul-americano-juvenil-vamos-relembrar-2023\/\",\"url\":\"https:\/\/swimchannel.net\/br\/faltando-10-dias-para-o-sul-americano-juvenil-vamos-relembrar-2023\/\",\"name\":\"Faltando 10 dias para o Sul-Americano Juvenil, vamos relembrar 2023 - Swimchannel\",\"isPartOf\":{\"@id\":\"https:\/\/swimchannel.net\/br\/#website\"},\"primaryImageOfPage\":{\"@id\":\"https:\/\/swimchannel.net\/br\/faltando-10-dias-para-o-sul-americano-juvenil-vamos-relembrar-2023\/#primaryimage\"},\"image\":{\"@id\":\"https:\/\/swimchannel.net\/br\/faltando-10-dias-para-o-sul-americano-juvenil-vamos-relembrar-2023\/#primaryimage\"},\"thumbnailUrl\":\"https:\/\/swimchannel.net\/br\/wp-content\/uploads\/2025\/09\/Sem-titulo.png\",\"datePublished\":\"2025-09-15T13:01:32+00:00\",\"breadcrumb\":{\"@id\":\"https:\/\/swimchannel.net\/br\/faltando-10-dias-para-o-sul-americano-juvenil-vamos-relembrar-2023\/#breadcrumb\"},\"inLanguage\":\"pt-BR\",\"potentialAction\":[{\"@type\":\"ReadAction\",\"target\":[\"https:\/\/swimchannel.net\/br\/faltando-10-dias-para-o-sul-americano-juvenil-vamos-relembrar-2023\/\"]}]},{\"@type\":\"ImageObject\",\"inLanguage\":\"pt-BR\",\"@id\":\"https:\/\/swimchannel.net\/br\/faltando-10-dias-para-o-sul-americano-juvenil-vamos-relembrar-2023\/#primaryimage\",\"url\":\"https:\/\/swimchannel.net\/br\/wp-content\/uploads\/2025\/09\/Sem-titulo.png\",\"contentUrl\":\"https:\/\/swimchannel.net\/br\/wp-content\/uploads\/2025\/09\/Sem-titulo.png\",\"width\":300,\"height\":180},{\"@type\":\"BreadcrumbList\",\"@id\":\"https:\/\/swimchannel.net\/br\/faltando-10-dias-para-o-sul-americano-juvenil-vamos-relembrar-2023\/#breadcrumb\",\"itemListElement\":[{\"@type\":\"ListItem\",\"position\":1,\"name\":\"Home\",\"item\":\"https:\/\/swimchannel.net\/br\/\"},{\"@type\":\"ListItem\",\"position\":2,\"name\":\"Faltando 10 dias para o Sul-Americano Juvenil, vamos relembrar 2023\"}]},{\"@type\":\"WebSite\",\"@id\":\"https:\/\/swimchannel.net\/br\/#website\",\"url\":\"https:\/\/swimchannel.net\/br\/\",\"name\":\"Swimchannel\",\"description\":\"Maior portal de nata\u00e7\u00e3o da america latina\",\"publisher\":{\"@id\":\"https:\/\/swimchannel.net\/br\/#organization\"},\"potentialAction\":[{\"@type\":\"SearchAction\",\"target\":{\"@type\":\"EntryPoint\",\"urlTemplate\":\"https:\/\/swimchannel.net\/br\/?s={search_term_string}\"},\"query-input\":{\"@type\":\"PropertyValueSpecification\",\"valueRequired\":true,\"valueName\":\"search_term_string\"}}],\"inLanguage\":\"pt-BR\"},{\"@type\":\"Organization\",\"@id\":\"https:\/\/swimchannel.net\/br\/#organization\",\"name\":\"Swimchannel - Conectando voc\u00ea a Nata\u00e7\u00e3o\",\"url\":\"https:\/\/swimchannel.net\/br\/\",\"logo\":{\"@type\":\"ImageObject\",\"inLanguage\":\"pt-BR\",\"@id\":\"https:\/\/swimchannel.net\/br\/#\/schema\/logo\/image\/\",\"url\":\"https:\/\/swimchannel.net\/br\/wp-content\/uploads\/2026\/02\/SWIM-CHANNEL.png\",\"contentUrl\":\"https:\/\/swimchannel.net\/br\/wp-content\/uploads\/2026\/02\/SWIM-CHANNEL.png\",\"width\":1120,\"height\":630,\"caption\":\"Swimchannel - Conectando voc\u00ea a Nata\u00e7\u00e3o\"},\"image\":{\"@id\":\"https:\/\/swimchannel.net\/br\/#\/schema\/logo\/image\/\"},\"sameAs\":[\"https:\/\/www.facebook.com\/swimchannel\",\"https:\/\/www.instagram.com\/swimchannel\"]},{\"@type\":\"Person\",\"@id\":\"https:\/\/swimchannel.net\/br\/#\/schema\/person\/cf549cb99cf75592fcf7c76213385e63\",\"name\":\"Alex Pussieldi\",\"image\":{\"@type\":\"ImageObject\",\"inLanguage\":\"pt-BR\",\"@id\":\"https:\/\/swimchannel.net\/br\/#\/schema\/person\/image\/\",\"url\":\"https:\/\/swimchannel.net\/br\/wp-content\/uploads\/2021\/02\/9b1c252d-a4bd-4eda-b399-24565cac4114-100x100.jpg\",\"contentUrl\":\"https:\/\/swimchannel.net\/br\/wp-content\/uploads\/2021\/02\/9b1c252d-a4bd-4eda-b399-24565cac4114-100x100.jpg\",\"caption\":\"Alex Pussieldi\"},\"description\":\"Alexandre Pussieldi, apelidado de \u201ccoach\u201d, Foi t\u00e9cnico da sele\u00e7\u00e3o verde e amarela nas Olimp\u00edadas de Pequim-2008 e Londres-2012. O treinador ainda comandou outros quatro pa\u00edses: Kuwait, Paraguai, Aruba e Antilhas Holandesas, al\u00e9m da sele\u00e7\u00e3o americana de \u00e1guas abertas. Pussieldi tem passagens como comentarista de nata\u00e7\u00e3o do Grupo Globo e Swim Channel.\",\"url\":\"https:\/\/swimchannel.net\/br\/author\/alexpussieldi\/\"}]}<\/script>\n<!-- \/ Yoast SEO plugin. -->","yoast_head_json":{"title":"Faltando 10 dias para o Sul-Americano Juvenil, vamos relembrar 2023 - Swimchannel","robots":{"index":"index","follow":"follow","max-snippet":"max-snippet:-1","max-image-preview":"max-image-preview:large","max-video-preview":"max-video-preview:-1"},"canonical":"https:\/\/swimchannel.net\/br\/faltando-10-dias-para-o-sul-americano-juvenil-vamos-relembrar-2023\/","og_locale":"pt_BR","og_type":"article","og_title":"Faltando 10 dias para o Sul-Americano Juvenil, vamos relembrar 2023 - Swimchannel","og_description":"Faltando 10 dias para o in\u00edcio da 30a edi\u00e7\u00e3o do Campeonato Sul-Americano Juvenil dos Esportes Aqu\u00e1ticos, vamos recordar 10 fatos que marcaram a \u00faltima edi\u00e7\u00e3o do torneio em 2023, em Buenos Aires, na Argentina. 1. Os quatro vencedores da Orden de Los Caballeros O \u00edndice t\u00e9cnico no Sul-Americano tem nome, Trof\u00e9u Se\u00f1or de Sip\u00e1n, e [&hellip;]","og_url":"https:\/\/swimchannel.net\/br\/faltando-10-dias-para-o-sul-americano-juvenil-vamos-relembrar-2023\/","og_site_name":"Swimchannel","article_publisher":"https:\/\/www.facebook.com\/swimchannel","article_published_time":"2025-09-15T13:01:32+00:00","og_image":[{"width":300,"height":180,"url":"https:\/\/swimchannel.net\/br\/wp-content\/uploads\/2025\/09\/Sem-titulo.png","type":"image\/png"}],"author":"Alex Pussieldi","twitter_card":"summary_large_image","twitter_misc":{"Escrito por":"Alex Pussieldi","Est. tempo de leitura":"3 minutos"},"schema":{"@context":"https:\/\/schema.org","@graph":[{"@type":"Article","@id":"https:\/\/swimchannel.net\/br\/faltando-10-dias-para-o-sul-americano-juvenil-vamos-relembrar-2023\/#article","isPartOf":{"@id":"https:\/\/swimchannel.net\/br\/faltando-10-dias-para-o-sul-americano-juvenil-vamos-relembrar-2023\/"},"author":{"name":"Alex Pussieldi","@id":"https:\/\/swimchannel.net\/br\/#\/schema\/person\/cf549cb99cf75592fcf7c76213385e63"},"headline":"Faltando 10 dias para o Sul-Americano Juvenil, vamos relembrar 2023","datePublished":"2025-09-15T13:01:32+00:00","mainEntityOfPage":{"@id":"https:\/\/swimchannel.net\/br\/faltando-10-dias-para-o-sul-americano-juvenil-vamos-relembrar-2023\/"},"wordCount":594,"commentCount":0,"publisher":{"@id":"https:\/\/swimchannel.net\/br\/#organization"},"image":{"@id":"https:\/\/swimchannel.net\/br\/faltando-10-dias-para-o-sul-americano-juvenil-vamos-relembrar-2023\/#primaryimage"},"thumbnailUrl":"https:\/\/swimchannel.net\/br\/wp-content\/uploads\/2025\/09\/Sem-titulo.png","keywords":["Campeonato Sul-Americano Juvenil","natacao"],"articleSection":["Nata\u00e7\u00e3o","\u00daltimas Not\u00edcias"],"inLanguage":"pt-BR","potentialAction":[{"@type":"CommentAction","name":"Comment","target":["https:\/\/swimchannel.net\/br\/faltando-10-dias-para-o-sul-americano-juvenil-vamos-relembrar-2023\/#respond"]}]},{"@type":"WebPage","@id":"https:\/\/swimchannel.net\/br\/faltando-10-dias-para-o-sul-americano-juvenil-vamos-relembrar-2023\/","url":"https:\/\/swimchannel.net\/br\/faltando-10-dias-para-o-sul-americano-juvenil-vamos-relembrar-2023\/","name":"Faltando 10 dias para o Sul-Americano Juvenil, vamos relembrar 2023 - Swimchannel","isPartOf":{"@id":"https:\/\/swimchannel.net\/br\/#website"},"primaryImageOfPage":{"@id":"https:\/\/swimchannel.net\/br\/faltando-10-dias-para-o-sul-americano-juvenil-vamos-relembrar-2023\/#primaryimage"},"image":{"@id":"https:\/\/swimchannel.net\/br\/faltando-10-dias-para-o-sul-americano-juvenil-vamos-relembrar-2023\/#primaryimage"},"thumbnailUrl":"https:\/\/swimchannel.net\/br\/wp-content\/uploads\/2025\/09\/Sem-titulo.png","datePublished":"2025-09-15T13:01:32+00:00","breadcrumb":{"@id":"https:\/\/swimchannel.net\/br\/faltando-10-dias-para-o-sul-americano-juvenil-vamos-relembrar-2023\/#breadcrumb"},"inLanguage":"pt-BR","potentialAction":[{"@type":"ReadAction","target":["https:\/\/swimchannel.net\/br\/faltando-10-dias-para-o-sul-americano-juvenil-vamos-relembrar-2023\/"]}]},{"@type":"ImageObject","inLanguage":"pt-BR","@id":"https:\/\/swimchannel.net\/br\/faltando-10-dias-para-o-sul-americano-juvenil-vamos-relembrar-2023\/#primaryimage","url":"https:\/\/swimchannel.net\/br\/wp-content\/uploads\/2025\/09\/Sem-titulo.png","contentUrl":"https:\/\/swimchannel.net\/br\/wp-content\/uploads\/2025\/09\/Sem-titulo.png","width":300,"height":180},{"@type":"BreadcrumbList","@id":"https:\/\/swimchannel.net\/br\/faltando-10-dias-para-o-sul-americano-juvenil-vamos-relembrar-2023\/#breadcrumb","itemListElement":[{"@type":"ListItem","position":1,"name":"Home","item":"https:\/\/swimchannel.net\/br\/"},{"@type":"ListItem","position":2,"name":"Faltando 10 dias para o Sul-Americano Juvenil, vamos relembrar 2023"}]},{"@type":"WebSite","@id":"https:\/\/swimchannel.net\/br\/#website","url":"https:\/\/swimchannel.net\/br\/","name":"Swimchannel","description":"Maior portal de nata\u00e7\u00e3o da america latina","publisher":{"@id":"https:\/\/swimchannel.net\/br\/#organization"},"potentialAction":[{"@type":"SearchAction","target":{"@type":"EntryPoint","urlTemplate":"https:\/\/swimchannel.net\/br\/?s={search_term_string}"},"query-input":{"@type":"PropertyValueSpecification","valueRequired":true,"valueName":"search_term_string"}}],"inLanguage":"pt-BR"},{"@type":"Organization","@id":"https:\/\/swimchannel.net\/br\/#organization","name":"Swimchannel - Conectando voc\u00ea a Nata\u00e7\u00e3o","url":"https:\/\/swimchannel.net\/br\/","logo":{"@type":"ImageObject","inLanguage":"pt-BR","@id":"https:\/\/swimchannel.net\/br\/#\/schema\/logo\/image\/","url":"https:\/\/swimchannel.net\/br\/wp-content\/uploads\/2026\/02\/SWIM-CHANNEL.png","contentUrl":"https:\/\/swimchannel.net\/br\/wp-content\/uploads\/2026\/02\/SWIM-CHANNEL.png","width":1120,"height":630,"caption":"Swimchannel - Conectando voc\u00ea a Nata\u00e7\u00e3o"},"image":{"@id":"https:\/\/swimchannel.net\/br\/#\/schema\/logo\/image\/"},"sameAs":["https:\/\/www.facebook.com\/swimchannel","https:\/\/www.instagram.com\/swimchannel"]},{"@type":"Person","@id":"https:\/\/swimchannel.net\/br\/#\/schema\/person\/cf549cb99cf75592fcf7c76213385e63","name":"Alex Pussieldi","image":{"@type":"ImageObject","inLanguage":"pt-BR","@id":"https:\/\/swimchannel.net\/br\/#\/schema\/person\/image\/","url":"https:\/\/swimchannel.net\/br\/wp-content\/uploads\/2021\/02\/9b1c252d-a4bd-4eda-b399-24565cac4114-100x100.jpg","contentUrl":"https:\/\/swimchannel.net\/br\/wp-content\/uploads\/2021\/02\/9b1c252d-a4bd-4eda-b399-24565cac4114-100x100.jpg","caption":"Alex Pussieldi"},"description":"Alexandre Pussieldi, apelidado de \u201ccoach\u201d, Foi t\u00e9cnico da sele\u00e7\u00e3o verde e amarela nas Olimp\u00edadas de Pequim-2008 e Londres-2012. O treinador ainda comandou outros quatro pa\u00edses: Kuwait, Paraguai, Aruba e Antilhas Holandesas, al\u00e9m da sele\u00e7\u00e3o americana de \u00e1guas abertas. Pussieldi tem passagens como comentarista de nata\u00e7\u00e3o do Grupo Globo e Swim Channel.","url":"https:\/\/swimchannel.net\/br\/author\/alexpussieldi\/"}]}},"_links":{"self":[{"href":"https:\/\/swimchannel.net\/br\/wp-json\/wp\/v2\/posts\/76042","targetHints":{"allow":["GET"]}}],"collection":[{"href":"https:\/\/swimchannel.net\/br\/wp-json\/wp\/v2\/posts"}],"about":[{"href":"https:\/\/swimchannel.net\/br\/wp-json\/wp\/v2\/types\/post"}],"author":[{"embeddable":true,"href":"https:\/\/swimchannel.net\/br\/wp-json\/wp\/v2\/users\/12"}],"replies":[{"embeddable":true,"href":"https:\/\/swimchannel.net\/br\/wp-json\/wp\/v2\/comments?post=76042"}],"version-history":[{"count":1,"href":"https:\/\/swimchannel.net\/br\/wp-json\/wp\/v2\/posts\/76042\/revisions"}],"predecessor-version":[{"id":76044,"href":"https:\/\/swimchannel.net\/br\/wp-json\/wp\/v2\/posts\/76042\/revisions\/76044"}],"wp:featuredmedia":[{"embeddable":true,"href":"https:\/\/swimchannel.net\/br\/wp-json\/wp\/v2\/media\/76043"}],"wp:attachment":[{"href":"https:\/\/swimchannel.net\/br\/wp-json\/wp\/v2\/media?parent=76042"}],"wp:term":[{"taxonomy":"category","embeddable":true,"href":"https:\/\/swimchannel.net\/br\/wp-json\/wp\/v2\/categories?post=76042"},{"taxonomy":"post_tag","embeddable":true,"href":"https:\/\/swimchannel.net\/br\/wp-json\/wp\/v2\/tags?post=76042"}],"curies":[{"name":"wp","href":"https:\/\/api.w.org\/{rel}","templated":true}]}}