{"id":76162,"date":"2025-09-23T17:15:17","date_gmt":"2025-09-23T20:15:17","guid":{"rendered":"https:\/\/swimchannel.net\/br\/?p=76162"},"modified":"2025-10-03T12:43:45","modified_gmt":"2025-10-03T15:43:45","slug":"kaio-marcio-das-piscinas-para-as-gestoes-de-eventos-esportivos","status":"publish","type":"post","link":"https:\/\/swimchannel.net\/br\/kaio-marcio-das-piscinas-para-as-gestoes-de-eventos-esportivos\/","title":{"rendered":"Kaio Marcio, das piscinas para as gest\u00f5es de eventos esportivos"},"content":{"rendered":"<p data-start=\"91\" data-end=\"730\">Ap\u00f3s marcar seu nome na hist\u00f3ria da nata\u00e7\u00e3o brasileira e mundial, Kaio M\u00e1rcio vive hoje uma nova fase da sua trajet\u00f3ria, agora fora das piscinas. Especialista no estilo borboleta, o paraibano brilhou em competi\u00e7\u00f5es nacionais e internacionais, conquistando t\u00edtulos expressivos e tornando-se um dos principais nomes da modalidade no pa\u00eds. Detentor de recordes sul-americanos e finalista ol\u00edmpico, o atleta participou de quatro edi\u00e7\u00f5es dos Jogos Ol\u00edmpicos: Atenas 2004, Pequim 2008, Londres 2012 e Rio 2016, al\u00e9m de somar conquistas em Jogos Pan-Americanos e Campeonatos Mundiais, onde se destacou em provas de 100m e 200m borboleta.<\/p>\n<div class=\"jeg_video_container jeg_video_content\"><iframe loading=\"lazy\" title=\"Kaio Marcio World Record - 50 fly\" width=\"500\" height=\"375\" src=\"https:\/\/www.youtube.com\/embed\/eWiP6QRc87E?feature=oembed\" frameborder=\"0\" allow=\"accelerometer; autoplay; clipboard-write; encrypted-media; gyroscope; picture-in-picture; web-share\" referrerpolicy=\"strict-origin-when-cross-origin\" allowfullscreen><\/iframe><\/div>\n<p>&nbsp;<\/p>\n<p data-start=\"91\" data-end=\"730\">Especificamente nos jogos de Pequim 2008, foi finalista na prova de 200 borboleta, prova a qual o lend\u00e1rio Michael Phelps dos Estados Unidos foi o grande vencedor.<\/p>\n<p data-start=\"91\" data-end=\"730\">Em piscina de 25 metros, Kaio foi dominante no nado borboleta e simplesmente estabeleceu 2 recordes mundiais:<\/p>\n<p data-start=\"91\" data-end=\"730\">50 m borboleta com o tempo de 22s 60 cent\u00e9simos em dezembro de 2005<\/p>\n<p data-start=\"91\" data-end=\"730\">200 m borboleta com o tempo de 1min 49s 11 cent\u00e9simos em dezembro de 2009<\/p>\n<p data-start=\"732\" data-end=\"1375\">O nadador encerrou sua carreira em 2020, logo ap\u00f3s o adiamento dos Jogos Ol\u00edmpicos de T\u00f3quio. A decis\u00e3o foi tomada em meio ao per\u00edodo pand\u00eamico, quando preferiu n\u00e3o estender mais um ciclo de treinos. \u201cP\u00f3s-nata\u00e7\u00e3o, p\u00f3s-carreira, eu encerrei minha carreira em 2020, n\u00e3o ia ter mais Jogos Ol\u00edmpicos de T\u00f3quio, a competi\u00e7\u00e3o que eu estava treinando, e de fato eu n\u00e3o queria esticar mais um ano de nata\u00e7\u00e3o naquele per\u00edodo pand\u00eamico. Ent\u00e3o decidi me voltar mais para a fam\u00edlia, j\u00e1 estava com a filha pequena, a Sarinha, com dois anos, e decidi de fato mudar de rumos, aposentar o traje de nata\u00e7\u00e3o e focar 100% em trabalho de outra forma\u201d, relembra.<\/p>\n<p data-start=\"1377\" data-end=\"1722\">Pouco tempo depois, em 2021, Kaio foi nomeado secret\u00e1rio de Esporte da Prefeitura de Jo\u00e3o Pessoa pelo prefeito C\u00edcero Lucena, cargo que ocupou at\u00e9 fevereiro deste ano. Atualmente, \u00e9 presidente da Funda\u00e7\u00e3o Campe\u00f5es do Amanh\u00e3, tamb\u00e9m vinculada \u00e0 prefeitura, al\u00e9m de seguir investindo em projetos ligados \u00e0 nata\u00e7\u00e3o e ao desenvolvimento esportivo.<\/p>\n<figure id=\"attachment_26348\" aria-describedby=\"caption-attachment-26348\" style=\"width: 1200px\" class=\"wp-caption alignnone\"><img loading=\"lazy\" decoding=\"async\" class=\"size-full wp-image-26348\" src=\"https:\/\/swimchannel.net\/br\/wp-content\/uploads\/2020\/09\/270.jpg\" alt=\"\" width=\"1200\" height=\"675\" srcset=\"https:\/\/swimchannel.net\/br\/wp-content\/uploads\/2020\/09\/270.jpg 1200w, https:\/\/swimchannel.net\/br\/wp-content\/uploads\/2020\/09\/270-600x338.jpg 600w, https:\/\/swimchannel.net\/br\/wp-content\/uploads\/2020\/09\/270-320x180.jpg 320w, https:\/\/swimchannel.net\/br\/wp-content\/uploads\/2020\/09\/270-768x432.jpg 768w, https:\/\/swimchannel.net\/br\/wp-content\/uploads\/2020\/09\/270-640x360.jpg 640w\" sizes=\"auto, (max-width: 1200px) 100vw, 1200px\" \/><figcaption id=\"caption-attachment-26348\" class=\"wp-caption-text\">Kaio Marcio de Almeida &#8211; Foto: Satiro Sodr\u00e9\/SSPress<\/figcaption><\/figure>\n<p data-start=\"1724\" data-end=\"2069\">Na gest\u00e3o p\u00fablica, esteve \u00e0 frente de iniciativas que movimentaram o calend\u00e1rio esportivo da capital paraibana. \u201cA gente desenvolveu v\u00e1rios projetos, v\u00e1rias competi\u00e7\u00f5es. Puxando mais para a nata\u00e7\u00e3o, fizemos uma ultramaratona aqu\u00e1tica durante tr\u00eas anos, de 13 km, um trajeto desafiador em Jo\u00e3o Pessoa, pioneiro nesta modalidade aqui na cidade.\u201d, contou \u00e0 Swim Channel.<\/p>\n<p data-start=\"2071\" data-end=\"2742\">Empreendedor, Kaio mant\u00e9m ainda duas escolas de nata\u00e7\u00e3o: em Belo Horizonte, h\u00e1 nove anos, e em Jo\u00e3o Pessoa, h\u00e1 cinco. E \u00e9 no Aquarace que ele tem colocado parte de sua energia e paix\u00e3o. \u201cO Aquarace foi um sonho que aconteceu em 2021, e eu fui ano ap\u00f3s ano aprimorando, tornando mais realidade. Hoje, gra\u00e7as ao Para\u00edba World Beach Games, estamos despontando e fazendo o nosso primeiro evento para o Brasil e para o mundo. Um evento que vai ser aguardad\u00edssimo, estamos trabalhando muito para entregar uma excelente experi\u00eancia para os narradores, para a torcida e para o p\u00fablico em geral. Tenho certeza que a competi\u00e7\u00e3o ser\u00e1 um sucesso.\u201d, contou.<\/p>\n<p data-start=\"2071\" data-end=\"2742\">O evento ser\u00e1 realizado entre os dias 17 e 19 de outubro em Jo\u00e3o Pessoa (PB). O evento j\u00e1 confirmou grandes nomes da nata\u00e7\u00e3o. Entre eles, dois medalhistas ol\u00edmpicos: o americano Cody Miller, bronze no 100m peito nos Jogos Rio 2016, e o brasileiro Fernando Scheffer, bronze nos 200m livre em T\u00f3quio 2020. Outras estrelas anunciadas incluem Daynara de Paula, Ana Vieira, Luiz Altamir Melo, o velocista senegal\u00eas Abdoul Niane e o irland\u00eas Shane Ryan.<\/p>\n<div class=\"jeg_meta_container\">\n<div class=\"jeg_post_meta jeg_post_meta_1\">Saiba mais sobre o Aquarace aqui: <a href=\"https:\/\/aquarace.pro\/\">https:\/\/aquarace.pro\/<\/a>.<\/div>\n<div><\/div>\n<\/div>\n<p>Gostaria de receber as not\u00edcias de nata\u00e7\u00e3o e \u00e1guas abertas no seu email?<\/p>\n<p><a href=\"https:\/\/lpa.nitro.news\/n-GNe\/ultimas-noticias-swim-channel\">Cadastre-se aqui<\/a><\/p>\n","protected":false},"excerpt":{"rendered":"<p>Ap\u00f3s marcar seu nome na hist\u00f3ria da nata\u00e7\u00e3o brasileira e mundial, Kaio M\u00e1rcio vive hoje uma nova fase da sua trajet\u00f3ria, agora fora das piscinas. Especialista no estilo borboleta, o paraibano brilhou em competi\u00e7\u00f5es nacionais e internacionais, conquistando t\u00edtulos expressivos e tornando-se um dos principais nomes da modalidade no pa\u00eds. Detentor de recordes sul-americanos e [&hellip;]<\/p>\n","protected":false},"author":9,"featured_media":12951,"comment_status":"open","ping_status":"open","sticky":false,"template":"","format":"standard","meta":{"footnotes":""},"categories":[137],"tags":[14,6578,1734,5],"class_list":["post-76162","post","type-post","status-publish","format-standard","has-post-thumbnail","hentry","category-natacao","tag-aguas-abertas","tag-aquarace-2025","tag-kaio-marcio","tag-natacao"],"yoast_head":"<!-- This site is optimized with the Yoast SEO plugin v27.0 - https:\/\/yoast.com\/product\/yoast-seo-wordpress\/ -->\n<title>Kaio Marcio, das piscinas para as gest\u00f5es de eventos esportivos - Swimchannel<\/title>\n<meta name=\"robots\" content=\"index, follow, max-snippet:-1, max-image-preview:large, max-video-preview:-1\" \/>\n<link rel=\"canonical\" href=\"https:\/\/swimchannel.net\/br\/kaio-marcio-das-piscinas-para-as-gestoes-de-eventos-esportivos\/\" \/>\n<meta property=\"og:locale\" content=\"pt_BR\" \/>\n<meta property=\"og:type\" content=\"article\" \/>\n<meta property=\"og:title\" content=\"Kaio Marcio, das piscinas para as gest\u00f5es de eventos esportivos - Swimchannel\" \/>\n<meta property=\"og:description\" content=\"Ap\u00f3s marcar seu nome na hist\u00f3ria da nata\u00e7\u00e3o brasileira e mundial, Kaio M\u00e1rcio vive hoje uma nova fase da sua trajet\u00f3ria, agora fora das piscinas. Especialista no estilo borboleta, o paraibano brilhou em competi\u00e7\u00f5es nacionais e internacionais, conquistando t\u00edtulos expressivos e tornando-se um dos principais nomes da modalidade no pa\u00eds. Detentor de recordes sul-americanos e [&hellip;]\" \/>\n<meta property=\"og:url\" content=\"https:\/\/swimchannel.net\/br\/kaio-marcio-das-piscinas-para-as-gestoes-de-eventos-esportivos\/\" \/>\n<meta property=\"og:site_name\" content=\"Swimchannel\" \/>\n<meta property=\"article:publisher\" content=\"https:\/\/www.facebook.com\/swimchannel\" \/>\n<meta property=\"article:published_time\" content=\"2025-09-23T20:15:17+00:00\" \/>\n<meta property=\"article:modified_time\" content=\"2025-10-03T15:43:45+00:00\" \/>\n<meta property=\"og:image\" content=\"https:\/\/swimchannel.net\/br\/wp-content\/uploads\/2018\/11\/71Q1011.jpg\" \/>\n\t<meta property=\"og:image:width\" content=\"2362\" \/>\n\t<meta property=\"og:image:height\" content=\"1575\" \/>\n\t<meta property=\"og:image:type\" content=\"image\/jpeg\" \/>\n<meta name=\"author\" content=\"Katarine Monteiro\" \/>\n<meta name=\"twitter:card\" content=\"summary_large_image\" \/>\n<meta name=\"twitter:creator\" content=\"@https:\/\/twitter.com\/Katarinem\" \/>\n<meta name=\"twitter:label1\" content=\"Escrito por\" \/>\n\t<meta name=\"twitter:data1\" content=\"Katarine Monteiro\" \/>\n\t<meta name=\"twitter:label2\" content=\"Est. tempo de leitura\" \/>\n\t<meta name=\"twitter:data2\" content=\"3 minutos\" \/>\n<script type=\"application\/ld+json\" class=\"yoast-schema-graph\">{\"@context\":\"https:\/\/schema.org\",\"@graph\":[{\"@type\":\"Article\",\"@id\":\"https:\/\/swimchannel.net\/br\/kaio-marcio-das-piscinas-para-as-gestoes-de-eventos-esportivos\/#article\",\"isPartOf\":{\"@id\":\"https:\/\/swimchannel.net\/br\/kaio-marcio-das-piscinas-para-as-gestoes-de-eventos-esportivos\/\"},\"author\":{\"name\":\"Katarine Monteiro\",\"@id\":\"https:\/\/swimchannel.net\/br\/#\/schema\/person\/73ae9cec62249968bca1f0a8098ef002\"},\"headline\":\"Kaio Marcio, das piscinas para as gest\u00f5es de eventos esportivos\",\"datePublished\":\"2025-09-23T20:15:17+00:00\",\"dateModified\":\"2025-10-03T15:43:45+00:00\",\"mainEntityOfPage\":{\"@id\":\"https:\/\/swimchannel.net\/br\/kaio-marcio-das-piscinas-para-as-gestoes-de-eventos-esportivos\/\"},\"wordCount\":674,\"commentCount\":0,\"publisher\":{\"@id\":\"https:\/\/swimchannel.net\/br\/#organization\"},\"image\":{\"@id\":\"https:\/\/swimchannel.net\/br\/kaio-marcio-das-piscinas-para-as-gestoes-de-eventos-esportivos\/#primaryimage\"},\"thumbnailUrl\":\"https:\/\/swimchannel.net\/br\/wp-content\/uploads\/2018\/11\/71Q1011.jpg\",\"keywords\":[\"\u00c1guas abertas\",\"Aquarace 2025\",\"Kaio M\u00e1rcio\",\"natacao\"],\"articleSection\":[\"Nata\u00e7\u00e3o\"],\"inLanguage\":\"pt-BR\",\"potentialAction\":[{\"@type\":\"CommentAction\",\"name\":\"Comment\",\"target\":[\"https:\/\/swimchannel.net\/br\/kaio-marcio-das-piscinas-para-as-gestoes-de-eventos-esportivos\/#respond\"]}]},{\"@type\":\"WebPage\",\"@id\":\"https:\/\/swimchannel.net\/br\/kaio-marcio-das-piscinas-para-as-gestoes-de-eventos-esportivos\/\",\"url\":\"https:\/\/swimchannel.net\/br\/kaio-marcio-das-piscinas-para-as-gestoes-de-eventos-esportivos\/\",\"name\":\"Kaio Marcio, das piscinas para as gest\u00f5es de eventos esportivos - Swimchannel\",\"isPartOf\":{\"@id\":\"https:\/\/swimchannel.net\/br\/#website\"},\"primaryImageOfPage\":{\"@id\":\"https:\/\/swimchannel.net\/br\/kaio-marcio-das-piscinas-para-as-gestoes-de-eventos-esportivos\/#primaryimage\"},\"image\":{\"@id\":\"https:\/\/swimchannel.net\/br\/kaio-marcio-das-piscinas-para-as-gestoes-de-eventos-esportivos\/#primaryimage\"},\"thumbnailUrl\":\"https:\/\/swimchannel.net\/br\/wp-content\/uploads\/2018\/11\/71Q1011.jpg\",\"datePublished\":\"2025-09-23T20:15:17+00:00\",\"dateModified\":\"2025-10-03T15:43:45+00:00\",\"breadcrumb\":{\"@id\":\"https:\/\/swimchannel.net\/br\/kaio-marcio-das-piscinas-para-as-gestoes-de-eventos-esportivos\/#breadcrumb\"},\"inLanguage\":\"pt-BR\",\"potentialAction\":[{\"@type\":\"ReadAction\",\"target\":[\"https:\/\/swimchannel.net\/br\/kaio-marcio-das-piscinas-para-as-gestoes-de-eventos-esportivos\/\"]}]},{\"@type\":\"ImageObject\",\"inLanguage\":\"pt-BR\",\"@id\":\"https:\/\/swimchannel.net\/br\/kaio-marcio-das-piscinas-para-as-gestoes-de-eventos-esportivos\/#primaryimage\",\"url\":\"https:\/\/swimchannel.net\/br\/wp-content\/uploads\/2018\/11\/71Q1011.jpg\",\"contentUrl\":\"https:\/\/swimchannel.net\/br\/wp-content\/uploads\/2018\/11\/71Q1011.jpg\",\"width\":2362,\"height\":1575,\"caption\":\"Kaio M\u00e1rcio de Almeida - Foto: Satiro Sodr\u00e9\/SSPress\/CBDA\"},{\"@type\":\"BreadcrumbList\",\"@id\":\"https:\/\/swimchannel.net\/br\/kaio-marcio-das-piscinas-para-as-gestoes-de-eventos-esportivos\/#breadcrumb\",\"itemListElement\":[{\"@type\":\"ListItem\",\"position\":1,\"name\":\"Home\",\"item\":\"https:\/\/swimchannel.net\/br\/\"},{\"@type\":\"ListItem\",\"position\":2,\"name\":\"Kaio Marcio, das piscinas para as gest\u00f5es de eventos esportivos\"}]},{\"@type\":\"WebSite\",\"@id\":\"https:\/\/swimchannel.net\/br\/#website\",\"url\":\"https:\/\/swimchannel.net\/br\/\",\"name\":\"Swimchannel\",\"description\":\"Maior portal de nata\u00e7\u00e3o da america latina\",\"publisher\":{\"@id\":\"https:\/\/swimchannel.net\/br\/#organization\"},\"potentialAction\":[{\"@type\":\"SearchAction\",\"target\":{\"@type\":\"EntryPoint\",\"urlTemplate\":\"https:\/\/swimchannel.net\/br\/?s={search_term_string}\"},\"query-input\":{\"@type\":\"PropertyValueSpecification\",\"valueRequired\":true,\"valueName\":\"search_term_string\"}}],\"inLanguage\":\"pt-BR\"},{\"@type\":\"Organization\",\"@id\":\"https:\/\/swimchannel.net\/br\/#organization\",\"name\":\"Swimchannel - Conectando voc\u00ea a Nata\u00e7\u00e3o\",\"url\":\"https:\/\/swimchannel.net\/br\/\",\"logo\":{\"@type\":\"ImageObject\",\"inLanguage\":\"pt-BR\",\"@id\":\"https:\/\/swimchannel.net\/br\/#\/schema\/logo\/image\/\",\"url\":\"https:\/\/swimchannel.net\/br\/wp-content\/uploads\/2026\/02\/SWIM-CHANNEL.png\",\"contentUrl\":\"https:\/\/swimchannel.net\/br\/wp-content\/uploads\/2026\/02\/SWIM-CHANNEL.png\",\"width\":1120,\"height\":630,\"caption\":\"Swimchannel - Conectando voc\u00ea a Nata\u00e7\u00e3o\"},\"image\":{\"@id\":\"https:\/\/swimchannel.net\/br\/#\/schema\/logo\/image\/\"},\"sameAs\":[\"https:\/\/www.facebook.com\/swimchannel\",\"https:\/\/www.instagram.com\/swimchannel\"]},{\"@type\":\"Person\",\"@id\":\"https:\/\/swimchannel.net\/br\/#\/schema\/person\/73ae9cec62249968bca1f0a8098ef002\",\"name\":\"Katarine Monteiro\",\"image\":{\"@type\":\"ImageObject\",\"inLanguage\":\"pt-BR\",\"@id\":\"https:\/\/swimchannel.net\/br\/#\/schema\/person\/image\/\",\"url\":\"https:\/\/swimchannel.net\/br\/wp-content\/uploads\/2022\/01\/Katarine-Monteiro-100x100.jpg\",\"contentUrl\":\"https:\/\/swimchannel.net\/br\/wp-content\/uploads\/2022\/01\/Katarine-Monteiro-100x100.jpg\",\"caption\":\"Katarine Monteiro\"},\"description\":\"Jornalista SWIM CHANNEL especializada em esportes ol\u00edmpicos e em sa\u00fade. Com cobertura de grandes eventos internacionais, como Jogos Ol\u00edmpicos Rio 2016, Jogos Pan-Americanos em Lima 2019, Qatar Total Open 2020, Qatar ExxonMobil Open 2019 - t\u00eanis em Doha (QT), Semana Internacional de Vela de Ilhabela, Transat Jacques Vabre 2019 (Fran\u00e7a-Brasil), L'\u00c9tape Brasil by Tour de France, j\u00e1 fez in\u00fameras coberturas de nata\u00e7\u00e3o, maratona aqu\u00e1tica e polo aqu\u00e1tico. Formada tamb\u00e9m em Letras, a jornalista atua como assessora de imprensa, rela\u00e7\u00f5es p\u00fablicas e social media, com especializa\u00e7\u00e3o em marketing esportivo. Nadadora amadora de \u00e1guas abertas, j\u00e1 trabalhou com grandes nomes da nata\u00e7\u00e3o e do polo aqu\u00e1tico brasileiro.\",\"sameAs\":[\"https:\/\/www.instagram.com\/_katarinemonteiro\/\",\"https:\/\/www.linkedin.com\/in\/katarine-monteiro-19385297\/\",\"https:\/\/x.com\/https:\/\/twitter.com\/Katarinem\"],\"url\":\"https:\/\/swimchannel.net\/br\/author\/katarine-monteiro\/\"}]}<\/script>\n<!-- \/ Yoast SEO plugin. -->","yoast_head_json":{"title":"Kaio Marcio, das piscinas para as gest\u00f5es de eventos esportivos - Swimchannel","robots":{"index":"index","follow":"follow","max-snippet":"max-snippet:-1","max-image-preview":"max-image-preview:large","max-video-preview":"max-video-preview:-1"},"canonical":"https:\/\/swimchannel.net\/br\/kaio-marcio-das-piscinas-para-as-gestoes-de-eventos-esportivos\/","og_locale":"pt_BR","og_type":"article","og_title":"Kaio Marcio, das piscinas para as gest\u00f5es de eventos esportivos - Swimchannel","og_description":"Ap\u00f3s marcar seu nome na hist\u00f3ria da nata\u00e7\u00e3o brasileira e mundial, Kaio M\u00e1rcio vive hoje uma nova fase da sua trajet\u00f3ria, agora fora das piscinas. Especialista no estilo borboleta, o paraibano brilhou em competi\u00e7\u00f5es nacionais e internacionais, conquistando t\u00edtulos expressivos e tornando-se um dos principais nomes da modalidade no pa\u00eds. Detentor de recordes sul-americanos e [&hellip;]","og_url":"https:\/\/swimchannel.net\/br\/kaio-marcio-das-piscinas-para-as-gestoes-de-eventos-esportivos\/","og_site_name":"Swimchannel","article_publisher":"https:\/\/www.facebook.com\/swimchannel","article_published_time":"2025-09-23T20:15:17+00:00","article_modified_time":"2025-10-03T15:43:45+00:00","og_image":[{"width":2362,"height":1575,"url":"https:\/\/swimchannel.net\/br\/wp-content\/uploads\/2018\/11\/71Q1011.jpg","type":"image\/jpeg"}],"author":"Katarine Monteiro","twitter_card":"summary_large_image","twitter_creator":"@https:\/\/twitter.com\/Katarinem","twitter_misc":{"Escrito por":"Katarine Monteiro","Est. tempo de leitura":"3 minutos"},"schema":{"@context":"https:\/\/schema.org","@graph":[{"@type":"Article","@id":"https:\/\/swimchannel.net\/br\/kaio-marcio-das-piscinas-para-as-gestoes-de-eventos-esportivos\/#article","isPartOf":{"@id":"https:\/\/swimchannel.net\/br\/kaio-marcio-das-piscinas-para-as-gestoes-de-eventos-esportivos\/"},"author":{"name":"Katarine Monteiro","@id":"https:\/\/swimchannel.net\/br\/#\/schema\/person\/73ae9cec62249968bca1f0a8098ef002"},"headline":"Kaio Marcio, das piscinas para as gest\u00f5es de eventos esportivos","datePublished":"2025-09-23T20:15:17+00:00","dateModified":"2025-10-03T15:43:45+00:00","mainEntityOfPage":{"@id":"https:\/\/swimchannel.net\/br\/kaio-marcio-das-piscinas-para-as-gestoes-de-eventos-esportivos\/"},"wordCount":674,"commentCount":0,"publisher":{"@id":"https:\/\/swimchannel.net\/br\/#organization"},"image":{"@id":"https:\/\/swimchannel.net\/br\/kaio-marcio-das-piscinas-para-as-gestoes-de-eventos-esportivos\/#primaryimage"},"thumbnailUrl":"https:\/\/swimchannel.net\/br\/wp-content\/uploads\/2018\/11\/71Q1011.jpg","keywords":["\u00c1guas abertas","Aquarace 2025","Kaio M\u00e1rcio","natacao"],"articleSection":["Nata\u00e7\u00e3o"],"inLanguage":"pt-BR","potentialAction":[{"@type":"CommentAction","name":"Comment","target":["https:\/\/swimchannel.net\/br\/kaio-marcio-das-piscinas-para-as-gestoes-de-eventos-esportivos\/#respond"]}]},{"@type":"WebPage","@id":"https:\/\/swimchannel.net\/br\/kaio-marcio-das-piscinas-para-as-gestoes-de-eventos-esportivos\/","url":"https:\/\/swimchannel.net\/br\/kaio-marcio-das-piscinas-para-as-gestoes-de-eventos-esportivos\/","name":"Kaio Marcio, das piscinas para as gest\u00f5es de eventos esportivos - Swimchannel","isPartOf":{"@id":"https:\/\/swimchannel.net\/br\/#website"},"primaryImageOfPage":{"@id":"https:\/\/swimchannel.net\/br\/kaio-marcio-das-piscinas-para-as-gestoes-de-eventos-esportivos\/#primaryimage"},"image":{"@id":"https:\/\/swimchannel.net\/br\/kaio-marcio-das-piscinas-para-as-gestoes-de-eventos-esportivos\/#primaryimage"},"thumbnailUrl":"https:\/\/swimchannel.net\/br\/wp-content\/uploads\/2018\/11\/71Q1011.jpg","datePublished":"2025-09-23T20:15:17+00:00","dateModified":"2025-10-03T15:43:45+00:00","breadcrumb":{"@id":"https:\/\/swimchannel.net\/br\/kaio-marcio-das-piscinas-para-as-gestoes-de-eventos-esportivos\/#breadcrumb"},"inLanguage":"pt-BR","potentialAction":[{"@type":"ReadAction","target":["https:\/\/swimchannel.net\/br\/kaio-marcio-das-piscinas-para-as-gestoes-de-eventos-esportivos\/"]}]},{"@type":"ImageObject","inLanguage":"pt-BR","@id":"https:\/\/swimchannel.net\/br\/kaio-marcio-das-piscinas-para-as-gestoes-de-eventos-esportivos\/#primaryimage","url":"https:\/\/swimchannel.net\/br\/wp-content\/uploads\/2018\/11\/71Q1011.jpg","contentUrl":"https:\/\/swimchannel.net\/br\/wp-content\/uploads\/2018\/11\/71Q1011.jpg","width":2362,"height":1575,"caption":"Kaio M\u00e1rcio de Almeida - Foto: Satiro Sodr\u00e9\/SSPress\/CBDA"},{"@type":"BreadcrumbList","@id":"https:\/\/swimchannel.net\/br\/kaio-marcio-das-piscinas-para-as-gestoes-de-eventos-esportivos\/#breadcrumb","itemListElement":[{"@type":"ListItem","position":1,"name":"Home","item":"https:\/\/swimchannel.net\/br\/"},{"@type":"ListItem","position":2,"name":"Kaio Marcio, das piscinas para as gest\u00f5es de eventos esportivos"}]},{"@type":"WebSite","@id":"https:\/\/swimchannel.net\/br\/#website","url":"https:\/\/swimchannel.net\/br\/","name":"Swimchannel","description":"Maior portal de nata\u00e7\u00e3o da america latina","publisher":{"@id":"https:\/\/swimchannel.net\/br\/#organization"},"potentialAction":[{"@type":"SearchAction","target":{"@type":"EntryPoint","urlTemplate":"https:\/\/swimchannel.net\/br\/?s={search_term_string}"},"query-input":{"@type":"PropertyValueSpecification","valueRequired":true,"valueName":"search_term_string"}}],"inLanguage":"pt-BR"},{"@type":"Organization","@id":"https:\/\/swimchannel.net\/br\/#organization","name":"Swimchannel - Conectando voc\u00ea a Nata\u00e7\u00e3o","url":"https:\/\/swimchannel.net\/br\/","logo":{"@type":"ImageObject","inLanguage":"pt-BR","@id":"https:\/\/swimchannel.net\/br\/#\/schema\/logo\/image\/","url":"https:\/\/swimchannel.net\/br\/wp-content\/uploads\/2026\/02\/SWIM-CHANNEL.png","contentUrl":"https:\/\/swimchannel.net\/br\/wp-content\/uploads\/2026\/02\/SWIM-CHANNEL.png","width":1120,"height":630,"caption":"Swimchannel - Conectando voc\u00ea a Nata\u00e7\u00e3o"},"image":{"@id":"https:\/\/swimchannel.net\/br\/#\/schema\/logo\/image\/"},"sameAs":["https:\/\/www.facebook.com\/swimchannel","https:\/\/www.instagram.com\/swimchannel"]},{"@type":"Person","@id":"https:\/\/swimchannel.net\/br\/#\/schema\/person\/73ae9cec62249968bca1f0a8098ef002","name":"Katarine Monteiro","image":{"@type":"ImageObject","inLanguage":"pt-BR","@id":"https:\/\/swimchannel.net\/br\/#\/schema\/person\/image\/","url":"https:\/\/swimchannel.net\/br\/wp-content\/uploads\/2022\/01\/Katarine-Monteiro-100x100.jpg","contentUrl":"https:\/\/swimchannel.net\/br\/wp-content\/uploads\/2022\/01\/Katarine-Monteiro-100x100.jpg","caption":"Katarine Monteiro"},"description":"Jornalista SWIM CHANNEL especializada em esportes ol\u00edmpicos e em sa\u00fade. Com cobertura de grandes eventos internacionais, como Jogos Ol\u00edmpicos Rio 2016, Jogos Pan-Americanos em Lima 2019, Qatar Total Open 2020, Qatar ExxonMobil Open 2019 - t\u00eanis em Doha (QT), Semana Internacional de Vela de Ilhabela, Transat Jacques Vabre 2019 (Fran\u00e7a-Brasil), L'\u00c9tape Brasil by Tour de France, j\u00e1 fez in\u00fameras coberturas de nata\u00e7\u00e3o, maratona aqu\u00e1tica e polo aqu\u00e1tico. Formada tamb\u00e9m em Letras, a jornalista atua como assessora de imprensa, rela\u00e7\u00f5es p\u00fablicas e social media, com especializa\u00e7\u00e3o em marketing esportivo. Nadadora amadora de \u00e1guas abertas, j\u00e1 trabalhou com grandes nomes da nata\u00e7\u00e3o e do polo aqu\u00e1tico brasileiro.","sameAs":["https:\/\/www.instagram.com\/_katarinemonteiro\/","https:\/\/www.linkedin.com\/in\/katarine-monteiro-19385297\/","https:\/\/x.com\/https:\/\/twitter.com\/Katarinem"],"url":"https:\/\/swimchannel.net\/br\/author\/katarine-monteiro\/"}]}},"_links":{"self":[{"href":"https:\/\/swimchannel.net\/br\/wp-json\/wp\/v2\/posts\/76162","targetHints":{"allow":["GET"]}}],"collection":[{"href":"https:\/\/swimchannel.net\/br\/wp-json\/wp\/v2\/posts"}],"about":[{"href":"https:\/\/swimchannel.net\/br\/wp-json\/wp\/v2\/types\/post"}],"author":[{"embeddable":true,"href":"https:\/\/swimchannel.net\/br\/wp-json\/wp\/v2\/users\/9"}],"replies":[{"embeddable":true,"href":"https:\/\/swimchannel.net\/br\/wp-json\/wp\/v2\/comments?post=76162"}],"version-history":[{"count":10,"href":"https:\/\/swimchannel.net\/br\/wp-json\/wp\/v2\/posts\/76162\/revisions"}],"predecessor-version":[{"id":76224,"href":"https:\/\/swimchannel.net\/br\/wp-json\/wp\/v2\/posts\/76162\/revisions\/76224"}],"wp:featuredmedia":[{"embeddable":true,"href":"https:\/\/swimchannel.net\/br\/wp-json\/wp\/v2\/media\/12951"}],"wp:attachment":[{"href":"https:\/\/swimchannel.net\/br\/wp-json\/wp\/v2\/media?parent=76162"}],"wp:term":[{"taxonomy":"category","embeddable":true,"href":"https:\/\/swimchannel.net\/br\/wp-json\/wp\/v2\/categories?post=76162"},{"taxonomy":"post_tag","embeddable":true,"href":"https:\/\/swimchannel.net\/br\/wp-json\/wp\/v2\/tags?post=76162"}],"curies":[{"name":"wp","href":"https:\/\/api.w.org\/{rel}","templated":true}]}}