{"id":76173,"date":"2025-09-22T12:17:30","date_gmt":"2025-09-22T15:17:30","guid":{"rendered":"https:\/\/swimchannel.net\/br\/?p=76173"},"modified":"2025-09-23T17:56:21","modified_gmt":"2025-09-23T20:56:21","slug":"julian-sebastian-sera-comentatista-da-swim-channel-no-sul-americano-juvenil","status":"publish","type":"post","link":"https:\/\/swimchannel.net\/br\/julian-sebastian-sera-comentatista-da-swim-channel-no-sul-americano-juvenil\/","title":{"rendered":"Julia Sebastian ser\u00e1 comentatista da Swim Channel no Sul-Americano Juvenil"},"content":{"rendered":"<p>O Campeonato Sul-Americano Juvenil de Esportes Aqu\u00e1ticos come\u00e7a essa semana no Rio de Janeiro e a <strong>SWIM CHANNEL<\/strong> ser\u00e1 a m\u00eddia oficial do evento. Al\u00e9m da j\u00e1 tradicional locu\u00e7\u00e3o do Coach Alex Pussieldi, apresentamos ao nosso p\u00fablico uma grande novidade: a nadadora olimpica argentina Julia Sebastian ser\u00e1 a comentarista das provas de nata\u00e7\u00e3o e far\u00e1 sua estreia na <strong>SWIM CHANNEL TV<\/strong>.<\/p>\n<p>Al\u00e9m dessa grande novidade aos telespectadores do canal, o Campeonato Sul-Americano Juvenil tamb\u00e9m promover\u00e1 um acontecimento in\u00e9dito nas transmiss\u00f5es da <strong>SWIM CHANNEL TV<\/strong>: a cobertura do evento ser\u00e1 100% em l\u00edngua espanhola, sendo uma grande oportunidade para o p\u00fablico da Am\u00e9rica do Sul que sempre acompanhou a <strong>SWIM CHANNEL<\/strong>.<\/p>\n<figure id=\"attachment_76187\" aria-describedby=\"caption-attachment-76187\" style=\"width: 800px\" class=\"wp-caption alignnone\"><img loading=\"lazy\" decoding=\"async\" class=\"size-large wp-image-76187\" src=\"https:\/\/swimchannel.net\/br\/wp-content\/uploads\/2025\/09\/WhatsApp-Image-2025-09-22-at-14.59.39-800x800.jpeg\" alt=\"\" width=\"800\" height=\"800\" srcset=\"https:\/\/swimchannel.net\/br\/wp-content\/uploads\/2025\/09\/WhatsApp-Image-2025-09-22-at-14.59.39-800x800.jpeg 800w, https:\/\/swimchannel.net\/br\/wp-content\/uploads\/2025\/09\/WhatsApp-Image-2025-09-22-at-14.59.39-675x675.jpeg 675w, https:\/\/swimchannel.net\/br\/wp-content\/uploads\/2025\/09\/WhatsApp-Image-2025-09-22-at-14.59.39-180x180.jpeg 180w, https:\/\/swimchannel.net\/br\/wp-content\/uploads\/2025\/09\/WhatsApp-Image-2025-09-22-at-14.59.39-768x768.jpeg 768w, https:\/\/swimchannel.net\/br\/wp-content\/uploads\/2025\/09\/WhatsApp-Image-2025-09-22-at-14.59.39-75x75.jpeg 75w, https:\/\/swimchannel.net\/br\/wp-content\/uploads\/2025\/09\/WhatsApp-Image-2025-09-22-at-14.59.39-750x750.jpeg 750w, https:\/\/swimchannel.net\/br\/wp-content\/uploads\/2025\/09\/WhatsApp-Image-2025-09-22-at-14.59.39-1140x1140.jpeg 1140w, https:\/\/swimchannel.net\/br\/wp-content\/uploads\/2025\/09\/WhatsApp-Image-2025-09-22-at-14.59.39.jpeg 1170w\" sizes=\"auto, (max-width: 800px) 100vw, 800px\" \/><figcaption id=\"caption-attachment-76187\" class=\"wp-caption-text\">Julia Sebastian &#8211; Foto: Reprodu\u00e7\u00e3o<\/figcaption><\/figure>\n<p>Julia Sebastian tem um curr\u00edculo de grande express\u00e3o internacional. Ela fez parte do time ol\u00edmpico argentino nos Jogos de T\u00f3quio-2020, tendo disputado os 100m e 200m peito. Julia tamb\u00e9m conquistou tr\u00eas medalhas nos Jogos Pan-Americanos de Lima 2019, tendo sido vice-campe\u00e3 nos 100m peito e bronze nos 200m peito e com o revezamento 4x100m medley misto. Ela tamb\u00e9m tem outras 19 medalhas em Campeonatos Sul-Americanos e duas em Jogos Sul-Americanos dO ODESUR.<\/p>\n<p>Atualmente, Julia det\u00e9m tr\u00eas recordes sul-americanos. Na piscina longa, ela tem a marca continental dos 200m peito: 2min24s92, feitos no Trof\u00e9u Maria Lenk de 2019. Na piscina curta, seus recordes em vigor s\u00e3o nos 100m (1min05s06) e 200m peito (2min20s51) feitos na etapa de Budapeste do extinto International Swimming League (ISL). No Brasil, Julia defendeu as equipes do Minas TC e da Unisanta, colecionando medalhas e recordes em competi\u00e7\u00f5es nacionais.<\/p>\n<figure id=\"attachment_76189\" aria-describedby=\"caption-attachment-76189\" style=\"width: 816px\" class=\"wp-caption alignnone\"><img loading=\"lazy\" decoding=\"async\" class=\"size-large wp-image-76189\" src=\"https:\/\/swimchannel.net\/br\/wp-content\/uploads\/2025\/09\/WhatsApp-Image-2025-09-22-at-15.00.28-816x800.jpeg\" alt=\"\" width=\"816\" height=\"800\" srcset=\"https:\/\/swimchannel.net\/br\/wp-content\/uploads\/2025\/09\/WhatsApp-Image-2025-09-22-at-15.00.28-816x800.jpeg 816w, https:\/\/swimchannel.net\/br\/wp-content\/uploads\/2025\/09\/WhatsApp-Image-2025-09-22-at-15.00.28-689x675.jpeg 689w, https:\/\/swimchannel.net\/br\/wp-content\/uploads\/2025\/09\/WhatsApp-Image-2025-09-22-at-15.00.28-184x180.jpeg 184w, https:\/\/swimchannel.net\/br\/wp-content\/uploads\/2025\/09\/WhatsApp-Image-2025-09-22-at-15.00.28-768x753.jpeg 768w, https:\/\/swimchannel.net\/br\/wp-content\/uploads\/2025\/09\/WhatsApp-Image-2025-09-22-at-15.00.28-75x75.jpeg 75w, https:\/\/swimchannel.net\/br\/wp-content\/uploads\/2025\/09\/WhatsApp-Image-2025-09-22-at-15.00.28-750x735.jpeg 750w, https:\/\/swimchannel.net\/br\/wp-content\/uploads\/2025\/09\/WhatsApp-Image-2025-09-22-at-15.00.28.jpeg 960w\" sizes=\"auto, (max-width: 816px) 100vw, 816px\" \/><figcaption id=\"caption-attachment-76189\" class=\"wp-caption-text\">Julia Sebastian &#8211; Foto: Reprodu\u00e7\u00e3o<\/figcaption><\/figure>\n<p>A nata\u00e7\u00e3o no Campeonato Sul-Americano Juvenil come\u00e7a nesta quarta-feira e vai at\u00e9 domingo dia 28 de setembro, na piscina do Julio Delamare, no Rio de Janeiro. A nata\u00e7\u00e3o \u00e9 dividida em dois grupos, sendo o Juvenil A de 14 e 15 anos e o Juvenil B de 16 a 18 anos.\u00a0Para assistir a competi\u00e7\u00e3o adquira o aplicativo SWIM CHANNEL TV atrav\u00e9s deste link: <a href=\"https:\/\/tv.swimchannel.net\/?v=dc634e207282\" target=\"_blank\" rel=\"noopener\"><strong>https:\/\/tv.swimchannel.net\/?v=dc634e207282<\/strong><\/a>.<\/p>\n<p>Veja <a href=\"https:\/\/swimchannel.net\/br\/tutorial-como-assinar-e-assistir-ao-campeonato-sul-americano-juvenil-de-natacao-na-swim-channel-tv\/\">aqui<\/a> como assistir o campeonato.<\/p>\n<p>Mira <a href=\"https:\/\/swimchannel.net\/br\/tutorial-como-assinar-e-assistir-ao-campeonato-sul-americano-juvenil-de-natacao-na-swim-channel-tv\/\">aqu\u00ed<\/a> c\u00f3mo ver el campeonato<\/p>\n<p>&nbsp;<\/p>\n<p>Gostaria de receber as not\u00edcias de nata\u00e7\u00e3o e \u00e1guas abertas no seu email?<\/p>\n<p><a href=\"https:\/\/lpa.nitro.news\/n-GNe\/ultimas-noticias-swim-channel\">Cadastre-se aqui<\/a><\/p>\n","protected":false},"excerpt":{"rendered":"<p>O Campeonato Sul-Americano Juvenil de Esportes Aqu\u00e1ticos come\u00e7a essa semana no Rio de Janeiro e a SWIM CHANNEL ser\u00e1 a m\u00eddia oficial do evento. Al\u00e9m da j\u00e1 tradicional locu\u00e7\u00e3o do Coach Alex Pussieldi, apresentamos ao nosso p\u00fablico uma grande novidade: a nadadora olimpica argentina Julia Sebastian ser\u00e1 a comentarista das provas de nata\u00e7\u00e3o e far\u00e1 [&hellip;]<\/p>\n","protected":false},"author":3,"featured_media":76189,"comment_status":"open","ping_status":"open","sticky":false,"template":"","format":"gallery","meta":{"footnotes":""},"categories":[137],"tags":[1606,1066,5,457],"class_list":["post-76173","post","type-post","status-publish","format-gallery","has-post-thumbnail","hentry","category-natacao","tag-campeonato-sul-americano-juvenil","tag-julia-sebastian","tag-natacao","tag-swim-channel-tv","post_format-post-format-gallery"],"yoast_head":"<!-- This site is optimized with the Yoast SEO plugin v27.0 - https:\/\/yoast.com\/product\/yoast-seo-wordpress\/ -->\n<title>Julia Sebastian ser\u00e1 comentatista da Swim Channel no Sul-Americano Juvenil - Swimchannel<\/title>\n<meta name=\"robots\" content=\"index, follow, max-snippet:-1, max-image-preview:large, max-video-preview:-1\" \/>\n<link rel=\"canonical\" href=\"https:\/\/swimchannel.net\/br\/julian-sebastian-sera-comentatista-da-swim-channel-no-sul-americano-juvenil\/\" \/>\n<meta property=\"og:locale\" content=\"pt_BR\" \/>\n<meta property=\"og:type\" content=\"article\" \/>\n<meta property=\"og:title\" content=\"Julia Sebastian ser\u00e1 comentatista da Swim Channel no Sul-Americano Juvenil - Swimchannel\" \/>\n<meta property=\"og:description\" content=\"O Campeonato Sul-Americano Juvenil de Esportes Aqu\u00e1ticos come\u00e7a essa semana no Rio de Janeiro e a SWIM CHANNEL ser\u00e1 a m\u00eddia oficial do evento. Al\u00e9m da j\u00e1 tradicional locu\u00e7\u00e3o do Coach Alex Pussieldi, apresentamos ao nosso p\u00fablico uma grande novidade: a nadadora olimpica argentina Julia Sebastian ser\u00e1 a comentarista das provas de nata\u00e7\u00e3o e far\u00e1 [&hellip;]\" \/>\n<meta property=\"og:url\" content=\"https:\/\/swimchannel.net\/br\/julian-sebastian-sera-comentatista-da-swim-channel-no-sul-americano-juvenil\/\" \/>\n<meta property=\"og:site_name\" content=\"Swimchannel\" \/>\n<meta property=\"article:publisher\" content=\"https:\/\/www.facebook.com\/swimchannel\" \/>\n<meta property=\"article:published_time\" content=\"2025-09-22T15:17:30+00:00\" \/>\n<meta property=\"article:modified_time\" content=\"2025-09-23T20:56:21+00:00\" \/>\n<meta property=\"og:image\" content=\"https:\/\/swimchannel.net\/br\/wp-content\/uploads\/2025\/09\/WhatsApp-Image-2025-09-22-at-15.00.28.jpeg\" \/>\n\t<meta property=\"og:image:width\" content=\"960\" \/>\n\t<meta property=\"og:image:height\" content=\"941\" \/>\n\t<meta property=\"og:image:type\" content=\"image\/jpeg\" \/>\n<meta name=\"author\" content=\"Guilherme Freitas\" \/>\n<meta name=\"twitter:card\" content=\"summary_large_image\" \/>\n<meta name=\"twitter:label1\" content=\"Escrito por\" \/>\n\t<meta name=\"twitter:data1\" content=\"Guilherme Freitas\" \/>\n\t<meta name=\"twitter:label2\" content=\"Est. tempo de leitura\" \/>\n\t<meta name=\"twitter:data2\" content=\"2 minutos\" \/>\n<script type=\"application\/ld+json\" class=\"yoast-schema-graph\">{\"@context\":\"https:\/\/schema.org\",\"@graph\":[{\"@type\":\"Article\",\"@id\":\"https:\/\/swimchannel.net\/br\/julian-sebastian-sera-comentatista-da-swim-channel-no-sul-americano-juvenil\/#article\",\"isPartOf\":{\"@id\":\"https:\/\/swimchannel.net\/br\/julian-sebastian-sera-comentatista-da-swim-channel-no-sul-americano-juvenil\/\"},\"author\":{\"name\":\"Guilherme Freitas\",\"@id\":\"https:\/\/swimchannel.net\/br\/#\/schema\/person\/aa2a63bab3275f53749a83276b213c48\"},\"headline\":\"Julia Sebastian ser\u00e1 comentatista da Swim Channel no Sul-Americano Juvenil\",\"datePublished\":\"2025-09-22T15:17:30+00:00\",\"dateModified\":\"2025-09-23T20:56:21+00:00\",\"mainEntityOfPage\":{\"@id\":\"https:\/\/swimchannel.net\/br\/julian-sebastian-sera-comentatista-da-swim-channel-no-sul-americano-juvenil\/\"},\"wordCount\":415,\"commentCount\":0,\"publisher\":{\"@id\":\"https:\/\/swimchannel.net\/br\/#organization\"},\"image\":{\"@id\":\"https:\/\/swimchannel.net\/br\/julian-sebastian-sera-comentatista-da-swim-channel-no-sul-americano-juvenil\/#primaryimage\"},\"thumbnailUrl\":\"https:\/\/swimchannel.net\/br\/wp-content\/uploads\/2025\/09\/WhatsApp-Image-2025-09-22-at-15.00.28.jpeg\",\"keywords\":[\"Campeonato Sul-Americano Juvenil\",\"Julia Sebastian\",\"natacao\",\"Swim Channel TV\"],\"articleSection\":[\"Nata\u00e7\u00e3o\"],\"inLanguage\":\"pt-BR\",\"potentialAction\":[{\"@type\":\"CommentAction\",\"name\":\"Comment\",\"target\":[\"https:\/\/swimchannel.net\/br\/julian-sebastian-sera-comentatista-da-swim-channel-no-sul-americano-juvenil\/#respond\"]}]},{\"@type\":\"WebPage\",\"@id\":\"https:\/\/swimchannel.net\/br\/julian-sebastian-sera-comentatista-da-swim-channel-no-sul-americano-juvenil\/\",\"url\":\"https:\/\/swimchannel.net\/br\/julian-sebastian-sera-comentatista-da-swim-channel-no-sul-americano-juvenil\/\",\"name\":\"Julia Sebastian ser\u00e1 comentatista da Swim Channel no Sul-Americano Juvenil - Swimchannel\",\"isPartOf\":{\"@id\":\"https:\/\/swimchannel.net\/br\/#website\"},\"primaryImageOfPage\":{\"@id\":\"https:\/\/swimchannel.net\/br\/julian-sebastian-sera-comentatista-da-swim-channel-no-sul-americano-juvenil\/#primaryimage\"},\"image\":{\"@id\":\"https:\/\/swimchannel.net\/br\/julian-sebastian-sera-comentatista-da-swim-channel-no-sul-americano-juvenil\/#primaryimage\"},\"thumbnailUrl\":\"https:\/\/swimchannel.net\/br\/wp-content\/uploads\/2025\/09\/WhatsApp-Image-2025-09-22-at-15.00.28.jpeg\",\"datePublished\":\"2025-09-22T15:17:30+00:00\",\"dateModified\":\"2025-09-23T20:56:21+00:00\",\"breadcrumb\":{\"@id\":\"https:\/\/swimchannel.net\/br\/julian-sebastian-sera-comentatista-da-swim-channel-no-sul-americano-juvenil\/#breadcrumb\"},\"inLanguage\":\"pt-BR\",\"potentialAction\":[{\"@type\":\"ReadAction\",\"target\":[\"https:\/\/swimchannel.net\/br\/julian-sebastian-sera-comentatista-da-swim-channel-no-sul-americano-juvenil\/\"]}]},{\"@type\":\"ImageObject\",\"inLanguage\":\"pt-BR\",\"@id\":\"https:\/\/swimchannel.net\/br\/julian-sebastian-sera-comentatista-da-swim-channel-no-sul-americano-juvenil\/#primaryimage\",\"url\":\"https:\/\/swimchannel.net\/br\/wp-content\/uploads\/2025\/09\/WhatsApp-Image-2025-09-22-at-15.00.28.jpeg\",\"contentUrl\":\"https:\/\/swimchannel.net\/br\/wp-content\/uploads\/2025\/09\/WhatsApp-Image-2025-09-22-at-15.00.28.jpeg\",\"width\":960,\"height\":941,\"caption\":\"Julia Sebastian - Foto: Reprodu\u00e7\u00e3o\"},{\"@type\":\"BreadcrumbList\",\"@id\":\"https:\/\/swimchannel.net\/br\/julian-sebastian-sera-comentatista-da-swim-channel-no-sul-americano-juvenil\/#breadcrumb\",\"itemListElement\":[{\"@type\":\"ListItem\",\"position\":1,\"name\":\"Home\",\"item\":\"https:\/\/swimchannel.net\/br\/\"},{\"@type\":\"ListItem\",\"position\":2,\"name\":\"Julia Sebastian ser\u00e1 comentatista da Swim Channel no Sul-Americano Juvenil\"}]},{\"@type\":\"WebSite\",\"@id\":\"https:\/\/swimchannel.net\/br\/#website\",\"url\":\"https:\/\/swimchannel.net\/br\/\",\"name\":\"Swimchannel\",\"description\":\"Maior portal de nata\u00e7\u00e3o da america latina\",\"publisher\":{\"@id\":\"https:\/\/swimchannel.net\/br\/#organization\"},\"potentialAction\":[{\"@type\":\"SearchAction\",\"target\":{\"@type\":\"EntryPoint\",\"urlTemplate\":\"https:\/\/swimchannel.net\/br\/?s={search_term_string}\"},\"query-input\":{\"@type\":\"PropertyValueSpecification\",\"valueRequired\":true,\"valueName\":\"search_term_string\"}}],\"inLanguage\":\"pt-BR\"},{\"@type\":\"Organization\",\"@id\":\"https:\/\/swimchannel.net\/br\/#organization\",\"name\":\"Swimchannel - Conectando voc\u00ea a Nata\u00e7\u00e3o\",\"url\":\"https:\/\/swimchannel.net\/br\/\",\"logo\":{\"@type\":\"ImageObject\",\"inLanguage\":\"pt-BR\",\"@id\":\"https:\/\/swimchannel.net\/br\/#\/schema\/logo\/image\/\",\"url\":\"https:\/\/swimchannel.net\/br\/wp-content\/uploads\/2026\/02\/SWIM-CHANNEL.png\",\"contentUrl\":\"https:\/\/swimchannel.net\/br\/wp-content\/uploads\/2026\/02\/SWIM-CHANNEL.png\",\"width\":1120,\"height\":630,\"caption\":\"Swimchannel - Conectando voc\u00ea a Nata\u00e7\u00e3o\"},\"image\":{\"@id\":\"https:\/\/swimchannel.net\/br\/#\/schema\/logo\/image\/\"},\"sameAs\":[\"https:\/\/www.facebook.com\/swimchannel\",\"https:\/\/www.instagram.com\/swimchannel\"]},{\"@type\":\"Person\",\"@id\":\"https:\/\/swimchannel.net\/br\/#\/schema\/person\/aa2a63bab3275f53749a83276b213c48\",\"name\":\"Guilherme Freitas\",\"image\":{\"@type\":\"ImageObject\",\"inLanguage\":\"pt-BR\",\"@id\":\"https:\/\/swimchannel.net\/br\/#\/schema\/person\/image\/\",\"url\":\"https:\/\/swimchannel.net\/br\/wp-content\/uploads\/2025\/10\/gui22-193x180.png\",\"contentUrl\":\"https:\/\/swimchannel.net\/br\/wp-content\/uploads\/2025\/10\/gui22-193x180.png\",\"caption\":\"Guilherme Freitas\"},\"description\":\"Jornalista s\u00eanior da SWIM CHANNEL, ex-correspondente da FINA no Brasil e pesquisador acad\u00eamico.\",\"sameAs\":[\"instagram.com\/guifreitas86\"],\"url\":\"https:\/\/swimchannel.net\/br\/author\/guilherme-freitas\/\"}]}<\/script>\n<!-- \/ Yoast SEO plugin. -->","yoast_head_json":{"title":"Julia Sebastian ser\u00e1 comentatista da Swim Channel no Sul-Americano Juvenil - Swimchannel","robots":{"index":"index","follow":"follow","max-snippet":"max-snippet:-1","max-image-preview":"max-image-preview:large","max-video-preview":"max-video-preview:-1"},"canonical":"https:\/\/swimchannel.net\/br\/julian-sebastian-sera-comentatista-da-swim-channel-no-sul-americano-juvenil\/","og_locale":"pt_BR","og_type":"article","og_title":"Julia Sebastian ser\u00e1 comentatista da Swim Channel no Sul-Americano Juvenil - Swimchannel","og_description":"O Campeonato Sul-Americano Juvenil de Esportes Aqu\u00e1ticos come\u00e7a essa semana no Rio de Janeiro e a SWIM CHANNEL ser\u00e1 a m\u00eddia oficial do evento. Al\u00e9m da j\u00e1 tradicional locu\u00e7\u00e3o do Coach Alex Pussieldi, apresentamos ao nosso p\u00fablico uma grande novidade: a nadadora olimpica argentina Julia Sebastian ser\u00e1 a comentarista das provas de nata\u00e7\u00e3o e far\u00e1 [&hellip;]","og_url":"https:\/\/swimchannel.net\/br\/julian-sebastian-sera-comentatista-da-swim-channel-no-sul-americano-juvenil\/","og_site_name":"Swimchannel","article_publisher":"https:\/\/www.facebook.com\/swimchannel","article_published_time":"2025-09-22T15:17:30+00:00","article_modified_time":"2025-09-23T20:56:21+00:00","og_image":[{"width":960,"height":941,"url":"https:\/\/swimchannel.net\/br\/wp-content\/uploads\/2025\/09\/WhatsApp-Image-2025-09-22-at-15.00.28.jpeg","type":"image\/jpeg"}],"author":"Guilherme Freitas","twitter_card":"summary_large_image","twitter_misc":{"Escrito por":"Guilherme Freitas","Est. tempo de leitura":"2 minutos"},"schema":{"@context":"https:\/\/schema.org","@graph":[{"@type":"Article","@id":"https:\/\/swimchannel.net\/br\/julian-sebastian-sera-comentatista-da-swim-channel-no-sul-americano-juvenil\/#article","isPartOf":{"@id":"https:\/\/swimchannel.net\/br\/julian-sebastian-sera-comentatista-da-swim-channel-no-sul-americano-juvenil\/"},"author":{"name":"Guilherme Freitas","@id":"https:\/\/swimchannel.net\/br\/#\/schema\/person\/aa2a63bab3275f53749a83276b213c48"},"headline":"Julia Sebastian ser\u00e1 comentatista da Swim Channel no Sul-Americano Juvenil","datePublished":"2025-09-22T15:17:30+00:00","dateModified":"2025-09-23T20:56:21+00:00","mainEntityOfPage":{"@id":"https:\/\/swimchannel.net\/br\/julian-sebastian-sera-comentatista-da-swim-channel-no-sul-americano-juvenil\/"},"wordCount":415,"commentCount":0,"publisher":{"@id":"https:\/\/swimchannel.net\/br\/#organization"},"image":{"@id":"https:\/\/swimchannel.net\/br\/julian-sebastian-sera-comentatista-da-swim-channel-no-sul-americano-juvenil\/#primaryimage"},"thumbnailUrl":"https:\/\/swimchannel.net\/br\/wp-content\/uploads\/2025\/09\/WhatsApp-Image-2025-09-22-at-15.00.28.jpeg","keywords":["Campeonato Sul-Americano Juvenil","Julia Sebastian","natacao","Swim Channel TV"],"articleSection":["Nata\u00e7\u00e3o"],"inLanguage":"pt-BR","potentialAction":[{"@type":"CommentAction","name":"Comment","target":["https:\/\/swimchannel.net\/br\/julian-sebastian-sera-comentatista-da-swim-channel-no-sul-americano-juvenil\/#respond"]}]},{"@type":"WebPage","@id":"https:\/\/swimchannel.net\/br\/julian-sebastian-sera-comentatista-da-swim-channel-no-sul-americano-juvenil\/","url":"https:\/\/swimchannel.net\/br\/julian-sebastian-sera-comentatista-da-swim-channel-no-sul-americano-juvenil\/","name":"Julia Sebastian ser\u00e1 comentatista da Swim Channel no Sul-Americano Juvenil - Swimchannel","isPartOf":{"@id":"https:\/\/swimchannel.net\/br\/#website"},"primaryImageOfPage":{"@id":"https:\/\/swimchannel.net\/br\/julian-sebastian-sera-comentatista-da-swim-channel-no-sul-americano-juvenil\/#primaryimage"},"image":{"@id":"https:\/\/swimchannel.net\/br\/julian-sebastian-sera-comentatista-da-swim-channel-no-sul-americano-juvenil\/#primaryimage"},"thumbnailUrl":"https:\/\/swimchannel.net\/br\/wp-content\/uploads\/2025\/09\/WhatsApp-Image-2025-09-22-at-15.00.28.jpeg","datePublished":"2025-09-22T15:17:30+00:00","dateModified":"2025-09-23T20:56:21+00:00","breadcrumb":{"@id":"https:\/\/swimchannel.net\/br\/julian-sebastian-sera-comentatista-da-swim-channel-no-sul-americano-juvenil\/#breadcrumb"},"inLanguage":"pt-BR","potentialAction":[{"@type":"ReadAction","target":["https:\/\/swimchannel.net\/br\/julian-sebastian-sera-comentatista-da-swim-channel-no-sul-americano-juvenil\/"]}]},{"@type":"ImageObject","inLanguage":"pt-BR","@id":"https:\/\/swimchannel.net\/br\/julian-sebastian-sera-comentatista-da-swim-channel-no-sul-americano-juvenil\/#primaryimage","url":"https:\/\/swimchannel.net\/br\/wp-content\/uploads\/2025\/09\/WhatsApp-Image-2025-09-22-at-15.00.28.jpeg","contentUrl":"https:\/\/swimchannel.net\/br\/wp-content\/uploads\/2025\/09\/WhatsApp-Image-2025-09-22-at-15.00.28.jpeg","width":960,"height":941,"caption":"Julia Sebastian - Foto: Reprodu\u00e7\u00e3o"},{"@type":"BreadcrumbList","@id":"https:\/\/swimchannel.net\/br\/julian-sebastian-sera-comentatista-da-swim-channel-no-sul-americano-juvenil\/#breadcrumb","itemListElement":[{"@type":"ListItem","position":1,"name":"Home","item":"https:\/\/swimchannel.net\/br\/"},{"@type":"ListItem","position":2,"name":"Julia Sebastian ser\u00e1 comentatista da Swim Channel no Sul-Americano Juvenil"}]},{"@type":"WebSite","@id":"https:\/\/swimchannel.net\/br\/#website","url":"https:\/\/swimchannel.net\/br\/","name":"Swimchannel","description":"Maior portal de nata\u00e7\u00e3o da america latina","publisher":{"@id":"https:\/\/swimchannel.net\/br\/#organization"},"potentialAction":[{"@type":"SearchAction","target":{"@type":"EntryPoint","urlTemplate":"https:\/\/swimchannel.net\/br\/?s={search_term_string}"},"query-input":{"@type":"PropertyValueSpecification","valueRequired":true,"valueName":"search_term_string"}}],"inLanguage":"pt-BR"},{"@type":"Organization","@id":"https:\/\/swimchannel.net\/br\/#organization","name":"Swimchannel - Conectando voc\u00ea a Nata\u00e7\u00e3o","url":"https:\/\/swimchannel.net\/br\/","logo":{"@type":"ImageObject","inLanguage":"pt-BR","@id":"https:\/\/swimchannel.net\/br\/#\/schema\/logo\/image\/","url":"https:\/\/swimchannel.net\/br\/wp-content\/uploads\/2026\/02\/SWIM-CHANNEL.png","contentUrl":"https:\/\/swimchannel.net\/br\/wp-content\/uploads\/2026\/02\/SWIM-CHANNEL.png","width":1120,"height":630,"caption":"Swimchannel - Conectando voc\u00ea a Nata\u00e7\u00e3o"},"image":{"@id":"https:\/\/swimchannel.net\/br\/#\/schema\/logo\/image\/"},"sameAs":["https:\/\/www.facebook.com\/swimchannel","https:\/\/www.instagram.com\/swimchannel"]},{"@type":"Person","@id":"https:\/\/swimchannel.net\/br\/#\/schema\/person\/aa2a63bab3275f53749a83276b213c48","name":"Guilherme Freitas","image":{"@type":"ImageObject","inLanguage":"pt-BR","@id":"https:\/\/swimchannel.net\/br\/#\/schema\/person\/image\/","url":"https:\/\/swimchannel.net\/br\/wp-content\/uploads\/2025\/10\/gui22-193x180.png","contentUrl":"https:\/\/swimchannel.net\/br\/wp-content\/uploads\/2025\/10\/gui22-193x180.png","caption":"Guilherme Freitas"},"description":"Jornalista s\u00eanior da SWIM CHANNEL, ex-correspondente da FINA no Brasil e pesquisador acad\u00eamico.","sameAs":["instagram.com\/guifreitas86"],"url":"https:\/\/swimchannel.net\/br\/author\/guilherme-freitas\/"}]}},"_links":{"self":[{"href":"https:\/\/swimchannel.net\/br\/wp-json\/wp\/v2\/posts\/76173","targetHints":{"allow":["GET"]}}],"collection":[{"href":"https:\/\/swimchannel.net\/br\/wp-json\/wp\/v2\/posts"}],"about":[{"href":"https:\/\/swimchannel.net\/br\/wp-json\/wp\/v2\/types\/post"}],"author":[{"embeddable":true,"href":"https:\/\/swimchannel.net\/br\/wp-json\/wp\/v2\/users\/3"}],"replies":[{"embeddable":true,"href":"https:\/\/swimchannel.net\/br\/wp-json\/wp\/v2\/comments?post=76173"}],"version-history":[{"count":6,"href":"https:\/\/swimchannel.net\/br\/wp-json\/wp\/v2\/posts\/76173\/revisions"}],"predecessor-version":[{"id":76225,"href":"https:\/\/swimchannel.net\/br\/wp-json\/wp\/v2\/posts\/76173\/revisions\/76225"}],"wp:featuredmedia":[{"embeddable":true,"href":"https:\/\/swimchannel.net\/br\/wp-json\/wp\/v2\/media\/76189"}],"wp:attachment":[{"href":"https:\/\/swimchannel.net\/br\/wp-json\/wp\/v2\/media?parent=76173"}],"wp:term":[{"taxonomy":"category","embeddable":true,"href":"https:\/\/swimchannel.net\/br\/wp-json\/wp\/v2\/categories?post=76173"},{"taxonomy":"post_tag","embeddable":true,"href":"https:\/\/swimchannel.net\/br\/wp-json\/wp\/v2\/tags?post=76173"}],"curies":[{"name":"wp","href":"https:\/\/api.w.org\/{rel}","templated":true}]}}