{"id":76234,"date":"2025-09-24T09:50:05","date_gmt":"2025-09-24T12:50:05","guid":{"rendered":"https:\/\/swimchannel.net\/br\/?p=76234"},"modified":"2025-09-24T09:50:05","modified_gmt":"2025-09-24T12:50:05","slug":"detalhes-do-congresso-tecnico-da-natacao-do-sul-americano-juvenil","status":"publish","type":"post","link":"https:\/\/swimchannel.net\/br\/detalhes-do-congresso-tecnico-da-natacao-do-sul-americano-juvenil\/","title":{"rendered":"Detalhes do congresso t\u00e9cnico da nata\u00e7\u00e3o do Sul-Americano Juvenil"},"content":{"rendered":"<p>Informa\u00e7\u00f5es coletadas por Nadador Sincero direto do evento:<\/p>\n<p>&nbsp;<\/p>\n<p>1) Orienta\u00e7\u00f5es gerais para o domingo, \u00faltima etapa do Sul-Americano que tem conflito de hor\u00e1rio com a disputa do jogo Fluminense e Botafogo pelo Brasileir\u00e3o. Por quest\u00f5es de seguran\u00e7a dos atletas foi recomendado que todos entrem juntos para o aquecimento e deixem a estrutura do Parque Aqu\u00e1tico Julio de Lamare juntos.<\/p>\n<p>&nbsp;<\/p>\n<p>2) Foi mencionado o acidente que recentemente deixou um nadador paral\u00edtico na Argentina, refor\u00e7ando a aten\u00e7\u00e3o para seguran\u00e7a durante os aquecimentos.<\/p>\n<p>&nbsp;<\/p>\n<p>3) Duas piscinas de apoio, caixa de saltos e piscina interna, ficar\u00e3o dispon\u00edveis durante todo o evento.<\/p>\n<p>&nbsp;<\/p>\n<p>4) Hor\u00e1rios confirmados :<\/p>\n<p>Aquecimento 7h as 8:45 competi\u00e7\u00e3o 9h, eliminat\u00f3rias<\/p>\n<p>Aquecimento 16h a 17:15 competi\u00e7\u00e3o 17:30, finais<\/p>\n<p>&nbsp;<\/p>\n<p>5) Durante o Congresso foi abordado o tema de campeonatos sulamericanos passarem a ser seletiva ol\u00edmpica para os pa\u00edses. A proposta \u00e9 de incrementar a possibilidade de bons resultados acontecerem no Sul-Americano sem a necessidade de disputar eventos em outros pa\u00edses, mais distantes e de maior custo financeiro.<\/p>\n<p>&nbsp;<\/p>\n<p>6)nao mencionaram VAR<\/p>\n<p>&nbsp;<\/p>\n<p>Gostaria de receber as not\u00edcias de nata\u00e7\u00e3o e \u00e1guas abertas no seu email?<\/p>\n<p><a href=\"https:\/\/lpa.nitro.news\/n-GNe\/ultimas-noticias-swim-channel\">Cadastre-se aqui<\/a><\/p>\n","protected":false},"excerpt":{"rendered":"<p>Informa\u00e7\u00f5es coletadas por Nadador Sincero direto do evento: &nbsp; 1) Orienta\u00e7\u00f5es gerais para o domingo, \u00faltima etapa do Sul-Americano que tem conflito de hor\u00e1rio com a disputa do jogo Fluminense e Botafogo pelo Brasileir\u00e3o. Por quest\u00f5es de seguran\u00e7a dos atletas foi recomendado que todos entrem juntos para o aquecimento e deixem a estrutura do Parque [&hellip;]<\/p>\n","protected":false},"author":12,"featured_media":76235,"comment_status":"open","ping_status":"open","sticky":false,"template":"","format":"standard","meta":{"footnotes":""},"categories":[137,2576],"tags":[1606,5],"class_list":["post-76234","post","type-post","status-publish","format-standard","has-post-thumbnail","hentry","category-natacao","category-ultimas-noticias","tag-campeonato-sul-americano-juvenil","tag-natacao"],"yoast_head":"<!-- This site is optimized with the Yoast SEO plugin v27.0 - https:\/\/yoast.com\/product\/yoast-seo-wordpress\/ -->\n<title>Detalhes do congresso t\u00e9cnico da nata\u00e7\u00e3o do Sul-Americano Juvenil - Swimchannel<\/title>\n<meta name=\"robots\" content=\"index, follow, max-snippet:-1, max-image-preview:large, max-video-preview:-1\" \/>\n<link rel=\"canonical\" href=\"https:\/\/swimchannel.net\/br\/detalhes-do-congresso-tecnico-da-natacao-do-sul-americano-juvenil\/\" \/>\n<meta property=\"og:locale\" content=\"pt_BR\" \/>\n<meta property=\"og:type\" content=\"article\" \/>\n<meta property=\"og:title\" content=\"Detalhes do congresso t\u00e9cnico da nata\u00e7\u00e3o do Sul-Americano Juvenil - Swimchannel\" \/>\n<meta property=\"og:description\" content=\"Informa\u00e7\u00f5es coletadas por Nadador Sincero direto do evento: &nbsp; 1) Orienta\u00e7\u00f5es gerais para o domingo, \u00faltima etapa do Sul-Americano que tem conflito de hor\u00e1rio com a disputa do jogo Fluminense e Botafogo pelo Brasileir\u00e3o. Por quest\u00f5es de seguran\u00e7a dos atletas foi recomendado que todos entrem juntos para o aquecimento e deixem a estrutura do Parque [&hellip;]\" \/>\n<meta property=\"og:url\" content=\"https:\/\/swimchannel.net\/br\/detalhes-do-congresso-tecnico-da-natacao-do-sul-americano-juvenil\/\" \/>\n<meta property=\"og:site_name\" content=\"Swimchannel\" \/>\n<meta property=\"article:publisher\" content=\"https:\/\/www.facebook.com\/swimchannel\" \/>\n<meta property=\"article:published_time\" content=\"2025-09-24T12:50:05+00:00\" \/>\n<meta property=\"og:image\" content=\"https:\/\/swimchannel.net\/br\/wp-content\/uploads\/2025\/09\/IMG-20250924-WA0009.jpg\" \/>\n\t<meta property=\"og:image:width\" content=\"1600\" \/>\n\t<meta property=\"og:image:height\" content=\"872\" \/>\n\t<meta property=\"og:image:type\" content=\"image\/jpeg\" \/>\n<meta name=\"author\" content=\"Alex Pussieldi\" \/>\n<meta name=\"twitter:card\" content=\"summary_large_image\" \/>\n<meta name=\"twitter:label1\" content=\"Escrito por\" \/>\n\t<meta name=\"twitter:data1\" content=\"Alex Pussieldi\" \/>\n\t<meta name=\"twitter:label2\" content=\"Est. tempo de leitura\" \/>\n\t<meta name=\"twitter:data2\" content=\"1 minuto\" \/>\n<script type=\"application\/ld+json\" class=\"yoast-schema-graph\">{\"@context\":\"https:\/\/schema.org\",\"@graph\":[{\"@type\":\"Article\",\"@id\":\"https:\/\/swimchannel.net\/br\/detalhes-do-congresso-tecnico-da-natacao-do-sul-americano-juvenil\/#article\",\"isPartOf\":{\"@id\":\"https:\/\/swimchannel.net\/br\/detalhes-do-congresso-tecnico-da-natacao-do-sul-americano-juvenil\/\"},\"author\":{\"name\":\"Alex Pussieldi\",\"@id\":\"https:\/\/swimchannel.net\/br\/#\/schema\/person\/cf549cb99cf75592fcf7c76213385e63\"},\"headline\":\"Detalhes do congresso t\u00e9cnico da nata\u00e7\u00e3o do Sul-Americano Juvenil\",\"datePublished\":\"2025-09-24T12:50:05+00:00\",\"mainEntityOfPage\":{\"@id\":\"https:\/\/swimchannel.net\/br\/detalhes-do-congresso-tecnico-da-natacao-do-sul-americano-juvenil\/\"},\"wordCount\":211,\"commentCount\":1,\"publisher\":{\"@id\":\"https:\/\/swimchannel.net\/br\/#organization\"},\"image\":{\"@id\":\"https:\/\/swimchannel.net\/br\/detalhes-do-congresso-tecnico-da-natacao-do-sul-americano-juvenil\/#primaryimage\"},\"thumbnailUrl\":\"https:\/\/swimchannel.net\/br\/wp-content\/uploads\/2025\/09\/IMG-20250924-WA0009.jpg\",\"keywords\":[\"Campeonato Sul-Americano Juvenil\",\"natacao\"],\"articleSection\":[\"Nata\u00e7\u00e3o\",\"\u00daltimas Not\u00edcias\"],\"inLanguage\":\"pt-BR\",\"potentialAction\":[{\"@type\":\"CommentAction\",\"name\":\"Comment\",\"target\":[\"https:\/\/swimchannel.net\/br\/detalhes-do-congresso-tecnico-da-natacao-do-sul-americano-juvenil\/#respond\"]}]},{\"@type\":\"WebPage\",\"@id\":\"https:\/\/swimchannel.net\/br\/detalhes-do-congresso-tecnico-da-natacao-do-sul-americano-juvenil\/\",\"url\":\"https:\/\/swimchannel.net\/br\/detalhes-do-congresso-tecnico-da-natacao-do-sul-americano-juvenil\/\",\"name\":\"Detalhes do congresso t\u00e9cnico da nata\u00e7\u00e3o do Sul-Americano Juvenil - Swimchannel\",\"isPartOf\":{\"@id\":\"https:\/\/swimchannel.net\/br\/#website\"},\"primaryImageOfPage\":{\"@id\":\"https:\/\/swimchannel.net\/br\/detalhes-do-congresso-tecnico-da-natacao-do-sul-americano-juvenil\/#primaryimage\"},\"image\":{\"@id\":\"https:\/\/swimchannel.net\/br\/detalhes-do-congresso-tecnico-da-natacao-do-sul-americano-juvenil\/#primaryimage\"},\"thumbnailUrl\":\"https:\/\/swimchannel.net\/br\/wp-content\/uploads\/2025\/09\/IMG-20250924-WA0009.jpg\",\"datePublished\":\"2025-09-24T12:50:05+00:00\",\"breadcrumb\":{\"@id\":\"https:\/\/swimchannel.net\/br\/detalhes-do-congresso-tecnico-da-natacao-do-sul-americano-juvenil\/#breadcrumb\"},\"inLanguage\":\"pt-BR\",\"potentialAction\":[{\"@type\":\"ReadAction\",\"target\":[\"https:\/\/swimchannel.net\/br\/detalhes-do-congresso-tecnico-da-natacao-do-sul-americano-juvenil\/\"]}]},{\"@type\":\"ImageObject\",\"inLanguage\":\"pt-BR\",\"@id\":\"https:\/\/swimchannel.net\/br\/detalhes-do-congresso-tecnico-da-natacao-do-sul-americano-juvenil\/#primaryimage\",\"url\":\"https:\/\/swimchannel.net\/br\/wp-content\/uploads\/2025\/09\/IMG-20250924-WA0009.jpg\",\"contentUrl\":\"https:\/\/swimchannel.net\/br\/wp-content\/uploads\/2025\/09\/IMG-20250924-WA0009.jpg\",\"width\":1600,\"height\":872},{\"@type\":\"BreadcrumbList\",\"@id\":\"https:\/\/swimchannel.net\/br\/detalhes-do-congresso-tecnico-da-natacao-do-sul-americano-juvenil\/#breadcrumb\",\"itemListElement\":[{\"@type\":\"ListItem\",\"position\":1,\"name\":\"Home\",\"item\":\"https:\/\/swimchannel.net\/br\/\"},{\"@type\":\"ListItem\",\"position\":2,\"name\":\"Detalhes do congresso t\u00e9cnico da nata\u00e7\u00e3o do Sul-Americano Juvenil\"}]},{\"@type\":\"WebSite\",\"@id\":\"https:\/\/swimchannel.net\/br\/#website\",\"url\":\"https:\/\/swimchannel.net\/br\/\",\"name\":\"Swimchannel\",\"description\":\"Maior portal de nata\u00e7\u00e3o da america latina\",\"publisher\":{\"@id\":\"https:\/\/swimchannel.net\/br\/#organization\"},\"potentialAction\":[{\"@type\":\"SearchAction\",\"target\":{\"@type\":\"EntryPoint\",\"urlTemplate\":\"https:\/\/swimchannel.net\/br\/?s={search_term_string}\"},\"query-input\":{\"@type\":\"PropertyValueSpecification\",\"valueRequired\":true,\"valueName\":\"search_term_string\"}}],\"inLanguage\":\"pt-BR\"},{\"@type\":\"Organization\",\"@id\":\"https:\/\/swimchannel.net\/br\/#organization\",\"name\":\"Swimchannel - Conectando voc\u00ea a Nata\u00e7\u00e3o\",\"url\":\"https:\/\/swimchannel.net\/br\/\",\"logo\":{\"@type\":\"ImageObject\",\"inLanguage\":\"pt-BR\",\"@id\":\"https:\/\/swimchannel.net\/br\/#\/schema\/logo\/image\/\",\"url\":\"https:\/\/swimchannel.net\/br\/wp-content\/uploads\/2026\/02\/SWIM-CHANNEL.png\",\"contentUrl\":\"https:\/\/swimchannel.net\/br\/wp-content\/uploads\/2026\/02\/SWIM-CHANNEL.png\",\"width\":1120,\"height\":630,\"caption\":\"Swimchannel - Conectando voc\u00ea a Nata\u00e7\u00e3o\"},\"image\":{\"@id\":\"https:\/\/swimchannel.net\/br\/#\/schema\/logo\/image\/\"},\"sameAs\":[\"https:\/\/www.facebook.com\/swimchannel\",\"https:\/\/www.instagram.com\/swimchannel\"]},{\"@type\":\"Person\",\"@id\":\"https:\/\/swimchannel.net\/br\/#\/schema\/person\/cf549cb99cf75592fcf7c76213385e63\",\"name\":\"Alex Pussieldi\",\"image\":{\"@type\":\"ImageObject\",\"inLanguage\":\"pt-BR\",\"@id\":\"https:\/\/swimchannel.net\/br\/#\/schema\/person\/image\/\",\"url\":\"https:\/\/swimchannel.net\/br\/wp-content\/uploads\/2021\/02\/9b1c252d-a4bd-4eda-b399-24565cac4114-100x100.jpg\",\"contentUrl\":\"https:\/\/swimchannel.net\/br\/wp-content\/uploads\/2021\/02\/9b1c252d-a4bd-4eda-b399-24565cac4114-100x100.jpg\",\"caption\":\"Alex Pussieldi\"},\"description\":\"Alexandre Pussieldi, apelidado de \u201ccoach\u201d, Foi t\u00e9cnico da sele\u00e7\u00e3o verde e amarela nas Olimp\u00edadas de Pequim-2008 e Londres-2012. O treinador ainda comandou outros quatro pa\u00edses: Kuwait, Paraguai, Aruba e Antilhas Holandesas, al\u00e9m da sele\u00e7\u00e3o americana de \u00e1guas abertas. Pussieldi tem passagens como comentarista de nata\u00e7\u00e3o do Grupo Globo e Swim Channel.\",\"url\":\"https:\/\/swimchannel.net\/br\/author\/alexpussieldi\/\"}]}<\/script>\n<!-- \/ Yoast SEO plugin. -->","yoast_head_json":{"title":"Detalhes do congresso t\u00e9cnico da nata\u00e7\u00e3o do Sul-Americano Juvenil - Swimchannel","robots":{"index":"index","follow":"follow","max-snippet":"max-snippet:-1","max-image-preview":"max-image-preview:large","max-video-preview":"max-video-preview:-1"},"canonical":"https:\/\/swimchannel.net\/br\/detalhes-do-congresso-tecnico-da-natacao-do-sul-americano-juvenil\/","og_locale":"pt_BR","og_type":"article","og_title":"Detalhes do congresso t\u00e9cnico da nata\u00e7\u00e3o do Sul-Americano Juvenil - Swimchannel","og_description":"Informa\u00e7\u00f5es coletadas por Nadador Sincero direto do evento: &nbsp; 1) Orienta\u00e7\u00f5es gerais para o domingo, \u00faltima etapa do Sul-Americano que tem conflito de hor\u00e1rio com a disputa do jogo Fluminense e Botafogo pelo Brasileir\u00e3o. Por quest\u00f5es de seguran\u00e7a dos atletas foi recomendado que todos entrem juntos para o aquecimento e deixem a estrutura do Parque [&hellip;]","og_url":"https:\/\/swimchannel.net\/br\/detalhes-do-congresso-tecnico-da-natacao-do-sul-americano-juvenil\/","og_site_name":"Swimchannel","article_publisher":"https:\/\/www.facebook.com\/swimchannel","article_published_time":"2025-09-24T12:50:05+00:00","og_image":[{"width":1600,"height":872,"url":"https:\/\/swimchannel.net\/br\/wp-content\/uploads\/2025\/09\/IMG-20250924-WA0009.jpg","type":"image\/jpeg"}],"author":"Alex Pussieldi","twitter_card":"summary_large_image","twitter_misc":{"Escrito por":"Alex Pussieldi","Est. tempo de leitura":"1 minuto"},"schema":{"@context":"https:\/\/schema.org","@graph":[{"@type":"Article","@id":"https:\/\/swimchannel.net\/br\/detalhes-do-congresso-tecnico-da-natacao-do-sul-americano-juvenil\/#article","isPartOf":{"@id":"https:\/\/swimchannel.net\/br\/detalhes-do-congresso-tecnico-da-natacao-do-sul-americano-juvenil\/"},"author":{"name":"Alex Pussieldi","@id":"https:\/\/swimchannel.net\/br\/#\/schema\/person\/cf549cb99cf75592fcf7c76213385e63"},"headline":"Detalhes do congresso t\u00e9cnico da nata\u00e7\u00e3o do Sul-Americano Juvenil","datePublished":"2025-09-24T12:50:05+00:00","mainEntityOfPage":{"@id":"https:\/\/swimchannel.net\/br\/detalhes-do-congresso-tecnico-da-natacao-do-sul-americano-juvenil\/"},"wordCount":211,"commentCount":1,"publisher":{"@id":"https:\/\/swimchannel.net\/br\/#organization"},"image":{"@id":"https:\/\/swimchannel.net\/br\/detalhes-do-congresso-tecnico-da-natacao-do-sul-americano-juvenil\/#primaryimage"},"thumbnailUrl":"https:\/\/swimchannel.net\/br\/wp-content\/uploads\/2025\/09\/IMG-20250924-WA0009.jpg","keywords":["Campeonato Sul-Americano Juvenil","natacao"],"articleSection":["Nata\u00e7\u00e3o","\u00daltimas Not\u00edcias"],"inLanguage":"pt-BR","potentialAction":[{"@type":"CommentAction","name":"Comment","target":["https:\/\/swimchannel.net\/br\/detalhes-do-congresso-tecnico-da-natacao-do-sul-americano-juvenil\/#respond"]}]},{"@type":"WebPage","@id":"https:\/\/swimchannel.net\/br\/detalhes-do-congresso-tecnico-da-natacao-do-sul-americano-juvenil\/","url":"https:\/\/swimchannel.net\/br\/detalhes-do-congresso-tecnico-da-natacao-do-sul-americano-juvenil\/","name":"Detalhes do congresso t\u00e9cnico da nata\u00e7\u00e3o do Sul-Americano Juvenil - Swimchannel","isPartOf":{"@id":"https:\/\/swimchannel.net\/br\/#website"},"primaryImageOfPage":{"@id":"https:\/\/swimchannel.net\/br\/detalhes-do-congresso-tecnico-da-natacao-do-sul-americano-juvenil\/#primaryimage"},"image":{"@id":"https:\/\/swimchannel.net\/br\/detalhes-do-congresso-tecnico-da-natacao-do-sul-americano-juvenil\/#primaryimage"},"thumbnailUrl":"https:\/\/swimchannel.net\/br\/wp-content\/uploads\/2025\/09\/IMG-20250924-WA0009.jpg","datePublished":"2025-09-24T12:50:05+00:00","breadcrumb":{"@id":"https:\/\/swimchannel.net\/br\/detalhes-do-congresso-tecnico-da-natacao-do-sul-americano-juvenil\/#breadcrumb"},"inLanguage":"pt-BR","potentialAction":[{"@type":"ReadAction","target":["https:\/\/swimchannel.net\/br\/detalhes-do-congresso-tecnico-da-natacao-do-sul-americano-juvenil\/"]}]},{"@type":"ImageObject","inLanguage":"pt-BR","@id":"https:\/\/swimchannel.net\/br\/detalhes-do-congresso-tecnico-da-natacao-do-sul-americano-juvenil\/#primaryimage","url":"https:\/\/swimchannel.net\/br\/wp-content\/uploads\/2025\/09\/IMG-20250924-WA0009.jpg","contentUrl":"https:\/\/swimchannel.net\/br\/wp-content\/uploads\/2025\/09\/IMG-20250924-WA0009.jpg","width":1600,"height":872},{"@type":"BreadcrumbList","@id":"https:\/\/swimchannel.net\/br\/detalhes-do-congresso-tecnico-da-natacao-do-sul-americano-juvenil\/#breadcrumb","itemListElement":[{"@type":"ListItem","position":1,"name":"Home","item":"https:\/\/swimchannel.net\/br\/"},{"@type":"ListItem","position":2,"name":"Detalhes do congresso t\u00e9cnico da nata\u00e7\u00e3o do Sul-Americano Juvenil"}]},{"@type":"WebSite","@id":"https:\/\/swimchannel.net\/br\/#website","url":"https:\/\/swimchannel.net\/br\/","name":"Swimchannel","description":"Maior portal de nata\u00e7\u00e3o da america latina","publisher":{"@id":"https:\/\/swimchannel.net\/br\/#organization"},"potentialAction":[{"@type":"SearchAction","target":{"@type":"EntryPoint","urlTemplate":"https:\/\/swimchannel.net\/br\/?s={search_term_string}"},"query-input":{"@type":"PropertyValueSpecification","valueRequired":true,"valueName":"search_term_string"}}],"inLanguage":"pt-BR"},{"@type":"Organization","@id":"https:\/\/swimchannel.net\/br\/#organization","name":"Swimchannel - Conectando voc\u00ea a Nata\u00e7\u00e3o","url":"https:\/\/swimchannel.net\/br\/","logo":{"@type":"ImageObject","inLanguage":"pt-BR","@id":"https:\/\/swimchannel.net\/br\/#\/schema\/logo\/image\/","url":"https:\/\/swimchannel.net\/br\/wp-content\/uploads\/2026\/02\/SWIM-CHANNEL.png","contentUrl":"https:\/\/swimchannel.net\/br\/wp-content\/uploads\/2026\/02\/SWIM-CHANNEL.png","width":1120,"height":630,"caption":"Swimchannel - Conectando voc\u00ea a Nata\u00e7\u00e3o"},"image":{"@id":"https:\/\/swimchannel.net\/br\/#\/schema\/logo\/image\/"},"sameAs":["https:\/\/www.facebook.com\/swimchannel","https:\/\/www.instagram.com\/swimchannel"]},{"@type":"Person","@id":"https:\/\/swimchannel.net\/br\/#\/schema\/person\/cf549cb99cf75592fcf7c76213385e63","name":"Alex Pussieldi","image":{"@type":"ImageObject","inLanguage":"pt-BR","@id":"https:\/\/swimchannel.net\/br\/#\/schema\/person\/image\/","url":"https:\/\/swimchannel.net\/br\/wp-content\/uploads\/2021\/02\/9b1c252d-a4bd-4eda-b399-24565cac4114-100x100.jpg","contentUrl":"https:\/\/swimchannel.net\/br\/wp-content\/uploads\/2021\/02\/9b1c252d-a4bd-4eda-b399-24565cac4114-100x100.jpg","caption":"Alex Pussieldi"},"description":"Alexandre Pussieldi, apelidado de \u201ccoach\u201d, Foi t\u00e9cnico da sele\u00e7\u00e3o verde e amarela nas Olimp\u00edadas de Pequim-2008 e Londres-2012. O treinador ainda comandou outros quatro pa\u00edses: Kuwait, Paraguai, Aruba e Antilhas Holandesas, al\u00e9m da sele\u00e7\u00e3o americana de \u00e1guas abertas. Pussieldi tem passagens como comentarista de nata\u00e7\u00e3o do Grupo Globo e Swim Channel.","url":"https:\/\/swimchannel.net\/br\/author\/alexpussieldi\/"}]}},"_links":{"self":[{"href":"https:\/\/swimchannel.net\/br\/wp-json\/wp\/v2\/posts\/76234","targetHints":{"allow":["GET"]}}],"collection":[{"href":"https:\/\/swimchannel.net\/br\/wp-json\/wp\/v2\/posts"}],"about":[{"href":"https:\/\/swimchannel.net\/br\/wp-json\/wp\/v2\/types\/post"}],"author":[{"embeddable":true,"href":"https:\/\/swimchannel.net\/br\/wp-json\/wp\/v2\/users\/12"}],"replies":[{"embeddable":true,"href":"https:\/\/swimchannel.net\/br\/wp-json\/wp\/v2\/comments?post=76234"}],"version-history":[{"count":2,"href":"https:\/\/swimchannel.net\/br\/wp-json\/wp\/v2\/posts\/76234\/revisions"}],"predecessor-version":[{"id":76237,"href":"https:\/\/swimchannel.net\/br\/wp-json\/wp\/v2\/posts\/76234\/revisions\/76237"}],"wp:featuredmedia":[{"embeddable":true,"href":"https:\/\/swimchannel.net\/br\/wp-json\/wp\/v2\/media\/76235"}],"wp:attachment":[{"href":"https:\/\/swimchannel.net\/br\/wp-json\/wp\/v2\/media?parent=76234"}],"wp:term":[{"taxonomy":"category","embeddable":true,"href":"https:\/\/swimchannel.net\/br\/wp-json\/wp\/v2\/categories?post=76234"},{"taxonomy":"post_tag","embeddable":true,"href":"https:\/\/swimchannel.net\/br\/wp-json\/wp\/v2\/tags?post=76234"}],"curies":[{"name":"wp","href":"https:\/\/api.w.org\/{rel}","templated":true}]}}