{"id":76266,"date":"2025-09-25T22:25:56","date_gmt":"2025-09-26T01:25:56","guid":{"rendered":"https:\/\/swimchannel.net\/br\/?p=76266"},"modified":"2025-09-25T22:25:56","modified_gmt":"2025-09-26T01:25:56","slug":"sul-americano-dia-2-vice-campeao-do-mundo-lucio-flavio-quebra-recorde-e-e-campeao-do-sul-americano","status":"publish","type":"post","link":"https:\/\/swimchannel.net\/br\/sul-americano-dia-2-vice-campeao-do-mundo-lucio-flavio-quebra-recorde-e-e-campeao-do-sul-americano\/","title":{"rendered":"Sul-Americano dia #2: Vice-campe\u00e3o do mundo, Lucio Fl\u00e1vio quebra recorde e \u00e9 campe\u00e3o do Sul-Americano"},"content":{"rendered":"<p><strong>(Rio de Janeiro, 25 de setembro de 2025)<\/strong>\u00a0Lucio Flavio Paula confirmou, nesta quinta-feira (25), o favoritismo nos 50m borboleta do Sul-Americano Juvenil de Esportes Aqu\u00e1ticos, disputado no Parque Aqu\u00e1tico Julio de Lamare, no Rio de Janeiro. O vice-campe\u00e3o do mundo na dist\u00e2ncia conquistou o ouro e com recorde de campeonato com 23.90.<\/p>\n<p><a href=\"https:\/\/www.flickr.com\/photos\/157106473@N06\/albums\/72177720329158547\/\" target=\"_blank\" rel=\"noopener\">+ Veja todas as fotos dos brasileiros<\/a><\/p>\n<p>Especialista na prova, Lucio Flavio come\u00e7ou a brilhar j\u00e1 pela manh\u00e3, quando obteve o melhor tempo das eliminat\u00f3rias com 24.06. Na final, ele nadou ainda mais r\u00e1pido para estabelecer a nova marca do Campeonato e conquistar sua segunda medalha de ouro no Sul-Americano deste ano &#8211; ele fez parte do revezamento 4x100m livre que conquistou o ouro na \u00faltima quarta-feira (24). Gabriel Machuco conquistou o bronze tamb\u00e9m nos 50m borboleta.<\/p>\n<p><img decoding=\"async\" src=\"https:\/\/sge-aquaticos.bigmidia.com\/_uploadsGestorArquivos\/1\/WhatsApp_Image_2025-09-25_at_17.38.16_1.jpg\" alt=\"\" width=\"1280\" \/><\/p>\n<p>A Nata\u00e7\u00e3o brasileira tamb\u00e9m quebrou outros dois recordes com Renata Moreira (50m borboleta), Lucas D\u00e9 (400m livre) e com o revezamento 4x100m medley misto junior B. Veja todos os resultados ao fim do texto.<\/p>\n<p><img decoding=\"async\" src=\"https:\/\/sge-aquaticos.bigmidia.com\/_uploadsGestorArquivos\/1\/WhatsApp_Image_2025-09-25_at_19.03.18.jpg\" alt=\"\" width=\"1280\" \/><\/p>\n<p>Nado Art\u00edstico<\/p>\n<p>A sele\u00e7\u00e3o brasileira de Nado Art\u00edstico tamb\u00e9m voltou ao p\u00f3dio neste segundo dia de competi\u00e7\u00e3o no Rio de Janeiro. Foram duas pratas e um bronze conquistadas pelo dueto feminino (Eduarda Chagas e Hanna Sukmann) , dueto misto (Hannah Sukmann e Bernardo Barreto) e solo masculino (Samuel dos Santos), respectivamente.<span class=\"Apple-converted-space\">\u00a0<\/span><\/p>\n<p><img decoding=\"async\" src=\"https:\/\/sge-aquaticos.bigmidia.com\/_uploadsGestorArquivos\/1\/54810839352_4cf2c6fc1c_k_2.jpg\" alt=\"\" width=\"1280\" \/><\/p>\n<p>Ao todo, o Brasil chega a 46 medalhas no Sul-Americano de Esportes Aqu\u00e1ticos. A competi\u00e7\u00e3o continua nesta sexta-feira, a partir das 9h, com as eliminat\u00f3rias da Nata\u00e7\u00e3o, a disputa do Nado Art\u00edstico e as finais da Nata\u00e7\u00e3o.<\/p>\n<p><strong>Veja os resultados dos brasileiros<\/strong><\/p>\n<p>50m Borboleta \u2013 Juvenil A Feminino<br \/>\n1\u00ba Renata Branchi Moreira &#8211; 27.48 (RC)<br \/>\n3\u00ba Gabriela Ferreira &#8211; 28.87<\/p>\n<p>50m Borboleta \u2013 Juvenil A Masculino<br \/>\n4\u00ba Felipe Fernandes Teixeira &#8211; 26.02<br \/>\n7\u00ba Lucca Sfalsin &#8211; 26.44<\/p>\n<p>50m Borboleta \u2013 Juvenil B Feminino<br \/>\n1\u00ba Joice Otero Rocha &#8211; 27.21<br \/>\n4\u00ba Ana J\u00falia Amaral &#8211; 27.67<\/p>\n<p>50m Borboleta \u2013 Juvenil B Masculino<br \/>\n1\u00ba L\u00facio Fl\u00e1vio de Paula Filho &#8211; 23.90 (RC)<br \/>\n3\u00ba Gabriel Nunes Machuco &#8211; 24.39<\/p>\n<p>200m Costas \u2013 Juvenil A Feminino<br \/>\n2\u00ba Juliana Domanico &#8211; 2:20.37<br \/>\n6\u00ba Adriana Franciscani &#8211; 2:30.91<\/p>\n<p>200m Costas \u2013 Juvenil A Masculino<br \/>\n2\u00ba Fabio Viana &#8211; 2:09.61<\/p>\n<p>200m Costas \u2013 Juvenil B Feminino<br \/>\n4\u00ba Helena Napolitano Reis &#8211; 2:21.31<br \/>\n6\u00ba Sophia Penteriche Marques &#8211; 2:25.09<\/p>\n<p>200m Costas \u2013 Juvenil B Masculino<br \/>\n1\u00ba Davi Vallim Costa de Carvalho &#8211; 2:02.67<br \/>\n5\u00ba Pedro Henrique Medrado &#8211; 2:07.16<\/p>\n<p>400m Livre \u2013 Juvenil A Feminino<br \/>\n1\u00ba Manuela Balera &#8211; 4:32.14<br \/>\n3\u00ba Isadora Assis Vasconcellos &#8211; 4:33.12<\/p>\n<p>400m Livre \u2013 Juvenil A Masculino<br \/>\n1\u00ba Lucas D\u00e9 &#8211; 3:56.69<br \/>\n6\u00ba Pedro Alberto Pesciotto &#8211; 4:10.78<\/p>\n<p>400m Livre \u2013 Juvenil B Feminino<br \/>\n3\u00ba Manuela Scaldini &#8211; 4:19.38<br \/>\n6\u00ba Julia Leal Ariosa &#8211; 4:27.76<\/p>\n<p>400m Livre \u2013 Juvenil B Masculino<br \/>\n1\u00ba Guilherme Escudero &#8211; 3:56.04<br \/>\n2\u00ba Bruno Primerano &#8211; 4:00.07<\/p>\n<p>Revezamento 4x100m Medley Misto \u2013 Juvenil A<br \/>\n1\u00ba Brasil &#8211; 4:05.72<\/p>\n<p>Revezamento 4x100m Medley Misto \u2013 Juvenil B<br \/>\n1\u00ba Brasil &#8211; 3:54.80 (RC)<\/p>\n<p>Nado Art\u00edstico<\/p>\n<p>Dueto t\u00e9cnico feminino Junior<br \/>\n2\u00ba Eduarda Chagas e Hanna Sukmann &#8211; 227.0967<\/p>\n<p>Solo livre masculino Junior<br \/>\n3\u00ba Samuel dos Santos &#8211; 245.5926<\/p>\n<p>Dueto misto t\u00e9cnico Junior<br \/>\n2\u00ba Hannah Sukmann e Bernardo Barreto &#8211; 171.5883<\/p>\n<p>&nbsp;<\/p>\n<p>Fonte CBDA<\/p>\n<p>Mat\u00e9ria original: <a href=\"https:\/\/www.cbda.org.br\/noticia\/21214\/sul-americano-dia-2-vice-campeao-do-mundo-lucio-flavio-quebra-recorde-e-e-campeao-do-sul-americano\">https:\/\/www.cbda.org.br\/noticia\/21214\/sul-americano-dia-2-vice-campeao-do-mundo-lucio-flavio-quebra-recorde-e-e-campeao-do-sul-americano<\/a><\/p>\n<p>&nbsp;<\/p>\n<p>Gostaria de receber as not\u00edcias de nata\u00e7\u00e3o e \u00e1guas abertas no seu email?<\/p>\n<p><a href=\"https:\/\/lpa.nitro.news\/n-GNe\/ultimas-noticias-swim-channel\">Cadastre-se aqui<\/a><\/p>\n","protected":false},"excerpt":{"rendered":"<p>(Rio de Janeiro, 25 de setembro de 2025)\u00a0Lucio Flavio Paula confirmou, nesta quinta-feira (25), o favoritismo nos 50m borboleta do Sul-Americano Juvenil de Esportes Aqu\u00e1ticos, disputado no Parque Aqu\u00e1tico Julio de Lamare, no Rio de Janeiro. O vice-campe\u00e3o do mundo na dist\u00e2ncia conquistou o ouro e com recorde de campeonato com 23.90. + Veja todas [&hellip;]<\/p>\n","protected":false},"author":2,"featured_media":76267,"comment_status":"open","ping_status":"open","sticky":false,"template":"","format":"standard","meta":{"footnotes":""},"categories":[137,2576],"tags":[1606,5],"class_list":["post-76266","post","type-post","status-publish","format-standard","has-post-thumbnail","hentry","category-natacao","category-ultimas-noticias","tag-campeonato-sul-americano-juvenil","tag-natacao"],"yoast_head":"<!-- This site is optimized with the Yoast SEO plugin v27.0 - https:\/\/yoast.com\/product\/yoast-seo-wordpress\/ -->\n<title>Sul-Americano dia #2: Vice-campe\u00e3o do mundo, Lucio Fl\u00e1vio quebra recorde e \u00e9 campe\u00e3o do Sul-Americano - Swimchannel<\/title>\n<meta name=\"robots\" content=\"index, follow, max-snippet:-1, max-image-preview:large, max-video-preview:-1\" \/>\n<link rel=\"canonical\" href=\"https:\/\/swimchannel.net\/br\/sul-americano-dia-2-vice-campeao-do-mundo-lucio-flavio-quebra-recorde-e-e-campeao-do-sul-americano\/\" \/>\n<meta property=\"og:locale\" content=\"pt_BR\" \/>\n<meta property=\"og:type\" content=\"article\" \/>\n<meta property=\"og:title\" content=\"Sul-Americano dia #2: Vice-campe\u00e3o do mundo, Lucio Fl\u00e1vio quebra recorde e \u00e9 campe\u00e3o do Sul-Americano - Swimchannel\" \/>\n<meta property=\"og:description\" content=\"(Rio de Janeiro, 25 de setembro de 2025)\u00a0Lucio Flavio Paula confirmou, nesta quinta-feira (25), o favoritismo nos 50m borboleta do Sul-Americano Juvenil de Esportes Aqu\u00e1ticos, disputado no Parque Aqu\u00e1tico Julio de Lamare, no Rio de Janeiro. O vice-campe\u00e3o do mundo na dist\u00e2ncia conquistou o ouro e com recorde de campeonato com 23.90. + Veja todas [&hellip;]\" \/>\n<meta property=\"og:url\" content=\"https:\/\/swimchannel.net\/br\/sul-americano-dia-2-vice-campeao-do-mundo-lucio-flavio-quebra-recorde-e-e-campeao-do-sul-americano\/\" \/>\n<meta property=\"og:site_name\" content=\"Swimchannel\" \/>\n<meta property=\"article:publisher\" content=\"https:\/\/www.facebook.com\/swimchannel\" \/>\n<meta property=\"article:published_time\" content=\"2025-09-26T01:25:56+00:00\" \/>\n<meta property=\"og:image\" content=\"https:\/\/swimchannel.net\/br\/wp-content\/uploads\/2025\/09\/ntc_1758841303.jpeg\" \/>\n\t<meta property=\"og:image:width\" content=\"1500\" \/>\n\t<meta property=\"og:image:height\" content=\"963\" \/>\n\t<meta property=\"og:image:type\" content=\"image\/jpeg\" \/>\n<meta name=\"author\" content=\"SwimChannel\" \/>\n<meta name=\"twitter:card\" content=\"summary_large_image\" \/>\n<meta name=\"twitter:label1\" content=\"Escrito por\" \/>\n\t<meta name=\"twitter:data1\" content=\"SwimChannel\" \/>\n\t<meta name=\"twitter:label2\" content=\"Est. tempo de leitura\" \/>\n\t<meta name=\"twitter:data2\" content=\"3 minutos\" \/>\n<script type=\"application\/ld+json\" class=\"yoast-schema-graph\">{\"@context\":\"https:\/\/schema.org\",\"@graph\":[{\"@type\":\"Article\",\"@id\":\"https:\/\/swimchannel.net\/br\/sul-americano-dia-2-vice-campeao-do-mundo-lucio-flavio-quebra-recorde-e-e-campeao-do-sul-americano\/#article\",\"isPartOf\":{\"@id\":\"https:\/\/swimchannel.net\/br\/sul-americano-dia-2-vice-campeao-do-mundo-lucio-flavio-quebra-recorde-e-e-campeao-do-sul-americano\/\"},\"author\":{\"name\":\"SwimChannel\",\"@id\":\"https:\/\/swimchannel.net\/br\/#\/schema\/person\/8b903436c3c0b427a4ec3402a0579c30\"},\"headline\":\"Sul-Americano dia #2: Vice-campe\u00e3o do mundo, Lucio Fl\u00e1vio quebra recorde e \u00e9 campe\u00e3o do Sul-Americano\",\"datePublished\":\"2025-09-26T01:25:56+00:00\",\"mainEntityOfPage\":{\"@id\":\"https:\/\/swimchannel.net\/br\/sul-americano-dia-2-vice-campeao-do-mundo-lucio-flavio-quebra-recorde-e-e-campeao-do-sul-americano\/\"},\"wordCount\":523,\"commentCount\":0,\"publisher\":{\"@id\":\"https:\/\/swimchannel.net\/br\/#organization\"},\"image\":{\"@id\":\"https:\/\/swimchannel.net\/br\/sul-americano-dia-2-vice-campeao-do-mundo-lucio-flavio-quebra-recorde-e-e-campeao-do-sul-americano\/#primaryimage\"},\"thumbnailUrl\":\"https:\/\/swimchannel.net\/br\/wp-content\/uploads\/2025\/09\/ntc_1758841303.jpeg\",\"keywords\":[\"Campeonato Sul-Americano Juvenil\",\"natacao\"],\"articleSection\":[\"Nata\u00e7\u00e3o\",\"\u00daltimas Not\u00edcias\"],\"inLanguage\":\"pt-BR\",\"potentialAction\":[{\"@type\":\"CommentAction\",\"name\":\"Comment\",\"target\":[\"https:\/\/swimchannel.net\/br\/sul-americano-dia-2-vice-campeao-do-mundo-lucio-flavio-quebra-recorde-e-e-campeao-do-sul-americano\/#respond\"]}]},{\"@type\":\"WebPage\",\"@id\":\"https:\/\/swimchannel.net\/br\/sul-americano-dia-2-vice-campeao-do-mundo-lucio-flavio-quebra-recorde-e-e-campeao-do-sul-americano\/\",\"url\":\"https:\/\/swimchannel.net\/br\/sul-americano-dia-2-vice-campeao-do-mundo-lucio-flavio-quebra-recorde-e-e-campeao-do-sul-americano\/\",\"name\":\"Sul-Americano dia #2: Vice-campe\u00e3o do mundo, Lucio Fl\u00e1vio quebra recorde e \u00e9 campe\u00e3o do Sul-Americano - Swimchannel\",\"isPartOf\":{\"@id\":\"https:\/\/swimchannel.net\/br\/#website\"},\"primaryImageOfPage\":{\"@id\":\"https:\/\/swimchannel.net\/br\/sul-americano-dia-2-vice-campeao-do-mundo-lucio-flavio-quebra-recorde-e-e-campeao-do-sul-americano\/#primaryimage\"},\"image\":{\"@id\":\"https:\/\/swimchannel.net\/br\/sul-americano-dia-2-vice-campeao-do-mundo-lucio-flavio-quebra-recorde-e-e-campeao-do-sul-americano\/#primaryimage\"},\"thumbnailUrl\":\"https:\/\/swimchannel.net\/br\/wp-content\/uploads\/2025\/09\/ntc_1758841303.jpeg\",\"datePublished\":\"2025-09-26T01:25:56+00:00\",\"breadcrumb\":{\"@id\":\"https:\/\/swimchannel.net\/br\/sul-americano-dia-2-vice-campeao-do-mundo-lucio-flavio-quebra-recorde-e-e-campeao-do-sul-americano\/#breadcrumb\"},\"inLanguage\":\"pt-BR\",\"potentialAction\":[{\"@type\":\"ReadAction\",\"target\":[\"https:\/\/swimchannel.net\/br\/sul-americano-dia-2-vice-campeao-do-mundo-lucio-flavio-quebra-recorde-e-e-campeao-do-sul-americano\/\"]}]},{\"@type\":\"ImageObject\",\"inLanguage\":\"pt-BR\",\"@id\":\"https:\/\/swimchannel.net\/br\/sul-americano-dia-2-vice-campeao-do-mundo-lucio-flavio-quebra-recorde-e-e-campeao-do-sul-americano\/#primaryimage\",\"url\":\"https:\/\/swimchannel.net\/br\/wp-content\/uploads\/2025\/09\/ntc_1758841303.jpeg\",\"contentUrl\":\"https:\/\/swimchannel.net\/br\/wp-content\/uploads\/2025\/09\/ntc_1758841303.jpeg\",\"width\":1500,\"height\":963},{\"@type\":\"BreadcrumbList\",\"@id\":\"https:\/\/swimchannel.net\/br\/sul-americano-dia-2-vice-campeao-do-mundo-lucio-flavio-quebra-recorde-e-e-campeao-do-sul-americano\/#breadcrumb\",\"itemListElement\":[{\"@type\":\"ListItem\",\"position\":1,\"name\":\"Home\",\"item\":\"https:\/\/swimchannel.net\/br\/\"},{\"@type\":\"ListItem\",\"position\":2,\"name\":\"Sul-Americano dia #2: Vice-campe\u00e3o do mundo, Lucio Fl\u00e1vio quebra recorde e \u00e9 campe\u00e3o do Sul-Americano\"}]},{\"@type\":\"WebSite\",\"@id\":\"https:\/\/swimchannel.net\/br\/#website\",\"url\":\"https:\/\/swimchannel.net\/br\/\",\"name\":\"Swimchannel\",\"description\":\"Maior portal de nata\u00e7\u00e3o da america latina\",\"publisher\":{\"@id\":\"https:\/\/swimchannel.net\/br\/#organization\"},\"potentialAction\":[{\"@type\":\"SearchAction\",\"target\":{\"@type\":\"EntryPoint\",\"urlTemplate\":\"https:\/\/swimchannel.net\/br\/?s={search_term_string}\"},\"query-input\":{\"@type\":\"PropertyValueSpecification\",\"valueRequired\":true,\"valueName\":\"search_term_string\"}}],\"inLanguage\":\"pt-BR\"},{\"@type\":\"Organization\",\"@id\":\"https:\/\/swimchannel.net\/br\/#organization\",\"name\":\"Swimchannel - Conectando voc\u00ea a Nata\u00e7\u00e3o\",\"url\":\"https:\/\/swimchannel.net\/br\/\",\"logo\":{\"@type\":\"ImageObject\",\"inLanguage\":\"pt-BR\",\"@id\":\"https:\/\/swimchannel.net\/br\/#\/schema\/logo\/image\/\",\"url\":\"https:\/\/swimchannel.net\/br\/wp-content\/uploads\/2026\/02\/SWIM-CHANNEL.png\",\"contentUrl\":\"https:\/\/swimchannel.net\/br\/wp-content\/uploads\/2026\/02\/SWIM-CHANNEL.png\",\"width\":1120,\"height\":630,\"caption\":\"Swimchannel - Conectando voc\u00ea a Nata\u00e7\u00e3o\"},\"image\":{\"@id\":\"https:\/\/swimchannel.net\/br\/#\/schema\/logo\/image\/\"},\"sameAs\":[\"https:\/\/www.facebook.com\/swimchannel\",\"https:\/\/www.instagram.com\/swimchannel\"]},{\"@type\":\"Person\",\"@id\":\"https:\/\/swimchannel.net\/br\/#\/schema\/person\/8b903436c3c0b427a4ec3402a0579c30\",\"name\":\"SwimChannel\",\"image\":{\"@type\":\"ImageObject\",\"inLanguage\":\"pt-BR\",\"@id\":\"https:\/\/swimchannel.net\/br\/#\/schema\/person\/image\/\",\"url\":\"https:\/\/swimchannel.net\/br\/wp-content\/uploads\/2021\/03\/SWIM-CHANNEL_JPG22-100x100.jpg\",\"contentUrl\":\"https:\/\/swimchannel.net\/br\/wp-content\/uploads\/2021\/03\/SWIM-CHANNEL_JPG22-100x100.jpg\",\"caption\":\"SwimChannel\"},\"url\":\"https:\/\/swimchannel.net\/br\/author\/swimchanneladmin\/\"}]}<\/script>\n<!-- \/ Yoast SEO plugin. -->","yoast_head_json":{"title":"Sul-Americano dia #2: Vice-campe\u00e3o do mundo, Lucio Fl\u00e1vio quebra recorde e \u00e9 campe\u00e3o do Sul-Americano - Swimchannel","robots":{"index":"index","follow":"follow","max-snippet":"max-snippet:-1","max-image-preview":"max-image-preview:large","max-video-preview":"max-video-preview:-1"},"canonical":"https:\/\/swimchannel.net\/br\/sul-americano-dia-2-vice-campeao-do-mundo-lucio-flavio-quebra-recorde-e-e-campeao-do-sul-americano\/","og_locale":"pt_BR","og_type":"article","og_title":"Sul-Americano dia #2: Vice-campe\u00e3o do mundo, Lucio Fl\u00e1vio quebra recorde e \u00e9 campe\u00e3o do Sul-Americano - Swimchannel","og_description":"(Rio de Janeiro, 25 de setembro de 2025)\u00a0Lucio Flavio Paula confirmou, nesta quinta-feira (25), o favoritismo nos 50m borboleta do Sul-Americano Juvenil de Esportes Aqu\u00e1ticos, disputado no Parque Aqu\u00e1tico Julio de Lamare, no Rio de Janeiro. O vice-campe\u00e3o do mundo na dist\u00e2ncia conquistou o ouro e com recorde de campeonato com 23.90. + Veja todas [&hellip;]","og_url":"https:\/\/swimchannel.net\/br\/sul-americano-dia-2-vice-campeao-do-mundo-lucio-flavio-quebra-recorde-e-e-campeao-do-sul-americano\/","og_site_name":"Swimchannel","article_publisher":"https:\/\/www.facebook.com\/swimchannel","article_published_time":"2025-09-26T01:25:56+00:00","og_image":[{"width":1500,"height":963,"url":"https:\/\/swimchannel.net\/br\/wp-content\/uploads\/2025\/09\/ntc_1758841303.jpeg","type":"image\/jpeg"}],"author":"SwimChannel","twitter_card":"summary_large_image","twitter_misc":{"Escrito por":"SwimChannel","Est. tempo de leitura":"3 minutos"},"schema":{"@context":"https:\/\/schema.org","@graph":[{"@type":"Article","@id":"https:\/\/swimchannel.net\/br\/sul-americano-dia-2-vice-campeao-do-mundo-lucio-flavio-quebra-recorde-e-e-campeao-do-sul-americano\/#article","isPartOf":{"@id":"https:\/\/swimchannel.net\/br\/sul-americano-dia-2-vice-campeao-do-mundo-lucio-flavio-quebra-recorde-e-e-campeao-do-sul-americano\/"},"author":{"name":"SwimChannel","@id":"https:\/\/swimchannel.net\/br\/#\/schema\/person\/8b903436c3c0b427a4ec3402a0579c30"},"headline":"Sul-Americano dia #2: Vice-campe\u00e3o do mundo, Lucio Fl\u00e1vio quebra recorde e \u00e9 campe\u00e3o do Sul-Americano","datePublished":"2025-09-26T01:25:56+00:00","mainEntityOfPage":{"@id":"https:\/\/swimchannel.net\/br\/sul-americano-dia-2-vice-campeao-do-mundo-lucio-flavio-quebra-recorde-e-e-campeao-do-sul-americano\/"},"wordCount":523,"commentCount":0,"publisher":{"@id":"https:\/\/swimchannel.net\/br\/#organization"},"image":{"@id":"https:\/\/swimchannel.net\/br\/sul-americano-dia-2-vice-campeao-do-mundo-lucio-flavio-quebra-recorde-e-e-campeao-do-sul-americano\/#primaryimage"},"thumbnailUrl":"https:\/\/swimchannel.net\/br\/wp-content\/uploads\/2025\/09\/ntc_1758841303.jpeg","keywords":["Campeonato Sul-Americano Juvenil","natacao"],"articleSection":["Nata\u00e7\u00e3o","\u00daltimas Not\u00edcias"],"inLanguage":"pt-BR","potentialAction":[{"@type":"CommentAction","name":"Comment","target":["https:\/\/swimchannel.net\/br\/sul-americano-dia-2-vice-campeao-do-mundo-lucio-flavio-quebra-recorde-e-e-campeao-do-sul-americano\/#respond"]}]},{"@type":"WebPage","@id":"https:\/\/swimchannel.net\/br\/sul-americano-dia-2-vice-campeao-do-mundo-lucio-flavio-quebra-recorde-e-e-campeao-do-sul-americano\/","url":"https:\/\/swimchannel.net\/br\/sul-americano-dia-2-vice-campeao-do-mundo-lucio-flavio-quebra-recorde-e-e-campeao-do-sul-americano\/","name":"Sul-Americano dia #2: Vice-campe\u00e3o do mundo, Lucio Fl\u00e1vio quebra recorde e \u00e9 campe\u00e3o do Sul-Americano - Swimchannel","isPartOf":{"@id":"https:\/\/swimchannel.net\/br\/#website"},"primaryImageOfPage":{"@id":"https:\/\/swimchannel.net\/br\/sul-americano-dia-2-vice-campeao-do-mundo-lucio-flavio-quebra-recorde-e-e-campeao-do-sul-americano\/#primaryimage"},"image":{"@id":"https:\/\/swimchannel.net\/br\/sul-americano-dia-2-vice-campeao-do-mundo-lucio-flavio-quebra-recorde-e-e-campeao-do-sul-americano\/#primaryimage"},"thumbnailUrl":"https:\/\/swimchannel.net\/br\/wp-content\/uploads\/2025\/09\/ntc_1758841303.jpeg","datePublished":"2025-09-26T01:25:56+00:00","breadcrumb":{"@id":"https:\/\/swimchannel.net\/br\/sul-americano-dia-2-vice-campeao-do-mundo-lucio-flavio-quebra-recorde-e-e-campeao-do-sul-americano\/#breadcrumb"},"inLanguage":"pt-BR","potentialAction":[{"@type":"ReadAction","target":["https:\/\/swimchannel.net\/br\/sul-americano-dia-2-vice-campeao-do-mundo-lucio-flavio-quebra-recorde-e-e-campeao-do-sul-americano\/"]}]},{"@type":"ImageObject","inLanguage":"pt-BR","@id":"https:\/\/swimchannel.net\/br\/sul-americano-dia-2-vice-campeao-do-mundo-lucio-flavio-quebra-recorde-e-e-campeao-do-sul-americano\/#primaryimage","url":"https:\/\/swimchannel.net\/br\/wp-content\/uploads\/2025\/09\/ntc_1758841303.jpeg","contentUrl":"https:\/\/swimchannel.net\/br\/wp-content\/uploads\/2025\/09\/ntc_1758841303.jpeg","width":1500,"height":963},{"@type":"BreadcrumbList","@id":"https:\/\/swimchannel.net\/br\/sul-americano-dia-2-vice-campeao-do-mundo-lucio-flavio-quebra-recorde-e-e-campeao-do-sul-americano\/#breadcrumb","itemListElement":[{"@type":"ListItem","position":1,"name":"Home","item":"https:\/\/swimchannel.net\/br\/"},{"@type":"ListItem","position":2,"name":"Sul-Americano dia #2: Vice-campe\u00e3o do mundo, Lucio Fl\u00e1vio quebra recorde e \u00e9 campe\u00e3o do Sul-Americano"}]},{"@type":"WebSite","@id":"https:\/\/swimchannel.net\/br\/#website","url":"https:\/\/swimchannel.net\/br\/","name":"Swimchannel","description":"Maior portal de nata\u00e7\u00e3o da america latina","publisher":{"@id":"https:\/\/swimchannel.net\/br\/#organization"},"potentialAction":[{"@type":"SearchAction","target":{"@type":"EntryPoint","urlTemplate":"https:\/\/swimchannel.net\/br\/?s={search_term_string}"},"query-input":{"@type":"PropertyValueSpecification","valueRequired":true,"valueName":"search_term_string"}}],"inLanguage":"pt-BR"},{"@type":"Organization","@id":"https:\/\/swimchannel.net\/br\/#organization","name":"Swimchannel - Conectando voc\u00ea a Nata\u00e7\u00e3o","url":"https:\/\/swimchannel.net\/br\/","logo":{"@type":"ImageObject","inLanguage":"pt-BR","@id":"https:\/\/swimchannel.net\/br\/#\/schema\/logo\/image\/","url":"https:\/\/swimchannel.net\/br\/wp-content\/uploads\/2026\/02\/SWIM-CHANNEL.png","contentUrl":"https:\/\/swimchannel.net\/br\/wp-content\/uploads\/2026\/02\/SWIM-CHANNEL.png","width":1120,"height":630,"caption":"Swimchannel - Conectando voc\u00ea a Nata\u00e7\u00e3o"},"image":{"@id":"https:\/\/swimchannel.net\/br\/#\/schema\/logo\/image\/"},"sameAs":["https:\/\/www.facebook.com\/swimchannel","https:\/\/www.instagram.com\/swimchannel"]},{"@type":"Person","@id":"https:\/\/swimchannel.net\/br\/#\/schema\/person\/8b903436c3c0b427a4ec3402a0579c30","name":"SwimChannel","image":{"@type":"ImageObject","inLanguage":"pt-BR","@id":"https:\/\/swimchannel.net\/br\/#\/schema\/person\/image\/","url":"https:\/\/swimchannel.net\/br\/wp-content\/uploads\/2021\/03\/SWIM-CHANNEL_JPG22-100x100.jpg","contentUrl":"https:\/\/swimchannel.net\/br\/wp-content\/uploads\/2021\/03\/SWIM-CHANNEL_JPG22-100x100.jpg","caption":"SwimChannel"},"url":"https:\/\/swimchannel.net\/br\/author\/swimchanneladmin\/"}]}},"_links":{"self":[{"href":"https:\/\/swimchannel.net\/br\/wp-json\/wp\/v2\/posts\/76266","targetHints":{"allow":["GET"]}}],"collection":[{"href":"https:\/\/swimchannel.net\/br\/wp-json\/wp\/v2\/posts"}],"about":[{"href":"https:\/\/swimchannel.net\/br\/wp-json\/wp\/v2\/types\/post"}],"author":[{"embeddable":true,"href":"https:\/\/swimchannel.net\/br\/wp-json\/wp\/v2\/users\/2"}],"replies":[{"embeddable":true,"href":"https:\/\/swimchannel.net\/br\/wp-json\/wp\/v2\/comments?post=76266"}],"version-history":[{"count":1,"href":"https:\/\/swimchannel.net\/br\/wp-json\/wp\/v2\/posts\/76266\/revisions"}],"predecessor-version":[{"id":76268,"href":"https:\/\/swimchannel.net\/br\/wp-json\/wp\/v2\/posts\/76266\/revisions\/76268"}],"wp:featuredmedia":[{"embeddable":true,"href":"https:\/\/swimchannel.net\/br\/wp-json\/wp\/v2\/media\/76267"}],"wp:attachment":[{"href":"https:\/\/swimchannel.net\/br\/wp-json\/wp\/v2\/media?parent=76266"}],"wp:term":[{"taxonomy":"category","embeddable":true,"href":"https:\/\/swimchannel.net\/br\/wp-json\/wp\/v2\/categories?post=76266"},{"taxonomy":"post_tag","embeddable":true,"href":"https:\/\/swimchannel.net\/br\/wp-json\/wp\/v2\/tags?post=76266"}],"curies":[{"name":"wp","href":"https:\/\/api.w.org\/{rel}","templated":true}]}}