{"id":76276,"date":"2025-09-27T13:57:12","date_gmt":"2025-09-27T16:57:12","guid":{"rendered":"https:\/\/swimchannel.net\/br\/?p=76276"},"modified":"2025-10-03T12:45:41","modified_gmt":"2025-10-03T15:45:41","slug":"sesc-rj-apoia-o-rei-e-rainha-do-mar-do-leblon-e-leva-alunos-da-natacao-pela-primeira-vez-para-disputar-em-aguas-abertas","status":"publish","type":"post","link":"https:\/\/swimchannel.net\/br\/sesc-rj-apoia-o-rei-e-rainha-do-mar-do-leblon-e-leva-alunos-da-natacao-pela-primeira-vez-para-disputar-em-aguas-abertas\/","title":{"rendered":"Sesc RJ apoia o Rei e Rainha do Mar do Leblon e leva alunos da nata\u00e7\u00e3o pela primeira vez para disputar em \u00e1guas abertas"},"content":{"rendered":"<p class=\"v1v1xmsonormal\"><strong>RIO DE JANEIRO\u00a0<\/strong>\u2013 O Sesc RJ \u00e9 um dos apoiadores do Rei e Rainha do Mar, cuja pr\u00f3xima etapa \u2013 Leblon \u2013 acontece neste domingo (28). Reconhecido pela sua forte atua\u00e7\u00e3o no ensino da nata\u00e7\u00e3o \u2014 atualmente com mais de 600 alunos matriculados em 11 unidades do estado \u2014 a institui\u00e7\u00e3o refor\u00e7a sua presen\u00e7a em iniciativas que estimulam a pr\u00e1tica esportiva, o bem-estar e a integra\u00e7\u00e3o social.<\/p>\n<p class=\"v1v1xmsonormal\">A etapa do Leblon do Rei e Rainha do Mar, apresentada pela Shell, oferece 14 provas, sendo o \u00fanico evento do segmento a promover nove provas em formato de travessia. As dist\u00e2ncias come\u00e7am em 200m (crian\u00e7as) e v\u00e3o at\u00e9 10k na nata\u00e7\u00e3o e 300m at\u00e9 4k na corrida. O Super Challenge 10k \u00e9 uma prova in\u00e9dita, cuja largada ser\u00e1 na Praia Vermelha, na Urca, e a chegada no Posto 12, no Leblon.<\/p>\n<figure id=\"attachment_76278\" aria-describedby=\"caption-attachment-76278\" style=\"width: 1201px\" class=\"wp-caption alignnone\"><img loading=\"lazy\" decoding=\"async\" class=\"wp-image-76278 size-large\" src=\"https:\/\/swimchannel.net\/br\/wp-content\/uploads\/2025\/09\/RRM-12_Creditos-Neto-Ilha-Bela_Effect-Sport-1201x800.jpg\" alt=\"\" width=\"1201\" height=\"800\" srcset=\"https:\/\/swimchannel.net\/br\/wp-content\/uploads\/2025\/09\/RRM-12_Creditos-Neto-Ilha-Bela_Effect-Sport-1201x800.jpg 1201w, https:\/\/swimchannel.net\/br\/wp-content\/uploads\/2025\/09\/RRM-12_Creditos-Neto-Ilha-Bela_Effect-Sport-1014x675.jpg 1014w, https:\/\/swimchannel.net\/br\/wp-content\/uploads\/2025\/09\/RRM-12_Creditos-Neto-Ilha-Bela_Effect-Sport-270x180.jpg 270w, https:\/\/swimchannel.net\/br\/wp-content\/uploads\/2025\/09\/RRM-12_Creditos-Neto-Ilha-Bela_Effect-Sport-768x511.jpg 768w, https:\/\/swimchannel.net\/br\/wp-content\/uploads\/2025\/09\/RRM-12_Creditos-Neto-Ilha-Bela_Effect-Sport-750x500.jpg 750w, https:\/\/swimchannel.net\/br\/wp-content\/uploads\/2025\/09\/RRM-12_Creditos-Neto-Ilha-Bela_Effect-Sport-1140x759.jpg 1140w, https:\/\/swimchannel.net\/br\/wp-content\/uploads\/2025\/09\/RRM-12_Creditos-Neto-Ilha-Bela_Effect-Sport.jpg 1500w\" sizes=\"auto, (max-width: 1201px) 100vw, 1201px\" \/><figcaption id=\"caption-attachment-76278\" class=\"wp-caption-text\">Foto: Neto Ilha Bela<\/figcaption><\/figure>\n<p class=\"v1v1xmsonormal\"><strong>Estreia em \u00e1guas abertas<\/strong><\/p>\n<p class=\"v1v1xmsonormal\">Pela primeira vez, alunos de nata\u00e7\u00e3o do Sesc RJ \u2014 das unidades Tijuca e Ramos \u2014 v\u00e3o participar de provas em \u00e1guas abertas, com destaque para a dist\u00e2ncia de 500m. A iniciativa evidencia o alcance das a\u00e7\u00f5es formativas da institui\u00e7\u00e3o no esporte e se conecta \u00e0 sua estrat\u00e9gia de valoriza\u00e7\u00e3o da modalidade em todos os n\u00edveis. Al\u00e9m de estimular a inicia\u00e7\u00e3o esportiva, o Sesc RJ tamb\u00e9m apoia atletas de elite que inspiram novas gera\u00e7\u00f5es, como Ana Marcela Cunha, Maria Paula Heitmann e Guilherme Costa (Cachorr\u00e3o).<\/p>\n<p class=\"v1v1xmsonormal\"><strong>Esporte, cultura e recrea\u00e7\u00e3o para toda a fam\u00edlia<\/strong><\/p>\n<p class=\"v1v1xmsonormal\">Al\u00e9m das disputas, o p\u00fablico poder\u00e1 aproveitar a programa\u00e7\u00e3o cultural e recreativa do Sesc no posto 12. O espet\u00e1culo \u201cAu\u00ea da Gra\u00e7a\u201d ter\u00e1 quatro palha\u00e7os em cena, levando a magia da palha\u00e7aria, bolhas de sab\u00e3o gigantes, bambol\u00eas e malabares para interagir com a plateia. O cortejo brincante, que percorre o espa\u00e7o do evento, promete transformar a experi\u00eancia em um encontro l\u00fadico e participativo. Tamb\u00e9m haver\u00e1 aquecimento guiado, futmesa e altinha.<\/p>\n<p class=\"v1v1xmsonormal\"><strong>SERVI\u00c7O<\/strong><\/p>\n<p class=\"v1v1xmsonormal\"><strong>Rei e Rainha do Mar \u2013 Etapa Leblon<\/strong><\/p>\n<p class=\"v1v1xmsonormal\">28\/09\/2025<\/p>\n<p class=\"v1v1xmsonormal\">Praia do Leblon \u2013 Posto 12 \u2013 A partir das 6h<\/p>\n<p class=\"v1v1xmsonormal\">Patroc\u00ednio: Shell (master) e Speedo<\/p>\n<p class=\"v1v1xmsonormal\">Parceria esportiva: Sesc RJ<br \/>\nHotel oficial: Rio Othon Palace<br \/>\nParcerias de m\u00eddia: B.drops, Bibi Sucos, Roxy Dinner Show e Visit Rio<\/p>\n<p>&nbsp;<\/p>\n<p>Gostaria de receber as not\u00edcias de nata\u00e7\u00e3o e \u00e1guas abertas no seu email?<\/p>\n<p><a href=\"https:\/\/lpa.nitro.news\/n-GNe\/ultimas-noticias-swim-channel\">Cadastre-se aqui<\/a><\/p>\n","protected":false},"excerpt":{"rendered":"<p>RIO DE JANEIRO\u00a0\u2013 O Sesc RJ \u00e9 um dos apoiadores do Rei e Rainha do Mar, cuja pr\u00f3xima etapa \u2013 Leblon \u2013 acontece neste domingo (28). Reconhecido pela sua forte atua\u00e7\u00e3o no ensino da nata\u00e7\u00e3o \u2014 atualmente com mais de 600 alunos matriculados em 11 unidades do estado \u2014 a institui\u00e7\u00e3o refor\u00e7a sua presen\u00e7a em [&hellip;]<\/p>\n","protected":false},"author":2,"featured_media":76277,"comment_status":"open","ping_status":"open","sticky":false,"template":"","format":"standard","meta":{"footnotes":""},"categories":[115,2576],"tags":[14,202],"class_list":["post-76276","post","type-post","status-publish","format-standard","has-post-thumbnail","hentry","category-aguas-abertas","category-ultimas-noticias","tag-aguas-abertas","tag-rei-e-rainha-do-mar"],"yoast_head":"<!-- This site is optimized with the Yoast SEO plugin v27.0 - https:\/\/yoast.com\/product\/yoast-seo-wordpress\/ -->\n<title>Sesc RJ apoia o Rei e Rainha do Mar do Leblon e leva alunos da nata\u00e7\u00e3o pela primeira vez para disputar em \u00e1guas abertas - Swimchannel<\/title>\n<meta name=\"robots\" content=\"index, follow, max-snippet:-1, max-image-preview:large, max-video-preview:-1\" \/>\n<link rel=\"canonical\" href=\"https:\/\/swimchannel.net\/br\/sesc-rj-apoia-o-rei-e-rainha-do-mar-do-leblon-e-leva-alunos-da-natacao-pela-primeira-vez-para-disputar-em-aguas-abertas\/\" \/>\n<meta property=\"og:locale\" content=\"pt_BR\" \/>\n<meta property=\"og:type\" content=\"article\" \/>\n<meta property=\"og:title\" content=\"Sesc RJ apoia o Rei e Rainha do Mar do Leblon e leva alunos da nata\u00e7\u00e3o pela primeira vez para disputar em \u00e1guas abertas - Swimchannel\" \/>\n<meta property=\"og:description\" content=\"RIO DE JANEIRO\u00a0\u2013 O Sesc RJ \u00e9 um dos apoiadores do Rei e Rainha do Mar, cuja pr\u00f3xima etapa \u2013 Leblon \u2013 acontece neste domingo (28). Reconhecido pela sua forte atua\u00e7\u00e3o no ensino da nata\u00e7\u00e3o \u2014 atualmente com mais de 600 alunos matriculados em 11 unidades do estado \u2014 a institui\u00e7\u00e3o refor\u00e7a sua presen\u00e7a em [&hellip;]\" \/>\n<meta property=\"og:url\" content=\"https:\/\/swimchannel.net\/br\/sesc-rj-apoia-o-rei-e-rainha-do-mar-do-leblon-e-leva-alunos-da-natacao-pela-primeira-vez-para-disputar-em-aguas-abertas\/\" \/>\n<meta property=\"og:site_name\" content=\"Swimchannel\" \/>\n<meta property=\"article:publisher\" content=\"https:\/\/www.facebook.com\/swimchannel\" \/>\n<meta property=\"article:published_time\" content=\"2025-09-27T16:57:12+00:00\" \/>\n<meta property=\"article:modified_time\" content=\"2025-10-03T15:45:41+00:00\" \/>\n<meta property=\"og:image\" content=\"https:\/\/swimchannel.net\/br\/wp-content\/uploads\/2025\/09\/RRM-5_Creditos-Rapha-Rodrigues_Effect-Sport.jpg\" \/>\n\t<meta property=\"og:image:width\" content=\"1228\" \/>\n\t<meta property=\"og:image:height\" content=\"982\" \/>\n\t<meta property=\"og:image:type\" content=\"image\/jpeg\" \/>\n<meta name=\"author\" content=\"SwimChannel\" \/>\n<meta name=\"twitter:card\" content=\"summary_large_image\" \/>\n<meta name=\"twitter:label1\" content=\"Escrito por\" \/>\n\t<meta name=\"twitter:data1\" content=\"SwimChannel\" \/>\n\t<meta name=\"twitter:label2\" content=\"Est. tempo de leitura\" \/>\n\t<meta name=\"twitter:data2\" content=\"2 minutos\" \/>\n<script type=\"application\/ld+json\" class=\"yoast-schema-graph\">{\"@context\":\"https:\/\/schema.org\",\"@graph\":[{\"@type\":\"Article\",\"@id\":\"https:\/\/swimchannel.net\/br\/sesc-rj-apoia-o-rei-e-rainha-do-mar-do-leblon-e-leva-alunos-da-natacao-pela-primeira-vez-para-disputar-em-aguas-abertas\/#article\",\"isPartOf\":{\"@id\":\"https:\/\/swimchannel.net\/br\/sesc-rj-apoia-o-rei-e-rainha-do-mar-do-leblon-e-leva-alunos-da-natacao-pela-primeira-vez-para-disputar-em-aguas-abertas\/\"},\"author\":{\"name\":\"SwimChannel\",\"@id\":\"https:\/\/swimchannel.net\/br\/#\/schema\/person\/8b903436c3c0b427a4ec3402a0579c30\"},\"headline\":\"Sesc RJ apoia o Rei e Rainha do Mar do Leblon e leva alunos da nata\u00e7\u00e3o pela primeira vez para disputar em \u00e1guas abertas\",\"datePublished\":\"2025-09-27T16:57:12+00:00\",\"dateModified\":\"2025-10-03T15:45:41+00:00\",\"mainEntityOfPage\":{\"@id\":\"https:\/\/swimchannel.net\/br\/sesc-rj-apoia-o-rei-e-rainha-do-mar-do-leblon-e-leva-alunos-da-natacao-pela-primeira-vez-para-disputar-em-aguas-abertas\/\"},\"wordCount\":433,\"commentCount\":0,\"publisher\":{\"@id\":\"https:\/\/swimchannel.net\/br\/#organization\"},\"image\":{\"@id\":\"https:\/\/swimchannel.net\/br\/sesc-rj-apoia-o-rei-e-rainha-do-mar-do-leblon-e-leva-alunos-da-natacao-pela-primeira-vez-para-disputar-em-aguas-abertas\/#primaryimage\"},\"thumbnailUrl\":\"https:\/\/swimchannel.net\/br\/wp-content\/uploads\/2025\/09\/RRM-5_Creditos-Rapha-Rodrigues_Effect-Sport.jpg\",\"keywords\":[\"\u00c1guas abertas\",\"Rei e Rainha do Mar\"],\"articleSection\":[\"\u00c1guas Abertas\",\"\u00daltimas Not\u00edcias\"],\"inLanguage\":\"pt-BR\",\"potentialAction\":[{\"@type\":\"CommentAction\",\"name\":\"Comment\",\"target\":[\"https:\/\/swimchannel.net\/br\/sesc-rj-apoia-o-rei-e-rainha-do-mar-do-leblon-e-leva-alunos-da-natacao-pela-primeira-vez-para-disputar-em-aguas-abertas\/#respond\"]}]},{\"@type\":\"WebPage\",\"@id\":\"https:\/\/swimchannel.net\/br\/sesc-rj-apoia-o-rei-e-rainha-do-mar-do-leblon-e-leva-alunos-da-natacao-pela-primeira-vez-para-disputar-em-aguas-abertas\/\",\"url\":\"https:\/\/swimchannel.net\/br\/sesc-rj-apoia-o-rei-e-rainha-do-mar-do-leblon-e-leva-alunos-da-natacao-pela-primeira-vez-para-disputar-em-aguas-abertas\/\",\"name\":\"Sesc RJ apoia o Rei e Rainha do Mar do Leblon e leva alunos da nata\u00e7\u00e3o pela primeira vez para disputar em \u00e1guas abertas - Swimchannel\",\"isPartOf\":{\"@id\":\"https:\/\/swimchannel.net\/br\/#website\"},\"primaryImageOfPage\":{\"@id\":\"https:\/\/swimchannel.net\/br\/sesc-rj-apoia-o-rei-e-rainha-do-mar-do-leblon-e-leva-alunos-da-natacao-pela-primeira-vez-para-disputar-em-aguas-abertas\/#primaryimage\"},\"image\":{\"@id\":\"https:\/\/swimchannel.net\/br\/sesc-rj-apoia-o-rei-e-rainha-do-mar-do-leblon-e-leva-alunos-da-natacao-pela-primeira-vez-para-disputar-em-aguas-abertas\/#primaryimage\"},\"thumbnailUrl\":\"https:\/\/swimchannel.net\/br\/wp-content\/uploads\/2025\/09\/RRM-5_Creditos-Rapha-Rodrigues_Effect-Sport.jpg\",\"datePublished\":\"2025-09-27T16:57:12+00:00\",\"dateModified\":\"2025-10-03T15:45:41+00:00\",\"breadcrumb\":{\"@id\":\"https:\/\/swimchannel.net\/br\/sesc-rj-apoia-o-rei-e-rainha-do-mar-do-leblon-e-leva-alunos-da-natacao-pela-primeira-vez-para-disputar-em-aguas-abertas\/#breadcrumb\"},\"inLanguage\":\"pt-BR\",\"potentialAction\":[{\"@type\":\"ReadAction\",\"target\":[\"https:\/\/swimchannel.net\/br\/sesc-rj-apoia-o-rei-e-rainha-do-mar-do-leblon-e-leva-alunos-da-natacao-pela-primeira-vez-para-disputar-em-aguas-abertas\/\"]}]},{\"@type\":\"ImageObject\",\"inLanguage\":\"pt-BR\",\"@id\":\"https:\/\/swimchannel.net\/br\/sesc-rj-apoia-o-rei-e-rainha-do-mar-do-leblon-e-leva-alunos-da-natacao-pela-primeira-vez-para-disputar-em-aguas-abertas\/#primaryimage\",\"url\":\"https:\/\/swimchannel.net\/br\/wp-content\/uploads\/2025\/09\/RRM-5_Creditos-Rapha-Rodrigues_Effect-Sport.jpg\",\"contentUrl\":\"https:\/\/swimchannel.net\/br\/wp-content\/uploads\/2025\/09\/RRM-5_Creditos-Rapha-Rodrigues_Effect-Sport.jpg\",\"width\":1228,\"height\":982,\"caption\":\"Foto: Rapha Rodrigues\"},{\"@type\":\"BreadcrumbList\",\"@id\":\"https:\/\/swimchannel.net\/br\/sesc-rj-apoia-o-rei-e-rainha-do-mar-do-leblon-e-leva-alunos-da-natacao-pela-primeira-vez-para-disputar-em-aguas-abertas\/#breadcrumb\",\"itemListElement\":[{\"@type\":\"ListItem\",\"position\":1,\"name\":\"Home\",\"item\":\"https:\/\/swimchannel.net\/br\/\"},{\"@type\":\"ListItem\",\"position\":2,\"name\":\"Sesc RJ apoia o Rei e Rainha do Mar do Leblon e leva alunos da nata\u00e7\u00e3o pela primeira vez para disputar em \u00e1guas abertas\"}]},{\"@type\":\"WebSite\",\"@id\":\"https:\/\/swimchannel.net\/br\/#website\",\"url\":\"https:\/\/swimchannel.net\/br\/\",\"name\":\"Swimchannel\",\"description\":\"Maior portal de nata\u00e7\u00e3o da america latina\",\"publisher\":{\"@id\":\"https:\/\/swimchannel.net\/br\/#organization\"},\"potentialAction\":[{\"@type\":\"SearchAction\",\"target\":{\"@type\":\"EntryPoint\",\"urlTemplate\":\"https:\/\/swimchannel.net\/br\/?s={search_term_string}\"},\"query-input\":{\"@type\":\"PropertyValueSpecification\",\"valueRequired\":true,\"valueName\":\"search_term_string\"}}],\"inLanguage\":\"pt-BR\"},{\"@type\":\"Organization\",\"@id\":\"https:\/\/swimchannel.net\/br\/#organization\",\"name\":\"Swimchannel - Conectando voc\u00ea a Nata\u00e7\u00e3o\",\"url\":\"https:\/\/swimchannel.net\/br\/\",\"logo\":{\"@type\":\"ImageObject\",\"inLanguage\":\"pt-BR\",\"@id\":\"https:\/\/swimchannel.net\/br\/#\/schema\/logo\/image\/\",\"url\":\"https:\/\/swimchannel.net\/br\/wp-content\/uploads\/2026\/02\/SWIM-CHANNEL.png\",\"contentUrl\":\"https:\/\/swimchannel.net\/br\/wp-content\/uploads\/2026\/02\/SWIM-CHANNEL.png\",\"width\":1120,\"height\":630,\"caption\":\"Swimchannel - Conectando voc\u00ea a Nata\u00e7\u00e3o\"},\"image\":{\"@id\":\"https:\/\/swimchannel.net\/br\/#\/schema\/logo\/image\/\"},\"sameAs\":[\"https:\/\/www.facebook.com\/swimchannel\",\"https:\/\/www.instagram.com\/swimchannel\"]},{\"@type\":\"Person\",\"@id\":\"https:\/\/swimchannel.net\/br\/#\/schema\/person\/8b903436c3c0b427a4ec3402a0579c30\",\"name\":\"SwimChannel\",\"image\":{\"@type\":\"ImageObject\",\"inLanguage\":\"pt-BR\",\"@id\":\"https:\/\/swimchannel.net\/br\/#\/schema\/person\/image\/\",\"url\":\"https:\/\/swimchannel.net\/br\/wp-content\/uploads\/2021\/03\/SWIM-CHANNEL_JPG22-100x100.jpg\",\"contentUrl\":\"https:\/\/swimchannel.net\/br\/wp-content\/uploads\/2021\/03\/SWIM-CHANNEL_JPG22-100x100.jpg\",\"caption\":\"SwimChannel\"},\"url\":\"https:\/\/swimchannel.net\/br\/author\/swimchanneladmin\/\"}]}<\/script>\n<!-- \/ Yoast SEO plugin. -->","yoast_head_json":{"title":"Sesc RJ apoia o Rei e Rainha do Mar do Leblon e leva alunos da nata\u00e7\u00e3o pela primeira vez para disputar em \u00e1guas abertas - Swimchannel","robots":{"index":"index","follow":"follow","max-snippet":"max-snippet:-1","max-image-preview":"max-image-preview:large","max-video-preview":"max-video-preview:-1"},"canonical":"https:\/\/swimchannel.net\/br\/sesc-rj-apoia-o-rei-e-rainha-do-mar-do-leblon-e-leva-alunos-da-natacao-pela-primeira-vez-para-disputar-em-aguas-abertas\/","og_locale":"pt_BR","og_type":"article","og_title":"Sesc RJ apoia o Rei e Rainha do Mar do Leblon e leva alunos da nata\u00e7\u00e3o pela primeira vez para disputar em \u00e1guas abertas - Swimchannel","og_description":"RIO DE JANEIRO\u00a0\u2013 O Sesc RJ \u00e9 um dos apoiadores do Rei e Rainha do Mar, cuja pr\u00f3xima etapa \u2013 Leblon \u2013 acontece neste domingo (28). Reconhecido pela sua forte atua\u00e7\u00e3o no ensino da nata\u00e7\u00e3o \u2014 atualmente com mais de 600 alunos matriculados em 11 unidades do estado \u2014 a institui\u00e7\u00e3o refor\u00e7a sua presen\u00e7a em [&hellip;]","og_url":"https:\/\/swimchannel.net\/br\/sesc-rj-apoia-o-rei-e-rainha-do-mar-do-leblon-e-leva-alunos-da-natacao-pela-primeira-vez-para-disputar-em-aguas-abertas\/","og_site_name":"Swimchannel","article_publisher":"https:\/\/www.facebook.com\/swimchannel","article_published_time":"2025-09-27T16:57:12+00:00","article_modified_time":"2025-10-03T15:45:41+00:00","og_image":[{"width":1228,"height":982,"url":"https:\/\/swimchannel.net\/br\/wp-content\/uploads\/2025\/09\/RRM-5_Creditos-Rapha-Rodrigues_Effect-Sport.jpg","type":"image\/jpeg"}],"author":"SwimChannel","twitter_card":"summary_large_image","twitter_misc":{"Escrito por":"SwimChannel","Est. tempo de leitura":"2 minutos"},"schema":{"@context":"https:\/\/schema.org","@graph":[{"@type":"Article","@id":"https:\/\/swimchannel.net\/br\/sesc-rj-apoia-o-rei-e-rainha-do-mar-do-leblon-e-leva-alunos-da-natacao-pela-primeira-vez-para-disputar-em-aguas-abertas\/#article","isPartOf":{"@id":"https:\/\/swimchannel.net\/br\/sesc-rj-apoia-o-rei-e-rainha-do-mar-do-leblon-e-leva-alunos-da-natacao-pela-primeira-vez-para-disputar-em-aguas-abertas\/"},"author":{"name":"SwimChannel","@id":"https:\/\/swimchannel.net\/br\/#\/schema\/person\/8b903436c3c0b427a4ec3402a0579c30"},"headline":"Sesc RJ apoia o Rei e Rainha do Mar do Leblon e leva alunos da nata\u00e7\u00e3o pela primeira vez para disputar em \u00e1guas abertas","datePublished":"2025-09-27T16:57:12+00:00","dateModified":"2025-10-03T15:45:41+00:00","mainEntityOfPage":{"@id":"https:\/\/swimchannel.net\/br\/sesc-rj-apoia-o-rei-e-rainha-do-mar-do-leblon-e-leva-alunos-da-natacao-pela-primeira-vez-para-disputar-em-aguas-abertas\/"},"wordCount":433,"commentCount":0,"publisher":{"@id":"https:\/\/swimchannel.net\/br\/#organization"},"image":{"@id":"https:\/\/swimchannel.net\/br\/sesc-rj-apoia-o-rei-e-rainha-do-mar-do-leblon-e-leva-alunos-da-natacao-pela-primeira-vez-para-disputar-em-aguas-abertas\/#primaryimage"},"thumbnailUrl":"https:\/\/swimchannel.net\/br\/wp-content\/uploads\/2025\/09\/RRM-5_Creditos-Rapha-Rodrigues_Effect-Sport.jpg","keywords":["\u00c1guas abertas","Rei e Rainha do Mar"],"articleSection":["\u00c1guas Abertas","\u00daltimas Not\u00edcias"],"inLanguage":"pt-BR","potentialAction":[{"@type":"CommentAction","name":"Comment","target":["https:\/\/swimchannel.net\/br\/sesc-rj-apoia-o-rei-e-rainha-do-mar-do-leblon-e-leva-alunos-da-natacao-pela-primeira-vez-para-disputar-em-aguas-abertas\/#respond"]}]},{"@type":"WebPage","@id":"https:\/\/swimchannel.net\/br\/sesc-rj-apoia-o-rei-e-rainha-do-mar-do-leblon-e-leva-alunos-da-natacao-pela-primeira-vez-para-disputar-em-aguas-abertas\/","url":"https:\/\/swimchannel.net\/br\/sesc-rj-apoia-o-rei-e-rainha-do-mar-do-leblon-e-leva-alunos-da-natacao-pela-primeira-vez-para-disputar-em-aguas-abertas\/","name":"Sesc RJ apoia o Rei e Rainha do Mar do Leblon e leva alunos da nata\u00e7\u00e3o pela primeira vez para disputar em \u00e1guas abertas - Swimchannel","isPartOf":{"@id":"https:\/\/swimchannel.net\/br\/#website"},"primaryImageOfPage":{"@id":"https:\/\/swimchannel.net\/br\/sesc-rj-apoia-o-rei-e-rainha-do-mar-do-leblon-e-leva-alunos-da-natacao-pela-primeira-vez-para-disputar-em-aguas-abertas\/#primaryimage"},"image":{"@id":"https:\/\/swimchannel.net\/br\/sesc-rj-apoia-o-rei-e-rainha-do-mar-do-leblon-e-leva-alunos-da-natacao-pela-primeira-vez-para-disputar-em-aguas-abertas\/#primaryimage"},"thumbnailUrl":"https:\/\/swimchannel.net\/br\/wp-content\/uploads\/2025\/09\/RRM-5_Creditos-Rapha-Rodrigues_Effect-Sport.jpg","datePublished":"2025-09-27T16:57:12+00:00","dateModified":"2025-10-03T15:45:41+00:00","breadcrumb":{"@id":"https:\/\/swimchannel.net\/br\/sesc-rj-apoia-o-rei-e-rainha-do-mar-do-leblon-e-leva-alunos-da-natacao-pela-primeira-vez-para-disputar-em-aguas-abertas\/#breadcrumb"},"inLanguage":"pt-BR","potentialAction":[{"@type":"ReadAction","target":["https:\/\/swimchannel.net\/br\/sesc-rj-apoia-o-rei-e-rainha-do-mar-do-leblon-e-leva-alunos-da-natacao-pela-primeira-vez-para-disputar-em-aguas-abertas\/"]}]},{"@type":"ImageObject","inLanguage":"pt-BR","@id":"https:\/\/swimchannel.net\/br\/sesc-rj-apoia-o-rei-e-rainha-do-mar-do-leblon-e-leva-alunos-da-natacao-pela-primeira-vez-para-disputar-em-aguas-abertas\/#primaryimage","url":"https:\/\/swimchannel.net\/br\/wp-content\/uploads\/2025\/09\/RRM-5_Creditos-Rapha-Rodrigues_Effect-Sport.jpg","contentUrl":"https:\/\/swimchannel.net\/br\/wp-content\/uploads\/2025\/09\/RRM-5_Creditos-Rapha-Rodrigues_Effect-Sport.jpg","width":1228,"height":982,"caption":"Foto: Rapha Rodrigues"},{"@type":"BreadcrumbList","@id":"https:\/\/swimchannel.net\/br\/sesc-rj-apoia-o-rei-e-rainha-do-mar-do-leblon-e-leva-alunos-da-natacao-pela-primeira-vez-para-disputar-em-aguas-abertas\/#breadcrumb","itemListElement":[{"@type":"ListItem","position":1,"name":"Home","item":"https:\/\/swimchannel.net\/br\/"},{"@type":"ListItem","position":2,"name":"Sesc RJ apoia o Rei e Rainha do Mar do Leblon e leva alunos da nata\u00e7\u00e3o pela primeira vez para disputar em \u00e1guas abertas"}]},{"@type":"WebSite","@id":"https:\/\/swimchannel.net\/br\/#website","url":"https:\/\/swimchannel.net\/br\/","name":"Swimchannel","description":"Maior portal de nata\u00e7\u00e3o da america latina","publisher":{"@id":"https:\/\/swimchannel.net\/br\/#organization"},"potentialAction":[{"@type":"SearchAction","target":{"@type":"EntryPoint","urlTemplate":"https:\/\/swimchannel.net\/br\/?s={search_term_string}"},"query-input":{"@type":"PropertyValueSpecification","valueRequired":true,"valueName":"search_term_string"}}],"inLanguage":"pt-BR"},{"@type":"Organization","@id":"https:\/\/swimchannel.net\/br\/#organization","name":"Swimchannel - Conectando voc\u00ea a Nata\u00e7\u00e3o","url":"https:\/\/swimchannel.net\/br\/","logo":{"@type":"ImageObject","inLanguage":"pt-BR","@id":"https:\/\/swimchannel.net\/br\/#\/schema\/logo\/image\/","url":"https:\/\/swimchannel.net\/br\/wp-content\/uploads\/2026\/02\/SWIM-CHANNEL.png","contentUrl":"https:\/\/swimchannel.net\/br\/wp-content\/uploads\/2026\/02\/SWIM-CHANNEL.png","width":1120,"height":630,"caption":"Swimchannel - Conectando voc\u00ea a Nata\u00e7\u00e3o"},"image":{"@id":"https:\/\/swimchannel.net\/br\/#\/schema\/logo\/image\/"},"sameAs":["https:\/\/www.facebook.com\/swimchannel","https:\/\/www.instagram.com\/swimchannel"]},{"@type":"Person","@id":"https:\/\/swimchannel.net\/br\/#\/schema\/person\/8b903436c3c0b427a4ec3402a0579c30","name":"SwimChannel","image":{"@type":"ImageObject","inLanguage":"pt-BR","@id":"https:\/\/swimchannel.net\/br\/#\/schema\/person\/image\/","url":"https:\/\/swimchannel.net\/br\/wp-content\/uploads\/2021\/03\/SWIM-CHANNEL_JPG22-100x100.jpg","contentUrl":"https:\/\/swimchannel.net\/br\/wp-content\/uploads\/2021\/03\/SWIM-CHANNEL_JPG22-100x100.jpg","caption":"SwimChannel"},"url":"https:\/\/swimchannel.net\/br\/author\/swimchanneladmin\/"}]}},"_links":{"self":[{"href":"https:\/\/swimchannel.net\/br\/wp-json\/wp\/v2\/posts\/76276","targetHints":{"allow":["GET"]}}],"collection":[{"href":"https:\/\/swimchannel.net\/br\/wp-json\/wp\/v2\/posts"}],"about":[{"href":"https:\/\/swimchannel.net\/br\/wp-json\/wp\/v2\/types\/post"}],"author":[{"embeddable":true,"href":"https:\/\/swimchannel.net\/br\/wp-json\/wp\/v2\/users\/2"}],"replies":[{"embeddable":true,"href":"https:\/\/swimchannel.net\/br\/wp-json\/wp\/v2\/comments?post=76276"}],"version-history":[{"count":3,"href":"https:\/\/swimchannel.net\/br\/wp-json\/wp\/v2\/posts\/76276\/revisions"}],"predecessor-version":[{"id":76281,"href":"https:\/\/swimchannel.net\/br\/wp-json\/wp\/v2\/posts\/76276\/revisions\/76281"}],"wp:featuredmedia":[{"embeddable":true,"href":"https:\/\/swimchannel.net\/br\/wp-json\/wp\/v2\/media\/76277"}],"wp:attachment":[{"href":"https:\/\/swimchannel.net\/br\/wp-json\/wp\/v2\/media?parent=76276"}],"wp:term":[{"taxonomy":"category","embeddable":true,"href":"https:\/\/swimchannel.net\/br\/wp-json\/wp\/v2\/categories?post=76276"},{"taxonomy":"post_tag","embeddable":true,"href":"https:\/\/swimchannel.net\/br\/wp-json\/wp\/v2\/tags?post=76276"}],"curies":[{"name":"wp","href":"https:\/\/api.w.org\/{rel}","templated":true}]}}