{"id":76286,"date":"2025-09-28T07:34:34","date_gmt":"2025-09-28T10:34:34","guid":{"rendered":"https:\/\/swimchannel.net\/br\/?p=76286"},"modified":"2025-09-28T07:34:34","modified_gmt":"2025-09-28T10:34:34","slug":"kaua-carvalho-e-manuela-sega-quebram-recordes-no-penultimo-dia-da-natacao-no-sul-americano-juvenil","status":"publish","type":"post","link":"https:\/\/swimchannel.net\/br\/kaua-carvalho-e-manuela-sega-quebram-recordes-no-penultimo-dia-da-natacao-no-sul-americano-juvenil\/","title":{"rendered":"Kau\u00e3 Carvalho e Manuela Sega quebram recordes no pen\u00faltimo dia da nata\u00e7\u00e3o no Sul-Americano Juvenil"},"content":{"rendered":"<p>(Rio de Janeiro, 27 de setembro de 2025) O pen\u00faltimo dia de disputas da Nata\u00e7\u00e3o no Sul-Americano Juvenil de Esportes Aqu\u00e1ticos foi marcado por grandes performances brasileiras. Kau\u00e3 Carvalho e Manuela Sega brilharam no Parque Aqu\u00e1tico Julio de Lamare, no Rio de Janeiro, conquistando o ouro com recordes de campeonato nos 50m peito.<\/p>\n<p>Os dois atletas j\u00e1 haviam mostrado for\u00e7a nas eliminat\u00f3rias da manh\u00e3, quando estabeleceram novos recordes do torneio. \u00c0 tarde, nas finais, confirmaram o favoritismo com desempenhos ainda melhores para assegurar o lugar mais alto do p\u00f3dio. Manuela nadou para 32s06, enquanto Kau\u00e3 fez 27s94.<\/p>\n<p><img loading=\"lazy\" decoding=\"async\" class=\"alignnone size-large wp-image-76287\" src=\"https:\/\/swimchannel.net\/br\/wp-content\/uploads\/2025\/09\/WhatsApp_Image_2025-09-27_at_18.34.32_-_copia-1200x800.jpg\" alt=\"\" width=\"1200\" height=\"800\" srcset=\"https:\/\/swimchannel.net\/br\/wp-content\/uploads\/2025\/09\/WhatsApp_Image_2025-09-27_at_18.34.32_-_copia-1200x800.jpg 1200w, https:\/\/swimchannel.net\/br\/wp-content\/uploads\/2025\/09\/WhatsApp_Image_2025-09-27_at_18.34.32_-_copia-1012x675.jpg 1012w, https:\/\/swimchannel.net\/br\/wp-content\/uploads\/2025\/09\/WhatsApp_Image_2025-09-27_at_18.34.32_-_copia-270x180.jpg 270w, https:\/\/swimchannel.net\/br\/wp-content\/uploads\/2025\/09\/WhatsApp_Image_2025-09-27_at_18.34.32_-_copia-768x512.jpg 768w, https:\/\/swimchannel.net\/br\/wp-content\/uploads\/2025\/09\/WhatsApp_Image_2025-09-27_at_18.34.32_-_copia-1536x1024.jpg 1536w, https:\/\/swimchannel.net\/br\/wp-content\/uploads\/2025\/09\/WhatsApp_Image_2025-09-27_at_18.34.32_-_copia-750x500.jpg 750w, https:\/\/swimchannel.net\/br\/wp-content\/uploads\/2025\/09\/WhatsApp_Image_2025-09-27_at_18.34.32_-_copia-1140x760.jpg 1140w, https:\/\/swimchannel.net\/br\/wp-content\/uploads\/2025\/09\/WhatsApp_Image_2025-09-27_at_18.34.32_-_copia.jpg 1600w\" sizes=\"auto, (max-width: 1200px) 100vw, 1200px\" \/><\/p>\n<p>Al\u00e9m das vit\u00f3rias de Kau\u00e3 e Manuela, o Brasil ainda conquistou outros ouros no dia com Lucas D\u00e9 (100m livre Juvenil A \u2013 51s06), Kau\u00e3 Marinho Pereira (100m livre Juvenil B \u2013 49s73), Davi Vallim Costa de Carvalho (50m costas Juvenil B \u2013 26s01), Jaime Vieira Alves (50m peito Juvenil A \u2013 29s96), Pedro Henrique Medrado (400m medley Juvenil B \u2013 4min23s46) e com as equipes de revezamento 4x200m livre Juvenil A (7min43s60 \u2013 RC) e Juvenil B (7min30s12 \u2013 RC). Ao todo, a Nata\u00e7\u00e3o brasileira somou 28 medalhas neste s\u00e1bado, entre ouros, pratas e bronzes.<\/p>\n<p>No Nado Art\u00edstico, o Brasil comemorou sua primeira conquista dourada com o dueto misto juvenil, formado por Mel Santos e Alan Rodrigues, campe\u00e3o com 246.3798 pontos. A sele\u00e7\u00e3o tamb\u00e9m foi ao p\u00f3dio com duas medalhas de bronze no dueto livre juvenil, com Amanda Veronezi e Laura Sales, e na rotina livre de equipe j\u00fanior, refor\u00e7ando o protagonismo do pa\u00eds na modalidade.<\/p>\n<p><img loading=\"lazy\" decoding=\"async\" class=\"alignnone size-large wp-image-76288\" src=\"https:\/\/swimchannel.net\/br\/wp-content\/uploads\/2025\/09\/54815923703_82916f1859_k-1201x800.jpg\" alt=\"\" width=\"1201\" height=\"800\" srcset=\"https:\/\/swimchannel.net\/br\/wp-content\/uploads\/2025\/09\/54815923703_82916f1859_k-1201x800.jpg 1201w, https:\/\/swimchannel.net\/br\/wp-content\/uploads\/2025\/09\/54815923703_82916f1859_k-1013x675.jpg 1013w, https:\/\/swimchannel.net\/br\/wp-content\/uploads\/2025\/09\/54815923703_82916f1859_k-270x180.jpg 270w, https:\/\/swimchannel.net\/br\/wp-content\/uploads\/2025\/09\/54815923703_82916f1859_k-768x512.jpg 768w, https:\/\/swimchannel.net\/br\/wp-content\/uploads\/2025\/09\/54815923703_82916f1859_k-1536x1023.jpg 1536w, https:\/\/swimchannel.net\/br\/wp-content\/uploads\/2025\/09\/54815923703_82916f1859_k-750x500.jpg 750w, https:\/\/swimchannel.net\/br\/wp-content\/uploads\/2025\/09\/54815923703_82916f1859_k-1140x759.jpg 1140w, https:\/\/swimchannel.net\/br\/wp-content\/uploads\/2025\/09\/54815923703_82916f1859_k.jpg 1920w\" sizes=\"auto, (max-width: 1201px) 100vw, 1201px\" \/><\/p>\n<p>Com os resultados deste s\u00e1bado, o Brasil chega a um total de 96 medalhas, sendo 35 de ouro, 37 de prata e 27 de bronze, ap\u00f3s quatro dias de competi\u00e7\u00e3o.<\/p>\n<p>As disputas da Nata\u00e7\u00e3o e do Nado Art\u00edstico no Sul-Americano Juvenil de Esportes Aqu\u00e1ticos se encerram neste domingo (28), no Parque Aqu\u00e1tico Julio de Lamare, com finais decisivas na Nata\u00e7\u00e3o e provas do Nado Art\u00edstico.<\/p>\n<p>&nbsp;<\/p>\n<p>Fonte CBDA<\/p>\n<p>Mat\u00e9ria original: <a href=\"https:\/\/www.cbda.org.br\/noticia\/21217\/kaua-carvalho-e-manuela-sega-quebram-recordes-no-penultimo-dia-da-natacao-no-sul-americano-juvenil\">https:\/\/www.cbda.org.br\/noticia\/21217\/kaua-carvalho-e-manuela-sega-quebram-recordes-no-penultimo-dia-da-natacao-no-sul-americano-juvenil<\/a><\/p>\n<p>&nbsp;<\/p>\n<p>Gostaria de receber as not\u00edcias de nata\u00e7\u00e3o e \u00e1guas abertas no seu email?<\/p>\n<p><a href=\"https:\/\/lpa.nitro.news\/n-GNe\/ultimas-noticias-swim-channel\">Cadastre-se aqui<\/a><\/p>\n","protected":false},"excerpt":{"rendered":"<p>(Rio de Janeiro, 27 de setembro de 2025) O pen\u00faltimo dia de disputas da Nata\u00e7\u00e3o no Sul-Americano Juvenil de Esportes Aqu\u00e1ticos foi marcado por grandes performances brasileiras. Kau\u00e3 Carvalho e Manuela Sega brilharam no Parque Aqu\u00e1tico Julio de Lamare, no Rio de Janeiro, conquistando o ouro com recordes de campeonato nos 50m peito. Os dois [&hellip;]<\/p>\n","protected":false},"author":2,"featured_media":76289,"comment_status":"open","ping_status":"open","sticky":false,"template":"","format":"standard","meta":{"footnotes":""},"categories":[137,2576],"tags":[5518,5520,6612,5],"class_list":["post-76286","post","type-post","status-publish","format-standard","has-post-thumbnail","hentry","category-natacao","category-ultimas-noticias","tag-campeoanto-sul-americano-juvenil","tag-kaua-carvalho","tag-manuela-sega","tag-natacao"],"yoast_head":"<!-- This site is optimized with the Yoast SEO plugin v27.0 - https:\/\/yoast.com\/product\/yoast-seo-wordpress\/ -->\n<title>Kau\u00e3 Carvalho e Manuela Sega quebram recordes no pen\u00faltimo dia da nata\u00e7\u00e3o no Sul-Americano Juvenil - Swimchannel<\/title>\n<meta name=\"robots\" content=\"index, follow, max-snippet:-1, max-image-preview:large, max-video-preview:-1\" \/>\n<link rel=\"canonical\" href=\"https:\/\/swimchannel.net\/br\/kaua-carvalho-e-manuela-sega-quebram-recordes-no-penultimo-dia-da-natacao-no-sul-americano-juvenil\/\" \/>\n<meta property=\"og:locale\" content=\"pt_BR\" \/>\n<meta property=\"og:type\" content=\"article\" \/>\n<meta property=\"og:title\" content=\"Kau\u00e3 Carvalho e Manuela Sega quebram recordes no pen\u00faltimo dia da nata\u00e7\u00e3o no Sul-Americano Juvenil - Swimchannel\" \/>\n<meta property=\"og:description\" content=\"(Rio de Janeiro, 27 de setembro de 2025) O pen\u00faltimo dia de disputas da Nata\u00e7\u00e3o no Sul-Americano Juvenil de Esportes Aqu\u00e1ticos foi marcado por grandes performances brasileiras. Kau\u00e3 Carvalho e Manuela Sega brilharam no Parque Aqu\u00e1tico Julio de Lamare, no Rio de Janeiro, conquistando o ouro com recordes de campeonato nos 50m peito. Os dois [&hellip;]\" \/>\n<meta property=\"og:url\" content=\"https:\/\/swimchannel.net\/br\/kaua-carvalho-e-manuela-sega-quebram-recordes-no-penultimo-dia-da-natacao-no-sul-americano-juvenil\/\" \/>\n<meta property=\"og:site_name\" content=\"Swimchannel\" \/>\n<meta property=\"article:publisher\" content=\"https:\/\/www.facebook.com\/swimchannel\" \/>\n<meta property=\"article:published_time\" content=\"2025-09-28T10:34:34+00:00\" \/>\n<meta property=\"og:image\" content=\"https:\/\/swimchannel.net\/br\/wp-content\/uploads\/2025\/09\/ntc_1759016714.jpg\" \/>\n\t<meta property=\"og:image:width\" content=\"1500\" \/>\n\t<meta property=\"og:image:height\" content=\"999\" \/>\n\t<meta property=\"og:image:type\" content=\"image\/jpeg\" \/>\n<meta name=\"author\" content=\"SwimChannel\" \/>\n<meta name=\"twitter:card\" content=\"summary_large_image\" \/>\n<meta name=\"twitter:label1\" content=\"Escrito por\" \/>\n\t<meta name=\"twitter:data1\" content=\"SwimChannel\" \/>\n\t<meta name=\"twitter:label2\" content=\"Est. tempo de leitura\" \/>\n\t<meta name=\"twitter:data2\" content=\"2 minutos\" \/>\n<script type=\"application\/ld+json\" class=\"yoast-schema-graph\">{\"@context\":\"https:\/\/schema.org\",\"@graph\":[{\"@type\":\"Article\",\"@id\":\"https:\/\/swimchannel.net\/br\/kaua-carvalho-e-manuela-sega-quebram-recordes-no-penultimo-dia-da-natacao-no-sul-americano-juvenil\/#article\",\"isPartOf\":{\"@id\":\"https:\/\/swimchannel.net\/br\/kaua-carvalho-e-manuela-sega-quebram-recordes-no-penultimo-dia-da-natacao-no-sul-americano-juvenil\/\"},\"author\":{\"name\":\"SwimChannel\",\"@id\":\"https:\/\/swimchannel.net\/br\/#\/schema\/person\/8b903436c3c0b427a4ec3402a0579c30\"},\"headline\":\"Kau\u00e3 Carvalho e Manuela Sega quebram recordes no pen\u00faltimo dia da nata\u00e7\u00e3o no Sul-Americano Juvenil\",\"datePublished\":\"2025-09-28T10:34:34+00:00\",\"mainEntityOfPage\":{\"@id\":\"https:\/\/swimchannel.net\/br\/kaua-carvalho-e-manuela-sega-quebram-recordes-no-penultimo-dia-da-natacao-no-sul-americano-juvenil\/\"},\"wordCount\":382,\"commentCount\":0,\"publisher\":{\"@id\":\"https:\/\/swimchannel.net\/br\/#organization\"},\"image\":{\"@id\":\"https:\/\/swimchannel.net\/br\/kaua-carvalho-e-manuela-sega-quebram-recordes-no-penultimo-dia-da-natacao-no-sul-americano-juvenil\/#primaryimage\"},\"thumbnailUrl\":\"https:\/\/swimchannel.net\/br\/wp-content\/uploads\/2025\/09\/ntc_1759016714.jpg\",\"keywords\":[\"Campeoanto Sul-Americano Juvenil\",\"Kau\u00e3 Carvalho\",\"Manuela Sega\",\"natacao\"],\"articleSection\":[\"Nata\u00e7\u00e3o\",\"\u00daltimas Not\u00edcias\"],\"inLanguage\":\"pt-BR\",\"potentialAction\":[{\"@type\":\"CommentAction\",\"name\":\"Comment\",\"target\":[\"https:\/\/swimchannel.net\/br\/kaua-carvalho-e-manuela-sega-quebram-recordes-no-penultimo-dia-da-natacao-no-sul-americano-juvenil\/#respond\"]}]},{\"@type\":\"WebPage\",\"@id\":\"https:\/\/swimchannel.net\/br\/kaua-carvalho-e-manuela-sega-quebram-recordes-no-penultimo-dia-da-natacao-no-sul-americano-juvenil\/\",\"url\":\"https:\/\/swimchannel.net\/br\/kaua-carvalho-e-manuela-sega-quebram-recordes-no-penultimo-dia-da-natacao-no-sul-americano-juvenil\/\",\"name\":\"Kau\u00e3 Carvalho e Manuela Sega quebram recordes no pen\u00faltimo dia da nata\u00e7\u00e3o no Sul-Americano Juvenil - Swimchannel\",\"isPartOf\":{\"@id\":\"https:\/\/swimchannel.net\/br\/#website\"},\"primaryImageOfPage\":{\"@id\":\"https:\/\/swimchannel.net\/br\/kaua-carvalho-e-manuela-sega-quebram-recordes-no-penultimo-dia-da-natacao-no-sul-americano-juvenil\/#primaryimage\"},\"image\":{\"@id\":\"https:\/\/swimchannel.net\/br\/kaua-carvalho-e-manuela-sega-quebram-recordes-no-penultimo-dia-da-natacao-no-sul-americano-juvenil\/#primaryimage\"},\"thumbnailUrl\":\"https:\/\/swimchannel.net\/br\/wp-content\/uploads\/2025\/09\/ntc_1759016714.jpg\",\"datePublished\":\"2025-09-28T10:34:34+00:00\",\"breadcrumb\":{\"@id\":\"https:\/\/swimchannel.net\/br\/kaua-carvalho-e-manuela-sega-quebram-recordes-no-penultimo-dia-da-natacao-no-sul-americano-juvenil\/#breadcrumb\"},\"inLanguage\":\"pt-BR\",\"potentialAction\":[{\"@type\":\"ReadAction\",\"target\":[\"https:\/\/swimchannel.net\/br\/kaua-carvalho-e-manuela-sega-quebram-recordes-no-penultimo-dia-da-natacao-no-sul-americano-juvenil\/\"]}]},{\"@type\":\"ImageObject\",\"inLanguage\":\"pt-BR\",\"@id\":\"https:\/\/swimchannel.net\/br\/kaua-carvalho-e-manuela-sega-quebram-recordes-no-penultimo-dia-da-natacao-no-sul-americano-juvenil\/#primaryimage\",\"url\":\"https:\/\/swimchannel.net\/br\/wp-content\/uploads\/2025\/09\/ntc_1759016714.jpg\",\"contentUrl\":\"https:\/\/swimchannel.net\/br\/wp-content\/uploads\/2025\/09\/ntc_1759016714.jpg\",\"width\":1500,\"height\":999},{\"@type\":\"BreadcrumbList\",\"@id\":\"https:\/\/swimchannel.net\/br\/kaua-carvalho-e-manuela-sega-quebram-recordes-no-penultimo-dia-da-natacao-no-sul-americano-juvenil\/#breadcrumb\",\"itemListElement\":[{\"@type\":\"ListItem\",\"position\":1,\"name\":\"Home\",\"item\":\"https:\/\/swimchannel.net\/br\/\"},{\"@type\":\"ListItem\",\"position\":2,\"name\":\"Kau\u00e3 Carvalho e Manuela Sega quebram recordes no pen\u00faltimo dia da nata\u00e7\u00e3o no Sul-Americano Juvenil\"}]},{\"@type\":\"WebSite\",\"@id\":\"https:\/\/swimchannel.net\/br\/#website\",\"url\":\"https:\/\/swimchannel.net\/br\/\",\"name\":\"Swimchannel\",\"description\":\"Maior portal de nata\u00e7\u00e3o da america latina\",\"publisher\":{\"@id\":\"https:\/\/swimchannel.net\/br\/#organization\"},\"potentialAction\":[{\"@type\":\"SearchAction\",\"target\":{\"@type\":\"EntryPoint\",\"urlTemplate\":\"https:\/\/swimchannel.net\/br\/?s={search_term_string}\"},\"query-input\":{\"@type\":\"PropertyValueSpecification\",\"valueRequired\":true,\"valueName\":\"search_term_string\"}}],\"inLanguage\":\"pt-BR\"},{\"@type\":\"Organization\",\"@id\":\"https:\/\/swimchannel.net\/br\/#organization\",\"name\":\"Swimchannel - Conectando voc\u00ea a Nata\u00e7\u00e3o\",\"url\":\"https:\/\/swimchannel.net\/br\/\",\"logo\":{\"@type\":\"ImageObject\",\"inLanguage\":\"pt-BR\",\"@id\":\"https:\/\/swimchannel.net\/br\/#\/schema\/logo\/image\/\",\"url\":\"https:\/\/swimchannel.net\/br\/wp-content\/uploads\/2026\/02\/SWIM-CHANNEL.png\",\"contentUrl\":\"https:\/\/swimchannel.net\/br\/wp-content\/uploads\/2026\/02\/SWIM-CHANNEL.png\",\"width\":1120,\"height\":630,\"caption\":\"Swimchannel - Conectando voc\u00ea a Nata\u00e7\u00e3o\"},\"image\":{\"@id\":\"https:\/\/swimchannel.net\/br\/#\/schema\/logo\/image\/\"},\"sameAs\":[\"https:\/\/www.facebook.com\/swimchannel\",\"https:\/\/www.instagram.com\/swimchannel\"]},{\"@type\":\"Person\",\"@id\":\"https:\/\/swimchannel.net\/br\/#\/schema\/person\/8b903436c3c0b427a4ec3402a0579c30\",\"name\":\"SwimChannel\",\"image\":{\"@type\":\"ImageObject\",\"inLanguage\":\"pt-BR\",\"@id\":\"https:\/\/swimchannel.net\/br\/#\/schema\/person\/image\/\",\"url\":\"https:\/\/swimchannel.net\/br\/wp-content\/uploads\/2021\/03\/SWIM-CHANNEL_JPG22-100x100.jpg\",\"contentUrl\":\"https:\/\/swimchannel.net\/br\/wp-content\/uploads\/2021\/03\/SWIM-CHANNEL_JPG22-100x100.jpg\",\"caption\":\"SwimChannel\"},\"url\":\"https:\/\/swimchannel.net\/br\/author\/swimchanneladmin\/\"}]}<\/script>\n<!-- \/ Yoast SEO plugin. -->","yoast_head_json":{"title":"Kau\u00e3 Carvalho e Manuela Sega quebram recordes no pen\u00faltimo dia da nata\u00e7\u00e3o no Sul-Americano Juvenil - Swimchannel","robots":{"index":"index","follow":"follow","max-snippet":"max-snippet:-1","max-image-preview":"max-image-preview:large","max-video-preview":"max-video-preview:-1"},"canonical":"https:\/\/swimchannel.net\/br\/kaua-carvalho-e-manuela-sega-quebram-recordes-no-penultimo-dia-da-natacao-no-sul-americano-juvenil\/","og_locale":"pt_BR","og_type":"article","og_title":"Kau\u00e3 Carvalho e Manuela Sega quebram recordes no pen\u00faltimo dia da nata\u00e7\u00e3o no Sul-Americano Juvenil - Swimchannel","og_description":"(Rio de Janeiro, 27 de setembro de 2025) O pen\u00faltimo dia de disputas da Nata\u00e7\u00e3o no Sul-Americano Juvenil de Esportes Aqu\u00e1ticos foi marcado por grandes performances brasileiras. Kau\u00e3 Carvalho e Manuela Sega brilharam no Parque Aqu\u00e1tico Julio de Lamare, no Rio de Janeiro, conquistando o ouro com recordes de campeonato nos 50m peito. Os dois [&hellip;]","og_url":"https:\/\/swimchannel.net\/br\/kaua-carvalho-e-manuela-sega-quebram-recordes-no-penultimo-dia-da-natacao-no-sul-americano-juvenil\/","og_site_name":"Swimchannel","article_publisher":"https:\/\/www.facebook.com\/swimchannel","article_published_time":"2025-09-28T10:34:34+00:00","og_image":[{"width":1500,"height":999,"url":"https:\/\/swimchannel.net\/br\/wp-content\/uploads\/2025\/09\/ntc_1759016714.jpg","type":"image\/jpeg"}],"author":"SwimChannel","twitter_card":"summary_large_image","twitter_misc":{"Escrito por":"SwimChannel","Est. tempo de leitura":"2 minutos"},"schema":{"@context":"https:\/\/schema.org","@graph":[{"@type":"Article","@id":"https:\/\/swimchannel.net\/br\/kaua-carvalho-e-manuela-sega-quebram-recordes-no-penultimo-dia-da-natacao-no-sul-americano-juvenil\/#article","isPartOf":{"@id":"https:\/\/swimchannel.net\/br\/kaua-carvalho-e-manuela-sega-quebram-recordes-no-penultimo-dia-da-natacao-no-sul-americano-juvenil\/"},"author":{"name":"SwimChannel","@id":"https:\/\/swimchannel.net\/br\/#\/schema\/person\/8b903436c3c0b427a4ec3402a0579c30"},"headline":"Kau\u00e3 Carvalho e Manuela Sega quebram recordes no pen\u00faltimo dia da nata\u00e7\u00e3o no Sul-Americano Juvenil","datePublished":"2025-09-28T10:34:34+00:00","mainEntityOfPage":{"@id":"https:\/\/swimchannel.net\/br\/kaua-carvalho-e-manuela-sega-quebram-recordes-no-penultimo-dia-da-natacao-no-sul-americano-juvenil\/"},"wordCount":382,"commentCount":0,"publisher":{"@id":"https:\/\/swimchannel.net\/br\/#organization"},"image":{"@id":"https:\/\/swimchannel.net\/br\/kaua-carvalho-e-manuela-sega-quebram-recordes-no-penultimo-dia-da-natacao-no-sul-americano-juvenil\/#primaryimage"},"thumbnailUrl":"https:\/\/swimchannel.net\/br\/wp-content\/uploads\/2025\/09\/ntc_1759016714.jpg","keywords":["Campeoanto Sul-Americano Juvenil","Kau\u00e3 Carvalho","Manuela Sega","natacao"],"articleSection":["Nata\u00e7\u00e3o","\u00daltimas Not\u00edcias"],"inLanguage":"pt-BR","potentialAction":[{"@type":"CommentAction","name":"Comment","target":["https:\/\/swimchannel.net\/br\/kaua-carvalho-e-manuela-sega-quebram-recordes-no-penultimo-dia-da-natacao-no-sul-americano-juvenil\/#respond"]}]},{"@type":"WebPage","@id":"https:\/\/swimchannel.net\/br\/kaua-carvalho-e-manuela-sega-quebram-recordes-no-penultimo-dia-da-natacao-no-sul-americano-juvenil\/","url":"https:\/\/swimchannel.net\/br\/kaua-carvalho-e-manuela-sega-quebram-recordes-no-penultimo-dia-da-natacao-no-sul-americano-juvenil\/","name":"Kau\u00e3 Carvalho e Manuela Sega quebram recordes no pen\u00faltimo dia da nata\u00e7\u00e3o no Sul-Americano Juvenil - Swimchannel","isPartOf":{"@id":"https:\/\/swimchannel.net\/br\/#website"},"primaryImageOfPage":{"@id":"https:\/\/swimchannel.net\/br\/kaua-carvalho-e-manuela-sega-quebram-recordes-no-penultimo-dia-da-natacao-no-sul-americano-juvenil\/#primaryimage"},"image":{"@id":"https:\/\/swimchannel.net\/br\/kaua-carvalho-e-manuela-sega-quebram-recordes-no-penultimo-dia-da-natacao-no-sul-americano-juvenil\/#primaryimage"},"thumbnailUrl":"https:\/\/swimchannel.net\/br\/wp-content\/uploads\/2025\/09\/ntc_1759016714.jpg","datePublished":"2025-09-28T10:34:34+00:00","breadcrumb":{"@id":"https:\/\/swimchannel.net\/br\/kaua-carvalho-e-manuela-sega-quebram-recordes-no-penultimo-dia-da-natacao-no-sul-americano-juvenil\/#breadcrumb"},"inLanguage":"pt-BR","potentialAction":[{"@type":"ReadAction","target":["https:\/\/swimchannel.net\/br\/kaua-carvalho-e-manuela-sega-quebram-recordes-no-penultimo-dia-da-natacao-no-sul-americano-juvenil\/"]}]},{"@type":"ImageObject","inLanguage":"pt-BR","@id":"https:\/\/swimchannel.net\/br\/kaua-carvalho-e-manuela-sega-quebram-recordes-no-penultimo-dia-da-natacao-no-sul-americano-juvenil\/#primaryimage","url":"https:\/\/swimchannel.net\/br\/wp-content\/uploads\/2025\/09\/ntc_1759016714.jpg","contentUrl":"https:\/\/swimchannel.net\/br\/wp-content\/uploads\/2025\/09\/ntc_1759016714.jpg","width":1500,"height":999},{"@type":"BreadcrumbList","@id":"https:\/\/swimchannel.net\/br\/kaua-carvalho-e-manuela-sega-quebram-recordes-no-penultimo-dia-da-natacao-no-sul-americano-juvenil\/#breadcrumb","itemListElement":[{"@type":"ListItem","position":1,"name":"Home","item":"https:\/\/swimchannel.net\/br\/"},{"@type":"ListItem","position":2,"name":"Kau\u00e3 Carvalho e Manuela Sega quebram recordes no pen\u00faltimo dia da nata\u00e7\u00e3o no Sul-Americano Juvenil"}]},{"@type":"WebSite","@id":"https:\/\/swimchannel.net\/br\/#website","url":"https:\/\/swimchannel.net\/br\/","name":"Swimchannel","description":"Maior portal de nata\u00e7\u00e3o da america latina","publisher":{"@id":"https:\/\/swimchannel.net\/br\/#organization"},"potentialAction":[{"@type":"SearchAction","target":{"@type":"EntryPoint","urlTemplate":"https:\/\/swimchannel.net\/br\/?s={search_term_string}"},"query-input":{"@type":"PropertyValueSpecification","valueRequired":true,"valueName":"search_term_string"}}],"inLanguage":"pt-BR"},{"@type":"Organization","@id":"https:\/\/swimchannel.net\/br\/#organization","name":"Swimchannel - Conectando voc\u00ea a Nata\u00e7\u00e3o","url":"https:\/\/swimchannel.net\/br\/","logo":{"@type":"ImageObject","inLanguage":"pt-BR","@id":"https:\/\/swimchannel.net\/br\/#\/schema\/logo\/image\/","url":"https:\/\/swimchannel.net\/br\/wp-content\/uploads\/2026\/02\/SWIM-CHANNEL.png","contentUrl":"https:\/\/swimchannel.net\/br\/wp-content\/uploads\/2026\/02\/SWIM-CHANNEL.png","width":1120,"height":630,"caption":"Swimchannel - Conectando voc\u00ea a Nata\u00e7\u00e3o"},"image":{"@id":"https:\/\/swimchannel.net\/br\/#\/schema\/logo\/image\/"},"sameAs":["https:\/\/www.facebook.com\/swimchannel","https:\/\/www.instagram.com\/swimchannel"]},{"@type":"Person","@id":"https:\/\/swimchannel.net\/br\/#\/schema\/person\/8b903436c3c0b427a4ec3402a0579c30","name":"SwimChannel","image":{"@type":"ImageObject","inLanguage":"pt-BR","@id":"https:\/\/swimchannel.net\/br\/#\/schema\/person\/image\/","url":"https:\/\/swimchannel.net\/br\/wp-content\/uploads\/2021\/03\/SWIM-CHANNEL_JPG22-100x100.jpg","contentUrl":"https:\/\/swimchannel.net\/br\/wp-content\/uploads\/2021\/03\/SWIM-CHANNEL_JPG22-100x100.jpg","caption":"SwimChannel"},"url":"https:\/\/swimchannel.net\/br\/author\/swimchanneladmin\/"}]}},"_links":{"self":[{"href":"https:\/\/swimchannel.net\/br\/wp-json\/wp\/v2\/posts\/76286","targetHints":{"allow":["GET"]}}],"collection":[{"href":"https:\/\/swimchannel.net\/br\/wp-json\/wp\/v2\/posts"}],"about":[{"href":"https:\/\/swimchannel.net\/br\/wp-json\/wp\/v2\/types\/post"}],"author":[{"embeddable":true,"href":"https:\/\/swimchannel.net\/br\/wp-json\/wp\/v2\/users\/2"}],"replies":[{"embeddable":true,"href":"https:\/\/swimchannel.net\/br\/wp-json\/wp\/v2\/comments?post=76286"}],"version-history":[{"count":1,"href":"https:\/\/swimchannel.net\/br\/wp-json\/wp\/v2\/posts\/76286\/revisions"}],"predecessor-version":[{"id":76290,"href":"https:\/\/swimchannel.net\/br\/wp-json\/wp\/v2\/posts\/76286\/revisions\/76290"}],"wp:featuredmedia":[{"embeddable":true,"href":"https:\/\/swimchannel.net\/br\/wp-json\/wp\/v2\/media\/76289"}],"wp:attachment":[{"href":"https:\/\/swimchannel.net\/br\/wp-json\/wp\/v2\/media?parent=76286"}],"wp:term":[{"taxonomy":"category","embeddable":true,"href":"https:\/\/swimchannel.net\/br\/wp-json\/wp\/v2\/categories?post=76286"},{"taxonomy":"post_tag","embeddable":true,"href":"https:\/\/swimchannel.net\/br\/wp-json\/wp\/v2\/tags?post=76286"}],"curies":[{"name":"wp","href":"https:\/\/api.w.org\/{rel}","templated":true}]}}