{"id":76304,"date":"2025-09-28T21:21:34","date_gmt":"2025-09-29T00:21:34","guid":{"rendered":"https:\/\/swimchannel.net\/br\/?p=76304"},"modified":"2025-09-28T21:41:23","modified_gmt":"2025-09-29T00:41:23","slug":"brasil-e-campeao-geral-na-natacao-e-no-nado-artistico-ao-fim-da-primeira-semana-de-sul-americano-juvenil","status":"publish","type":"post","link":"https:\/\/swimchannel.net\/br\/brasil-e-campeao-geral-na-natacao-e-no-nado-artistico-ao-fim-da-primeira-semana-de-sul-americano-juvenil\/","title":{"rendered":"Brasil \u00e9 campe\u00e3o geral na nata\u00e7\u00e3o e no nado art\u00edstico ao fim da primeira semana de Sul-Americano Juvenil"},"content":{"rendered":"<p>(Rio de Janeiro, 28 de setembro de 2025) O Brasil terminou a primeira semana de Campeonato Sul-Americano Juvenil de Esportes Aqu\u00e1ticos com o t\u00edtulo da Nata\u00e7\u00e3o e do Nado Art\u00edstico. A competi\u00e7\u00e3o, realizada no Rio de Janeiro, continua nesta pr\u00f3xima semana com Polo Aqu\u00e1tico, Saltos Ornamentais e \u00c1guas Abertas.<\/p>\n<p>Com 1104,50 pontos, a sele\u00e7\u00e3o brasileira de Nata\u00e7\u00e3o conquistou o t\u00edtulo geral da competi\u00e7\u00e3o mais uma vez. Ao todo, o Brasil somou 44 medalhas de ouro, 40 de prata e 21 de bronze ao longo dos cinco dias de competi\u00e7\u00e3o. O trof\u00e9u de vice-campe\u00e3o foi para a Argentina e o de bronze para a Col\u00f4mbia.<\/p>\n<p><img loading=\"lazy\" decoding=\"async\" class=\"alignnone size-large wp-image-76305\" src=\"https:\/\/swimchannel.net\/br\/wp-content\/uploads\/2025\/09\/54817676842_22c78e12f9_k-1200x800.jpg\" alt=\"\" width=\"1200\" height=\"800\" srcset=\"https:\/\/swimchannel.net\/br\/wp-content\/uploads\/2025\/09\/54817676842_22c78e12f9_k-1200x800.jpg 1200w, https:\/\/swimchannel.net\/br\/wp-content\/uploads\/2025\/09\/54817676842_22c78e12f9_k-1013x675.jpg 1013w, https:\/\/swimchannel.net\/br\/wp-content\/uploads\/2025\/09\/54817676842_22c78e12f9_k-270x180.jpg 270w, https:\/\/swimchannel.net\/br\/wp-content\/uploads\/2025\/09\/54817676842_22c78e12f9_k-768x512.jpg 768w, https:\/\/swimchannel.net\/br\/wp-content\/uploads\/2025\/09\/54817676842_22c78e12f9_k-1536x1024.jpg 1536w, https:\/\/swimchannel.net\/br\/wp-content\/uploads\/2025\/09\/54817676842_22c78e12f9_k-750x500.jpg 750w, https:\/\/swimchannel.net\/br\/wp-content\/uploads\/2025\/09\/54817676842_22c78e12f9_k-1140x760.jpg 1140w, https:\/\/swimchannel.net\/br\/wp-content\/uploads\/2025\/09\/54817676842_22c78e12f9_k.jpg 1920w\" sizes=\"auto, (max-width: 1200px) 100vw, 1200px\" \/><\/p>\n<p>Os pr\u00eamios de Se\u00f1or de Sipan tamb\u00e9m foi dividido entre Brasil e Argentina. O Brasil levou a melhor no masculino com Lucas D\u00e9, pelo seu tempo de 1:50.03 nos 200m livre, e Lucio Flavio de Paula, com seu 52.50 nos 100m borboleta.<\/p>\n<p>&nbsp;<\/p>\n<p><strong>Nado Art\u00edstico<\/strong><\/p>\n<p>O Brasil fez bonito no Parque Aqu\u00e1tico Julio de Lamare e conquistou o t\u00edtulo geral do Nado Art\u00edstico no Campeonato Sul-Americano Juvenil de Esportes Aqu\u00e1ticos. Com atua\u00e7\u00f5es consistentes nas categorias Juvenil e Junior, o time brasileiro somou 222 pontos e levou para casa a ta\u00e7a de campe\u00e3 continental. O Chile ficou com a segunda coloca\u00e7\u00e3o, com 208 pontos, enquanto a Col\u00f4mbia encerrou a competi\u00e7\u00e3o em terceiro lugar, com 204 pontos.<\/p>\n<p>No Juvenil, a Col\u00f4mbia terminou na frente com 101 pontos, seguida pelo Brasil (64) e Chile (56). J\u00e1 no Junior, os brasileiros dominaram a disputa, alcan\u00e7ando 158 pontos contra 152 do Chile e 103 da Col\u00f4mbia.<\/p>\n<p><img loading=\"lazy\" decoding=\"async\" class=\"alignnone size-large wp-image-76306\" src=\"https:\/\/swimchannel.net\/br\/wp-content\/uploads\/2025\/09\/54818328930_fd045b7e46_k-1200x800.jpg\" alt=\"\" width=\"1200\" height=\"800\" srcset=\"https:\/\/swimchannel.net\/br\/wp-content\/uploads\/2025\/09\/54818328930_fd045b7e46_k-1200x800.jpg 1200w, https:\/\/swimchannel.net\/br\/wp-content\/uploads\/2025\/09\/54818328930_fd045b7e46_k-1013x675.jpg 1013w, https:\/\/swimchannel.net\/br\/wp-content\/uploads\/2025\/09\/54818328930_fd045b7e46_k-270x180.jpg 270w, https:\/\/swimchannel.net\/br\/wp-content\/uploads\/2025\/09\/54818328930_fd045b7e46_k-768x512.jpg 768w, https:\/\/swimchannel.net\/br\/wp-content\/uploads\/2025\/09\/54818328930_fd045b7e46_k-1536x1024.jpg 1536w, https:\/\/swimchannel.net\/br\/wp-content\/uploads\/2025\/09\/54818328930_fd045b7e46_k-750x500.jpg 750w, https:\/\/swimchannel.net\/br\/wp-content\/uploads\/2025\/09\/54818328930_fd045b7e46_k-1140x760.jpg 1140w, https:\/\/swimchannel.net\/br\/wp-content\/uploads\/2025\/09\/54818328930_fd045b7e46_k.jpg 1920w\" sizes=\"auto, (max-width: 1200px) 100vw, 1200px\" \/><\/p>\n<p>Al\u00e9m dos resultados coletivos, a CONSADA (Confedera\u00e7\u00e3o Sul-Americana de Desportos Aqu\u00e1ticos) concedeu a honraria m\u00e1xima do Nado Art\u00edstico, o pr\u00eamio \u201cSe\u00f1or de Sip\u00e1n\u201d, aos atletas Isabella Qui\u00f1onez (COL), Joaquin Espinoza (ECU), Theodora Garrido (CHI) e Nicolas Campos (CHI), reconhecendo os talentos que brilharam na piscina carioca.<\/p>\n<p>A segunda-feira (29) ser\u00e1 de quatro jogos de Polo Aqu\u00e1tico no Parque Aqu\u00e1tico Julio de Lamare. A partir de ter\u00e7a-feira (30) ser\u00e1 a vez dos Saltos Ornamentais come\u00e7arem as disputas. As provas de \u00c1guas Abertas come\u00e7am na quarta-feira (1\u00ba).<\/p>\n<p>&nbsp;<\/p>\n<p>Fonte CBDA<\/p>\n<p>Mat\u00e9ria original: <a href=\"https:\/\/www.cbda.org.br\/noticia\/21218\/brasil-e-campeao-geral-na-natacao-e-no-nado-artistico-ao-fim-da-1-semana-de-sul-americano-juvenil\">https:\/\/www.cbda.org.br\/noticia\/21218\/brasil-e-campeao-geral-na-natacao-e-no-nado-artistico-ao-fim-da-1-semana-de-sul-americano-juvenil<\/a><\/p>\n<p>&nbsp;<\/p>\n<p>Gostaria de receber as not\u00edcias de nata\u00e7\u00e3o e \u00e1guas abertas no seu email?<\/p>\n<p><a href=\"https:\/\/lpa.nitro.news\/n-GNe\/ultimas-noticias-swim-channel\">Cadastre-se aqui<\/a><\/p>\n<p>&nbsp;<\/p>\n","protected":false},"excerpt":{"rendered":"<p>(Rio de Janeiro, 28 de setembro de 2025) O Brasil terminou a primeira semana de Campeonato Sul-Americano Juvenil de Esportes Aqu\u00e1ticos com o t\u00edtulo da Nata\u00e7\u00e3o e do Nado Art\u00edstico. A competi\u00e7\u00e3o, realizada no Rio de Janeiro, continua nesta pr\u00f3xima semana com Polo Aqu\u00e1tico, Saltos Ornamentais e \u00c1guas Abertas. Com 1104,50 pontos, a sele\u00e7\u00e3o brasileira [&hellip;]<\/p>\n","protected":false},"author":2,"featured_media":76309,"comment_status":"open","ping_status":"open","sticky":false,"template":"","format":"standard","meta":{"footnotes":""},"categories":[137,2576],"tags":[5518,5],"class_list":["post-76304","post","type-post","status-publish","format-standard","has-post-thumbnail","hentry","category-natacao","category-ultimas-noticias","tag-campeoanto-sul-americano-juvenil","tag-natacao"],"yoast_head":"<!-- This site is optimized with the Yoast SEO plugin v27.0 - https:\/\/yoast.com\/product\/yoast-seo-wordpress\/ -->\n<title>Brasil \u00e9 campe\u00e3o geral na nata\u00e7\u00e3o e no nado art\u00edstico ao fim da primeira semana de Sul-Americano Juvenil - Swimchannel<\/title>\n<meta name=\"robots\" content=\"index, follow, max-snippet:-1, max-image-preview:large, max-video-preview:-1\" \/>\n<link rel=\"canonical\" href=\"https:\/\/swimchannel.net\/br\/brasil-e-campeao-geral-na-natacao-e-no-nado-artistico-ao-fim-da-primeira-semana-de-sul-americano-juvenil\/\" \/>\n<meta property=\"og:locale\" content=\"pt_BR\" \/>\n<meta property=\"og:type\" content=\"article\" \/>\n<meta property=\"og:title\" content=\"Brasil \u00e9 campe\u00e3o geral na nata\u00e7\u00e3o e no nado art\u00edstico ao fim da primeira semana de Sul-Americano Juvenil - Swimchannel\" \/>\n<meta property=\"og:description\" content=\"(Rio de Janeiro, 28 de setembro de 2025) O Brasil terminou a primeira semana de Campeonato Sul-Americano Juvenil de Esportes Aqu\u00e1ticos com o t\u00edtulo da Nata\u00e7\u00e3o e do Nado Art\u00edstico. A competi\u00e7\u00e3o, realizada no Rio de Janeiro, continua nesta pr\u00f3xima semana com Polo Aqu\u00e1tico, Saltos Ornamentais e \u00c1guas Abertas. Com 1104,50 pontos, a sele\u00e7\u00e3o brasileira [&hellip;]\" \/>\n<meta property=\"og:url\" content=\"https:\/\/swimchannel.net\/br\/brasil-e-campeao-geral-na-natacao-e-no-nado-artistico-ao-fim-da-primeira-semana-de-sul-americano-juvenil\/\" \/>\n<meta property=\"og:site_name\" content=\"Swimchannel\" \/>\n<meta property=\"article:publisher\" content=\"https:\/\/www.facebook.com\/swimchannel\" \/>\n<meta property=\"article:published_time\" content=\"2025-09-29T00:21:34+00:00\" \/>\n<meta property=\"article:modified_time\" content=\"2025-09-29T00:41:23+00:00\" \/>\n<meta property=\"og:image\" content=\"https:\/\/swimchannel.net\/br\/wp-content\/uploads\/2025\/09\/ntc_1759104023.jpg\" \/>\n\t<meta property=\"og:image:width\" content=\"1500\" \/>\n\t<meta property=\"og:image:height\" content=\"999\" \/>\n\t<meta property=\"og:image:type\" content=\"image\/jpeg\" \/>\n<meta name=\"author\" content=\"SwimChannel\" \/>\n<meta name=\"twitter:card\" content=\"summary_large_image\" \/>\n<meta name=\"twitter:label1\" content=\"Escrito por\" \/>\n\t<meta name=\"twitter:data1\" content=\"SwimChannel\" \/>\n\t<meta name=\"twitter:label2\" content=\"Est. tempo de leitura\" \/>\n\t<meta name=\"twitter:data2\" content=\"2 minutos\" \/>\n<script type=\"application\/ld+json\" class=\"yoast-schema-graph\">{\"@context\":\"https:\/\/schema.org\",\"@graph\":[{\"@type\":\"Article\",\"@id\":\"https:\/\/swimchannel.net\/br\/brasil-e-campeao-geral-na-natacao-e-no-nado-artistico-ao-fim-da-primeira-semana-de-sul-americano-juvenil\/#article\",\"isPartOf\":{\"@id\":\"https:\/\/swimchannel.net\/br\/brasil-e-campeao-geral-na-natacao-e-no-nado-artistico-ao-fim-da-primeira-semana-de-sul-americano-juvenil\/\"},\"author\":{\"name\":\"SwimChannel\",\"@id\":\"https:\/\/swimchannel.net\/br\/#\/schema\/person\/8b903436c3c0b427a4ec3402a0579c30\"},\"headline\":\"Brasil \u00e9 campe\u00e3o geral na nata\u00e7\u00e3o e no nado art\u00edstico ao fim da primeira semana de Sul-Americano Juvenil\",\"datePublished\":\"2025-09-29T00:21:34+00:00\",\"dateModified\":\"2025-09-29T00:41:23+00:00\",\"mainEntityOfPage\":{\"@id\":\"https:\/\/swimchannel.net\/br\/brasil-e-campeao-geral-na-natacao-e-no-nado-artistico-ao-fim-da-primeira-semana-de-sul-americano-juvenil\/\"},\"wordCount\":418,\"commentCount\":0,\"publisher\":{\"@id\":\"https:\/\/swimchannel.net\/br\/#organization\"},\"image\":{\"@id\":\"https:\/\/swimchannel.net\/br\/brasil-e-campeao-geral-na-natacao-e-no-nado-artistico-ao-fim-da-primeira-semana-de-sul-americano-juvenil\/#primaryimage\"},\"thumbnailUrl\":\"https:\/\/swimchannel.net\/br\/wp-content\/uploads\/2025\/09\/ntc_1759104023.jpg\",\"keywords\":[\"Campeoanto Sul-Americano Juvenil\",\"natacao\"],\"articleSection\":[\"Nata\u00e7\u00e3o\",\"\u00daltimas Not\u00edcias\"],\"inLanguage\":\"pt-BR\",\"potentialAction\":[{\"@type\":\"CommentAction\",\"name\":\"Comment\",\"target\":[\"https:\/\/swimchannel.net\/br\/brasil-e-campeao-geral-na-natacao-e-no-nado-artistico-ao-fim-da-primeira-semana-de-sul-americano-juvenil\/#respond\"]}]},{\"@type\":\"WebPage\",\"@id\":\"https:\/\/swimchannel.net\/br\/brasil-e-campeao-geral-na-natacao-e-no-nado-artistico-ao-fim-da-primeira-semana-de-sul-americano-juvenil\/\",\"url\":\"https:\/\/swimchannel.net\/br\/brasil-e-campeao-geral-na-natacao-e-no-nado-artistico-ao-fim-da-primeira-semana-de-sul-americano-juvenil\/\",\"name\":\"Brasil \u00e9 campe\u00e3o geral na nata\u00e7\u00e3o e no nado art\u00edstico ao fim da primeira semana de Sul-Americano Juvenil - Swimchannel\",\"isPartOf\":{\"@id\":\"https:\/\/swimchannel.net\/br\/#website\"},\"primaryImageOfPage\":{\"@id\":\"https:\/\/swimchannel.net\/br\/brasil-e-campeao-geral-na-natacao-e-no-nado-artistico-ao-fim-da-primeira-semana-de-sul-americano-juvenil\/#primaryimage\"},\"image\":{\"@id\":\"https:\/\/swimchannel.net\/br\/brasil-e-campeao-geral-na-natacao-e-no-nado-artistico-ao-fim-da-primeira-semana-de-sul-americano-juvenil\/#primaryimage\"},\"thumbnailUrl\":\"https:\/\/swimchannel.net\/br\/wp-content\/uploads\/2025\/09\/ntc_1759104023.jpg\",\"datePublished\":\"2025-09-29T00:21:34+00:00\",\"dateModified\":\"2025-09-29T00:41:23+00:00\",\"breadcrumb\":{\"@id\":\"https:\/\/swimchannel.net\/br\/brasil-e-campeao-geral-na-natacao-e-no-nado-artistico-ao-fim-da-primeira-semana-de-sul-americano-juvenil\/#breadcrumb\"},\"inLanguage\":\"pt-BR\",\"potentialAction\":[{\"@type\":\"ReadAction\",\"target\":[\"https:\/\/swimchannel.net\/br\/brasil-e-campeao-geral-na-natacao-e-no-nado-artistico-ao-fim-da-primeira-semana-de-sul-americano-juvenil\/\"]}]},{\"@type\":\"ImageObject\",\"inLanguage\":\"pt-BR\",\"@id\":\"https:\/\/swimchannel.net\/br\/brasil-e-campeao-geral-na-natacao-e-no-nado-artistico-ao-fim-da-primeira-semana-de-sul-americano-juvenil\/#primaryimage\",\"url\":\"https:\/\/swimchannel.net\/br\/wp-content\/uploads\/2025\/09\/ntc_1759104023.jpg\",\"contentUrl\":\"https:\/\/swimchannel.net\/br\/wp-content\/uploads\/2025\/09\/ntc_1759104023.jpg\",\"width\":1500,\"height\":999},{\"@type\":\"BreadcrumbList\",\"@id\":\"https:\/\/swimchannel.net\/br\/brasil-e-campeao-geral-na-natacao-e-no-nado-artistico-ao-fim-da-primeira-semana-de-sul-americano-juvenil\/#breadcrumb\",\"itemListElement\":[{\"@type\":\"ListItem\",\"position\":1,\"name\":\"Home\",\"item\":\"https:\/\/swimchannel.net\/br\/\"},{\"@type\":\"ListItem\",\"position\":2,\"name\":\"Brasil \u00e9 campe\u00e3o geral na nata\u00e7\u00e3o e no nado art\u00edstico ao fim da primeira semana de Sul-Americano Juvenil\"}]},{\"@type\":\"WebSite\",\"@id\":\"https:\/\/swimchannel.net\/br\/#website\",\"url\":\"https:\/\/swimchannel.net\/br\/\",\"name\":\"Swimchannel\",\"description\":\"Maior portal de nata\u00e7\u00e3o da america latina\",\"publisher\":{\"@id\":\"https:\/\/swimchannel.net\/br\/#organization\"},\"potentialAction\":[{\"@type\":\"SearchAction\",\"target\":{\"@type\":\"EntryPoint\",\"urlTemplate\":\"https:\/\/swimchannel.net\/br\/?s={search_term_string}\"},\"query-input\":{\"@type\":\"PropertyValueSpecification\",\"valueRequired\":true,\"valueName\":\"search_term_string\"}}],\"inLanguage\":\"pt-BR\"},{\"@type\":\"Organization\",\"@id\":\"https:\/\/swimchannel.net\/br\/#organization\",\"name\":\"Swimchannel - Conectando voc\u00ea a Nata\u00e7\u00e3o\",\"url\":\"https:\/\/swimchannel.net\/br\/\",\"logo\":{\"@type\":\"ImageObject\",\"inLanguage\":\"pt-BR\",\"@id\":\"https:\/\/swimchannel.net\/br\/#\/schema\/logo\/image\/\",\"url\":\"https:\/\/swimchannel.net\/br\/wp-content\/uploads\/2026\/02\/SWIM-CHANNEL.png\",\"contentUrl\":\"https:\/\/swimchannel.net\/br\/wp-content\/uploads\/2026\/02\/SWIM-CHANNEL.png\",\"width\":1120,\"height\":630,\"caption\":\"Swimchannel - Conectando voc\u00ea a Nata\u00e7\u00e3o\"},\"image\":{\"@id\":\"https:\/\/swimchannel.net\/br\/#\/schema\/logo\/image\/\"},\"sameAs\":[\"https:\/\/www.facebook.com\/swimchannel\",\"https:\/\/www.instagram.com\/swimchannel\"]},{\"@type\":\"Person\",\"@id\":\"https:\/\/swimchannel.net\/br\/#\/schema\/person\/8b903436c3c0b427a4ec3402a0579c30\",\"name\":\"SwimChannel\",\"image\":{\"@type\":\"ImageObject\",\"inLanguage\":\"pt-BR\",\"@id\":\"https:\/\/swimchannel.net\/br\/#\/schema\/person\/image\/\",\"url\":\"https:\/\/swimchannel.net\/br\/wp-content\/uploads\/2021\/03\/SWIM-CHANNEL_JPG22-100x100.jpg\",\"contentUrl\":\"https:\/\/swimchannel.net\/br\/wp-content\/uploads\/2021\/03\/SWIM-CHANNEL_JPG22-100x100.jpg\",\"caption\":\"SwimChannel\"},\"url\":\"https:\/\/swimchannel.net\/br\/author\/swimchanneladmin\/\"}]}<\/script>\n<!-- \/ Yoast SEO plugin. -->","yoast_head_json":{"title":"Brasil \u00e9 campe\u00e3o geral na nata\u00e7\u00e3o e no nado art\u00edstico ao fim da primeira semana de Sul-Americano Juvenil - Swimchannel","robots":{"index":"index","follow":"follow","max-snippet":"max-snippet:-1","max-image-preview":"max-image-preview:large","max-video-preview":"max-video-preview:-1"},"canonical":"https:\/\/swimchannel.net\/br\/brasil-e-campeao-geral-na-natacao-e-no-nado-artistico-ao-fim-da-primeira-semana-de-sul-americano-juvenil\/","og_locale":"pt_BR","og_type":"article","og_title":"Brasil \u00e9 campe\u00e3o geral na nata\u00e7\u00e3o e no nado art\u00edstico ao fim da primeira semana de Sul-Americano Juvenil - Swimchannel","og_description":"(Rio de Janeiro, 28 de setembro de 2025) O Brasil terminou a primeira semana de Campeonato Sul-Americano Juvenil de Esportes Aqu\u00e1ticos com o t\u00edtulo da Nata\u00e7\u00e3o e do Nado Art\u00edstico. A competi\u00e7\u00e3o, realizada no Rio de Janeiro, continua nesta pr\u00f3xima semana com Polo Aqu\u00e1tico, Saltos Ornamentais e \u00c1guas Abertas. Com 1104,50 pontos, a sele\u00e7\u00e3o brasileira [&hellip;]","og_url":"https:\/\/swimchannel.net\/br\/brasil-e-campeao-geral-na-natacao-e-no-nado-artistico-ao-fim-da-primeira-semana-de-sul-americano-juvenil\/","og_site_name":"Swimchannel","article_publisher":"https:\/\/www.facebook.com\/swimchannel","article_published_time":"2025-09-29T00:21:34+00:00","article_modified_time":"2025-09-29T00:41:23+00:00","og_image":[{"width":1500,"height":999,"url":"https:\/\/swimchannel.net\/br\/wp-content\/uploads\/2025\/09\/ntc_1759104023.jpg","type":"image\/jpeg"}],"author":"SwimChannel","twitter_card":"summary_large_image","twitter_misc":{"Escrito por":"SwimChannel","Est. tempo de leitura":"2 minutos"},"schema":{"@context":"https:\/\/schema.org","@graph":[{"@type":"Article","@id":"https:\/\/swimchannel.net\/br\/brasil-e-campeao-geral-na-natacao-e-no-nado-artistico-ao-fim-da-primeira-semana-de-sul-americano-juvenil\/#article","isPartOf":{"@id":"https:\/\/swimchannel.net\/br\/brasil-e-campeao-geral-na-natacao-e-no-nado-artistico-ao-fim-da-primeira-semana-de-sul-americano-juvenil\/"},"author":{"name":"SwimChannel","@id":"https:\/\/swimchannel.net\/br\/#\/schema\/person\/8b903436c3c0b427a4ec3402a0579c30"},"headline":"Brasil \u00e9 campe\u00e3o geral na nata\u00e7\u00e3o e no nado art\u00edstico ao fim da primeira semana de Sul-Americano Juvenil","datePublished":"2025-09-29T00:21:34+00:00","dateModified":"2025-09-29T00:41:23+00:00","mainEntityOfPage":{"@id":"https:\/\/swimchannel.net\/br\/brasil-e-campeao-geral-na-natacao-e-no-nado-artistico-ao-fim-da-primeira-semana-de-sul-americano-juvenil\/"},"wordCount":418,"commentCount":0,"publisher":{"@id":"https:\/\/swimchannel.net\/br\/#organization"},"image":{"@id":"https:\/\/swimchannel.net\/br\/brasil-e-campeao-geral-na-natacao-e-no-nado-artistico-ao-fim-da-primeira-semana-de-sul-americano-juvenil\/#primaryimage"},"thumbnailUrl":"https:\/\/swimchannel.net\/br\/wp-content\/uploads\/2025\/09\/ntc_1759104023.jpg","keywords":["Campeoanto Sul-Americano Juvenil","natacao"],"articleSection":["Nata\u00e7\u00e3o","\u00daltimas Not\u00edcias"],"inLanguage":"pt-BR","potentialAction":[{"@type":"CommentAction","name":"Comment","target":["https:\/\/swimchannel.net\/br\/brasil-e-campeao-geral-na-natacao-e-no-nado-artistico-ao-fim-da-primeira-semana-de-sul-americano-juvenil\/#respond"]}]},{"@type":"WebPage","@id":"https:\/\/swimchannel.net\/br\/brasil-e-campeao-geral-na-natacao-e-no-nado-artistico-ao-fim-da-primeira-semana-de-sul-americano-juvenil\/","url":"https:\/\/swimchannel.net\/br\/brasil-e-campeao-geral-na-natacao-e-no-nado-artistico-ao-fim-da-primeira-semana-de-sul-americano-juvenil\/","name":"Brasil \u00e9 campe\u00e3o geral na nata\u00e7\u00e3o e no nado art\u00edstico ao fim da primeira semana de Sul-Americano Juvenil - Swimchannel","isPartOf":{"@id":"https:\/\/swimchannel.net\/br\/#website"},"primaryImageOfPage":{"@id":"https:\/\/swimchannel.net\/br\/brasil-e-campeao-geral-na-natacao-e-no-nado-artistico-ao-fim-da-primeira-semana-de-sul-americano-juvenil\/#primaryimage"},"image":{"@id":"https:\/\/swimchannel.net\/br\/brasil-e-campeao-geral-na-natacao-e-no-nado-artistico-ao-fim-da-primeira-semana-de-sul-americano-juvenil\/#primaryimage"},"thumbnailUrl":"https:\/\/swimchannel.net\/br\/wp-content\/uploads\/2025\/09\/ntc_1759104023.jpg","datePublished":"2025-09-29T00:21:34+00:00","dateModified":"2025-09-29T00:41:23+00:00","breadcrumb":{"@id":"https:\/\/swimchannel.net\/br\/brasil-e-campeao-geral-na-natacao-e-no-nado-artistico-ao-fim-da-primeira-semana-de-sul-americano-juvenil\/#breadcrumb"},"inLanguage":"pt-BR","potentialAction":[{"@type":"ReadAction","target":["https:\/\/swimchannel.net\/br\/brasil-e-campeao-geral-na-natacao-e-no-nado-artistico-ao-fim-da-primeira-semana-de-sul-americano-juvenil\/"]}]},{"@type":"ImageObject","inLanguage":"pt-BR","@id":"https:\/\/swimchannel.net\/br\/brasil-e-campeao-geral-na-natacao-e-no-nado-artistico-ao-fim-da-primeira-semana-de-sul-americano-juvenil\/#primaryimage","url":"https:\/\/swimchannel.net\/br\/wp-content\/uploads\/2025\/09\/ntc_1759104023.jpg","contentUrl":"https:\/\/swimchannel.net\/br\/wp-content\/uploads\/2025\/09\/ntc_1759104023.jpg","width":1500,"height":999},{"@type":"BreadcrumbList","@id":"https:\/\/swimchannel.net\/br\/brasil-e-campeao-geral-na-natacao-e-no-nado-artistico-ao-fim-da-primeira-semana-de-sul-americano-juvenil\/#breadcrumb","itemListElement":[{"@type":"ListItem","position":1,"name":"Home","item":"https:\/\/swimchannel.net\/br\/"},{"@type":"ListItem","position":2,"name":"Brasil \u00e9 campe\u00e3o geral na nata\u00e7\u00e3o e no nado art\u00edstico ao fim da primeira semana de Sul-Americano Juvenil"}]},{"@type":"WebSite","@id":"https:\/\/swimchannel.net\/br\/#website","url":"https:\/\/swimchannel.net\/br\/","name":"Swimchannel","description":"Maior portal de nata\u00e7\u00e3o da america latina","publisher":{"@id":"https:\/\/swimchannel.net\/br\/#organization"},"potentialAction":[{"@type":"SearchAction","target":{"@type":"EntryPoint","urlTemplate":"https:\/\/swimchannel.net\/br\/?s={search_term_string}"},"query-input":{"@type":"PropertyValueSpecification","valueRequired":true,"valueName":"search_term_string"}}],"inLanguage":"pt-BR"},{"@type":"Organization","@id":"https:\/\/swimchannel.net\/br\/#organization","name":"Swimchannel - Conectando voc\u00ea a Nata\u00e7\u00e3o","url":"https:\/\/swimchannel.net\/br\/","logo":{"@type":"ImageObject","inLanguage":"pt-BR","@id":"https:\/\/swimchannel.net\/br\/#\/schema\/logo\/image\/","url":"https:\/\/swimchannel.net\/br\/wp-content\/uploads\/2026\/02\/SWIM-CHANNEL.png","contentUrl":"https:\/\/swimchannel.net\/br\/wp-content\/uploads\/2026\/02\/SWIM-CHANNEL.png","width":1120,"height":630,"caption":"Swimchannel - Conectando voc\u00ea a Nata\u00e7\u00e3o"},"image":{"@id":"https:\/\/swimchannel.net\/br\/#\/schema\/logo\/image\/"},"sameAs":["https:\/\/www.facebook.com\/swimchannel","https:\/\/www.instagram.com\/swimchannel"]},{"@type":"Person","@id":"https:\/\/swimchannel.net\/br\/#\/schema\/person\/8b903436c3c0b427a4ec3402a0579c30","name":"SwimChannel","image":{"@type":"ImageObject","inLanguage":"pt-BR","@id":"https:\/\/swimchannel.net\/br\/#\/schema\/person\/image\/","url":"https:\/\/swimchannel.net\/br\/wp-content\/uploads\/2021\/03\/SWIM-CHANNEL_JPG22-100x100.jpg","contentUrl":"https:\/\/swimchannel.net\/br\/wp-content\/uploads\/2021\/03\/SWIM-CHANNEL_JPG22-100x100.jpg","caption":"SwimChannel"},"url":"https:\/\/swimchannel.net\/br\/author\/swimchanneladmin\/"}]}},"_links":{"self":[{"href":"https:\/\/swimchannel.net\/br\/wp-json\/wp\/v2\/posts\/76304","targetHints":{"allow":["GET"]}}],"collection":[{"href":"https:\/\/swimchannel.net\/br\/wp-json\/wp\/v2\/posts"}],"about":[{"href":"https:\/\/swimchannel.net\/br\/wp-json\/wp\/v2\/types\/post"}],"author":[{"embeddable":true,"href":"https:\/\/swimchannel.net\/br\/wp-json\/wp\/v2\/users\/2"}],"replies":[{"embeddable":true,"href":"https:\/\/swimchannel.net\/br\/wp-json\/wp\/v2\/comments?post=76304"}],"version-history":[{"count":1,"href":"https:\/\/swimchannel.net\/br\/wp-json\/wp\/v2\/posts\/76304\/revisions"}],"predecessor-version":[{"id":76308,"href":"https:\/\/swimchannel.net\/br\/wp-json\/wp\/v2\/posts\/76304\/revisions\/76308"}],"wp:featuredmedia":[{"embeddable":true,"href":"https:\/\/swimchannel.net\/br\/wp-json\/wp\/v2\/media\/76309"}],"wp:attachment":[{"href":"https:\/\/swimchannel.net\/br\/wp-json\/wp\/v2\/media?parent=76304"}],"wp:term":[{"taxonomy":"category","embeddable":true,"href":"https:\/\/swimchannel.net\/br\/wp-json\/wp\/v2\/categories?post=76304"},{"taxonomy":"post_tag","embeddable":true,"href":"https:\/\/swimchannel.net\/br\/wp-json\/wp\/v2\/tags?post=76304"}],"curies":[{"name":"wp","href":"https:\/\/api.w.org\/{rel}","templated":true}]}}