{"id":76371,"date":"2025-10-02T15:36:13","date_gmt":"2025-10-02T18:36:13","guid":{"rendered":"https:\/\/swimchannel.net\/br\/?p=76371"},"modified":"2025-10-06T10:08:25","modified_gmt":"2025-10-06T13:08:25","slug":"brasil-faz-dobradinha-no-masculino-nos-75km-no-segundo-dia-do-sula","status":"publish","type":"post","link":"https:\/\/swimchannel.net\/br\/brasil-faz-dobradinha-no-masculino-nos-75km-no-segundo-dia-do-sula\/","title":{"rendered":"Brasil faz dobradinha no masculino nos 7,5km no segundo dia do SULA"},"content":{"rendered":"<p data-start=\"209\" data-end=\"561\">O Brasil voltou a brilhar nas \u00e1guas da Urca na manh\u00e3 desta quinta-feira, durante o segundo dia do XIII Campeonato Sul-Americano Juvenil de Esportes Aqu\u00e1ticos. Nas provas de 7,5 km masculino e feminino, os brasileiros conquistaram uma dobradinha hist\u00f3rica entre os homens e boas coloca\u00e7\u00f5es entre as mulheres.<\/p>\n<figure id=\"attachment_76376\" aria-describedby=\"caption-attachment-76376\" style=\"width: 629px\" class=\"wp-caption alignnone\"><img loading=\"lazy\" decoding=\"async\" class=\"size-large wp-image-76376\" src=\"https:\/\/swimchannel.net\/br\/wp-content\/uploads\/2025\/10\/WhatsApp-Image-2025-10-02-at-15.48.40-629x800.jpeg\" alt=\"Eduardo Lima Mustaf\u00e1 \" width=\"629\" height=\"800\" srcset=\"https:\/\/swimchannel.net\/br\/wp-content\/uploads\/2025\/10\/WhatsApp-Image-2025-10-02-at-15.48.40-629x800.jpeg 629w, https:\/\/swimchannel.net\/br\/wp-content\/uploads\/2025\/10\/WhatsApp-Image-2025-10-02-at-15.48.40-530x675.jpeg 530w, https:\/\/swimchannel.net\/br\/wp-content\/uploads\/2025\/10\/WhatsApp-Image-2025-10-02-at-15.48.40-141x180.jpeg 141w, https:\/\/swimchannel.net\/br\/wp-content\/uploads\/2025\/10\/WhatsApp-Image-2025-10-02-at-15.48.40.jpeg 748w\" sizes=\"auto, (max-width: 629px) 100vw, 629px\" \/><figcaption id=\"caption-attachment-76376\" class=\"wp-caption-text\">Eduardo Lima Mustaf\u00e1 &#8211; foto divulga\u00e7\u00e3o rede social<\/figcaption><\/figure>\n<p data-start=\"563\" data-end=\"886\">Na disputa masculina, Eduardo Lima Mustaf\u00e1 e Jamal Barroso Soares dominaram a prova do in\u00edcio ao fim e garantiram a primeira e a segunda coloca\u00e7\u00e3o, respectivamente. Eduardo fechou com 1:13:02.00, apenas dois segundos \u00e0 frente de Jamal, que marcou 1:13:04.00. O venezuelano Santiago Bello completou o p\u00f3dio com 1:13:07.00.<\/p>\n<figure id=\"attachment_76378\" aria-describedby=\"caption-attachment-76378\" style=\"width: 603px\" class=\"wp-caption alignnone\"><img loading=\"lazy\" decoding=\"async\" class=\"size-large wp-image-76378\" src=\"https:\/\/swimchannel.net\/br\/wp-content\/uploads\/2025\/10\/WhatsApp-Image-2025-10-02-at-15.50.05-603x800.jpeg\" alt=\"\" width=\"603\" height=\"800\" srcset=\"https:\/\/swimchannel.net\/br\/wp-content\/uploads\/2025\/10\/WhatsApp-Image-2025-10-02-at-15.50.05-603x800.jpeg 603w, https:\/\/swimchannel.net\/br\/wp-content\/uploads\/2025\/10\/WhatsApp-Image-2025-10-02-at-15.50.05-509x675.jpeg 509w, https:\/\/swimchannel.net\/br\/wp-content\/uploads\/2025\/10\/WhatsApp-Image-2025-10-02-at-15.50.05-136x180.jpeg 136w, https:\/\/swimchannel.net\/br\/wp-content\/uploads\/2025\/10\/WhatsApp-Image-2025-10-02-at-15.50.05-768x1019.jpeg 768w, https:\/\/swimchannel.net\/br\/wp-content\/uploads\/2025\/10\/WhatsApp-Image-2025-10-02-at-15.50.05-1158x1536.jpeg 1158w, https:\/\/swimchannel.net\/br\/wp-content\/uploads\/2025\/10\/WhatsApp-Image-2025-10-02-at-15.50.05-750x995.jpeg 750w, https:\/\/swimchannel.net\/br\/wp-content\/uploads\/2025\/10\/WhatsApp-Image-2025-10-02-at-15.50.05-1140x1512.jpeg 1140w, https:\/\/swimchannel.net\/br\/wp-content\/uploads\/2025\/10\/WhatsApp-Image-2025-10-02-at-15.50.05.jpeg 1170w\" sizes=\"auto, (max-width: 603px) 100vw, 603px\" \/><figcaption id=\"caption-attachment-76378\" class=\"wp-caption-text\">Jamal Barroso Soares , credito: @oluizjornalista<\/figcaption><\/figure>\n<p data-start=\"888\" data-end=\"1296\">Entre as mulheres, o p\u00f3dio foi formado por Sofia Garc\u00e9s (Argentina), campe\u00e3 com 1:24:58.00, Karen Rafaela Coello Lema (Equador), segunda colocada com 1:25:01.00, e Victoria Nestares (Argentina), terceira com 1:25:36.00. O Brasil tamb\u00e9m esteve presente no pelot\u00e3o da frente: Victoria Beatriz Rosario terminou em quarto lugar com 1:25:40.00, seguida por Maryna Monegat Fachin, quinta colocada com 1:27:14.00.<\/p>\n<p data-start=\"1298\" data-end=\"1491\">As provas de \u00c1guas Abertas continuam nesta sexta-feira (3), tamb\u00e9m \u00e0s 9h da manh\u00e3, com os 5 km masculino e feminino. As disputas ter\u00e3o transmiss\u00e3o ao vivo pela plataforma <strong data-start=\"1469\" data-end=\"1488\">Swim Channel TV<\/strong>.<\/p>\n<p data-start=\"1298\" data-end=\"1491\"><a href=\"https:\/\/swimchannel.net\/br\/tutorial-como-assinar-e-assistir-ao-campeonato-sul-americano-juvenil-de-aguas-abertas-na-swim-channel-tv\/\">Veja como assistir aqui\u00a0<\/a><\/p>\n","protected":false},"excerpt":{"rendered":"<p>O Brasil voltou a brilhar nas \u00e1guas da Urca na manh\u00e3 desta quinta-feira, durante o segundo dia do XIII Campeonato Sul-Americano Juvenil de Esportes Aqu\u00e1ticos. Nas provas de 7,5 km masculino e feminino, os brasileiros conquistaram uma dobradinha hist\u00f3rica entre os homens e boas coloca\u00e7\u00f5es entre as mulheres. Na disputa masculina, Eduardo Lima Mustaf\u00e1 e [&hellip;]<\/p>\n","protected":false},"author":2,"featured_media":76372,"comment_status":"open","ping_status":"open","sticky":false,"template":"","format":"standard","meta":{"footnotes":""},"categories":[115],"tags":[14,122,5,6622,6623],"class_list":["post-76371","post","type-post","status-publish","format-standard","has-post-thumbnail","hentry","category-aguas-abertas","tag-aguas-abertas","tag-brasil","tag-natacao","tag-sulamericano-juvenil","tag-urca"],"yoast_head":"<!-- This site is optimized with the Yoast SEO plugin v27.0 - https:\/\/yoast.com\/product\/yoast-seo-wordpress\/ -->\n<title>Brasil faz dobradinha no masculino nos 7,5km no segundo dia do SULA - Swimchannel<\/title>\n<meta name=\"robots\" content=\"index, follow, max-snippet:-1, max-image-preview:large, max-video-preview:-1\" \/>\n<link rel=\"canonical\" href=\"https:\/\/swimchannel.net\/br\/brasil-faz-dobradinha-no-masculino-nos-75km-no-segundo-dia-do-sula\/\" \/>\n<meta property=\"og:locale\" content=\"pt_BR\" \/>\n<meta property=\"og:type\" content=\"article\" \/>\n<meta property=\"og:title\" content=\"Brasil faz dobradinha no masculino nos 7,5km no segundo dia do SULA - Swimchannel\" \/>\n<meta property=\"og:description\" content=\"O Brasil voltou a brilhar nas \u00e1guas da Urca na manh\u00e3 desta quinta-feira, durante o segundo dia do XIII Campeonato Sul-Americano Juvenil de Esportes Aqu\u00e1ticos. Nas provas de 7,5 km masculino e feminino, os brasileiros conquistaram uma dobradinha hist\u00f3rica entre os homens e boas coloca\u00e7\u00f5es entre as mulheres. Na disputa masculina, Eduardo Lima Mustaf\u00e1 e [&hellip;]\" \/>\n<meta property=\"og:url\" content=\"https:\/\/swimchannel.net\/br\/brasil-faz-dobradinha-no-masculino-nos-75km-no-segundo-dia-do-sula\/\" \/>\n<meta property=\"og:site_name\" content=\"Swimchannel\" \/>\n<meta property=\"article:publisher\" content=\"https:\/\/www.facebook.com\/swimchannel\" \/>\n<meta property=\"article:published_time\" content=\"2025-10-02T18:36:13+00:00\" \/>\n<meta property=\"article:modified_time\" content=\"2025-10-06T13:08:25+00:00\" \/>\n<meta property=\"og:image\" content=\"https:\/\/swimchannel.net\/br\/wp-content\/uploads\/2025\/10\/IMG_7490-scaled-e1759756100524.jpg\" \/>\n\t<meta property=\"og:image:width\" content=\"1700\" \/>\n\t<meta property=\"og:image:height\" content=\"1472\" \/>\n\t<meta property=\"og:image:type\" content=\"image\/jpeg\" \/>\n<meta name=\"author\" content=\"SwimChannel\" \/>\n<meta name=\"twitter:card\" content=\"summary_large_image\" \/>\n<meta name=\"twitter:label1\" content=\"Escrito por\" \/>\n\t<meta name=\"twitter:data1\" content=\"SwimChannel\" \/>\n\t<meta name=\"twitter:label2\" content=\"Est. tempo de leitura\" \/>\n\t<meta name=\"twitter:data2\" content=\"1 minuto\" \/>\n<script type=\"application\/ld+json\" class=\"yoast-schema-graph\">{\"@context\":\"https:\/\/schema.org\",\"@graph\":[{\"@type\":\"Article\",\"@id\":\"https:\/\/swimchannel.net\/br\/brasil-faz-dobradinha-no-masculino-nos-75km-no-segundo-dia-do-sula\/#article\",\"isPartOf\":{\"@id\":\"https:\/\/swimchannel.net\/br\/brasil-faz-dobradinha-no-masculino-nos-75km-no-segundo-dia-do-sula\/\"},\"author\":{\"name\":\"SwimChannel\",\"@id\":\"https:\/\/swimchannel.net\/br\/#\/schema\/person\/8b903436c3c0b427a4ec3402a0579c30\"},\"headline\":\"Brasil faz dobradinha no masculino nos 7,5km no segundo dia do SULA\",\"datePublished\":\"2025-10-02T18:36:13+00:00\",\"dateModified\":\"2025-10-06T13:08:25+00:00\",\"mainEntityOfPage\":{\"@id\":\"https:\/\/swimchannel.net\/br\/brasil-faz-dobradinha-no-masculino-nos-75km-no-segundo-dia-do-sula\/\"},\"wordCount\":231,\"commentCount\":0,\"publisher\":{\"@id\":\"https:\/\/swimchannel.net\/br\/#organization\"},\"image\":{\"@id\":\"https:\/\/swimchannel.net\/br\/brasil-faz-dobradinha-no-masculino-nos-75km-no-segundo-dia-do-sula\/#primaryimage\"},\"thumbnailUrl\":\"https:\/\/swimchannel.net\/br\/wp-content\/uploads\/2025\/10\/IMG_7490-scaled-e1759756100524.jpg\",\"keywords\":[\"\u00c1guas abertas\",\"Brasil\",\"natacao\",\"sulamericano juvenil\",\"urca\"],\"articleSection\":[\"\u00c1guas Abertas\"],\"inLanguage\":\"pt-BR\",\"potentialAction\":[{\"@type\":\"CommentAction\",\"name\":\"Comment\",\"target\":[\"https:\/\/swimchannel.net\/br\/brasil-faz-dobradinha-no-masculino-nos-75km-no-segundo-dia-do-sula\/#respond\"]}]},{\"@type\":\"WebPage\",\"@id\":\"https:\/\/swimchannel.net\/br\/brasil-faz-dobradinha-no-masculino-nos-75km-no-segundo-dia-do-sula\/\",\"url\":\"https:\/\/swimchannel.net\/br\/brasil-faz-dobradinha-no-masculino-nos-75km-no-segundo-dia-do-sula\/\",\"name\":\"Brasil faz dobradinha no masculino nos 7,5km no segundo dia do SULA - Swimchannel\",\"isPartOf\":{\"@id\":\"https:\/\/swimchannel.net\/br\/#website\"},\"primaryImageOfPage\":{\"@id\":\"https:\/\/swimchannel.net\/br\/brasil-faz-dobradinha-no-masculino-nos-75km-no-segundo-dia-do-sula\/#primaryimage\"},\"image\":{\"@id\":\"https:\/\/swimchannel.net\/br\/brasil-faz-dobradinha-no-masculino-nos-75km-no-segundo-dia-do-sula\/#primaryimage\"},\"thumbnailUrl\":\"https:\/\/swimchannel.net\/br\/wp-content\/uploads\/2025\/10\/IMG_7490-scaled-e1759756100524.jpg\",\"datePublished\":\"2025-10-02T18:36:13+00:00\",\"dateModified\":\"2025-10-06T13:08:25+00:00\",\"breadcrumb\":{\"@id\":\"https:\/\/swimchannel.net\/br\/brasil-faz-dobradinha-no-masculino-nos-75km-no-segundo-dia-do-sula\/#breadcrumb\"},\"inLanguage\":\"pt-BR\",\"potentialAction\":[{\"@type\":\"ReadAction\",\"target\":[\"https:\/\/swimchannel.net\/br\/brasil-faz-dobradinha-no-masculino-nos-75km-no-segundo-dia-do-sula\/\"]}]},{\"@type\":\"ImageObject\",\"inLanguage\":\"pt-BR\",\"@id\":\"https:\/\/swimchannel.net\/br\/brasil-faz-dobradinha-no-masculino-nos-75km-no-segundo-dia-do-sula\/#primaryimage\",\"url\":\"https:\/\/swimchannel.net\/br\/wp-content\/uploads\/2025\/10\/IMG_7490-scaled-e1759756100524.jpg\",\"contentUrl\":\"https:\/\/swimchannel.net\/br\/wp-content\/uploads\/2025\/10\/IMG_7490-scaled-e1759756100524.jpg\",\"width\":1700,\"height\":1472,\"caption\":\"Foto: Marcos Monteiro\"},{\"@type\":\"BreadcrumbList\",\"@id\":\"https:\/\/swimchannel.net\/br\/brasil-faz-dobradinha-no-masculino-nos-75km-no-segundo-dia-do-sula\/#breadcrumb\",\"itemListElement\":[{\"@type\":\"ListItem\",\"position\":1,\"name\":\"Home\",\"item\":\"https:\/\/swimchannel.net\/br\/\"},{\"@type\":\"ListItem\",\"position\":2,\"name\":\"Brasil faz dobradinha no masculino nos 7,5km no segundo dia do SULA\"}]},{\"@type\":\"WebSite\",\"@id\":\"https:\/\/swimchannel.net\/br\/#website\",\"url\":\"https:\/\/swimchannel.net\/br\/\",\"name\":\"Swimchannel\",\"description\":\"Maior portal de nata\u00e7\u00e3o da america latina\",\"publisher\":{\"@id\":\"https:\/\/swimchannel.net\/br\/#organization\"},\"potentialAction\":[{\"@type\":\"SearchAction\",\"target\":{\"@type\":\"EntryPoint\",\"urlTemplate\":\"https:\/\/swimchannel.net\/br\/?s={search_term_string}\"},\"query-input\":{\"@type\":\"PropertyValueSpecification\",\"valueRequired\":true,\"valueName\":\"search_term_string\"}}],\"inLanguage\":\"pt-BR\"},{\"@type\":\"Organization\",\"@id\":\"https:\/\/swimchannel.net\/br\/#organization\",\"name\":\"Swimchannel - Conectando voc\u00ea a Nata\u00e7\u00e3o\",\"url\":\"https:\/\/swimchannel.net\/br\/\",\"logo\":{\"@type\":\"ImageObject\",\"inLanguage\":\"pt-BR\",\"@id\":\"https:\/\/swimchannel.net\/br\/#\/schema\/logo\/image\/\",\"url\":\"https:\/\/swimchannel.net\/br\/wp-content\/uploads\/2026\/02\/SWIM-CHANNEL.png\",\"contentUrl\":\"https:\/\/swimchannel.net\/br\/wp-content\/uploads\/2026\/02\/SWIM-CHANNEL.png\",\"width\":1120,\"height\":630,\"caption\":\"Swimchannel - Conectando voc\u00ea a Nata\u00e7\u00e3o\"},\"image\":{\"@id\":\"https:\/\/swimchannel.net\/br\/#\/schema\/logo\/image\/\"},\"sameAs\":[\"https:\/\/www.facebook.com\/swimchannel\",\"https:\/\/www.instagram.com\/swimchannel\"]},{\"@type\":\"Person\",\"@id\":\"https:\/\/swimchannel.net\/br\/#\/schema\/person\/8b903436c3c0b427a4ec3402a0579c30\",\"name\":\"SwimChannel\",\"image\":{\"@type\":\"ImageObject\",\"inLanguage\":\"pt-BR\",\"@id\":\"https:\/\/swimchannel.net\/br\/#\/schema\/person\/image\/\",\"url\":\"https:\/\/swimchannel.net\/br\/wp-content\/uploads\/2021\/03\/SWIM-CHANNEL_JPG22-100x100.jpg\",\"contentUrl\":\"https:\/\/swimchannel.net\/br\/wp-content\/uploads\/2021\/03\/SWIM-CHANNEL_JPG22-100x100.jpg\",\"caption\":\"SwimChannel\"},\"url\":\"https:\/\/swimchannel.net\/br\/author\/swimchanneladmin\/\"}]}<\/script>\n<!-- \/ Yoast SEO plugin. -->","yoast_head_json":{"title":"Brasil faz dobradinha no masculino nos 7,5km no segundo dia do SULA - Swimchannel","robots":{"index":"index","follow":"follow","max-snippet":"max-snippet:-1","max-image-preview":"max-image-preview:large","max-video-preview":"max-video-preview:-1"},"canonical":"https:\/\/swimchannel.net\/br\/brasil-faz-dobradinha-no-masculino-nos-75km-no-segundo-dia-do-sula\/","og_locale":"pt_BR","og_type":"article","og_title":"Brasil faz dobradinha no masculino nos 7,5km no segundo dia do SULA - Swimchannel","og_description":"O Brasil voltou a brilhar nas \u00e1guas da Urca na manh\u00e3 desta quinta-feira, durante o segundo dia do XIII Campeonato Sul-Americano Juvenil de Esportes Aqu\u00e1ticos. Nas provas de 7,5 km masculino e feminino, os brasileiros conquistaram uma dobradinha hist\u00f3rica entre os homens e boas coloca\u00e7\u00f5es entre as mulheres. Na disputa masculina, Eduardo Lima Mustaf\u00e1 e [&hellip;]","og_url":"https:\/\/swimchannel.net\/br\/brasil-faz-dobradinha-no-masculino-nos-75km-no-segundo-dia-do-sula\/","og_site_name":"Swimchannel","article_publisher":"https:\/\/www.facebook.com\/swimchannel","article_published_time":"2025-10-02T18:36:13+00:00","article_modified_time":"2025-10-06T13:08:25+00:00","og_image":[{"width":1700,"height":1472,"url":"https:\/\/swimchannel.net\/br\/wp-content\/uploads\/2025\/10\/IMG_7490-scaled-e1759756100524.jpg","type":"image\/jpeg"}],"author":"SwimChannel","twitter_card":"summary_large_image","twitter_misc":{"Escrito por":"SwimChannel","Est. tempo de leitura":"1 minuto"},"schema":{"@context":"https:\/\/schema.org","@graph":[{"@type":"Article","@id":"https:\/\/swimchannel.net\/br\/brasil-faz-dobradinha-no-masculino-nos-75km-no-segundo-dia-do-sula\/#article","isPartOf":{"@id":"https:\/\/swimchannel.net\/br\/brasil-faz-dobradinha-no-masculino-nos-75km-no-segundo-dia-do-sula\/"},"author":{"name":"SwimChannel","@id":"https:\/\/swimchannel.net\/br\/#\/schema\/person\/8b903436c3c0b427a4ec3402a0579c30"},"headline":"Brasil faz dobradinha no masculino nos 7,5km no segundo dia do SULA","datePublished":"2025-10-02T18:36:13+00:00","dateModified":"2025-10-06T13:08:25+00:00","mainEntityOfPage":{"@id":"https:\/\/swimchannel.net\/br\/brasil-faz-dobradinha-no-masculino-nos-75km-no-segundo-dia-do-sula\/"},"wordCount":231,"commentCount":0,"publisher":{"@id":"https:\/\/swimchannel.net\/br\/#organization"},"image":{"@id":"https:\/\/swimchannel.net\/br\/brasil-faz-dobradinha-no-masculino-nos-75km-no-segundo-dia-do-sula\/#primaryimage"},"thumbnailUrl":"https:\/\/swimchannel.net\/br\/wp-content\/uploads\/2025\/10\/IMG_7490-scaled-e1759756100524.jpg","keywords":["\u00c1guas abertas","Brasil","natacao","sulamericano juvenil","urca"],"articleSection":["\u00c1guas Abertas"],"inLanguage":"pt-BR","potentialAction":[{"@type":"CommentAction","name":"Comment","target":["https:\/\/swimchannel.net\/br\/brasil-faz-dobradinha-no-masculino-nos-75km-no-segundo-dia-do-sula\/#respond"]}]},{"@type":"WebPage","@id":"https:\/\/swimchannel.net\/br\/brasil-faz-dobradinha-no-masculino-nos-75km-no-segundo-dia-do-sula\/","url":"https:\/\/swimchannel.net\/br\/brasil-faz-dobradinha-no-masculino-nos-75km-no-segundo-dia-do-sula\/","name":"Brasil faz dobradinha no masculino nos 7,5km no segundo dia do SULA - Swimchannel","isPartOf":{"@id":"https:\/\/swimchannel.net\/br\/#website"},"primaryImageOfPage":{"@id":"https:\/\/swimchannel.net\/br\/brasil-faz-dobradinha-no-masculino-nos-75km-no-segundo-dia-do-sula\/#primaryimage"},"image":{"@id":"https:\/\/swimchannel.net\/br\/brasil-faz-dobradinha-no-masculino-nos-75km-no-segundo-dia-do-sula\/#primaryimage"},"thumbnailUrl":"https:\/\/swimchannel.net\/br\/wp-content\/uploads\/2025\/10\/IMG_7490-scaled-e1759756100524.jpg","datePublished":"2025-10-02T18:36:13+00:00","dateModified":"2025-10-06T13:08:25+00:00","breadcrumb":{"@id":"https:\/\/swimchannel.net\/br\/brasil-faz-dobradinha-no-masculino-nos-75km-no-segundo-dia-do-sula\/#breadcrumb"},"inLanguage":"pt-BR","potentialAction":[{"@type":"ReadAction","target":["https:\/\/swimchannel.net\/br\/brasil-faz-dobradinha-no-masculino-nos-75km-no-segundo-dia-do-sula\/"]}]},{"@type":"ImageObject","inLanguage":"pt-BR","@id":"https:\/\/swimchannel.net\/br\/brasil-faz-dobradinha-no-masculino-nos-75km-no-segundo-dia-do-sula\/#primaryimage","url":"https:\/\/swimchannel.net\/br\/wp-content\/uploads\/2025\/10\/IMG_7490-scaled-e1759756100524.jpg","contentUrl":"https:\/\/swimchannel.net\/br\/wp-content\/uploads\/2025\/10\/IMG_7490-scaled-e1759756100524.jpg","width":1700,"height":1472,"caption":"Foto: Marcos Monteiro"},{"@type":"BreadcrumbList","@id":"https:\/\/swimchannel.net\/br\/brasil-faz-dobradinha-no-masculino-nos-75km-no-segundo-dia-do-sula\/#breadcrumb","itemListElement":[{"@type":"ListItem","position":1,"name":"Home","item":"https:\/\/swimchannel.net\/br\/"},{"@type":"ListItem","position":2,"name":"Brasil faz dobradinha no masculino nos 7,5km no segundo dia do SULA"}]},{"@type":"WebSite","@id":"https:\/\/swimchannel.net\/br\/#website","url":"https:\/\/swimchannel.net\/br\/","name":"Swimchannel","description":"Maior portal de nata\u00e7\u00e3o da america latina","publisher":{"@id":"https:\/\/swimchannel.net\/br\/#organization"},"potentialAction":[{"@type":"SearchAction","target":{"@type":"EntryPoint","urlTemplate":"https:\/\/swimchannel.net\/br\/?s={search_term_string}"},"query-input":{"@type":"PropertyValueSpecification","valueRequired":true,"valueName":"search_term_string"}}],"inLanguage":"pt-BR"},{"@type":"Organization","@id":"https:\/\/swimchannel.net\/br\/#organization","name":"Swimchannel - Conectando voc\u00ea a Nata\u00e7\u00e3o","url":"https:\/\/swimchannel.net\/br\/","logo":{"@type":"ImageObject","inLanguage":"pt-BR","@id":"https:\/\/swimchannel.net\/br\/#\/schema\/logo\/image\/","url":"https:\/\/swimchannel.net\/br\/wp-content\/uploads\/2026\/02\/SWIM-CHANNEL.png","contentUrl":"https:\/\/swimchannel.net\/br\/wp-content\/uploads\/2026\/02\/SWIM-CHANNEL.png","width":1120,"height":630,"caption":"Swimchannel - Conectando voc\u00ea a Nata\u00e7\u00e3o"},"image":{"@id":"https:\/\/swimchannel.net\/br\/#\/schema\/logo\/image\/"},"sameAs":["https:\/\/www.facebook.com\/swimchannel","https:\/\/www.instagram.com\/swimchannel"]},{"@type":"Person","@id":"https:\/\/swimchannel.net\/br\/#\/schema\/person\/8b903436c3c0b427a4ec3402a0579c30","name":"SwimChannel","image":{"@type":"ImageObject","inLanguage":"pt-BR","@id":"https:\/\/swimchannel.net\/br\/#\/schema\/person\/image\/","url":"https:\/\/swimchannel.net\/br\/wp-content\/uploads\/2021\/03\/SWIM-CHANNEL_JPG22-100x100.jpg","contentUrl":"https:\/\/swimchannel.net\/br\/wp-content\/uploads\/2021\/03\/SWIM-CHANNEL_JPG22-100x100.jpg","caption":"SwimChannel"},"url":"https:\/\/swimchannel.net\/br\/author\/swimchanneladmin\/"}]}},"_links":{"self":[{"href":"https:\/\/swimchannel.net\/br\/wp-json\/wp\/v2\/posts\/76371","targetHints":{"allow":["GET"]}}],"collection":[{"href":"https:\/\/swimchannel.net\/br\/wp-json\/wp\/v2\/posts"}],"about":[{"href":"https:\/\/swimchannel.net\/br\/wp-json\/wp\/v2\/types\/post"}],"author":[{"embeddable":true,"href":"https:\/\/swimchannel.net\/br\/wp-json\/wp\/v2\/users\/2"}],"replies":[{"embeddable":true,"href":"https:\/\/swimchannel.net\/br\/wp-json\/wp\/v2\/comments?post=76371"}],"version-history":[{"count":4,"href":"https:\/\/swimchannel.net\/br\/wp-json\/wp\/v2\/posts\/76371\/revisions"}],"predecessor-version":[{"id":76379,"href":"https:\/\/swimchannel.net\/br\/wp-json\/wp\/v2\/posts\/76371\/revisions\/76379"}],"wp:featuredmedia":[{"embeddable":true,"href":"https:\/\/swimchannel.net\/br\/wp-json\/wp\/v2\/media\/76372"}],"wp:attachment":[{"href":"https:\/\/swimchannel.net\/br\/wp-json\/wp\/v2\/media?parent=76371"}],"wp:term":[{"taxonomy":"category","embeddable":true,"href":"https:\/\/swimchannel.net\/br\/wp-json\/wp\/v2\/categories?post=76371"},{"taxonomy":"post_tag","embeddable":true,"href":"https:\/\/swimchannel.net\/br\/wp-json\/wp\/v2\/tags?post=76371"}],"curies":[{"name":"wp","href":"https:\/\/api.w.org\/{rel}","templated":true}]}}