{"id":76430,"date":"2025-10-06T15:08:07","date_gmt":"2025-10-06T18:08:07","guid":{"rendered":"https:\/\/swimchannel.net\/br\/?p=76430"},"modified":"2025-10-06T15:08:07","modified_gmt":"2025-10-06T18:08:07","slug":"concluida-a-3a-edicao-da-ultramaratour-itaparica-muta-16-km","status":"publish","type":"post","link":"https:\/\/swimchannel.net\/br\/concluida-a-3a-edicao-da-ultramaratour-itaparica-muta-16-km\/","title":{"rendered":"Conclu\u00edda a 3\u00aa edi\u00e7\u00e3o da Ultramaratour Itaparica \u2013 Mut\u00e1 16 km"},"content":{"rendered":"<p data-start=\"272\" data-end=\"699\">A terceira edi\u00e7\u00e3o da Ultramaratour Itaparica \u2013 Mut\u00e1, realizada no \u00faltimo domingo (5), consagrou Samir Barel e\u00a0Bruna Amorim\u00a0como os grandes campe\u00f5es da prova de 16 km. O evento, organizado pela Ambiance Esporte, reuniu 66 atletas de diversas cidades da Bahia e de outros estados,e contou com as provas individuais masculina e feminina, al\u00e9m da prova de revezamento misto com quatro atletas por equipe.<\/p>\n<p data-start=\"701\" data-end=\"955\">A largada aconteceu \u00e0s 7h45, na orla de Itaparica, com chegada na praia de Mut\u00e1, em Jaguaripe (BA). Al\u00e9m da dist\u00e2ncia desafiadora, os participantes enfrentaram chuva e ventos fortes, que elevaram o n\u00edvel de dificuldade da travessia.<\/p>\n<figure id=\"attachment_76454\" aria-describedby=\"caption-attachment-76454\" style=\"width: 1201px\" class=\"wp-caption alignnone\"><img loading=\"lazy\" decoding=\"async\" class=\"size-large wp-image-76454\" src=\"https:\/\/swimchannel.net\/br\/wp-content\/uploads\/2025\/10\/WhatsApp-Image-2025-10-06-at-15.02.17-1201x800.jpeg\" alt=\"\" width=\"1201\" height=\"800\" srcset=\"https:\/\/swimchannel.net\/br\/wp-content\/uploads\/2025\/10\/WhatsApp-Image-2025-10-06-at-15.02.17-1201x800.jpeg 1201w, https:\/\/swimchannel.net\/br\/wp-content\/uploads\/2025\/10\/WhatsApp-Image-2025-10-06-at-15.02.17-1013x675.jpeg 1013w, https:\/\/swimchannel.net\/br\/wp-content\/uploads\/2025\/10\/WhatsApp-Image-2025-10-06-at-15.02.17-270x180.jpeg 270w, https:\/\/swimchannel.net\/br\/wp-content\/uploads\/2025\/10\/WhatsApp-Image-2025-10-06-at-15.02.17-768x512.jpeg 768w, https:\/\/swimchannel.net\/br\/wp-content\/uploads\/2025\/10\/WhatsApp-Image-2025-10-06-at-15.02.17-1536x1023.jpeg 1536w, https:\/\/swimchannel.net\/br\/wp-content\/uploads\/2025\/10\/WhatsApp-Image-2025-10-06-at-15.02.17-750x500.jpeg 750w, https:\/\/swimchannel.net\/br\/wp-content\/uploads\/2025\/10\/WhatsApp-Image-2025-10-06-at-15.02.17-1140x760.jpeg 1140w, https:\/\/swimchannel.net\/br\/wp-content\/uploads\/2025\/10\/WhatsApp-Image-2025-10-06-at-15.02.17.jpeg 1600w\" sizes=\"auto, (max-width: 1201px) 100vw, 1201px\" \/><figcaption id=\"caption-attachment-76454\" class=\"wp-caption-text\">Campe\u00e3o Samir Barel ap\u00f3s concluir sua travessia. Foto: Everton Santos &#8211; Triade Images<\/figcaption><\/figure>\n<p data-start=\"957\" data-end=\"1240\">Na categoria masculina, Samir Barel garantiu o t\u00edtulo com o tempo de 3h47min30s, seguido por Ricardo Rocha (SP), com 3h54min, e F\u00e1bio Melo (BA), com 3h57min. Completaram o top 5 os baianos Euvaldo J\u00fanior (4h05min57s) e M\u00e1rcio Renan (4h08min34s).<\/p>\n<p data-start=\"1242\" data-end=\"1592\">Entre as mulheres, a vit\u00f3ria ficou com Bruna Amorim, que cruzou a linha de chegada em 4h31min45s. Logo atr\u00e1s veio Alessandra \u201cLeca\u201d Melo, com 4h32min35s, seguida por Pauline Ribeiro (4h49min11s), Girlene Fran\u00e7a (5h04min22s) e L\u00edvia Vaz (5h04min25s), completando um p\u00f3dio marcado pelo equil\u00edbrio e pela garra das atletas.<\/p>\n<figure id=\"attachment_76432\" aria-describedby=\"caption-attachment-76432\" style=\"width: 1201px\" class=\"wp-caption alignnone\"><img loading=\"lazy\" decoding=\"async\" class=\"wp-image-76432 size-large\" src=\"https:\/\/swimchannel.net\/br\/wp-content\/uploads\/2025\/10\/1c8e3ec8-0366-42cd-a7e9-aa1187c1f135-1201x800.jpg\" alt=\"\" width=\"1201\" height=\"800\" srcset=\"https:\/\/swimchannel.net\/br\/wp-content\/uploads\/2025\/10\/1c8e3ec8-0366-42cd-a7e9-aa1187c1f135-1201x800.jpg 1201w, https:\/\/swimchannel.net\/br\/wp-content\/uploads\/2025\/10\/1c8e3ec8-0366-42cd-a7e9-aa1187c1f135-1013x675.jpg 1013w, https:\/\/swimchannel.net\/br\/wp-content\/uploads\/2025\/10\/1c8e3ec8-0366-42cd-a7e9-aa1187c1f135-270x180.jpg 270w, https:\/\/swimchannel.net\/br\/wp-content\/uploads\/2025\/10\/1c8e3ec8-0366-42cd-a7e9-aa1187c1f135-768x512.jpg 768w, https:\/\/swimchannel.net\/br\/wp-content\/uploads\/2025\/10\/1c8e3ec8-0366-42cd-a7e9-aa1187c1f135-1536x1023.jpg 1536w, https:\/\/swimchannel.net\/br\/wp-content\/uploads\/2025\/10\/1c8e3ec8-0366-42cd-a7e9-aa1187c1f135-750x500.jpg 750w, https:\/\/swimchannel.net\/br\/wp-content\/uploads\/2025\/10\/1c8e3ec8-0366-42cd-a7e9-aa1187c1f135-1140x760.jpg 1140w, https:\/\/swimchannel.net\/br\/wp-content\/uploads\/2025\/10\/1c8e3ec8-0366-42cd-a7e9-aa1187c1f135.jpg 1600w\" sizes=\"auto, (max-width: 1201px) 100vw, 1201px\" \/><figcaption id=\"caption-attachment-76432\" class=\"wp-caption-text\">Foto: Everton Santos &#8211; Triade Images<\/figcaption><\/figure>\n<p data-start=\"1594\" data-end=\"1831\">Mais do que uma competi\u00e7\u00e3o, a III Ultramaratour foi uma verdadeira celebra\u00e7\u00e3o. Cada atleta que conclu\u00eda o percurso era recebido com aplausos e festa pela comunidade de Mut\u00e1, transformando a chegada em um momento de emo\u00e7\u00e3o coletiva.<\/p>\n<p data-start=\"1594\" data-end=\"1831\">Para Bruno Riella, diretor da Ambiance Esporte e idealizador do evento, esta foi a edi\u00e7\u00e3o mais desafiadora da hist\u00f3ria da prova:\u201cSem d\u00favidas, essa foi a edi\u00e7\u00e3o mais dif\u00edcil da Ultramaratour. Tivemos momentos de chuva e vento forte que exigiram ainda mais dos atletas. \u00c9 muito gratificante ver tanta determina\u00e7\u00e3o e sentir a energia que une o esporte, a natureza e os verdadeiros valores da vida.\u201d, contou.<\/p>\n<p data-start=\"1833\" data-end=\"2141\">A prova tamb\u00e9m contou com destaque para a nova gera\u00e7\u00e3o: a equipe juvenil da Ambiance Esporte, formada por Malu, Enzo, Sofia e Augusto (de 13 a 15 anos), conquistou o segundo lugar na categoria por equipes, sob a torcida entusiasmada dos pais, que acompanharam tudo do barco de apoio e da praia.<\/p>\n<figure id=\"attachment_76431\" aria-describedby=\"caption-attachment-76431\" style=\"width: 1201px\" class=\"wp-caption alignnone\"><img loading=\"lazy\" decoding=\"async\" class=\"wp-image-76431 size-large\" src=\"https:\/\/swimchannel.net\/br\/wp-content\/uploads\/2025\/10\/08c25879-4c8a-4320-8b70-c530e7cfc838-1201x800.jpg\" alt=\"\" width=\"1201\" height=\"800\" srcset=\"https:\/\/swimchannel.net\/br\/wp-content\/uploads\/2025\/10\/08c25879-4c8a-4320-8b70-c530e7cfc838-1201x800.jpg 1201w, https:\/\/swimchannel.net\/br\/wp-content\/uploads\/2025\/10\/08c25879-4c8a-4320-8b70-c530e7cfc838-1013x675.jpg 1013w, https:\/\/swimchannel.net\/br\/wp-content\/uploads\/2025\/10\/08c25879-4c8a-4320-8b70-c530e7cfc838-270x180.jpg 270w, https:\/\/swimchannel.net\/br\/wp-content\/uploads\/2025\/10\/08c25879-4c8a-4320-8b70-c530e7cfc838-768x512.jpg 768w, https:\/\/swimchannel.net\/br\/wp-content\/uploads\/2025\/10\/08c25879-4c8a-4320-8b70-c530e7cfc838-1536x1023.jpg 1536w, https:\/\/swimchannel.net\/br\/wp-content\/uploads\/2025\/10\/08c25879-4c8a-4320-8b70-c530e7cfc838-750x500.jpg 750w, https:\/\/swimchannel.net\/br\/wp-content\/uploads\/2025\/10\/08c25879-4c8a-4320-8b70-c530e7cfc838-1140x760.jpg 1140w, https:\/\/swimchannel.net\/br\/wp-content\/uploads\/2025\/10\/08c25879-4c8a-4320-8b70-c530e7cfc838.jpg 1600w\" sizes=\"auto, (max-width: 1201px) 100vw, 1201px\" \/><figcaption id=\"caption-attachment-76431\" class=\"wp-caption-text\">Foto: Everton Santos &#8211; Triade Images<\/figcaption><\/figure>\n<p data-start=\"2143\" data-end=\"2561\">Entre os exemplos de supera\u00e7\u00e3o, a nadadora Desir\u00e9e Dalia foi a atleta mais experiente a completar o percurso, com o impressionante tempo de 5h09min38s. J\u00e1 um dos momentos mais marcantes do dia foi a chegada de Maria Elizabeth Sicuro, de 67 anos, natural de Santa Catarina. \u00daltima a concluir o trajeto, ela foi recebida de p\u00e9 pelo p\u00fablico e carregada pelos salva-vidas em meio a aplausos e emo\u00e7\u00e3o.<\/p>\n<p data-start=\"2971\" data-end=\"3181\">A Ultramaratour Itaparica \u2013 Mut\u00e1 \u00e9 uma realiza\u00e7\u00e3o da Ambiance Esporte, com apoio das Prefeituras de Itaparica e Jaguaripe, Powerade, Hammerhead, Jornal A Tarde e Village Itaparica.<\/p>\n<p>Gostaria de receber as not\u00edcias de nata\u00e7\u00e3o e \u00e1guas abertas no seu email?<\/p>\n<p><a href=\"https:\/\/lpa.nitro.news\/n-GNe\/ultimas-noticias-swim-channel\">Cadastre-se aqui<\/a><\/p>\n","protected":false},"excerpt":{"rendered":"<p>A terceira edi\u00e7\u00e3o da Ultramaratour Itaparica \u2013 Mut\u00e1, realizada no \u00faltimo domingo (5), consagrou Samir Barel e\u00a0Bruna Amorim\u00a0como os grandes campe\u00f5es da prova de 16 km. O evento, organizado pela Ambiance Esporte, reuniu 66 atletas de diversas cidades da Bahia e de outros estados,e contou com as provas individuais masculina e feminina, al\u00e9m da prova [&hellip;]<\/p>\n","protected":false},"author":9,"featured_media":76452,"comment_status":"open","ping_status":"open","sticky":false,"template":"","format":"standard","meta":{"footnotes":""},"categories":[115,2576],"tags":[14,116,6624],"class_list":["post-76430","post","type-post","status-publish","format-standard","has-post-thumbnail","hentry","category-aguas-abertas","category-ultimas-noticias","tag-aguas-abertas","tag-samir-barel","tag-ultramaratour-itaparica"],"yoast_head":"<!-- This site is optimized with the Yoast SEO plugin v27.0 - https:\/\/yoast.com\/product\/yoast-seo-wordpress\/ -->\n<title>Conclu\u00edda a 3\u00aa edi\u00e7\u00e3o da Ultramaratour Itaparica \u2013 Mut\u00e1 16 km - Swimchannel<\/title>\n<meta name=\"robots\" content=\"index, follow, max-snippet:-1, max-image-preview:large, max-video-preview:-1\" \/>\n<link rel=\"canonical\" href=\"https:\/\/swimchannel.net\/br\/concluida-a-3a-edicao-da-ultramaratour-itaparica-muta-16-km\/\" \/>\n<meta property=\"og:locale\" content=\"pt_BR\" \/>\n<meta property=\"og:type\" content=\"article\" \/>\n<meta property=\"og:title\" content=\"Conclu\u00edda a 3\u00aa edi\u00e7\u00e3o da Ultramaratour Itaparica \u2013 Mut\u00e1 16 km - Swimchannel\" \/>\n<meta property=\"og:description\" content=\"A terceira edi\u00e7\u00e3o da Ultramaratour Itaparica \u2013 Mut\u00e1, realizada no \u00faltimo domingo (5), consagrou Samir Barel e\u00a0Bruna Amorim\u00a0como os grandes campe\u00f5es da prova de 16 km. O evento, organizado pela Ambiance Esporte, reuniu 66 atletas de diversas cidades da Bahia e de outros estados,e contou com as provas individuais masculina e feminina, al\u00e9m da prova [&hellip;]\" \/>\n<meta property=\"og:url\" content=\"https:\/\/swimchannel.net\/br\/concluida-a-3a-edicao-da-ultramaratour-itaparica-muta-16-km\/\" \/>\n<meta property=\"og:site_name\" content=\"Swimchannel\" \/>\n<meta property=\"article:publisher\" content=\"https:\/\/www.facebook.com\/swimchannel\" \/>\n<meta property=\"article:published_time\" content=\"2025-10-06T18:08:07+00:00\" \/>\n<meta property=\"og:image\" content=\"https:\/\/swimchannel.net\/br\/wp-content\/uploads\/2025\/10\/WhatsApp-Image-2025-10-06-at-15.02.17-1.jpeg\" \/>\n\t<meta property=\"og:image:width\" content=\"1200\" \/>\n\t<meta property=\"og:image:height\" content=\"1600\" \/>\n\t<meta property=\"og:image:type\" content=\"image\/jpeg\" \/>\n<meta name=\"author\" content=\"Katarine Monteiro\" \/>\n<meta name=\"twitter:card\" content=\"summary_large_image\" \/>\n<meta name=\"twitter:creator\" content=\"@https:\/\/twitter.com\/Katarinem\" \/>\n<meta name=\"twitter:label1\" content=\"Escrito por\" \/>\n\t<meta name=\"twitter:data1\" content=\"Katarine Monteiro\" \/>\n\t<meta name=\"twitter:label2\" content=\"Est. tempo de leitura\" \/>\n\t<meta name=\"twitter:data2\" content=\"3 minutos\" \/>\n<script type=\"application\/ld+json\" class=\"yoast-schema-graph\">{\"@context\":\"https:\/\/schema.org\",\"@graph\":[{\"@type\":\"Article\",\"@id\":\"https:\/\/swimchannel.net\/br\/concluida-a-3a-edicao-da-ultramaratour-itaparica-muta-16-km\/#article\",\"isPartOf\":{\"@id\":\"https:\/\/swimchannel.net\/br\/concluida-a-3a-edicao-da-ultramaratour-itaparica-muta-16-km\/\"},\"author\":{\"name\":\"Katarine Monteiro\",\"@id\":\"https:\/\/swimchannel.net\/br\/#\/schema\/person\/73ae9cec62249968bca1f0a8098ef002\"},\"headline\":\"Conclu\u00edda a 3\u00aa edi\u00e7\u00e3o da Ultramaratour Itaparica \u2013 Mut\u00e1 16 km\",\"datePublished\":\"2025-10-06T18:08:07+00:00\",\"mainEntityOfPage\":{\"@id\":\"https:\/\/swimchannel.net\/br\/concluida-a-3a-edicao-da-ultramaratour-itaparica-muta-16-km\/\"},\"wordCount\":558,\"commentCount\":0,\"publisher\":{\"@id\":\"https:\/\/swimchannel.net\/br\/#organization\"},\"image\":{\"@id\":\"https:\/\/swimchannel.net\/br\/concluida-a-3a-edicao-da-ultramaratour-itaparica-muta-16-km\/#primaryimage\"},\"thumbnailUrl\":\"https:\/\/swimchannel.net\/br\/wp-content\/uploads\/2025\/10\/WhatsApp-Image-2025-10-06-at-15.02.17-1.jpeg\",\"keywords\":[\"\u00c1guas abertas\",\"Samir Barel\",\"Ultramaratour Itaparica\"],\"articleSection\":[\"\u00c1guas Abertas\",\"\u00daltimas Not\u00edcias\"],\"inLanguage\":\"pt-BR\",\"potentialAction\":[{\"@type\":\"CommentAction\",\"name\":\"Comment\",\"target\":[\"https:\/\/swimchannel.net\/br\/concluida-a-3a-edicao-da-ultramaratour-itaparica-muta-16-km\/#respond\"]}]},{\"@type\":\"WebPage\",\"@id\":\"https:\/\/swimchannel.net\/br\/concluida-a-3a-edicao-da-ultramaratour-itaparica-muta-16-km\/\",\"url\":\"https:\/\/swimchannel.net\/br\/concluida-a-3a-edicao-da-ultramaratour-itaparica-muta-16-km\/\",\"name\":\"Conclu\u00edda a 3\u00aa edi\u00e7\u00e3o da Ultramaratour Itaparica \u2013 Mut\u00e1 16 km - Swimchannel\",\"isPartOf\":{\"@id\":\"https:\/\/swimchannel.net\/br\/#website\"},\"primaryImageOfPage\":{\"@id\":\"https:\/\/swimchannel.net\/br\/concluida-a-3a-edicao-da-ultramaratour-itaparica-muta-16-km\/#primaryimage\"},\"image\":{\"@id\":\"https:\/\/swimchannel.net\/br\/concluida-a-3a-edicao-da-ultramaratour-itaparica-muta-16-km\/#primaryimage\"},\"thumbnailUrl\":\"https:\/\/swimchannel.net\/br\/wp-content\/uploads\/2025\/10\/WhatsApp-Image-2025-10-06-at-15.02.17-1.jpeg\",\"datePublished\":\"2025-10-06T18:08:07+00:00\",\"breadcrumb\":{\"@id\":\"https:\/\/swimchannel.net\/br\/concluida-a-3a-edicao-da-ultramaratour-itaparica-muta-16-km\/#breadcrumb\"},\"inLanguage\":\"pt-BR\",\"potentialAction\":[{\"@type\":\"ReadAction\",\"target\":[\"https:\/\/swimchannel.net\/br\/concluida-a-3a-edicao-da-ultramaratour-itaparica-muta-16-km\/\"]}]},{\"@type\":\"ImageObject\",\"inLanguage\":\"pt-BR\",\"@id\":\"https:\/\/swimchannel.net\/br\/concluida-a-3a-edicao-da-ultramaratour-itaparica-muta-16-km\/#primaryimage\",\"url\":\"https:\/\/swimchannel.net\/br\/wp-content\/uploads\/2025\/10\/WhatsApp-Image-2025-10-06-at-15.02.17-1.jpeg\",\"contentUrl\":\"https:\/\/swimchannel.net\/br\/wp-content\/uploads\/2025\/10\/WhatsApp-Image-2025-10-06-at-15.02.17-1.jpeg\",\"width\":1200,\"height\":1600,\"caption\":\"Foto: Everton Santos\"},{\"@type\":\"BreadcrumbList\",\"@id\":\"https:\/\/swimchannel.net\/br\/concluida-a-3a-edicao-da-ultramaratour-itaparica-muta-16-km\/#breadcrumb\",\"itemListElement\":[{\"@type\":\"ListItem\",\"position\":1,\"name\":\"Home\",\"item\":\"https:\/\/swimchannel.net\/br\/\"},{\"@type\":\"ListItem\",\"position\":2,\"name\":\"Conclu\u00edda a 3\u00aa edi\u00e7\u00e3o da Ultramaratour Itaparica \u2013 Mut\u00e1 16 km\"}]},{\"@type\":\"WebSite\",\"@id\":\"https:\/\/swimchannel.net\/br\/#website\",\"url\":\"https:\/\/swimchannel.net\/br\/\",\"name\":\"Swimchannel\",\"description\":\"Maior portal de nata\u00e7\u00e3o da america latina\",\"publisher\":{\"@id\":\"https:\/\/swimchannel.net\/br\/#organization\"},\"potentialAction\":[{\"@type\":\"SearchAction\",\"target\":{\"@type\":\"EntryPoint\",\"urlTemplate\":\"https:\/\/swimchannel.net\/br\/?s={search_term_string}\"},\"query-input\":{\"@type\":\"PropertyValueSpecification\",\"valueRequired\":true,\"valueName\":\"search_term_string\"}}],\"inLanguage\":\"pt-BR\"},{\"@type\":\"Organization\",\"@id\":\"https:\/\/swimchannel.net\/br\/#organization\",\"name\":\"Swimchannel - Conectando voc\u00ea a Nata\u00e7\u00e3o\",\"url\":\"https:\/\/swimchannel.net\/br\/\",\"logo\":{\"@type\":\"ImageObject\",\"inLanguage\":\"pt-BR\",\"@id\":\"https:\/\/swimchannel.net\/br\/#\/schema\/logo\/image\/\",\"url\":\"https:\/\/swimchannel.net\/br\/wp-content\/uploads\/2026\/02\/SWIM-CHANNEL.png\",\"contentUrl\":\"https:\/\/swimchannel.net\/br\/wp-content\/uploads\/2026\/02\/SWIM-CHANNEL.png\",\"width\":1120,\"height\":630,\"caption\":\"Swimchannel - Conectando voc\u00ea a Nata\u00e7\u00e3o\"},\"image\":{\"@id\":\"https:\/\/swimchannel.net\/br\/#\/schema\/logo\/image\/\"},\"sameAs\":[\"https:\/\/www.facebook.com\/swimchannel\",\"https:\/\/www.instagram.com\/swimchannel\"]},{\"@type\":\"Person\",\"@id\":\"https:\/\/swimchannel.net\/br\/#\/schema\/person\/73ae9cec62249968bca1f0a8098ef002\",\"name\":\"Katarine Monteiro\",\"image\":{\"@type\":\"ImageObject\",\"inLanguage\":\"pt-BR\",\"@id\":\"https:\/\/swimchannel.net\/br\/#\/schema\/person\/image\/\",\"url\":\"https:\/\/swimchannel.net\/br\/wp-content\/uploads\/2022\/01\/Katarine-Monteiro-100x100.jpg\",\"contentUrl\":\"https:\/\/swimchannel.net\/br\/wp-content\/uploads\/2022\/01\/Katarine-Monteiro-100x100.jpg\",\"caption\":\"Katarine Monteiro\"},\"description\":\"Jornalista SWIM CHANNEL especializada em esportes ol\u00edmpicos e em sa\u00fade. Com cobertura de grandes eventos internacionais, como Jogos Ol\u00edmpicos Rio 2016, Jogos Pan-Americanos em Lima 2019, Qatar Total Open 2020, Qatar ExxonMobil Open 2019 - t\u00eanis em Doha (QT), Semana Internacional de Vela de Ilhabela, Transat Jacques Vabre 2019 (Fran\u00e7a-Brasil), L'\u00c9tape Brasil by Tour de France, j\u00e1 fez in\u00fameras coberturas de nata\u00e7\u00e3o, maratona aqu\u00e1tica e polo aqu\u00e1tico. Formada tamb\u00e9m em Letras, a jornalista atua como assessora de imprensa, rela\u00e7\u00f5es p\u00fablicas e social media, com especializa\u00e7\u00e3o em marketing esportivo. Nadadora amadora de \u00e1guas abertas, j\u00e1 trabalhou com grandes nomes da nata\u00e7\u00e3o e do polo aqu\u00e1tico brasileiro.\",\"sameAs\":[\"https:\/\/www.instagram.com\/_katarinemonteiro\/\",\"https:\/\/www.linkedin.com\/in\/katarine-monteiro-19385297\/\",\"https:\/\/x.com\/https:\/\/twitter.com\/Katarinem\"],\"url\":\"https:\/\/swimchannel.net\/br\/author\/katarine-monteiro\/\"}]}<\/script>\n<!-- \/ Yoast SEO plugin. -->","yoast_head_json":{"title":"Conclu\u00edda a 3\u00aa edi\u00e7\u00e3o da Ultramaratour Itaparica \u2013 Mut\u00e1 16 km - Swimchannel","robots":{"index":"index","follow":"follow","max-snippet":"max-snippet:-1","max-image-preview":"max-image-preview:large","max-video-preview":"max-video-preview:-1"},"canonical":"https:\/\/swimchannel.net\/br\/concluida-a-3a-edicao-da-ultramaratour-itaparica-muta-16-km\/","og_locale":"pt_BR","og_type":"article","og_title":"Conclu\u00edda a 3\u00aa edi\u00e7\u00e3o da Ultramaratour Itaparica \u2013 Mut\u00e1 16 km - Swimchannel","og_description":"A terceira edi\u00e7\u00e3o da Ultramaratour Itaparica \u2013 Mut\u00e1, realizada no \u00faltimo domingo (5), consagrou Samir Barel e\u00a0Bruna Amorim\u00a0como os grandes campe\u00f5es da prova de 16 km. O evento, organizado pela Ambiance Esporte, reuniu 66 atletas de diversas cidades da Bahia e de outros estados,e contou com as provas individuais masculina e feminina, al\u00e9m da prova [&hellip;]","og_url":"https:\/\/swimchannel.net\/br\/concluida-a-3a-edicao-da-ultramaratour-itaparica-muta-16-km\/","og_site_name":"Swimchannel","article_publisher":"https:\/\/www.facebook.com\/swimchannel","article_published_time":"2025-10-06T18:08:07+00:00","og_image":[{"width":1200,"height":1600,"url":"https:\/\/swimchannel.net\/br\/wp-content\/uploads\/2025\/10\/WhatsApp-Image-2025-10-06-at-15.02.17-1.jpeg","type":"image\/jpeg"}],"author":"Katarine Monteiro","twitter_card":"summary_large_image","twitter_creator":"@https:\/\/twitter.com\/Katarinem","twitter_misc":{"Escrito por":"Katarine Monteiro","Est. tempo de leitura":"3 minutos"},"schema":{"@context":"https:\/\/schema.org","@graph":[{"@type":"Article","@id":"https:\/\/swimchannel.net\/br\/concluida-a-3a-edicao-da-ultramaratour-itaparica-muta-16-km\/#article","isPartOf":{"@id":"https:\/\/swimchannel.net\/br\/concluida-a-3a-edicao-da-ultramaratour-itaparica-muta-16-km\/"},"author":{"name":"Katarine Monteiro","@id":"https:\/\/swimchannel.net\/br\/#\/schema\/person\/73ae9cec62249968bca1f0a8098ef002"},"headline":"Conclu\u00edda a 3\u00aa edi\u00e7\u00e3o da Ultramaratour Itaparica \u2013 Mut\u00e1 16 km","datePublished":"2025-10-06T18:08:07+00:00","mainEntityOfPage":{"@id":"https:\/\/swimchannel.net\/br\/concluida-a-3a-edicao-da-ultramaratour-itaparica-muta-16-km\/"},"wordCount":558,"commentCount":0,"publisher":{"@id":"https:\/\/swimchannel.net\/br\/#organization"},"image":{"@id":"https:\/\/swimchannel.net\/br\/concluida-a-3a-edicao-da-ultramaratour-itaparica-muta-16-km\/#primaryimage"},"thumbnailUrl":"https:\/\/swimchannel.net\/br\/wp-content\/uploads\/2025\/10\/WhatsApp-Image-2025-10-06-at-15.02.17-1.jpeg","keywords":["\u00c1guas abertas","Samir Barel","Ultramaratour Itaparica"],"articleSection":["\u00c1guas Abertas","\u00daltimas Not\u00edcias"],"inLanguage":"pt-BR","potentialAction":[{"@type":"CommentAction","name":"Comment","target":["https:\/\/swimchannel.net\/br\/concluida-a-3a-edicao-da-ultramaratour-itaparica-muta-16-km\/#respond"]}]},{"@type":"WebPage","@id":"https:\/\/swimchannel.net\/br\/concluida-a-3a-edicao-da-ultramaratour-itaparica-muta-16-km\/","url":"https:\/\/swimchannel.net\/br\/concluida-a-3a-edicao-da-ultramaratour-itaparica-muta-16-km\/","name":"Conclu\u00edda a 3\u00aa edi\u00e7\u00e3o da Ultramaratour Itaparica \u2013 Mut\u00e1 16 km - Swimchannel","isPartOf":{"@id":"https:\/\/swimchannel.net\/br\/#website"},"primaryImageOfPage":{"@id":"https:\/\/swimchannel.net\/br\/concluida-a-3a-edicao-da-ultramaratour-itaparica-muta-16-km\/#primaryimage"},"image":{"@id":"https:\/\/swimchannel.net\/br\/concluida-a-3a-edicao-da-ultramaratour-itaparica-muta-16-km\/#primaryimage"},"thumbnailUrl":"https:\/\/swimchannel.net\/br\/wp-content\/uploads\/2025\/10\/WhatsApp-Image-2025-10-06-at-15.02.17-1.jpeg","datePublished":"2025-10-06T18:08:07+00:00","breadcrumb":{"@id":"https:\/\/swimchannel.net\/br\/concluida-a-3a-edicao-da-ultramaratour-itaparica-muta-16-km\/#breadcrumb"},"inLanguage":"pt-BR","potentialAction":[{"@type":"ReadAction","target":["https:\/\/swimchannel.net\/br\/concluida-a-3a-edicao-da-ultramaratour-itaparica-muta-16-km\/"]}]},{"@type":"ImageObject","inLanguage":"pt-BR","@id":"https:\/\/swimchannel.net\/br\/concluida-a-3a-edicao-da-ultramaratour-itaparica-muta-16-km\/#primaryimage","url":"https:\/\/swimchannel.net\/br\/wp-content\/uploads\/2025\/10\/WhatsApp-Image-2025-10-06-at-15.02.17-1.jpeg","contentUrl":"https:\/\/swimchannel.net\/br\/wp-content\/uploads\/2025\/10\/WhatsApp-Image-2025-10-06-at-15.02.17-1.jpeg","width":1200,"height":1600,"caption":"Foto: Everton Santos"},{"@type":"BreadcrumbList","@id":"https:\/\/swimchannel.net\/br\/concluida-a-3a-edicao-da-ultramaratour-itaparica-muta-16-km\/#breadcrumb","itemListElement":[{"@type":"ListItem","position":1,"name":"Home","item":"https:\/\/swimchannel.net\/br\/"},{"@type":"ListItem","position":2,"name":"Conclu\u00edda a 3\u00aa edi\u00e7\u00e3o da Ultramaratour Itaparica \u2013 Mut\u00e1 16 km"}]},{"@type":"WebSite","@id":"https:\/\/swimchannel.net\/br\/#website","url":"https:\/\/swimchannel.net\/br\/","name":"Swimchannel","description":"Maior portal de nata\u00e7\u00e3o da america latina","publisher":{"@id":"https:\/\/swimchannel.net\/br\/#organization"},"potentialAction":[{"@type":"SearchAction","target":{"@type":"EntryPoint","urlTemplate":"https:\/\/swimchannel.net\/br\/?s={search_term_string}"},"query-input":{"@type":"PropertyValueSpecification","valueRequired":true,"valueName":"search_term_string"}}],"inLanguage":"pt-BR"},{"@type":"Organization","@id":"https:\/\/swimchannel.net\/br\/#organization","name":"Swimchannel - Conectando voc\u00ea a Nata\u00e7\u00e3o","url":"https:\/\/swimchannel.net\/br\/","logo":{"@type":"ImageObject","inLanguage":"pt-BR","@id":"https:\/\/swimchannel.net\/br\/#\/schema\/logo\/image\/","url":"https:\/\/swimchannel.net\/br\/wp-content\/uploads\/2026\/02\/SWIM-CHANNEL.png","contentUrl":"https:\/\/swimchannel.net\/br\/wp-content\/uploads\/2026\/02\/SWIM-CHANNEL.png","width":1120,"height":630,"caption":"Swimchannel - Conectando voc\u00ea a Nata\u00e7\u00e3o"},"image":{"@id":"https:\/\/swimchannel.net\/br\/#\/schema\/logo\/image\/"},"sameAs":["https:\/\/www.facebook.com\/swimchannel","https:\/\/www.instagram.com\/swimchannel"]},{"@type":"Person","@id":"https:\/\/swimchannel.net\/br\/#\/schema\/person\/73ae9cec62249968bca1f0a8098ef002","name":"Katarine Monteiro","image":{"@type":"ImageObject","inLanguage":"pt-BR","@id":"https:\/\/swimchannel.net\/br\/#\/schema\/person\/image\/","url":"https:\/\/swimchannel.net\/br\/wp-content\/uploads\/2022\/01\/Katarine-Monteiro-100x100.jpg","contentUrl":"https:\/\/swimchannel.net\/br\/wp-content\/uploads\/2022\/01\/Katarine-Monteiro-100x100.jpg","caption":"Katarine Monteiro"},"description":"Jornalista SWIM CHANNEL especializada em esportes ol\u00edmpicos e em sa\u00fade. Com cobertura de grandes eventos internacionais, como Jogos Ol\u00edmpicos Rio 2016, Jogos Pan-Americanos em Lima 2019, Qatar Total Open 2020, Qatar ExxonMobil Open 2019 - t\u00eanis em Doha (QT), Semana Internacional de Vela de Ilhabela, Transat Jacques Vabre 2019 (Fran\u00e7a-Brasil), L'\u00c9tape Brasil by Tour de France, j\u00e1 fez in\u00fameras coberturas de nata\u00e7\u00e3o, maratona aqu\u00e1tica e polo aqu\u00e1tico. Formada tamb\u00e9m em Letras, a jornalista atua como assessora de imprensa, rela\u00e7\u00f5es p\u00fablicas e social media, com especializa\u00e7\u00e3o em marketing esportivo. Nadadora amadora de \u00e1guas abertas, j\u00e1 trabalhou com grandes nomes da nata\u00e7\u00e3o e do polo aqu\u00e1tico brasileiro.","sameAs":["https:\/\/www.instagram.com\/_katarinemonteiro\/","https:\/\/www.linkedin.com\/in\/katarine-monteiro-19385297\/","https:\/\/x.com\/https:\/\/twitter.com\/Katarinem"],"url":"https:\/\/swimchannel.net\/br\/author\/katarine-monteiro\/"}]}},"_links":{"self":[{"href":"https:\/\/swimchannel.net\/br\/wp-json\/wp\/v2\/posts\/76430","targetHints":{"allow":["GET"]}}],"collection":[{"href":"https:\/\/swimchannel.net\/br\/wp-json\/wp\/v2\/posts"}],"about":[{"href":"https:\/\/swimchannel.net\/br\/wp-json\/wp\/v2\/types\/post"}],"author":[{"embeddable":true,"href":"https:\/\/swimchannel.net\/br\/wp-json\/wp\/v2\/users\/9"}],"replies":[{"embeddable":true,"href":"https:\/\/swimchannel.net\/br\/wp-json\/wp\/v2\/comments?post=76430"}],"version-history":[{"count":6,"href":"https:\/\/swimchannel.net\/br\/wp-json\/wp\/v2\/posts\/76430\/revisions"}],"predecessor-version":[{"id":76456,"href":"https:\/\/swimchannel.net\/br\/wp-json\/wp\/v2\/posts\/76430\/revisions\/76456"}],"wp:featuredmedia":[{"embeddable":true,"href":"https:\/\/swimchannel.net\/br\/wp-json\/wp\/v2\/media\/76452"}],"wp:attachment":[{"href":"https:\/\/swimchannel.net\/br\/wp-json\/wp\/v2\/media?parent=76430"}],"wp:term":[{"taxonomy":"category","embeddable":true,"href":"https:\/\/swimchannel.net\/br\/wp-json\/wp\/v2\/categories?post=76430"},{"taxonomy":"post_tag","embeddable":true,"href":"https:\/\/swimchannel.net\/br\/wp-json\/wp\/v2\/tags?post=76430"}],"curies":[{"name":"wp","href":"https:\/\/api.w.org\/{rel}","templated":true}]}}