{"id":76585,"date":"2025-10-12T19:56:24","date_gmt":"2025-10-12T22:56:24","guid":{"rendered":"https:\/\/swimchannel.net\/br\/?p=76585"},"modified":"2025-10-12T20:05:00","modified_gmt":"2025-10-12T23:05:00","slug":"ana-marcela-cunha-disputara-a-maratona-aquatica-14-bis","status":"publish","type":"post","link":"https:\/\/swimchannel.net\/br\/ana-marcela-cunha-disputara-a-maratona-aquatica-14-bis\/","title":{"rendered":"Ana Marcela Cunha disputar\u00e1 a Maratona Aqu\u00e1tica 14 Bis"},"content":{"rendered":"<p>A Maratona Aqu\u00e1tica 14 Bis ter\u00e1 um nome de peso na edi\u00e7\u00e3o 2025 da prova. A campe\u00e3 ol\u00edmpica e multicampe\u00e3 mundial Ana Marcela Cunha, confirmou sua presen\u00e7a na ultramaratona aqu\u00e1tica que acontecer\u00e1 no pr\u00f3ximo dia 15 de novembro, no litoral paulista. Ser\u00e1 a primeira vez na hist\u00f3ria que a atleta do Sesc-RJ e do Team Speedo encar\u00e1 a prova de 24 km.<\/p>\n<p>A partir deste ano, Ana Marcela adotou um novo planejamento de competi\u00e7\u00f5es. Ap\u00f3s o 4\u00ba lugar nos 10 km dos Jogos Ol\u00edmpicos de Paris ano passado, a nadadora afirmou que ir\u00e1 aproveitar este ciclo ol\u00edmpico de uma forma diferente, disputando novos desafios e avaliando at\u00e9 quando continuar\u00e1 participando de competi\u00e7\u00f5es internacionais de alto rendimento.<\/p>\n<figure id=\"attachment_74946\" aria-describedby=\"caption-attachment-74946\" style=\"width: 1200px\" class=\"wp-caption alignnone\"><img loading=\"lazy\" decoding=\"async\" class=\"size-large wp-image-74946\" src=\"https:\/\/swimchannel.net\/br\/wp-content\/uploads\/2025\/07\/54661962236_e67a7abe5c_k-1200x800.jpg\" alt=\"\" width=\"1200\" height=\"800\" srcset=\"https:\/\/swimchannel.net\/br\/wp-content\/uploads\/2025\/07\/54661962236_e67a7abe5c_k-1200x800.jpg 1200w, https:\/\/swimchannel.net\/br\/wp-content\/uploads\/2025\/07\/54661962236_e67a7abe5c_k-1013x675.jpg 1013w, https:\/\/swimchannel.net\/br\/wp-content\/uploads\/2025\/07\/54661962236_e67a7abe5c_k-270x180.jpg 270w, https:\/\/swimchannel.net\/br\/wp-content\/uploads\/2025\/07\/54661962236_e67a7abe5c_k-768x512.jpg 768w, https:\/\/swimchannel.net\/br\/wp-content\/uploads\/2025\/07\/54661962236_e67a7abe5c_k-1536x1024.jpg 1536w, https:\/\/swimchannel.net\/br\/wp-content\/uploads\/2025\/07\/54661962236_e67a7abe5c_k-750x500.jpg 750w, https:\/\/swimchannel.net\/br\/wp-content\/uploads\/2025\/07\/54661962236_e67a7abe5c_k-1140x760.jpg 1140w, https:\/\/swimchannel.net\/br\/wp-content\/uploads\/2025\/07\/54661962236_e67a7abe5c_k.jpg 2048w\" sizes=\"auto, (max-width: 1200px) 100vw, 1200px\" \/><figcaption id=\"caption-attachment-74946\" class=\"wp-caption-text\">Ana Marcela Cunha &#8211; Foto: Satiro Sodr\u00e9<\/figcaption><\/figure>\n<p>Com seu longo e desafiante percurso, a 14 Bis ser\u00e1 um destes desafios que a antiga rotina de Ana Marcela n\u00e3o a deixava competir. Al\u00e9m disso, a prova ser\u00e1 tamb\u00e9m parte de sua prepara\u00e7\u00e3o para o principal objetivo do ano que vem: a Travessia no Canal da Mancha. Ana Marcela j\u00e1 revelou que espera nadar a travessia na Europa e que tem como objetivo superar o recorde da prova.<\/p>\n<p>A edi\u00e7\u00e3o 2025 da 14 Bis acontecer\u00e1 dia 15 de novembro. A largada ser\u00e1 a partir das 7h30 no Forte S\u00e3o Jo\u00e3o, com chegada na Base A\u00e9rea de Santos. As inscri\u00e7\u00f5es ainda seguem abertas e maiores detalhes sobre o evento, al\u00e9m da hist\u00f3ria e regulamento podem ser conferidas no site oficial da prova aqui: <strong><a href=\"https:\/\/a14.org.br\/#14\" target=\"_blank\" rel=\"noopener\">https:\/\/a14.org.br\/#14<\/a><\/strong>.<\/p>\n<p>&nbsp;<\/p>\n<p>Gostaria de receber as not\u00edcias de nata\u00e7\u00e3o e \u00e1guas abertas no seu email?<\/p>\n<p><a href=\"https:\/\/lpa.nitro.news\/n-GNe\/ultimas-noticias-swim-channel\">Cadastre-se aqui<\/a><\/p>\n","protected":false},"excerpt":{"rendered":"<p>A Maratona Aqu\u00e1tica 14 Bis ter\u00e1 um nome de peso na edi\u00e7\u00e3o 2025 da prova. A campe\u00e3 ol\u00edmpica e multicampe\u00e3 mundial Ana Marcela Cunha, confirmou sua presen\u00e7a na ultramaratona aqu\u00e1tica que acontecer\u00e1 no pr\u00f3ximo dia 15 de novembro, no litoral paulista. Ser\u00e1 a primeira vez na hist\u00f3ria que a atleta do Sesc-RJ e do Team [&hellip;]<\/p>\n","protected":false},"author":3,"featured_media":74946,"comment_status":"open","ping_status":"open","sticky":false,"template":"","format":"gallery","meta":{"footnotes":""},"categories":[115],"tags":[14,47,969,5],"class_list":["post-76585","post","type-post","status-publish","format-gallery","has-post-thumbnail","hentry","category-aguas-abertas","tag-aguas-abertas","tag-ana-marcela-cunha","tag-maratona-aquatica-14-bis","tag-natacao","post_format-post-format-gallery"],"yoast_head":"<!-- This site is optimized with the Yoast SEO plugin v27.0 - https:\/\/yoast.com\/product\/yoast-seo-wordpress\/ -->\n<title>Ana Marcela Cunha disputar\u00e1 a Maratona Aqu\u00e1tica 14 Bis - Swimchannel<\/title>\n<meta name=\"robots\" content=\"index, follow, max-snippet:-1, max-image-preview:large, max-video-preview:-1\" \/>\n<link rel=\"canonical\" href=\"https:\/\/swimchannel.net\/br\/ana-marcela-cunha-disputara-a-maratona-aquatica-14-bis\/\" \/>\n<meta property=\"og:locale\" content=\"pt_BR\" \/>\n<meta property=\"og:type\" content=\"article\" \/>\n<meta property=\"og:title\" content=\"Ana Marcela Cunha disputar\u00e1 a Maratona Aqu\u00e1tica 14 Bis - Swimchannel\" \/>\n<meta property=\"og:description\" content=\"A Maratona Aqu\u00e1tica 14 Bis ter\u00e1 um nome de peso na edi\u00e7\u00e3o 2025 da prova. A campe\u00e3 ol\u00edmpica e multicampe\u00e3 mundial Ana Marcela Cunha, confirmou sua presen\u00e7a na ultramaratona aqu\u00e1tica que acontecer\u00e1 no pr\u00f3ximo dia 15 de novembro, no litoral paulista. Ser\u00e1 a primeira vez na hist\u00f3ria que a atleta do Sesc-RJ e do Team [&hellip;]\" \/>\n<meta property=\"og:url\" content=\"https:\/\/swimchannel.net\/br\/ana-marcela-cunha-disputara-a-maratona-aquatica-14-bis\/\" \/>\n<meta property=\"og:site_name\" content=\"Swimchannel\" \/>\n<meta property=\"article:publisher\" content=\"https:\/\/www.facebook.com\/swimchannel\" \/>\n<meta property=\"article:published_time\" content=\"2025-10-12T22:56:24+00:00\" \/>\n<meta property=\"article:modified_time\" content=\"2025-10-12T23:05:00+00:00\" \/>\n<meta property=\"og:image\" content=\"https:\/\/swimchannel.net\/br\/wp-content\/uploads\/2025\/07\/54661962236_e67a7abe5c_k.jpg\" \/>\n\t<meta property=\"og:image:width\" content=\"2048\" \/>\n\t<meta property=\"og:image:height\" content=\"1365\" \/>\n\t<meta property=\"og:image:type\" content=\"image\/jpeg\" \/>\n<meta name=\"author\" content=\"Guilherme Freitas\" \/>\n<meta name=\"twitter:card\" content=\"summary_large_image\" \/>\n<meta name=\"twitter:label1\" content=\"Escrito por\" \/>\n\t<meta name=\"twitter:data1\" content=\"Guilherme Freitas\" \/>\n\t<meta name=\"twitter:label2\" content=\"Est. tempo de leitura\" \/>\n\t<meta name=\"twitter:data2\" content=\"1 minuto\" \/>\n<script type=\"application\/ld+json\" class=\"yoast-schema-graph\">{\"@context\":\"https:\/\/schema.org\",\"@graph\":[{\"@type\":\"Article\",\"@id\":\"https:\/\/swimchannel.net\/br\/ana-marcela-cunha-disputara-a-maratona-aquatica-14-bis\/#article\",\"isPartOf\":{\"@id\":\"https:\/\/swimchannel.net\/br\/ana-marcela-cunha-disputara-a-maratona-aquatica-14-bis\/\"},\"author\":{\"name\":\"Guilherme Freitas\",\"@id\":\"https:\/\/swimchannel.net\/br\/#\/schema\/person\/aa2a63bab3275f53749a83276b213c48\"},\"headline\":\"Ana Marcela Cunha disputar\u00e1 a Maratona Aqu\u00e1tica 14 Bis\",\"datePublished\":\"2025-10-12T22:56:24+00:00\",\"dateModified\":\"2025-10-12T23:05:00+00:00\",\"mainEntityOfPage\":{\"@id\":\"https:\/\/swimchannel.net\/br\/ana-marcela-cunha-disputara-a-maratona-aquatica-14-bis\/\"},\"wordCount\":297,\"commentCount\":0,\"publisher\":{\"@id\":\"https:\/\/swimchannel.net\/br\/#organization\"},\"image\":{\"@id\":\"https:\/\/swimchannel.net\/br\/ana-marcela-cunha-disputara-a-maratona-aquatica-14-bis\/#primaryimage\"},\"thumbnailUrl\":\"https:\/\/swimchannel.net\/br\/wp-content\/uploads\/2025\/07\/54661962236_e67a7abe5c_k.jpg\",\"keywords\":[\"\u00c1guas abertas\",\"Ana Marcela Cunha\",\"Maratona Aqu\u00e1tica 14 Bis\",\"natacao\"],\"articleSection\":[\"\u00c1guas Abertas\"],\"inLanguage\":\"pt-BR\",\"potentialAction\":[{\"@type\":\"CommentAction\",\"name\":\"Comment\",\"target\":[\"https:\/\/swimchannel.net\/br\/ana-marcela-cunha-disputara-a-maratona-aquatica-14-bis\/#respond\"]}]},{\"@type\":\"WebPage\",\"@id\":\"https:\/\/swimchannel.net\/br\/ana-marcela-cunha-disputara-a-maratona-aquatica-14-bis\/\",\"url\":\"https:\/\/swimchannel.net\/br\/ana-marcela-cunha-disputara-a-maratona-aquatica-14-bis\/\",\"name\":\"Ana Marcela Cunha disputar\u00e1 a Maratona Aqu\u00e1tica 14 Bis - Swimchannel\",\"isPartOf\":{\"@id\":\"https:\/\/swimchannel.net\/br\/#website\"},\"primaryImageOfPage\":{\"@id\":\"https:\/\/swimchannel.net\/br\/ana-marcela-cunha-disputara-a-maratona-aquatica-14-bis\/#primaryimage\"},\"image\":{\"@id\":\"https:\/\/swimchannel.net\/br\/ana-marcela-cunha-disputara-a-maratona-aquatica-14-bis\/#primaryimage\"},\"thumbnailUrl\":\"https:\/\/swimchannel.net\/br\/wp-content\/uploads\/2025\/07\/54661962236_e67a7abe5c_k.jpg\",\"datePublished\":\"2025-10-12T22:56:24+00:00\",\"dateModified\":\"2025-10-12T23:05:00+00:00\",\"breadcrumb\":{\"@id\":\"https:\/\/swimchannel.net\/br\/ana-marcela-cunha-disputara-a-maratona-aquatica-14-bis\/#breadcrumb\"},\"inLanguage\":\"pt-BR\",\"potentialAction\":[{\"@type\":\"ReadAction\",\"target\":[\"https:\/\/swimchannel.net\/br\/ana-marcela-cunha-disputara-a-maratona-aquatica-14-bis\/\"]}]},{\"@type\":\"ImageObject\",\"inLanguage\":\"pt-BR\",\"@id\":\"https:\/\/swimchannel.net\/br\/ana-marcela-cunha-disputara-a-maratona-aquatica-14-bis\/#primaryimage\",\"url\":\"https:\/\/swimchannel.net\/br\/wp-content\/uploads\/2025\/07\/54661962236_e67a7abe5c_k.jpg\",\"contentUrl\":\"https:\/\/swimchannel.net\/br\/wp-content\/uploads\/2025\/07\/54661962236_e67a7abe5c_k.jpg\",\"width\":2048,\"height\":1365,\"caption\":\"Ana Marcela Cunha - Foto: Satiro Sodr\u00e9\"},{\"@type\":\"BreadcrumbList\",\"@id\":\"https:\/\/swimchannel.net\/br\/ana-marcela-cunha-disputara-a-maratona-aquatica-14-bis\/#breadcrumb\",\"itemListElement\":[{\"@type\":\"ListItem\",\"position\":1,\"name\":\"Home\",\"item\":\"https:\/\/swimchannel.net\/br\/\"},{\"@type\":\"ListItem\",\"position\":2,\"name\":\"Ana Marcela Cunha disputar\u00e1 a Maratona Aqu\u00e1tica 14 Bis\"}]},{\"@type\":\"WebSite\",\"@id\":\"https:\/\/swimchannel.net\/br\/#website\",\"url\":\"https:\/\/swimchannel.net\/br\/\",\"name\":\"Swimchannel\",\"description\":\"Maior portal de nata\u00e7\u00e3o da america latina\",\"publisher\":{\"@id\":\"https:\/\/swimchannel.net\/br\/#organization\"},\"potentialAction\":[{\"@type\":\"SearchAction\",\"target\":{\"@type\":\"EntryPoint\",\"urlTemplate\":\"https:\/\/swimchannel.net\/br\/?s={search_term_string}\"},\"query-input\":{\"@type\":\"PropertyValueSpecification\",\"valueRequired\":true,\"valueName\":\"search_term_string\"}}],\"inLanguage\":\"pt-BR\"},{\"@type\":\"Organization\",\"@id\":\"https:\/\/swimchannel.net\/br\/#organization\",\"name\":\"Swimchannel - Conectando voc\u00ea a Nata\u00e7\u00e3o\",\"url\":\"https:\/\/swimchannel.net\/br\/\",\"logo\":{\"@type\":\"ImageObject\",\"inLanguage\":\"pt-BR\",\"@id\":\"https:\/\/swimchannel.net\/br\/#\/schema\/logo\/image\/\",\"url\":\"https:\/\/swimchannel.net\/br\/wp-content\/uploads\/2026\/02\/SWIM-CHANNEL.png\",\"contentUrl\":\"https:\/\/swimchannel.net\/br\/wp-content\/uploads\/2026\/02\/SWIM-CHANNEL.png\",\"width\":1120,\"height\":630,\"caption\":\"Swimchannel - Conectando voc\u00ea a Nata\u00e7\u00e3o\"},\"image\":{\"@id\":\"https:\/\/swimchannel.net\/br\/#\/schema\/logo\/image\/\"},\"sameAs\":[\"https:\/\/www.facebook.com\/swimchannel\",\"https:\/\/www.instagram.com\/swimchannel\"]},{\"@type\":\"Person\",\"@id\":\"https:\/\/swimchannel.net\/br\/#\/schema\/person\/aa2a63bab3275f53749a83276b213c48\",\"name\":\"Guilherme Freitas\",\"image\":{\"@type\":\"ImageObject\",\"inLanguage\":\"pt-BR\",\"@id\":\"https:\/\/swimchannel.net\/br\/#\/schema\/person\/image\/\",\"url\":\"https:\/\/swimchannel.net\/br\/wp-content\/uploads\/2025\/10\/gui22-193x180.png\",\"contentUrl\":\"https:\/\/swimchannel.net\/br\/wp-content\/uploads\/2025\/10\/gui22-193x180.png\",\"caption\":\"Guilherme Freitas\"},\"description\":\"Jornalista s\u00eanior da SWIM CHANNEL, ex-correspondente da FINA no Brasil e pesquisador acad\u00eamico.\",\"sameAs\":[\"instagram.com\/guifreitas86\"],\"url\":\"https:\/\/swimchannel.net\/br\/author\/guilherme-freitas\/\"}]}<\/script>\n<!-- \/ Yoast SEO plugin. -->","yoast_head_json":{"title":"Ana Marcela Cunha disputar\u00e1 a Maratona Aqu\u00e1tica 14 Bis - Swimchannel","robots":{"index":"index","follow":"follow","max-snippet":"max-snippet:-1","max-image-preview":"max-image-preview:large","max-video-preview":"max-video-preview:-1"},"canonical":"https:\/\/swimchannel.net\/br\/ana-marcela-cunha-disputara-a-maratona-aquatica-14-bis\/","og_locale":"pt_BR","og_type":"article","og_title":"Ana Marcela Cunha disputar\u00e1 a Maratona Aqu\u00e1tica 14 Bis - Swimchannel","og_description":"A Maratona Aqu\u00e1tica 14 Bis ter\u00e1 um nome de peso na edi\u00e7\u00e3o 2025 da prova. A campe\u00e3 ol\u00edmpica e multicampe\u00e3 mundial Ana Marcela Cunha, confirmou sua presen\u00e7a na ultramaratona aqu\u00e1tica que acontecer\u00e1 no pr\u00f3ximo dia 15 de novembro, no litoral paulista. Ser\u00e1 a primeira vez na hist\u00f3ria que a atleta do Sesc-RJ e do Team [&hellip;]","og_url":"https:\/\/swimchannel.net\/br\/ana-marcela-cunha-disputara-a-maratona-aquatica-14-bis\/","og_site_name":"Swimchannel","article_publisher":"https:\/\/www.facebook.com\/swimchannel","article_published_time":"2025-10-12T22:56:24+00:00","article_modified_time":"2025-10-12T23:05:00+00:00","og_image":[{"width":2048,"height":1365,"url":"https:\/\/swimchannel.net\/br\/wp-content\/uploads\/2025\/07\/54661962236_e67a7abe5c_k.jpg","type":"image\/jpeg"}],"author":"Guilherme Freitas","twitter_card":"summary_large_image","twitter_misc":{"Escrito por":"Guilherme Freitas","Est. tempo de leitura":"1 minuto"},"schema":{"@context":"https:\/\/schema.org","@graph":[{"@type":"Article","@id":"https:\/\/swimchannel.net\/br\/ana-marcela-cunha-disputara-a-maratona-aquatica-14-bis\/#article","isPartOf":{"@id":"https:\/\/swimchannel.net\/br\/ana-marcela-cunha-disputara-a-maratona-aquatica-14-bis\/"},"author":{"name":"Guilherme Freitas","@id":"https:\/\/swimchannel.net\/br\/#\/schema\/person\/aa2a63bab3275f53749a83276b213c48"},"headline":"Ana Marcela Cunha disputar\u00e1 a Maratona Aqu\u00e1tica 14 Bis","datePublished":"2025-10-12T22:56:24+00:00","dateModified":"2025-10-12T23:05:00+00:00","mainEntityOfPage":{"@id":"https:\/\/swimchannel.net\/br\/ana-marcela-cunha-disputara-a-maratona-aquatica-14-bis\/"},"wordCount":297,"commentCount":0,"publisher":{"@id":"https:\/\/swimchannel.net\/br\/#organization"},"image":{"@id":"https:\/\/swimchannel.net\/br\/ana-marcela-cunha-disputara-a-maratona-aquatica-14-bis\/#primaryimage"},"thumbnailUrl":"https:\/\/swimchannel.net\/br\/wp-content\/uploads\/2025\/07\/54661962236_e67a7abe5c_k.jpg","keywords":["\u00c1guas abertas","Ana Marcela Cunha","Maratona Aqu\u00e1tica 14 Bis","natacao"],"articleSection":["\u00c1guas Abertas"],"inLanguage":"pt-BR","potentialAction":[{"@type":"CommentAction","name":"Comment","target":["https:\/\/swimchannel.net\/br\/ana-marcela-cunha-disputara-a-maratona-aquatica-14-bis\/#respond"]}]},{"@type":"WebPage","@id":"https:\/\/swimchannel.net\/br\/ana-marcela-cunha-disputara-a-maratona-aquatica-14-bis\/","url":"https:\/\/swimchannel.net\/br\/ana-marcela-cunha-disputara-a-maratona-aquatica-14-bis\/","name":"Ana Marcela Cunha disputar\u00e1 a Maratona Aqu\u00e1tica 14 Bis - Swimchannel","isPartOf":{"@id":"https:\/\/swimchannel.net\/br\/#website"},"primaryImageOfPage":{"@id":"https:\/\/swimchannel.net\/br\/ana-marcela-cunha-disputara-a-maratona-aquatica-14-bis\/#primaryimage"},"image":{"@id":"https:\/\/swimchannel.net\/br\/ana-marcela-cunha-disputara-a-maratona-aquatica-14-bis\/#primaryimage"},"thumbnailUrl":"https:\/\/swimchannel.net\/br\/wp-content\/uploads\/2025\/07\/54661962236_e67a7abe5c_k.jpg","datePublished":"2025-10-12T22:56:24+00:00","dateModified":"2025-10-12T23:05:00+00:00","breadcrumb":{"@id":"https:\/\/swimchannel.net\/br\/ana-marcela-cunha-disputara-a-maratona-aquatica-14-bis\/#breadcrumb"},"inLanguage":"pt-BR","potentialAction":[{"@type":"ReadAction","target":["https:\/\/swimchannel.net\/br\/ana-marcela-cunha-disputara-a-maratona-aquatica-14-bis\/"]}]},{"@type":"ImageObject","inLanguage":"pt-BR","@id":"https:\/\/swimchannel.net\/br\/ana-marcela-cunha-disputara-a-maratona-aquatica-14-bis\/#primaryimage","url":"https:\/\/swimchannel.net\/br\/wp-content\/uploads\/2025\/07\/54661962236_e67a7abe5c_k.jpg","contentUrl":"https:\/\/swimchannel.net\/br\/wp-content\/uploads\/2025\/07\/54661962236_e67a7abe5c_k.jpg","width":2048,"height":1365,"caption":"Ana Marcela Cunha - Foto: Satiro Sodr\u00e9"},{"@type":"BreadcrumbList","@id":"https:\/\/swimchannel.net\/br\/ana-marcela-cunha-disputara-a-maratona-aquatica-14-bis\/#breadcrumb","itemListElement":[{"@type":"ListItem","position":1,"name":"Home","item":"https:\/\/swimchannel.net\/br\/"},{"@type":"ListItem","position":2,"name":"Ana Marcela Cunha disputar\u00e1 a Maratona Aqu\u00e1tica 14 Bis"}]},{"@type":"WebSite","@id":"https:\/\/swimchannel.net\/br\/#website","url":"https:\/\/swimchannel.net\/br\/","name":"Swimchannel","description":"Maior portal de nata\u00e7\u00e3o da america latina","publisher":{"@id":"https:\/\/swimchannel.net\/br\/#organization"},"potentialAction":[{"@type":"SearchAction","target":{"@type":"EntryPoint","urlTemplate":"https:\/\/swimchannel.net\/br\/?s={search_term_string}"},"query-input":{"@type":"PropertyValueSpecification","valueRequired":true,"valueName":"search_term_string"}}],"inLanguage":"pt-BR"},{"@type":"Organization","@id":"https:\/\/swimchannel.net\/br\/#organization","name":"Swimchannel - Conectando voc\u00ea a Nata\u00e7\u00e3o","url":"https:\/\/swimchannel.net\/br\/","logo":{"@type":"ImageObject","inLanguage":"pt-BR","@id":"https:\/\/swimchannel.net\/br\/#\/schema\/logo\/image\/","url":"https:\/\/swimchannel.net\/br\/wp-content\/uploads\/2026\/02\/SWIM-CHANNEL.png","contentUrl":"https:\/\/swimchannel.net\/br\/wp-content\/uploads\/2026\/02\/SWIM-CHANNEL.png","width":1120,"height":630,"caption":"Swimchannel - Conectando voc\u00ea a Nata\u00e7\u00e3o"},"image":{"@id":"https:\/\/swimchannel.net\/br\/#\/schema\/logo\/image\/"},"sameAs":["https:\/\/www.facebook.com\/swimchannel","https:\/\/www.instagram.com\/swimchannel"]},{"@type":"Person","@id":"https:\/\/swimchannel.net\/br\/#\/schema\/person\/aa2a63bab3275f53749a83276b213c48","name":"Guilherme Freitas","image":{"@type":"ImageObject","inLanguage":"pt-BR","@id":"https:\/\/swimchannel.net\/br\/#\/schema\/person\/image\/","url":"https:\/\/swimchannel.net\/br\/wp-content\/uploads\/2025\/10\/gui22-193x180.png","contentUrl":"https:\/\/swimchannel.net\/br\/wp-content\/uploads\/2025\/10\/gui22-193x180.png","caption":"Guilherme Freitas"},"description":"Jornalista s\u00eanior da SWIM CHANNEL, ex-correspondente da FINA no Brasil e pesquisador acad\u00eamico.","sameAs":["instagram.com\/guifreitas86"],"url":"https:\/\/swimchannel.net\/br\/author\/guilherme-freitas\/"}]}},"_links":{"self":[{"href":"https:\/\/swimchannel.net\/br\/wp-json\/wp\/v2\/posts\/76585","targetHints":{"allow":["GET"]}}],"collection":[{"href":"https:\/\/swimchannel.net\/br\/wp-json\/wp\/v2\/posts"}],"about":[{"href":"https:\/\/swimchannel.net\/br\/wp-json\/wp\/v2\/types\/post"}],"author":[{"embeddable":true,"href":"https:\/\/swimchannel.net\/br\/wp-json\/wp\/v2\/users\/3"}],"replies":[{"embeddable":true,"href":"https:\/\/swimchannel.net\/br\/wp-json\/wp\/v2\/comments?post=76585"}],"version-history":[{"count":1,"href":"https:\/\/swimchannel.net\/br\/wp-json\/wp\/v2\/posts\/76585\/revisions"}],"predecessor-version":[{"id":76586,"href":"https:\/\/swimchannel.net\/br\/wp-json\/wp\/v2\/posts\/76585\/revisions\/76586"}],"wp:featuredmedia":[{"embeddable":true,"href":"https:\/\/swimchannel.net\/br\/wp-json\/wp\/v2\/media\/74946"}],"wp:attachment":[{"href":"https:\/\/swimchannel.net\/br\/wp-json\/wp\/v2\/media?parent=76585"}],"wp:term":[{"taxonomy":"category","embeddable":true,"href":"https:\/\/swimchannel.net\/br\/wp-json\/wp\/v2\/categories?post=76585"},{"taxonomy":"post_tag","embeddable":true,"href":"https:\/\/swimchannel.net\/br\/wp-json\/wp\/v2\/tags?post=76585"}],"curies":[{"name":"wp","href":"https:\/\/api.w.org\/{rel}","templated":true}]}}