{"id":76596,"date":"2025-10-13T17:21:40","date_gmt":"2025-10-13T20:21:40","guid":{"rendered":"https:\/\/swimchannel.net\/br\/?p=76596"},"modified":"2025-10-13T17:21:40","modified_gmt":"2025-10-13T20:21:40","slug":"franca-david-betlehem-e-moesha-johnson-os-vencedores-do-dia-2-da-copa-do-mundo-de-aguas-abertas","status":"publish","type":"post","link":"https:\/\/swimchannel.net\/br\/franca-david-betlehem-e-moesha-johnson-os-vencedores-do-dia-2-da-copa-do-mundo-de-aguas-abertas\/","title":{"rendered":"Fran\u00e7a, David Betlehem e Moesha Johnson os vencedores do dia 2 da Copa do Mundo de \u00c1guas Abertas"},"content":{"rendered":"<p>Agora sim, terminou a temporada internacional das \u00e1guas abertas em 2025. A World Aquatics concluiu seu calend\u00e1rio com a disputa das provas do revezamento 4\u00d71.250m e do Knockout 3K Swim que encerraram a etapa do Golfo de Aranci, na It\u00e1lia. Foi a quarta, e \u00faltima etapa do Circuito da temporada.<\/p>\n<p>&nbsp;<\/p>\n<p>David Betlehem da Hungria que havia ganho a prova dos 10K no dia anterior fechou o ano vencendo o Knockout com boa vantagem sobre o franc\u00eas Marc-Antoine Olivier, mais de tr\u00eas segundos. No feminino, deu Moesha Johnson da Austr\u00e1lia dois segundos a frente da alem\u00e3 Lea Boy.<\/p>\n<p>&nbsp;<\/p>\n<p>Leonardo Macedo foi o melhor brasileiro na prova masculina chegando as semifinais terminando em 13o lugar. Ana Marcela Cunha mostrou a sua melhor condi\u00e7\u00e3o da temporada ao terminar o Knockout em quinto lugar depois de uma boa performance no dia anterior dos 10K.<\/p>\n<p>&nbsp;<\/p>\n<p>A esperada briga dos revezamentos europeus confirmou a Fran\u00e7a campe\u00e3 1:07.54.00 apenas dois d\u00e9cimos a frente da It\u00e1lia e sete d\u00e9cimos a frente da It\u00e1lia. Espanha em quarto e Estados Unidos em quinto, com o Brasil terminando em sexto lugar.<\/p>\n<p>&nbsp;<\/p>\n<p>O time brasileiro completou a prova com 1:08.25.30 nadando com Lizian Sim\u00f5es, Matheus Melecchi, Leonardo Macedo e Ana Marcela Cunha.<\/p>\n<p>&nbsp;<\/p>\n<p>Resultados completos podem ser conferidos aqui:<\/p>\n<p><a href=\"https:\/\/www.worldaquatics.com\/competitions\/4797\/world-aquatics-open-water-swimming-world-cup-2025\/results?discipline=&amp;event=50059e75-2307-41f0-9b41-e872994b43eb\">https:\/\/www.worldaquatics.com\/competitions\/4797\/world-aquatics-open-water-swimming-world-cup-2025\/results?discipline=&amp;event=50059e75-2307-41f0-9b41-e872994b43eb<\/a><\/p>\n<p>&nbsp;<\/p>\n<p>&nbsp;<\/p>\n<p>Gostaria de receber as not\u00edcias de nata\u00e7\u00e3o e \u00e1guas abertas no seu email?<\/p>\n<p><a href=\"https:\/\/lpa.nitro.news\/n-GNe\/ultimas-noticias-swim-channel\">Cadastre-se aqui<\/a><\/p>\n<p>&nbsp;<\/p>\n","protected":false},"excerpt":{"rendered":"<p>Agora sim, terminou a temporada internacional das \u00e1guas abertas em 2025. A World Aquatics concluiu seu calend\u00e1rio com a disputa das provas do revezamento 4\u00d71.250m e do Knockout 3K Swim que encerraram a etapa do Golfo de Aranci, na It\u00e1lia. Foi a quarta, e \u00faltima etapa do Circuito da temporada. &nbsp; David Betlehem da Hungria [&hellip;]<\/p>\n","protected":false},"author":12,"featured_media":76598,"comment_status":"open","ping_status":"open","sticky":false,"template":"","format":"standard","meta":{"footnotes":""},"categories":[115,2576],"tags":[14,5182,6636,6519],"class_list":["post-76596","post","type-post","status-publish","format-standard","has-post-thumbnail","hentry","category-aguas-abertas","category-ultimas-noticias","tag-aguas-abertas","tag-copa-do-mundo-de-aguas-abertas","tag-david-betlehem","tag-moesha-johnson"],"yoast_head":"<!-- This site is optimized with the Yoast SEO plugin v27.0 - https:\/\/yoast.com\/product\/yoast-seo-wordpress\/ -->\n<title>Fran\u00e7a, David Betlehem e Moesha Johnson os vencedores do dia 2 da Copa do Mundo de \u00c1guas Abertas - Swimchannel<\/title>\n<meta name=\"robots\" content=\"index, follow, max-snippet:-1, max-image-preview:large, max-video-preview:-1\" \/>\n<link rel=\"canonical\" href=\"https:\/\/swimchannel.net\/br\/franca-david-betlehem-e-moesha-johnson-os-vencedores-do-dia-2-da-copa-do-mundo-de-aguas-abertas\/\" \/>\n<meta property=\"og:locale\" content=\"pt_BR\" \/>\n<meta property=\"og:type\" content=\"article\" \/>\n<meta property=\"og:title\" content=\"Fran\u00e7a, David Betlehem e Moesha Johnson os vencedores do dia 2 da Copa do Mundo de \u00c1guas Abertas - Swimchannel\" \/>\n<meta property=\"og:description\" content=\"Agora sim, terminou a temporada internacional das \u00e1guas abertas em 2025. A World Aquatics concluiu seu calend\u00e1rio com a disputa das provas do revezamento 4\u00d71.250m e do Knockout 3K Swim que encerraram a etapa do Golfo de Aranci, na It\u00e1lia. Foi a quarta, e \u00faltima etapa do Circuito da temporada. &nbsp; David Betlehem da Hungria [&hellip;]\" \/>\n<meta property=\"og:url\" content=\"https:\/\/swimchannel.net\/br\/franca-david-betlehem-e-moesha-johnson-os-vencedores-do-dia-2-da-copa-do-mundo-de-aguas-abertas\/\" \/>\n<meta property=\"og:site_name\" content=\"Swimchannel\" \/>\n<meta property=\"article:publisher\" content=\"https:\/\/www.facebook.com\/swimchannel\" \/>\n<meta property=\"article:published_time\" content=\"2025-10-13T20:21:40+00:00\" \/>\n<meta property=\"og:image\" content=\"https:\/\/swimchannel.net\/br\/wp-content\/uploads\/2025\/10\/564991759_18531719299034579_2405652220585010554_n-827x1030-1.jpg\" \/>\n\t<meta property=\"og:image:width\" content=\"827\" \/>\n\t<meta property=\"og:image:height\" content=\"1030\" \/>\n\t<meta property=\"og:image:type\" content=\"image\/jpeg\" \/>\n<meta name=\"author\" content=\"Alex Pussieldi\" \/>\n<meta name=\"twitter:card\" content=\"summary_large_image\" \/>\n<meta name=\"twitter:label1\" content=\"Escrito por\" \/>\n\t<meta name=\"twitter:data1\" content=\"Alex Pussieldi\" \/>\n\t<meta name=\"twitter:label2\" content=\"Est. tempo de leitura\" \/>\n\t<meta name=\"twitter:data2\" content=\"1 minuto\" \/>\n<script type=\"application\/ld+json\" class=\"yoast-schema-graph\">{\"@context\":\"https:\/\/schema.org\",\"@graph\":[{\"@type\":\"Article\",\"@id\":\"https:\/\/swimchannel.net\/br\/franca-david-betlehem-e-moesha-johnson-os-vencedores-do-dia-2-da-copa-do-mundo-de-aguas-abertas\/#article\",\"isPartOf\":{\"@id\":\"https:\/\/swimchannel.net\/br\/franca-david-betlehem-e-moesha-johnson-os-vencedores-do-dia-2-da-copa-do-mundo-de-aguas-abertas\/\"},\"author\":{\"name\":\"Alex Pussieldi\",\"@id\":\"https:\/\/swimchannel.net\/br\/#\/schema\/person\/cf549cb99cf75592fcf7c76213385e63\"},\"headline\":\"Fran\u00e7a, David Betlehem e Moesha Johnson os vencedores do dia 2 da Copa do Mundo de \u00c1guas Abertas\",\"datePublished\":\"2025-10-13T20:21:40+00:00\",\"mainEntityOfPage\":{\"@id\":\"https:\/\/swimchannel.net\/br\/franca-david-betlehem-e-moesha-johnson-os-vencedores-do-dia-2-da-copa-do-mundo-de-aguas-abertas\/\"},\"wordCount\":277,\"commentCount\":0,\"publisher\":{\"@id\":\"https:\/\/swimchannel.net\/br\/#organization\"},\"image\":{\"@id\":\"https:\/\/swimchannel.net\/br\/franca-david-betlehem-e-moesha-johnson-os-vencedores-do-dia-2-da-copa-do-mundo-de-aguas-abertas\/#primaryimage\"},\"thumbnailUrl\":\"https:\/\/swimchannel.net\/br\/wp-content\/uploads\/2025\/10\/564991759_18531719299034579_2405652220585010554_n-827x1030-1.jpg\",\"keywords\":[\"\u00c1guas abertas\",\"Copa do Mundo de \u00c1guas Abertas\",\"David Betlehem\",\"Moesha Johnson\"],\"articleSection\":[\"\u00c1guas Abertas\",\"\u00daltimas Not\u00edcias\"],\"inLanguage\":\"pt-BR\",\"potentialAction\":[{\"@type\":\"CommentAction\",\"name\":\"Comment\",\"target\":[\"https:\/\/swimchannel.net\/br\/franca-david-betlehem-e-moesha-johnson-os-vencedores-do-dia-2-da-copa-do-mundo-de-aguas-abertas\/#respond\"]}]},{\"@type\":\"WebPage\",\"@id\":\"https:\/\/swimchannel.net\/br\/franca-david-betlehem-e-moesha-johnson-os-vencedores-do-dia-2-da-copa-do-mundo-de-aguas-abertas\/\",\"url\":\"https:\/\/swimchannel.net\/br\/franca-david-betlehem-e-moesha-johnson-os-vencedores-do-dia-2-da-copa-do-mundo-de-aguas-abertas\/\",\"name\":\"Fran\u00e7a, David Betlehem e Moesha Johnson os vencedores do dia 2 da Copa do Mundo de \u00c1guas Abertas - Swimchannel\",\"isPartOf\":{\"@id\":\"https:\/\/swimchannel.net\/br\/#website\"},\"primaryImageOfPage\":{\"@id\":\"https:\/\/swimchannel.net\/br\/franca-david-betlehem-e-moesha-johnson-os-vencedores-do-dia-2-da-copa-do-mundo-de-aguas-abertas\/#primaryimage\"},\"image\":{\"@id\":\"https:\/\/swimchannel.net\/br\/franca-david-betlehem-e-moesha-johnson-os-vencedores-do-dia-2-da-copa-do-mundo-de-aguas-abertas\/#primaryimage\"},\"thumbnailUrl\":\"https:\/\/swimchannel.net\/br\/wp-content\/uploads\/2025\/10\/564991759_18531719299034579_2405652220585010554_n-827x1030-1.jpg\",\"datePublished\":\"2025-10-13T20:21:40+00:00\",\"breadcrumb\":{\"@id\":\"https:\/\/swimchannel.net\/br\/franca-david-betlehem-e-moesha-johnson-os-vencedores-do-dia-2-da-copa-do-mundo-de-aguas-abertas\/#breadcrumb\"},\"inLanguage\":\"pt-BR\",\"potentialAction\":[{\"@type\":\"ReadAction\",\"target\":[\"https:\/\/swimchannel.net\/br\/franca-david-betlehem-e-moesha-johnson-os-vencedores-do-dia-2-da-copa-do-mundo-de-aguas-abertas\/\"]}]},{\"@type\":\"ImageObject\",\"inLanguage\":\"pt-BR\",\"@id\":\"https:\/\/swimchannel.net\/br\/franca-david-betlehem-e-moesha-johnson-os-vencedores-do-dia-2-da-copa-do-mundo-de-aguas-abertas\/#primaryimage\",\"url\":\"https:\/\/swimchannel.net\/br\/wp-content\/uploads\/2025\/10\/564991759_18531719299034579_2405652220585010554_n-827x1030-1.jpg\",\"contentUrl\":\"https:\/\/swimchannel.net\/br\/wp-content\/uploads\/2025\/10\/564991759_18531719299034579_2405652220585010554_n-827x1030-1.jpg\",\"width\":827,\"height\":1030},{\"@type\":\"BreadcrumbList\",\"@id\":\"https:\/\/swimchannel.net\/br\/franca-david-betlehem-e-moesha-johnson-os-vencedores-do-dia-2-da-copa-do-mundo-de-aguas-abertas\/#breadcrumb\",\"itemListElement\":[{\"@type\":\"ListItem\",\"position\":1,\"name\":\"Home\",\"item\":\"https:\/\/swimchannel.net\/br\/\"},{\"@type\":\"ListItem\",\"position\":2,\"name\":\"Fran\u00e7a, David Betlehem e Moesha Johnson os vencedores do dia 2 da Copa do Mundo de \u00c1guas Abertas\"}]},{\"@type\":\"WebSite\",\"@id\":\"https:\/\/swimchannel.net\/br\/#website\",\"url\":\"https:\/\/swimchannel.net\/br\/\",\"name\":\"Swimchannel\",\"description\":\"Maior portal de nata\u00e7\u00e3o da america latina\",\"publisher\":{\"@id\":\"https:\/\/swimchannel.net\/br\/#organization\"},\"potentialAction\":[{\"@type\":\"SearchAction\",\"target\":{\"@type\":\"EntryPoint\",\"urlTemplate\":\"https:\/\/swimchannel.net\/br\/?s={search_term_string}\"},\"query-input\":{\"@type\":\"PropertyValueSpecification\",\"valueRequired\":true,\"valueName\":\"search_term_string\"}}],\"inLanguage\":\"pt-BR\"},{\"@type\":\"Organization\",\"@id\":\"https:\/\/swimchannel.net\/br\/#organization\",\"name\":\"Swimchannel - Conectando voc\u00ea a Nata\u00e7\u00e3o\",\"url\":\"https:\/\/swimchannel.net\/br\/\",\"logo\":{\"@type\":\"ImageObject\",\"inLanguage\":\"pt-BR\",\"@id\":\"https:\/\/swimchannel.net\/br\/#\/schema\/logo\/image\/\",\"url\":\"https:\/\/swimchannel.net\/br\/wp-content\/uploads\/2026\/02\/SWIM-CHANNEL.png\",\"contentUrl\":\"https:\/\/swimchannel.net\/br\/wp-content\/uploads\/2026\/02\/SWIM-CHANNEL.png\",\"width\":1120,\"height\":630,\"caption\":\"Swimchannel - Conectando voc\u00ea a Nata\u00e7\u00e3o\"},\"image\":{\"@id\":\"https:\/\/swimchannel.net\/br\/#\/schema\/logo\/image\/\"},\"sameAs\":[\"https:\/\/www.facebook.com\/swimchannel\",\"https:\/\/www.instagram.com\/swimchannel\"]},{\"@type\":\"Person\",\"@id\":\"https:\/\/swimchannel.net\/br\/#\/schema\/person\/cf549cb99cf75592fcf7c76213385e63\",\"name\":\"Alex Pussieldi\",\"image\":{\"@type\":\"ImageObject\",\"inLanguage\":\"pt-BR\",\"@id\":\"https:\/\/swimchannel.net\/br\/#\/schema\/person\/image\/\",\"url\":\"https:\/\/swimchannel.net\/br\/wp-content\/uploads\/2021\/02\/9b1c252d-a4bd-4eda-b399-24565cac4114-100x100.jpg\",\"contentUrl\":\"https:\/\/swimchannel.net\/br\/wp-content\/uploads\/2021\/02\/9b1c252d-a4bd-4eda-b399-24565cac4114-100x100.jpg\",\"caption\":\"Alex Pussieldi\"},\"description\":\"Alexandre Pussieldi, apelidado de \u201ccoach\u201d, Foi t\u00e9cnico da sele\u00e7\u00e3o verde e amarela nas Olimp\u00edadas de Pequim-2008 e Londres-2012. O treinador ainda comandou outros quatro pa\u00edses: Kuwait, Paraguai, Aruba e Antilhas Holandesas, al\u00e9m da sele\u00e7\u00e3o americana de \u00e1guas abertas. Pussieldi tem passagens como comentarista de nata\u00e7\u00e3o do Grupo Globo e Swim Channel.\",\"url\":\"https:\/\/swimchannel.net\/br\/author\/alexpussieldi\/\"}]}<\/script>\n<!-- \/ Yoast SEO plugin. -->","yoast_head_json":{"title":"Fran\u00e7a, David Betlehem e Moesha Johnson os vencedores do dia 2 da Copa do Mundo de \u00c1guas Abertas - Swimchannel","robots":{"index":"index","follow":"follow","max-snippet":"max-snippet:-1","max-image-preview":"max-image-preview:large","max-video-preview":"max-video-preview:-1"},"canonical":"https:\/\/swimchannel.net\/br\/franca-david-betlehem-e-moesha-johnson-os-vencedores-do-dia-2-da-copa-do-mundo-de-aguas-abertas\/","og_locale":"pt_BR","og_type":"article","og_title":"Fran\u00e7a, David Betlehem e Moesha Johnson os vencedores do dia 2 da Copa do Mundo de \u00c1guas Abertas - Swimchannel","og_description":"Agora sim, terminou a temporada internacional das \u00e1guas abertas em 2025. A World Aquatics concluiu seu calend\u00e1rio com a disputa das provas do revezamento 4\u00d71.250m e do Knockout 3K Swim que encerraram a etapa do Golfo de Aranci, na It\u00e1lia. Foi a quarta, e \u00faltima etapa do Circuito da temporada. &nbsp; David Betlehem da Hungria [&hellip;]","og_url":"https:\/\/swimchannel.net\/br\/franca-david-betlehem-e-moesha-johnson-os-vencedores-do-dia-2-da-copa-do-mundo-de-aguas-abertas\/","og_site_name":"Swimchannel","article_publisher":"https:\/\/www.facebook.com\/swimchannel","article_published_time":"2025-10-13T20:21:40+00:00","og_image":[{"width":827,"height":1030,"url":"https:\/\/swimchannel.net\/br\/wp-content\/uploads\/2025\/10\/564991759_18531719299034579_2405652220585010554_n-827x1030-1.jpg","type":"image\/jpeg"}],"author":"Alex Pussieldi","twitter_card":"summary_large_image","twitter_misc":{"Escrito por":"Alex Pussieldi","Est. tempo de leitura":"1 minuto"},"schema":{"@context":"https:\/\/schema.org","@graph":[{"@type":"Article","@id":"https:\/\/swimchannel.net\/br\/franca-david-betlehem-e-moesha-johnson-os-vencedores-do-dia-2-da-copa-do-mundo-de-aguas-abertas\/#article","isPartOf":{"@id":"https:\/\/swimchannel.net\/br\/franca-david-betlehem-e-moesha-johnson-os-vencedores-do-dia-2-da-copa-do-mundo-de-aguas-abertas\/"},"author":{"name":"Alex Pussieldi","@id":"https:\/\/swimchannel.net\/br\/#\/schema\/person\/cf549cb99cf75592fcf7c76213385e63"},"headline":"Fran\u00e7a, David Betlehem e Moesha Johnson os vencedores do dia 2 da Copa do Mundo de \u00c1guas Abertas","datePublished":"2025-10-13T20:21:40+00:00","mainEntityOfPage":{"@id":"https:\/\/swimchannel.net\/br\/franca-david-betlehem-e-moesha-johnson-os-vencedores-do-dia-2-da-copa-do-mundo-de-aguas-abertas\/"},"wordCount":277,"commentCount":0,"publisher":{"@id":"https:\/\/swimchannel.net\/br\/#organization"},"image":{"@id":"https:\/\/swimchannel.net\/br\/franca-david-betlehem-e-moesha-johnson-os-vencedores-do-dia-2-da-copa-do-mundo-de-aguas-abertas\/#primaryimage"},"thumbnailUrl":"https:\/\/swimchannel.net\/br\/wp-content\/uploads\/2025\/10\/564991759_18531719299034579_2405652220585010554_n-827x1030-1.jpg","keywords":["\u00c1guas abertas","Copa do Mundo de \u00c1guas Abertas","David Betlehem","Moesha Johnson"],"articleSection":["\u00c1guas Abertas","\u00daltimas Not\u00edcias"],"inLanguage":"pt-BR","potentialAction":[{"@type":"CommentAction","name":"Comment","target":["https:\/\/swimchannel.net\/br\/franca-david-betlehem-e-moesha-johnson-os-vencedores-do-dia-2-da-copa-do-mundo-de-aguas-abertas\/#respond"]}]},{"@type":"WebPage","@id":"https:\/\/swimchannel.net\/br\/franca-david-betlehem-e-moesha-johnson-os-vencedores-do-dia-2-da-copa-do-mundo-de-aguas-abertas\/","url":"https:\/\/swimchannel.net\/br\/franca-david-betlehem-e-moesha-johnson-os-vencedores-do-dia-2-da-copa-do-mundo-de-aguas-abertas\/","name":"Fran\u00e7a, David Betlehem e Moesha Johnson os vencedores do dia 2 da Copa do Mundo de \u00c1guas Abertas - Swimchannel","isPartOf":{"@id":"https:\/\/swimchannel.net\/br\/#website"},"primaryImageOfPage":{"@id":"https:\/\/swimchannel.net\/br\/franca-david-betlehem-e-moesha-johnson-os-vencedores-do-dia-2-da-copa-do-mundo-de-aguas-abertas\/#primaryimage"},"image":{"@id":"https:\/\/swimchannel.net\/br\/franca-david-betlehem-e-moesha-johnson-os-vencedores-do-dia-2-da-copa-do-mundo-de-aguas-abertas\/#primaryimage"},"thumbnailUrl":"https:\/\/swimchannel.net\/br\/wp-content\/uploads\/2025\/10\/564991759_18531719299034579_2405652220585010554_n-827x1030-1.jpg","datePublished":"2025-10-13T20:21:40+00:00","breadcrumb":{"@id":"https:\/\/swimchannel.net\/br\/franca-david-betlehem-e-moesha-johnson-os-vencedores-do-dia-2-da-copa-do-mundo-de-aguas-abertas\/#breadcrumb"},"inLanguage":"pt-BR","potentialAction":[{"@type":"ReadAction","target":["https:\/\/swimchannel.net\/br\/franca-david-betlehem-e-moesha-johnson-os-vencedores-do-dia-2-da-copa-do-mundo-de-aguas-abertas\/"]}]},{"@type":"ImageObject","inLanguage":"pt-BR","@id":"https:\/\/swimchannel.net\/br\/franca-david-betlehem-e-moesha-johnson-os-vencedores-do-dia-2-da-copa-do-mundo-de-aguas-abertas\/#primaryimage","url":"https:\/\/swimchannel.net\/br\/wp-content\/uploads\/2025\/10\/564991759_18531719299034579_2405652220585010554_n-827x1030-1.jpg","contentUrl":"https:\/\/swimchannel.net\/br\/wp-content\/uploads\/2025\/10\/564991759_18531719299034579_2405652220585010554_n-827x1030-1.jpg","width":827,"height":1030},{"@type":"BreadcrumbList","@id":"https:\/\/swimchannel.net\/br\/franca-david-betlehem-e-moesha-johnson-os-vencedores-do-dia-2-da-copa-do-mundo-de-aguas-abertas\/#breadcrumb","itemListElement":[{"@type":"ListItem","position":1,"name":"Home","item":"https:\/\/swimchannel.net\/br\/"},{"@type":"ListItem","position":2,"name":"Fran\u00e7a, David Betlehem e Moesha Johnson os vencedores do dia 2 da Copa do Mundo de \u00c1guas Abertas"}]},{"@type":"WebSite","@id":"https:\/\/swimchannel.net\/br\/#website","url":"https:\/\/swimchannel.net\/br\/","name":"Swimchannel","description":"Maior portal de nata\u00e7\u00e3o da america latina","publisher":{"@id":"https:\/\/swimchannel.net\/br\/#organization"},"potentialAction":[{"@type":"SearchAction","target":{"@type":"EntryPoint","urlTemplate":"https:\/\/swimchannel.net\/br\/?s={search_term_string}"},"query-input":{"@type":"PropertyValueSpecification","valueRequired":true,"valueName":"search_term_string"}}],"inLanguage":"pt-BR"},{"@type":"Organization","@id":"https:\/\/swimchannel.net\/br\/#organization","name":"Swimchannel - Conectando voc\u00ea a Nata\u00e7\u00e3o","url":"https:\/\/swimchannel.net\/br\/","logo":{"@type":"ImageObject","inLanguage":"pt-BR","@id":"https:\/\/swimchannel.net\/br\/#\/schema\/logo\/image\/","url":"https:\/\/swimchannel.net\/br\/wp-content\/uploads\/2026\/02\/SWIM-CHANNEL.png","contentUrl":"https:\/\/swimchannel.net\/br\/wp-content\/uploads\/2026\/02\/SWIM-CHANNEL.png","width":1120,"height":630,"caption":"Swimchannel - Conectando voc\u00ea a Nata\u00e7\u00e3o"},"image":{"@id":"https:\/\/swimchannel.net\/br\/#\/schema\/logo\/image\/"},"sameAs":["https:\/\/www.facebook.com\/swimchannel","https:\/\/www.instagram.com\/swimchannel"]},{"@type":"Person","@id":"https:\/\/swimchannel.net\/br\/#\/schema\/person\/cf549cb99cf75592fcf7c76213385e63","name":"Alex Pussieldi","image":{"@type":"ImageObject","inLanguage":"pt-BR","@id":"https:\/\/swimchannel.net\/br\/#\/schema\/person\/image\/","url":"https:\/\/swimchannel.net\/br\/wp-content\/uploads\/2021\/02\/9b1c252d-a4bd-4eda-b399-24565cac4114-100x100.jpg","contentUrl":"https:\/\/swimchannel.net\/br\/wp-content\/uploads\/2021\/02\/9b1c252d-a4bd-4eda-b399-24565cac4114-100x100.jpg","caption":"Alex Pussieldi"},"description":"Alexandre Pussieldi, apelidado de \u201ccoach\u201d, Foi t\u00e9cnico da sele\u00e7\u00e3o verde e amarela nas Olimp\u00edadas de Pequim-2008 e Londres-2012. O treinador ainda comandou outros quatro pa\u00edses: Kuwait, Paraguai, Aruba e Antilhas Holandesas, al\u00e9m da sele\u00e7\u00e3o americana de \u00e1guas abertas. Pussieldi tem passagens como comentarista de nata\u00e7\u00e3o do Grupo Globo e Swim Channel.","url":"https:\/\/swimchannel.net\/br\/author\/alexpussieldi\/"}]}},"_links":{"self":[{"href":"https:\/\/swimchannel.net\/br\/wp-json\/wp\/v2\/posts\/76596","targetHints":{"allow":["GET"]}}],"collection":[{"href":"https:\/\/swimchannel.net\/br\/wp-json\/wp\/v2\/posts"}],"about":[{"href":"https:\/\/swimchannel.net\/br\/wp-json\/wp\/v2\/types\/post"}],"author":[{"embeddable":true,"href":"https:\/\/swimchannel.net\/br\/wp-json\/wp\/v2\/users\/12"}],"replies":[{"embeddable":true,"href":"https:\/\/swimchannel.net\/br\/wp-json\/wp\/v2\/comments?post=76596"}],"version-history":[{"count":1,"href":"https:\/\/swimchannel.net\/br\/wp-json\/wp\/v2\/posts\/76596\/revisions"}],"predecessor-version":[{"id":76599,"href":"https:\/\/swimchannel.net\/br\/wp-json\/wp\/v2\/posts\/76596\/revisions\/76599"}],"wp:featuredmedia":[{"embeddable":true,"href":"https:\/\/swimchannel.net\/br\/wp-json\/wp\/v2\/media\/76598"}],"wp:attachment":[{"href":"https:\/\/swimchannel.net\/br\/wp-json\/wp\/v2\/media?parent=76596"}],"wp:term":[{"taxonomy":"category","embeddable":true,"href":"https:\/\/swimchannel.net\/br\/wp-json\/wp\/v2\/categories?post=76596"},{"taxonomy":"post_tag","embeddable":true,"href":"https:\/\/swimchannel.net\/br\/wp-json\/wp\/v2\/tags?post=76596"}],"curies":[{"name":"wp","href":"https:\/\/api.w.org\/{rel}","templated":true}]}}