{"id":76622,"date":"2025-10-15T14:55:49","date_gmt":"2025-10-15T17:55:49","guid":{"rendered":"https:\/\/swimchannel.net\/br\/?p=76622"},"modified":"2025-10-15T14:55:49","modified_gmt":"2025-10-15T17:55:49","slug":"kaique-ayran-desafia-a-hemofilia-e-completa-maratona-aquatica-de-10-km-no-parana","status":"publish","type":"post","link":"https:\/\/swimchannel.net\/br\/kaique-ayran-desafia-a-hemofilia-e-completa-maratona-aquatica-de-10-km-no-parana\/","title":{"rendered":"Kaique Ayran desafia a hemofilia e completa maratona aqu\u00e1tica de 10 km no Paran\u00e1"},"content":{"rendered":"<p data-start=\"406\" data-end=\"821\">No \u00faltimo domingo, 12 de outubro de 2025, um feito marcante chamou aten\u00e7\u00e3o no cen\u00e1rio das \u00e1guas abertas brasileiras. O paranaense Kaique Ayran, portador de hemofilia A grave, completou uma maratona aqu\u00e1tica de 10 km na Represa do Capivari, em Campina Grande do Sul (PR), durante a etapa do Circuito Conhe\u00e7a o Paran\u00e1 Nadando. A conquista representa um s\u00edmbolo de supera\u00e7\u00e3o e pode ser um dos raros registros no mundo de um atleta com a condi\u00e7\u00e3o participando de uma prova dessa dist\u00e2ncia.<\/p>\n<p data-start=\"823\" data-end=\"1213\">A hemofilia A \u00e9 uma condi\u00e7\u00e3o gen\u00e9tica rara caracterizada pela defici\u00eancia do fator VIII de coagula\u00e7\u00e3o, o que causa epis\u00f3dios recorrentes de hemorragias em m\u00fasculos e articula\u00e7\u00f5es. Em casos graves, como o de Kaique, essas crises podem deixar sequelas permanentes e exigir tratamentos cont\u00ednuos e delicados. Ao longo da vida, ele j\u00e1 enfrentou mais de 500 epis\u00f3dios hemorr\u00e1gicos.<\/p>\n<p data-start=\"1215\" data-end=\"1467\">Apesar dos desafios, Kaique encontrou na nata\u00e7\u00e3o um caminho para supera\u00e7\u00e3o e qualidade de vida. \u201cO tratamento avan\u00e7ou muito nos \u00faltimos anos, e isso me permitiu melhorar um pouco a rotina. A nata\u00e7\u00e3o passou a ser uma aliada f\u00edsica e emocional\u201d, conta.<\/p>\n<p data-start=\"1469\" data-end=\"1686\">Na prova de domingo, ele nadou as quatro voltas de 2,5 km em um circuito fechado na represa, com \u00e1gua a 19\u00b0C e tempo nublado, completando o percurso em 3h19min46s.<\/p>\n<figure id=\"attachment_76624\" aria-describedby=\"caption-attachment-76624\" style=\"width: 800px\" class=\"wp-caption alignnone\"><img loading=\"lazy\" decoding=\"async\" class=\"size-large wp-image-76624\" src=\"https:\/\/swimchannel.net\/br\/wp-content\/uploads\/2025\/10\/463006494_436398315733204_6983263086636474979_n-800x800.jpg\" alt=\"\" width=\"800\" height=\"800\" srcset=\"https:\/\/swimchannel.net\/br\/wp-content\/uploads\/2025\/10\/463006494_436398315733204_6983263086636474979_n-800x800.jpg 800w, https:\/\/swimchannel.net\/br\/wp-content\/uploads\/2025\/10\/463006494_436398315733204_6983263086636474979_n-675x675.jpg 675w, https:\/\/swimchannel.net\/br\/wp-content\/uploads\/2025\/10\/463006494_436398315733204_6983263086636474979_n-180x180.jpg 180w, https:\/\/swimchannel.net\/br\/wp-content\/uploads\/2025\/10\/463006494_436398315733204_6983263086636474979_n-768x768.jpg 768w, https:\/\/swimchannel.net\/br\/wp-content\/uploads\/2025\/10\/463006494_436398315733204_6983263086636474979_n-75x75.jpg 75w, https:\/\/swimchannel.net\/br\/wp-content\/uploads\/2025\/10\/463006494_436398315733204_6983263086636474979_n-750x750.jpg 750w, https:\/\/swimchannel.net\/br\/wp-content\/uploads\/2025\/10\/463006494_436398315733204_6983263086636474979_n.jpg 1080w\" sizes=\"auto, (max-width: 800px) 100vw, 800px\" \/><figcaption id=\"caption-attachment-76624\" class=\"wp-caption-text\">Kaique Ayran. Foto: @nadadorkaiqueayran<\/figcaption><\/figure>\n<p data-start=\"1688\" data-end=\"2040\">\u201cQuando sa\u00ed da \u00e1gua, a sensa\u00e7\u00e3o foi de al\u00edvio e gratid\u00e3o. N\u00e3o apenas por ter conclu\u00eddo os 10 km, mas por saber que estava fazendo algo simb\u00f3lico \u2014 para mim, para a comunidade hemof\u00edlica e para todos que enfrentam limita\u00e7\u00f5es f\u00edsicas. Quis mostrar que, com preparo e cuidado, \u00e9 poss\u00edvel ir al\u00e9m\u201d, disse Kaique em seu relato publicado nas redes sociais.<\/p>\n<p data-start=\"2042\" data-end=\"2380\">Essa foi a 43\u00aa travessia aqu\u00e1tica do nadador, que come\u00e7ou a competir em abril de 2022, com uma prova de 1,5 km na Ilha do Mel (PR). Desde ent\u00e3o, ele j\u00e1 participou de eventos em diferentes locais do Paran\u00e1, incluindo Caiob\u00e1, Guaratuba, Ponta Grossa, Tijucas do Sul e o pr\u00f3prio Capivari, onde concluiu os 10 km.<\/p>\n<figure id=\"attachment_76623\" aria-describedby=\"caption-attachment-76623\" style=\"width: 800px\" class=\"wp-caption alignnone\"><img loading=\"lazy\" decoding=\"async\" class=\"size-large wp-image-76623\" src=\"https:\/\/swimchannel.net\/br\/wp-content\/uploads\/2025\/10\/563456259_17901939165272705_8509808244901116635_n-800x800.webp\" alt=\"\" width=\"800\" height=\"800\" srcset=\"https:\/\/swimchannel.net\/br\/wp-content\/uploads\/2025\/10\/563456259_17901939165272705_8509808244901116635_n-800x800.webp 800w, https:\/\/swimchannel.net\/br\/wp-content\/uploads\/2025\/10\/563456259_17901939165272705_8509808244901116635_n-675x675.webp 675w, https:\/\/swimchannel.net\/br\/wp-content\/uploads\/2025\/10\/563456259_17901939165272705_8509808244901116635_n-180x180.webp 180w, https:\/\/swimchannel.net\/br\/wp-content\/uploads\/2025\/10\/563456259_17901939165272705_8509808244901116635_n-768x768.webp 768w, https:\/\/swimchannel.net\/br\/wp-content\/uploads\/2025\/10\/563456259_17901939165272705_8509808244901116635_n-75x75.webp 75w, https:\/\/swimchannel.net\/br\/wp-content\/uploads\/2025\/10\/563456259_17901939165272705_8509808244901116635_n-750x750.webp 750w, https:\/\/swimchannel.net\/br\/wp-content\/uploads\/2025\/10\/563456259_17901939165272705_8509808244901116635_n.webp 1080w\" sizes=\"auto, (max-width: 800px) 100vw, 800px\" \/><figcaption id=\"caption-attachment-76623\" class=\"wp-caption-text\">Kaique Ayran. Foto: @nadadorkaiqueayran<\/figcaption><\/figure>\n<p data-start=\"2804\" data-end=\"2978\">\u201cGostaria que essa conquista ficasse registrada para inspirar outras pessoas a encararem suas dificuldades. A nata\u00e7\u00e3o me deu for\u00e7a, prop\u00f3sito e esperan\u00e7a\u201d, finalizou Kaique.<\/p>\n<p data-start=\"2980\" data-end=\"3110\">Confira o relato completo e fotos da prova no Instagram: @<a href=\"https:\/\/www.instagram.com\/nadadorkaiqueayran\/\">nadadorkaiqueayran<\/a><\/p>\n<p>Gostaria de receber as not\u00edcias de nata\u00e7\u00e3o e \u00e1guas abertas no seu email?<\/p>\n<p><a href=\"https:\/\/lpa.nitro.news\/n-GNe\/ultimas-noticias-swim-channel\">Cadastre-se aqui<\/a><\/p>\n","protected":false},"excerpt":{"rendered":"<p>No \u00faltimo domingo, 12 de outubro de 2025, um feito marcante chamou aten\u00e7\u00e3o no cen\u00e1rio das \u00e1guas abertas brasileiras. O paranaense Kaique Ayran, portador de hemofilia A grave, completou uma maratona aqu\u00e1tica de 10 km na Represa do Capivari, em Campina Grande do Sul (PR), durante a etapa do Circuito Conhe\u00e7a o Paran\u00e1 Nadando. A [&hellip;]<\/p>\n","protected":false},"author":9,"featured_media":76626,"comment_status":"open","ping_status":"open","sticky":false,"template":"","format":"standard","meta":{"footnotes":""},"categories":[115,2576],"tags":[14,6639,6638],"class_list":["post-76622","post","type-post","status-publish","format-standard","has-post-thumbnail","hentry","category-aguas-abertas","category-ultimas-noticias","tag-aguas-abertas","tag-hemofilia","tag-kaique-ayran"],"yoast_head":"<!-- This site is optimized with the Yoast SEO plugin v27.0 - https:\/\/yoast.com\/product\/yoast-seo-wordpress\/ -->\n<title>Kaique Ayran desafia a hemofilia e completa maratona aqu\u00e1tica de 10 km no Paran\u00e1 - Swimchannel<\/title>\n<meta name=\"robots\" content=\"index, follow, max-snippet:-1, max-image-preview:large, max-video-preview:-1\" \/>\n<link rel=\"canonical\" href=\"https:\/\/swimchannel.net\/br\/kaique-ayran-desafia-a-hemofilia-e-completa-maratona-aquatica-de-10-km-no-parana\/\" \/>\n<meta property=\"og:locale\" content=\"pt_BR\" \/>\n<meta property=\"og:type\" content=\"article\" \/>\n<meta property=\"og:title\" content=\"Kaique Ayran desafia a hemofilia e completa maratona aqu\u00e1tica de 10 km no Paran\u00e1 - Swimchannel\" \/>\n<meta property=\"og:description\" content=\"No \u00faltimo domingo, 12 de outubro de 2025, um feito marcante chamou aten\u00e7\u00e3o no cen\u00e1rio das \u00e1guas abertas brasileiras. O paranaense Kaique Ayran, portador de hemofilia A grave, completou uma maratona aqu\u00e1tica de 10 km na Represa do Capivari, em Campina Grande do Sul (PR), durante a etapa do Circuito Conhe\u00e7a o Paran\u00e1 Nadando. A [&hellip;]\" \/>\n<meta property=\"og:url\" content=\"https:\/\/swimchannel.net\/br\/kaique-ayran-desafia-a-hemofilia-e-completa-maratona-aquatica-de-10-km-no-parana\/\" \/>\n<meta property=\"og:site_name\" content=\"Swimchannel\" \/>\n<meta property=\"article:publisher\" content=\"https:\/\/www.facebook.com\/swimchannel\" \/>\n<meta property=\"article:published_time\" content=\"2025-10-15T17:55:49+00:00\" \/>\n<meta property=\"og:image\" content=\"https:\/\/swimchannel.net\/br\/wp-content\/uploads\/2025\/10\/Nadando-Capivari-12.10.2025.jpg\" \/>\n\t<meta property=\"og:image:width\" content=\"1500\" \/>\n\t<meta property=\"og:image:height\" content=\"1001\" \/>\n\t<meta property=\"og:image:type\" content=\"image\/jpeg\" \/>\n<meta name=\"author\" content=\"Katarine Monteiro\" \/>\n<meta name=\"twitter:card\" content=\"summary_large_image\" \/>\n<meta name=\"twitter:creator\" content=\"@https:\/\/twitter.com\/Katarinem\" \/>\n<meta name=\"twitter:label1\" content=\"Escrito por\" \/>\n\t<meta name=\"twitter:data1\" content=\"Katarine Monteiro\" \/>\n\t<meta name=\"twitter:label2\" content=\"Est. tempo de leitura\" \/>\n\t<meta name=\"twitter:data2\" content=\"2 minutos\" \/>\n<script type=\"application\/ld+json\" class=\"yoast-schema-graph\">{\"@context\":\"https:\/\/schema.org\",\"@graph\":[{\"@type\":\"Article\",\"@id\":\"https:\/\/swimchannel.net\/br\/kaique-ayran-desafia-a-hemofilia-e-completa-maratona-aquatica-de-10-km-no-parana\/#article\",\"isPartOf\":{\"@id\":\"https:\/\/swimchannel.net\/br\/kaique-ayran-desafia-a-hemofilia-e-completa-maratona-aquatica-de-10-km-no-parana\/\"},\"author\":{\"name\":\"Katarine Monteiro\",\"@id\":\"https:\/\/swimchannel.net\/br\/#\/schema\/person\/73ae9cec62249968bca1f0a8098ef002\"},\"headline\":\"Kaique Ayran desafia a hemofilia e completa maratona aqu\u00e1tica de 10 km no Paran\u00e1\",\"datePublished\":\"2025-10-15T17:55:49+00:00\",\"mainEntityOfPage\":{\"@id\":\"https:\/\/swimchannel.net\/br\/kaique-ayran-desafia-a-hemofilia-e-completa-maratona-aquatica-de-10-km-no-parana\/\"},\"wordCount\":448,\"commentCount\":0,\"publisher\":{\"@id\":\"https:\/\/swimchannel.net\/br\/#organization\"},\"image\":{\"@id\":\"https:\/\/swimchannel.net\/br\/kaique-ayran-desafia-a-hemofilia-e-completa-maratona-aquatica-de-10-km-no-parana\/#primaryimage\"},\"thumbnailUrl\":\"https:\/\/swimchannel.net\/br\/wp-content\/uploads\/2025\/10\/Nadando-Capivari-12.10.2025.jpg\",\"keywords\":[\"\u00c1guas abertas\",\"hemofilia\",\"Kaique Ayran\"],\"articleSection\":[\"\u00c1guas Abertas\",\"\u00daltimas Not\u00edcias\"],\"inLanguage\":\"pt-BR\",\"potentialAction\":[{\"@type\":\"CommentAction\",\"name\":\"Comment\",\"target\":[\"https:\/\/swimchannel.net\/br\/kaique-ayran-desafia-a-hemofilia-e-completa-maratona-aquatica-de-10-km-no-parana\/#respond\"]}]},{\"@type\":\"WebPage\",\"@id\":\"https:\/\/swimchannel.net\/br\/kaique-ayran-desafia-a-hemofilia-e-completa-maratona-aquatica-de-10-km-no-parana\/\",\"url\":\"https:\/\/swimchannel.net\/br\/kaique-ayran-desafia-a-hemofilia-e-completa-maratona-aquatica-de-10-km-no-parana\/\",\"name\":\"Kaique Ayran desafia a hemofilia e completa maratona aqu\u00e1tica de 10 km no Paran\u00e1 - Swimchannel\",\"isPartOf\":{\"@id\":\"https:\/\/swimchannel.net\/br\/#website\"},\"primaryImageOfPage\":{\"@id\":\"https:\/\/swimchannel.net\/br\/kaique-ayran-desafia-a-hemofilia-e-completa-maratona-aquatica-de-10-km-no-parana\/#primaryimage\"},\"image\":{\"@id\":\"https:\/\/swimchannel.net\/br\/kaique-ayran-desafia-a-hemofilia-e-completa-maratona-aquatica-de-10-km-no-parana\/#primaryimage\"},\"thumbnailUrl\":\"https:\/\/swimchannel.net\/br\/wp-content\/uploads\/2025\/10\/Nadando-Capivari-12.10.2025.jpg\",\"datePublished\":\"2025-10-15T17:55:49+00:00\",\"breadcrumb\":{\"@id\":\"https:\/\/swimchannel.net\/br\/kaique-ayran-desafia-a-hemofilia-e-completa-maratona-aquatica-de-10-km-no-parana\/#breadcrumb\"},\"inLanguage\":\"pt-BR\",\"potentialAction\":[{\"@type\":\"ReadAction\",\"target\":[\"https:\/\/swimchannel.net\/br\/kaique-ayran-desafia-a-hemofilia-e-completa-maratona-aquatica-de-10-km-no-parana\/\"]}]},{\"@type\":\"ImageObject\",\"inLanguage\":\"pt-BR\",\"@id\":\"https:\/\/swimchannel.net\/br\/kaique-ayran-desafia-a-hemofilia-e-completa-maratona-aquatica-de-10-km-no-parana\/#primaryimage\",\"url\":\"https:\/\/swimchannel.net\/br\/wp-content\/uploads\/2025\/10\/Nadando-Capivari-12.10.2025.jpg\",\"contentUrl\":\"https:\/\/swimchannel.net\/br\/wp-content\/uploads\/2025\/10\/Nadando-Capivari-12.10.2025.jpg\",\"width\":1500,\"height\":1001,\"caption\":\"Kaique Ayran. Foto: Divulga\u00e7\u00e3o\"},{\"@type\":\"BreadcrumbList\",\"@id\":\"https:\/\/swimchannel.net\/br\/kaique-ayran-desafia-a-hemofilia-e-completa-maratona-aquatica-de-10-km-no-parana\/#breadcrumb\",\"itemListElement\":[{\"@type\":\"ListItem\",\"position\":1,\"name\":\"Home\",\"item\":\"https:\/\/swimchannel.net\/br\/\"},{\"@type\":\"ListItem\",\"position\":2,\"name\":\"Kaique Ayran desafia a hemofilia e completa maratona aqu\u00e1tica de 10 km no Paran\u00e1\"}]},{\"@type\":\"WebSite\",\"@id\":\"https:\/\/swimchannel.net\/br\/#website\",\"url\":\"https:\/\/swimchannel.net\/br\/\",\"name\":\"Swimchannel\",\"description\":\"Maior portal de nata\u00e7\u00e3o da america latina\",\"publisher\":{\"@id\":\"https:\/\/swimchannel.net\/br\/#organization\"},\"potentialAction\":[{\"@type\":\"SearchAction\",\"target\":{\"@type\":\"EntryPoint\",\"urlTemplate\":\"https:\/\/swimchannel.net\/br\/?s={search_term_string}\"},\"query-input\":{\"@type\":\"PropertyValueSpecification\",\"valueRequired\":true,\"valueName\":\"search_term_string\"}}],\"inLanguage\":\"pt-BR\"},{\"@type\":\"Organization\",\"@id\":\"https:\/\/swimchannel.net\/br\/#organization\",\"name\":\"Swimchannel - Conectando voc\u00ea a Nata\u00e7\u00e3o\",\"url\":\"https:\/\/swimchannel.net\/br\/\",\"logo\":{\"@type\":\"ImageObject\",\"inLanguage\":\"pt-BR\",\"@id\":\"https:\/\/swimchannel.net\/br\/#\/schema\/logo\/image\/\",\"url\":\"https:\/\/swimchannel.net\/br\/wp-content\/uploads\/2026\/02\/SWIM-CHANNEL.png\",\"contentUrl\":\"https:\/\/swimchannel.net\/br\/wp-content\/uploads\/2026\/02\/SWIM-CHANNEL.png\",\"width\":1120,\"height\":630,\"caption\":\"Swimchannel - Conectando voc\u00ea a Nata\u00e7\u00e3o\"},\"image\":{\"@id\":\"https:\/\/swimchannel.net\/br\/#\/schema\/logo\/image\/\"},\"sameAs\":[\"https:\/\/www.facebook.com\/swimchannel\",\"https:\/\/www.instagram.com\/swimchannel\"]},{\"@type\":\"Person\",\"@id\":\"https:\/\/swimchannel.net\/br\/#\/schema\/person\/73ae9cec62249968bca1f0a8098ef002\",\"name\":\"Katarine Monteiro\",\"image\":{\"@type\":\"ImageObject\",\"inLanguage\":\"pt-BR\",\"@id\":\"https:\/\/swimchannel.net\/br\/#\/schema\/person\/image\/\",\"url\":\"https:\/\/swimchannel.net\/br\/wp-content\/uploads\/2022\/01\/Katarine-Monteiro-100x100.jpg\",\"contentUrl\":\"https:\/\/swimchannel.net\/br\/wp-content\/uploads\/2022\/01\/Katarine-Monteiro-100x100.jpg\",\"caption\":\"Katarine Monteiro\"},\"description\":\"Jornalista SWIM CHANNEL especializada em esportes ol\u00edmpicos e em sa\u00fade. Com cobertura de grandes eventos internacionais, como Jogos Ol\u00edmpicos Rio 2016, Jogos Pan-Americanos em Lima 2019, Qatar Total Open 2020, Qatar ExxonMobil Open 2019 - t\u00eanis em Doha (QT), Semana Internacional de Vela de Ilhabela, Transat Jacques Vabre 2019 (Fran\u00e7a-Brasil), L'\u00c9tape Brasil by Tour de France, j\u00e1 fez in\u00fameras coberturas de nata\u00e7\u00e3o, maratona aqu\u00e1tica e polo aqu\u00e1tico. Formada tamb\u00e9m em Letras, a jornalista atua como assessora de imprensa, rela\u00e7\u00f5es p\u00fablicas e social media, com especializa\u00e7\u00e3o em marketing esportivo. Nadadora amadora de \u00e1guas abertas, j\u00e1 trabalhou com grandes nomes da nata\u00e7\u00e3o e do polo aqu\u00e1tico brasileiro.\",\"sameAs\":[\"https:\/\/www.instagram.com\/_katarinemonteiro\/\",\"https:\/\/www.linkedin.com\/in\/katarine-monteiro-19385297\/\",\"https:\/\/x.com\/https:\/\/twitter.com\/Katarinem\"],\"url\":\"https:\/\/swimchannel.net\/br\/author\/katarine-monteiro\/\"}]}<\/script>\n<!-- \/ Yoast SEO plugin. -->","yoast_head_json":{"title":"Kaique Ayran desafia a hemofilia e completa maratona aqu\u00e1tica de 10 km no Paran\u00e1 - Swimchannel","robots":{"index":"index","follow":"follow","max-snippet":"max-snippet:-1","max-image-preview":"max-image-preview:large","max-video-preview":"max-video-preview:-1"},"canonical":"https:\/\/swimchannel.net\/br\/kaique-ayran-desafia-a-hemofilia-e-completa-maratona-aquatica-de-10-km-no-parana\/","og_locale":"pt_BR","og_type":"article","og_title":"Kaique Ayran desafia a hemofilia e completa maratona aqu\u00e1tica de 10 km no Paran\u00e1 - Swimchannel","og_description":"No \u00faltimo domingo, 12 de outubro de 2025, um feito marcante chamou aten\u00e7\u00e3o no cen\u00e1rio das \u00e1guas abertas brasileiras. O paranaense Kaique Ayran, portador de hemofilia A grave, completou uma maratona aqu\u00e1tica de 10 km na Represa do Capivari, em Campina Grande do Sul (PR), durante a etapa do Circuito Conhe\u00e7a o Paran\u00e1 Nadando. A [&hellip;]","og_url":"https:\/\/swimchannel.net\/br\/kaique-ayran-desafia-a-hemofilia-e-completa-maratona-aquatica-de-10-km-no-parana\/","og_site_name":"Swimchannel","article_publisher":"https:\/\/www.facebook.com\/swimchannel","article_published_time":"2025-10-15T17:55:49+00:00","og_image":[{"width":1500,"height":1001,"url":"https:\/\/swimchannel.net\/br\/wp-content\/uploads\/2025\/10\/Nadando-Capivari-12.10.2025.jpg","type":"image\/jpeg"}],"author":"Katarine Monteiro","twitter_card":"summary_large_image","twitter_creator":"@https:\/\/twitter.com\/Katarinem","twitter_misc":{"Escrito por":"Katarine Monteiro","Est. tempo de leitura":"2 minutos"},"schema":{"@context":"https:\/\/schema.org","@graph":[{"@type":"Article","@id":"https:\/\/swimchannel.net\/br\/kaique-ayran-desafia-a-hemofilia-e-completa-maratona-aquatica-de-10-km-no-parana\/#article","isPartOf":{"@id":"https:\/\/swimchannel.net\/br\/kaique-ayran-desafia-a-hemofilia-e-completa-maratona-aquatica-de-10-km-no-parana\/"},"author":{"name":"Katarine Monteiro","@id":"https:\/\/swimchannel.net\/br\/#\/schema\/person\/73ae9cec62249968bca1f0a8098ef002"},"headline":"Kaique Ayran desafia a hemofilia e completa maratona aqu\u00e1tica de 10 km no Paran\u00e1","datePublished":"2025-10-15T17:55:49+00:00","mainEntityOfPage":{"@id":"https:\/\/swimchannel.net\/br\/kaique-ayran-desafia-a-hemofilia-e-completa-maratona-aquatica-de-10-km-no-parana\/"},"wordCount":448,"commentCount":0,"publisher":{"@id":"https:\/\/swimchannel.net\/br\/#organization"},"image":{"@id":"https:\/\/swimchannel.net\/br\/kaique-ayran-desafia-a-hemofilia-e-completa-maratona-aquatica-de-10-km-no-parana\/#primaryimage"},"thumbnailUrl":"https:\/\/swimchannel.net\/br\/wp-content\/uploads\/2025\/10\/Nadando-Capivari-12.10.2025.jpg","keywords":["\u00c1guas abertas","hemofilia","Kaique Ayran"],"articleSection":["\u00c1guas Abertas","\u00daltimas Not\u00edcias"],"inLanguage":"pt-BR","potentialAction":[{"@type":"CommentAction","name":"Comment","target":["https:\/\/swimchannel.net\/br\/kaique-ayran-desafia-a-hemofilia-e-completa-maratona-aquatica-de-10-km-no-parana\/#respond"]}]},{"@type":"WebPage","@id":"https:\/\/swimchannel.net\/br\/kaique-ayran-desafia-a-hemofilia-e-completa-maratona-aquatica-de-10-km-no-parana\/","url":"https:\/\/swimchannel.net\/br\/kaique-ayran-desafia-a-hemofilia-e-completa-maratona-aquatica-de-10-km-no-parana\/","name":"Kaique Ayran desafia a hemofilia e completa maratona aqu\u00e1tica de 10 km no Paran\u00e1 - Swimchannel","isPartOf":{"@id":"https:\/\/swimchannel.net\/br\/#website"},"primaryImageOfPage":{"@id":"https:\/\/swimchannel.net\/br\/kaique-ayran-desafia-a-hemofilia-e-completa-maratona-aquatica-de-10-km-no-parana\/#primaryimage"},"image":{"@id":"https:\/\/swimchannel.net\/br\/kaique-ayran-desafia-a-hemofilia-e-completa-maratona-aquatica-de-10-km-no-parana\/#primaryimage"},"thumbnailUrl":"https:\/\/swimchannel.net\/br\/wp-content\/uploads\/2025\/10\/Nadando-Capivari-12.10.2025.jpg","datePublished":"2025-10-15T17:55:49+00:00","breadcrumb":{"@id":"https:\/\/swimchannel.net\/br\/kaique-ayran-desafia-a-hemofilia-e-completa-maratona-aquatica-de-10-km-no-parana\/#breadcrumb"},"inLanguage":"pt-BR","potentialAction":[{"@type":"ReadAction","target":["https:\/\/swimchannel.net\/br\/kaique-ayran-desafia-a-hemofilia-e-completa-maratona-aquatica-de-10-km-no-parana\/"]}]},{"@type":"ImageObject","inLanguage":"pt-BR","@id":"https:\/\/swimchannel.net\/br\/kaique-ayran-desafia-a-hemofilia-e-completa-maratona-aquatica-de-10-km-no-parana\/#primaryimage","url":"https:\/\/swimchannel.net\/br\/wp-content\/uploads\/2025\/10\/Nadando-Capivari-12.10.2025.jpg","contentUrl":"https:\/\/swimchannel.net\/br\/wp-content\/uploads\/2025\/10\/Nadando-Capivari-12.10.2025.jpg","width":1500,"height":1001,"caption":"Kaique Ayran. Foto: Divulga\u00e7\u00e3o"},{"@type":"BreadcrumbList","@id":"https:\/\/swimchannel.net\/br\/kaique-ayran-desafia-a-hemofilia-e-completa-maratona-aquatica-de-10-km-no-parana\/#breadcrumb","itemListElement":[{"@type":"ListItem","position":1,"name":"Home","item":"https:\/\/swimchannel.net\/br\/"},{"@type":"ListItem","position":2,"name":"Kaique Ayran desafia a hemofilia e completa maratona aqu\u00e1tica de 10 km no Paran\u00e1"}]},{"@type":"WebSite","@id":"https:\/\/swimchannel.net\/br\/#website","url":"https:\/\/swimchannel.net\/br\/","name":"Swimchannel","description":"Maior portal de nata\u00e7\u00e3o da america latina","publisher":{"@id":"https:\/\/swimchannel.net\/br\/#organization"},"potentialAction":[{"@type":"SearchAction","target":{"@type":"EntryPoint","urlTemplate":"https:\/\/swimchannel.net\/br\/?s={search_term_string}"},"query-input":{"@type":"PropertyValueSpecification","valueRequired":true,"valueName":"search_term_string"}}],"inLanguage":"pt-BR"},{"@type":"Organization","@id":"https:\/\/swimchannel.net\/br\/#organization","name":"Swimchannel - Conectando voc\u00ea a Nata\u00e7\u00e3o","url":"https:\/\/swimchannel.net\/br\/","logo":{"@type":"ImageObject","inLanguage":"pt-BR","@id":"https:\/\/swimchannel.net\/br\/#\/schema\/logo\/image\/","url":"https:\/\/swimchannel.net\/br\/wp-content\/uploads\/2026\/02\/SWIM-CHANNEL.png","contentUrl":"https:\/\/swimchannel.net\/br\/wp-content\/uploads\/2026\/02\/SWIM-CHANNEL.png","width":1120,"height":630,"caption":"Swimchannel - Conectando voc\u00ea a Nata\u00e7\u00e3o"},"image":{"@id":"https:\/\/swimchannel.net\/br\/#\/schema\/logo\/image\/"},"sameAs":["https:\/\/www.facebook.com\/swimchannel","https:\/\/www.instagram.com\/swimchannel"]},{"@type":"Person","@id":"https:\/\/swimchannel.net\/br\/#\/schema\/person\/73ae9cec62249968bca1f0a8098ef002","name":"Katarine Monteiro","image":{"@type":"ImageObject","inLanguage":"pt-BR","@id":"https:\/\/swimchannel.net\/br\/#\/schema\/person\/image\/","url":"https:\/\/swimchannel.net\/br\/wp-content\/uploads\/2022\/01\/Katarine-Monteiro-100x100.jpg","contentUrl":"https:\/\/swimchannel.net\/br\/wp-content\/uploads\/2022\/01\/Katarine-Monteiro-100x100.jpg","caption":"Katarine Monteiro"},"description":"Jornalista SWIM CHANNEL especializada em esportes ol\u00edmpicos e em sa\u00fade. Com cobertura de grandes eventos internacionais, como Jogos Ol\u00edmpicos Rio 2016, Jogos Pan-Americanos em Lima 2019, Qatar Total Open 2020, Qatar ExxonMobil Open 2019 - t\u00eanis em Doha (QT), Semana Internacional de Vela de Ilhabela, Transat Jacques Vabre 2019 (Fran\u00e7a-Brasil), L'\u00c9tape Brasil by Tour de France, j\u00e1 fez in\u00fameras coberturas de nata\u00e7\u00e3o, maratona aqu\u00e1tica e polo aqu\u00e1tico. Formada tamb\u00e9m em Letras, a jornalista atua como assessora de imprensa, rela\u00e7\u00f5es p\u00fablicas e social media, com especializa\u00e7\u00e3o em marketing esportivo. Nadadora amadora de \u00e1guas abertas, j\u00e1 trabalhou com grandes nomes da nata\u00e7\u00e3o e do polo aqu\u00e1tico brasileiro.","sameAs":["https:\/\/www.instagram.com\/_katarinemonteiro\/","https:\/\/www.linkedin.com\/in\/katarine-monteiro-19385297\/","https:\/\/x.com\/https:\/\/twitter.com\/Katarinem"],"url":"https:\/\/swimchannel.net\/br\/author\/katarine-monteiro\/"}]}},"_links":{"self":[{"href":"https:\/\/swimchannel.net\/br\/wp-json\/wp\/v2\/posts\/76622","targetHints":{"allow":["GET"]}}],"collection":[{"href":"https:\/\/swimchannel.net\/br\/wp-json\/wp\/v2\/posts"}],"about":[{"href":"https:\/\/swimchannel.net\/br\/wp-json\/wp\/v2\/types\/post"}],"author":[{"embeddable":true,"href":"https:\/\/swimchannel.net\/br\/wp-json\/wp\/v2\/users\/9"}],"replies":[{"embeddable":true,"href":"https:\/\/swimchannel.net\/br\/wp-json\/wp\/v2\/comments?post=76622"}],"version-history":[{"count":2,"href":"https:\/\/swimchannel.net\/br\/wp-json\/wp\/v2\/posts\/76622\/revisions"}],"predecessor-version":[{"id":76627,"href":"https:\/\/swimchannel.net\/br\/wp-json\/wp\/v2\/posts\/76622\/revisions\/76627"}],"wp:featuredmedia":[{"embeddable":true,"href":"https:\/\/swimchannel.net\/br\/wp-json\/wp\/v2\/media\/76626"}],"wp:attachment":[{"href":"https:\/\/swimchannel.net\/br\/wp-json\/wp\/v2\/media?parent=76622"}],"wp:term":[{"taxonomy":"category","embeddable":true,"href":"https:\/\/swimchannel.net\/br\/wp-json\/wp\/v2\/categories?post=76622"},{"taxonomy":"post_tag","embeddable":true,"href":"https:\/\/swimchannel.net\/br\/wp-json\/wp\/v2\/tags?post=76622"}],"curies":[{"name":"wp","href":"https:\/\/api.w.org\/{rel}","templated":true}]}}