{"id":76768,"date":"2025-10-27T20:06:18","date_gmt":"2025-10-27T23:06:18","guid":{"rendered":"https:\/\/swimchannel.net\/br\/?p=76768"},"modified":"2025-10-27T20:06:18","modified_gmt":"2025-10-27T23:06:18","slug":"10-destaques-do-trofeu-jose-finkel-2025","status":"publish","type":"post","link":"https:\/\/swimchannel.net\/br\/10-destaques-do-trofeu-jose-finkel-2025\/","title":{"rendered":"10 destaques do Trof\u00e9u Jos\u00e9 Finkel 2025"},"content":{"rendered":"<p>Come\u00e7a nesta ter\u00e7a-feira a 53a edi\u00e7\u00e3o do Trof\u00e9u Jos\u00e9 Finkel, Campeonato Brasileiro Absoluto de Inverno, na piscina do Paineiras. Aqui apresentamos 10 destaques da competi\u00e7\u00e3o:<\/p>\n<p>&nbsp;<\/p>\n<p><strong>10) Agostina Hein &amp; Malena Santillan, o refor\u00e7o de peso argentino ao Pinheiros<\/strong><\/p>\n<p>Atual tri campe\u00e3o da competi\u00e7\u00e3o e maior vencedor de t\u00edtulos do torneio (18), o Pinheiros foi refor\u00e7ar sua equipe na Argentina para este ano. Traz duas nadadoras recordistas sul-americanas absolutas e destaques do bom momento que vive a nata\u00e7\u00e3o feminina da Argentina. Agostina Hein, campe\u00e3 e recordista mundial j\u00fanior dos 400m medley, atual recordista sul-americana da prova junto de Malena Santillan, campe\u00e3 panamericana j\u00fanior e tamb\u00e9m recordista sul-americana dos 200m costas.<\/p>\n<p>&nbsp;<\/p>\n<p><strong>9) Maf\u00ea da Austr\u00e1lia para o Finkel<\/strong><\/p>\n<p>Ningu\u00e9m viajou tanto para vir para a competi\u00e7\u00e3o. Maria Fernanda Costa faz a sua primeira competi\u00e7\u00e3o no Brasil desde que mudou a sua base de treinamento para a Austr\u00e1lia onde faz parte do programa do St. Peters Western sob o comando do famoso treinador Dean Boxall. Maf\u00ea vai nadar quatro provas dos 100 aos 800m livre.<\/p>\n<p>&nbsp;<\/p>\n<p><strong>8) A despedida de Nick Albiero<\/strong><\/p>\n<p>Atleta ol\u00edmpico do Brasil em Paris 2024, Nick Albiero faz a sua despedida das piscinas. Vem para ajudar ao Minas T\u00eanis Clube e nada quatro provas, 50 e 100m costas, 50 e 100m borboleta. Albiero que j\u00e1 est\u00e1 em plena fase profissional nos Estados Unidos n\u00e3o nada a prova que lhe deu o \u00edndice ol\u00edmpico, os 200m borboleta.<\/p>\n<p>&nbsp;<\/p>\n<p><strong>7) A juventude na \u00e1gua, cinco nadadoras de 13 anos no Finkel<\/strong><\/p>\n<p>Cinco nadadoras da categoria Infantil I presentes ao Trof\u00e9u Jos\u00e9 Finkel 2025. Um bom contingente da nova gera\u00e7\u00e3o das mais jovens participantes e todas fazendo suas estreias em competi\u00e7\u00f5es nacionais absolutas: Maria Fernanda Ceriotti do Recreio da Juventude, Helena Scott da Vila Parahyba, Maria Eduarda Amorim do Fluminense, Brendha Beatriz Oliveira do SESI SP e Pietra Alvez Sab\u00f3ia do SESI SP.<\/p>\n<p>&nbsp;<\/p>\n<p><strong>6) Jo\u00e3o Gomes J\u00fanior presente!<\/strong><\/p>\n<p>Se as mais jovens presentes ao Finkel nasceram em 2012, os mais velhos da competi\u00e7\u00e3o nasceram em 1986. Carolina Athayde do Tijuca e Jo\u00e3o Gomes J\u00fanior do Pinheiros. Depois de nadar, vencer e at\u00e9 fazer o \u00edndice para o Mundial de Singapura, Jo\u00e3o Luiz Gomes J\u00fanior decidiu abrir m\u00e3o da sua vaga. Desde ent\u00e3o, vem mantendo uma rotina de treinamentos, sempre concilidada com a nova fase, agora atual Secret\u00e1rio de Esportes da cidade de Limeira. \u00c9 neste formato que vai levando sua prepara\u00e7\u00e3o de olho em brigar pela vaga ol\u00edmpica para os Jogos de Los Angeles 2028. Um bom refor\u00e7o para o Pinheiros nas provas de 50 e 100m peito.<\/p>\n<p>&nbsp;<\/p>\n<p><strong>5) A volta de Andr\u00e9 Calvelo<\/strong><\/p>\n<p>Foram quatro anos de suspens\u00e3o, Andr\u00e9 Calvelo Souza saiu da vaga ol\u00edmpica para T\u00f3quio 2020 para a suspens\u00e3o por doping. De volta aos treinamentos desde o primeiro semestre, Calvelo disputa sua primeira competi\u00e7\u00e3o nacional. Agora baseado no Rio de Janeiro, treinando com Rog\u00e9rio Karfunkelstein e defendendo o Fluminense.<\/p>\n<p>&nbsp;<\/p>\n<p><strong>4) Celebrando o vice campe\u00e3o mundial j\u00fanior L\u00facio Fl\u00e1vio Souza<\/strong><\/p>\n<p>O Brasil voltou a subir no p\u00f3dio do Mundial J\u00fanior, ganhamos a prata dos 100m borboleta com L\u00facio Fl\u00e1vio Souza. Ele que j\u00e1 havia sido campe\u00e3o panamericano j\u00fanior na mesma prova com 51.78, o melhor tempo do Brasil na prova em 2025. Agora \u00e9 a hora de conquistar um t\u00edtulo absoluto na carreira, algo que ainda n\u00e3o faz parte das suas conquistas, mas est\u00e1 dentro dos objetivos do ano.<\/p>\n<p>&nbsp;<\/p>\n<p><strong>3) Minas T\u00eanis Clube com seus 3 estrangeiros<\/strong><\/p>\n<p>Assim como no primeiro semestre, o Minas T\u00eanis Clube volta com tr\u00eas refor\u00e7os gringos no seu time. Al\u00e9m da argentina Delfina Dini, j\u00e1 radicada h\u00e1 anos em Belo Horizonte e que conta como \u201cbrasileira\u201d, o clube traz a dupla colombiana Juan Morales e Sirena Rowe para refor\u00e7ar seu time. Um detalhe neste Finkel \u00e9 que os estrangeiros desta vez nadar\u00e3o nas finais nas raias que obtiverem seus tempos de classifica\u00e7\u00e3o. Nada de raia 0 ou 9 como foi no Trof\u00e9u Brasil.<\/p>\n<p>&nbsp;<\/p>\n<p><strong>2) Ana Carolina Vieira na \u00e1gua<\/strong><\/p>\n<p>Ana Carolina Vieira n\u00e3o disputa um Campeonato Nacional desde o Finkel do ano passado. Sofreu uma cirurgia no final de 2024 e optou por n\u00e3o competir no primeiro semestre. Est\u00e1 de volta e ser\u00e1 um bom refor\u00e7o ao Pinheiros neste torneio. Neste semestre esteve em um torneio de piscina curta no Chile e participou do Aquarace Pro em Jo\u00e3o Pessoa, na Para\u00edba.<\/p>\n<p>&nbsp;<\/p>\n<p><strong>1) A festa do Paineiras<\/strong><\/p>\n<p>2025 \u00e9 um ano especial e diferente para o Paineiras. Clube investiu na organiza\u00e7\u00e3o estrutural do programa, trouxe o Head Coach da Sele\u00e7\u00e3o Brasileira Paral\u00edmpica Leonardo Tomasello Ara\u00fajo para assumir o comando do time. Inaugurou a piscina de 25 metros e agora sedia o seu primeiro campeonato nacional em suas instala\u00e7\u00f5es. Vai ser um verdadeiro show.<\/p>\n<p>&nbsp;<\/p>\n<p>Gostaria de receber as not\u00edcias de nata\u00e7\u00e3o e \u00e1guas abertas no seu email?<\/p>\n<p><a href=\"https:\/\/lpa.nitro.news\/n-GNe\/ultimas-noticias-swim-channel\">Cadastre-se aqui<\/a><\/p>\n","protected":false},"excerpt":{"rendered":"<p>Come\u00e7a nesta ter\u00e7a-feira a 53a edi\u00e7\u00e3o do Trof\u00e9u Jos\u00e9 Finkel, Campeonato Brasileiro Absoluto de Inverno, na piscina do Paineiras. Aqui apresentamos 10 destaques da competi\u00e7\u00e3o: &nbsp; 10) Agostina Hein &amp; Malena Santillan, o refor\u00e7o de peso argentino ao Pinheiros Atual tri campe\u00e3o da competi\u00e7\u00e3o e maior vencedor de t\u00edtulos do torneio (18), o Pinheiros foi [&hellip;]<\/p>\n","protected":false},"author":12,"featured_media":76769,"comment_status":"open","ping_status":"open","sticky":false,"template":"","format":"standard","meta":{"footnotes":""},"categories":[137,2576],"tags":[5,130],"class_list":["post-76768","post","type-post","status-publish","format-standard","has-post-thumbnail","hentry","category-natacao","category-ultimas-noticias","tag-natacao","tag-trofeu-jose-finkel"],"yoast_head":"<!-- This site is optimized with the Yoast SEO plugin v27.0 - https:\/\/yoast.com\/product\/yoast-seo-wordpress\/ -->\n<title>10 destaques do Trof\u00e9u Jos\u00e9 Finkel 2025 - Swimchannel<\/title>\n<meta name=\"robots\" content=\"index, follow, max-snippet:-1, max-image-preview:large, max-video-preview:-1\" \/>\n<link rel=\"canonical\" href=\"https:\/\/swimchannel.net\/br\/10-destaques-do-trofeu-jose-finkel-2025\/\" \/>\n<meta property=\"og:locale\" content=\"pt_BR\" \/>\n<meta property=\"og:type\" content=\"article\" \/>\n<meta property=\"og:title\" content=\"10 destaques do Trof\u00e9u Jos\u00e9 Finkel 2025 - Swimchannel\" \/>\n<meta property=\"og:description\" content=\"Come\u00e7a nesta ter\u00e7a-feira a 53a edi\u00e7\u00e3o do Trof\u00e9u Jos\u00e9 Finkel, Campeonato Brasileiro Absoluto de Inverno, na piscina do Paineiras. Aqui apresentamos 10 destaques da competi\u00e7\u00e3o: &nbsp; 10) Agostina Hein &amp; Malena Santillan, o refor\u00e7o de peso argentino ao Pinheiros Atual tri campe\u00e3o da competi\u00e7\u00e3o e maior vencedor de t\u00edtulos do torneio (18), o Pinheiros foi [&hellip;]\" \/>\n<meta property=\"og:url\" content=\"https:\/\/swimchannel.net\/br\/10-destaques-do-trofeu-jose-finkel-2025\/\" \/>\n<meta property=\"og:site_name\" content=\"Swimchannel\" \/>\n<meta property=\"article:publisher\" content=\"https:\/\/www.facebook.com\/swimchannel\" \/>\n<meta property=\"article:published_time\" content=\"2025-10-27T23:06:18+00:00\" \/>\n<meta property=\"og:image\" content=\"https:\/\/swimchannel.net\/br\/wp-content\/uploads\/2025\/10\/IMG-20251027-WA0022.jpg\" \/>\n\t<meta property=\"og:image:width\" content=\"799\" \/>\n\t<meta property=\"og:image:height\" content=\"533\" \/>\n\t<meta property=\"og:image:type\" content=\"image\/jpeg\" \/>\n<meta name=\"author\" content=\"Alex Pussieldi\" \/>\n<meta name=\"twitter:card\" content=\"summary_large_image\" \/>\n<meta name=\"twitter:label1\" content=\"Escrito por\" \/>\n\t<meta name=\"twitter:data1\" content=\"Alex Pussieldi\" \/>\n\t<meta name=\"twitter:label2\" content=\"Est. tempo de leitura\" \/>\n\t<meta name=\"twitter:data2\" content=\"4 minutos\" \/>\n<script type=\"application\/ld+json\" class=\"yoast-schema-graph\">{\"@context\":\"https:\/\/schema.org\",\"@graph\":[{\"@type\":\"Article\",\"@id\":\"https:\/\/swimchannel.net\/br\/10-destaques-do-trofeu-jose-finkel-2025\/#article\",\"isPartOf\":{\"@id\":\"https:\/\/swimchannel.net\/br\/10-destaques-do-trofeu-jose-finkel-2025\/\"},\"author\":{\"name\":\"Alex Pussieldi\",\"@id\":\"https:\/\/swimchannel.net\/br\/#\/schema\/person\/cf549cb99cf75592fcf7c76213385e63\"},\"headline\":\"10 destaques do Trof\u00e9u Jos\u00e9 Finkel 2025\",\"datePublished\":\"2025-10-27T23:06:18+00:00\",\"mainEntityOfPage\":{\"@id\":\"https:\/\/swimchannel.net\/br\/10-destaques-do-trofeu-jose-finkel-2025\/\"},\"wordCount\":851,\"commentCount\":0,\"publisher\":{\"@id\":\"https:\/\/swimchannel.net\/br\/#organization\"},\"image\":{\"@id\":\"https:\/\/swimchannel.net\/br\/10-destaques-do-trofeu-jose-finkel-2025\/#primaryimage\"},\"thumbnailUrl\":\"https:\/\/swimchannel.net\/br\/wp-content\/uploads\/2025\/10\/IMG-20251027-WA0022.jpg\",\"keywords\":[\"natacao\",\"Trof\u00e9u Jos\u00e9 Finkel\"],\"articleSection\":[\"Nata\u00e7\u00e3o\",\"\u00daltimas Not\u00edcias\"],\"inLanguage\":\"pt-BR\",\"potentialAction\":[{\"@type\":\"CommentAction\",\"name\":\"Comment\",\"target\":[\"https:\/\/swimchannel.net\/br\/10-destaques-do-trofeu-jose-finkel-2025\/#respond\"]}]},{\"@type\":\"WebPage\",\"@id\":\"https:\/\/swimchannel.net\/br\/10-destaques-do-trofeu-jose-finkel-2025\/\",\"url\":\"https:\/\/swimchannel.net\/br\/10-destaques-do-trofeu-jose-finkel-2025\/\",\"name\":\"10 destaques do Trof\u00e9u Jos\u00e9 Finkel 2025 - Swimchannel\",\"isPartOf\":{\"@id\":\"https:\/\/swimchannel.net\/br\/#website\"},\"primaryImageOfPage\":{\"@id\":\"https:\/\/swimchannel.net\/br\/10-destaques-do-trofeu-jose-finkel-2025\/#primaryimage\"},\"image\":{\"@id\":\"https:\/\/swimchannel.net\/br\/10-destaques-do-trofeu-jose-finkel-2025\/#primaryimage\"},\"thumbnailUrl\":\"https:\/\/swimchannel.net\/br\/wp-content\/uploads\/2025\/10\/IMG-20251027-WA0022.jpg\",\"datePublished\":\"2025-10-27T23:06:18+00:00\",\"breadcrumb\":{\"@id\":\"https:\/\/swimchannel.net\/br\/10-destaques-do-trofeu-jose-finkel-2025\/#breadcrumb\"},\"inLanguage\":\"pt-BR\",\"potentialAction\":[{\"@type\":\"ReadAction\",\"target\":[\"https:\/\/swimchannel.net\/br\/10-destaques-do-trofeu-jose-finkel-2025\/\"]}]},{\"@type\":\"ImageObject\",\"inLanguage\":\"pt-BR\",\"@id\":\"https:\/\/swimchannel.net\/br\/10-destaques-do-trofeu-jose-finkel-2025\/#primaryimage\",\"url\":\"https:\/\/swimchannel.net\/br\/wp-content\/uploads\/2025\/10\/IMG-20251027-WA0022.jpg\",\"contentUrl\":\"https:\/\/swimchannel.net\/br\/wp-content\/uploads\/2025\/10\/IMG-20251027-WA0022.jpg\",\"width\":799,\"height\":533},{\"@type\":\"BreadcrumbList\",\"@id\":\"https:\/\/swimchannel.net\/br\/10-destaques-do-trofeu-jose-finkel-2025\/#breadcrumb\",\"itemListElement\":[{\"@type\":\"ListItem\",\"position\":1,\"name\":\"Home\",\"item\":\"https:\/\/swimchannel.net\/br\/\"},{\"@type\":\"ListItem\",\"position\":2,\"name\":\"10 destaques do Trof\u00e9u Jos\u00e9 Finkel 2025\"}]},{\"@type\":\"WebSite\",\"@id\":\"https:\/\/swimchannel.net\/br\/#website\",\"url\":\"https:\/\/swimchannel.net\/br\/\",\"name\":\"Swimchannel\",\"description\":\"Maior portal de nata\u00e7\u00e3o da america latina\",\"publisher\":{\"@id\":\"https:\/\/swimchannel.net\/br\/#organization\"},\"potentialAction\":[{\"@type\":\"SearchAction\",\"target\":{\"@type\":\"EntryPoint\",\"urlTemplate\":\"https:\/\/swimchannel.net\/br\/?s={search_term_string}\"},\"query-input\":{\"@type\":\"PropertyValueSpecification\",\"valueRequired\":true,\"valueName\":\"search_term_string\"}}],\"inLanguage\":\"pt-BR\"},{\"@type\":\"Organization\",\"@id\":\"https:\/\/swimchannel.net\/br\/#organization\",\"name\":\"Swimchannel - Conectando voc\u00ea a Nata\u00e7\u00e3o\",\"url\":\"https:\/\/swimchannel.net\/br\/\",\"logo\":{\"@type\":\"ImageObject\",\"inLanguage\":\"pt-BR\",\"@id\":\"https:\/\/swimchannel.net\/br\/#\/schema\/logo\/image\/\",\"url\":\"https:\/\/swimchannel.net\/br\/wp-content\/uploads\/2026\/02\/SWIM-CHANNEL.png\",\"contentUrl\":\"https:\/\/swimchannel.net\/br\/wp-content\/uploads\/2026\/02\/SWIM-CHANNEL.png\",\"width\":1120,\"height\":630,\"caption\":\"Swimchannel - Conectando voc\u00ea a Nata\u00e7\u00e3o\"},\"image\":{\"@id\":\"https:\/\/swimchannel.net\/br\/#\/schema\/logo\/image\/\"},\"sameAs\":[\"https:\/\/www.facebook.com\/swimchannel\",\"https:\/\/www.instagram.com\/swimchannel\"]},{\"@type\":\"Person\",\"@id\":\"https:\/\/swimchannel.net\/br\/#\/schema\/person\/cf549cb99cf75592fcf7c76213385e63\",\"name\":\"Alex Pussieldi\",\"image\":{\"@type\":\"ImageObject\",\"inLanguage\":\"pt-BR\",\"@id\":\"https:\/\/swimchannel.net\/br\/#\/schema\/person\/image\/\",\"url\":\"https:\/\/swimchannel.net\/br\/wp-content\/uploads\/2021\/02\/9b1c252d-a4bd-4eda-b399-24565cac4114-100x100.jpg\",\"contentUrl\":\"https:\/\/swimchannel.net\/br\/wp-content\/uploads\/2021\/02\/9b1c252d-a4bd-4eda-b399-24565cac4114-100x100.jpg\",\"caption\":\"Alex Pussieldi\"},\"description\":\"Alexandre Pussieldi, apelidado de \u201ccoach\u201d, Foi t\u00e9cnico da sele\u00e7\u00e3o verde e amarela nas Olimp\u00edadas de Pequim-2008 e Londres-2012. O treinador ainda comandou outros quatro pa\u00edses: Kuwait, Paraguai, Aruba e Antilhas Holandesas, al\u00e9m da sele\u00e7\u00e3o americana de \u00e1guas abertas. Pussieldi tem passagens como comentarista de nata\u00e7\u00e3o do Grupo Globo e Swim Channel.\",\"url\":\"https:\/\/swimchannel.net\/br\/author\/alexpussieldi\/\"}]}<\/script>\n<!-- \/ Yoast SEO plugin. -->","yoast_head_json":{"title":"10 destaques do Trof\u00e9u Jos\u00e9 Finkel 2025 - Swimchannel","robots":{"index":"index","follow":"follow","max-snippet":"max-snippet:-1","max-image-preview":"max-image-preview:large","max-video-preview":"max-video-preview:-1"},"canonical":"https:\/\/swimchannel.net\/br\/10-destaques-do-trofeu-jose-finkel-2025\/","og_locale":"pt_BR","og_type":"article","og_title":"10 destaques do Trof\u00e9u Jos\u00e9 Finkel 2025 - Swimchannel","og_description":"Come\u00e7a nesta ter\u00e7a-feira a 53a edi\u00e7\u00e3o do Trof\u00e9u Jos\u00e9 Finkel, Campeonato Brasileiro Absoluto de Inverno, na piscina do Paineiras. Aqui apresentamos 10 destaques da competi\u00e7\u00e3o: &nbsp; 10) Agostina Hein &amp; Malena Santillan, o refor\u00e7o de peso argentino ao Pinheiros Atual tri campe\u00e3o da competi\u00e7\u00e3o e maior vencedor de t\u00edtulos do torneio (18), o Pinheiros foi [&hellip;]","og_url":"https:\/\/swimchannel.net\/br\/10-destaques-do-trofeu-jose-finkel-2025\/","og_site_name":"Swimchannel","article_publisher":"https:\/\/www.facebook.com\/swimchannel","article_published_time":"2025-10-27T23:06:18+00:00","og_image":[{"width":799,"height":533,"url":"https:\/\/swimchannel.net\/br\/wp-content\/uploads\/2025\/10\/IMG-20251027-WA0022.jpg","type":"image\/jpeg"}],"author":"Alex Pussieldi","twitter_card":"summary_large_image","twitter_misc":{"Escrito por":"Alex Pussieldi","Est. tempo de leitura":"4 minutos"},"schema":{"@context":"https:\/\/schema.org","@graph":[{"@type":"Article","@id":"https:\/\/swimchannel.net\/br\/10-destaques-do-trofeu-jose-finkel-2025\/#article","isPartOf":{"@id":"https:\/\/swimchannel.net\/br\/10-destaques-do-trofeu-jose-finkel-2025\/"},"author":{"name":"Alex Pussieldi","@id":"https:\/\/swimchannel.net\/br\/#\/schema\/person\/cf549cb99cf75592fcf7c76213385e63"},"headline":"10 destaques do Trof\u00e9u Jos\u00e9 Finkel 2025","datePublished":"2025-10-27T23:06:18+00:00","mainEntityOfPage":{"@id":"https:\/\/swimchannel.net\/br\/10-destaques-do-trofeu-jose-finkel-2025\/"},"wordCount":851,"commentCount":0,"publisher":{"@id":"https:\/\/swimchannel.net\/br\/#organization"},"image":{"@id":"https:\/\/swimchannel.net\/br\/10-destaques-do-trofeu-jose-finkel-2025\/#primaryimage"},"thumbnailUrl":"https:\/\/swimchannel.net\/br\/wp-content\/uploads\/2025\/10\/IMG-20251027-WA0022.jpg","keywords":["natacao","Trof\u00e9u Jos\u00e9 Finkel"],"articleSection":["Nata\u00e7\u00e3o","\u00daltimas Not\u00edcias"],"inLanguage":"pt-BR","potentialAction":[{"@type":"CommentAction","name":"Comment","target":["https:\/\/swimchannel.net\/br\/10-destaques-do-trofeu-jose-finkel-2025\/#respond"]}]},{"@type":"WebPage","@id":"https:\/\/swimchannel.net\/br\/10-destaques-do-trofeu-jose-finkel-2025\/","url":"https:\/\/swimchannel.net\/br\/10-destaques-do-trofeu-jose-finkel-2025\/","name":"10 destaques do Trof\u00e9u Jos\u00e9 Finkel 2025 - Swimchannel","isPartOf":{"@id":"https:\/\/swimchannel.net\/br\/#website"},"primaryImageOfPage":{"@id":"https:\/\/swimchannel.net\/br\/10-destaques-do-trofeu-jose-finkel-2025\/#primaryimage"},"image":{"@id":"https:\/\/swimchannel.net\/br\/10-destaques-do-trofeu-jose-finkel-2025\/#primaryimage"},"thumbnailUrl":"https:\/\/swimchannel.net\/br\/wp-content\/uploads\/2025\/10\/IMG-20251027-WA0022.jpg","datePublished":"2025-10-27T23:06:18+00:00","breadcrumb":{"@id":"https:\/\/swimchannel.net\/br\/10-destaques-do-trofeu-jose-finkel-2025\/#breadcrumb"},"inLanguage":"pt-BR","potentialAction":[{"@type":"ReadAction","target":["https:\/\/swimchannel.net\/br\/10-destaques-do-trofeu-jose-finkel-2025\/"]}]},{"@type":"ImageObject","inLanguage":"pt-BR","@id":"https:\/\/swimchannel.net\/br\/10-destaques-do-trofeu-jose-finkel-2025\/#primaryimage","url":"https:\/\/swimchannel.net\/br\/wp-content\/uploads\/2025\/10\/IMG-20251027-WA0022.jpg","contentUrl":"https:\/\/swimchannel.net\/br\/wp-content\/uploads\/2025\/10\/IMG-20251027-WA0022.jpg","width":799,"height":533},{"@type":"BreadcrumbList","@id":"https:\/\/swimchannel.net\/br\/10-destaques-do-trofeu-jose-finkel-2025\/#breadcrumb","itemListElement":[{"@type":"ListItem","position":1,"name":"Home","item":"https:\/\/swimchannel.net\/br\/"},{"@type":"ListItem","position":2,"name":"10 destaques do Trof\u00e9u Jos\u00e9 Finkel 2025"}]},{"@type":"WebSite","@id":"https:\/\/swimchannel.net\/br\/#website","url":"https:\/\/swimchannel.net\/br\/","name":"Swimchannel","description":"Maior portal de nata\u00e7\u00e3o da america latina","publisher":{"@id":"https:\/\/swimchannel.net\/br\/#organization"},"potentialAction":[{"@type":"SearchAction","target":{"@type":"EntryPoint","urlTemplate":"https:\/\/swimchannel.net\/br\/?s={search_term_string}"},"query-input":{"@type":"PropertyValueSpecification","valueRequired":true,"valueName":"search_term_string"}}],"inLanguage":"pt-BR"},{"@type":"Organization","@id":"https:\/\/swimchannel.net\/br\/#organization","name":"Swimchannel - Conectando voc\u00ea a Nata\u00e7\u00e3o","url":"https:\/\/swimchannel.net\/br\/","logo":{"@type":"ImageObject","inLanguage":"pt-BR","@id":"https:\/\/swimchannel.net\/br\/#\/schema\/logo\/image\/","url":"https:\/\/swimchannel.net\/br\/wp-content\/uploads\/2026\/02\/SWIM-CHANNEL.png","contentUrl":"https:\/\/swimchannel.net\/br\/wp-content\/uploads\/2026\/02\/SWIM-CHANNEL.png","width":1120,"height":630,"caption":"Swimchannel - Conectando voc\u00ea a Nata\u00e7\u00e3o"},"image":{"@id":"https:\/\/swimchannel.net\/br\/#\/schema\/logo\/image\/"},"sameAs":["https:\/\/www.facebook.com\/swimchannel","https:\/\/www.instagram.com\/swimchannel"]},{"@type":"Person","@id":"https:\/\/swimchannel.net\/br\/#\/schema\/person\/cf549cb99cf75592fcf7c76213385e63","name":"Alex Pussieldi","image":{"@type":"ImageObject","inLanguage":"pt-BR","@id":"https:\/\/swimchannel.net\/br\/#\/schema\/person\/image\/","url":"https:\/\/swimchannel.net\/br\/wp-content\/uploads\/2021\/02\/9b1c252d-a4bd-4eda-b399-24565cac4114-100x100.jpg","contentUrl":"https:\/\/swimchannel.net\/br\/wp-content\/uploads\/2021\/02\/9b1c252d-a4bd-4eda-b399-24565cac4114-100x100.jpg","caption":"Alex Pussieldi"},"description":"Alexandre Pussieldi, apelidado de \u201ccoach\u201d, Foi t\u00e9cnico da sele\u00e7\u00e3o verde e amarela nas Olimp\u00edadas de Pequim-2008 e Londres-2012. O treinador ainda comandou outros quatro pa\u00edses: Kuwait, Paraguai, Aruba e Antilhas Holandesas, al\u00e9m da sele\u00e7\u00e3o americana de \u00e1guas abertas. Pussieldi tem passagens como comentarista de nata\u00e7\u00e3o do Grupo Globo e Swim Channel.","url":"https:\/\/swimchannel.net\/br\/author\/alexpussieldi\/"}]}},"_links":{"self":[{"href":"https:\/\/swimchannel.net\/br\/wp-json\/wp\/v2\/posts\/76768","targetHints":{"allow":["GET"]}}],"collection":[{"href":"https:\/\/swimchannel.net\/br\/wp-json\/wp\/v2\/posts"}],"about":[{"href":"https:\/\/swimchannel.net\/br\/wp-json\/wp\/v2\/types\/post"}],"author":[{"embeddable":true,"href":"https:\/\/swimchannel.net\/br\/wp-json\/wp\/v2\/users\/12"}],"replies":[{"embeddable":true,"href":"https:\/\/swimchannel.net\/br\/wp-json\/wp\/v2\/comments?post=76768"}],"version-history":[{"count":1,"href":"https:\/\/swimchannel.net\/br\/wp-json\/wp\/v2\/posts\/76768\/revisions"}],"predecessor-version":[{"id":76770,"href":"https:\/\/swimchannel.net\/br\/wp-json\/wp\/v2\/posts\/76768\/revisions\/76770"}],"wp:featuredmedia":[{"embeddable":true,"href":"https:\/\/swimchannel.net\/br\/wp-json\/wp\/v2\/media\/76769"}],"wp:attachment":[{"href":"https:\/\/swimchannel.net\/br\/wp-json\/wp\/v2\/media?parent=76768"}],"wp:term":[{"taxonomy":"category","embeddable":true,"href":"https:\/\/swimchannel.net\/br\/wp-json\/wp\/v2\/categories?post=76768"},{"taxonomy":"post_tag","embeddable":true,"href":"https:\/\/swimchannel.net\/br\/wp-json\/wp\/v2\/tags?post=76768"}],"curies":[{"name":"wp","href":"https:\/\/api.w.org\/{rel}","templated":true}]}}